{"id":70975,"date":"2025-07-27T11:25:00","date_gmt":"2025-07-27T10:25:00","guid":{"rendered":"https:\/\/lasentinelle.dz\/?p=70975"},"modified":"2025-07-27T12:26:35","modified_gmt":"2025-07-27T11:26:35","slug":"plus-de-18-kg-de-cocaine-saisis-un-reseau-criminel-operant-depuis-le-maroc-demantele-a-oran","status":"publish","type":"post","link":"https:\/\/lasentinelle.dz\/index.php\/2025\/07\/27\/plus-de-18-kg-de-cocaine-saisis-un-reseau-criminel-operant-depuis-le-maroc-demantele-a-oran\/","title":{"rendered":"Plus de 18 kg de coca\u00efne\u00a0saisis\u00a0: Un r\u00e9seau criminel op\u00e9rant depuis le Maroc\u00a0d\u00e9mantel\u00e9 \u00e0 Oran"},"content":{"rendered":"\n<p>Les services de s\u00e9curit\u00e9 d&rsquo;Oran ont port\u00e9 un coup s\u00e9v\u00e8re au trafic international de drogue en d\u00e9mant\u00e9lant un r\u00e9seau criminel transfrontalier et en saisissant plus de 18 kilogrammes de coca\u00efne. Selon un communiqu\u00e9 de la Direction g\u00e9n\u00e9rale de la s\u00fbret\u00e9 nationale publi\u00e9 ce samedi, cette op\u00e9ration d&rsquo;envergure s&rsquo;inscrit dans le cadre de la lutte continue contre le crime organis\u00e9 sous toutes ses formes. Le service r\u00e9gional de lutte contre le crime organis\u00e9 d&rsquo;Oran a men\u00e9 \u00ab des enqu\u00eates et recherches de terrain minutieuses \u00bb qui ont permis de d\u00e9jouer \u00ab un plan criminel d&rsquo;un r\u00e9seau organis\u00e9 transfrontalier consistant \u00e0 faire passer une cargaison de coca\u00efne sur le territoire national \u00bb. Les investigations ont conduit \u00e0 l&rsquo;identification et \u00e0 l&rsquo;arrestation de deux premiers suspects dans la wilaya d&rsquo;Oran, dont \u00ab l&rsquo;un d&rsquo;eux \u00e9tant recherch\u00e9 par la justice et usurpant une fausse identit\u00e9 lors de ses d\u00e9placements \u00bb. La perquisition d&rsquo;un domicile oranais exploit\u00e9 par les mis en cause a r\u00e9v\u00e9l\u00e9 la cache principale du r\u00e9seau, permettant la saisie de \u00ab 18,048 kg \u00bb de coca\u00efne et l&rsquo;arrestation des \u00ab cinq autres membres du r\u00e9seau criminel \u00bb. Au-del\u00e0 des stup\u00e9fiants, cette op\u00e9ration a permis de d\u00e9manteler l&rsquo;infrastructure financi\u00e8re et logistique du groupe. Les enqu\u00eateurs ont r\u00e9cup\u00e9r\u00e9 \u00ab une somme en monnaie nationale estim\u00e9e \u00e0 plus de cinq milliards 318 millions de centimes \u00bb ainsi qu&rsquo;\u00ab une somme en devise \u00e9trang\u00e8re estim\u00e9e \u00e0 37 770 euros provenant des revenus criminels \u00bb. Le mat\u00e9riel saisi comprend \u00e9galement \u00ab quatre v\u00e9hicules de diff\u00e9rents types utilis\u00e9s dans l&rsquo;ex\u00e9cution des actes criminels, un jet ski et une motocyclette \u00bb, r\u00e9v\u00e9lant la sophistication des moyens employ\u00e9s par ce r\u00e9seau international. L&rsquo;arsenal d\u00e9couvert incluait \u00ab deux fusils de chasse et 113 cartouches de calibre 12 mm \u00bb, t\u00e9moignant du caract\u00e8re dangereux de cette organisation criminelle. Les sept suspects ont \u00e9t\u00e9 \u00ab pr\u00e9sent\u00e9s devant le procureur de la R\u00e9publique pr\u00e8s le p\u00f4le p\u00e9nal sp\u00e9cialis\u00e9 d&rsquo;Oran \u00bb pour r\u00e9pondre de leurs actes. Cette op\u00e9ration confirme la capacit\u00e9 des forces de s\u00e9curit\u00e9 \u00e0 neutraliser les r\u00e9seaux criminels transfrontaliers&nbsp;et faire barrage aux tentatives marocaines d\u2019inonder le march\u00e9 par ses poisons.<\/p>\n\n\n\n<p>R.N.<\/p>\n","protected":false},"excerpt":{"rendered":"<p>Les services de s\u00e9curit\u00e9 d&rsquo;Oran ont port\u00e9 un coup s\u00e9v\u00e8re au trafic international de drogue en d\u00e9mant\u00e9lant un r\u00e9seau criminel<\/p>\n","protected":false},"author":6,"featured_media":25565,"comment_status":"open","ping_status":"closed","sticky":false,"template":"","format":"standard","meta":{"colormag_page_container_layout":"default_layout","colormag_page_sidebar_layout":"default_layout","om_disable_all_campaigns":false,"_monsterinsights_skip_tracking":false,"_monsterinsights_sitenote_active":false,"_monsterinsights_sitenote_note":"","_monsterinsights_sitenote_category":0,"footnotes":"","_wpscppro_dont_share_socialmedia":false,"_wpscppro_custom_social_share_image":0,"_facebook_share_type":"default","_twitter_share_type":"default","_linkedin_share_type":"default","_pinterest_share_type":"default","_linkedin_share_type_page":"","_instagram_share_type":"default","_medium_share_type":"default","_threads_share_type":"","_google_business_share_type":"","_selected_social_profile":[],"_wpsp_enable_custom_social_template":false,"_wpsp_social_scheduling":{"enabled":false,"datetime":null,"platforms":[],"status":"template_only","dateOption":"today","timeOption":"now","customDays":"","customHours":"","customDate":"","customTime":"","schedulingType":"absolute"},"_wpsp_active_default_template":true},"categories":[27],"tags":[],"class_list":["post-70975","post","type-post","status-publish","format-standard","has-post-thumbnail","hentry","category-actualite"],"aioseo_notices":[],"yoast_head":"<!-- This site is optimized with the Yoast SEO plugin v27.5 - https:\/\/yoast.com\/product\/yoast-seo-wordpress\/ -->\n<title>Plus de 18 kg de coca\u00efne\u00a0saisis\u00a0: Un r\u00e9seau criminel op\u00e9rant depuis le Maroc\u00a0d\u00e9mantel\u00e9 \u00e0 Oran - La Sentinelle<\/title>\n<meta name=\"robots\" content=\"index, follow, max-snippet:-1, max-image-preview:large, max-video-preview:-1\" \/>\n<link rel=\"canonical\" href=\"https:\/\/lasentinelle.dz\/index.php\/2025\/07\/27\/plus-de-18-kg-de-cocaine-saisis-un-reseau-criminel-operant-depuis-le-maroc-demantele-a-oran\/\" \/>\n<meta property=\"og:locale\" content=\"fr_FR\" \/>\n<meta property=\"og:type\" content=\"article\" \/>\n<meta property=\"og:title\" content=\"Plus de 18 kg de coca\u00efne\u00a0saisis\u00a0: Un r\u00e9seau criminel op\u00e9rant depuis le Maroc\u00a0d\u00e9mantel\u00e9 \u00e0 Oran - La Sentinelle\" \/>\n<meta property=\"og:description\" content=\"Les services de s\u00e9curit\u00e9 d&rsquo;Oran ont port\u00e9 un coup s\u00e9v\u00e8re au trafic international de drogue en d\u00e9mant\u00e9lant un r\u00e9seau criminel\" \/>\n<meta property=\"og:url\" content=\"https:\/\/lasentinelle.dz\/index.php\/2025\/07\/27\/plus-de-18-kg-de-cocaine-saisis-un-reseau-criminel-operant-depuis-le-maroc-demantele-a-oran\/\" \/>\n<meta property=\"og:site_name\" content=\"La Sentinelle\" \/>\n<meta property=\"article:publisher\" content=\"https:\/\/www.facebook.com\/La-Sentinelle-104059864394773\" \/>\n<meta property=\"article:published_time\" content=\"2025-07-27T10:25:00+00:00\" \/>\n<meta property=\"article:modified_time\" content=\"2025-07-27T11:26:35+00:00\" \/>\n<meta property=\"og:image\" content=\"https:\/\/lasentinelle.dz\/wp-content\/uploads\/2022\/08\/cocaine-2.jpg\" \/>\n\t<meta property=\"og:image:width\" content=\"480\" \/>\n\t<meta property=\"og:image:height\" content=\"382\" \/>\n\t<meta property=\"og:image:type\" content=\"image\/jpeg\" \/>\n<meta name=\"author\" content=\"admin\" \/>\n<meta name=\"twitter:card\" content=\"summary_large_image\" \/>\n<meta name=\"twitter:label1\" content=\"\u00c9crit par\" \/>\n\t<meta name=\"twitter:data1\" content=\"admin\" \/>\n\t<meta name=\"twitter:label2\" content=\"Dur\u00e9e de lecture estim\u00e9e\" \/>\n\t<meta name=\"twitter:data2\" content=\"2 minutes\" \/>\n<script type=\"application\/ld+json\" class=\"yoast-schema-graph\">{\"@context\":\"https:\\\/\\\/schema.org\",\"@graph\":[{\"@type\":\"Article\",\"@id\":\"https:\\\/\\\/lasentinelle.dz\\\/index.php\\\/2025\\\/07\\\/27\\\/plus-de-18-kg-de-cocaine-saisis-un-reseau-criminel-operant-depuis-le-maroc-demantele-a-oran\\\/#article\",\"isPartOf\":{\"@id\":\"https:\\\/\\\/lasentinelle.dz\\\/index.php\\\/2025\\\/07\\\/27\\\/plus-de-18-kg-de-cocaine-saisis-un-reseau-criminel-operant-depuis-le-maroc-demantele-a-oran\\\/\"},\"author\":{\"name\":\"admin\",\"@id\":\"https:\\\/\\\/lasentinelle.dz\\\/#\\\/schema\\\/person\\\/729ee0024f24e0b8c5ec17232f8e8b41\"},\"headline\":\"Plus de 18 kg de coca\u00efne\u00a0saisis\u00a0: Un r\u00e9seau criminel op\u00e9rant depuis le Maroc\u00a0d\u00e9mantel\u00e9 \u00e0 Oran\",\"datePublished\":\"2025-07-27T10:25:00+00:00\",\"dateModified\":\"2025-07-27T11:26:35+00:00\",\"mainEntityOfPage\":{\"@id\":\"https:\\\/\\\/lasentinelle.dz\\\/index.php\\\/2025\\\/07\\\/27\\\/plus-de-18-kg-de-cocaine-saisis-un-reseau-criminel-operant-depuis-le-maroc-demantele-a-oran\\\/\"},\"wordCount\":410,\"commentCount\":0,\"publisher\":{\"@id\":\"https:\\\/\\\/lasentinelle.dz\\\/#organization\"},\"image\":{\"@id\":\"https:\\\/\\\/lasentinelle.dz\\\/index.php\\\/2025\\\/07\\\/27\\\/plus-de-18-kg-de-cocaine-saisis-un-reseau-criminel-operant-depuis-le-maroc-demantele-a-oran\\\/#primaryimage\"},\"thumbnailUrl\":\"https:\\\/\\\/lasentinelle.dz\\\/wp-content\\\/uploads\\\/2022\\\/08\\\/cocaine-2.jpg\",\"articleSection\":[\"Actualit\u00e9\"],\"inLanguage\":\"fr-FR\",\"potentialAction\":[{\"@type\":\"CommentAction\",\"name\":\"Comment\",\"target\":[\"https:\\\/\\\/lasentinelle.dz\\\/index.php\\\/2025\\\/07\\\/27\\\/plus-de-18-kg-de-cocaine-saisis-un-reseau-criminel-operant-depuis-le-maroc-demantele-a-oran\\\/#respond\"]}]},{\"@type\":\"WebPage\",\"@id\":\"https:\\\/\\\/lasentinelle.dz\\\/index.php\\\/2025\\\/07\\\/27\\\/plus-de-18-kg-de-cocaine-saisis-un-reseau-criminel-operant-depuis-le-maroc-demantele-a-oran\\\/\",\"url\":\"https:\\\/\\\/lasentinelle.dz\\\/index.php\\\/2025\\\/07\\\/27\\\/plus-de-18-kg-de-cocaine-saisis-un-reseau-criminel-operant-depuis-le-maroc-demantele-a-oran\\\/\",\"name\":\"Plus de 18 kg de coca\u00efne\u00a0saisis\u00a0: Un r\u00e9seau criminel op\u00e9rant depuis le Maroc\u00a0d\u00e9mantel\u00e9 \u00e0 Oran - La Sentinelle\",\"isPartOf\":{\"@id\":\"https:\\\/\\\/lasentinelle.dz\\\/#website\"},\"primaryImageOfPage\":{\"@id\":\"https:\\\/\\\/lasentinelle.dz\\\/index.php\\\/2025\\\/07\\\/27\\\/plus-de-18-kg-de-cocaine-saisis-un-reseau-criminel-operant-depuis-le-maroc-demantele-a-oran\\\/#primaryimage\"},\"image\":{\"@id\":\"https:\\\/\\\/lasentinelle.dz\\\/index.php\\\/2025\\\/07\\\/27\\\/plus-de-18-kg-de-cocaine-saisis-un-reseau-criminel-operant-depuis-le-maroc-demantele-a-oran\\\/#primaryimage\"},\"thumbnailUrl\":\"https:\\\/\\\/lasentinelle.dz\\\/wp-content\\\/uploads\\\/2022\\\/08\\\/cocaine-2.jpg\",\"datePublished\":\"2025-07-27T10:25:00+00:00\",\"dateModified\":\"2025-07-27T11:26:35+00:00\",\"breadcrumb\":{\"@id\":\"https:\\\/\\\/lasentinelle.dz\\\/index.php\\\/2025\\\/07\\\/27\\\/plus-de-18-kg-de-cocaine-saisis-un-reseau-criminel-operant-depuis-le-maroc-demantele-a-oran\\\/#breadcrumb\"},\"inLanguage\":\"fr-FR\",\"potentialAction\":[{\"@type\":\"ReadAction\",\"target\":[\"https:\\\/\\\/lasentinelle.dz\\\/index.php\\\/2025\\\/07\\\/27\\\/plus-de-18-kg-de-cocaine-saisis-un-reseau-criminel-operant-depuis-le-maroc-demantele-a-oran\\\/\"]}]},{\"@type\":\"ImageObject\",\"inLanguage\":\"fr-FR\",\"@id\":\"https:\\\/\\\/lasentinelle.dz\\\/index.php\\\/2025\\\/07\\\/27\\\/plus-de-18-kg-de-cocaine-saisis-un-reseau-criminel-operant-depuis-le-maroc-demantele-a-oran\\\/#primaryimage\",\"url\":\"https:\\\/\\\/lasentinelle.dz\\\/wp-content\\\/uploads\\\/2022\\\/08\\\/cocaine-2.jpg\",\"contentUrl\":\"https:\\\/\\\/lasentinelle.dz\\\/wp-content\\\/uploads\\\/2022\\\/08\\\/cocaine-2.jpg\",\"width\":480,\"height\":382},{\"@type\":\"BreadcrumbList\",\"@id\":\"https:\\\/\\\/lasentinelle.dz\\\/index.php\\\/2025\\\/07\\\/27\\\/plus-de-18-kg-de-cocaine-saisis-un-reseau-criminel-operant-depuis-le-maroc-demantele-a-oran\\\/#breadcrumb\",\"itemListElement\":[{\"@type\":\"ListItem\",\"position\":1,\"name\":\"Accueil\",\"item\":\"https:\\\/\\\/lasentinelle.dz\\\/\"},{\"@type\":\"ListItem\",\"position\":2,\"name\":\"Plus de 18 kg de coca\u00efne\u00a0saisis\u00a0: Un r\u00e9seau criminel op\u00e9rant depuis le Maroc\u00a0d\u00e9mantel\u00e9 \u00e0 Oran\"}]},{\"@type\":\"WebSite\",\"@id\":\"https:\\\/\\\/lasentinelle.dz\\\/#website\",\"url\":\"https:\\\/\\\/lasentinelle.dz\\\/\",\"name\":\"La Sentinelle\",\"description\":\"Quotidien national d&#039;information\",\"publisher\":{\"@id\":\"https:\\\/\\\/lasentinelle.dz\\\/#organization\"},\"potentialAction\":[{\"@type\":\"SearchAction\",\"target\":{\"@type\":\"EntryPoint\",\"urlTemplate\":\"https:\\\/\\\/lasentinelle.dz\\\/?s={search_term_string}\"},\"query-input\":{\"@type\":\"PropertyValueSpecification\",\"valueRequired\":true,\"valueName\":\"search_term_string\"}}],\"inLanguage\":\"fr-FR\"},{\"@type\":\"Organization\",\"@id\":\"https:\\\/\\\/lasentinelle.dz\\\/#organization\",\"name\":\"Quotidien La Sentinelle\",\"url\":\"https:\\\/\\\/lasentinelle.dz\\\/\",\"logo\":{\"@type\":\"ImageObject\",\"inLanguage\":\"fr-FR\",\"@id\":\"https:\\\/\\\/lasentinelle.dz\\\/#\\\/schema\\\/logo\\\/image\\\/\",\"url\":\"https:\\\/\\\/lasentinelle.dz\\\/wp-content\\\/uploads\\\/2021\\\/09\\\/logo-sentinelleSLOGAN-1.png\",\"contentUrl\":\"https:\\\/\\\/lasentinelle.dz\\\/wp-content\\\/uploads\\\/2021\\\/09\\\/logo-sentinelleSLOGAN-1.png\",\"width\":615,\"height\":142,\"caption\":\"Quotidien La Sentinelle\"},\"image\":{\"@id\":\"https:\\\/\\\/lasentinelle.dz\\\/#\\\/schema\\\/logo\\\/image\\\/\"},\"sameAs\":[\"https:\\\/\\\/www.facebook.com\\\/La-Sentinelle-104059864394773\"]},{\"@type\":\"Person\",\"@id\":\"https:\\\/\\\/lasentinelle.dz\\\/#\\\/schema\\\/person\\\/729ee0024f24e0b8c5ec17232f8e8b41\",\"name\":\"admin\",\"image\":{\"@type\":\"ImageObject\",\"inLanguage\":\"fr-FR\",\"@id\":\"https:\\\/\\\/secure.gravatar.com\\\/avatar\\\/4c81fed838786e9b53f540bf46533e750f5d292099ae3b66cfc6fb1982e29df7?s=96&d=mm&r=g\",\"url\":\"https:\\\/\\\/secure.gravatar.com\\\/avatar\\\/4c81fed838786e9b53f540bf46533e750f5d292099ae3b66cfc6fb1982e29df7?s=96&d=mm&r=g\",\"contentUrl\":\"https:\\\/\\\/secure.gravatar.com\\\/avatar\\\/4c81fed838786e9b53f540bf46533e750f5d292099ae3b66cfc6fb1982e29df7?s=96&d=mm&r=g\",\"caption\":\"admin\"},\"description\":\"admin\",\"url\":\"https:\\\/\\\/lasentinelle.dz\\\/author\\\/admin\\\/\"}]}<\/script>\n<!-- \/ Yoast SEO plugin. -->","yoast_head_json":{"title":"Plus de 18 kg de coca\u00efne\u00a0saisis\u00a0: Un r\u00e9seau criminel op\u00e9rant depuis le Maroc\u00a0d\u00e9mantel\u00e9 \u00e0 Oran - La Sentinelle","robots":{"index":"index","follow":"follow","max-snippet":"max-snippet:-1","max-image-preview":"max-image-preview:large","max-video-preview":"max-video-preview:-1"},"canonical":"https:\/\/lasentinelle.dz\/index.php\/2025\/07\/27\/plus-de-18-kg-de-cocaine-saisis-un-reseau-criminel-operant-depuis-le-maroc-demantele-a-oran\/","og_locale":"fr_FR","og_type":"article","og_title":"Plus de 18 kg de coca\u00efne\u00a0saisis\u00a0: Un r\u00e9seau criminel op\u00e9rant depuis le Maroc\u00a0d\u00e9mantel\u00e9 \u00e0 Oran - La Sentinelle","og_description":"Les services de s\u00e9curit\u00e9 d&rsquo;Oran ont port\u00e9 un coup s\u00e9v\u00e8re au trafic international de drogue en d\u00e9mant\u00e9lant un r\u00e9seau criminel","og_url":"https:\/\/lasentinelle.dz\/index.php\/2025\/07\/27\/plus-de-18-kg-de-cocaine-saisis-un-reseau-criminel-operant-depuis-le-maroc-demantele-a-oran\/","og_site_name":"La Sentinelle","article_publisher":"https:\/\/www.facebook.com\/La-Sentinelle-104059864394773","article_published_time":"2025-07-27T10:25:00+00:00","article_modified_time":"2025-07-27T11:26:35+00:00","og_image":[{"width":480,"height":382,"url":"https:\/\/lasentinelle.dz\/wp-content\/uploads\/2022\/08\/cocaine-2.jpg","type":"image\/jpeg"}],"author":"admin","twitter_card":"summary_large_image","twitter_misc":{"\u00c9crit par":"admin","Dur\u00e9e de lecture estim\u00e9e":"2 minutes"},"schema":{"@context":"https:\/\/schema.org","@graph":[{"@type":"Article","@id":"https:\/\/lasentinelle.dz\/index.php\/2025\/07\/27\/plus-de-18-kg-de-cocaine-saisis-un-reseau-criminel-operant-depuis-le-maroc-demantele-a-oran\/#article","isPartOf":{"@id":"https:\/\/lasentinelle.dz\/index.php\/2025\/07\/27\/plus-de-18-kg-de-cocaine-saisis-un-reseau-criminel-operant-depuis-le-maroc-demantele-a-oran\/"},"author":{"name":"admin","@id":"https:\/\/lasentinelle.dz\/#\/schema\/person\/729ee0024f24e0b8c5ec17232f8e8b41"},"headline":"Plus de 18 kg de coca\u00efne\u00a0saisis\u00a0: Un r\u00e9seau criminel op\u00e9rant depuis le Maroc\u00a0d\u00e9mantel\u00e9 \u00e0 Oran","datePublished":"2025-07-27T10:25:00+00:00","dateModified":"2025-07-27T11:26:35+00:00","mainEntityOfPage":{"@id":"https:\/\/lasentinelle.dz\/index.php\/2025\/07\/27\/plus-de-18-kg-de-cocaine-saisis-un-reseau-criminel-operant-depuis-le-maroc-demantele-a-oran\/"},"wordCount":410,"commentCount":0,"publisher":{"@id":"https:\/\/lasentinelle.dz\/#organization"},"image":{"@id":"https:\/\/lasentinelle.dz\/index.php\/2025\/07\/27\/plus-de-18-kg-de-cocaine-saisis-un-reseau-criminel-operant-depuis-le-maroc-demantele-a-oran\/#primaryimage"},"thumbnailUrl":"https:\/\/lasentinelle.dz\/wp-content\/uploads\/2022\/08\/cocaine-2.jpg","articleSection":["Actualit\u00e9"],"inLanguage":"fr-FR","potentialAction":[{"@type":"CommentAction","name":"Comment","target":["https:\/\/lasentinelle.dz\/index.php\/2025\/07\/27\/plus-de-18-kg-de-cocaine-saisis-un-reseau-criminel-operant-depuis-le-maroc-demantele-a-oran\/#respond"]}]},{"@type":"WebPage","@id":"https:\/\/lasentinelle.dz\/index.php\/2025\/07\/27\/plus-de-18-kg-de-cocaine-saisis-un-reseau-criminel-operant-depuis-le-maroc-demantele-a-oran\/","url":"https:\/\/lasentinelle.dz\/index.php\/2025\/07\/27\/plus-de-18-kg-de-cocaine-saisis-un-reseau-criminel-operant-depuis-le-maroc-demantele-a-oran\/","name":"Plus de 18 kg de coca\u00efne\u00a0saisis\u00a0: Un r\u00e9seau criminel op\u00e9rant depuis le Maroc\u00a0d\u00e9mantel\u00e9 \u00e0 Oran - La Sentinelle","isPartOf":{"@id":"https:\/\/lasentinelle.dz\/#website"},"primaryImageOfPage":{"@id":"https:\/\/lasentinelle.dz\/index.php\/2025\/07\/27\/plus-de-18-kg-de-cocaine-saisis-un-reseau-criminel-operant-depuis-le-maroc-demantele-a-oran\/#primaryimage"},"image":{"@id":"https:\/\/lasentinelle.dz\/index.php\/2025\/07\/27\/plus-de-18-kg-de-cocaine-saisis-un-reseau-criminel-operant-depuis-le-maroc-demantele-a-oran\/#primaryimage"},"thumbnailUrl":"https:\/\/lasentinelle.dz\/wp-content\/uploads\/2022\/08\/cocaine-2.jpg","datePublished":"2025-07-27T10:25:00+00:00","dateModified":"2025-07-27T11:26:35+00:00","breadcrumb":{"@id":"https:\/\/lasentinelle.dz\/index.php\/2025\/07\/27\/plus-de-18-kg-de-cocaine-saisis-un-reseau-criminel-operant-depuis-le-maroc-demantele-a-oran\/#breadcrumb"},"inLanguage":"fr-FR","potentialAction":[{"@type":"ReadAction","target":["https:\/\/lasentinelle.dz\/index.php\/2025\/07\/27\/plus-de-18-kg-de-cocaine-saisis-un-reseau-criminel-operant-depuis-le-maroc-demantele-a-oran\/"]}]},{"@type":"ImageObject","inLanguage":"fr-FR","@id":"https:\/\/lasentinelle.dz\/index.php\/2025\/07\/27\/plus-de-18-kg-de-cocaine-saisis-un-reseau-criminel-operant-depuis-le-maroc-demantele-a-oran\/#primaryimage","url":"https:\/\/lasentinelle.dz\/wp-content\/uploads\/2022\/08\/cocaine-2.jpg","contentUrl":"https:\/\/lasentinelle.dz\/wp-content\/uploads\/2022\/08\/cocaine-2.jpg","width":480,"height":382},{"@type":"BreadcrumbList","@id":"https:\/\/lasentinelle.dz\/index.php\/2025\/07\/27\/plus-de-18-kg-de-cocaine-saisis-un-reseau-criminel-operant-depuis-le-maroc-demantele-a-oran\/#breadcrumb","itemListElement":[{"@type":"ListItem","position":1,"name":"Accueil","item":"https:\/\/lasentinelle.dz\/"},{"@type":"ListItem","position":2,"name":"Plus de 18 kg de coca\u00efne\u00a0saisis\u00a0: Un r\u00e9seau criminel op\u00e9rant depuis le Maroc\u00a0d\u00e9mantel\u00e9 \u00e0 Oran"}]},{"@type":"WebSite","@id":"https:\/\/lasentinelle.dz\/#website","url":"https:\/\/lasentinelle.dz\/","name":"La Sentinelle","description":"Quotidien national d&#039;information","publisher":{"@id":"https:\/\/lasentinelle.dz\/#organization"},"potentialAction":[{"@type":"SearchAction","target":{"@type":"EntryPoint","urlTemplate":"https:\/\/lasentinelle.dz\/?s={search_term_string}"},"query-input":{"@type":"PropertyValueSpecification","valueRequired":true,"valueName":"search_term_string"}}],"inLanguage":"fr-FR"},{"@type":"Organization","@id":"https:\/\/lasentinelle.dz\/#organization","name":"Quotidien La Sentinelle","url":"https:\/\/lasentinelle.dz\/","logo":{"@type":"ImageObject","inLanguage":"fr-FR","@id":"https:\/\/lasentinelle.dz\/#\/schema\/logo\/image\/","url":"https:\/\/lasentinelle.dz\/wp-content\/uploads\/2021\/09\/logo-sentinelleSLOGAN-1.png","contentUrl":"https:\/\/lasentinelle.dz\/wp-content\/uploads\/2021\/09\/logo-sentinelleSLOGAN-1.png","width":615,"height":142,"caption":"Quotidien La Sentinelle"},"image":{"@id":"https:\/\/lasentinelle.dz\/#\/schema\/logo\/image\/"},"sameAs":["https:\/\/www.facebook.com\/La-Sentinelle-104059864394773"]},{"@type":"Person","@id":"https:\/\/lasentinelle.dz\/#\/schema\/person\/729ee0024f24e0b8c5ec17232f8e8b41","name":"admin","image":{"@type":"ImageObject","inLanguage":"fr-FR","@id":"https:\/\/secure.gravatar.com\/avatar\/4c81fed838786e9b53f540bf46533e750f5d292099ae3b66cfc6fb1982e29df7?s=96&d=mm&r=g","url":"https:\/\/secure.gravatar.com\/avatar\/4c81fed838786e9b53f540bf46533e750f5d292099ae3b66cfc6fb1982e29df7?s=96&d=mm&r=g","contentUrl":"https:\/\/secure.gravatar.com\/avatar\/4c81fed838786e9b53f540bf46533e750f5d292099ae3b66cfc6fb1982e29df7?s=96&d=mm&r=g","caption":"admin"},"description":"admin","url":"https:\/\/lasentinelle.dz\/author\/admin\/"}]}},"_links":{"self":[{"href":"https:\/\/lasentinelle.dz\/index.php\/wp-json\/wp\/v2\/posts\/70975","targetHints":{"allow":["GET"]}}],"collection":[{"href":"https:\/\/lasentinelle.dz\/index.php\/wp-json\/wp\/v2\/posts"}],"about":[{"href":"https:\/\/lasentinelle.dz\/index.php\/wp-json\/wp\/v2\/types\/post"}],"author":[{"embeddable":true,"href":"https:\/\/lasentinelle.dz\/index.php\/wp-json\/wp\/v2\/users\/6"}],"replies":[{"embeddable":true,"href":"https:\/\/lasentinelle.dz\/index.php\/wp-json\/wp\/v2\/comments?post=70975"}],"version-history":[{"count":1,"href":"https:\/\/lasentinelle.dz\/index.php\/wp-json\/wp\/v2\/posts\/70975\/revisions"}],"predecessor-version":[{"id":70976,"href":"https:\/\/lasentinelle.dz\/index.php\/wp-json\/wp\/v2\/posts\/70975\/revisions\/70976"}],"wp:featuredmedia":[{"embeddable":true,"href":"https:\/\/lasentinelle.dz\/index.php\/wp-json\/wp\/v2\/media\/25565"}],"wp:attachment":[{"href":"https:\/\/lasentinelle.dz\/index.php\/wp-json\/wp\/v2\/media?parent=70975"}],"wp:term":[{"taxonomy":"category","embeddable":true,"href":"https:\/\/lasentinelle.dz\/index.php\/wp-json\/wp\/v2\/categories?post=70975"},{"taxonomy":"post_tag","embeddable":true,"href":"https:\/\/lasentinelle.dz\/index.php\/wp-json\/wp\/v2\/tags?post=70975"}],"curies":[{"name":"wp","href":"https:\/\/api.w.org\/{rel}","templated":true}]}}