{"id":70977,"date":"2025-07-27T12:27:51","date_gmt":"2025-07-27T11:27:51","guid":{"rendered":"https:\/\/lasentinelle.dz\/?p=70977"},"modified":"2025-07-27T12:27:51","modified_gmt":"2025-07-27T11:27:51","slug":"conseil-de-securite-de-lonu-lalgerie-renouvelle-son-engagement-pour-une-representation-africaine-equitable","status":"publish","type":"post","link":"https:\/\/lasentinelle.dz\/index.php\/2025\/07\/27\/conseil-de-securite-de-lonu-lalgerie-renouvelle-son-engagement-pour-une-representation-africaine-equitable\/","title":{"rendered":"Conseil de s\u00e9curit\u00e9\u00a0de l\u2019ONU\u00a0:\u00a0L&rsquo;Alg\u00e9rie renouvelle son engagement pour une repr\u00e9sentation africaine \u00e9quitable\u00a0\u00a0"},"content":{"rendered":"\n<p>Repr\u00e9sentant le pr\u00e9sident de la R\u00e9publique, M. Abdelmadjid Tebboune, la secr\u00e9taire d&rsquo;\u00c9tat aupr\u00e8s du ministre des Affaires \u00e9trang\u00e8res, charg\u00e9e des Affaires africaines, Mme Selma Bakhta Mansouri, a particip\u00e9 vendredi par visioconf\u00e9rence aux travaux du 6\u00e8me Sommet du Comit\u00e9 des Dix (C10) de l&rsquo;Union africaine sur la r\u00e9forme du Conseil de s\u00e9curit\u00e9 des Nations unies. Le Sommet, pr\u00e9sid\u00e9 par le pr\u00e9sident du Sierra Leone, M. Julius Maada Bio, a \u00e9t\u00e9 consacr\u00e9 \u00e0 l&rsquo;adoption d&rsquo;un mod\u00e8le de r\u00e9forme refl\u00e9tant la position africaine unifi\u00e9e, en vue de sa pr\u00e9sentation au pr\u00e9sident de l&rsquo;Assembl\u00e9e g\u00e9n\u00e9rale de l&rsquo;ONU dans le cadre des n\u00e9gociations intergouvernementales en cours. Dans son allocution lors du Sommet, Mme Mansouri a r\u00e9affirm\u00e9, au nom du pr\u00e9sident de la R\u00e9publique, l&rsquo;engagement de l&rsquo;Alg\u00e9rie \u00e0 d\u00e9fendre le droit l\u00e9gitime de l&rsquo;Afrique \u00e0 une repr\u00e9sentation \u00e9quitable et permanente au sein du Conseil de s\u00e9curit\u00e9 onusien, conform\u00e9ment \u00e0 la D\u00e9claration de Syrte et au Consensus d&rsquo;Ezulwini. La repr\u00e9sentante alg\u00e9rienne a mis l&rsquo;accent sur la n\u00e9cessit\u00e9 d&rsquo;unifier les rangs africains et d&rsquo;intensifier les efforts pour une r\u00e9forme globale qui r\u00e9tablisse l&rsquo;\u00e9quilibre de l&rsquo;ordre international sur la base de la justice et de l&rsquo;\u00e9quit\u00e9. Cette participation s&rsquo;inscrit dans la continuit\u00e9 de l&rsquo;engagement constant de l&rsquo;Alg\u00e9rie en faveur des causes africaines et de sa volont\u00e9 de voir le continent obtenir la place qui lui revient de droit dans les instances internationales de d\u00e9cision. Le Comit\u00e9 des Dix de l&rsquo;Union africaine, dont fait partie l&rsquo;Alg\u00e9rie, constitue l&rsquo;organe charg\u00e9 de porter la voix commune du continent dans les n\u00e9gociations sur la r\u00e9forme du Conseil de s\u00e9curit\u00e9, un dossier strat\u00e9gique pour l&rsquo;avenir de la gouvernance mondiale. L&rsquo;adoption de ce mod\u00e8le de r\u00e9forme marque une \u00e9tape importante dans les efforts collectifs du continent pour corriger les d\u00e9s\u00e9quilibres historiques au sein du syst\u00e8me onusien et garantir une repr\u00e9sentation plus juste et \u00e9quitable de l&rsquo;Afrique dans les instances de d\u00e9cision internationale. Cette initiative t\u00e9moigne de la d\u00e9termination africaine \u00e0 faire valoir ses droits l\u00e9gitimes dans un monde multipolaire en constante \u00e9volution, o\u00f9 la voix du continent doit \u00eatre entendue et respect\u00e9e \u00e0 sa juste mesure.<\/p>\n\n\n\n<p>Chokri Hafed<\/p>\n","protected":false},"excerpt":{"rendered":"<p>Repr\u00e9sentant le pr\u00e9sident de la R\u00e9publique, M. Abdelmadjid Tebboune, la secr\u00e9taire d&rsquo;\u00c9tat aupr\u00e8s du ministre des Affaires \u00e9trang\u00e8res, charg\u00e9e des<\/p>\n","protected":false},"author":6,"featured_media":70978,"comment_status":"open","ping_status":"closed","sticky":false,"template":"","format":"standard","meta":{"colormag_page_container_layout":"default_layout","colormag_page_sidebar_layout":"default_layout","om_disable_all_campaigns":false,"_monsterinsights_skip_tracking":false,"_monsterinsights_sitenote_active":false,"_monsterinsights_sitenote_note":"","_monsterinsights_sitenote_category":0,"footnotes":"","_wpscppro_dont_share_socialmedia":false,"_wpscppro_custom_social_share_image":0,"_facebook_share_type":"default","_twitter_share_type":"default","_linkedin_share_type":"default","_pinterest_share_type":"default","_linkedin_share_type_page":"","_instagram_share_type":"default","_medium_share_type":"default","_threads_share_type":"","_google_business_share_type":"","_selected_social_profile":[],"_wpsp_enable_custom_social_template":false,"_wpsp_social_scheduling":{"enabled":false,"datetime":null,"platforms":[],"status":"template_only","dateOption":"today","timeOption":"now","customDays":"","customHours":"","customDate":"","customTime":"","schedulingType":"absolute"},"_wpsp_active_default_template":true},"categories":[27],"tags":[],"class_list":["post-70977","post","type-post","status-publish","format-standard","has-post-thumbnail","hentry","category-actualite"],"aioseo_notices":[],"yoast_head":"<!-- This site is optimized with the Yoast SEO plugin v27.5 - https:\/\/yoast.com\/product\/yoast-seo-wordpress\/ -->\n<title>Conseil de s\u00e9curit\u00e9\u00a0de l\u2019ONU\u00a0:\u00a0L&rsquo;Alg\u00e9rie renouvelle son engagement pour une repr\u00e9sentation africaine \u00e9quitable\u00a0\u00a0 - La Sentinelle<\/title>\n<meta name=\"robots\" content=\"index, follow, max-snippet:-1, max-image-preview:large, max-video-preview:-1\" \/>\n<link rel=\"canonical\" href=\"https:\/\/lasentinelle.dz\/index.php\/2025\/07\/27\/conseil-de-securite-de-lonu-lalgerie-renouvelle-son-engagement-pour-une-representation-africaine-equitable\/\" \/>\n<meta property=\"og:locale\" content=\"fr_FR\" \/>\n<meta property=\"og:type\" content=\"article\" \/>\n<meta property=\"og:title\" content=\"Conseil de s\u00e9curit\u00e9\u00a0de l\u2019ONU\u00a0:\u00a0L&rsquo;Alg\u00e9rie renouvelle son engagement pour une repr\u00e9sentation africaine \u00e9quitable\u00a0\u00a0 - La Sentinelle\" \/>\n<meta property=\"og:description\" content=\"Repr\u00e9sentant le pr\u00e9sident de la R\u00e9publique, M. Abdelmadjid Tebboune, la secr\u00e9taire d&rsquo;\u00c9tat aupr\u00e8s du ministre des Affaires \u00e9trang\u00e8res, charg\u00e9e des\" \/>\n<meta property=\"og:url\" content=\"https:\/\/lasentinelle.dz\/index.php\/2025\/07\/27\/conseil-de-securite-de-lonu-lalgerie-renouvelle-son-engagement-pour-une-representation-africaine-equitable\/\" \/>\n<meta property=\"og:site_name\" content=\"La Sentinelle\" \/>\n<meta property=\"article:publisher\" content=\"https:\/\/www.facebook.com\/La-Sentinelle-104059864394773\" \/>\n<meta property=\"article:published_time\" content=\"2025-07-27T11:27:51+00:00\" \/>\n<meta property=\"og:image\" content=\"https:\/\/lasentinelle.dz\/wp-content\/uploads\/2025\/07\/mansouri.png\" \/>\n\t<meta property=\"og:image:width\" content=\"900\" \/>\n\t<meta property=\"og:image:height\" content=\"675\" \/>\n\t<meta property=\"og:image:type\" content=\"image\/png\" \/>\n<meta name=\"author\" content=\"admin\" \/>\n<meta name=\"twitter:card\" content=\"summary_large_image\" \/>\n<meta name=\"twitter:label1\" content=\"\u00c9crit par\" \/>\n\t<meta name=\"twitter:data1\" content=\"admin\" \/>\n\t<meta name=\"twitter:label2\" content=\"Dur\u00e9e de lecture estim\u00e9e\" \/>\n\t<meta name=\"twitter:data2\" content=\"2 minutes\" \/>\n<script type=\"application\/ld+json\" class=\"yoast-schema-graph\">{\"@context\":\"https:\\\/\\\/schema.org\",\"@graph\":[{\"@type\":\"Article\",\"@id\":\"https:\\\/\\\/lasentinelle.dz\\\/index.php\\\/2025\\\/07\\\/27\\\/conseil-de-securite-de-lonu-lalgerie-renouvelle-son-engagement-pour-une-representation-africaine-equitable\\\/#article\",\"isPartOf\":{\"@id\":\"https:\\\/\\\/lasentinelle.dz\\\/index.php\\\/2025\\\/07\\\/27\\\/conseil-de-securite-de-lonu-lalgerie-renouvelle-son-engagement-pour-une-representation-africaine-equitable\\\/\"},\"author\":{\"name\":\"admin\",\"@id\":\"https:\\\/\\\/lasentinelle.dz\\\/#\\\/schema\\\/person\\\/729ee0024f24e0b8c5ec17232f8e8b41\"},\"headline\":\"Conseil de s\u00e9curit\u00e9\u00a0de l\u2019ONU\u00a0:\u00a0L&rsquo;Alg\u00e9rie renouvelle son engagement pour une repr\u00e9sentation africaine \u00e9quitable\u00a0\u00a0\",\"datePublished\":\"2025-07-27T11:27:51+00:00\",\"mainEntityOfPage\":{\"@id\":\"https:\\\/\\\/lasentinelle.dz\\\/index.php\\\/2025\\\/07\\\/27\\\/conseil-de-securite-de-lonu-lalgerie-renouvelle-son-engagement-pour-une-representation-africaine-equitable\\\/\"},\"wordCount\":437,\"commentCount\":0,\"publisher\":{\"@id\":\"https:\\\/\\\/lasentinelle.dz\\\/#organization\"},\"image\":{\"@id\":\"https:\\\/\\\/lasentinelle.dz\\\/index.php\\\/2025\\\/07\\\/27\\\/conseil-de-securite-de-lonu-lalgerie-renouvelle-son-engagement-pour-une-representation-africaine-equitable\\\/#primaryimage\"},\"thumbnailUrl\":\"https:\\\/\\\/lasentinelle.dz\\\/wp-content\\\/uploads\\\/2025\\\/07\\\/mansouri.png\",\"articleSection\":[\"Actualit\u00e9\"],\"inLanguage\":\"fr-FR\",\"potentialAction\":[{\"@type\":\"CommentAction\",\"name\":\"Comment\",\"target\":[\"https:\\\/\\\/lasentinelle.dz\\\/index.php\\\/2025\\\/07\\\/27\\\/conseil-de-securite-de-lonu-lalgerie-renouvelle-son-engagement-pour-une-representation-africaine-equitable\\\/#respond\"]}]},{\"@type\":\"WebPage\",\"@id\":\"https:\\\/\\\/lasentinelle.dz\\\/index.php\\\/2025\\\/07\\\/27\\\/conseil-de-securite-de-lonu-lalgerie-renouvelle-son-engagement-pour-une-representation-africaine-equitable\\\/\",\"url\":\"https:\\\/\\\/lasentinelle.dz\\\/index.php\\\/2025\\\/07\\\/27\\\/conseil-de-securite-de-lonu-lalgerie-renouvelle-son-engagement-pour-une-representation-africaine-equitable\\\/\",\"name\":\"Conseil de s\u00e9curit\u00e9\u00a0de l\u2019ONU\u00a0:\u00a0L&rsquo;Alg\u00e9rie renouvelle son engagement pour une repr\u00e9sentation africaine \u00e9quitable\u00a0\u00a0 - La Sentinelle\",\"isPartOf\":{\"@id\":\"https:\\\/\\\/lasentinelle.dz\\\/#website\"},\"primaryImageOfPage\":{\"@id\":\"https:\\\/\\\/lasentinelle.dz\\\/index.php\\\/2025\\\/07\\\/27\\\/conseil-de-securite-de-lonu-lalgerie-renouvelle-son-engagement-pour-une-representation-africaine-equitable\\\/#primaryimage\"},\"image\":{\"@id\":\"https:\\\/\\\/lasentinelle.dz\\\/index.php\\\/2025\\\/07\\\/27\\\/conseil-de-securite-de-lonu-lalgerie-renouvelle-son-engagement-pour-une-representation-africaine-equitable\\\/#primaryimage\"},\"thumbnailUrl\":\"https:\\\/\\\/lasentinelle.dz\\\/wp-content\\\/uploads\\\/2025\\\/07\\\/mansouri.png\",\"datePublished\":\"2025-07-27T11:27:51+00:00\",\"breadcrumb\":{\"@id\":\"https:\\\/\\\/lasentinelle.dz\\\/index.php\\\/2025\\\/07\\\/27\\\/conseil-de-securite-de-lonu-lalgerie-renouvelle-son-engagement-pour-une-representation-africaine-equitable\\\/#breadcrumb\"},\"inLanguage\":\"fr-FR\",\"potentialAction\":[{\"@type\":\"ReadAction\",\"target\":[\"https:\\\/\\\/lasentinelle.dz\\\/index.php\\\/2025\\\/07\\\/27\\\/conseil-de-securite-de-lonu-lalgerie-renouvelle-son-engagement-pour-une-representation-africaine-equitable\\\/\"]}]},{\"@type\":\"ImageObject\",\"inLanguage\":\"fr-FR\",\"@id\":\"https:\\\/\\\/lasentinelle.dz\\\/index.php\\\/2025\\\/07\\\/27\\\/conseil-de-securite-de-lonu-lalgerie-renouvelle-son-engagement-pour-une-representation-africaine-equitable\\\/#primaryimage\",\"url\":\"https:\\\/\\\/lasentinelle.dz\\\/wp-content\\\/uploads\\\/2025\\\/07\\\/mansouri.png\",\"contentUrl\":\"https:\\\/\\\/lasentinelle.dz\\\/wp-content\\\/uploads\\\/2025\\\/07\\\/mansouri.png\",\"width\":900,\"height\":675},{\"@type\":\"BreadcrumbList\",\"@id\":\"https:\\\/\\\/lasentinelle.dz\\\/index.php\\\/2025\\\/07\\\/27\\\/conseil-de-securite-de-lonu-lalgerie-renouvelle-son-engagement-pour-une-representation-africaine-equitable\\\/#breadcrumb\",\"itemListElement\":[{\"@type\":\"ListItem\",\"position\":1,\"name\":\"Accueil\",\"item\":\"https:\\\/\\\/lasentinelle.dz\\\/\"},{\"@type\":\"ListItem\",\"position\":2,\"name\":\"Conseil de s\u00e9curit\u00e9\u00a0de l\u2019ONU\u00a0:\u00a0L&rsquo;Alg\u00e9rie renouvelle son engagement pour une repr\u00e9sentation africaine \u00e9quitable\u00a0\u00a0\"}]},{\"@type\":\"WebSite\",\"@id\":\"https:\\\/\\\/lasentinelle.dz\\\/#website\",\"url\":\"https:\\\/\\\/lasentinelle.dz\\\/\",\"name\":\"La Sentinelle\",\"description\":\"Quotidien national d&#039;information\",\"publisher\":{\"@id\":\"https:\\\/\\\/lasentinelle.dz\\\/#organization\"},\"potentialAction\":[{\"@type\":\"SearchAction\",\"target\":{\"@type\":\"EntryPoint\",\"urlTemplate\":\"https:\\\/\\\/lasentinelle.dz\\\/?s={search_term_string}\"},\"query-input\":{\"@type\":\"PropertyValueSpecification\",\"valueRequired\":true,\"valueName\":\"search_term_string\"}}],\"inLanguage\":\"fr-FR\"},{\"@type\":\"Organization\",\"@id\":\"https:\\\/\\\/lasentinelle.dz\\\/#organization\",\"name\":\"Quotidien La Sentinelle\",\"url\":\"https:\\\/\\\/lasentinelle.dz\\\/\",\"logo\":{\"@type\":\"ImageObject\",\"inLanguage\":\"fr-FR\",\"@id\":\"https:\\\/\\\/lasentinelle.dz\\\/#\\\/schema\\\/logo\\\/image\\\/\",\"url\":\"https:\\\/\\\/lasentinelle.dz\\\/wp-content\\\/uploads\\\/2021\\\/09\\\/logo-sentinelleSLOGAN-1.png\",\"contentUrl\":\"https:\\\/\\\/lasentinelle.dz\\\/wp-content\\\/uploads\\\/2021\\\/09\\\/logo-sentinelleSLOGAN-1.png\",\"width\":615,\"height\":142,\"caption\":\"Quotidien La Sentinelle\"},\"image\":{\"@id\":\"https:\\\/\\\/lasentinelle.dz\\\/#\\\/schema\\\/logo\\\/image\\\/\"},\"sameAs\":[\"https:\\\/\\\/www.facebook.com\\\/La-Sentinelle-104059864394773\"]},{\"@type\":\"Person\",\"@id\":\"https:\\\/\\\/lasentinelle.dz\\\/#\\\/schema\\\/person\\\/729ee0024f24e0b8c5ec17232f8e8b41\",\"name\":\"admin\",\"image\":{\"@type\":\"ImageObject\",\"inLanguage\":\"fr-FR\",\"@id\":\"https:\\\/\\\/secure.gravatar.com\\\/avatar\\\/4c81fed838786e9b53f540bf46533e750f5d292099ae3b66cfc6fb1982e29df7?s=96&d=mm&r=g\",\"url\":\"https:\\\/\\\/secure.gravatar.com\\\/avatar\\\/4c81fed838786e9b53f540bf46533e750f5d292099ae3b66cfc6fb1982e29df7?s=96&d=mm&r=g\",\"contentUrl\":\"https:\\\/\\\/secure.gravatar.com\\\/avatar\\\/4c81fed838786e9b53f540bf46533e750f5d292099ae3b66cfc6fb1982e29df7?s=96&d=mm&r=g\",\"caption\":\"admin\"},\"description\":\"admin\",\"url\":\"https:\\\/\\\/lasentinelle.dz\\\/author\\\/admin\\\/\"}]}<\/script>\n<!-- \/ Yoast SEO plugin. -->","yoast_head_json":{"title":"Conseil de s\u00e9curit\u00e9\u00a0de l\u2019ONU\u00a0:\u00a0L&rsquo;Alg\u00e9rie renouvelle son engagement pour une repr\u00e9sentation africaine \u00e9quitable\u00a0\u00a0 - La Sentinelle","robots":{"index":"index","follow":"follow","max-snippet":"max-snippet:-1","max-image-preview":"max-image-preview:large","max-video-preview":"max-video-preview:-1"},"canonical":"https:\/\/lasentinelle.dz\/index.php\/2025\/07\/27\/conseil-de-securite-de-lonu-lalgerie-renouvelle-son-engagement-pour-une-representation-africaine-equitable\/","og_locale":"fr_FR","og_type":"article","og_title":"Conseil de s\u00e9curit\u00e9\u00a0de l\u2019ONU\u00a0:\u00a0L&rsquo;Alg\u00e9rie renouvelle son engagement pour une repr\u00e9sentation africaine \u00e9quitable\u00a0\u00a0 - La Sentinelle","og_description":"Repr\u00e9sentant le pr\u00e9sident de la R\u00e9publique, M. Abdelmadjid Tebboune, la secr\u00e9taire d&rsquo;\u00c9tat aupr\u00e8s du ministre des Affaires \u00e9trang\u00e8res, charg\u00e9e des","og_url":"https:\/\/lasentinelle.dz\/index.php\/2025\/07\/27\/conseil-de-securite-de-lonu-lalgerie-renouvelle-son-engagement-pour-une-representation-africaine-equitable\/","og_site_name":"La Sentinelle","article_publisher":"https:\/\/www.facebook.com\/La-Sentinelle-104059864394773","article_published_time":"2025-07-27T11:27:51+00:00","og_image":[{"width":900,"height":675,"url":"https:\/\/lasentinelle.dz\/wp-content\/uploads\/2025\/07\/mansouri.png","type":"image\/png"}],"author":"admin","twitter_card":"summary_large_image","twitter_misc":{"\u00c9crit par":"admin","Dur\u00e9e de lecture estim\u00e9e":"2 minutes"},"schema":{"@context":"https:\/\/schema.org","@graph":[{"@type":"Article","@id":"https:\/\/lasentinelle.dz\/index.php\/2025\/07\/27\/conseil-de-securite-de-lonu-lalgerie-renouvelle-son-engagement-pour-une-representation-africaine-equitable\/#article","isPartOf":{"@id":"https:\/\/lasentinelle.dz\/index.php\/2025\/07\/27\/conseil-de-securite-de-lonu-lalgerie-renouvelle-son-engagement-pour-une-representation-africaine-equitable\/"},"author":{"name":"admin","@id":"https:\/\/lasentinelle.dz\/#\/schema\/person\/729ee0024f24e0b8c5ec17232f8e8b41"},"headline":"Conseil de s\u00e9curit\u00e9\u00a0de l\u2019ONU\u00a0:\u00a0L&rsquo;Alg\u00e9rie renouvelle son engagement pour une repr\u00e9sentation africaine \u00e9quitable\u00a0\u00a0","datePublished":"2025-07-27T11:27:51+00:00","mainEntityOfPage":{"@id":"https:\/\/lasentinelle.dz\/index.php\/2025\/07\/27\/conseil-de-securite-de-lonu-lalgerie-renouvelle-son-engagement-pour-une-representation-africaine-equitable\/"},"wordCount":437,"commentCount":0,"publisher":{"@id":"https:\/\/lasentinelle.dz\/#organization"},"image":{"@id":"https:\/\/lasentinelle.dz\/index.php\/2025\/07\/27\/conseil-de-securite-de-lonu-lalgerie-renouvelle-son-engagement-pour-une-representation-africaine-equitable\/#primaryimage"},"thumbnailUrl":"https:\/\/lasentinelle.dz\/wp-content\/uploads\/2025\/07\/mansouri.png","articleSection":["Actualit\u00e9"],"inLanguage":"fr-FR","potentialAction":[{"@type":"CommentAction","name":"Comment","target":["https:\/\/lasentinelle.dz\/index.php\/2025\/07\/27\/conseil-de-securite-de-lonu-lalgerie-renouvelle-son-engagement-pour-une-representation-africaine-equitable\/#respond"]}]},{"@type":"WebPage","@id":"https:\/\/lasentinelle.dz\/index.php\/2025\/07\/27\/conseil-de-securite-de-lonu-lalgerie-renouvelle-son-engagement-pour-une-representation-africaine-equitable\/","url":"https:\/\/lasentinelle.dz\/index.php\/2025\/07\/27\/conseil-de-securite-de-lonu-lalgerie-renouvelle-son-engagement-pour-une-representation-africaine-equitable\/","name":"Conseil de s\u00e9curit\u00e9\u00a0de l\u2019ONU\u00a0:\u00a0L&rsquo;Alg\u00e9rie renouvelle son engagement pour une repr\u00e9sentation africaine \u00e9quitable\u00a0\u00a0 - La Sentinelle","isPartOf":{"@id":"https:\/\/lasentinelle.dz\/#website"},"primaryImageOfPage":{"@id":"https:\/\/lasentinelle.dz\/index.php\/2025\/07\/27\/conseil-de-securite-de-lonu-lalgerie-renouvelle-son-engagement-pour-une-representation-africaine-equitable\/#primaryimage"},"image":{"@id":"https:\/\/lasentinelle.dz\/index.php\/2025\/07\/27\/conseil-de-securite-de-lonu-lalgerie-renouvelle-son-engagement-pour-une-representation-africaine-equitable\/#primaryimage"},"thumbnailUrl":"https:\/\/lasentinelle.dz\/wp-content\/uploads\/2025\/07\/mansouri.png","datePublished":"2025-07-27T11:27:51+00:00","breadcrumb":{"@id":"https:\/\/lasentinelle.dz\/index.php\/2025\/07\/27\/conseil-de-securite-de-lonu-lalgerie-renouvelle-son-engagement-pour-une-representation-africaine-equitable\/#breadcrumb"},"inLanguage":"fr-FR","potentialAction":[{"@type":"ReadAction","target":["https:\/\/lasentinelle.dz\/index.php\/2025\/07\/27\/conseil-de-securite-de-lonu-lalgerie-renouvelle-son-engagement-pour-une-representation-africaine-equitable\/"]}]},{"@type":"ImageObject","inLanguage":"fr-FR","@id":"https:\/\/lasentinelle.dz\/index.php\/2025\/07\/27\/conseil-de-securite-de-lonu-lalgerie-renouvelle-son-engagement-pour-une-representation-africaine-equitable\/#primaryimage","url":"https:\/\/lasentinelle.dz\/wp-content\/uploads\/2025\/07\/mansouri.png","contentUrl":"https:\/\/lasentinelle.dz\/wp-content\/uploads\/2025\/07\/mansouri.png","width":900,"height":675},{"@type":"BreadcrumbList","@id":"https:\/\/lasentinelle.dz\/index.php\/2025\/07\/27\/conseil-de-securite-de-lonu-lalgerie-renouvelle-son-engagement-pour-une-representation-africaine-equitable\/#breadcrumb","itemListElement":[{"@type":"ListItem","position":1,"name":"Accueil","item":"https:\/\/lasentinelle.dz\/"},{"@type":"ListItem","position":2,"name":"Conseil de s\u00e9curit\u00e9\u00a0de l\u2019ONU\u00a0:\u00a0L&rsquo;Alg\u00e9rie renouvelle son engagement pour une repr\u00e9sentation africaine \u00e9quitable\u00a0\u00a0"}]},{"@type":"WebSite","@id":"https:\/\/lasentinelle.dz\/#website","url":"https:\/\/lasentinelle.dz\/","name":"La Sentinelle","description":"Quotidien national d&#039;information","publisher":{"@id":"https:\/\/lasentinelle.dz\/#organization"},"potentialAction":[{"@type":"SearchAction","target":{"@type":"EntryPoint","urlTemplate":"https:\/\/lasentinelle.dz\/?s={search_term_string}"},"query-input":{"@type":"PropertyValueSpecification","valueRequired":true,"valueName":"search_term_string"}}],"inLanguage":"fr-FR"},{"@type":"Organization","@id":"https:\/\/lasentinelle.dz\/#organization","name":"Quotidien La Sentinelle","url":"https:\/\/lasentinelle.dz\/","logo":{"@type":"ImageObject","inLanguage":"fr-FR","@id":"https:\/\/lasentinelle.dz\/#\/schema\/logo\/image\/","url":"https:\/\/lasentinelle.dz\/wp-content\/uploads\/2021\/09\/logo-sentinelleSLOGAN-1.png","contentUrl":"https:\/\/lasentinelle.dz\/wp-content\/uploads\/2021\/09\/logo-sentinelleSLOGAN-1.png","width":615,"height":142,"caption":"Quotidien La Sentinelle"},"image":{"@id":"https:\/\/lasentinelle.dz\/#\/schema\/logo\/image\/"},"sameAs":["https:\/\/www.facebook.com\/La-Sentinelle-104059864394773"]},{"@type":"Person","@id":"https:\/\/lasentinelle.dz\/#\/schema\/person\/729ee0024f24e0b8c5ec17232f8e8b41","name":"admin","image":{"@type":"ImageObject","inLanguage":"fr-FR","@id":"https:\/\/secure.gravatar.com\/avatar\/4c81fed838786e9b53f540bf46533e750f5d292099ae3b66cfc6fb1982e29df7?s=96&d=mm&r=g","url":"https:\/\/secure.gravatar.com\/avatar\/4c81fed838786e9b53f540bf46533e750f5d292099ae3b66cfc6fb1982e29df7?s=96&d=mm&r=g","contentUrl":"https:\/\/secure.gravatar.com\/avatar\/4c81fed838786e9b53f540bf46533e750f5d292099ae3b66cfc6fb1982e29df7?s=96&d=mm&r=g","caption":"admin"},"description":"admin","url":"https:\/\/lasentinelle.dz\/author\/admin\/"}]}},"_links":{"self":[{"href":"https:\/\/lasentinelle.dz\/index.php\/wp-json\/wp\/v2\/posts\/70977","targetHints":{"allow":["GET"]}}],"collection":[{"href":"https:\/\/lasentinelle.dz\/index.php\/wp-json\/wp\/v2\/posts"}],"about":[{"href":"https:\/\/lasentinelle.dz\/index.php\/wp-json\/wp\/v2\/types\/post"}],"author":[{"embeddable":true,"href":"https:\/\/lasentinelle.dz\/index.php\/wp-json\/wp\/v2\/users\/6"}],"replies":[{"embeddable":true,"href":"https:\/\/lasentinelle.dz\/index.php\/wp-json\/wp\/v2\/comments?post=70977"}],"version-history":[{"count":2,"href":"https:\/\/lasentinelle.dz\/index.php\/wp-json\/wp\/v2\/posts\/70977\/revisions"}],"predecessor-version":[{"id":70980,"href":"https:\/\/lasentinelle.dz\/index.php\/wp-json\/wp\/v2\/posts\/70977\/revisions\/70980"}],"wp:featuredmedia":[{"embeddable":true,"href":"https:\/\/lasentinelle.dz\/index.php\/wp-json\/wp\/v2\/media\/70978"}],"wp:attachment":[{"href":"https:\/\/lasentinelle.dz\/index.php\/wp-json\/wp\/v2\/media?parent=70977"}],"wp:term":[{"taxonomy":"category","embeddable":true,"href":"https:\/\/lasentinelle.dz\/index.php\/wp-json\/wp\/v2\/categories?post=70977"},{"taxonomy":"post_tag","embeddable":true,"href":"https:\/\/lasentinelle.dz\/index.php\/wp-json\/wp\/v2\/tags?post=70977"}],"curies":[{"name":"wp","href":"https:\/\/api.w.org\/{rel}","templated":true}]}}