{"id":71117,"date":"2025-07-28T22:20:52","date_gmt":"2025-07-28T21:20:52","guid":{"rendered":"https:\/\/lasentinelle.dz\/?p=71117"},"modified":"2025-07-28T22:20:53","modified_gmt":"2025-07-28T21:20:53","slug":"tebboune-honore-la-figure-emblematique-de-rachid-boudjedra-dans-un-geste-symbolique-fort","status":"publish","type":"post","link":"https:\/\/lasentinelle.dz\/index.php\/2025\/07\/28\/tebboune-honore-la-figure-emblematique-de-rachid-boudjedra-dans-un-geste-symbolique-fort\/","title":{"rendered":"Tebboune honore la figure embl\u00e9matique de Rachid Boudjedra dans un geste symbolique fort"},"content":{"rendered":"\n<p><strong>Le pr\u00e9sident de la R\u00e9publique re\u00e7oit lundi \u00e0 Alger l&rsquo;illustre \u00e9crivain et moudjahid, t\u00e9moin vivant de l&rsquo;histoire alg\u00e9rienne et voix majeure de la litt\u00e9rature maghr\u00e9bine contemporaine.<\/strong><\/p>\n\n\n\n<p> Dans un geste empreint de symbolisme, le pr\u00e9sident Abdelmadjid Tebboune a re\u00e7u lundi au palais pr\u00e9sidentiel  le moudjahid et \u00e9crivain de renom Rachid Boudjedra, figure tut\u00e9laire de la litt\u00e9rature alg\u00e9rienne et t\u00e9moin privil\u00e9gi\u00e9 de l&rsquo;histoire nationale. Cette audience, bien que br\u00e8ve dans sa communication officielle, rev\u00eat une dimension particuli\u00e8re qui d\u00e9passe le simple protocole pour s&rsquo;inscrire dans une d\u00e9marche de reconnaissance des grandes figures intellectuelles du pays.<\/p>\n\n\n\n<p>Rachid Boudjedra, n\u00e9 en 1941 \u00e0 A\u00efn Be\u00efda, incarne \u00e0 lui seul plusieurs g\u00e9n\u00e9rations de l&rsquo;Alg\u00e9rie moderne. Moudjahid de la premi\u00e8re heure, il a particip\u00e9 activement \u00e0 la guerre de lib\u00e9ration nationale avant de devenir l&rsquo;une des plumes les plus respect\u00e9es du monde arabe et francophone. Son parcours exceptionnel, jalonn\u00e9 d&rsquo;\u0153uvres marquantes comme \u00ab\u00a0La R\u00e9pudiation\u00a0\u00bb (1969) ou \u00ab\u00a0L&rsquo;Insolation\u00a0\u00bb (1972), en fait un pont vivant entre l&rsquo;Alg\u00e9rie combattante et l&rsquo;Alg\u00e9rie culturelle d&rsquo;aujourd&rsquo;hui.<\/p>\n\n\n\n<p>Cette rencontre au sommet de l&rsquo;\u00c9tat souligne l&rsquo;importance accord\u00e9e par la pr\u00e9sidence aux intellectuels et aux acteurs culturels qui ont fa\u00e7onn\u00e9 l&rsquo;identit\u00e9 alg\u00e9rienne post-ind\u00e9pendance. Boudjedra, qui a toujours oscill\u00e9 entre \u00e9criture en fran\u00e7ais et en arabe, repr\u00e9sente parfaitement cette richesse linguistique et culturelle que revendique l&rsquo;Alg\u00e9rie contemporaine. Ses romans, traduits dans de nombreuses langues, ont contribu\u00e9 \u00e0 faire rayonner la litt\u00e9rature alg\u00e9rienne bien au-del\u00e0 des fronti\u00e8res nationales.<\/p>\n\n\n\n<p>L&rsquo;\u00e9crivain, aujourd&rsquo;hui \u00e2g\u00e9 de 84 ans, demeure une voix critique et engag\u00e9e qui n&rsquo;a jamais cess\u00e9 de questionner la soci\u00e9t\u00e9 alg\u00e9rienne \u00e0 travers ses \u0153uvres. Ses prises de position courageuses sur les questions sociales, politiques et culturelles ont parfois suscit\u00e9 la pol\u00e9mique, mais ont toujours t\u00e9moign\u00e9 d&rsquo;une sinc\u00e8re pr\u00e9occupation pour l&rsquo;avenir de son pays. Cette libert\u00e9 de ton et cette ind\u00e9pendance intellectuelle font de lui une figure respect\u00e9e, y compris par ceux qui ne partagent pas n\u00e9cessairement toutes ses positions.<\/p>\n\n\n\n<p>La r\u00e9ception de Rachid Boudjedra par le pr\u00e9sident Tebboune s&rsquo;inscrit dans une tradition de reconnaissance des grands intellectuels alg\u00e9riens, tradition qui honore \u00e0 la fois l&rsquo;engagement patriotique et l&rsquo;excellence artistique. Cette d\u00e9marche pr\u00e9sidentielle t\u00e9moigne d&rsquo;une volont\u00e9 politique de valoriser le patrimoine intellectuel national et de maintenir le dialogue entre les institutions et les cr\u00e9ateurs qui forgent l&rsquo;\u00e2me culturelle du pays.<\/p>\n\n\n\n<p>Au-del\u00e0 de la dimension protocolaire, cette audience r\u00e9v\u00e8le l&rsquo;attention particuli\u00e8re port\u00e9e par les autorit\u00e9s aux figures qui incarnent la continuit\u00e9 historique entre l&rsquo;Alg\u00e9rie r\u00e9volutionnaire et l&rsquo;Alg\u00e9rie d&rsquo;aujourd&rsquo;hui. Boudjedra, par son double statut de combattant de l&rsquo;ind\u00e9pendance et d&rsquo;\u00e9crivain reconnu internationalement, symbolise cette synth\u00e8se entre engagement politique et cr\u00e9ation artistique qui caract\u00e9rise une g\u00e9n\u00e9ration d&rsquo;intellectuels alg\u00e9riens.<\/p>\n\n\n\n<p>L&rsquo;\u0153uvre prolifique de Boudjedra, comptant plus d&rsquo;une trentaine de romans, recueils de nouvelles et essais, continue d&rsquo;inspirer les nouvelles g\u00e9n\u00e9rations d&rsquo;\u00e9crivains alg\u00e9riens. Son influence d\u00e9passe largement le cadre national puisque ses textes sont \u00e9tudi\u00e9s dans les universit\u00e9s du monde entier, contribuant ainsi au rayonnement culturel de l&rsquo;Alg\u00e9rie sur la sc\u00e8ne internationale.<\/p>\n\n\n\n<p>Cette rencontre pr\u00e9sidentielle, m\u00eame si elle reste discr\u00e8te dans sa communication, envoie un signal fort \u00e0 la communaut\u00e9 intellectuelle et artistique alg\u00e9rienne. Elle rappelle que l&rsquo;\u00c9tat alg\u00e9rien reconna\u00eet et honore ceux qui, par leur talent et leur engagement, ont contribu\u00e9 \u00e0 \u00e9difier et \u00e0 enrichir l&rsquo;identit\u00e9 culturelle nationale. En recevant Rachid Boudjedra, le pr\u00e9sident Tebboune rend hommage non seulement \u00e0 l&rsquo;homme et \u00e0 l&rsquo;\u00e9crivain, mais aussi \u00e0 toute une g\u00e9n\u00e9ration qui a su concilier fid\u00e9lit\u00e9 aux id\u00e9aux r\u00e9volutionnaires et ouverture sur le monde.<\/p>\n\n\n\n<p>Cette audience illustre \u00e9galement la volont\u00e9 pr\u00e9sidentielle de maintenir un dialogue permanent avec les forces vives de la nation, qu&rsquo;elles soient \u00e9conomiques, sociales ou culturelles. En recevant l&rsquo;une des figures les plus embl\u00e9matiques de la litt\u00e9rature alg\u00e9rienne, le chef de l&rsquo;\u00c9tat affirme l&rsquo;importance accord\u00e9e \u00e0 la dimension culturelle dans la construction de l&rsquo;Alg\u00e9rie moderne.<\/p>\n\n\n\n<p>Mohand Seghir<\/p>\n","protected":false},"excerpt":{"rendered":"<p>Le pr\u00e9sident de la R\u00e9publique re\u00e7oit lundi \u00e0 Alger l&rsquo;illustre \u00e9crivain et moudjahid, t\u00e9moin vivant de l&rsquo;histoire alg\u00e9rienne et voix<\/p>\n","protected":false},"author":6,"featured_media":71118,"comment_status":"open","ping_status":"closed","sticky":false,"template":"","format":"standard","meta":{"colormag_page_container_layout":"default_layout","colormag_page_sidebar_layout":"default_layout","om_disable_all_campaigns":false,"_monsterinsights_skip_tracking":false,"_monsterinsights_sitenote_active":false,"_monsterinsights_sitenote_note":"","_monsterinsights_sitenote_category":0,"footnotes":"","_wpscppro_dont_share_socialmedia":false,"_wpscppro_custom_social_share_image":0,"_facebook_share_type":"default","_twitter_share_type":"default","_linkedin_share_type":"default","_pinterest_share_type":"default","_linkedin_share_type_page":"","_instagram_share_type":"default","_medium_share_type":"default","_threads_share_type":"","_google_business_share_type":"","_selected_social_profile":[],"_wpsp_enable_custom_social_template":false,"_wpsp_social_scheduling":{"enabled":false,"datetime":null,"platforms":[],"status":"template_only","dateOption":"today","timeOption":"now","customDays":"","customHours":"","customDate":"","customTime":"","schedulingType":"absolute"},"_wpsp_active_default_template":true},"categories":[52,27],"tags":[],"class_list":["post-71117","post","type-post","status-publish","format-standard","has-post-thumbnail","hentry","category-a-la-une","category-actualite"],"aioseo_notices":[],"yoast_head":"<!-- This site is optimized with the Yoast SEO plugin v27.5 - https:\/\/yoast.com\/product\/yoast-seo-wordpress\/ -->\n<title>Tebboune honore la figure embl\u00e9matique de Rachid Boudjedra dans un geste symbolique fort - La Sentinelle<\/title>\n<meta name=\"robots\" content=\"index, follow, max-snippet:-1, max-image-preview:large, max-video-preview:-1\" \/>\n<link rel=\"canonical\" href=\"https:\/\/lasentinelle.dz\/index.php\/2025\/07\/28\/tebboune-honore-la-figure-emblematique-de-rachid-boudjedra-dans-un-geste-symbolique-fort\/\" \/>\n<meta property=\"og:locale\" content=\"fr_FR\" \/>\n<meta property=\"og:type\" content=\"article\" \/>\n<meta property=\"og:title\" content=\"Tebboune honore la figure embl\u00e9matique de Rachid Boudjedra dans un geste symbolique fort - La Sentinelle\" \/>\n<meta property=\"og:description\" content=\"Le pr\u00e9sident de la R\u00e9publique re\u00e7oit lundi \u00e0 Alger l&rsquo;illustre \u00e9crivain et moudjahid, t\u00e9moin vivant de l&rsquo;histoire alg\u00e9rienne et voix\" \/>\n<meta property=\"og:url\" content=\"https:\/\/lasentinelle.dz\/index.php\/2025\/07\/28\/tebboune-honore-la-figure-emblematique-de-rachid-boudjedra-dans-un-geste-symbolique-fort\/\" \/>\n<meta property=\"og:site_name\" content=\"La Sentinelle\" \/>\n<meta property=\"article:publisher\" content=\"https:\/\/www.facebook.com\/La-Sentinelle-104059864394773\" \/>\n<meta property=\"article:published_time\" content=\"2025-07-28T21:20:52+00:00\" \/>\n<meta property=\"article:modified_time\" content=\"2025-07-28T21:20:53+00:00\" \/>\n<meta property=\"og:image\" content=\"https:\/\/lasentinelle.dz\/wp-content\/uploads\/2025\/07\/tebboune-boudjedra.jpeg\" \/>\n\t<meta property=\"og:image:width\" content=\"745\" \/>\n\t<meta property=\"og:image:height\" content=\"470\" \/>\n\t<meta property=\"og:image:type\" content=\"image\/jpeg\" \/>\n<meta name=\"author\" content=\"admin\" \/>\n<meta name=\"twitter:card\" content=\"summary_large_image\" \/>\n<meta name=\"twitter:label1\" content=\"\u00c9crit par\" \/>\n\t<meta name=\"twitter:data1\" content=\"admin\" \/>\n\t<meta name=\"twitter:label2\" content=\"Dur\u00e9e de lecture estim\u00e9e\" \/>\n\t<meta name=\"twitter:data2\" content=\"4 minutes\" \/>\n<script type=\"application\/ld+json\" class=\"yoast-schema-graph\">{\"@context\":\"https:\\\/\\\/schema.org\",\"@graph\":[{\"@type\":\"Article\",\"@id\":\"https:\\\/\\\/lasentinelle.dz\\\/index.php\\\/2025\\\/07\\\/28\\\/tebboune-honore-la-figure-emblematique-de-rachid-boudjedra-dans-un-geste-symbolique-fort\\\/#article\",\"isPartOf\":{\"@id\":\"https:\\\/\\\/lasentinelle.dz\\\/index.php\\\/2025\\\/07\\\/28\\\/tebboune-honore-la-figure-emblematique-de-rachid-boudjedra-dans-un-geste-symbolique-fort\\\/\"},\"author\":{\"name\":\"admin\",\"@id\":\"https:\\\/\\\/lasentinelle.dz\\\/#\\\/schema\\\/person\\\/729ee0024f24e0b8c5ec17232f8e8b41\"},\"headline\":\"Tebboune honore la figure embl\u00e9matique de Rachid Boudjedra dans un geste symbolique fort\",\"datePublished\":\"2025-07-28T21:20:52+00:00\",\"dateModified\":\"2025-07-28T21:20:53+00:00\",\"mainEntityOfPage\":{\"@id\":\"https:\\\/\\\/lasentinelle.dz\\\/index.php\\\/2025\\\/07\\\/28\\\/tebboune-honore-la-figure-emblematique-de-rachid-boudjedra-dans-un-geste-symbolique-fort\\\/\"},\"wordCount\":760,\"commentCount\":0,\"publisher\":{\"@id\":\"https:\\\/\\\/lasentinelle.dz\\\/#organization\"},\"image\":{\"@id\":\"https:\\\/\\\/lasentinelle.dz\\\/index.php\\\/2025\\\/07\\\/28\\\/tebboune-honore-la-figure-emblematique-de-rachid-boudjedra-dans-un-geste-symbolique-fort\\\/#primaryimage\"},\"thumbnailUrl\":\"https:\\\/\\\/lasentinelle.dz\\\/wp-content\\\/uploads\\\/2025\\\/07\\\/tebboune-boudjedra.jpeg\",\"articleSection\":[\"\u00c0 la Une\",\"Actualit\u00e9\"],\"inLanguage\":\"fr-FR\",\"potentialAction\":[{\"@type\":\"CommentAction\",\"name\":\"Comment\",\"target\":[\"https:\\\/\\\/lasentinelle.dz\\\/index.php\\\/2025\\\/07\\\/28\\\/tebboune-honore-la-figure-emblematique-de-rachid-boudjedra-dans-un-geste-symbolique-fort\\\/#respond\"]}]},{\"@type\":\"WebPage\",\"@id\":\"https:\\\/\\\/lasentinelle.dz\\\/index.php\\\/2025\\\/07\\\/28\\\/tebboune-honore-la-figure-emblematique-de-rachid-boudjedra-dans-un-geste-symbolique-fort\\\/\",\"url\":\"https:\\\/\\\/lasentinelle.dz\\\/index.php\\\/2025\\\/07\\\/28\\\/tebboune-honore-la-figure-emblematique-de-rachid-boudjedra-dans-un-geste-symbolique-fort\\\/\",\"name\":\"Tebboune honore la figure embl\u00e9matique de Rachid Boudjedra dans un geste symbolique fort - La Sentinelle\",\"isPartOf\":{\"@id\":\"https:\\\/\\\/lasentinelle.dz\\\/#website\"},\"primaryImageOfPage\":{\"@id\":\"https:\\\/\\\/lasentinelle.dz\\\/index.php\\\/2025\\\/07\\\/28\\\/tebboune-honore-la-figure-emblematique-de-rachid-boudjedra-dans-un-geste-symbolique-fort\\\/#primaryimage\"},\"image\":{\"@id\":\"https:\\\/\\\/lasentinelle.dz\\\/index.php\\\/2025\\\/07\\\/28\\\/tebboune-honore-la-figure-emblematique-de-rachid-boudjedra-dans-un-geste-symbolique-fort\\\/#primaryimage\"},\"thumbnailUrl\":\"https:\\\/\\\/lasentinelle.dz\\\/wp-content\\\/uploads\\\/2025\\\/07\\\/tebboune-boudjedra.jpeg\",\"datePublished\":\"2025-07-28T21:20:52+00:00\",\"dateModified\":\"2025-07-28T21:20:53+00:00\",\"breadcrumb\":{\"@id\":\"https:\\\/\\\/lasentinelle.dz\\\/index.php\\\/2025\\\/07\\\/28\\\/tebboune-honore-la-figure-emblematique-de-rachid-boudjedra-dans-un-geste-symbolique-fort\\\/#breadcrumb\"},\"inLanguage\":\"fr-FR\",\"potentialAction\":[{\"@type\":\"ReadAction\",\"target\":[\"https:\\\/\\\/lasentinelle.dz\\\/index.php\\\/2025\\\/07\\\/28\\\/tebboune-honore-la-figure-emblematique-de-rachid-boudjedra-dans-un-geste-symbolique-fort\\\/\"]}]},{\"@type\":\"ImageObject\",\"inLanguage\":\"fr-FR\",\"@id\":\"https:\\\/\\\/lasentinelle.dz\\\/index.php\\\/2025\\\/07\\\/28\\\/tebboune-honore-la-figure-emblematique-de-rachid-boudjedra-dans-un-geste-symbolique-fort\\\/#primaryimage\",\"url\":\"https:\\\/\\\/lasentinelle.dz\\\/wp-content\\\/uploads\\\/2025\\\/07\\\/tebboune-boudjedra.jpeg\",\"contentUrl\":\"https:\\\/\\\/lasentinelle.dz\\\/wp-content\\\/uploads\\\/2025\\\/07\\\/tebboune-boudjedra.jpeg\",\"width\":745,\"height\":470},{\"@type\":\"BreadcrumbList\",\"@id\":\"https:\\\/\\\/lasentinelle.dz\\\/index.php\\\/2025\\\/07\\\/28\\\/tebboune-honore-la-figure-emblematique-de-rachid-boudjedra-dans-un-geste-symbolique-fort\\\/#breadcrumb\",\"itemListElement\":[{\"@type\":\"ListItem\",\"position\":1,\"name\":\"Accueil\",\"item\":\"https:\\\/\\\/lasentinelle.dz\\\/\"},{\"@type\":\"ListItem\",\"position\":2,\"name\":\"Tebboune honore la figure embl\u00e9matique de Rachid Boudjedra dans un geste symbolique fort\"}]},{\"@type\":\"WebSite\",\"@id\":\"https:\\\/\\\/lasentinelle.dz\\\/#website\",\"url\":\"https:\\\/\\\/lasentinelle.dz\\\/\",\"name\":\"La Sentinelle\",\"description\":\"Quotidien national d&#039;information\",\"publisher\":{\"@id\":\"https:\\\/\\\/lasentinelle.dz\\\/#organization\"},\"potentialAction\":[{\"@type\":\"SearchAction\",\"target\":{\"@type\":\"EntryPoint\",\"urlTemplate\":\"https:\\\/\\\/lasentinelle.dz\\\/?s={search_term_string}\"},\"query-input\":{\"@type\":\"PropertyValueSpecification\",\"valueRequired\":true,\"valueName\":\"search_term_string\"}}],\"inLanguage\":\"fr-FR\"},{\"@type\":\"Organization\",\"@id\":\"https:\\\/\\\/lasentinelle.dz\\\/#organization\",\"name\":\"Quotidien La Sentinelle\",\"url\":\"https:\\\/\\\/lasentinelle.dz\\\/\",\"logo\":{\"@type\":\"ImageObject\",\"inLanguage\":\"fr-FR\",\"@id\":\"https:\\\/\\\/lasentinelle.dz\\\/#\\\/schema\\\/logo\\\/image\\\/\",\"url\":\"https:\\\/\\\/lasentinelle.dz\\\/wp-content\\\/uploads\\\/2021\\\/09\\\/logo-sentinelleSLOGAN-1.png\",\"contentUrl\":\"https:\\\/\\\/lasentinelle.dz\\\/wp-content\\\/uploads\\\/2021\\\/09\\\/logo-sentinelleSLOGAN-1.png\",\"width\":615,\"height\":142,\"caption\":\"Quotidien La Sentinelle\"},\"image\":{\"@id\":\"https:\\\/\\\/lasentinelle.dz\\\/#\\\/schema\\\/logo\\\/image\\\/\"},\"sameAs\":[\"https:\\\/\\\/www.facebook.com\\\/La-Sentinelle-104059864394773\"]},{\"@type\":\"Person\",\"@id\":\"https:\\\/\\\/lasentinelle.dz\\\/#\\\/schema\\\/person\\\/729ee0024f24e0b8c5ec17232f8e8b41\",\"name\":\"admin\",\"image\":{\"@type\":\"ImageObject\",\"inLanguage\":\"fr-FR\",\"@id\":\"https:\\\/\\\/secure.gravatar.com\\\/avatar\\\/4c81fed838786e9b53f540bf46533e750f5d292099ae3b66cfc6fb1982e29df7?s=96&d=mm&r=g\",\"url\":\"https:\\\/\\\/secure.gravatar.com\\\/avatar\\\/4c81fed838786e9b53f540bf46533e750f5d292099ae3b66cfc6fb1982e29df7?s=96&d=mm&r=g\",\"contentUrl\":\"https:\\\/\\\/secure.gravatar.com\\\/avatar\\\/4c81fed838786e9b53f540bf46533e750f5d292099ae3b66cfc6fb1982e29df7?s=96&d=mm&r=g\",\"caption\":\"admin\"},\"description\":\"admin\",\"url\":\"https:\\\/\\\/lasentinelle.dz\\\/author\\\/admin\\\/\"}]}<\/script>\n<!-- \/ Yoast SEO plugin. -->","yoast_head_json":{"title":"Tebboune honore la figure embl\u00e9matique de Rachid Boudjedra dans un geste symbolique fort - La Sentinelle","robots":{"index":"index","follow":"follow","max-snippet":"max-snippet:-1","max-image-preview":"max-image-preview:large","max-video-preview":"max-video-preview:-1"},"canonical":"https:\/\/lasentinelle.dz\/index.php\/2025\/07\/28\/tebboune-honore-la-figure-emblematique-de-rachid-boudjedra-dans-un-geste-symbolique-fort\/","og_locale":"fr_FR","og_type":"article","og_title":"Tebboune honore la figure embl\u00e9matique de Rachid Boudjedra dans un geste symbolique fort - La Sentinelle","og_description":"Le pr\u00e9sident de la R\u00e9publique re\u00e7oit lundi \u00e0 Alger l&rsquo;illustre \u00e9crivain et moudjahid, t\u00e9moin vivant de l&rsquo;histoire alg\u00e9rienne et voix","og_url":"https:\/\/lasentinelle.dz\/index.php\/2025\/07\/28\/tebboune-honore-la-figure-emblematique-de-rachid-boudjedra-dans-un-geste-symbolique-fort\/","og_site_name":"La Sentinelle","article_publisher":"https:\/\/www.facebook.com\/La-Sentinelle-104059864394773","article_published_time":"2025-07-28T21:20:52+00:00","article_modified_time":"2025-07-28T21:20:53+00:00","og_image":[{"width":745,"height":470,"url":"https:\/\/lasentinelle.dz\/wp-content\/uploads\/2025\/07\/tebboune-boudjedra.jpeg","type":"image\/jpeg"}],"author":"admin","twitter_card":"summary_large_image","twitter_misc":{"\u00c9crit par":"admin","Dur\u00e9e de lecture estim\u00e9e":"4 minutes"},"schema":{"@context":"https:\/\/schema.org","@graph":[{"@type":"Article","@id":"https:\/\/lasentinelle.dz\/index.php\/2025\/07\/28\/tebboune-honore-la-figure-emblematique-de-rachid-boudjedra-dans-un-geste-symbolique-fort\/#article","isPartOf":{"@id":"https:\/\/lasentinelle.dz\/index.php\/2025\/07\/28\/tebboune-honore-la-figure-emblematique-de-rachid-boudjedra-dans-un-geste-symbolique-fort\/"},"author":{"name":"admin","@id":"https:\/\/lasentinelle.dz\/#\/schema\/person\/729ee0024f24e0b8c5ec17232f8e8b41"},"headline":"Tebboune honore la figure embl\u00e9matique de Rachid Boudjedra dans un geste symbolique fort","datePublished":"2025-07-28T21:20:52+00:00","dateModified":"2025-07-28T21:20:53+00:00","mainEntityOfPage":{"@id":"https:\/\/lasentinelle.dz\/index.php\/2025\/07\/28\/tebboune-honore-la-figure-emblematique-de-rachid-boudjedra-dans-un-geste-symbolique-fort\/"},"wordCount":760,"commentCount":0,"publisher":{"@id":"https:\/\/lasentinelle.dz\/#organization"},"image":{"@id":"https:\/\/lasentinelle.dz\/index.php\/2025\/07\/28\/tebboune-honore-la-figure-emblematique-de-rachid-boudjedra-dans-un-geste-symbolique-fort\/#primaryimage"},"thumbnailUrl":"https:\/\/lasentinelle.dz\/wp-content\/uploads\/2025\/07\/tebboune-boudjedra.jpeg","articleSection":["\u00c0 la Une","Actualit\u00e9"],"inLanguage":"fr-FR","potentialAction":[{"@type":"CommentAction","name":"Comment","target":["https:\/\/lasentinelle.dz\/index.php\/2025\/07\/28\/tebboune-honore-la-figure-emblematique-de-rachid-boudjedra-dans-un-geste-symbolique-fort\/#respond"]}]},{"@type":"WebPage","@id":"https:\/\/lasentinelle.dz\/index.php\/2025\/07\/28\/tebboune-honore-la-figure-emblematique-de-rachid-boudjedra-dans-un-geste-symbolique-fort\/","url":"https:\/\/lasentinelle.dz\/index.php\/2025\/07\/28\/tebboune-honore-la-figure-emblematique-de-rachid-boudjedra-dans-un-geste-symbolique-fort\/","name":"Tebboune honore la figure embl\u00e9matique de Rachid Boudjedra dans un geste symbolique fort - La Sentinelle","isPartOf":{"@id":"https:\/\/lasentinelle.dz\/#website"},"primaryImageOfPage":{"@id":"https:\/\/lasentinelle.dz\/index.php\/2025\/07\/28\/tebboune-honore-la-figure-emblematique-de-rachid-boudjedra-dans-un-geste-symbolique-fort\/#primaryimage"},"image":{"@id":"https:\/\/lasentinelle.dz\/index.php\/2025\/07\/28\/tebboune-honore-la-figure-emblematique-de-rachid-boudjedra-dans-un-geste-symbolique-fort\/#primaryimage"},"thumbnailUrl":"https:\/\/lasentinelle.dz\/wp-content\/uploads\/2025\/07\/tebboune-boudjedra.jpeg","datePublished":"2025-07-28T21:20:52+00:00","dateModified":"2025-07-28T21:20:53+00:00","breadcrumb":{"@id":"https:\/\/lasentinelle.dz\/index.php\/2025\/07\/28\/tebboune-honore-la-figure-emblematique-de-rachid-boudjedra-dans-un-geste-symbolique-fort\/#breadcrumb"},"inLanguage":"fr-FR","potentialAction":[{"@type":"ReadAction","target":["https:\/\/lasentinelle.dz\/index.php\/2025\/07\/28\/tebboune-honore-la-figure-emblematique-de-rachid-boudjedra-dans-un-geste-symbolique-fort\/"]}]},{"@type":"ImageObject","inLanguage":"fr-FR","@id":"https:\/\/lasentinelle.dz\/index.php\/2025\/07\/28\/tebboune-honore-la-figure-emblematique-de-rachid-boudjedra-dans-un-geste-symbolique-fort\/#primaryimage","url":"https:\/\/lasentinelle.dz\/wp-content\/uploads\/2025\/07\/tebboune-boudjedra.jpeg","contentUrl":"https:\/\/lasentinelle.dz\/wp-content\/uploads\/2025\/07\/tebboune-boudjedra.jpeg","width":745,"height":470},{"@type":"BreadcrumbList","@id":"https:\/\/lasentinelle.dz\/index.php\/2025\/07\/28\/tebboune-honore-la-figure-emblematique-de-rachid-boudjedra-dans-un-geste-symbolique-fort\/#breadcrumb","itemListElement":[{"@type":"ListItem","position":1,"name":"Accueil","item":"https:\/\/lasentinelle.dz\/"},{"@type":"ListItem","position":2,"name":"Tebboune honore la figure embl\u00e9matique de Rachid Boudjedra dans un geste symbolique fort"}]},{"@type":"WebSite","@id":"https:\/\/lasentinelle.dz\/#website","url":"https:\/\/lasentinelle.dz\/","name":"La Sentinelle","description":"Quotidien national d&#039;information","publisher":{"@id":"https:\/\/lasentinelle.dz\/#organization"},"potentialAction":[{"@type":"SearchAction","target":{"@type":"EntryPoint","urlTemplate":"https:\/\/lasentinelle.dz\/?s={search_term_string}"},"query-input":{"@type":"PropertyValueSpecification","valueRequired":true,"valueName":"search_term_string"}}],"inLanguage":"fr-FR"},{"@type":"Organization","@id":"https:\/\/lasentinelle.dz\/#organization","name":"Quotidien La Sentinelle","url":"https:\/\/lasentinelle.dz\/","logo":{"@type":"ImageObject","inLanguage":"fr-FR","@id":"https:\/\/lasentinelle.dz\/#\/schema\/logo\/image\/","url":"https:\/\/lasentinelle.dz\/wp-content\/uploads\/2021\/09\/logo-sentinelleSLOGAN-1.png","contentUrl":"https:\/\/lasentinelle.dz\/wp-content\/uploads\/2021\/09\/logo-sentinelleSLOGAN-1.png","width":615,"height":142,"caption":"Quotidien La Sentinelle"},"image":{"@id":"https:\/\/lasentinelle.dz\/#\/schema\/logo\/image\/"},"sameAs":["https:\/\/www.facebook.com\/La-Sentinelle-104059864394773"]},{"@type":"Person","@id":"https:\/\/lasentinelle.dz\/#\/schema\/person\/729ee0024f24e0b8c5ec17232f8e8b41","name":"admin","image":{"@type":"ImageObject","inLanguage":"fr-FR","@id":"https:\/\/secure.gravatar.com\/avatar\/4c81fed838786e9b53f540bf46533e750f5d292099ae3b66cfc6fb1982e29df7?s=96&d=mm&r=g","url":"https:\/\/secure.gravatar.com\/avatar\/4c81fed838786e9b53f540bf46533e750f5d292099ae3b66cfc6fb1982e29df7?s=96&d=mm&r=g","contentUrl":"https:\/\/secure.gravatar.com\/avatar\/4c81fed838786e9b53f540bf46533e750f5d292099ae3b66cfc6fb1982e29df7?s=96&d=mm&r=g","caption":"admin"},"description":"admin","url":"https:\/\/lasentinelle.dz\/author\/admin\/"}]}},"_links":{"self":[{"href":"https:\/\/lasentinelle.dz\/index.php\/wp-json\/wp\/v2\/posts\/71117","targetHints":{"allow":["GET"]}}],"collection":[{"href":"https:\/\/lasentinelle.dz\/index.php\/wp-json\/wp\/v2\/posts"}],"about":[{"href":"https:\/\/lasentinelle.dz\/index.php\/wp-json\/wp\/v2\/types\/post"}],"author":[{"embeddable":true,"href":"https:\/\/lasentinelle.dz\/index.php\/wp-json\/wp\/v2\/users\/6"}],"replies":[{"embeddable":true,"href":"https:\/\/lasentinelle.dz\/index.php\/wp-json\/wp\/v2\/comments?post=71117"}],"version-history":[{"count":1,"href":"https:\/\/lasentinelle.dz\/index.php\/wp-json\/wp\/v2\/posts\/71117\/revisions"}],"predecessor-version":[{"id":71119,"href":"https:\/\/lasentinelle.dz\/index.php\/wp-json\/wp\/v2\/posts\/71117\/revisions\/71119"}],"wp:featuredmedia":[{"embeddable":true,"href":"https:\/\/lasentinelle.dz\/index.php\/wp-json\/wp\/v2\/media\/71118"}],"wp:attachment":[{"href":"https:\/\/lasentinelle.dz\/index.php\/wp-json\/wp\/v2\/media?parent=71117"}],"wp:term":[{"taxonomy":"category","embeddable":true,"href":"https:\/\/lasentinelle.dz\/index.php\/wp-json\/wp\/v2\/categories?post=71117"},{"taxonomy":"post_tag","embeddable":true,"href":"https:\/\/lasentinelle.dz\/index.php\/wp-json\/wp\/v2\/tags?post=71117"}],"curies":[{"name":"wp","href":"https:\/\/api.w.org\/{rel}","templated":true}]}}