{"id":71127,"date":"2025-07-29T21:33:42","date_gmt":"2025-07-29T20:33:42","guid":{"rendered":"https:\/\/lasentinelle.dz\/?p=71127"},"modified":"2025-07-29T21:33:43","modified_gmt":"2025-07-29T20:33:43","slug":"un-grand-menage-de-printemps-en-ete","status":"publish","type":"post","link":"https:\/\/lasentinelle.dz\/index.php\/2025\/07\/29\/un-grand-menage-de-printemps-en-ete\/","title":{"rendered":"Un grand m\u00e9nage de printemps&#8230; en \u00e9t\u00e9 !\u00a0"},"content":{"rendered":"\n<p>L&rsquo;\u00e9t\u00e9 bat son plein et avec lui, une belle initiative qui fait du bien \u00e0 voir : partout \u00e0 travers le pays, les wilayas ont lanc\u00e9 de vastes op\u00e9rations de nettoyage sous un slogan qui r\u00e9sonne comme une invitation \u00e0 la bonne humeur collective, \u00ab\u00a0Notre \u00e9t\u00e9, convivialit\u00e9 et s\u00e9curit\u00e9\u00a0\u00bb.&nbsp;Une mobilisation g\u00e9n\u00e9rale qui transforme nos quartiers et redonne des couleurs \u00e0 nos espaces de vie.&nbsp;Selon le minist\u00e8re de l&rsquo;Int\u00e9rieur, des Collectivit\u00e9s locales et de l&rsquo;Am\u00e9nagement du territoire, cette grande op\u00e9ration coup de propre s&rsquo;inscrit \u00ab\u00a0dans le cadre de l&rsquo;am\u00e9lioration du cadre de vie des citoyens et de la pr\u00e9servation de la propret\u00e9 des quartiers et des espaces publics\u00a0\u00bb. Mais au-del\u00e0 des mots officiels, c&rsquo;est surtout un v\u00e9ritable \u00e9lan de solidarit\u00e9 qui se dessine sur le terrain. Les wilayas ont organis\u00e9 ces campagnes \u00ab\u00a0sur recommandations des autorit\u00e9s locales et avec la participation active des diff\u00e9rents services techniques, des associations locales ainsi que de certains citoyens b\u00e9n\u00e9voles\u00a0\u00bb.&nbsp;Ce qui frappe le plus dans cette initiative, c&rsquo;est justement cette dimension participative. Loin d&rsquo;\u00eatre une simple op\u00e9ration administrative, ces campagnes de nettoyage rassemblent tous les acteurs de la soci\u00e9t\u00e9 : agents municipaux, associations de quartier, et citoyens volontaires qui retroussent leurs manches pour donner un coup de neuf \u00e0 leur environnement. Un bel exemple de cette fameuse \u00ab\u00a0convivialit\u00e9\u00a0\u00bb mise en avant dans le slogan de la campagne.<\/p>\n\n\n\n<p>Sur le terrain, les \u00e9quipes ne ch\u00f4ment pas. Les op\u00e9rations sont compl\u00e8tes et touchent tous les aspects de l&#8217;embellissement urbain. Elles portent sur \u00ab\u00a0l&rsquo;\u00e9limination des points noirs, l&rsquo;enl\u00e8vement des d\u00e9chets m\u00e9nagers et des gravats, le nettoyage des espaces verts et des places publiques, ainsi que la peinture des trottoirs et des murs des \u00e9tablissements publics\u00a0\u00bb. Un programme ambitieux qui vise \u00e0 redonner un coup d&rsquo;\u00e9clat \u00e0 nos villes et villages, particuli\u00e8rement appr\u00e9ciable en cette p\u00e9riode estivale o\u00f9 les espaces publics retrouvent toute leur importance.&nbsp;Les moyens d\u00e9ploy\u00e9s sont \u00e0 la hauteur des ambitions. Tous les moyens humains et mat\u00e9riels ont \u00e9t\u00e9 mobilis\u00e9s pour la r\u00e9ussite de cette initiative, t\u00e9moignant de la volont\u00e9 des autorit\u00e9s locales de faire de cet \u00e9t\u00e9 une saison plac\u00e9e sous le signe du bien-vivre ensemble. Des camions de collecte aux \u00e9quipes de peinture, en passant par les jardiniers charg\u00e9s de l&rsquo;entretien des espaces verts, c&rsquo;est toute une logistique qui se met en branle pour transformer le visage de nos quartiers.<\/p>\n\n\n\n<p>Cette mobilisation estivale n&rsquo;est pas un coup d&rsquo;\u00e9clat isol\u00e9. Elle s&rsquo;inscrit \u00ab\u00a0dans le cadre des efforts continus des autorit\u00e9s locales, en vue d&rsquo;assurer un environnement propre et s\u00fbr\u00a0\u00bb.&nbsp;<\/p>\n\n\n\n<p>Au-del\u00e0 de l&rsquo;organisation de ces campagnes, c&rsquo;est un appel \u00e0 la responsabilit\u00e9 citoyenne qui est lanc\u00e9. \u00ab\u00a0L&rsquo;ensemble des citoyens sont appel\u00e9s \u00e0 s&rsquo;impliquer dans la pr\u00e9servation de leur environnement, \u00e9tant une responsabilit\u00e9 collective\u00a0\u00bb, souligne le communiqu\u00e9 minist\u00e9riel. Une mani\u00e8re de rappeler que si les pouvoirs publics mettent les moyens, chaque citoyen a aussi un r\u00f4le \u00e0 jouer dans la pr\u00e9servation de cette propret\u00e9 retrouv\u00e9e.<\/p>\n\n\n\n<p>Lyna Larbi<\/p>\n","protected":false},"excerpt":{"rendered":"<p>L&rsquo;\u00e9t\u00e9 bat son plein et avec lui, une belle initiative qui fait du bien \u00e0 voir : partout \u00e0 travers<\/p>\n","protected":false},"author":6,"featured_media":71128,"comment_status":"open","ping_status":"closed","sticky":false,"template":"","format":"standard","meta":{"colormag_page_container_layout":"default_layout","colormag_page_sidebar_layout":"default_layout","om_disable_all_campaigns":false,"_monsterinsights_skip_tracking":false,"_monsterinsights_sitenote_active":false,"_monsterinsights_sitenote_note":"","_monsterinsights_sitenote_category":0,"footnotes":"","_wpscppro_dont_share_socialmedia":false,"_wpscppro_custom_social_share_image":0,"_facebook_share_type":"default","_twitter_share_type":"default","_linkedin_share_type":"default","_pinterest_share_type":"default","_linkedin_share_type_page":"","_instagram_share_type":"default","_medium_share_type":"default","_threads_share_type":"","_google_business_share_type":"","_selected_social_profile":[],"_wpsp_enable_custom_social_template":false,"_wpsp_social_scheduling":{"enabled":false,"datetime":null,"platforms":[],"status":"template_only","dateOption":"today","timeOption":"now","customDays":"","customHours":"","customDate":"","customTime":"","schedulingType":"absolute"},"_wpsp_active_default_template":true},"categories":[27],"tags":[],"class_list":["post-71127","post","type-post","status-publish","format-standard","has-post-thumbnail","hentry","category-actualite"],"aioseo_notices":[],"yoast_head":"<!-- This site is optimized with the Yoast SEO plugin v27.5 - https:\/\/yoast.com\/product\/yoast-seo-wordpress\/ -->\n<title>Un grand m\u00e9nage de printemps&#8230; en \u00e9t\u00e9 !\u00a0 - La Sentinelle<\/title>\n<meta name=\"robots\" content=\"index, follow, max-snippet:-1, max-image-preview:large, max-video-preview:-1\" \/>\n<link rel=\"canonical\" href=\"https:\/\/lasentinelle.dz\/index.php\/2025\/07\/29\/un-grand-menage-de-printemps-en-ete\/\" \/>\n<meta property=\"og:locale\" content=\"fr_FR\" \/>\n<meta property=\"og:type\" content=\"article\" \/>\n<meta property=\"og:title\" content=\"Un grand m\u00e9nage de printemps&#8230; en \u00e9t\u00e9 !\u00a0 - La Sentinelle\" \/>\n<meta property=\"og:description\" content=\"L&rsquo;\u00e9t\u00e9 bat son plein et avec lui, une belle initiative qui fait du bien \u00e0 voir : partout \u00e0 travers\" \/>\n<meta property=\"og:url\" content=\"https:\/\/lasentinelle.dz\/index.php\/2025\/07\/29\/un-grand-menage-de-printemps-en-ete\/\" \/>\n<meta property=\"og:site_name\" content=\"La Sentinelle\" \/>\n<meta property=\"article:publisher\" content=\"https:\/\/www.facebook.com\/La-Sentinelle-104059864394773\" \/>\n<meta property=\"article:published_time\" content=\"2025-07-29T20:33:42+00:00\" \/>\n<meta property=\"article:modified_time\" content=\"2025-07-29T20:33:43+00:00\" \/>\n<meta property=\"og:image\" content=\"https:\/\/lasentinelle.dz\/wp-content\/uploads\/2025\/07\/tb.jpeg\" \/>\n\t<meta property=\"og:image:width\" content=\"370\" \/>\n\t<meta property=\"og:image:height\" content=\"210\" \/>\n\t<meta property=\"og:image:type\" content=\"image\/jpeg\" \/>\n<meta name=\"author\" content=\"admin\" \/>\n<meta name=\"twitter:card\" content=\"summary_large_image\" \/>\n<meta name=\"twitter:label1\" content=\"\u00c9crit par\" \/>\n\t<meta name=\"twitter:data1\" content=\"admin\" \/>\n\t<meta name=\"twitter:label2\" content=\"Dur\u00e9e de lecture estim\u00e9e\" \/>\n\t<meta name=\"twitter:data2\" content=\"3 minutes\" \/>\n<script type=\"application\/ld+json\" class=\"yoast-schema-graph\">{\"@context\":\"https:\\\/\\\/schema.org\",\"@graph\":[{\"@type\":\"Article\",\"@id\":\"https:\\\/\\\/lasentinelle.dz\\\/index.php\\\/2025\\\/07\\\/29\\\/un-grand-menage-de-printemps-en-ete\\\/#article\",\"isPartOf\":{\"@id\":\"https:\\\/\\\/lasentinelle.dz\\\/index.php\\\/2025\\\/07\\\/29\\\/un-grand-menage-de-printemps-en-ete\\\/\"},\"author\":{\"name\":\"admin\",\"@id\":\"https:\\\/\\\/lasentinelle.dz\\\/#\\\/schema\\\/person\\\/729ee0024f24e0b8c5ec17232f8e8b41\"},\"headline\":\"Un grand m\u00e9nage de printemps&#8230; en \u00e9t\u00e9 !\u00a0\",\"datePublished\":\"2025-07-29T20:33:42+00:00\",\"dateModified\":\"2025-07-29T20:33:43+00:00\",\"mainEntityOfPage\":{\"@id\":\"https:\\\/\\\/lasentinelle.dz\\\/index.php\\\/2025\\\/07\\\/29\\\/un-grand-menage-de-printemps-en-ete\\\/\"},\"wordCount\":550,\"commentCount\":0,\"publisher\":{\"@id\":\"https:\\\/\\\/lasentinelle.dz\\\/#organization\"},\"image\":{\"@id\":\"https:\\\/\\\/lasentinelle.dz\\\/index.php\\\/2025\\\/07\\\/29\\\/un-grand-menage-de-printemps-en-ete\\\/#primaryimage\"},\"thumbnailUrl\":\"https:\\\/\\\/lasentinelle.dz\\\/wp-content\\\/uploads\\\/2025\\\/07\\\/tb.jpeg\",\"articleSection\":[\"Actualit\u00e9\"],\"inLanguage\":\"fr-FR\",\"potentialAction\":[{\"@type\":\"CommentAction\",\"name\":\"Comment\",\"target\":[\"https:\\\/\\\/lasentinelle.dz\\\/index.php\\\/2025\\\/07\\\/29\\\/un-grand-menage-de-printemps-en-ete\\\/#respond\"]}]},{\"@type\":\"WebPage\",\"@id\":\"https:\\\/\\\/lasentinelle.dz\\\/index.php\\\/2025\\\/07\\\/29\\\/un-grand-menage-de-printemps-en-ete\\\/\",\"url\":\"https:\\\/\\\/lasentinelle.dz\\\/index.php\\\/2025\\\/07\\\/29\\\/un-grand-menage-de-printemps-en-ete\\\/\",\"name\":\"Un grand m\u00e9nage de printemps&#8230; en \u00e9t\u00e9 !\u00a0 - La Sentinelle\",\"isPartOf\":{\"@id\":\"https:\\\/\\\/lasentinelle.dz\\\/#website\"},\"primaryImageOfPage\":{\"@id\":\"https:\\\/\\\/lasentinelle.dz\\\/index.php\\\/2025\\\/07\\\/29\\\/un-grand-menage-de-printemps-en-ete\\\/#primaryimage\"},\"image\":{\"@id\":\"https:\\\/\\\/lasentinelle.dz\\\/index.php\\\/2025\\\/07\\\/29\\\/un-grand-menage-de-printemps-en-ete\\\/#primaryimage\"},\"thumbnailUrl\":\"https:\\\/\\\/lasentinelle.dz\\\/wp-content\\\/uploads\\\/2025\\\/07\\\/tb.jpeg\",\"datePublished\":\"2025-07-29T20:33:42+00:00\",\"dateModified\":\"2025-07-29T20:33:43+00:00\",\"breadcrumb\":{\"@id\":\"https:\\\/\\\/lasentinelle.dz\\\/index.php\\\/2025\\\/07\\\/29\\\/un-grand-menage-de-printemps-en-ete\\\/#breadcrumb\"},\"inLanguage\":\"fr-FR\",\"potentialAction\":[{\"@type\":\"ReadAction\",\"target\":[\"https:\\\/\\\/lasentinelle.dz\\\/index.php\\\/2025\\\/07\\\/29\\\/un-grand-menage-de-printemps-en-ete\\\/\"]}]},{\"@type\":\"ImageObject\",\"inLanguage\":\"fr-FR\",\"@id\":\"https:\\\/\\\/lasentinelle.dz\\\/index.php\\\/2025\\\/07\\\/29\\\/un-grand-menage-de-printemps-en-ete\\\/#primaryimage\",\"url\":\"https:\\\/\\\/lasentinelle.dz\\\/wp-content\\\/uploads\\\/2025\\\/07\\\/tb.jpeg\",\"contentUrl\":\"https:\\\/\\\/lasentinelle.dz\\\/wp-content\\\/uploads\\\/2025\\\/07\\\/tb.jpeg\",\"width\":370,\"height\":210},{\"@type\":\"BreadcrumbList\",\"@id\":\"https:\\\/\\\/lasentinelle.dz\\\/index.php\\\/2025\\\/07\\\/29\\\/un-grand-menage-de-printemps-en-ete\\\/#breadcrumb\",\"itemListElement\":[{\"@type\":\"ListItem\",\"position\":1,\"name\":\"Accueil\",\"item\":\"https:\\\/\\\/lasentinelle.dz\\\/\"},{\"@type\":\"ListItem\",\"position\":2,\"name\":\"Un grand m\u00e9nage de printemps&#8230; en \u00e9t\u00e9 !\u00a0\"}]},{\"@type\":\"WebSite\",\"@id\":\"https:\\\/\\\/lasentinelle.dz\\\/#website\",\"url\":\"https:\\\/\\\/lasentinelle.dz\\\/\",\"name\":\"La Sentinelle\",\"description\":\"Quotidien national d&#039;information\",\"publisher\":{\"@id\":\"https:\\\/\\\/lasentinelle.dz\\\/#organization\"},\"potentialAction\":[{\"@type\":\"SearchAction\",\"target\":{\"@type\":\"EntryPoint\",\"urlTemplate\":\"https:\\\/\\\/lasentinelle.dz\\\/?s={search_term_string}\"},\"query-input\":{\"@type\":\"PropertyValueSpecification\",\"valueRequired\":true,\"valueName\":\"search_term_string\"}}],\"inLanguage\":\"fr-FR\"},{\"@type\":\"Organization\",\"@id\":\"https:\\\/\\\/lasentinelle.dz\\\/#organization\",\"name\":\"Quotidien La Sentinelle\",\"url\":\"https:\\\/\\\/lasentinelle.dz\\\/\",\"logo\":{\"@type\":\"ImageObject\",\"inLanguage\":\"fr-FR\",\"@id\":\"https:\\\/\\\/lasentinelle.dz\\\/#\\\/schema\\\/logo\\\/image\\\/\",\"url\":\"https:\\\/\\\/lasentinelle.dz\\\/wp-content\\\/uploads\\\/2021\\\/09\\\/logo-sentinelleSLOGAN-1.png\",\"contentUrl\":\"https:\\\/\\\/lasentinelle.dz\\\/wp-content\\\/uploads\\\/2021\\\/09\\\/logo-sentinelleSLOGAN-1.png\",\"width\":615,\"height\":142,\"caption\":\"Quotidien La Sentinelle\"},\"image\":{\"@id\":\"https:\\\/\\\/lasentinelle.dz\\\/#\\\/schema\\\/logo\\\/image\\\/\"},\"sameAs\":[\"https:\\\/\\\/www.facebook.com\\\/La-Sentinelle-104059864394773\"]},{\"@type\":\"Person\",\"@id\":\"https:\\\/\\\/lasentinelle.dz\\\/#\\\/schema\\\/person\\\/729ee0024f24e0b8c5ec17232f8e8b41\",\"name\":\"admin\",\"image\":{\"@type\":\"ImageObject\",\"inLanguage\":\"fr-FR\",\"@id\":\"https:\\\/\\\/secure.gravatar.com\\\/avatar\\\/4c81fed838786e9b53f540bf46533e750f5d292099ae3b66cfc6fb1982e29df7?s=96&d=mm&r=g\",\"url\":\"https:\\\/\\\/secure.gravatar.com\\\/avatar\\\/4c81fed838786e9b53f540bf46533e750f5d292099ae3b66cfc6fb1982e29df7?s=96&d=mm&r=g\",\"contentUrl\":\"https:\\\/\\\/secure.gravatar.com\\\/avatar\\\/4c81fed838786e9b53f540bf46533e750f5d292099ae3b66cfc6fb1982e29df7?s=96&d=mm&r=g\",\"caption\":\"admin\"},\"description\":\"admin\",\"url\":\"https:\\\/\\\/lasentinelle.dz\\\/author\\\/admin\\\/\"}]}<\/script>\n<!-- \/ Yoast SEO plugin. -->","yoast_head_json":{"title":"Un grand m\u00e9nage de printemps&#8230; en \u00e9t\u00e9 !\u00a0 - La Sentinelle","robots":{"index":"index","follow":"follow","max-snippet":"max-snippet:-1","max-image-preview":"max-image-preview:large","max-video-preview":"max-video-preview:-1"},"canonical":"https:\/\/lasentinelle.dz\/index.php\/2025\/07\/29\/un-grand-menage-de-printemps-en-ete\/","og_locale":"fr_FR","og_type":"article","og_title":"Un grand m\u00e9nage de printemps&#8230; en \u00e9t\u00e9 !\u00a0 - La Sentinelle","og_description":"L&rsquo;\u00e9t\u00e9 bat son plein et avec lui, une belle initiative qui fait du bien \u00e0 voir : partout \u00e0 travers","og_url":"https:\/\/lasentinelle.dz\/index.php\/2025\/07\/29\/un-grand-menage-de-printemps-en-ete\/","og_site_name":"La Sentinelle","article_publisher":"https:\/\/www.facebook.com\/La-Sentinelle-104059864394773","article_published_time":"2025-07-29T20:33:42+00:00","article_modified_time":"2025-07-29T20:33:43+00:00","og_image":[{"width":370,"height":210,"url":"https:\/\/lasentinelle.dz\/wp-content\/uploads\/2025\/07\/tb.jpeg","type":"image\/jpeg"}],"author":"admin","twitter_card":"summary_large_image","twitter_misc":{"\u00c9crit par":"admin","Dur\u00e9e de lecture estim\u00e9e":"3 minutes"},"schema":{"@context":"https:\/\/schema.org","@graph":[{"@type":"Article","@id":"https:\/\/lasentinelle.dz\/index.php\/2025\/07\/29\/un-grand-menage-de-printemps-en-ete\/#article","isPartOf":{"@id":"https:\/\/lasentinelle.dz\/index.php\/2025\/07\/29\/un-grand-menage-de-printemps-en-ete\/"},"author":{"name":"admin","@id":"https:\/\/lasentinelle.dz\/#\/schema\/person\/729ee0024f24e0b8c5ec17232f8e8b41"},"headline":"Un grand m\u00e9nage de printemps&#8230; en \u00e9t\u00e9 !\u00a0","datePublished":"2025-07-29T20:33:42+00:00","dateModified":"2025-07-29T20:33:43+00:00","mainEntityOfPage":{"@id":"https:\/\/lasentinelle.dz\/index.php\/2025\/07\/29\/un-grand-menage-de-printemps-en-ete\/"},"wordCount":550,"commentCount":0,"publisher":{"@id":"https:\/\/lasentinelle.dz\/#organization"},"image":{"@id":"https:\/\/lasentinelle.dz\/index.php\/2025\/07\/29\/un-grand-menage-de-printemps-en-ete\/#primaryimage"},"thumbnailUrl":"https:\/\/lasentinelle.dz\/wp-content\/uploads\/2025\/07\/tb.jpeg","articleSection":["Actualit\u00e9"],"inLanguage":"fr-FR","potentialAction":[{"@type":"CommentAction","name":"Comment","target":["https:\/\/lasentinelle.dz\/index.php\/2025\/07\/29\/un-grand-menage-de-printemps-en-ete\/#respond"]}]},{"@type":"WebPage","@id":"https:\/\/lasentinelle.dz\/index.php\/2025\/07\/29\/un-grand-menage-de-printemps-en-ete\/","url":"https:\/\/lasentinelle.dz\/index.php\/2025\/07\/29\/un-grand-menage-de-printemps-en-ete\/","name":"Un grand m\u00e9nage de printemps&#8230; en \u00e9t\u00e9 !\u00a0 - La Sentinelle","isPartOf":{"@id":"https:\/\/lasentinelle.dz\/#website"},"primaryImageOfPage":{"@id":"https:\/\/lasentinelle.dz\/index.php\/2025\/07\/29\/un-grand-menage-de-printemps-en-ete\/#primaryimage"},"image":{"@id":"https:\/\/lasentinelle.dz\/index.php\/2025\/07\/29\/un-grand-menage-de-printemps-en-ete\/#primaryimage"},"thumbnailUrl":"https:\/\/lasentinelle.dz\/wp-content\/uploads\/2025\/07\/tb.jpeg","datePublished":"2025-07-29T20:33:42+00:00","dateModified":"2025-07-29T20:33:43+00:00","breadcrumb":{"@id":"https:\/\/lasentinelle.dz\/index.php\/2025\/07\/29\/un-grand-menage-de-printemps-en-ete\/#breadcrumb"},"inLanguage":"fr-FR","potentialAction":[{"@type":"ReadAction","target":["https:\/\/lasentinelle.dz\/index.php\/2025\/07\/29\/un-grand-menage-de-printemps-en-ete\/"]}]},{"@type":"ImageObject","inLanguage":"fr-FR","@id":"https:\/\/lasentinelle.dz\/index.php\/2025\/07\/29\/un-grand-menage-de-printemps-en-ete\/#primaryimage","url":"https:\/\/lasentinelle.dz\/wp-content\/uploads\/2025\/07\/tb.jpeg","contentUrl":"https:\/\/lasentinelle.dz\/wp-content\/uploads\/2025\/07\/tb.jpeg","width":370,"height":210},{"@type":"BreadcrumbList","@id":"https:\/\/lasentinelle.dz\/index.php\/2025\/07\/29\/un-grand-menage-de-printemps-en-ete\/#breadcrumb","itemListElement":[{"@type":"ListItem","position":1,"name":"Accueil","item":"https:\/\/lasentinelle.dz\/"},{"@type":"ListItem","position":2,"name":"Un grand m\u00e9nage de printemps&#8230; en \u00e9t\u00e9 !\u00a0"}]},{"@type":"WebSite","@id":"https:\/\/lasentinelle.dz\/#website","url":"https:\/\/lasentinelle.dz\/","name":"La Sentinelle","description":"Quotidien national d&#039;information","publisher":{"@id":"https:\/\/lasentinelle.dz\/#organization"},"potentialAction":[{"@type":"SearchAction","target":{"@type":"EntryPoint","urlTemplate":"https:\/\/lasentinelle.dz\/?s={search_term_string}"},"query-input":{"@type":"PropertyValueSpecification","valueRequired":true,"valueName":"search_term_string"}}],"inLanguage":"fr-FR"},{"@type":"Organization","@id":"https:\/\/lasentinelle.dz\/#organization","name":"Quotidien La Sentinelle","url":"https:\/\/lasentinelle.dz\/","logo":{"@type":"ImageObject","inLanguage":"fr-FR","@id":"https:\/\/lasentinelle.dz\/#\/schema\/logo\/image\/","url":"https:\/\/lasentinelle.dz\/wp-content\/uploads\/2021\/09\/logo-sentinelleSLOGAN-1.png","contentUrl":"https:\/\/lasentinelle.dz\/wp-content\/uploads\/2021\/09\/logo-sentinelleSLOGAN-1.png","width":615,"height":142,"caption":"Quotidien La Sentinelle"},"image":{"@id":"https:\/\/lasentinelle.dz\/#\/schema\/logo\/image\/"},"sameAs":["https:\/\/www.facebook.com\/La-Sentinelle-104059864394773"]},{"@type":"Person","@id":"https:\/\/lasentinelle.dz\/#\/schema\/person\/729ee0024f24e0b8c5ec17232f8e8b41","name":"admin","image":{"@type":"ImageObject","inLanguage":"fr-FR","@id":"https:\/\/secure.gravatar.com\/avatar\/4c81fed838786e9b53f540bf46533e750f5d292099ae3b66cfc6fb1982e29df7?s=96&d=mm&r=g","url":"https:\/\/secure.gravatar.com\/avatar\/4c81fed838786e9b53f540bf46533e750f5d292099ae3b66cfc6fb1982e29df7?s=96&d=mm&r=g","contentUrl":"https:\/\/secure.gravatar.com\/avatar\/4c81fed838786e9b53f540bf46533e750f5d292099ae3b66cfc6fb1982e29df7?s=96&d=mm&r=g","caption":"admin"},"description":"admin","url":"https:\/\/lasentinelle.dz\/author\/admin\/"}]}},"_links":{"self":[{"href":"https:\/\/lasentinelle.dz\/index.php\/wp-json\/wp\/v2\/posts\/71127","targetHints":{"allow":["GET"]}}],"collection":[{"href":"https:\/\/lasentinelle.dz\/index.php\/wp-json\/wp\/v2\/posts"}],"about":[{"href":"https:\/\/lasentinelle.dz\/index.php\/wp-json\/wp\/v2\/types\/post"}],"author":[{"embeddable":true,"href":"https:\/\/lasentinelle.dz\/index.php\/wp-json\/wp\/v2\/users\/6"}],"replies":[{"embeddable":true,"href":"https:\/\/lasentinelle.dz\/index.php\/wp-json\/wp\/v2\/comments?post=71127"}],"version-history":[{"count":2,"href":"https:\/\/lasentinelle.dz\/index.php\/wp-json\/wp\/v2\/posts\/71127\/revisions"}],"predecessor-version":[{"id":71130,"href":"https:\/\/lasentinelle.dz\/index.php\/wp-json\/wp\/v2\/posts\/71127\/revisions\/71130"}],"wp:featuredmedia":[{"embeddable":true,"href":"https:\/\/lasentinelle.dz\/index.php\/wp-json\/wp\/v2\/media\/71128"}],"wp:attachment":[{"href":"https:\/\/lasentinelle.dz\/index.php\/wp-json\/wp\/v2\/media?parent=71127"}],"wp:term":[{"taxonomy":"category","embeddable":true,"href":"https:\/\/lasentinelle.dz\/index.php\/wp-json\/wp\/v2\/categories?post=71127"},{"taxonomy":"post_tag","embeddable":true,"href":"https:\/\/lasentinelle.dz\/index.php\/wp-json\/wp\/v2\/tags?post=71127"}],"curies":[{"name":"wp","href":"https:\/\/api.w.org\/{rel}","templated":true}]}}