{"id":71139,"date":"2025-07-29T21:38:05","date_gmt":"2025-07-29T20:38:05","guid":{"rendered":"https:\/\/lasentinelle.dz\/?p=71139"},"modified":"2025-07-29T21:38:05","modified_gmt":"2025-07-29T20:38:05","slug":"rencontres-nationales-dorientation-des-bacheliers-vers-la-formation-artistique-superieure","status":"publish","type":"post","link":"https:\/\/lasentinelle.dz\/index.php\/2025\/07\/29\/rencontres-nationales-dorientation-des-bacheliers-vers-la-formation-artistique-superieure\/","title":{"rendered":"Rencontres nationales d&rsquo;orientation des bacheliers vers la formation artistique sup\u00e9rieure"},"content":{"rendered":"\n<p>Les rencontres nationales d&rsquo;information et d&rsquo;orientation destin\u00e9es aux \u00e9l\u00e8ves laur\u00e9ats du baccalaur\u00e9at 2025 ont d\u00e9but\u00e9 dimanche dans les maisons de la culture de toutes les wilayas du pays. Cette initiative, lanc\u00e9e par le minist\u00e8re de la Culture et des Arts, s&rsquo;articule autour du slogan \u00ab Vision nationale pour la d\u00e9couverte des comp\u00e9tences locales : votre parcours vers l&rsquo;excellence, du talent au leadership \u00bb.<\/p>\n\n\n\n<p>Ces rencontres s&rsquo;inscrivent dans le cadre de la mise en \u0153uvre des directives du ministre de la Culture et des Arts, Zouhir Ballalou, visant \u00e0 \u00ab renforcer l&rsquo;orientation acad\u00e9mique dans les domaines des arts et du patrimoine \u00bb et \u00e0 permettre aux jeunes talents de diff\u00e9rentes r\u00e9gions du pays de d\u00e9couvrir les horizons de la formation artistique sup\u00e9rieure et d&rsquo;int\u00e9grer les institutions nationales sp\u00e9cialis\u00e9es.&nbsp;&nbsp;D\u00e8s les premi\u00e8res heures du lancement de ces rencontres, les maisons de la culture ont connu une atmosph\u00e8re particuli\u00e8re marqu\u00e9e par \u00ab la r\u00e9activit\u00e9 et la vitalit\u00e9 \u00bb, selon les organisateurs. Les nouveaux bacheliers ont \u00e9t\u00e9 accueillis chaleureusement avec un accompagnement minutieux de la part des \u00e9quipes d&rsquo;orientation sp\u00e9cialis\u00e9es, qui ont fourni des explications d\u00e9taill\u00e9es sur les diff\u00e9rentes sp\u00e9cialit\u00e9s et parcours disponibles dans les domaines du cin\u00e9ma, de la musique, des arts du spectacle, des arts plastiques et de la conservation du patrimoine.<\/p>\n\n\n\n<p>L&rsquo;initiative concerne cinq institutions rattach\u00e9es au secteur culturel qui constituent les piliers de la formation artistique sup\u00e9rieure en Alg\u00e9rie. L&rsquo;Institut national sup\u00e9rieur de cin\u00e9ma forme les futurs professionnels du septi\u00e8me art, tandis que l&rsquo;Institut sup\u00e9rieur des m\u00e9tiers des arts du spectacle pr\u00e9pare les sp\u00e9cialistes du th\u00e9\u00e2tre, de la danse et des arts sc\u00e9niques. L&rsquo;Institut national sup\u00e9rieur de musique d\u00e9veloppe les talents musicaux et forme les interpr\u00e8tes et compositeurs de demain. L&rsquo;\u00c9cole nationale sup\u00e9rieure des beaux-arts cultive la cr\u00e9ativit\u00e9 dans les arts visuels et plastiques, alors que l&rsquo;\u00c9cole nationale sup\u00e9rieure de conservation et de restauration des biens culturels pr\u00e9pare les gardiens du patrimoine national.&nbsp;Les \u00e9quipes d&rsquo;orientation ont mis l&rsquo;accent sur la diversit\u00e9 des d\u00e9bouch\u00e9s professionnels offerts par ces formations, soulignant que ces institutions ne se contentent pas de transmettre des savoirs techniques mais visent \u00e9galement \u00e0 d\u00e9velopper l&rsquo;esprit cr\u00e9atif et entrepreneurial des futurs dipl\u00f4m\u00e9s. Les rencontres incluent des pr\u00e9sentations interactives, des t\u00e9moignages d&rsquo;anciens \u00e9tudiants et des d\u00e9monstrations pratiques pour permettre aux candidats de mieux appr\u00e9hender la r\u00e9alit\u00e9 de ces formations exigeantes.<\/p>\n\n\n\n<p>M.D.<\/p>\n","protected":false},"excerpt":{"rendered":"<p>Les rencontres nationales d&rsquo;information et d&rsquo;orientation destin\u00e9es aux \u00e9l\u00e8ves laur\u00e9ats du baccalaur\u00e9at 2025 ont d\u00e9but\u00e9 dimanche dans les maisons de<\/p>\n","protected":false},"author":6,"featured_media":26824,"comment_status":"open","ping_status":"closed","sticky":false,"template":"","format":"standard","meta":{"colormag_page_container_layout":"default_layout","colormag_page_sidebar_layout":"default_layout","om_disable_all_campaigns":false,"_monsterinsights_skip_tracking":false,"_monsterinsights_sitenote_active":false,"_monsterinsights_sitenote_note":"","_monsterinsights_sitenote_category":0,"footnotes":"","_wpscppro_dont_share_socialmedia":false,"_wpscppro_custom_social_share_image":0,"_facebook_share_type":"default","_twitter_share_type":"default","_linkedin_share_type":"default","_pinterest_share_type":"default","_linkedin_share_type_page":"","_instagram_share_type":"default","_medium_share_type":"default","_threads_share_type":"","_google_business_share_type":"","_selected_social_profile":[],"_wpsp_enable_custom_social_template":false,"_wpsp_social_scheduling":{"enabled":false,"datetime":null,"platforms":[],"status":"template_only","dateOption":"today","timeOption":"now","customDays":"","customHours":"","customDate":"","customTime":"","schedulingType":"absolute"},"_wpsp_active_default_template":true},"categories":[36],"tags":[],"class_list":["post-71139","post","type-post","status-publish","format-standard","has-post-thumbnail","hentry","category-culture"],"aioseo_notices":[],"yoast_head":"<!-- This site is optimized with the Yoast SEO plugin v27.5 - https:\/\/yoast.com\/product\/yoast-seo-wordpress\/ -->\n<title>Rencontres nationales d&rsquo;orientation des bacheliers vers la formation artistique sup\u00e9rieure - La Sentinelle<\/title>\n<meta name=\"robots\" content=\"index, follow, max-snippet:-1, max-image-preview:large, max-video-preview:-1\" \/>\n<link rel=\"canonical\" href=\"https:\/\/lasentinelle.dz\/index.php\/2025\/07\/29\/rencontres-nationales-dorientation-des-bacheliers-vers-la-formation-artistique-superieure\/\" \/>\n<meta property=\"og:locale\" content=\"fr_FR\" \/>\n<meta property=\"og:type\" content=\"article\" \/>\n<meta property=\"og:title\" content=\"Rencontres nationales d&rsquo;orientation des bacheliers vers la formation artistique sup\u00e9rieure - La Sentinelle\" \/>\n<meta property=\"og:description\" content=\"Les rencontres nationales d&rsquo;information et d&rsquo;orientation destin\u00e9es aux \u00e9l\u00e8ves laur\u00e9ats du baccalaur\u00e9at 2025 ont d\u00e9but\u00e9 dimanche dans les maisons de\" \/>\n<meta property=\"og:url\" content=\"https:\/\/lasentinelle.dz\/index.php\/2025\/07\/29\/rencontres-nationales-dorientation-des-bacheliers-vers-la-formation-artistique-superieure\/\" \/>\n<meta property=\"og:site_name\" content=\"La Sentinelle\" \/>\n<meta property=\"article:publisher\" content=\"https:\/\/www.facebook.com\/La-Sentinelle-104059864394773\" \/>\n<meta property=\"article:published_time\" content=\"2025-07-29T20:38:05+00:00\" \/>\n<meta property=\"og:image\" content=\"https:\/\/lasentinelle.dz\/wp-content\/uploads\/2022\/09\/culture.png\" \/>\n\t<meta property=\"og:image:width\" content=\"1350\" \/>\n\t<meta property=\"og:image:height\" content=\"900\" \/>\n\t<meta property=\"og:image:type\" content=\"image\/png\" \/>\n<meta name=\"author\" content=\"admin\" \/>\n<meta name=\"twitter:card\" content=\"summary_large_image\" \/>\n<meta name=\"twitter:label1\" content=\"\u00c9crit par\" \/>\n\t<meta name=\"twitter:data1\" content=\"admin\" \/>\n\t<meta name=\"twitter:label2\" content=\"Dur\u00e9e de lecture estim\u00e9e\" \/>\n\t<meta name=\"twitter:data2\" content=\"3 minutes\" \/>\n<script type=\"application\/ld+json\" class=\"yoast-schema-graph\">{\"@context\":\"https:\\\/\\\/schema.org\",\"@graph\":[{\"@type\":\"Article\",\"@id\":\"https:\\\/\\\/lasentinelle.dz\\\/index.php\\\/2025\\\/07\\\/29\\\/rencontres-nationales-dorientation-des-bacheliers-vers-la-formation-artistique-superieure\\\/#article\",\"isPartOf\":{\"@id\":\"https:\\\/\\\/lasentinelle.dz\\\/index.php\\\/2025\\\/07\\\/29\\\/rencontres-nationales-dorientation-des-bacheliers-vers-la-formation-artistique-superieure\\\/\"},\"author\":{\"name\":\"admin\",\"@id\":\"https:\\\/\\\/lasentinelle.dz\\\/#\\\/schema\\\/person\\\/729ee0024f24e0b8c5ec17232f8e8b41\"},\"headline\":\"Rencontres nationales d&rsquo;orientation des bacheliers vers la formation artistique sup\u00e9rieure\",\"datePublished\":\"2025-07-29T20:38:05+00:00\",\"mainEntityOfPage\":{\"@id\":\"https:\\\/\\\/lasentinelle.dz\\\/index.php\\\/2025\\\/07\\\/29\\\/rencontres-nationales-dorientation-des-bacheliers-vers-la-formation-artistique-superieure\\\/\"},\"wordCount\":467,\"commentCount\":0,\"publisher\":{\"@id\":\"https:\\\/\\\/lasentinelle.dz\\\/#organization\"},\"image\":{\"@id\":\"https:\\\/\\\/lasentinelle.dz\\\/index.php\\\/2025\\\/07\\\/29\\\/rencontres-nationales-dorientation-des-bacheliers-vers-la-formation-artistique-superieure\\\/#primaryimage\"},\"thumbnailUrl\":\"https:\\\/\\\/lasentinelle.dz\\\/wp-content\\\/uploads\\\/2022\\\/09\\\/culture.png\",\"articleSection\":[\"Culture\"],\"inLanguage\":\"fr-FR\",\"potentialAction\":[{\"@type\":\"CommentAction\",\"name\":\"Comment\",\"target\":[\"https:\\\/\\\/lasentinelle.dz\\\/index.php\\\/2025\\\/07\\\/29\\\/rencontres-nationales-dorientation-des-bacheliers-vers-la-formation-artistique-superieure\\\/#respond\"]}]},{\"@type\":\"WebPage\",\"@id\":\"https:\\\/\\\/lasentinelle.dz\\\/index.php\\\/2025\\\/07\\\/29\\\/rencontres-nationales-dorientation-des-bacheliers-vers-la-formation-artistique-superieure\\\/\",\"url\":\"https:\\\/\\\/lasentinelle.dz\\\/index.php\\\/2025\\\/07\\\/29\\\/rencontres-nationales-dorientation-des-bacheliers-vers-la-formation-artistique-superieure\\\/\",\"name\":\"Rencontres nationales d&rsquo;orientation des bacheliers vers la formation artistique sup\u00e9rieure - La Sentinelle\",\"isPartOf\":{\"@id\":\"https:\\\/\\\/lasentinelle.dz\\\/#website\"},\"primaryImageOfPage\":{\"@id\":\"https:\\\/\\\/lasentinelle.dz\\\/index.php\\\/2025\\\/07\\\/29\\\/rencontres-nationales-dorientation-des-bacheliers-vers-la-formation-artistique-superieure\\\/#primaryimage\"},\"image\":{\"@id\":\"https:\\\/\\\/lasentinelle.dz\\\/index.php\\\/2025\\\/07\\\/29\\\/rencontres-nationales-dorientation-des-bacheliers-vers-la-formation-artistique-superieure\\\/#primaryimage\"},\"thumbnailUrl\":\"https:\\\/\\\/lasentinelle.dz\\\/wp-content\\\/uploads\\\/2022\\\/09\\\/culture.png\",\"datePublished\":\"2025-07-29T20:38:05+00:00\",\"breadcrumb\":{\"@id\":\"https:\\\/\\\/lasentinelle.dz\\\/index.php\\\/2025\\\/07\\\/29\\\/rencontres-nationales-dorientation-des-bacheliers-vers-la-formation-artistique-superieure\\\/#breadcrumb\"},\"inLanguage\":\"fr-FR\",\"potentialAction\":[{\"@type\":\"ReadAction\",\"target\":[\"https:\\\/\\\/lasentinelle.dz\\\/index.php\\\/2025\\\/07\\\/29\\\/rencontres-nationales-dorientation-des-bacheliers-vers-la-formation-artistique-superieure\\\/\"]}]},{\"@type\":\"ImageObject\",\"inLanguage\":\"fr-FR\",\"@id\":\"https:\\\/\\\/lasentinelle.dz\\\/index.php\\\/2025\\\/07\\\/29\\\/rencontres-nationales-dorientation-des-bacheliers-vers-la-formation-artistique-superieure\\\/#primaryimage\",\"url\":\"https:\\\/\\\/lasentinelle.dz\\\/wp-content\\\/uploads\\\/2022\\\/09\\\/culture.png\",\"contentUrl\":\"https:\\\/\\\/lasentinelle.dz\\\/wp-content\\\/uploads\\\/2022\\\/09\\\/culture.png\",\"width\":1350,\"height\":900},{\"@type\":\"BreadcrumbList\",\"@id\":\"https:\\\/\\\/lasentinelle.dz\\\/index.php\\\/2025\\\/07\\\/29\\\/rencontres-nationales-dorientation-des-bacheliers-vers-la-formation-artistique-superieure\\\/#breadcrumb\",\"itemListElement\":[{\"@type\":\"ListItem\",\"position\":1,\"name\":\"Accueil\",\"item\":\"https:\\\/\\\/lasentinelle.dz\\\/\"},{\"@type\":\"ListItem\",\"position\":2,\"name\":\"Rencontres nationales d&rsquo;orientation des bacheliers vers la formation artistique sup\u00e9rieure\"}]},{\"@type\":\"WebSite\",\"@id\":\"https:\\\/\\\/lasentinelle.dz\\\/#website\",\"url\":\"https:\\\/\\\/lasentinelle.dz\\\/\",\"name\":\"La Sentinelle\",\"description\":\"Quotidien national d&#039;information\",\"publisher\":{\"@id\":\"https:\\\/\\\/lasentinelle.dz\\\/#organization\"},\"potentialAction\":[{\"@type\":\"SearchAction\",\"target\":{\"@type\":\"EntryPoint\",\"urlTemplate\":\"https:\\\/\\\/lasentinelle.dz\\\/?s={search_term_string}\"},\"query-input\":{\"@type\":\"PropertyValueSpecification\",\"valueRequired\":true,\"valueName\":\"search_term_string\"}}],\"inLanguage\":\"fr-FR\"},{\"@type\":\"Organization\",\"@id\":\"https:\\\/\\\/lasentinelle.dz\\\/#organization\",\"name\":\"Quotidien La Sentinelle\",\"url\":\"https:\\\/\\\/lasentinelle.dz\\\/\",\"logo\":{\"@type\":\"ImageObject\",\"inLanguage\":\"fr-FR\",\"@id\":\"https:\\\/\\\/lasentinelle.dz\\\/#\\\/schema\\\/logo\\\/image\\\/\",\"url\":\"https:\\\/\\\/lasentinelle.dz\\\/wp-content\\\/uploads\\\/2021\\\/09\\\/logo-sentinelleSLOGAN-1.png\",\"contentUrl\":\"https:\\\/\\\/lasentinelle.dz\\\/wp-content\\\/uploads\\\/2021\\\/09\\\/logo-sentinelleSLOGAN-1.png\",\"width\":615,\"height\":142,\"caption\":\"Quotidien La Sentinelle\"},\"image\":{\"@id\":\"https:\\\/\\\/lasentinelle.dz\\\/#\\\/schema\\\/logo\\\/image\\\/\"},\"sameAs\":[\"https:\\\/\\\/www.facebook.com\\\/La-Sentinelle-104059864394773\"]},{\"@type\":\"Person\",\"@id\":\"https:\\\/\\\/lasentinelle.dz\\\/#\\\/schema\\\/person\\\/729ee0024f24e0b8c5ec17232f8e8b41\",\"name\":\"admin\",\"image\":{\"@type\":\"ImageObject\",\"inLanguage\":\"fr-FR\",\"@id\":\"https:\\\/\\\/secure.gravatar.com\\\/avatar\\\/4c81fed838786e9b53f540bf46533e750f5d292099ae3b66cfc6fb1982e29df7?s=96&d=mm&r=g\",\"url\":\"https:\\\/\\\/secure.gravatar.com\\\/avatar\\\/4c81fed838786e9b53f540bf46533e750f5d292099ae3b66cfc6fb1982e29df7?s=96&d=mm&r=g\",\"contentUrl\":\"https:\\\/\\\/secure.gravatar.com\\\/avatar\\\/4c81fed838786e9b53f540bf46533e750f5d292099ae3b66cfc6fb1982e29df7?s=96&d=mm&r=g\",\"caption\":\"admin\"},\"description\":\"admin\",\"url\":\"https:\\\/\\\/lasentinelle.dz\\\/author\\\/admin\\\/\"}]}<\/script>\n<!-- \/ Yoast SEO plugin. -->","yoast_head_json":{"title":"Rencontres nationales d&rsquo;orientation des bacheliers vers la formation artistique sup\u00e9rieure - La Sentinelle","robots":{"index":"index","follow":"follow","max-snippet":"max-snippet:-1","max-image-preview":"max-image-preview:large","max-video-preview":"max-video-preview:-1"},"canonical":"https:\/\/lasentinelle.dz\/index.php\/2025\/07\/29\/rencontres-nationales-dorientation-des-bacheliers-vers-la-formation-artistique-superieure\/","og_locale":"fr_FR","og_type":"article","og_title":"Rencontres nationales d&rsquo;orientation des bacheliers vers la formation artistique sup\u00e9rieure - La Sentinelle","og_description":"Les rencontres nationales d&rsquo;information et d&rsquo;orientation destin\u00e9es aux \u00e9l\u00e8ves laur\u00e9ats du baccalaur\u00e9at 2025 ont d\u00e9but\u00e9 dimanche dans les maisons de","og_url":"https:\/\/lasentinelle.dz\/index.php\/2025\/07\/29\/rencontres-nationales-dorientation-des-bacheliers-vers-la-formation-artistique-superieure\/","og_site_name":"La Sentinelle","article_publisher":"https:\/\/www.facebook.com\/La-Sentinelle-104059864394773","article_published_time":"2025-07-29T20:38:05+00:00","og_image":[{"width":1350,"height":900,"url":"https:\/\/lasentinelle.dz\/wp-content\/uploads\/2022\/09\/culture.png","type":"image\/png"}],"author":"admin","twitter_card":"summary_large_image","twitter_misc":{"\u00c9crit par":"admin","Dur\u00e9e de lecture estim\u00e9e":"3 minutes"},"schema":{"@context":"https:\/\/schema.org","@graph":[{"@type":"Article","@id":"https:\/\/lasentinelle.dz\/index.php\/2025\/07\/29\/rencontres-nationales-dorientation-des-bacheliers-vers-la-formation-artistique-superieure\/#article","isPartOf":{"@id":"https:\/\/lasentinelle.dz\/index.php\/2025\/07\/29\/rencontres-nationales-dorientation-des-bacheliers-vers-la-formation-artistique-superieure\/"},"author":{"name":"admin","@id":"https:\/\/lasentinelle.dz\/#\/schema\/person\/729ee0024f24e0b8c5ec17232f8e8b41"},"headline":"Rencontres nationales d&rsquo;orientation des bacheliers vers la formation artistique sup\u00e9rieure","datePublished":"2025-07-29T20:38:05+00:00","mainEntityOfPage":{"@id":"https:\/\/lasentinelle.dz\/index.php\/2025\/07\/29\/rencontres-nationales-dorientation-des-bacheliers-vers-la-formation-artistique-superieure\/"},"wordCount":467,"commentCount":0,"publisher":{"@id":"https:\/\/lasentinelle.dz\/#organization"},"image":{"@id":"https:\/\/lasentinelle.dz\/index.php\/2025\/07\/29\/rencontres-nationales-dorientation-des-bacheliers-vers-la-formation-artistique-superieure\/#primaryimage"},"thumbnailUrl":"https:\/\/lasentinelle.dz\/wp-content\/uploads\/2022\/09\/culture.png","articleSection":["Culture"],"inLanguage":"fr-FR","potentialAction":[{"@type":"CommentAction","name":"Comment","target":["https:\/\/lasentinelle.dz\/index.php\/2025\/07\/29\/rencontres-nationales-dorientation-des-bacheliers-vers-la-formation-artistique-superieure\/#respond"]}]},{"@type":"WebPage","@id":"https:\/\/lasentinelle.dz\/index.php\/2025\/07\/29\/rencontres-nationales-dorientation-des-bacheliers-vers-la-formation-artistique-superieure\/","url":"https:\/\/lasentinelle.dz\/index.php\/2025\/07\/29\/rencontres-nationales-dorientation-des-bacheliers-vers-la-formation-artistique-superieure\/","name":"Rencontres nationales d&rsquo;orientation des bacheliers vers la formation artistique sup\u00e9rieure - La Sentinelle","isPartOf":{"@id":"https:\/\/lasentinelle.dz\/#website"},"primaryImageOfPage":{"@id":"https:\/\/lasentinelle.dz\/index.php\/2025\/07\/29\/rencontres-nationales-dorientation-des-bacheliers-vers-la-formation-artistique-superieure\/#primaryimage"},"image":{"@id":"https:\/\/lasentinelle.dz\/index.php\/2025\/07\/29\/rencontres-nationales-dorientation-des-bacheliers-vers-la-formation-artistique-superieure\/#primaryimage"},"thumbnailUrl":"https:\/\/lasentinelle.dz\/wp-content\/uploads\/2022\/09\/culture.png","datePublished":"2025-07-29T20:38:05+00:00","breadcrumb":{"@id":"https:\/\/lasentinelle.dz\/index.php\/2025\/07\/29\/rencontres-nationales-dorientation-des-bacheliers-vers-la-formation-artistique-superieure\/#breadcrumb"},"inLanguage":"fr-FR","potentialAction":[{"@type":"ReadAction","target":["https:\/\/lasentinelle.dz\/index.php\/2025\/07\/29\/rencontres-nationales-dorientation-des-bacheliers-vers-la-formation-artistique-superieure\/"]}]},{"@type":"ImageObject","inLanguage":"fr-FR","@id":"https:\/\/lasentinelle.dz\/index.php\/2025\/07\/29\/rencontres-nationales-dorientation-des-bacheliers-vers-la-formation-artistique-superieure\/#primaryimage","url":"https:\/\/lasentinelle.dz\/wp-content\/uploads\/2022\/09\/culture.png","contentUrl":"https:\/\/lasentinelle.dz\/wp-content\/uploads\/2022\/09\/culture.png","width":1350,"height":900},{"@type":"BreadcrumbList","@id":"https:\/\/lasentinelle.dz\/index.php\/2025\/07\/29\/rencontres-nationales-dorientation-des-bacheliers-vers-la-formation-artistique-superieure\/#breadcrumb","itemListElement":[{"@type":"ListItem","position":1,"name":"Accueil","item":"https:\/\/lasentinelle.dz\/"},{"@type":"ListItem","position":2,"name":"Rencontres nationales d&rsquo;orientation des bacheliers vers la formation artistique sup\u00e9rieure"}]},{"@type":"WebSite","@id":"https:\/\/lasentinelle.dz\/#website","url":"https:\/\/lasentinelle.dz\/","name":"La Sentinelle","description":"Quotidien national d&#039;information","publisher":{"@id":"https:\/\/lasentinelle.dz\/#organization"},"potentialAction":[{"@type":"SearchAction","target":{"@type":"EntryPoint","urlTemplate":"https:\/\/lasentinelle.dz\/?s={search_term_string}"},"query-input":{"@type":"PropertyValueSpecification","valueRequired":true,"valueName":"search_term_string"}}],"inLanguage":"fr-FR"},{"@type":"Organization","@id":"https:\/\/lasentinelle.dz\/#organization","name":"Quotidien La Sentinelle","url":"https:\/\/lasentinelle.dz\/","logo":{"@type":"ImageObject","inLanguage":"fr-FR","@id":"https:\/\/lasentinelle.dz\/#\/schema\/logo\/image\/","url":"https:\/\/lasentinelle.dz\/wp-content\/uploads\/2021\/09\/logo-sentinelleSLOGAN-1.png","contentUrl":"https:\/\/lasentinelle.dz\/wp-content\/uploads\/2021\/09\/logo-sentinelleSLOGAN-1.png","width":615,"height":142,"caption":"Quotidien La Sentinelle"},"image":{"@id":"https:\/\/lasentinelle.dz\/#\/schema\/logo\/image\/"},"sameAs":["https:\/\/www.facebook.com\/La-Sentinelle-104059864394773"]},{"@type":"Person","@id":"https:\/\/lasentinelle.dz\/#\/schema\/person\/729ee0024f24e0b8c5ec17232f8e8b41","name":"admin","image":{"@type":"ImageObject","inLanguage":"fr-FR","@id":"https:\/\/secure.gravatar.com\/avatar\/4c81fed838786e9b53f540bf46533e750f5d292099ae3b66cfc6fb1982e29df7?s=96&d=mm&r=g","url":"https:\/\/secure.gravatar.com\/avatar\/4c81fed838786e9b53f540bf46533e750f5d292099ae3b66cfc6fb1982e29df7?s=96&d=mm&r=g","contentUrl":"https:\/\/secure.gravatar.com\/avatar\/4c81fed838786e9b53f540bf46533e750f5d292099ae3b66cfc6fb1982e29df7?s=96&d=mm&r=g","caption":"admin"},"description":"admin","url":"https:\/\/lasentinelle.dz\/author\/admin\/"}]}},"_links":{"self":[{"href":"https:\/\/lasentinelle.dz\/index.php\/wp-json\/wp\/v2\/posts\/71139","targetHints":{"allow":["GET"]}}],"collection":[{"href":"https:\/\/lasentinelle.dz\/index.php\/wp-json\/wp\/v2\/posts"}],"about":[{"href":"https:\/\/lasentinelle.dz\/index.php\/wp-json\/wp\/v2\/types\/post"}],"author":[{"embeddable":true,"href":"https:\/\/lasentinelle.dz\/index.php\/wp-json\/wp\/v2\/users\/6"}],"replies":[{"embeddable":true,"href":"https:\/\/lasentinelle.dz\/index.php\/wp-json\/wp\/v2\/comments?post=71139"}],"version-history":[{"count":2,"href":"https:\/\/lasentinelle.dz\/index.php\/wp-json\/wp\/v2\/posts\/71139\/revisions"}],"predecessor-version":[{"id":71141,"href":"https:\/\/lasentinelle.dz\/index.php\/wp-json\/wp\/v2\/posts\/71139\/revisions\/71141"}],"wp:featuredmedia":[{"embeddable":true,"href":"https:\/\/lasentinelle.dz\/index.php\/wp-json\/wp\/v2\/media\/26824"}],"wp:attachment":[{"href":"https:\/\/lasentinelle.dz\/index.php\/wp-json\/wp\/v2\/media?parent=71139"}],"wp:term":[{"taxonomy":"category","embeddable":true,"href":"https:\/\/lasentinelle.dz\/index.php\/wp-json\/wp\/v2\/categories?post=71139"},{"taxonomy":"post_tag","embeddable":true,"href":"https:\/\/lasentinelle.dz\/index.php\/wp-json\/wp\/v2\/tags?post=71139"}],"curies":[{"name":"wp","href":"https:\/\/api.w.org\/{rel}","templated":true}]}}