{"id":71142,"date":"2025-07-29T21:39:13","date_gmt":"2025-07-29T20:39:13","guid":{"rendered":"https:\/\/lasentinelle.dz\/?p=71142"},"modified":"2025-07-29T21:56:41","modified_gmt":"2025-07-29T20:56:41","slug":"une-ecole-pour-former-aux-metiers-du-cinema","status":"publish","type":"post","link":"https:\/\/lasentinelle.dz\/index.php\/2025\/07\/29\/une-ecole-pour-former-aux-metiers-du-cinema\/","title":{"rendered":"Une \u00e9cole pour former aux m\u00e9tiers du cin\u00e9ma"},"content":{"rendered":"\n<p>L&rsquo;Alg\u00e9rie franchit une nouvelle \u00e9tape dans le d\u00e9veloppement de son industrie cin\u00e9matographique avec la publication de l&rsquo;arr\u00eat\u00e9 interminist\u00e9riel fixant l&rsquo;organisation interne de l&rsquo;Institut national sup\u00e9rieur du cin\u00e9ma \u00ab\u00a0Mohamed Lakhdar Hamina\u00a0\u00bb. Ce texte officiel, sign\u00e9 conjointement par le ministre de la Culture et des Arts Zouhir Ballalou, le ministre des Finances Abdelkrim Bouzred et le charg\u00e9 de la gestion de la direction g\u00e9n\u00e9rale de la fonction publique Abdelouahab Laouici, dessine les contours administratifs et p\u00e9dagogiques de cette institution strat\u00e9gique pour l&rsquo;avenir du septi\u00e8me art national.<\/p>\n\n\n\n<p>Inaugur\u00e9 officiellement en octobre 2024, cet \u00e9tablissement d&rsquo;enseignement sup\u00e9rieur s&rsquo;articule d\u00e9sormais autour de deux grandes sous-directions qui refl\u00e8tent sa double vocation acad\u00e9mique et administrative. La sous-direction des affaires p\u00e9dagogiques constitue le c\u0153ur battant de l&rsquo;institution, regroupant quatre d\u00e9partements sp\u00e9cialis\u00e9s qui couvrent l&rsquo;ensemble de la cha\u00eene de cr\u00e9ation cin\u00e9matographique. Le d\u00e9partement de la formation, v\u00e9ritable pilier de l&rsquo;\u00e9tablissement, coordonne cinq services d\u00e9di\u00e9s respectivement \u00e0 la formation, aux dipl\u00f4mes et aux stages, \u00e0 la recherche, \u00e0 la documentation et aux archives, aux relations nationales et internationales, ainsi qu&rsquo;aux moyens techniques cin\u00e9matographiques. Cette architecture administrative t\u00e9moigne de l&rsquo;ambition de l&rsquo;institut de s&rsquo;inscrire dans une d\u00e9marche de rayonnement international tout en d\u00e9veloppant un \u00e9cosyst\u00e8me local de formation et de recherche.<\/p>\n\n\n\n<p>Les trois autres d\u00e9partements de cette sous-direction p\u00e9dagogique se concentrent sur les aspects techniques et artistiques de la production audiovisuelle. Le d\u00e9partement de la production forme les futurs producteurs et gestionnaires de projets cin\u00e9matographiques, tandis que le d\u00e9partement de r\u00e9alisation et du sc\u00e9nario d\u00e9veloppe les comp\u00e9tences cr\u00e9atives et narratives indispensables \u00e0 l&rsquo;\u00e9criture et \u00e0 la mise en sc\u00e8ne. Le d\u00e9partement du son et de l&rsquo;image compl\u00e8te cette offre en formant aux m\u00e9tiers techniques essentiels \u00e0 la qualit\u00e9 des \u0153uvres audiovisuelles.<\/p>\n\n\n\n<p>La sous-direction de l&rsquo;administration des moyens et des finances assure quant \u00e0 elle le fonctionnement op\u00e9rationnel de l&rsquo;\u00e9tablissement \u00e0 travers trois services strat\u00e9giques. Le service des moyens g\u00e9n\u00e9raux, de la maintenance et de la s\u00e9curit\u00e9 garantit les conditions mat\u00e9rielles d&rsquo;enseignement et de cr\u00e9ation, particuli\u00e8rement cruciales dans un domaine o\u00f9 l&rsquo;\u00e9quipement technique repr\u00e9sente un investissement consid\u00e9rable. Le service du personnel et de la formation accompagne le d\u00e9veloppement des ressources humaines, \u00e9l\u00e9ment d\u00e9terminant pour la qualit\u00e9 p\u00e9dagogique, tandis que le service de la comptabilit\u00e9 et des finances assure la gestion rigoureuse des ressources financi\u00e8res.&nbsp;Cette structuration administrative s&rsquo;inscrit dans le cadre du syst\u00e8me LMD (licence, master, doctorat) adopt\u00e9 par l&rsquo;institut, qui propose une premi\u00e8re ann\u00e9e de tronc commun avant l&rsquo;orientation vers les sp\u00e9cialit\u00e9s de l&rsquo;industrie cin\u00e9matographique en deuxi\u00e8me ann\u00e9e. Cette approche progressive permet aux \u00e9tudiants d&rsquo;acqu\u00e9rir une culture g\u00e9n\u00e9rale solide avant de se sp\u00e9cialiser dans leur domaine de pr\u00e9dilection, favorisant ainsi une compr\u00e9hension globale des enjeux de la cr\u00e9ation audiovisuelle.<\/p>\n\n\n\n<p>L&rsquo;organisation ainsi d\u00e9finie t\u00e9moigne de la volont\u00e9 des autorit\u00e9s alg\u00e9riennes de doter le pays d&rsquo;une institution de formation cin\u00e9matographique de haut niveau, capable de former les professionnels qui contribueront au renouveau du cin\u00e9ma national et \u00e0 son rayonnement international.&nbsp;Inaugur\u00e9 officiellement en octobre 2024, l\u2019Institut national sup\u00e9rieur du cin\u00e9ma, baptis\u00e9 \u00ab\u00a0Mohamed Lakhdar Hamina\u00a0\u00bb, propose des formations sup\u00e9rieures suivant le syst\u00e8me LMD (licence, master, doctorat), avec une premi\u00e8re ann\u00e9e en tronc commun, avant l&rsquo;orientation des \u00e9tudiants en deuxi\u00e8me ann\u00e9e vers les sp\u00e9cialit\u00e9s de l&rsquo;industrie cin\u00e9matographique.<\/p>\n\n\n\n<p>M.D.<\/p>\n","protected":false},"excerpt":{"rendered":"<p>L&rsquo;Alg\u00e9rie franchit une nouvelle \u00e9tape dans le d\u00e9veloppement de son industrie cin\u00e9matographique avec la publication de l&rsquo;arr\u00eat\u00e9 interminist\u00e9riel fixant l&rsquo;organisation<\/p>\n","protected":false},"author":6,"featured_media":71143,"comment_status":"open","ping_status":"closed","sticky":false,"template":"","format":"standard","meta":{"colormag_page_container_layout":"default_layout","colormag_page_sidebar_layout":"default_layout","om_disable_all_campaigns":false,"_monsterinsights_skip_tracking":false,"_monsterinsights_sitenote_active":false,"_monsterinsights_sitenote_note":"","_monsterinsights_sitenote_category":0,"footnotes":"","_wpscppro_dont_share_socialmedia":false,"_wpscppro_custom_social_share_image":0,"_facebook_share_type":"default","_twitter_share_type":"default","_linkedin_share_type":"default","_pinterest_share_type":"default","_linkedin_share_type_page":"","_instagram_share_type":"default","_medium_share_type":"default","_threads_share_type":"","_google_business_share_type":"","_selected_social_profile":[],"_wpsp_enable_custom_social_template":false,"_wpsp_social_scheduling":{"enabled":false,"datetime":null,"platforms":[],"status":"template_only","dateOption":"today","timeOption":"now","customDays":"","customHours":"","customDate":"","customTime":"","schedulingType":"absolute"},"_wpsp_active_default_template":true},"categories":[36],"tags":[],"class_list":["post-71142","post","type-post","status-publish","format-standard","has-post-thumbnail","hentry","category-culture"],"aioseo_notices":[],"yoast_head":"<!-- This site is optimized with the Yoast SEO plugin v27.5 - https:\/\/yoast.com\/product\/yoast-seo-wordpress\/ -->\n<title>Une \u00e9cole pour former aux m\u00e9tiers du cin\u00e9ma - La Sentinelle<\/title>\n<meta name=\"robots\" content=\"index, follow, max-snippet:-1, max-image-preview:large, max-video-preview:-1\" \/>\n<link rel=\"canonical\" href=\"https:\/\/lasentinelle.dz\/index.php\/2025\/07\/29\/une-ecole-pour-former-aux-metiers-du-cinema\/\" \/>\n<meta property=\"og:locale\" content=\"fr_FR\" \/>\n<meta property=\"og:type\" content=\"article\" \/>\n<meta property=\"og:title\" content=\"Une \u00e9cole pour former aux m\u00e9tiers du cin\u00e9ma - La Sentinelle\" \/>\n<meta property=\"og:description\" content=\"L&rsquo;Alg\u00e9rie franchit une nouvelle \u00e9tape dans le d\u00e9veloppement de son industrie cin\u00e9matographique avec la publication de l&rsquo;arr\u00eat\u00e9 interminist\u00e9riel fixant l&rsquo;organisation\" \/>\n<meta property=\"og:url\" content=\"https:\/\/lasentinelle.dz\/index.php\/2025\/07\/29\/une-ecole-pour-former-aux-metiers-du-cinema\/\" \/>\n<meta property=\"og:site_name\" content=\"La Sentinelle\" \/>\n<meta property=\"article:publisher\" content=\"https:\/\/www.facebook.com\/La-Sentinelle-104059864394773\" \/>\n<meta property=\"article:published_time\" content=\"2025-07-29T20:39:13+00:00\" \/>\n<meta property=\"article:modified_time\" content=\"2025-07-29T20:56:41+00:00\" \/>\n<meta property=\"og:image\" content=\"https:\/\/lasentinelle.dz\/wp-content\/uploads\/2025\/07\/institut-cinema.jpeg\" \/>\n\t<meta property=\"og:image:width\" content=\"696\" \/>\n\t<meta property=\"og:image:height\" content=\"464\" \/>\n\t<meta property=\"og:image:type\" content=\"image\/jpeg\" \/>\n<meta name=\"author\" content=\"admin\" \/>\n<meta name=\"twitter:card\" content=\"summary_large_image\" \/>\n<meta name=\"twitter:label1\" content=\"\u00c9crit par\" \/>\n\t<meta name=\"twitter:data1\" content=\"admin\" \/>\n\t<meta name=\"twitter:label2\" content=\"Dur\u00e9e de lecture estim\u00e9e\" \/>\n\t<meta name=\"twitter:data2\" content=\"3 minutes\" \/>\n<script type=\"application\/ld+json\" class=\"yoast-schema-graph\">{\"@context\":\"https:\\\/\\\/schema.org\",\"@graph\":[{\"@type\":\"Article\",\"@id\":\"https:\\\/\\\/lasentinelle.dz\\\/index.php\\\/2025\\\/07\\\/29\\\/une-ecole-pour-former-aux-metiers-du-cinema\\\/#article\",\"isPartOf\":{\"@id\":\"https:\\\/\\\/lasentinelle.dz\\\/index.php\\\/2025\\\/07\\\/29\\\/une-ecole-pour-former-aux-metiers-du-cinema\\\/\"},\"author\":{\"name\":\"admin\",\"@id\":\"https:\\\/\\\/lasentinelle.dz\\\/#\\\/schema\\\/person\\\/729ee0024f24e0b8c5ec17232f8e8b41\"},\"headline\":\"Une \u00e9cole pour former aux m\u00e9tiers du cin\u00e9ma\",\"datePublished\":\"2025-07-29T20:39:13+00:00\",\"dateModified\":\"2025-07-29T20:56:41+00:00\",\"mainEntityOfPage\":{\"@id\":\"https:\\\/\\\/lasentinelle.dz\\\/index.php\\\/2025\\\/07\\\/29\\\/une-ecole-pour-former-aux-metiers-du-cinema\\\/\"},\"wordCount\":650,\"commentCount\":0,\"publisher\":{\"@id\":\"https:\\\/\\\/lasentinelle.dz\\\/#organization\"},\"image\":{\"@id\":\"https:\\\/\\\/lasentinelle.dz\\\/index.php\\\/2025\\\/07\\\/29\\\/une-ecole-pour-former-aux-metiers-du-cinema\\\/#primaryimage\"},\"thumbnailUrl\":\"https:\\\/\\\/lasentinelle.dz\\\/wp-content\\\/uploads\\\/2025\\\/07\\\/institut-cinema.jpeg\",\"articleSection\":[\"Culture\"],\"inLanguage\":\"fr-FR\",\"potentialAction\":[{\"@type\":\"CommentAction\",\"name\":\"Comment\",\"target\":[\"https:\\\/\\\/lasentinelle.dz\\\/index.php\\\/2025\\\/07\\\/29\\\/une-ecole-pour-former-aux-metiers-du-cinema\\\/#respond\"]}]},{\"@type\":\"WebPage\",\"@id\":\"https:\\\/\\\/lasentinelle.dz\\\/index.php\\\/2025\\\/07\\\/29\\\/une-ecole-pour-former-aux-metiers-du-cinema\\\/\",\"url\":\"https:\\\/\\\/lasentinelle.dz\\\/index.php\\\/2025\\\/07\\\/29\\\/une-ecole-pour-former-aux-metiers-du-cinema\\\/\",\"name\":\"Une \u00e9cole pour former aux m\u00e9tiers du cin\u00e9ma - La Sentinelle\",\"isPartOf\":{\"@id\":\"https:\\\/\\\/lasentinelle.dz\\\/#website\"},\"primaryImageOfPage\":{\"@id\":\"https:\\\/\\\/lasentinelle.dz\\\/index.php\\\/2025\\\/07\\\/29\\\/une-ecole-pour-former-aux-metiers-du-cinema\\\/#primaryimage\"},\"image\":{\"@id\":\"https:\\\/\\\/lasentinelle.dz\\\/index.php\\\/2025\\\/07\\\/29\\\/une-ecole-pour-former-aux-metiers-du-cinema\\\/#primaryimage\"},\"thumbnailUrl\":\"https:\\\/\\\/lasentinelle.dz\\\/wp-content\\\/uploads\\\/2025\\\/07\\\/institut-cinema.jpeg\",\"datePublished\":\"2025-07-29T20:39:13+00:00\",\"dateModified\":\"2025-07-29T20:56:41+00:00\",\"breadcrumb\":{\"@id\":\"https:\\\/\\\/lasentinelle.dz\\\/index.php\\\/2025\\\/07\\\/29\\\/une-ecole-pour-former-aux-metiers-du-cinema\\\/#breadcrumb\"},\"inLanguage\":\"fr-FR\",\"potentialAction\":[{\"@type\":\"ReadAction\",\"target\":[\"https:\\\/\\\/lasentinelle.dz\\\/index.php\\\/2025\\\/07\\\/29\\\/une-ecole-pour-former-aux-metiers-du-cinema\\\/\"]}]},{\"@type\":\"ImageObject\",\"inLanguage\":\"fr-FR\",\"@id\":\"https:\\\/\\\/lasentinelle.dz\\\/index.php\\\/2025\\\/07\\\/29\\\/une-ecole-pour-former-aux-metiers-du-cinema\\\/#primaryimage\",\"url\":\"https:\\\/\\\/lasentinelle.dz\\\/wp-content\\\/uploads\\\/2025\\\/07\\\/institut-cinema.jpeg\",\"contentUrl\":\"https:\\\/\\\/lasentinelle.dz\\\/wp-content\\\/uploads\\\/2025\\\/07\\\/institut-cinema.jpeg\",\"width\":696,\"height\":464},{\"@type\":\"BreadcrumbList\",\"@id\":\"https:\\\/\\\/lasentinelle.dz\\\/index.php\\\/2025\\\/07\\\/29\\\/une-ecole-pour-former-aux-metiers-du-cinema\\\/#breadcrumb\",\"itemListElement\":[{\"@type\":\"ListItem\",\"position\":1,\"name\":\"Accueil\",\"item\":\"https:\\\/\\\/lasentinelle.dz\\\/\"},{\"@type\":\"ListItem\",\"position\":2,\"name\":\"Une \u00e9cole pour former aux m\u00e9tiers du cin\u00e9ma\"}]},{\"@type\":\"WebSite\",\"@id\":\"https:\\\/\\\/lasentinelle.dz\\\/#website\",\"url\":\"https:\\\/\\\/lasentinelle.dz\\\/\",\"name\":\"La Sentinelle\",\"description\":\"Quotidien national d&#039;information\",\"publisher\":{\"@id\":\"https:\\\/\\\/lasentinelle.dz\\\/#organization\"},\"potentialAction\":[{\"@type\":\"SearchAction\",\"target\":{\"@type\":\"EntryPoint\",\"urlTemplate\":\"https:\\\/\\\/lasentinelle.dz\\\/?s={search_term_string}\"},\"query-input\":{\"@type\":\"PropertyValueSpecification\",\"valueRequired\":true,\"valueName\":\"search_term_string\"}}],\"inLanguage\":\"fr-FR\"},{\"@type\":\"Organization\",\"@id\":\"https:\\\/\\\/lasentinelle.dz\\\/#organization\",\"name\":\"Quotidien La Sentinelle\",\"url\":\"https:\\\/\\\/lasentinelle.dz\\\/\",\"logo\":{\"@type\":\"ImageObject\",\"inLanguage\":\"fr-FR\",\"@id\":\"https:\\\/\\\/lasentinelle.dz\\\/#\\\/schema\\\/logo\\\/image\\\/\",\"url\":\"https:\\\/\\\/lasentinelle.dz\\\/wp-content\\\/uploads\\\/2021\\\/09\\\/logo-sentinelleSLOGAN-1.png\",\"contentUrl\":\"https:\\\/\\\/lasentinelle.dz\\\/wp-content\\\/uploads\\\/2021\\\/09\\\/logo-sentinelleSLOGAN-1.png\",\"width\":615,\"height\":142,\"caption\":\"Quotidien La Sentinelle\"},\"image\":{\"@id\":\"https:\\\/\\\/lasentinelle.dz\\\/#\\\/schema\\\/logo\\\/image\\\/\"},\"sameAs\":[\"https:\\\/\\\/www.facebook.com\\\/La-Sentinelle-104059864394773\"]},{\"@type\":\"Person\",\"@id\":\"https:\\\/\\\/lasentinelle.dz\\\/#\\\/schema\\\/person\\\/729ee0024f24e0b8c5ec17232f8e8b41\",\"name\":\"admin\",\"image\":{\"@type\":\"ImageObject\",\"inLanguage\":\"fr-FR\",\"@id\":\"https:\\\/\\\/secure.gravatar.com\\\/avatar\\\/4c81fed838786e9b53f540bf46533e750f5d292099ae3b66cfc6fb1982e29df7?s=96&d=mm&r=g\",\"url\":\"https:\\\/\\\/secure.gravatar.com\\\/avatar\\\/4c81fed838786e9b53f540bf46533e750f5d292099ae3b66cfc6fb1982e29df7?s=96&d=mm&r=g\",\"contentUrl\":\"https:\\\/\\\/secure.gravatar.com\\\/avatar\\\/4c81fed838786e9b53f540bf46533e750f5d292099ae3b66cfc6fb1982e29df7?s=96&d=mm&r=g\",\"caption\":\"admin\"},\"description\":\"admin\",\"url\":\"https:\\\/\\\/lasentinelle.dz\\\/author\\\/admin\\\/\"}]}<\/script>\n<!-- \/ Yoast SEO plugin. -->","yoast_head_json":{"title":"Une \u00e9cole pour former aux m\u00e9tiers du cin\u00e9ma - La Sentinelle","robots":{"index":"index","follow":"follow","max-snippet":"max-snippet:-1","max-image-preview":"max-image-preview:large","max-video-preview":"max-video-preview:-1"},"canonical":"https:\/\/lasentinelle.dz\/index.php\/2025\/07\/29\/une-ecole-pour-former-aux-metiers-du-cinema\/","og_locale":"fr_FR","og_type":"article","og_title":"Une \u00e9cole pour former aux m\u00e9tiers du cin\u00e9ma - La Sentinelle","og_description":"L&rsquo;Alg\u00e9rie franchit une nouvelle \u00e9tape dans le d\u00e9veloppement de son industrie cin\u00e9matographique avec la publication de l&rsquo;arr\u00eat\u00e9 interminist\u00e9riel fixant l&rsquo;organisation","og_url":"https:\/\/lasentinelle.dz\/index.php\/2025\/07\/29\/une-ecole-pour-former-aux-metiers-du-cinema\/","og_site_name":"La Sentinelle","article_publisher":"https:\/\/www.facebook.com\/La-Sentinelle-104059864394773","article_published_time":"2025-07-29T20:39:13+00:00","article_modified_time":"2025-07-29T20:56:41+00:00","og_image":[{"width":696,"height":464,"url":"https:\/\/lasentinelle.dz\/wp-content\/uploads\/2025\/07\/institut-cinema.jpeg","type":"image\/jpeg"}],"author":"admin","twitter_card":"summary_large_image","twitter_misc":{"\u00c9crit par":"admin","Dur\u00e9e de lecture estim\u00e9e":"3 minutes"},"schema":{"@context":"https:\/\/schema.org","@graph":[{"@type":"Article","@id":"https:\/\/lasentinelle.dz\/index.php\/2025\/07\/29\/une-ecole-pour-former-aux-metiers-du-cinema\/#article","isPartOf":{"@id":"https:\/\/lasentinelle.dz\/index.php\/2025\/07\/29\/une-ecole-pour-former-aux-metiers-du-cinema\/"},"author":{"name":"admin","@id":"https:\/\/lasentinelle.dz\/#\/schema\/person\/729ee0024f24e0b8c5ec17232f8e8b41"},"headline":"Une \u00e9cole pour former aux m\u00e9tiers du cin\u00e9ma","datePublished":"2025-07-29T20:39:13+00:00","dateModified":"2025-07-29T20:56:41+00:00","mainEntityOfPage":{"@id":"https:\/\/lasentinelle.dz\/index.php\/2025\/07\/29\/une-ecole-pour-former-aux-metiers-du-cinema\/"},"wordCount":650,"commentCount":0,"publisher":{"@id":"https:\/\/lasentinelle.dz\/#organization"},"image":{"@id":"https:\/\/lasentinelle.dz\/index.php\/2025\/07\/29\/une-ecole-pour-former-aux-metiers-du-cinema\/#primaryimage"},"thumbnailUrl":"https:\/\/lasentinelle.dz\/wp-content\/uploads\/2025\/07\/institut-cinema.jpeg","articleSection":["Culture"],"inLanguage":"fr-FR","potentialAction":[{"@type":"CommentAction","name":"Comment","target":["https:\/\/lasentinelle.dz\/index.php\/2025\/07\/29\/une-ecole-pour-former-aux-metiers-du-cinema\/#respond"]}]},{"@type":"WebPage","@id":"https:\/\/lasentinelle.dz\/index.php\/2025\/07\/29\/une-ecole-pour-former-aux-metiers-du-cinema\/","url":"https:\/\/lasentinelle.dz\/index.php\/2025\/07\/29\/une-ecole-pour-former-aux-metiers-du-cinema\/","name":"Une \u00e9cole pour former aux m\u00e9tiers du cin\u00e9ma - La Sentinelle","isPartOf":{"@id":"https:\/\/lasentinelle.dz\/#website"},"primaryImageOfPage":{"@id":"https:\/\/lasentinelle.dz\/index.php\/2025\/07\/29\/une-ecole-pour-former-aux-metiers-du-cinema\/#primaryimage"},"image":{"@id":"https:\/\/lasentinelle.dz\/index.php\/2025\/07\/29\/une-ecole-pour-former-aux-metiers-du-cinema\/#primaryimage"},"thumbnailUrl":"https:\/\/lasentinelle.dz\/wp-content\/uploads\/2025\/07\/institut-cinema.jpeg","datePublished":"2025-07-29T20:39:13+00:00","dateModified":"2025-07-29T20:56:41+00:00","breadcrumb":{"@id":"https:\/\/lasentinelle.dz\/index.php\/2025\/07\/29\/une-ecole-pour-former-aux-metiers-du-cinema\/#breadcrumb"},"inLanguage":"fr-FR","potentialAction":[{"@type":"ReadAction","target":["https:\/\/lasentinelle.dz\/index.php\/2025\/07\/29\/une-ecole-pour-former-aux-metiers-du-cinema\/"]}]},{"@type":"ImageObject","inLanguage":"fr-FR","@id":"https:\/\/lasentinelle.dz\/index.php\/2025\/07\/29\/une-ecole-pour-former-aux-metiers-du-cinema\/#primaryimage","url":"https:\/\/lasentinelle.dz\/wp-content\/uploads\/2025\/07\/institut-cinema.jpeg","contentUrl":"https:\/\/lasentinelle.dz\/wp-content\/uploads\/2025\/07\/institut-cinema.jpeg","width":696,"height":464},{"@type":"BreadcrumbList","@id":"https:\/\/lasentinelle.dz\/index.php\/2025\/07\/29\/une-ecole-pour-former-aux-metiers-du-cinema\/#breadcrumb","itemListElement":[{"@type":"ListItem","position":1,"name":"Accueil","item":"https:\/\/lasentinelle.dz\/"},{"@type":"ListItem","position":2,"name":"Une \u00e9cole pour former aux m\u00e9tiers du cin\u00e9ma"}]},{"@type":"WebSite","@id":"https:\/\/lasentinelle.dz\/#website","url":"https:\/\/lasentinelle.dz\/","name":"La Sentinelle","description":"Quotidien national d&#039;information","publisher":{"@id":"https:\/\/lasentinelle.dz\/#organization"},"potentialAction":[{"@type":"SearchAction","target":{"@type":"EntryPoint","urlTemplate":"https:\/\/lasentinelle.dz\/?s={search_term_string}"},"query-input":{"@type":"PropertyValueSpecification","valueRequired":true,"valueName":"search_term_string"}}],"inLanguage":"fr-FR"},{"@type":"Organization","@id":"https:\/\/lasentinelle.dz\/#organization","name":"Quotidien La Sentinelle","url":"https:\/\/lasentinelle.dz\/","logo":{"@type":"ImageObject","inLanguage":"fr-FR","@id":"https:\/\/lasentinelle.dz\/#\/schema\/logo\/image\/","url":"https:\/\/lasentinelle.dz\/wp-content\/uploads\/2021\/09\/logo-sentinelleSLOGAN-1.png","contentUrl":"https:\/\/lasentinelle.dz\/wp-content\/uploads\/2021\/09\/logo-sentinelleSLOGAN-1.png","width":615,"height":142,"caption":"Quotidien La Sentinelle"},"image":{"@id":"https:\/\/lasentinelle.dz\/#\/schema\/logo\/image\/"},"sameAs":["https:\/\/www.facebook.com\/La-Sentinelle-104059864394773"]},{"@type":"Person","@id":"https:\/\/lasentinelle.dz\/#\/schema\/person\/729ee0024f24e0b8c5ec17232f8e8b41","name":"admin","image":{"@type":"ImageObject","inLanguage":"fr-FR","@id":"https:\/\/secure.gravatar.com\/avatar\/4c81fed838786e9b53f540bf46533e750f5d292099ae3b66cfc6fb1982e29df7?s=96&d=mm&r=g","url":"https:\/\/secure.gravatar.com\/avatar\/4c81fed838786e9b53f540bf46533e750f5d292099ae3b66cfc6fb1982e29df7?s=96&d=mm&r=g","contentUrl":"https:\/\/secure.gravatar.com\/avatar\/4c81fed838786e9b53f540bf46533e750f5d292099ae3b66cfc6fb1982e29df7?s=96&d=mm&r=g","caption":"admin"},"description":"admin","url":"https:\/\/lasentinelle.dz\/author\/admin\/"}]}},"_links":{"self":[{"href":"https:\/\/lasentinelle.dz\/index.php\/wp-json\/wp\/v2\/posts\/71142","targetHints":{"allow":["GET"]}}],"collection":[{"href":"https:\/\/lasentinelle.dz\/index.php\/wp-json\/wp\/v2\/posts"}],"about":[{"href":"https:\/\/lasentinelle.dz\/index.php\/wp-json\/wp\/v2\/types\/post"}],"author":[{"embeddable":true,"href":"https:\/\/lasentinelle.dz\/index.php\/wp-json\/wp\/v2\/users\/6"}],"replies":[{"embeddable":true,"href":"https:\/\/lasentinelle.dz\/index.php\/wp-json\/wp\/v2\/comments?post=71142"}],"version-history":[{"count":1,"href":"https:\/\/lasentinelle.dz\/index.php\/wp-json\/wp\/v2\/posts\/71142\/revisions"}],"predecessor-version":[{"id":71144,"href":"https:\/\/lasentinelle.dz\/index.php\/wp-json\/wp\/v2\/posts\/71142\/revisions\/71144"}],"wp:featuredmedia":[{"embeddable":true,"href":"https:\/\/lasentinelle.dz\/index.php\/wp-json\/wp\/v2\/media\/71143"}],"wp:attachment":[{"href":"https:\/\/lasentinelle.dz\/index.php\/wp-json\/wp\/v2\/media?parent=71142"}],"wp:term":[{"taxonomy":"category","embeddable":true,"href":"https:\/\/lasentinelle.dz\/index.php\/wp-json\/wp\/v2\/categories?post=71142"},{"taxonomy":"post_tag","embeddable":true,"href":"https:\/\/lasentinelle.dz\/index.php\/wp-json\/wp\/v2\/tags?post=71142"}],"curies":[{"name":"wp","href":"https:\/\/api.w.org\/{rel}","templated":true}]}}