{"id":71145,"date":"2025-07-29T21:39:59","date_gmt":"2025-07-29T20:39:59","guid":{"rendered":"https:\/\/lasentinelle.dz\/?p=71145"},"modified":"2025-07-29T21:40:00","modified_gmt":"2025-07-29T20:40:00","slug":"rachid-boudjedra-a-la-television-algerienne-les-laudateurs-du-colonialisme-sont-appeles-a-disparaitre","status":"publish","type":"post","link":"https:\/\/lasentinelle.dz\/index.php\/2025\/07\/29\/rachid-boudjedra-a-la-television-algerienne-les-laudateurs-du-colonialisme-sont-appeles-a-disparaitre\/","title":{"rendered":"Rachid Boudjedra\u00a0\u00e0 la T\u00e9l\u00e9vision alg\u00e9rienne\u00a0: \u00ab\u00a0Les laudateurs du colonialisme sont appel\u00e9s \u00e0 dispara\u00eetre\u00a0\u00bb"},"content":{"rendered":"\n<p>Le moudjahid et illustre romancier Rachid Boudjedra a livr\u00e9 une charge sans concession contre les \u00e9crivains alg\u00e9riens qui glorifient le colonialisme, qu&rsquo;il qualifie d'\u00a0\u00bbid\u00e9ologues\u00a0\u00bb et d'\u00a0\u00bbopportunistes\u00a0\u00bb dans un entretien diffus\u00e9 par la T\u00e9l\u00e9vision alg\u00e9rienne consacr\u00e9 \u00e0 la r\u00e9\u00e9dition de son ouvrage \u00ab\u00a0Les Contrebandiers de l&rsquo;Histoire\u00a0\u00bb.&nbsp;<\/p>\n\n\n\n<p>Cette sortie fracassante de l&rsquo;auteur de \u00ab\u00a0La R\u00e9pudiation\u00a0\u00bb s&rsquo;inscrit dans une offensive culturelle qu&rsquo;il appelle de ses v\u0153ux face \u00e0 une entreprise m\u00e9thodique de falsification de l&rsquo;histoire&nbsp;nationale.&nbsp;Boudjedra&nbsp;souligne que&nbsp;ces \u00e9crivains ne constituent qu&rsquo;un \u00ab\u00a0ph\u00e9nom\u00e8ne conjoncturel vou\u00e9 \u00e0 dispara\u00eetre\u00a0\u00bb et il exhorte les intellectuels alg\u00e9riens \u00e0 leur livrer une \u00ab\u00a0guerre de plume\u00a0\u00bb. La r\u00e9\u00e9dition de son livre, publi\u00e9 initialement il y a sept ans par les \u00e9ditions Dar El Hikma dans sa version r\u00e9vis\u00e9e, vise selon lui \u00e0 \u00ab\u00a0mettre en lumi\u00e8re les v\u00e9rit\u00e9s et alerter le peuple alg\u00e9rien sur l&rsquo;entreprise m\u00e9thodique de falsification de son histoire glorieuse men\u00e9e par certains \u00e9crivains qui ont d\u00e9natur\u00e9 l&rsquo;histoire de la nation, afin de s&rsquo;enrichir, de gagner en notori\u00e9t\u00e9 et de s&rsquo;attirer les faveurs de l&rsquo;ancien colonisateur\u00a0\u00bb.<\/p>\n\n\n\n<p>Le romancier n&rsquo;h\u00e9site pas \u00e0 nommer explicitement ses cibles, qualifiant Boualem Sansal et Kamel Daoud d'\u00a0\u00bbid\u00e9ologues et d&rsquo;opportunistes souffrant du complexe du colonis\u00e9, ainsi que l&rsquo;a d\u00e9fini l&rsquo;\u00e9crivain Frantz Fanon, car ils per\u00e7oivent le colonisateur comme leur ma\u00eetre\u00a0\u00bb. Cette r\u00e9f\u00e9rence au psychiatre martiniquais, th\u00e9oricien de la d\u00e9colonisation, n&rsquo;est pas anodine et r\u00e9v\u00e8le la grille d&rsquo;analyse psychologique que Boudjedra applique \u00e0 ces auteurs. Il diagnostique chez eux des \u00ab\u00a0troubles psychologiques, un \u00e9tat d&rsquo;ali\u00e9nation et une rupture totale avec la pens\u00e9e et l&rsquo;esprit alg\u00e9riens ainsi qu&rsquo;avec l&rsquo;Alg\u00e9rie en tant que pays\u00a0\u00bb.<\/p>\n\n\n\n<p>Concernant Kamel Daoud, prix Goncourt 2024, Boudjedra se montre particuli\u00e8rement s\u00e9v\u00e8re, le d\u00e9crivant comme \u00ab\u00a0un \u00e9crivain ordinaire qui, dans ses chroniques journalistiques, insultait les Alg\u00e9riens, glorifiait le colonialisme et allait jusqu&rsquo;\u00e0 d\u00e9nigrer la R\u00e9volution alg\u00e9rienne\u00a0\u00bb.&nbsp;&nbsp;Boualem Sansal n&rsquo;\u00e9chappe pas non plus aux critiques acerbes de Boudjedra, qui le qualifie de \u00ab\u00a0bouffon et de malade mental, avan\u00e7ant des all\u00e9gations infond\u00e9es et v\u00e9hiculant une th\u00e8se dangereuse\u00a0\u00bb, pointant notamment \u00ab\u00a0ses liens \u00e9troits avec l&rsquo;extr\u00eame droite fran\u00e7aise\u00a0\u00bb.&nbsp;&nbsp;L&rsquo;\u00e9crivain d\u00e9veloppe une analyse plus large du ph\u00e9nom\u00e8ne, affirmant que \u00ab\u00a0les laudateurs du colonialisme b\u00e9n\u00e9ficient du soutien et de l&rsquo;appui de lobbies sionistes en Europe\u00a0\u00bb et soulignant que \u00ab\u00a0le colonialisme ne change pas et que le colonisateur tente de maintenir des relations r\u00e9trogrades avec certains milieux des anciennes colonies\u00a0\u00bb. Cette vision g\u00e9ostrat\u00e9gique inscrit le d\u00e9bat litt\u00e9raire dans une perspective de domination culturelle n\u00e9ocoloniale que Boudjedra entend d\u00e9noncer publiquement.<\/p>\n\n\n\n<p>Le romancier se veut n\u00e9anmoins optimiste quant au sort r\u00e9serv\u00e9 \u00e0 \u00ab\u00a0ces \u00e9crivains stipendi\u00e9s\u00a0\u00bb, pr\u00e9disant que \u00ab\u00a0l&rsquo;oubli\u00a0\u00bb les attend. \u00ab\u00a0Ils ne sont qu&rsquo;un ph\u00e9nom\u00e8ne conjoncturel vou\u00e9 \u00e0 dispara\u00eetre, et dans quelques ann\u00e9es, la soci\u00e9t\u00e9 fran\u00e7aise, elle-m\u00eame, les aura rel\u00e9gu\u00e9s aux marges de l&rsquo;histoire\u00a0\u00bb, proph\u00e9tise-t-il avec une assurance qui refl\u00e8te sa conviction profonde de d\u00e9fendre la juste cause historique.<\/p>\n\n\n\n<p>Face \u00e0 cette situation qu&rsquo;il juge pr\u00e9occupante, Boudjedra lance un appel mobilisateur aux intellectuels alg\u00e9riens, les exhortant \u00e0 \u00ab\u00a0se ranger du c\u00f4t\u00e9 de leur pays et \u00e0 livrer \u00e0 ces \u00e9crivains une guerre de plume et une offensive culturelle pour r\u00e9futer toutes leurs all\u00e9gations\u00a0\u00bb. Cette m\u00e9taphore guerri\u00e8re r\u00e9v\u00e8le l&rsquo;urgence qu&rsquo;il ressent face \u00e0 ce qu&rsquo;il consid\u00e8re comme une bataille pour la v\u00e9rit\u00e9 historique et l&rsquo;identit\u00e9 nationale.&nbsp;Au-del\u00e0 de la pol\u00e9mique litt\u00e9raire, Boudjedra \u00e9largit sa r\u00e9flexion aux enjeux \u00e9ducatifs et m\u00e9moriels, mettant en avant \u00ab\u00a0l&rsquo;importance de revoir la mani\u00e8re dont les questions li\u00e9es \u00e0 l&rsquo;histoire et \u00e0 la M\u00e9moire nationale sont abord\u00e9es dans les \u00e9coles et les universit\u00e9s alg\u00e9riennes, afin de faire face \u00e0 toute tentative de falsification de l&rsquo;histoire\u00a0\u00bb. Cette pr\u00e9occupation p\u00e9dagogique t\u00e9moigne de sa volont\u00e9 de construire une r\u00e9ponse structurelle et durable aux d\u00e9fis identitaires contemporains.<\/p>\n\n\n\n<p>Le choix de r\u00e9\u00e9diter \u00ab\u00a0Les Contrebandiers de l&rsquo;Histoire\u00a0\u00bb dans une version r\u00e9vis\u00e9e s&rsquo;inscrit dans cette strat\u00e9gie de r\u00e9sistance culturelle. L&rsquo;ouvrage, publi\u00e9 simultan\u00e9ment en arabe et en fran\u00e7ais par Dar El Hikma, constitue selon Boudjedra un outil de combat contre \u00ab\u00a0la litt\u00e9rature coloniale nouvelle qui s&#8217;empare de l&rsquo;histoire, m\u00e9prise les v\u00e9rit\u00e9s, d\u00e9daigne la culture et ignore m\u00eame la g\u00e9ographie\u00a0\u00bb. Cette publication bilingue r\u00e9v\u00e8le sa volont\u00e9 de toucher le plus large public possible dans cette bataille id\u00e9ologique qu&rsquo;il m\u00e8ne d\u00e9sormais au grand jour, confirmant sa position d&rsquo;intellectuel engag\u00e9 refusant le silence face \u00e0 une menace existentielle pour la m\u00e9moire collective alg\u00e9rienne.<\/p>\n\n\n\n<p>Mohand Seghir<\/p>\n","protected":false},"excerpt":{"rendered":"<p>Le moudjahid et illustre romancier Rachid Boudjedra a livr\u00e9 une charge sans concession contre les \u00e9crivains alg\u00e9riens qui glorifient le<\/p>\n","protected":false},"author":6,"featured_media":68553,"comment_status":"open","ping_status":"closed","sticky":false,"template":"","format":"standard","meta":{"colormag_page_container_layout":"default_layout","colormag_page_sidebar_layout":"default_layout","om_disable_all_campaigns":false,"_monsterinsights_skip_tracking":false,"_monsterinsights_sitenote_active":false,"_monsterinsights_sitenote_note":"","_monsterinsights_sitenote_category":0,"footnotes":"","_wpscppro_dont_share_socialmedia":false,"_wpscppro_custom_social_share_image":0,"_facebook_share_type":"default","_twitter_share_type":"default","_linkedin_share_type":"default","_pinterest_share_type":"default","_linkedin_share_type_page":"","_instagram_share_type":"default","_medium_share_type":"default","_threads_share_type":"","_google_business_share_type":"","_selected_social_profile":[],"_wpsp_enable_custom_social_template":false,"_wpsp_social_scheduling":{"enabled":false,"datetime":null,"platforms":[],"status":"template_only","dateOption":"today","timeOption":"now","customDays":"","customHours":"","customDate":"","customTime":"","schedulingType":"absolute"},"_wpsp_active_default_template":true},"categories":[52,36],"tags":[],"class_list":["post-71145","post","type-post","status-publish","format-standard","has-post-thumbnail","hentry","category-a-la-une","category-culture"],"aioseo_notices":[],"yoast_head":"<!-- This site is optimized with the Yoast SEO plugin v27.5 - https:\/\/yoast.com\/product\/yoast-seo-wordpress\/ -->\n<title>Rachid Boudjedra\u00a0\u00e0 la T\u00e9l\u00e9vision alg\u00e9rienne\u00a0: \u00ab\u00a0Les laudateurs du colonialisme sont appel\u00e9s \u00e0 dispara\u00eetre\u00a0\u00bb - La Sentinelle<\/title>\n<meta name=\"robots\" content=\"index, follow, max-snippet:-1, max-image-preview:large, max-video-preview:-1\" \/>\n<link rel=\"canonical\" href=\"https:\/\/lasentinelle.dz\/index.php\/2025\/07\/29\/rachid-boudjedra-a-la-television-algerienne-les-laudateurs-du-colonialisme-sont-appeles-a-disparaitre\/\" \/>\n<meta property=\"og:locale\" content=\"fr_FR\" \/>\n<meta property=\"og:type\" content=\"article\" \/>\n<meta property=\"og:title\" content=\"Rachid Boudjedra\u00a0\u00e0 la T\u00e9l\u00e9vision alg\u00e9rienne\u00a0: \u00ab\u00a0Les laudateurs du colonialisme sont appel\u00e9s \u00e0 dispara\u00eetre\u00a0\u00bb - La Sentinelle\" \/>\n<meta property=\"og:description\" content=\"Le moudjahid et illustre romancier Rachid Boudjedra a livr\u00e9 une charge sans concession contre les \u00e9crivains alg\u00e9riens qui glorifient le\" \/>\n<meta property=\"og:url\" content=\"https:\/\/lasentinelle.dz\/index.php\/2025\/07\/29\/rachid-boudjedra-a-la-television-algerienne-les-laudateurs-du-colonialisme-sont-appeles-a-disparaitre\/\" \/>\n<meta property=\"og:site_name\" content=\"La Sentinelle\" \/>\n<meta property=\"article:publisher\" content=\"https:\/\/www.facebook.com\/La-Sentinelle-104059864394773\" \/>\n<meta property=\"article:published_time\" content=\"2025-07-29T20:39:59+00:00\" \/>\n<meta property=\"article:modified_time\" content=\"2025-07-29T20:40:00+00:00\" \/>\n<meta property=\"og:image\" content=\"https:\/\/lasentinelle.dz\/wp-content\/uploads\/2025\/06\/Boudjedra.jpg\" \/>\n\t<meta property=\"og:image:width\" content=\"800\" \/>\n\t<meta property=\"og:image:height\" content=\"506\" \/>\n\t<meta property=\"og:image:type\" content=\"image\/jpeg\" \/>\n<meta name=\"author\" content=\"admin\" \/>\n<meta name=\"twitter:card\" content=\"summary_large_image\" \/>\n<meta name=\"twitter:label1\" content=\"\u00c9crit par\" \/>\n\t<meta name=\"twitter:data1\" content=\"admin\" \/>\n\t<meta name=\"twitter:label2\" content=\"Dur\u00e9e de lecture estim\u00e9e\" \/>\n\t<meta name=\"twitter:data2\" content=\"4 minutes\" \/>\n<script type=\"application\/ld+json\" class=\"yoast-schema-graph\">{\"@context\":\"https:\\\/\\\/schema.org\",\"@graph\":[{\"@type\":\"Article\",\"@id\":\"https:\\\/\\\/lasentinelle.dz\\\/index.php\\\/2025\\\/07\\\/29\\\/rachid-boudjedra-a-la-television-algerienne-les-laudateurs-du-colonialisme-sont-appeles-a-disparaitre\\\/#article\",\"isPartOf\":{\"@id\":\"https:\\\/\\\/lasentinelle.dz\\\/index.php\\\/2025\\\/07\\\/29\\\/rachid-boudjedra-a-la-television-algerienne-les-laudateurs-du-colonialisme-sont-appeles-a-disparaitre\\\/\"},\"author\":{\"name\":\"admin\",\"@id\":\"https:\\\/\\\/lasentinelle.dz\\\/#\\\/schema\\\/person\\\/729ee0024f24e0b8c5ec17232f8e8b41\"},\"headline\":\"Rachid Boudjedra\u00a0\u00e0 la T\u00e9l\u00e9vision alg\u00e9rienne\u00a0: \u00ab\u00a0Les laudateurs du colonialisme sont appel\u00e9s \u00e0 dispara\u00eetre\u00a0\u00bb\",\"datePublished\":\"2025-07-29T20:39:59+00:00\",\"dateModified\":\"2025-07-29T20:40:00+00:00\",\"mainEntityOfPage\":{\"@id\":\"https:\\\/\\\/lasentinelle.dz\\\/index.php\\\/2025\\\/07\\\/29\\\/rachid-boudjedra-a-la-television-algerienne-les-laudateurs-du-colonialisme-sont-appeles-a-disparaitre\\\/\"},\"wordCount\":880,\"commentCount\":0,\"publisher\":{\"@id\":\"https:\\\/\\\/lasentinelle.dz\\\/#organization\"},\"image\":{\"@id\":\"https:\\\/\\\/lasentinelle.dz\\\/index.php\\\/2025\\\/07\\\/29\\\/rachid-boudjedra-a-la-television-algerienne-les-laudateurs-du-colonialisme-sont-appeles-a-disparaitre\\\/#primaryimage\"},\"thumbnailUrl\":\"https:\\\/\\\/lasentinelle.dz\\\/wp-content\\\/uploads\\\/2025\\\/06\\\/Boudjedra.jpg\",\"articleSection\":[\"\u00c0 la Une\",\"Culture\"],\"inLanguage\":\"fr-FR\",\"potentialAction\":[{\"@type\":\"CommentAction\",\"name\":\"Comment\",\"target\":[\"https:\\\/\\\/lasentinelle.dz\\\/index.php\\\/2025\\\/07\\\/29\\\/rachid-boudjedra-a-la-television-algerienne-les-laudateurs-du-colonialisme-sont-appeles-a-disparaitre\\\/#respond\"]}]},{\"@type\":\"WebPage\",\"@id\":\"https:\\\/\\\/lasentinelle.dz\\\/index.php\\\/2025\\\/07\\\/29\\\/rachid-boudjedra-a-la-television-algerienne-les-laudateurs-du-colonialisme-sont-appeles-a-disparaitre\\\/\",\"url\":\"https:\\\/\\\/lasentinelle.dz\\\/index.php\\\/2025\\\/07\\\/29\\\/rachid-boudjedra-a-la-television-algerienne-les-laudateurs-du-colonialisme-sont-appeles-a-disparaitre\\\/\",\"name\":\"Rachid Boudjedra\u00a0\u00e0 la T\u00e9l\u00e9vision alg\u00e9rienne\u00a0: \u00ab\u00a0Les laudateurs du colonialisme sont appel\u00e9s \u00e0 dispara\u00eetre\u00a0\u00bb - La Sentinelle\",\"isPartOf\":{\"@id\":\"https:\\\/\\\/lasentinelle.dz\\\/#website\"},\"primaryImageOfPage\":{\"@id\":\"https:\\\/\\\/lasentinelle.dz\\\/index.php\\\/2025\\\/07\\\/29\\\/rachid-boudjedra-a-la-television-algerienne-les-laudateurs-du-colonialisme-sont-appeles-a-disparaitre\\\/#primaryimage\"},\"image\":{\"@id\":\"https:\\\/\\\/lasentinelle.dz\\\/index.php\\\/2025\\\/07\\\/29\\\/rachid-boudjedra-a-la-television-algerienne-les-laudateurs-du-colonialisme-sont-appeles-a-disparaitre\\\/#primaryimage\"},\"thumbnailUrl\":\"https:\\\/\\\/lasentinelle.dz\\\/wp-content\\\/uploads\\\/2025\\\/06\\\/Boudjedra.jpg\",\"datePublished\":\"2025-07-29T20:39:59+00:00\",\"dateModified\":\"2025-07-29T20:40:00+00:00\",\"breadcrumb\":{\"@id\":\"https:\\\/\\\/lasentinelle.dz\\\/index.php\\\/2025\\\/07\\\/29\\\/rachid-boudjedra-a-la-television-algerienne-les-laudateurs-du-colonialisme-sont-appeles-a-disparaitre\\\/#breadcrumb\"},\"inLanguage\":\"fr-FR\",\"potentialAction\":[{\"@type\":\"ReadAction\",\"target\":[\"https:\\\/\\\/lasentinelle.dz\\\/index.php\\\/2025\\\/07\\\/29\\\/rachid-boudjedra-a-la-television-algerienne-les-laudateurs-du-colonialisme-sont-appeles-a-disparaitre\\\/\"]}]},{\"@type\":\"ImageObject\",\"inLanguage\":\"fr-FR\",\"@id\":\"https:\\\/\\\/lasentinelle.dz\\\/index.php\\\/2025\\\/07\\\/29\\\/rachid-boudjedra-a-la-television-algerienne-les-laudateurs-du-colonialisme-sont-appeles-a-disparaitre\\\/#primaryimage\",\"url\":\"https:\\\/\\\/lasentinelle.dz\\\/wp-content\\\/uploads\\\/2025\\\/06\\\/Boudjedra.jpg\",\"contentUrl\":\"https:\\\/\\\/lasentinelle.dz\\\/wp-content\\\/uploads\\\/2025\\\/06\\\/Boudjedra.jpg\",\"width\":800,\"height\":506},{\"@type\":\"BreadcrumbList\",\"@id\":\"https:\\\/\\\/lasentinelle.dz\\\/index.php\\\/2025\\\/07\\\/29\\\/rachid-boudjedra-a-la-television-algerienne-les-laudateurs-du-colonialisme-sont-appeles-a-disparaitre\\\/#breadcrumb\",\"itemListElement\":[{\"@type\":\"ListItem\",\"position\":1,\"name\":\"Accueil\",\"item\":\"https:\\\/\\\/lasentinelle.dz\\\/\"},{\"@type\":\"ListItem\",\"position\":2,\"name\":\"Rachid Boudjedra\u00a0\u00e0 la T\u00e9l\u00e9vision alg\u00e9rienne\u00a0: \u00ab\u00a0Les laudateurs du colonialisme sont appel\u00e9s \u00e0 dispara\u00eetre\u00a0\u00bb\"}]},{\"@type\":\"WebSite\",\"@id\":\"https:\\\/\\\/lasentinelle.dz\\\/#website\",\"url\":\"https:\\\/\\\/lasentinelle.dz\\\/\",\"name\":\"La Sentinelle\",\"description\":\"Quotidien national d&#039;information\",\"publisher\":{\"@id\":\"https:\\\/\\\/lasentinelle.dz\\\/#organization\"},\"potentialAction\":[{\"@type\":\"SearchAction\",\"target\":{\"@type\":\"EntryPoint\",\"urlTemplate\":\"https:\\\/\\\/lasentinelle.dz\\\/?s={search_term_string}\"},\"query-input\":{\"@type\":\"PropertyValueSpecification\",\"valueRequired\":true,\"valueName\":\"search_term_string\"}}],\"inLanguage\":\"fr-FR\"},{\"@type\":\"Organization\",\"@id\":\"https:\\\/\\\/lasentinelle.dz\\\/#organization\",\"name\":\"Quotidien La Sentinelle\",\"url\":\"https:\\\/\\\/lasentinelle.dz\\\/\",\"logo\":{\"@type\":\"ImageObject\",\"inLanguage\":\"fr-FR\",\"@id\":\"https:\\\/\\\/lasentinelle.dz\\\/#\\\/schema\\\/logo\\\/image\\\/\",\"url\":\"https:\\\/\\\/lasentinelle.dz\\\/wp-content\\\/uploads\\\/2021\\\/09\\\/logo-sentinelleSLOGAN-1.png\",\"contentUrl\":\"https:\\\/\\\/lasentinelle.dz\\\/wp-content\\\/uploads\\\/2021\\\/09\\\/logo-sentinelleSLOGAN-1.png\",\"width\":615,\"height\":142,\"caption\":\"Quotidien La Sentinelle\"},\"image\":{\"@id\":\"https:\\\/\\\/lasentinelle.dz\\\/#\\\/schema\\\/logo\\\/image\\\/\"},\"sameAs\":[\"https:\\\/\\\/www.facebook.com\\\/La-Sentinelle-104059864394773\"]},{\"@type\":\"Person\",\"@id\":\"https:\\\/\\\/lasentinelle.dz\\\/#\\\/schema\\\/person\\\/729ee0024f24e0b8c5ec17232f8e8b41\",\"name\":\"admin\",\"image\":{\"@type\":\"ImageObject\",\"inLanguage\":\"fr-FR\",\"@id\":\"https:\\\/\\\/secure.gravatar.com\\\/avatar\\\/4c81fed838786e9b53f540bf46533e750f5d292099ae3b66cfc6fb1982e29df7?s=96&d=mm&r=g\",\"url\":\"https:\\\/\\\/secure.gravatar.com\\\/avatar\\\/4c81fed838786e9b53f540bf46533e750f5d292099ae3b66cfc6fb1982e29df7?s=96&d=mm&r=g\",\"contentUrl\":\"https:\\\/\\\/secure.gravatar.com\\\/avatar\\\/4c81fed838786e9b53f540bf46533e750f5d292099ae3b66cfc6fb1982e29df7?s=96&d=mm&r=g\",\"caption\":\"admin\"},\"description\":\"admin\",\"url\":\"https:\\\/\\\/lasentinelle.dz\\\/author\\\/admin\\\/\"}]}<\/script>\n<!-- \/ Yoast SEO plugin. -->","yoast_head_json":{"title":"Rachid Boudjedra\u00a0\u00e0 la T\u00e9l\u00e9vision alg\u00e9rienne\u00a0: \u00ab\u00a0Les laudateurs du colonialisme sont appel\u00e9s \u00e0 dispara\u00eetre\u00a0\u00bb - La Sentinelle","robots":{"index":"index","follow":"follow","max-snippet":"max-snippet:-1","max-image-preview":"max-image-preview:large","max-video-preview":"max-video-preview:-1"},"canonical":"https:\/\/lasentinelle.dz\/index.php\/2025\/07\/29\/rachid-boudjedra-a-la-television-algerienne-les-laudateurs-du-colonialisme-sont-appeles-a-disparaitre\/","og_locale":"fr_FR","og_type":"article","og_title":"Rachid Boudjedra\u00a0\u00e0 la T\u00e9l\u00e9vision alg\u00e9rienne\u00a0: \u00ab\u00a0Les laudateurs du colonialisme sont appel\u00e9s \u00e0 dispara\u00eetre\u00a0\u00bb - La Sentinelle","og_description":"Le moudjahid et illustre romancier Rachid Boudjedra a livr\u00e9 une charge sans concession contre les \u00e9crivains alg\u00e9riens qui glorifient le","og_url":"https:\/\/lasentinelle.dz\/index.php\/2025\/07\/29\/rachid-boudjedra-a-la-television-algerienne-les-laudateurs-du-colonialisme-sont-appeles-a-disparaitre\/","og_site_name":"La Sentinelle","article_publisher":"https:\/\/www.facebook.com\/La-Sentinelle-104059864394773","article_published_time":"2025-07-29T20:39:59+00:00","article_modified_time":"2025-07-29T20:40:00+00:00","og_image":[{"width":800,"height":506,"url":"https:\/\/lasentinelle.dz\/wp-content\/uploads\/2025\/06\/Boudjedra.jpg","type":"image\/jpeg"}],"author":"admin","twitter_card":"summary_large_image","twitter_misc":{"\u00c9crit par":"admin","Dur\u00e9e de lecture estim\u00e9e":"4 minutes"},"schema":{"@context":"https:\/\/schema.org","@graph":[{"@type":"Article","@id":"https:\/\/lasentinelle.dz\/index.php\/2025\/07\/29\/rachid-boudjedra-a-la-television-algerienne-les-laudateurs-du-colonialisme-sont-appeles-a-disparaitre\/#article","isPartOf":{"@id":"https:\/\/lasentinelle.dz\/index.php\/2025\/07\/29\/rachid-boudjedra-a-la-television-algerienne-les-laudateurs-du-colonialisme-sont-appeles-a-disparaitre\/"},"author":{"name":"admin","@id":"https:\/\/lasentinelle.dz\/#\/schema\/person\/729ee0024f24e0b8c5ec17232f8e8b41"},"headline":"Rachid Boudjedra\u00a0\u00e0 la T\u00e9l\u00e9vision alg\u00e9rienne\u00a0: \u00ab\u00a0Les laudateurs du colonialisme sont appel\u00e9s \u00e0 dispara\u00eetre\u00a0\u00bb","datePublished":"2025-07-29T20:39:59+00:00","dateModified":"2025-07-29T20:40:00+00:00","mainEntityOfPage":{"@id":"https:\/\/lasentinelle.dz\/index.php\/2025\/07\/29\/rachid-boudjedra-a-la-television-algerienne-les-laudateurs-du-colonialisme-sont-appeles-a-disparaitre\/"},"wordCount":880,"commentCount":0,"publisher":{"@id":"https:\/\/lasentinelle.dz\/#organization"},"image":{"@id":"https:\/\/lasentinelle.dz\/index.php\/2025\/07\/29\/rachid-boudjedra-a-la-television-algerienne-les-laudateurs-du-colonialisme-sont-appeles-a-disparaitre\/#primaryimage"},"thumbnailUrl":"https:\/\/lasentinelle.dz\/wp-content\/uploads\/2025\/06\/Boudjedra.jpg","articleSection":["\u00c0 la Une","Culture"],"inLanguage":"fr-FR","potentialAction":[{"@type":"CommentAction","name":"Comment","target":["https:\/\/lasentinelle.dz\/index.php\/2025\/07\/29\/rachid-boudjedra-a-la-television-algerienne-les-laudateurs-du-colonialisme-sont-appeles-a-disparaitre\/#respond"]}]},{"@type":"WebPage","@id":"https:\/\/lasentinelle.dz\/index.php\/2025\/07\/29\/rachid-boudjedra-a-la-television-algerienne-les-laudateurs-du-colonialisme-sont-appeles-a-disparaitre\/","url":"https:\/\/lasentinelle.dz\/index.php\/2025\/07\/29\/rachid-boudjedra-a-la-television-algerienne-les-laudateurs-du-colonialisme-sont-appeles-a-disparaitre\/","name":"Rachid Boudjedra\u00a0\u00e0 la T\u00e9l\u00e9vision alg\u00e9rienne\u00a0: \u00ab\u00a0Les laudateurs du colonialisme sont appel\u00e9s \u00e0 dispara\u00eetre\u00a0\u00bb - La Sentinelle","isPartOf":{"@id":"https:\/\/lasentinelle.dz\/#website"},"primaryImageOfPage":{"@id":"https:\/\/lasentinelle.dz\/index.php\/2025\/07\/29\/rachid-boudjedra-a-la-television-algerienne-les-laudateurs-du-colonialisme-sont-appeles-a-disparaitre\/#primaryimage"},"image":{"@id":"https:\/\/lasentinelle.dz\/index.php\/2025\/07\/29\/rachid-boudjedra-a-la-television-algerienne-les-laudateurs-du-colonialisme-sont-appeles-a-disparaitre\/#primaryimage"},"thumbnailUrl":"https:\/\/lasentinelle.dz\/wp-content\/uploads\/2025\/06\/Boudjedra.jpg","datePublished":"2025-07-29T20:39:59+00:00","dateModified":"2025-07-29T20:40:00+00:00","breadcrumb":{"@id":"https:\/\/lasentinelle.dz\/index.php\/2025\/07\/29\/rachid-boudjedra-a-la-television-algerienne-les-laudateurs-du-colonialisme-sont-appeles-a-disparaitre\/#breadcrumb"},"inLanguage":"fr-FR","potentialAction":[{"@type":"ReadAction","target":["https:\/\/lasentinelle.dz\/index.php\/2025\/07\/29\/rachid-boudjedra-a-la-television-algerienne-les-laudateurs-du-colonialisme-sont-appeles-a-disparaitre\/"]}]},{"@type":"ImageObject","inLanguage":"fr-FR","@id":"https:\/\/lasentinelle.dz\/index.php\/2025\/07\/29\/rachid-boudjedra-a-la-television-algerienne-les-laudateurs-du-colonialisme-sont-appeles-a-disparaitre\/#primaryimage","url":"https:\/\/lasentinelle.dz\/wp-content\/uploads\/2025\/06\/Boudjedra.jpg","contentUrl":"https:\/\/lasentinelle.dz\/wp-content\/uploads\/2025\/06\/Boudjedra.jpg","width":800,"height":506},{"@type":"BreadcrumbList","@id":"https:\/\/lasentinelle.dz\/index.php\/2025\/07\/29\/rachid-boudjedra-a-la-television-algerienne-les-laudateurs-du-colonialisme-sont-appeles-a-disparaitre\/#breadcrumb","itemListElement":[{"@type":"ListItem","position":1,"name":"Accueil","item":"https:\/\/lasentinelle.dz\/"},{"@type":"ListItem","position":2,"name":"Rachid Boudjedra\u00a0\u00e0 la T\u00e9l\u00e9vision alg\u00e9rienne\u00a0: \u00ab\u00a0Les laudateurs du colonialisme sont appel\u00e9s \u00e0 dispara\u00eetre\u00a0\u00bb"}]},{"@type":"WebSite","@id":"https:\/\/lasentinelle.dz\/#website","url":"https:\/\/lasentinelle.dz\/","name":"La Sentinelle","description":"Quotidien national d&#039;information","publisher":{"@id":"https:\/\/lasentinelle.dz\/#organization"},"potentialAction":[{"@type":"SearchAction","target":{"@type":"EntryPoint","urlTemplate":"https:\/\/lasentinelle.dz\/?s={search_term_string}"},"query-input":{"@type":"PropertyValueSpecification","valueRequired":true,"valueName":"search_term_string"}}],"inLanguage":"fr-FR"},{"@type":"Organization","@id":"https:\/\/lasentinelle.dz\/#organization","name":"Quotidien La Sentinelle","url":"https:\/\/lasentinelle.dz\/","logo":{"@type":"ImageObject","inLanguage":"fr-FR","@id":"https:\/\/lasentinelle.dz\/#\/schema\/logo\/image\/","url":"https:\/\/lasentinelle.dz\/wp-content\/uploads\/2021\/09\/logo-sentinelleSLOGAN-1.png","contentUrl":"https:\/\/lasentinelle.dz\/wp-content\/uploads\/2021\/09\/logo-sentinelleSLOGAN-1.png","width":615,"height":142,"caption":"Quotidien La Sentinelle"},"image":{"@id":"https:\/\/lasentinelle.dz\/#\/schema\/logo\/image\/"},"sameAs":["https:\/\/www.facebook.com\/La-Sentinelle-104059864394773"]},{"@type":"Person","@id":"https:\/\/lasentinelle.dz\/#\/schema\/person\/729ee0024f24e0b8c5ec17232f8e8b41","name":"admin","image":{"@type":"ImageObject","inLanguage":"fr-FR","@id":"https:\/\/secure.gravatar.com\/avatar\/4c81fed838786e9b53f540bf46533e750f5d292099ae3b66cfc6fb1982e29df7?s=96&d=mm&r=g","url":"https:\/\/secure.gravatar.com\/avatar\/4c81fed838786e9b53f540bf46533e750f5d292099ae3b66cfc6fb1982e29df7?s=96&d=mm&r=g","contentUrl":"https:\/\/secure.gravatar.com\/avatar\/4c81fed838786e9b53f540bf46533e750f5d292099ae3b66cfc6fb1982e29df7?s=96&d=mm&r=g","caption":"admin"},"description":"admin","url":"https:\/\/lasentinelle.dz\/author\/admin\/"}]}},"_links":{"self":[{"href":"https:\/\/lasentinelle.dz\/index.php\/wp-json\/wp\/v2\/posts\/71145","targetHints":{"allow":["GET"]}}],"collection":[{"href":"https:\/\/lasentinelle.dz\/index.php\/wp-json\/wp\/v2\/posts"}],"about":[{"href":"https:\/\/lasentinelle.dz\/index.php\/wp-json\/wp\/v2\/types\/post"}],"author":[{"embeddable":true,"href":"https:\/\/lasentinelle.dz\/index.php\/wp-json\/wp\/v2\/users\/6"}],"replies":[{"embeddable":true,"href":"https:\/\/lasentinelle.dz\/index.php\/wp-json\/wp\/v2\/comments?post=71145"}],"version-history":[{"count":1,"href":"https:\/\/lasentinelle.dz\/index.php\/wp-json\/wp\/v2\/posts\/71145\/revisions"}],"predecessor-version":[{"id":71146,"href":"https:\/\/lasentinelle.dz\/index.php\/wp-json\/wp\/v2\/posts\/71145\/revisions\/71146"}],"wp:featuredmedia":[{"embeddable":true,"href":"https:\/\/lasentinelle.dz\/index.php\/wp-json\/wp\/v2\/media\/68553"}],"wp:attachment":[{"href":"https:\/\/lasentinelle.dz\/index.php\/wp-json\/wp\/v2\/media?parent=71145"}],"wp:term":[{"taxonomy":"category","embeddable":true,"href":"https:\/\/lasentinelle.dz\/index.php\/wp-json\/wp\/v2\/categories?post=71145"},{"taxonomy":"post_tag","embeddable":true,"href":"https:\/\/lasentinelle.dz\/index.php\/wp-json\/wp\/v2\/tags?post=71145"}],"curies":[{"name":"wp","href":"https:\/\/api.w.org\/{rel}","templated":true}]}}