{"id":71167,"date":"2025-07-29T21:47:31","date_gmt":"2025-07-29T20:47:31","guid":{"rendered":"https:\/\/lasentinelle.dz\/?p=71167"},"modified":"2025-07-29T21:47:32","modified_gmt":"2025-07-29T20:47:32","slug":"inclusion-economique-300-femmes-au-foyer-integrent-le-secteur-industriel","status":"publish","type":"post","link":"https:\/\/lasentinelle.dz\/index.php\/2025\/07\/29\/inclusion-economique-300-femmes-au-foyer-integrent-le-secteur-industriel\/","title":{"rendered":"Inclusion \u00e9conomique\u00a0: 300\u00a0femmes au foyer int\u00e8grent\u00a0le secteur industriel"},"content":{"rendered":"\n<p>L&rsquo;Alg\u00e9rie lance une offensive pour l&rsquo;autonomisation \u00e9conomique des femmes avec l&rsquo;int\u00e9gration imminente de 300 femmes au foyer dans le secteur industriel, annoncent mardi \u00e0 Tlemcen les ministres de l&rsquo;Industrie et de la Solidarit\u00e9 nationale. Cette initiative pilote, d\u00e9ploy\u00e9e dans sept wilayas, marque une rupture dans les politiques d&#8217;emploi f\u00e9minin en ciblant sp\u00e9cifiquement les secteurs de l&rsquo;agroalimentaire, du textile et du cuir.<\/p>\n\n\n\n<p>Le ministre de l&rsquo;Industrie Sifi Ghrieb a officialis\u00e9 cette d\u00e9marche lors de la c\u00e9r\u00e9monie de concr\u00e9tisation de la convention de coop\u00e9ration interminist\u00e9rielle organis\u00e9e \u00e0 la maison des jeunes de Maghnia, en pr\u00e9sence de sa coll\u00e8gue Soraya Mouloudji, ministre de la Solidarit\u00e9 nationale, de la Famille et de la Condition de la femme. Cette c\u00e9r\u00e9monie marque \u00ab\u00a0le lancement effectif de la premi\u00e8re phase de mise en \u0153uvre de cette convention de partenariat \u00e0 travers six wilayas-pilotes\u00a0\u00bb, selon les termes du ministre Ghrieb.<\/p>\n\n\n\n<p>L&rsquo;originalit\u00e9 de ce programme r\u00e9side dans son approche cibl\u00e9e des comp\u00e9tences domestiques traditionnelles. \u00ab\u00a0Ces deux fili\u00e8res ont \u00e9t\u00e9 choisies en raison de leur capacit\u00e9 \u00e0 absorber la main-d&rsquo;\u0153uvre, leur lien avec les m\u00e9tiers traditionnels et les savoir-faire domestiques ma\u00eetris\u00e9s par les femmes, ce qui facilite la formation, l&rsquo;insertion et la cr\u00e9ation de v\u00e9ritables opportunit\u00e9s pour transformer ces potentialit\u00e9s en projets productifs et g\u00e9n\u00e9rateurs de revenus\u00a0\u00bb, explique Sifi Ghrieb.&nbsp;&nbsp;Le dispositif s&rsquo;appuie sur des partenariats concrets avec des groupes industriels \u00e9tablis. Soraya Mouloudji pr\u00e9cise que \u00ab\u00a0environ 300 femmes au foyer b\u00e9n\u00e9ficieront de ce programme \u00e0 travers des contrats de sous-traitance avec le groupe de textile et cuir GETEX, ainsi que par des dons de mat\u00e9riel de cuisine et d&rsquo;\u00e9quipements fournis par le groupe de l&rsquo;agroalimentaire AGRODIV\u00a0\u00bb. Cette collaboration directe entre secteur public et entreprises priv\u00e9es illustre une nouvelle forme de partenariat \u00e9conomique centr\u00e9e sur l&rsquo;inclusion sociale.&nbsp;Les wilayas pilotes retenues pour cette exp\u00e9rimentation couvrent un large spectre g\u00e9ographique et \u00e9conomique : Tlemcen, Alger, Tizi Ouzou, B\u00e9ja\u00efa, Relizane, Batna et Laghouat. Cette r\u00e9partition permet de tester l&rsquo;adaptabilit\u00e9 du programme aux diff\u00e9rentes r\u00e9alit\u00e9s r\u00e9gionales, des zones industrielles d\u00e9velopp\u00e9es aux r\u00e9gions \u00e0 vocation plus agricole.<\/p>\n\n\n\n<p>L&rsquo;accompagnement des b\u00e9n\u00e9ficiaires constitue un pilier central du dispositif. \u00ab\u00a0Nous accordons une grande importance \u00e0 ce mod\u00e8le exp\u00e9rimental et nous veillons \u00e0 r\u00e9unir toutes les conditions de sa r\u00e9ussite, en accompagnant les b\u00e9n\u00e9ficiaires par la formation, l&rsquo;encadrement, l&rsquo;appui technique et logistique, tout en assurant la commercialisation de leurs produits via des m\u00e9canismes innovants\u00a0\u00bb, souligne le ministre de l&rsquo;Industrie. La ministre Mouloudji inscrit cette initiative dans une vision politique plus large en affirmant que \u00ab\u00a0l&rsquo;autonomisation \u00e9conomique des femmes, en parall\u00e8le \u00e0 l&rsquo;am\u00e9lioration de leur statut et \u00e0 la consolidation de leurs droits politiques et juridiques, figurait parmi les priorit\u00e9s majeures du pr\u00e9sident de la R\u00e9publique, Abdelmadjid Tebboune, \u00e0 travers les diff\u00e9rentes politiques et programmes mis en \u0153uvre \u00e0 tous les niveaux\u00a0\u00bb. L&rsquo;impact attendu d\u00e9passe la dimension purement \u00e9conomique. \u00ab\u00a0Ce projet va au-del\u00e0 d&rsquo;une simple insertion professionnelle. Il s&rsquo;agit de la concr\u00e9tisation d&rsquo;une vision de d\u00e9veloppement global adopt\u00e9e par le pr\u00e9sident de la R\u00e9publique visant \u00e0 autonomiser les femmes, renforcer leurs capacit\u00e9s productives et \u00e0 les int\u00e9grer de mani\u00e8re durable et organis\u00e9e dans le circuit \u00e9conomique national\u00a0\u00bb, d\u00e9clare Sifi Ghrieb. La strat\u00e9gie gouvernementale mise \u00e9galement sur la cr\u00e9ation d&rsquo;un \u00e9cosyst\u00e8me favorable \u00e0 l&rsquo;entrepreneuriat f\u00e9minin. Les sessions de formation organis\u00e9es visent \u00e0 d\u00e9velopper \u00ab\u00a0les capacit\u00e9s des femmes b\u00e9n\u00e9ficiaires de ce projet national\u00a0\u00bb selon des \u00ab\u00a0techniques et savoir-faire consid\u00e9r\u00e9s ad\u00e9quats par les groupes industriels\u00a0\u00bb, comme l&rsquo;explique la ministre Mouloudji. Le programme rev\u00eat une double dimension selon le ministre de l&rsquo;Industrie : \u00ab\u00a0\u00e9conomique, en renfor\u00e7ant les cha\u00eenes de production industrielle par une main-d&rsquo;\u0153uvre qualifi\u00e9e et motiv\u00e9e et l&rsquo;autre sociale, en permettant aux femmes au foyer de jouer un r\u00f4le actif dans la construction d&rsquo;une \u00e9conomie locale solide\u00a0\u00bb. L&rsquo;ambition ne s&rsquo;arr\u00eate pas \u00e0 cette phase pilote. Le minist\u00e8re de l&rsquo;Industrie \u00ab\u00a0ambitionne d&rsquo;\u00e9largir ult\u00e9rieurement ce programme-pilote \u00e0 d&rsquo;autres wilayas et secteurs industriels, contribuant ainsi \u00e0 l&rsquo;ancrage d&rsquo;une culture de production domestique structur\u00e9e et au d\u00e9veloppement de l&rsquo;\u00e9conomie sociale et solidaire, comme pilier du d\u00e9veloppement national\u00a0\u00bb, annonce Sifi Ghrieb. Soraya Mouloudji souligne que cette convention \u00ab\u00a0permettra de soutenir la productivit\u00e9 des groupes et entreprises industriels, notamment dans les fili\u00e8res du textile et du cuir\u00a0\u00bb, cr\u00e9ant ainsi une synergie b\u00e9n\u00e9fique entre inclusion sociale et performance \u00e9conomique. Les \u00ab\u00a0contrats de sous-traitance avec des femmes qualifi\u00e9es dans les domaines de la confection, du cuir et des produits alimentaires\u00a0\u00bb constituent le m\u00e9canisme op\u00e9rationnel de cette int\u00e9gration.<\/p>\n\n\n\n<p><strong>Amar Malki<\/strong><\/p>\n","protected":false},"excerpt":{"rendered":"<p>L&rsquo;Alg\u00e9rie lance une offensive pour l&rsquo;autonomisation \u00e9conomique des femmes avec l&rsquo;int\u00e9gration imminente de 300 femmes au foyer dans le secteur<\/p>\n","protected":false},"author":6,"featured_media":71168,"comment_status":"open","ping_status":"closed","sticky":false,"template":"","format":"standard","meta":{"colormag_page_container_layout":"default_layout","colormag_page_sidebar_layout":"default_layout","om_disable_all_campaigns":false,"_monsterinsights_skip_tracking":false,"_monsterinsights_sitenote_active":false,"_monsterinsights_sitenote_note":"","_monsterinsights_sitenote_category":0,"footnotes":"","_wpscppro_dont_share_socialmedia":false,"_wpscppro_custom_social_share_image":0,"_facebook_share_type":"default","_twitter_share_type":"default","_linkedin_share_type":"default","_pinterest_share_type":"default","_linkedin_share_type_page":"","_instagram_share_type":"default","_medium_share_type":"default","_threads_share_type":"","_google_business_share_type":"","_selected_social_profile":[],"_wpsp_enable_custom_social_template":false,"_wpsp_social_scheduling":{"enabled":false,"datetime":null,"platforms":[],"status":"template_only","dateOption":"today","timeOption":"now","customDays":"","customHours":"","customDate":"","customTime":"","schedulingType":"absolute"},"_wpsp_active_default_template":true},"categories":[29],"tags":[],"class_list":["post-71167","post","type-post","status-publish","format-standard","has-post-thumbnail","hentry","category-economie"],"aioseo_notices":[],"yoast_head":"<!-- This site is optimized with the Yoast SEO plugin v27.5 - https:\/\/yoast.com\/product\/yoast-seo-wordpress\/ -->\n<title>Inclusion \u00e9conomique\u00a0: 300\u00a0femmes au foyer int\u00e8grent\u00a0le secteur industriel - La Sentinelle<\/title>\n<meta name=\"robots\" content=\"index, follow, max-snippet:-1, max-image-preview:large, max-video-preview:-1\" \/>\n<link rel=\"canonical\" href=\"https:\/\/lasentinelle.dz\/index.php\/2025\/07\/29\/inclusion-economique-300-femmes-au-foyer-integrent-le-secteur-industriel\/\" \/>\n<meta property=\"og:locale\" content=\"fr_FR\" \/>\n<meta property=\"og:type\" content=\"article\" \/>\n<meta property=\"og:title\" content=\"Inclusion \u00e9conomique\u00a0: 300\u00a0femmes au foyer int\u00e8grent\u00a0le secteur industriel - La Sentinelle\" \/>\n<meta property=\"og:description\" content=\"L&rsquo;Alg\u00e9rie lance une offensive pour l&rsquo;autonomisation \u00e9conomique des femmes avec l&rsquo;int\u00e9gration imminente de 300 femmes au foyer dans le secteur\" \/>\n<meta property=\"og:url\" content=\"https:\/\/lasentinelle.dz\/index.php\/2025\/07\/29\/inclusion-economique-300-femmes-au-foyer-integrent-le-secteur-industriel\/\" \/>\n<meta property=\"og:site_name\" content=\"La Sentinelle\" \/>\n<meta property=\"article:publisher\" content=\"https:\/\/www.facebook.com\/La-Sentinelle-104059864394773\" \/>\n<meta property=\"article:published_time\" content=\"2025-07-29T20:47:31+00:00\" \/>\n<meta property=\"article:modified_time\" content=\"2025-07-29T20:47:32+00:00\" \/>\n<meta property=\"og:image\" content=\"https:\/\/lasentinelle.dz\/wp-content\/uploads\/2025\/07\/526459257_1068756345437762_5070088938769626739_n.jpeg\" \/>\n\t<meta property=\"og:image:width\" content=\"1280\" \/>\n\t<meta property=\"og:image:height\" content=\"960\" \/>\n\t<meta property=\"og:image:type\" content=\"image\/jpeg\" \/>\n<meta name=\"author\" content=\"admin\" \/>\n<meta name=\"twitter:card\" content=\"summary_large_image\" \/>\n<meta name=\"twitter:label1\" content=\"\u00c9crit par\" \/>\n\t<meta name=\"twitter:data1\" content=\"admin\" \/>\n\t<meta name=\"twitter:label2\" content=\"Dur\u00e9e de lecture estim\u00e9e\" \/>\n\t<meta name=\"twitter:data2\" content=\"4 minutes\" \/>\n<script type=\"application\/ld+json\" class=\"yoast-schema-graph\">{\"@context\":\"https:\\\/\\\/schema.org\",\"@graph\":[{\"@type\":\"Article\",\"@id\":\"https:\\\/\\\/lasentinelle.dz\\\/index.php\\\/2025\\\/07\\\/29\\\/inclusion-economique-300-femmes-au-foyer-integrent-le-secteur-industriel\\\/#article\",\"isPartOf\":{\"@id\":\"https:\\\/\\\/lasentinelle.dz\\\/index.php\\\/2025\\\/07\\\/29\\\/inclusion-economique-300-femmes-au-foyer-integrent-le-secteur-industriel\\\/\"},\"author\":{\"name\":\"admin\",\"@id\":\"https:\\\/\\\/lasentinelle.dz\\\/#\\\/schema\\\/person\\\/729ee0024f24e0b8c5ec17232f8e8b41\"},\"headline\":\"Inclusion \u00e9conomique\u00a0: 300\u00a0femmes au foyer int\u00e8grent\u00a0le secteur industriel\",\"datePublished\":\"2025-07-29T20:47:31+00:00\",\"dateModified\":\"2025-07-29T20:47:32+00:00\",\"mainEntityOfPage\":{\"@id\":\"https:\\\/\\\/lasentinelle.dz\\\/index.php\\\/2025\\\/07\\\/29\\\/inclusion-economique-300-femmes-au-foyer-integrent-le-secteur-industriel\\\/\"},\"wordCount\":856,\"commentCount\":0,\"publisher\":{\"@id\":\"https:\\\/\\\/lasentinelle.dz\\\/#organization\"},\"image\":{\"@id\":\"https:\\\/\\\/lasentinelle.dz\\\/index.php\\\/2025\\\/07\\\/29\\\/inclusion-economique-300-femmes-au-foyer-integrent-le-secteur-industriel\\\/#primaryimage\"},\"thumbnailUrl\":\"https:\\\/\\\/lasentinelle.dz\\\/wp-content\\\/uploads\\\/2025\\\/07\\\/526459257_1068756345437762_5070088938769626739_n.jpeg\",\"articleSection\":[\"\u00c9conomie\"],\"inLanguage\":\"fr-FR\",\"potentialAction\":[{\"@type\":\"CommentAction\",\"name\":\"Comment\",\"target\":[\"https:\\\/\\\/lasentinelle.dz\\\/index.php\\\/2025\\\/07\\\/29\\\/inclusion-economique-300-femmes-au-foyer-integrent-le-secteur-industriel\\\/#respond\"]}]},{\"@type\":\"WebPage\",\"@id\":\"https:\\\/\\\/lasentinelle.dz\\\/index.php\\\/2025\\\/07\\\/29\\\/inclusion-economique-300-femmes-au-foyer-integrent-le-secteur-industriel\\\/\",\"url\":\"https:\\\/\\\/lasentinelle.dz\\\/index.php\\\/2025\\\/07\\\/29\\\/inclusion-economique-300-femmes-au-foyer-integrent-le-secteur-industriel\\\/\",\"name\":\"Inclusion \u00e9conomique\u00a0: 300\u00a0femmes au foyer int\u00e8grent\u00a0le secteur industriel - La Sentinelle\",\"isPartOf\":{\"@id\":\"https:\\\/\\\/lasentinelle.dz\\\/#website\"},\"primaryImageOfPage\":{\"@id\":\"https:\\\/\\\/lasentinelle.dz\\\/index.php\\\/2025\\\/07\\\/29\\\/inclusion-economique-300-femmes-au-foyer-integrent-le-secteur-industriel\\\/#primaryimage\"},\"image\":{\"@id\":\"https:\\\/\\\/lasentinelle.dz\\\/index.php\\\/2025\\\/07\\\/29\\\/inclusion-economique-300-femmes-au-foyer-integrent-le-secteur-industriel\\\/#primaryimage\"},\"thumbnailUrl\":\"https:\\\/\\\/lasentinelle.dz\\\/wp-content\\\/uploads\\\/2025\\\/07\\\/526459257_1068756345437762_5070088938769626739_n.jpeg\",\"datePublished\":\"2025-07-29T20:47:31+00:00\",\"dateModified\":\"2025-07-29T20:47:32+00:00\",\"breadcrumb\":{\"@id\":\"https:\\\/\\\/lasentinelle.dz\\\/index.php\\\/2025\\\/07\\\/29\\\/inclusion-economique-300-femmes-au-foyer-integrent-le-secteur-industriel\\\/#breadcrumb\"},\"inLanguage\":\"fr-FR\",\"potentialAction\":[{\"@type\":\"ReadAction\",\"target\":[\"https:\\\/\\\/lasentinelle.dz\\\/index.php\\\/2025\\\/07\\\/29\\\/inclusion-economique-300-femmes-au-foyer-integrent-le-secteur-industriel\\\/\"]}]},{\"@type\":\"ImageObject\",\"inLanguage\":\"fr-FR\",\"@id\":\"https:\\\/\\\/lasentinelle.dz\\\/index.php\\\/2025\\\/07\\\/29\\\/inclusion-economique-300-femmes-au-foyer-integrent-le-secteur-industriel\\\/#primaryimage\",\"url\":\"https:\\\/\\\/lasentinelle.dz\\\/wp-content\\\/uploads\\\/2025\\\/07\\\/526459257_1068756345437762_5070088938769626739_n.jpeg\",\"contentUrl\":\"https:\\\/\\\/lasentinelle.dz\\\/wp-content\\\/uploads\\\/2025\\\/07\\\/526459257_1068756345437762_5070088938769626739_n.jpeg\",\"width\":1280,\"height\":960},{\"@type\":\"BreadcrumbList\",\"@id\":\"https:\\\/\\\/lasentinelle.dz\\\/index.php\\\/2025\\\/07\\\/29\\\/inclusion-economique-300-femmes-au-foyer-integrent-le-secteur-industriel\\\/#breadcrumb\",\"itemListElement\":[{\"@type\":\"ListItem\",\"position\":1,\"name\":\"Accueil\",\"item\":\"https:\\\/\\\/lasentinelle.dz\\\/\"},{\"@type\":\"ListItem\",\"position\":2,\"name\":\"Inclusion \u00e9conomique\u00a0: 300\u00a0femmes au foyer int\u00e8grent\u00a0le secteur industriel\"}]},{\"@type\":\"WebSite\",\"@id\":\"https:\\\/\\\/lasentinelle.dz\\\/#website\",\"url\":\"https:\\\/\\\/lasentinelle.dz\\\/\",\"name\":\"La Sentinelle\",\"description\":\"Quotidien national d&#039;information\",\"publisher\":{\"@id\":\"https:\\\/\\\/lasentinelle.dz\\\/#organization\"},\"potentialAction\":[{\"@type\":\"SearchAction\",\"target\":{\"@type\":\"EntryPoint\",\"urlTemplate\":\"https:\\\/\\\/lasentinelle.dz\\\/?s={search_term_string}\"},\"query-input\":{\"@type\":\"PropertyValueSpecification\",\"valueRequired\":true,\"valueName\":\"search_term_string\"}}],\"inLanguage\":\"fr-FR\"},{\"@type\":\"Organization\",\"@id\":\"https:\\\/\\\/lasentinelle.dz\\\/#organization\",\"name\":\"Quotidien La Sentinelle\",\"url\":\"https:\\\/\\\/lasentinelle.dz\\\/\",\"logo\":{\"@type\":\"ImageObject\",\"inLanguage\":\"fr-FR\",\"@id\":\"https:\\\/\\\/lasentinelle.dz\\\/#\\\/schema\\\/logo\\\/image\\\/\",\"url\":\"https:\\\/\\\/lasentinelle.dz\\\/wp-content\\\/uploads\\\/2021\\\/09\\\/logo-sentinelleSLOGAN-1.png\",\"contentUrl\":\"https:\\\/\\\/lasentinelle.dz\\\/wp-content\\\/uploads\\\/2021\\\/09\\\/logo-sentinelleSLOGAN-1.png\",\"width\":615,\"height\":142,\"caption\":\"Quotidien La Sentinelle\"},\"image\":{\"@id\":\"https:\\\/\\\/lasentinelle.dz\\\/#\\\/schema\\\/logo\\\/image\\\/\"},\"sameAs\":[\"https:\\\/\\\/www.facebook.com\\\/La-Sentinelle-104059864394773\"]},{\"@type\":\"Person\",\"@id\":\"https:\\\/\\\/lasentinelle.dz\\\/#\\\/schema\\\/person\\\/729ee0024f24e0b8c5ec17232f8e8b41\",\"name\":\"admin\",\"image\":{\"@type\":\"ImageObject\",\"inLanguage\":\"fr-FR\",\"@id\":\"https:\\\/\\\/secure.gravatar.com\\\/avatar\\\/4c81fed838786e9b53f540bf46533e750f5d292099ae3b66cfc6fb1982e29df7?s=96&d=mm&r=g\",\"url\":\"https:\\\/\\\/secure.gravatar.com\\\/avatar\\\/4c81fed838786e9b53f540bf46533e750f5d292099ae3b66cfc6fb1982e29df7?s=96&d=mm&r=g\",\"contentUrl\":\"https:\\\/\\\/secure.gravatar.com\\\/avatar\\\/4c81fed838786e9b53f540bf46533e750f5d292099ae3b66cfc6fb1982e29df7?s=96&d=mm&r=g\",\"caption\":\"admin\"},\"description\":\"admin\",\"url\":\"https:\\\/\\\/lasentinelle.dz\\\/author\\\/admin\\\/\"}]}<\/script>\n<!-- \/ Yoast SEO plugin. -->","yoast_head_json":{"title":"Inclusion \u00e9conomique\u00a0: 300\u00a0femmes au foyer int\u00e8grent\u00a0le secteur industriel - La Sentinelle","robots":{"index":"index","follow":"follow","max-snippet":"max-snippet:-1","max-image-preview":"max-image-preview:large","max-video-preview":"max-video-preview:-1"},"canonical":"https:\/\/lasentinelle.dz\/index.php\/2025\/07\/29\/inclusion-economique-300-femmes-au-foyer-integrent-le-secteur-industriel\/","og_locale":"fr_FR","og_type":"article","og_title":"Inclusion \u00e9conomique\u00a0: 300\u00a0femmes au foyer int\u00e8grent\u00a0le secteur industriel - La Sentinelle","og_description":"L&rsquo;Alg\u00e9rie lance une offensive pour l&rsquo;autonomisation \u00e9conomique des femmes avec l&rsquo;int\u00e9gration imminente de 300 femmes au foyer dans le secteur","og_url":"https:\/\/lasentinelle.dz\/index.php\/2025\/07\/29\/inclusion-economique-300-femmes-au-foyer-integrent-le-secteur-industriel\/","og_site_name":"La Sentinelle","article_publisher":"https:\/\/www.facebook.com\/La-Sentinelle-104059864394773","article_published_time":"2025-07-29T20:47:31+00:00","article_modified_time":"2025-07-29T20:47:32+00:00","og_image":[{"width":1280,"height":960,"url":"https:\/\/lasentinelle.dz\/wp-content\/uploads\/2025\/07\/526459257_1068756345437762_5070088938769626739_n.jpeg","type":"image\/jpeg"}],"author":"admin","twitter_card":"summary_large_image","twitter_misc":{"\u00c9crit par":"admin","Dur\u00e9e de lecture estim\u00e9e":"4 minutes"},"schema":{"@context":"https:\/\/schema.org","@graph":[{"@type":"Article","@id":"https:\/\/lasentinelle.dz\/index.php\/2025\/07\/29\/inclusion-economique-300-femmes-au-foyer-integrent-le-secteur-industriel\/#article","isPartOf":{"@id":"https:\/\/lasentinelle.dz\/index.php\/2025\/07\/29\/inclusion-economique-300-femmes-au-foyer-integrent-le-secteur-industriel\/"},"author":{"name":"admin","@id":"https:\/\/lasentinelle.dz\/#\/schema\/person\/729ee0024f24e0b8c5ec17232f8e8b41"},"headline":"Inclusion \u00e9conomique\u00a0: 300\u00a0femmes au foyer int\u00e8grent\u00a0le secteur industriel","datePublished":"2025-07-29T20:47:31+00:00","dateModified":"2025-07-29T20:47:32+00:00","mainEntityOfPage":{"@id":"https:\/\/lasentinelle.dz\/index.php\/2025\/07\/29\/inclusion-economique-300-femmes-au-foyer-integrent-le-secteur-industriel\/"},"wordCount":856,"commentCount":0,"publisher":{"@id":"https:\/\/lasentinelle.dz\/#organization"},"image":{"@id":"https:\/\/lasentinelle.dz\/index.php\/2025\/07\/29\/inclusion-economique-300-femmes-au-foyer-integrent-le-secteur-industriel\/#primaryimage"},"thumbnailUrl":"https:\/\/lasentinelle.dz\/wp-content\/uploads\/2025\/07\/526459257_1068756345437762_5070088938769626739_n.jpeg","articleSection":["\u00c9conomie"],"inLanguage":"fr-FR","potentialAction":[{"@type":"CommentAction","name":"Comment","target":["https:\/\/lasentinelle.dz\/index.php\/2025\/07\/29\/inclusion-economique-300-femmes-au-foyer-integrent-le-secteur-industriel\/#respond"]}]},{"@type":"WebPage","@id":"https:\/\/lasentinelle.dz\/index.php\/2025\/07\/29\/inclusion-economique-300-femmes-au-foyer-integrent-le-secteur-industriel\/","url":"https:\/\/lasentinelle.dz\/index.php\/2025\/07\/29\/inclusion-economique-300-femmes-au-foyer-integrent-le-secteur-industriel\/","name":"Inclusion \u00e9conomique\u00a0: 300\u00a0femmes au foyer int\u00e8grent\u00a0le secteur industriel - La Sentinelle","isPartOf":{"@id":"https:\/\/lasentinelle.dz\/#website"},"primaryImageOfPage":{"@id":"https:\/\/lasentinelle.dz\/index.php\/2025\/07\/29\/inclusion-economique-300-femmes-au-foyer-integrent-le-secteur-industriel\/#primaryimage"},"image":{"@id":"https:\/\/lasentinelle.dz\/index.php\/2025\/07\/29\/inclusion-economique-300-femmes-au-foyer-integrent-le-secteur-industriel\/#primaryimage"},"thumbnailUrl":"https:\/\/lasentinelle.dz\/wp-content\/uploads\/2025\/07\/526459257_1068756345437762_5070088938769626739_n.jpeg","datePublished":"2025-07-29T20:47:31+00:00","dateModified":"2025-07-29T20:47:32+00:00","breadcrumb":{"@id":"https:\/\/lasentinelle.dz\/index.php\/2025\/07\/29\/inclusion-economique-300-femmes-au-foyer-integrent-le-secteur-industriel\/#breadcrumb"},"inLanguage":"fr-FR","potentialAction":[{"@type":"ReadAction","target":["https:\/\/lasentinelle.dz\/index.php\/2025\/07\/29\/inclusion-economique-300-femmes-au-foyer-integrent-le-secteur-industriel\/"]}]},{"@type":"ImageObject","inLanguage":"fr-FR","@id":"https:\/\/lasentinelle.dz\/index.php\/2025\/07\/29\/inclusion-economique-300-femmes-au-foyer-integrent-le-secteur-industriel\/#primaryimage","url":"https:\/\/lasentinelle.dz\/wp-content\/uploads\/2025\/07\/526459257_1068756345437762_5070088938769626739_n.jpeg","contentUrl":"https:\/\/lasentinelle.dz\/wp-content\/uploads\/2025\/07\/526459257_1068756345437762_5070088938769626739_n.jpeg","width":1280,"height":960},{"@type":"BreadcrumbList","@id":"https:\/\/lasentinelle.dz\/index.php\/2025\/07\/29\/inclusion-economique-300-femmes-au-foyer-integrent-le-secteur-industriel\/#breadcrumb","itemListElement":[{"@type":"ListItem","position":1,"name":"Accueil","item":"https:\/\/lasentinelle.dz\/"},{"@type":"ListItem","position":2,"name":"Inclusion \u00e9conomique\u00a0: 300\u00a0femmes au foyer int\u00e8grent\u00a0le secteur industriel"}]},{"@type":"WebSite","@id":"https:\/\/lasentinelle.dz\/#website","url":"https:\/\/lasentinelle.dz\/","name":"La Sentinelle","description":"Quotidien national d&#039;information","publisher":{"@id":"https:\/\/lasentinelle.dz\/#organization"},"potentialAction":[{"@type":"SearchAction","target":{"@type":"EntryPoint","urlTemplate":"https:\/\/lasentinelle.dz\/?s={search_term_string}"},"query-input":{"@type":"PropertyValueSpecification","valueRequired":true,"valueName":"search_term_string"}}],"inLanguage":"fr-FR"},{"@type":"Organization","@id":"https:\/\/lasentinelle.dz\/#organization","name":"Quotidien La Sentinelle","url":"https:\/\/lasentinelle.dz\/","logo":{"@type":"ImageObject","inLanguage":"fr-FR","@id":"https:\/\/lasentinelle.dz\/#\/schema\/logo\/image\/","url":"https:\/\/lasentinelle.dz\/wp-content\/uploads\/2021\/09\/logo-sentinelleSLOGAN-1.png","contentUrl":"https:\/\/lasentinelle.dz\/wp-content\/uploads\/2021\/09\/logo-sentinelleSLOGAN-1.png","width":615,"height":142,"caption":"Quotidien La Sentinelle"},"image":{"@id":"https:\/\/lasentinelle.dz\/#\/schema\/logo\/image\/"},"sameAs":["https:\/\/www.facebook.com\/La-Sentinelle-104059864394773"]},{"@type":"Person","@id":"https:\/\/lasentinelle.dz\/#\/schema\/person\/729ee0024f24e0b8c5ec17232f8e8b41","name":"admin","image":{"@type":"ImageObject","inLanguage":"fr-FR","@id":"https:\/\/secure.gravatar.com\/avatar\/4c81fed838786e9b53f540bf46533e750f5d292099ae3b66cfc6fb1982e29df7?s=96&d=mm&r=g","url":"https:\/\/secure.gravatar.com\/avatar\/4c81fed838786e9b53f540bf46533e750f5d292099ae3b66cfc6fb1982e29df7?s=96&d=mm&r=g","contentUrl":"https:\/\/secure.gravatar.com\/avatar\/4c81fed838786e9b53f540bf46533e750f5d292099ae3b66cfc6fb1982e29df7?s=96&d=mm&r=g","caption":"admin"},"description":"admin","url":"https:\/\/lasentinelle.dz\/author\/admin\/"}]}},"_links":{"self":[{"href":"https:\/\/lasentinelle.dz\/index.php\/wp-json\/wp\/v2\/posts\/71167","targetHints":{"allow":["GET"]}}],"collection":[{"href":"https:\/\/lasentinelle.dz\/index.php\/wp-json\/wp\/v2\/posts"}],"about":[{"href":"https:\/\/lasentinelle.dz\/index.php\/wp-json\/wp\/v2\/types\/post"}],"author":[{"embeddable":true,"href":"https:\/\/lasentinelle.dz\/index.php\/wp-json\/wp\/v2\/users\/6"}],"replies":[{"embeddable":true,"href":"https:\/\/lasentinelle.dz\/index.php\/wp-json\/wp\/v2\/comments?post=71167"}],"version-history":[{"count":1,"href":"https:\/\/lasentinelle.dz\/index.php\/wp-json\/wp\/v2\/posts\/71167\/revisions"}],"predecessor-version":[{"id":71169,"href":"https:\/\/lasentinelle.dz\/index.php\/wp-json\/wp\/v2\/posts\/71167\/revisions\/71169"}],"wp:featuredmedia":[{"embeddable":true,"href":"https:\/\/lasentinelle.dz\/index.php\/wp-json\/wp\/v2\/media\/71168"}],"wp:attachment":[{"href":"https:\/\/lasentinelle.dz\/index.php\/wp-json\/wp\/v2\/media?parent=71167"}],"wp:term":[{"taxonomy":"category","embeddable":true,"href":"https:\/\/lasentinelle.dz\/index.php\/wp-json\/wp\/v2\/categories?post=71167"},{"taxonomy":"post_tag","embeddable":true,"href":"https:\/\/lasentinelle.dz\/index.php\/wp-json\/wp\/v2\/tags?post=71167"}],"curies":[{"name":"wp","href":"https:\/\/api.w.org\/{rel}","templated":true}]}}