{"id":71170,"date":"2025-07-29T21:48:07","date_gmt":"2025-07-29T20:48:07","guid":{"rendered":"https:\/\/lasentinelle.dz\/?p=71170"},"modified":"2025-07-29T21:48:08","modified_gmt":"2025-07-29T20:48:08","slug":"des-vaches-americaines-pour-la-ferme-baladna-en-algerie","status":"publish","type":"post","link":"https:\/\/lasentinelle.dz\/index.php\/2025\/07\/29\/des-vaches-americaines-pour-la-ferme-baladna-en-algerie\/","title":{"rendered":"Des vaches am\u00e9ricaines pour la ferme Baladna\u00a0en Alg\u00e9rie"},"content":{"rendered":"\n<p>Des bovins laitiers am\u00e9ricains sont en route vers l&rsquo;Alg\u00e9rie pour alimenter le projet pharaonique Baladna,&nbsp;lequel n\u00e9cessitera un investissement&nbsp;de 3,5 milliards de dollars.&nbsp;<\/p>\n\n\n\n<p>L\u2019ambassadrice am\u00e9ricaine Elizabeth Moore Aubin&nbsp;a annonc\u00e9 mardi&nbsp;sur Facebook&nbsp;que le projet&nbsp;marque \u00ab\u00a0un nouveau chapitre dans la coop\u00e9ration agricole entre les \u00c9tats-Unis et l&rsquo;Alg\u00e9rie\u00a0\u00bb, alors que la signature lundi des premiers contrats du projet avait d\u00e9j\u00e0 cr\u00e9\u00e9 l&rsquo;\u00e9v\u00e9nement dans les milieux \u00e9conomiques.<\/p>\n\n\n\n<p>Cette r\u00e9v\u00e9lation am\u00e9ricaine \u00e9claire d&rsquo;un jour nouveau l&rsquo;ampleur internationale du projet Baladna-Alg\u00e9rie, qui vise \u00e0 produire localement 50% des besoins nationaux en lait en poudre sur 117.000 hectares dans la r\u00e9gion d&rsquo;Adrar. La diplomate am\u00e9ricaine a pr\u00e9cis\u00e9 que&nbsp;la&nbsp;participation&nbsp;US&nbsp;ne se limite pas aux bovins, puisque la soci\u00e9t\u00e9 Valmont contribuera \u00e9galement au projet avec des syst\u00e8mes d&rsquo;irrigation de pointe adapt\u00e9s au climat saharien. Cette double contribution technique et g\u00e9n\u00e9tique am\u00e9ricaine aux c\u00f4t\u00e9s des partenaires qataris et alg\u00e9riens transforme le projet Baladna en v\u00e9ritable laboratoire de coop\u00e9ration tripartite, o\u00f9 se&nbsp;rencontrent potentiel alg\u00e9rien,&nbsp;capitaux du Golfe, expertise europ\u00e9enne et technologie am\u00e9ricaine.&nbsp;La c\u00e9r\u00e9monie de signature qui s&rsquo;est tenue lundi au Centre international des conf\u00e9rences Abdelatif Rahal avait d\u00e9j\u00e0 r\u00e9v\u00e9l\u00e9 l&rsquo;architecture complexe de ce projet qualifi\u00e9 par la soci\u00e9t\u00e9 Baladna comme \u00ab\u00a0le plus grand projet agricole industriel int\u00e9gr\u00e9 de production laiti\u00e8re au monde\u00a0\u00bb. Quatorze contrats d&rsquo;une valeur d\u00e9passant 500 millions de dollars ont \u00e9t\u00e9 conclus pour la premi\u00e8re phase, mobilisant des g\u00e9ants technologiques internationaux aux c\u00f4t\u00e9s d&rsquo;entreprises alg\u00e9riennes.<\/p>\n\n\n\n<p>L&rsquo;Allemagne occupe une position centrale dans ce dispositif avec la soci\u00e9t\u00e9 GEA Technologies, leader mondial dans la fabrication de lignes de production laiti\u00e8re, qui concevra l&rsquo;usine de lait en poudre selon des sp\u00e9cifications incluant une unit\u00e9 de s\u00e9chage de 40 m\u00e8tres de hauteur. Cette prouesse technique s&rsquo;accompagne de l&rsquo;expertise de UCC-UrbaCon Trading and Contracting pour la charpente m\u00e9tallique, tandis que la soci\u00e9t\u00e9 qatarienne EHAF \u00e9laborera les plans architecturaux de l&rsquo;ensemble des infrastructures.<\/p>\n\n\n\n<p>La dimension technologique du projet se confirme avec l&rsquo;implication de la Turquie via la soci\u00e9t\u00e9 AFKO pour les syst\u00e8mes d&rsquo;irrigation, compl\u00e9tant ainsi l&rsquo;offre am\u00e9ricaine de Valmont.&nbsp;Le ministre de l&rsquo;Agriculture Youcef Cherfa a soulign\u00e9 lors de la c\u00e9r\u00e9monie que le lancement de ce projet co\u00efncide symboliquement avec la campagne labours-semailles 2025-2026, illustrant la synchronisation parfaite entre ambitions politiques et r\u00e9alit\u00e9s agricoles. Les autorit\u00e9s alg\u00e9riennes ont mobilis\u00e9 des moyens consid\u00e9rables pour faciliter cette implantation, depuis l&rsquo;octroi du foncier agricole jusqu&rsquo;aux autorisations de forage, en passant par le raccordement \u00e9lectrique et la r\u00e9alisation des infrastructures d&rsquo;accompagnement.<\/p>\n\n\n\n<p>L&rsquo;expertise alg\u00e9rienne n&rsquo;est pas en reste avec la mobilisation de la soci\u00e9t\u00e9 EFORHYD pour le forage des puits d&rsquo;eau, \u00e9l\u00e9ment crucial dans cette r\u00e9gion saharienne, et du Bureau national d&rsquo;\u00e9tudes pour le d\u00e9veloppement rural (BNEDER) pour les \u00e9tudes techniques. Cette participation nationale s&rsquo;\u00e9tend \u00e9galement aux infrastructures d&rsquo;accueil avec Condor-Travocovia et RedMed charg\u00e9es de construire les bases de vie destin\u00e9es aux \u00e9quipes op\u00e9rationnelles.&nbsp;La gestion globale du projet sera assur\u00e9e par la soci\u00e9t\u00e9 internationale DG Jones and Partners, garantissant une coordination optimale entre les multiples intervenants de cette m\u00e9gastructure industrielle. Les soci\u00e9t\u00e9s Dandoun et Cindyris piloteront les \u00e9tudes techniques et la planification, transformant cette initiative en v\u00e9ritable \u00e9cole de management de projets complexes pour les cadres alg\u00e9riens.<\/p>\n\n\n\n<p>L&rsquo;ambition productive de Baladna impressionne par ses chiffres : 1,7 milliard de litres de lait annuellement gr\u00e2ce \u00e0 l&rsquo;\u00e9levage de 270.000 t\u00eates de bovins s\u00e9lectionn\u00e9es selon les meilleures normes internationales. Cette production, programm\u00e9e \u00e0 partir de 2026, n\u00e9cessitera la mise en valeur de 100.000 hectares d\u00e8s la premi\u00e8re phase, avec l&rsquo;installation de 700 pivots d&rsquo;irrigation et la cr\u00e9ation de deux fermes d&rsquo;\u00e9levage.<\/p>\n\n\n\n<p>Le directeur g\u00e9n\u00e9ral de l&rsquo;Agence alg\u00e9rienne de promotion de l&rsquo;investissement, Omar Rekkache, voit dans cette signature \u00ab\u00a0une \u00e9tape primordiale refl\u00e9tant la nouvelle vision alg\u00e9rienne en mati\u00e8re d&rsquo;investissement productif\u00a0\u00bb, tandis que le pr\u00e9sident du conseil d&rsquo;administration de Baladna, Mohamed Moutaz Al-Khayyat, salue une initiative qui \u00ab\u00a0drainera les expertises nationales et internationales\u00a0\u00bb. L&rsquo;ambassadeur qatari Abdulaziz Ali Al-Naama y voit quant \u00e0 lui la preuve de \u00ab\u00a0l&rsquo;engagement ferme \u00e0 acc\u00e9l\u00e9rer la mise en \u0153uvre\u00a0\u00bb de ce projet strat\u00e9gique.<\/p>\n\n\n\n<p>L&rsquo;impact socio-\u00e9conomique attendu d\u00e9passe largement les 5.000 emplois directs annonc\u00e9s, puisque cette initiative devrait stimuler l&rsquo;ensemble de la fili\u00e8re agroalimentaire nationale et cr\u00e9er un effet d&rsquo;entra\u00eenement sur les secteurs connexes. Plus symboliquement, ce projet marque une \u00e9tape dans la diversification de l&rsquo;\u00e9conomie alg\u00e9rienne au-del\u00e0 des hydrocarbures, objectif affich\u00e9 des r\u00e9formes \u00e9conomiques du pr\u00e9sident Abdelmadjid Tebboune.&nbsp;Dans un monde o\u00f9 la s\u00e9curit\u00e9 alimentaire devient un enjeu g\u00e9ostrat\u00e9gique majeur, le projet Baladna illustre comment les pays \u00e9mergents construisent leur souverainet\u00e9 alimentaire en mobilisant les meilleures expertises mondiales.<\/p>\n\n\n\n<p>Sabrina Aziouez<\/p>\n","protected":false},"excerpt":{"rendered":"<p>Des bovins laitiers am\u00e9ricains sont en route vers l&rsquo;Alg\u00e9rie pour alimenter le projet pharaonique Baladna,&nbsp;lequel n\u00e9cessitera un investissement&nbsp;de 3,5 milliards<\/p>\n","protected":false},"author":6,"featured_media":71171,"comment_status":"open","ping_status":"closed","sticky":false,"template":"","format":"standard","meta":{"colormag_page_container_layout":"default_layout","colormag_page_sidebar_layout":"default_layout","om_disable_all_campaigns":false,"_monsterinsights_skip_tracking":false,"_monsterinsights_sitenote_active":false,"_monsterinsights_sitenote_note":"","_monsterinsights_sitenote_category":0,"footnotes":"","_wpscppro_dont_share_socialmedia":false,"_wpscppro_custom_social_share_image":0,"_facebook_share_type":"default","_twitter_share_type":"default","_linkedin_share_type":"default","_pinterest_share_type":"default","_linkedin_share_type_page":"","_instagram_share_type":"default","_medium_share_type":"default","_threads_share_type":"","_google_business_share_type":"","_selected_social_profile":[],"_wpsp_enable_custom_social_template":false,"_wpsp_social_scheduling":{"enabled":false,"datetime":null,"platforms":[],"status":"template_only","dateOption":"today","timeOption":"now","customDays":"","customHours":"","customDate":"","customTime":"","schedulingType":"absolute"},"_wpsp_active_default_template":true},"categories":[52,29],"tags":[],"class_list":["post-71170","post","type-post","status-publish","format-standard","has-post-thumbnail","hentry","category-a-la-une","category-economie"],"aioseo_notices":[],"yoast_head":"<!-- This site is optimized with the Yoast SEO plugin v27.5 - https:\/\/yoast.com\/product\/yoast-seo-wordpress\/ -->\n<title>Des vaches am\u00e9ricaines pour la ferme Baladna\u00a0en Alg\u00e9rie - La Sentinelle<\/title>\n<meta name=\"robots\" content=\"index, follow, max-snippet:-1, max-image-preview:large, max-video-preview:-1\" \/>\n<link rel=\"canonical\" href=\"https:\/\/lasentinelle.dz\/index.php\/2025\/07\/29\/des-vaches-americaines-pour-la-ferme-baladna-en-algerie\/\" \/>\n<meta property=\"og:locale\" content=\"fr_FR\" \/>\n<meta property=\"og:type\" content=\"article\" \/>\n<meta property=\"og:title\" content=\"Des vaches am\u00e9ricaines pour la ferme Baladna\u00a0en Alg\u00e9rie - La Sentinelle\" \/>\n<meta property=\"og:description\" content=\"Des bovins laitiers am\u00e9ricains sont en route vers l&rsquo;Alg\u00e9rie pour alimenter le projet pharaonique Baladna,&nbsp;lequel n\u00e9cessitera un investissement&nbsp;de 3,5 milliards\" \/>\n<meta property=\"og:url\" content=\"https:\/\/lasentinelle.dz\/index.php\/2025\/07\/29\/des-vaches-americaines-pour-la-ferme-baladna-en-algerie\/\" \/>\n<meta property=\"og:site_name\" content=\"La Sentinelle\" \/>\n<meta property=\"article:publisher\" content=\"https:\/\/www.facebook.com\/La-Sentinelle-104059864394773\" \/>\n<meta property=\"article:published_time\" content=\"2025-07-29T20:48:07+00:00\" \/>\n<meta property=\"article:modified_time\" content=\"2025-07-29T20:48:08+00:00\" \/>\n<meta property=\"og:image\" content=\"https:\/\/lasentinelle.dz\/wp-content\/uploads\/2025\/07\/vaches.jpeg\" \/>\n\t<meta property=\"og:image:width\" content=\"1024\" \/>\n\t<meta property=\"og:image:height\" content=\"576\" \/>\n\t<meta property=\"og:image:type\" content=\"image\/jpeg\" \/>\n<meta name=\"author\" content=\"admin\" \/>\n<meta name=\"twitter:card\" content=\"summary_large_image\" \/>\n<meta name=\"twitter:label1\" content=\"\u00c9crit par\" \/>\n\t<meta name=\"twitter:data1\" content=\"admin\" \/>\n\t<meta name=\"twitter:label2\" content=\"Dur\u00e9e de lecture estim\u00e9e\" \/>\n\t<meta name=\"twitter:data2\" content=\"4 minutes\" \/>\n<script type=\"application\/ld+json\" class=\"yoast-schema-graph\">{\"@context\":\"https:\\\/\\\/schema.org\",\"@graph\":[{\"@type\":\"Article\",\"@id\":\"https:\\\/\\\/lasentinelle.dz\\\/index.php\\\/2025\\\/07\\\/29\\\/des-vaches-americaines-pour-la-ferme-baladna-en-algerie\\\/#article\",\"isPartOf\":{\"@id\":\"https:\\\/\\\/lasentinelle.dz\\\/index.php\\\/2025\\\/07\\\/29\\\/des-vaches-americaines-pour-la-ferme-baladna-en-algerie\\\/\"},\"author\":{\"name\":\"admin\",\"@id\":\"https:\\\/\\\/lasentinelle.dz\\\/#\\\/schema\\\/person\\\/729ee0024f24e0b8c5ec17232f8e8b41\"},\"headline\":\"Des vaches am\u00e9ricaines pour la ferme Baladna\u00a0en Alg\u00e9rie\",\"datePublished\":\"2025-07-29T20:48:07+00:00\",\"dateModified\":\"2025-07-29T20:48:08+00:00\",\"mainEntityOfPage\":{\"@id\":\"https:\\\/\\\/lasentinelle.dz\\\/index.php\\\/2025\\\/07\\\/29\\\/des-vaches-americaines-pour-la-ferme-baladna-en-algerie\\\/\"},\"wordCount\":908,\"commentCount\":0,\"publisher\":{\"@id\":\"https:\\\/\\\/lasentinelle.dz\\\/#organization\"},\"image\":{\"@id\":\"https:\\\/\\\/lasentinelle.dz\\\/index.php\\\/2025\\\/07\\\/29\\\/des-vaches-americaines-pour-la-ferme-baladna-en-algerie\\\/#primaryimage\"},\"thumbnailUrl\":\"https:\\\/\\\/lasentinelle.dz\\\/wp-content\\\/uploads\\\/2025\\\/07\\\/vaches.jpeg\",\"articleSection\":[\"\u00c0 la Une\",\"\u00c9conomie\"],\"inLanguage\":\"fr-FR\",\"potentialAction\":[{\"@type\":\"CommentAction\",\"name\":\"Comment\",\"target\":[\"https:\\\/\\\/lasentinelle.dz\\\/index.php\\\/2025\\\/07\\\/29\\\/des-vaches-americaines-pour-la-ferme-baladna-en-algerie\\\/#respond\"]}]},{\"@type\":\"WebPage\",\"@id\":\"https:\\\/\\\/lasentinelle.dz\\\/index.php\\\/2025\\\/07\\\/29\\\/des-vaches-americaines-pour-la-ferme-baladna-en-algerie\\\/\",\"url\":\"https:\\\/\\\/lasentinelle.dz\\\/index.php\\\/2025\\\/07\\\/29\\\/des-vaches-americaines-pour-la-ferme-baladna-en-algerie\\\/\",\"name\":\"Des vaches am\u00e9ricaines pour la ferme Baladna\u00a0en Alg\u00e9rie - La Sentinelle\",\"isPartOf\":{\"@id\":\"https:\\\/\\\/lasentinelle.dz\\\/#website\"},\"primaryImageOfPage\":{\"@id\":\"https:\\\/\\\/lasentinelle.dz\\\/index.php\\\/2025\\\/07\\\/29\\\/des-vaches-americaines-pour-la-ferme-baladna-en-algerie\\\/#primaryimage\"},\"image\":{\"@id\":\"https:\\\/\\\/lasentinelle.dz\\\/index.php\\\/2025\\\/07\\\/29\\\/des-vaches-americaines-pour-la-ferme-baladna-en-algerie\\\/#primaryimage\"},\"thumbnailUrl\":\"https:\\\/\\\/lasentinelle.dz\\\/wp-content\\\/uploads\\\/2025\\\/07\\\/vaches.jpeg\",\"datePublished\":\"2025-07-29T20:48:07+00:00\",\"dateModified\":\"2025-07-29T20:48:08+00:00\",\"breadcrumb\":{\"@id\":\"https:\\\/\\\/lasentinelle.dz\\\/index.php\\\/2025\\\/07\\\/29\\\/des-vaches-americaines-pour-la-ferme-baladna-en-algerie\\\/#breadcrumb\"},\"inLanguage\":\"fr-FR\",\"potentialAction\":[{\"@type\":\"ReadAction\",\"target\":[\"https:\\\/\\\/lasentinelle.dz\\\/index.php\\\/2025\\\/07\\\/29\\\/des-vaches-americaines-pour-la-ferme-baladna-en-algerie\\\/\"]}]},{\"@type\":\"ImageObject\",\"inLanguage\":\"fr-FR\",\"@id\":\"https:\\\/\\\/lasentinelle.dz\\\/index.php\\\/2025\\\/07\\\/29\\\/des-vaches-americaines-pour-la-ferme-baladna-en-algerie\\\/#primaryimage\",\"url\":\"https:\\\/\\\/lasentinelle.dz\\\/wp-content\\\/uploads\\\/2025\\\/07\\\/vaches.jpeg\",\"contentUrl\":\"https:\\\/\\\/lasentinelle.dz\\\/wp-content\\\/uploads\\\/2025\\\/07\\\/vaches.jpeg\",\"width\":1024,\"height\":576},{\"@type\":\"BreadcrumbList\",\"@id\":\"https:\\\/\\\/lasentinelle.dz\\\/index.php\\\/2025\\\/07\\\/29\\\/des-vaches-americaines-pour-la-ferme-baladna-en-algerie\\\/#breadcrumb\",\"itemListElement\":[{\"@type\":\"ListItem\",\"position\":1,\"name\":\"Accueil\",\"item\":\"https:\\\/\\\/lasentinelle.dz\\\/\"},{\"@type\":\"ListItem\",\"position\":2,\"name\":\"Des vaches am\u00e9ricaines pour la ferme Baladna\u00a0en Alg\u00e9rie\"}]},{\"@type\":\"WebSite\",\"@id\":\"https:\\\/\\\/lasentinelle.dz\\\/#website\",\"url\":\"https:\\\/\\\/lasentinelle.dz\\\/\",\"name\":\"La Sentinelle\",\"description\":\"Quotidien national d&#039;information\",\"publisher\":{\"@id\":\"https:\\\/\\\/lasentinelle.dz\\\/#organization\"},\"potentialAction\":[{\"@type\":\"SearchAction\",\"target\":{\"@type\":\"EntryPoint\",\"urlTemplate\":\"https:\\\/\\\/lasentinelle.dz\\\/?s={search_term_string}\"},\"query-input\":{\"@type\":\"PropertyValueSpecification\",\"valueRequired\":true,\"valueName\":\"search_term_string\"}}],\"inLanguage\":\"fr-FR\"},{\"@type\":\"Organization\",\"@id\":\"https:\\\/\\\/lasentinelle.dz\\\/#organization\",\"name\":\"Quotidien La Sentinelle\",\"url\":\"https:\\\/\\\/lasentinelle.dz\\\/\",\"logo\":{\"@type\":\"ImageObject\",\"inLanguage\":\"fr-FR\",\"@id\":\"https:\\\/\\\/lasentinelle.dz\\\/#\\\/schema\\\/logo\\\/image\\\/\",\"url\":\"https:\\\/\\\/lasentinelle.dz\\\/wp-content\\\/uploads\\\/2021\\\/09\\\/logo-sentinelleSLOGAN-1.png\",\"contentUrl\":\"https:\\\/\\\/lasentinelle.dz\\\/wp-content\\\/uploads\\\/2021\\\/09\\\/logo-sentinelleSLOGAN-1.png\",\"width\":615,\"height\":142,\"caption\":\"Quotidien La Sentinelle\"},\"image\":{\"@id\":\"https:\\\/\\\/lasentinelle.dz\\\/#\\\/schema\\\/logo\\\/image\\\/\"},\"sameAs\":[\"https:\\\/\\\/www.facebook.com\\\/La-Sentinelle-104059864394773\"]},{\"@type\":\"Person\",\"@id\":\"https:\\\/\\\/lasentinelle.dz\\\/#\\\/schema\\\/person\\\/729ee0024f24e0b8c5ec17232f8e8b41\",\"name\":\"admin\",\"image\":{\"@type\":\"ImageObject\",\"inLanguage\":\"fr-FR\",\"@id\":\"https:\\\/\\\/secure.gravatar.com\\\/avatar\\\/4c81fed838786e9b53f540bf46533e750f5d292099ae3b66cfc6fb1982e29df7?s=96&d=mm&r=g\",\"url\":\"https:\\\/\\\/secure.gravatar.com\\\/avatar\\\/4c81fed838786e9b53f540bf46533e750f5d292099ae3b66cfc6fb1982e29df7?s=96&d=mm&r=g\",\"contentUrl\":\"https:\\\/\\\/secure.gravatar.com\\\/avatar\\\/4c81fed838786e9b53f540bf46533e750f5d292099ae3b66cfc6fb1982e29df7?s=96&d=mm&r=g\",\"caption\":\"admin\"},\"description\":\"admin\",\"url\":\"https:\\\/\\\/lasentinelle.dz\\\/author\\\/admin\\\/\"}]}<\/script>\n<!-- \/ Yoast SEO plugin. -->","yoast_head_json":{"title":"Des vaches am\u00e9ricaines pour la ferme Baladna\u00a0en Alg\u00e9rie - La Sentinelle","robots":{"index":"index","follow":"follow","max-snippet":"max-snippet:-1","max-image-preview":"max-image-preview:large","max-video-preview":"max-video-preview:-1"},"canonical":"https:\/\/lasentinelle.dz\/index.php\/2025\/07\/29\/des-vaches-americaines-pour-la-ferme-baladna-en-algerie\/","og_locale":"fr_FR","og_type":"article","og_title":"Des vaches am\u00e9ricaines pour la ferme Baladna\u00a0en Alg\u00e9rie - La Sentinelle","og_description":"Des bovins laitiers am\u00e9ricains sont en route vers l&rsquo;Alg\u00e9rie pour alimenter le projet pharaonique Baladna,&nbsp;lequel n\u00e9cessitera un investissement&nbsp;de 3,5 milliards","og_url":"https:\/\/lasentinelle.dz\/index.php\/2025\/07\/29\/des-vaches-americaines-pour-la-ferme-baladna-en-algerie\/","og_site_name":"La Sentinelle","article_publisher":"https:\/\/www.facebook.com\/La-Sentinelle-104059864394773","article_published_time":"2025-07-29T20:48:07+00:00","article_modified_time":"2025-07-29T20:48:08+00:00","og_image":[{"width":1024,"height":576,"url":"https:\/\/lasentinelle.dz\/wp-content\/uploads\/2025\/07\/vaches.jpeg","type":"image\/jpeg"}],"author":"admin","twitter_card":"summary_large_image","twitter_misc":{"\u00c9crit par":"admin","Dur\u00e9e de lecture estim\u00e9e":"4 minutes"},"schema":{"@context":"https:\/\/schema.org","@graph":[{"@type":"Article","@id":"https:\/\/lasentinelle.dz\/index.php\/2025\/07\/29\/des-vaches-americaines-pour-la-ferme-baladna-en-algerie\/#article","isPartOf":{"@id":"https:\/\/lasentinelle.dz\/index.php\/2025\/07\/29\/des-vaches-americaines-pour-la-ferme-baladna-en-algerie\/"},"author":{"name":"admin","@id":"https:\/\/lasentinelle.dz\/#\/schema\/person\/729ee0024f24e0b8c5ec17232f8e8b41"},"headline":"Des vaches am\u00e9ricaines pour la ferme Baladna\u00a0en Alg\u00e9rie","datePublished":"2025-07-29T20:48:07+00:00","dateModified":"2025-07-29T20:48:08+00:00","mainEntityOfPage":{"@id":"https:\/\/lasentinelle.dz\/index.php\/2025\/07\/29\/des-vaches-americaines-pour-la-ferme-baladna-en-algerie\/"},"wordCount":908,"commentCount":0,"publisher":{"@id":"https:\/\/lasentinelle.dz\/#organization"},"image":{"@id":"https:\/\/lasentinelle.dz\/index.php\/2025\/07\/29\/des-vaches-americaines-pour-la-ferme-baladna-en-algerie\/#primaryimage"},"thumbnailUrl":"https:\/\/lasentinelle.dz\/wp-content\/uploads\/2025\/07\/vaches.jpeg","articleSection":["\u00c0 la Une","\u00c9conomie"],"inLanguage":"fr-FR","potentialAction":[{"@type":"CommentAction","name":"Comment","target":["https:\/\/lasentinelle.dz\/index.php\/2025\/07\/29\/des-vaches-americaines-pour-la-ferme-baladna-en-algerie\/#respond"]}]},{"@type":"WebPage","@id":"https:\/\/lasentinelle.dz\/index.php\/2025\/07\/29\/des-vaches-americaines-pour-la-ferme-baladna-en-algerie\/","url":"https:\/\/lasentinelle.dz\/index.php\/2025\/07\/29\/des-vaches-americaines-pour-la-ferme-baladna-en-algerie\/","name":"Des vaches am\u00e9ricaines pour la ferme Baladna\u00a0en Alg\u00e9rie - La Sentinelle","isPartOf":{"@id":"https:\/\/lasentinelle.dz\/#website"},"primaryImageOfPage":{"@id":"https:\/\/lasentinelle.dz\/index.php\/2025\/07\/29\/des-vaches-americaines-pour-la-ferme-baladna-en-algerie\/#primaryimage"},"image":{"@id":"https:\/\/lasentinelle.dz\/index.php\/2025\/07\/29\/des-vaches-americaines-pour-la-ferme-baladna-en-algerie\/#primaryimage"},"thumbnailUrl":"https:\/\/lasentinelle.dz\/wp-content\/uploads\/2025\/07\/vaches.jpeg","datePublished":"2025-07-29T20:48:07+00:00","dateModified":"2025-07-29T20:48:08+00:00","breadcrumb":{"@id":"https:\/\/lasentinelle.dz\/index.php\/2025\/07\/29\/des-vaches-americaines-pour-la-ferme-baladna-en-algerie\/#breadcrumb"},"inLanguage":"fr-FR","potentialAction":[{"@type":"ReadAction","target":["https:\/\/lasentinelle.dz\/index.php\/2025\/07\/29\/des-vaches-americaines-pour-la-ferme-baladna-en-algerie\/"]}]},{"@type":"ImageObject","inLanguage":"fr-FR","@id":"https:\/\/lasentinelle.dz\/index.php\/2025\/07\/29\/des-vaches-americaines-pour-la-ferme-baladna-en-algerie\/#primaryimage","url":"https:\/\/lasentinelle.dz\/wp-content\/uploads\/2025\/07\/vaches.jpeg","contentUrl":"https:\/\/lasentinelle.dz\/wp-content\/uploads\/2025\/07\/vaches.jpeg","width":1024,"height":576},{"@type":"BreadcrumbList","@id":"https:\/\/lasentinelle.dz\/index.php\/2025\/07\/29\/des-vaches-americaines-pour-la-ferme-baladna-en-algerie\/#breadcrumb","itemListElement":[{"@type":"ListItem","position":1,"name":"Accueil","item":"https:\/\/lasentinelle.dz\/"},{"@type":"ListItem","position":2,"name":"Des vaches am\u00e9ricaines pour la ferme Baladna\u00a0en Alg\u00e9rie"}]},{"@type":"WebSite","@id":"https:\/\/lasentinelle.dz\/#website","url":"https:\/\/lasentinelle.dz\/","name":"La Sentinelle","description":"Quotidien national d&#039;information","publisher":{"@id":"https:\/\/lasentinelle.dz\/#organization"},"potentialAction":[{"@type":"SearchAction","target":{"@type":"EntryPoint","urlTemplate":"https:\/\/lasentinelle.dz\/?s={search_term_string}"},"query-input":{"@type":"PropertyValueSpecification","valueRequired":true,"valueName":"search_term_string"}}],"inLanguage":"fr-FR"},{"@type":"Organization","@id":"https:\/\/lasentinelle.dz\/#organization","name":"Quotidien La Sentinelle","url":"https:\/\/lasentinelle.dz\/","logo":{"@type":"ImageObject","inLanguage":"fr-FR","@id":"https:\/\/lasentinelle.dz\/#\/schema\/logo\/image\/","url":"https:\/\/lasentinelle.dz\/wp-content\/uploads\/2021\/09\/logo-sentinelleSLOGAN-1.png","contentUrl":"https:\/\/lasentinelle.dz\/wp-content\/uploads\/2021\/09\/logo-sentinelleSLOGAN-1.png","width":615,"height":142,"caption":"Quotidien La Sentinelle"},"image":{"@id":"https:\/\/lasentinelle.dz\/#\/schema\/logo\/image\/"},"sameAs":["https:\/\/www.facebook.com\/La-Sentinelle-104059864394773"]},{"@type":"Person","@id":"https:\/\/lasentinelle.dz\/#\/schema\/person\/729ee0024f24e0b8c5ec17232f8e8b41","name":"admin","image":{"@type":"ImageObject","inLanguage":"fr-FR","@id":"https:\/\/secure.gravatar.com\/avatar\/4c81fed838786e9b53f540bf46533e750f5d292099ae3b66cfc6fb1982e29df7?s=96&d=mm&r=g","url":"https:\/\/secure.gravatar.com\/avatar\/4c81fed838786e9b53f540bf46533e750f5d292099ae3b66cfc6fb1982e29df7?s=96&d=mm&r=g","contentUrl":"https:\/\/secure.gravatar.com\/avatar\/4c81fed838786e9b53f540bf46533e750f5d292099ae3b66cfc6fb1982e29df7?s=96&d=mm&r=g","caption":"admin"},"description":"admin","url":"https:\/\/lasentinelle.dz\/author\/admin\/"}]}},"_links":{"self":[{"href":"https:\/\/lasentinelle.dz\/index.php\/wp-json\/wp\/v2\/posts\/71170","targetHints":{"allow":["GET"]}}],"collection":[{"href":"https:\/\/lasentinelle.dz\/index.php\/wp-json\/wp\/v2\/posts"}],"about":[{"href":"https:\/\/lasentinelle.dz\/index.php\/wp-json\/wp\/v2\/types\/post"}],"author":[{"embeddable":true,"href":"https:\/\/lasentinelle.dz\/index.php\/wp-json\/wp\/v2\/users\/6"}],"replies":[{"embeddable":true,"href":"https:\/\/lasentinelle.dz\/index.php\/wp-json\/wp\/v2\/comments?post=71170"}],"version-history":[{"count":1,"href":"https:\/\/lasentinelle.dz\/index.php\/wp-json\/wp\/v2\/posts\/71170\/revisions"}],"predecessor-version":[{"id":71172,"href":"https:\/\/lasentinelle.dz\/index.php\/wp-json\/wp\/v2\/posts\/71170\/revisions\/71172"}],"wp:featuredmedia":[{"embeddable":true,"href":"https:\/\/lasentinelle.dz\/index.php\/wp-json\/wp\/v2\/media\/71171"}],"wp:attachment":[{"href":"https:\/\/lasentinelle.dz\/index.php\/wp-json\/wp\/v2\/media?parent=71170"}],"wp:term":[{"taxonomy":"category","embeddable":true,"href":"https:\/\/lasentinelle.dz\/index.php\/wp-json\/wp\/v2\/categories?post=71170"},{"taxonomy":"post_tag","embeddable":true,"href":"https:\/\/lasentinelle.dz\/index.php\/wp-json\/wp\/v2\/tags?post=71170"}],"curies":[{"name":"wp","href":"https:\/\/api.w.org\/{rel}","templated":true}]}}