{"id":71173,"date":"2025-07-29T21:50:12","date_gmt":"2025-07-29T20:50:12","guid":{"rendered":"https:\/\/lasentinelle.dz\/?p=71173"},"modified":"2025-07-29T21:50:13","modified_gmt":"2025-07-29T20:50:13","slug":"la-ministre-de-lenvironnement-appelle-a-valoriser-les-algues-collectees-transformer-les-dechets-en-opportunite-economique","status":"publish","type":"post","link":"https:\/\/lasentinelle.dz\/index.php\/2025\/07\/29\/la-ministre-de-lenvironnement-appelle-a-valoriser-les-algues-collectees-transformer-les-dechets-en-opportunite-economique\/","title":{"rendered":"La ministre de l\u2019Environnement appelle \u00e0 valoriser les algues collect\u00e9es\u00a0: Transformer les d\u00e9chets\u00a0en opportunit\u00e9 \u00e9conomique"},"content":{"rendered":"\n<p>Face \u00e0 la prolif\u00e9ration d&rsquo;une algue brune d&rsquo;origine asiatique qui s&rsquo;\u00e9tend le long du littoral alg\u00e9rien, l&rsquo;Alg\u00e9rie adopte une approche r\u00e9volutionnaire : transformer ce d\u00e9fi environnemental en v\u00e9ritable aubaine \u00e9conomique.&nbsp;<\/p>\n\n\n\n<p>Alors que quatorze wilayas c\u00f4ti\u00e8res mobilisent leurs moyens pour nettoyer les plages jusqu&rsquo;au 16 ao\u00fbt, le gouvernement mise sur l&rsquo;\u00e9conomie circulaire pour valoriser cette biomasse marine.&nbsp;Cette invasion d&rsquo;algues, ph\u00e9nom\u00e8ne naturel amplifi\u00e9 par le r\u00e9chauffement des eaux m\u00e9diterran\u00e9ennes, touche d\u00e9sormais l&rsquo;ensemble du littoral alg\u00e9rien, des plages d&rsquo;Alger aux c\u00f4tes de B\u00e9ja\u00efa. Mais ce qui aurait pu constituer un simple probl\u00e8me de salubrit\u00e9 publique se mue progressivement en opportunit\u00e9 d&rsquo;innovation. Les analyses men\u00e9es par les services comp\u00e9tents ont d\u00e9montr\u00e9 que ces algues ne repr\u00e9sentent aucune menace ni pour l&rsquo;\u00e9cosyst\u00e8me marin ni pour la sant\u00e9 publique, ouvrant ainsi la voie \u00e0 leur exploitation commerciale.&nbsp;La ministre de l&rsquo;Environnement et de la Qualit\u00e9 de la vie, Nadjiba Djilali, a donn\u00e9 le ton lors de sa visite d&rsquo;inspection aux plages de Bologhine et Sidi Fredj. \u00ab\u00a0Le traitement efficace de ce ph\u00e9nom\u00e8ne requiert de passer de la lutte \u00e0 la valorisation environnementale\u00a0\u00bb, a-t-elle d\u00e9clar\u00e9, accompagn\u00e9e du wali d&rsquo;Alger Mohamed Abdennour Rabehi et du pr\u00e9sident de l&rsquo;Assembl\u00e9e populaire de wilaya El-Habib Benboulaid. Cette approche pragmatique s&rsquo;inscrit dans une vision plus large de d\u00e9veloppement durable o\u00f9 chaque d\u00e9chet devient une ressource potentielle.&nbsp;L&rsquo;ambition affich\u00e9e d\u00e9passe largement le simple ramassage. Mme Djilali a soulign\u00e9 \u00ab\u00a0l&rsquo;importance d&rsquo;exploiter ces algues dans la recherche scientifique et l&rsquo;innovation, notamment dans les domaines de l&rsquo;Agriculture, de la biotechnologie, des industries pharmaceutiques et de la production des engrais organiques\u00a0\u00bb. Cette perspective transforme radicalement la probl\u00e9matique : les algues deviennent mati\u00e8re premi\u00e8re pour des secteurs \u00e0 forte valeur ajout\u00e9e, cr\u00e9ant de nouveaux d\u00e9bouch\u00e9s \u00e9conomiques tout en r\u00e9solvant un probl\u00e8me environnemental.<\/p>\n\n\n\n<p>L&rsquo;exp\u00e9rience pilote lanc\u00e9e \u00e0 Bologhine illustre concr\u00e8tement cette d\u00e9marche. Les algues sont d\u00e9sormais collect\u00e9es \u00e0 l&rsquo;aide de grues sp\u00e9cialis\u00e9es, conditionn\u00e9es dans des sacs adapt\u00e9s avant d&rsquo;\u00eatre transport\u00e9es vers des centres de traitement. Cette logistique sophistiqu\u00e9e vise \u00e0 \u00ab\u00a0transformer cette biomasse en ressources \u00e0 valeur ajout\u00e9e, \u00e0 m\u00eame de soutenir l&rsquo;investissement environnemental et l&rsquo;innovation locale en mati\u00e8re de traitement des d\u00e9chets marins\u00a0\u00bb, selon les responsables du projet.&nbsp;Les applications potentielles s&rsquo;av\u00e8rent multiples et prometteuses. Les algues marines contiennent des compos\u00e9s bioactifs recherch\u00e9s par l&rsquo;industrie pharmaceutique, des nutriments essentiels pour l&rsquo;agriculture biologique et des propri\u00e9t\u00e9s exploitables en biotechnologie. Leur transformation en engrais organiques r\u00e9pond \u00e9galement aux besoins croissants d&rsquo;une agriculture durable, cr\u00e9ant une cha\u00eene de valeur compl\u00e8te de la collecte \u00e0 la commercialisation.<\/p>\n\n\n\n<p>Cette campagne nationale mobilise un \u00e9cosyst\u00e8me d&rsquo;acteurs impressionnant. L&rsquo;Agence nationale des D\u00e9chets, le Commissariat national du littoral et le Conservatoire national des formations \u00e0 l&rsquo;environnement coordonnent leurs efforts avec les autorit\u00e9s locales et la soci\u00e9t\u00e9 civile. Cette synergie institutionnelle garantit une approche coh\u00e9rente et durable, d\u00e9passant les simples mesures d&rsquo;urgence pour construire une v\u00e9ritable fili\u00e8re \u00e9conomique.<\/p>\n\n\n\n<p>La ministre a d&rsquo;ailleurs salu\u00e9 \u00ab\u00a0les efforts d\u00e9ploy\u00e9s par les instances comp\u00e9tentes et la soci\u00e9t\u00e9 civile pour sensibiliser les citoyens \u00e0 l&rsquo;importance de la propret\u00e9 de la mer et \u00e0 leur contribution \u00e0 l&rsquo;\u00e9limination des algues et au nettoyage des plages\u00a0\u00bb. L&rsquo;initiative s&rsquo;appuie sur le nouveau cadre r\u00e9glementaire relatif \u00e0 la gestion des d\u00e9chets, qui facilite la valorisation de ces mati\u00e8res organiques. Cette \u00e9volution l\u00e9gislative accompagne la transition vers une \u00e9conomie circulaire o\u00f9 les d\u00e9chets d&rsquo;aujourd&rsquo;hui deviennent les ressources de demain.<\/p>\n\n\n\n<p>Lyna Larbi<\/p>\n","protected":false},"excerpt":{"rendered":"<p>Face \u00e0 la prolif\u00e9ration d&rsquo;une algue brune d&rsquo;origine asiatique qui s&rsquo;\u00e9tend le long du littoral alg\u00e9rien, l&rsquo;Alg\u00e9rie adopte une approche<\/p>\n","protected":false},"author":6,"featured_media":71174,"comment_status":"open","ping_status":"closed","sticky":false,"template":"","format":"standard","meta":{"colormag_page_container_layout":"default_layout","colormag_page_sidebar_layout":"default_layout","om_disable_all_campaigns":false,"_monsterinsights_skip_tracking":false,"_monsterinsights_sitenote_active":false,"_monsterinsights_sitenote_note":"","_monsterinsights_sitenote_category":0,"footnotes":"","_wpscppro_dont_share_socialmedia":false,"_wpscppro_custom_social_share_image":0,"_facebook_share_type":"default","_twitter_share_type":"default","_linkedin_share_type":"default","_pinterest_share_type":"default","_linkedin_share_type_page":"","_instagram_share_type":"default","_medium_share_type":"default","_threads_share_type":"","_google_business_share_type":"","_selected_social_profile":[],"_wpsp_enable_custom_social_template":false,"_wpsp_social_scheduling":{"enabled":false,"datetime":null,"platforms":[],"status":"template_only","dateOption":"today","timeOption":"now","customDays":"","customHours":"","customDate":"","customTime":"","schedulingType":"absolute"},"_wpsp_active_default_template":true},"categories":[27],"tags":[],"class_list":["post-71173","post","type-post","status-publish","format-standard","has-post-thumbnail","hentry","category-actualite"],"aioseo_notices":[],"yoast_head":"<!-- This site is optimized with the Yoast SEO plugin v27.5 - https:\/\/yoast.com\/product\/yoast-seo-wordpress\/ -->\n<title>La ministre de l\u2019Environnement appelle \u00e0 valoriser les algues collect\u00e9es\u00a0: Transformer les d\u00e9chets\u00a0en opportunit\u00e9 \u00e9conomique - La Sentinelle<\/title>\n<meta name=\"robots\" content=\"index, follow, max-snippet:-1, max-image-preview:large, max-video-preview:-1\" \/>\n<link rel=\"canonical\" href=\"https:\/\/lasentinelle.dz\/index.php\/2025\/07\/29\/la-ministre-de-lenvironnement-appelle-a-valoriser-les-algues-collectees-transformer-les-dechets-en-opportunite-economique\/\" \/>\n<meta property=\"og:locale\" content=\"fr_FR\" \/>\n<meta property=\"og:type\" content=\"article\" \/>\n<meta property=\"og:title\" content=\"La ministre de l\u2019Environnement appelle \u00e0 valoriser les algues collect\u00e9es\u00a0: Transformer les d\u00e9chets\u00a0en opportunit\u00e9 \u00e9conomique - La Sentinelle\" \/>\n<meta property=\"og:description\" content=\"Face \u00e0 la prolif\u00e9ration d&rsquo;une algue brune d&rsquo;origine asiatique qui s&rsquo;\u00e9tend le long du littoral alg\u00e9rien, l&rsquo;Alg\u00e9rie adopte une approche\" \/>\n<meta property=\"og:url\" content=\"https:\/\/lasentinelle.dz\/index.php\/2025\/07\/29\/la-ministre-de-lenvironnement-appelle-a-valoriser-les-algues-collectees-transformer-les-dechets-en-opportunite-economique\/\" \/>\n<meta property=\"og:site_name\" content=\"La Sentinelle\" \/>\n<meta property=\"article:publisher\" content=\"https:\/\/www.facebook.com\/La-Sentinelle-104059864394773\" \/>\n<meta property=\"article:published_time\" content=\"2025-07-29T20:50:12+00:00\" \/>\n<meta property=\"article:modified_time\" content=\"2025-07-29T20:50:13+00:00\" \/>\n<meta property=\"og:image\" content=\"https:\/\/lasentinelle.dz\/wp-content\/uploads\/2025\/07\/526092425_1053153020300713_7664116451305685271_n.jpeg\" \/>\n\t<meta property=\"og:image:width\" content=\"2048\" \/>\n\t<meta property=\"og:image:height\" content=\"1363\" \/>\n\t<meta property=\"og:image:type\" content=\"image\/jpeg\" \/>\n<meta name=\"author\" content=\"admin\" \/>\n<meta name=\"twitter:card\" content=\"summary_large_image\" \/>\n<meta name=\"twitter:label1\" content=\"\u00c9crit par\" \/>\n\t<meta name=\"twitter:data1\" content=\"admin\" \/>\n\t<meta name=\"twitter:label2\" content=\"Dur\u00e9e de lecture estim\u00e9e\" \/>\n\t<meta name=\"twitter:data2\" content=\"3 minutes\" \/>\n<script type=\"application\/ld+json\" class=\"yoast-schema-graph\">{\"@context\":\"https:\\\/\\\/schema.org\",\"@graph\":[{\"@type\":\"Article\",\"@id\":\"https:\\\/\\\/lasentinelle.dz\\\/index.php\\\/2025\\\/07\\\/29\\\/la-ministre-de-lenvironnement-appelle-a-valoriser-les-algues-collectees-transformer-les-dechets-en-opportunite-economique\\\/#article\",\"isPartOf\":{\"@id\":\"https:\\\/\\\/lasentinelle.dz\\\/index.php\\\/2025\\\/07\\\/29\\\/la-ministre-de-lenvironnement-appelle-a-valoriser-les-algues-collectees-transformer-les-dechets-en-opportunite-economique\\\/\"},\"author\":{\"name\":\"admin\",\"@id\":\"https:\\\/\\\/lasentinelle.dz\\\/#\\\/schema\\\/person\\\/729ee0024f24e0b8c5ec17232f8e8b41\"},\"headline\":\"La ministre de l\u2019Environnement appelle \u00e0 valoriser les algues collect\u00e9es\u00a0: Transformer les d\u00e9chets\u00a0en opportunit\u00e9 \u00e9conomique\",\"datePublished\":\"2025-07-29T20:50:12+00:00\",\"dateModified\":\"2025-07-29T20:50:13+00:00\",\"mainEntityOfPage\":{\"@id\":\"https:\\\/\\\/lasentinelle.dz\\\/index.php\\\/2025\\\/07\\\/29\\\/la-ministre-de-lenvironnement-appelle-a-valoriser-les-algues-collectees-transformer-les-dechets-en-opportunite-economique\\\/\"},\"wordCount\":677,\"commentCount\":0,\"publisher\":{\"@id\":\"https:\\\/\\\/lasentinelle.dz\\\/#organization\"},\"image\":{\"@id\":\"https:\\\/\\\/lasentinelle.dz\\\/index.php\\\/2025\\\/07\\\/29\\\/la-ministre-de-lenvironnement-appelle-a-valoriser-les-algues-collectees-transformer-les-dechets-en-opportunite-economique\\\/#primaryimage\"},\"thumbnailUrl\":\"https:\\\/\\\/lasentinelle.dz\\\/wp-content\\\/uploads\\\/2025\\\/07\\\/526092425_1053153020300713_7664116451305685271_n.jpeg\",\"articleSection\":[\"Actualit\u00e9\"],\"inLanguage\":\"fr-FR\",\"potentialAction\":[{\"@type\":\"CommentAction\",\"name\":\"Comment\",\"target\":[\"https:\\\/\\\/lasentinelle.dz\\\/index.php\\\/2025\\\/07\\\/29\\\/la-ministre-de-lenvironnement-appelle-a-valoriser-les-algues-collectees-transformer-les-dechets-en-opportunite-economique\\\/#respond\"]}]},{\"@type\":\"WebPage\",\"@id\":\"https:\\\/\\\/lasentinelle.dz\\\/index.php\\\/2025\\\/07\\\/29\\\/la-ministre-de-lenvironnement-appelle-a-valoriser-les-algues-collectees-transformer-les-dechets-en-opportunite-economique\\\/\",\"url\":\"https:\\\/\\\/lasentinelle.dz\\\/index.php\\\/2025\\\/07\\\/29\\\/la-ministre-de-lenvironnement-appelle-a-valoriser-les-algues-collectees-transformer-les-dechets-en-opportunite-economique\\\/\",\"name\":\"La ministre de l\u2019Environnement appelle \u00e0 valoriser les algues collect\u00e9es\u00a0: Transformer les d\u00e9chets\u00a0en opportunit\u00e9 \u00e9conomique - La Sentinelle\",\"isPartOf\":{\"@id\":\"https:\\\/\\\/lasentinelle.dz\\\/#website\"},\"primaryImageOfPage\":{\"@id\":\"https:\\\/\\\/lasentinelle.dz\\\/index.php\\\/2025\\\/07\\\/29\\\/la-ministre-de-lenvironnement-appelle-a-valoriser-les-algues-collectees-transformer-les-dechets-en-opportunite-economique\\\/#primaryimage\"},\"image\":{\"@id\":\"https:\\\/\\\/lasentinelle.dz\\\/index.php\\\/2025\\\/07\\\/29\\\/la-ministre-de-lenvironnement-appelle-a-valoriser-les-algues-collectees-transformer-les-dechets-en-opportunite-economique\\\/#primaryimage\"},\"thumbnailUrl\":\"https:\\\/\\\/lasentinelle.dz\\\/wp-content\\\/uploads\\\/2025\\\/07\\\/526092425_1053153020300713_7664116451305685271_n.jpeg\",\"datePublished\":\"2025-07-29T20:50:12+00:00\",\"dateModified\":\"2025-07-29T20:50:13+00:00\",\"breadcrumb\":{\"@id\":\"https:\\\/\\\/lasentinelle.dz\\\/index.php\\\/2025\\\/07\\\/29\\\/la-ministre-de-lenvironnement-appelle-a-valoriser-les-algues-collectees-transformer-les-dechets-en-opportunite-economique\\\/#breadcrumb\"},\"inLanguage\":\"fr-FR\",\"potentialAction\":[{\"@type\":\"ReadAction\",\"target\":[\"https:\\\/\\\/lasentinelle.dz\\\/index.php\\\/2025\\\/07\\\/29\\\/la-ministre-de-lenvironnement-appelle-a-valoriser-les-algues-collectees-transformer-les-dechets-en-opportunite-economique\\\/\"]}]},{\"@type\":\"ImageObject\",\"inLanguage\":\"fr-FR\",\"@id\":\"https:\\\/\\\/lasentinelle.dz\\\/index.php\\\/2025\\\/07\\\/29\\\/la-ministre-de-lenvironnement-appelle-a-valoriser-les-algues-collectees-transformer-les-dechets-en-opportunite-economique\\\/#primaryimage\",\"url\":\"https:\\\/\\\/lasentinelle.dz\\\/wp-content\\\/uploads\\\/2025\\\/07\\\/526092425_1053153020300713_7664116451305685271_n.jpeg\",\"contentUrl\":\"https:\\\/\\\/lasentinelle.dz\\\/wp-content\\\/uploads\\\/2025\\\/07\\\/526092425_1053153020300713_7664116451305685271_n.jpeg\",\"width\":2048,\"height\":1363},{\"@type\":\"BreadcrumbList\",\"@id\":\"https:\\\/\\\/lasentinelle.dz\\\/index.php\\\/2025\\\/07\\\/29\\\/la-ministre-de-lenvironnement-appelle-a-valoriser-les-algues-collectees-transformer-les-dechets-en-opportunite-economique\\\/#breadcrumb\",\"itemListElement\":[{\"@type\":\"ListItem\",\"position\":1,\"name\":\"Accueil\",\"item\":\"https:\\\/\\\/lasentinelle.dz\\\/\"},{\"@type\":\"ListItem\",\"position\":2,\"name\":\"La ministre de l\u2019Environnement appelle \u00e0 valoriser les algues collect\u00e9es\u00a0: Transformer les d\u00e9chets\u00a0en opportunit\u00e9 \u00e9conomique\"}]},{\"@type\":\"WebSite\",\"@id\":\"https:\\\/\\\/lasentinelle.dz\\\/#website\",\"url\":\"https:\\\/\\\/lasentinelle.dz\\\/\",\"name\":\"La Sentinelle\",\"description\":\"Quotidien national d&#039;information\",\"publisher\":{\"@id\":\"https:\\\/\\\/lasentinelle.dz\\\/#organization\"},\"potentialAction\":[{\"@type\":\"SearchAction\",\"target\":{\"@type\":\"EntryPoint\",\"urlTemplate\":\"https:\\\/\\\/lasentinelle.dz\\\/?s={search_term_string}\"},\"query-input\":{\"@type\":\"PropertyValueSpecification\",\"valueRequired\":true,\"valueName\":\"search_term_string\"}}],\"inLanguage\":\"fr-FR\"},{\"@type\":\"Organization\",\"@id\":\"https:\\\/\\\/lasentinelle.dz\\\/#organization\",\"name\":\"Quotidien La Sentinelle\",\"url\":\"https:\\\/\\\/lasentinelle.dz\\\/\",\"logo\":{\"@type\":\"ImageObject\",\"inLanguage\":\"fr-FR\",\"@id\":\"https:\\\/\\\/lasentinelle.dz\\\/#\\\/schema\\\/logo\\\/image\\\/\",\"url\":\"https:\\\/\\\/lasentinelle.dz\\\/wp-content\\\/uploads\\\/2021\\\/09\\\/logo-sentinelleSLOGAN-1.png\",\"contentUrl\":\"https:\\\/\\\/lasentinelle.dz\\\/wp-content\\\/uploads\\\/2021\\\/09\\\/logo-sentinelleSLOGAN-1.png\",\"width\":615,\"height\":142,\"caption\":\"Quotidien La Sentinelle\"},\"image\":{\"@id\":\"https:\\\/\\\/lasentinelle.dz\\\/#\\\/schema\\\/logo\\\/image\\\/\"},\"sameAs\":[\"https:\\\/\\\/www.facebook.com\\\/La-Sentinelle-104059864394773\"]},{\"@type\":\"Person\",\"@id\":\"https:\\\/\\\/lasentinelle.dz\\\/#\\\/schema\\\/person\\\/729ee0024f24e0b8c5ec17232f8e8b41\",\"name\":\"admin\",\"image\":{\"@type\":\"ImageObject\",\"inLanguage\":\"fr-FR\",\"@id\":\"https:\\\/\\\/secure.gravatar.com\\\/avatar\\\/4c81fed838786e9b53f540bf46533e750f5d292099ae3b66cfc6fb1982e29df7?s=96&d=mm&r=g\",\"url\":\"https:\\\/\\\/secure.gravatar.com\\\/avatar\\\/4c81fed838786e9b53f540bf46533e750f5d292099ae3b66cfc6fb1982e29df7?s=96&d=mm&r=g\",\"contentUrl\":\"https:\\\/\\\/secure.gravatar.com\\\/avatar\\\/4c81fed838786e9b53f540bf46533e750f5d292099ae3b66cfc6fb1982e29df7?s=96&d=mm&r=g\",\"caption\":\"admin\"},\"description\":\"admin\",\"url\":\"https:\\\/\\\/lasentinelle.dz\\\/author\\\/admin\\\/\"}]}<\/script>\n<!-- \/ Yoast SEO plugin. -->","yoast_head_json":{"title":"La ministre de l\u2019Environnement appelle \u00e0 valoriser les algues collect\u00e9es\u00a0: Transformer les d\u00e9chets\u00a0en opportunit\u00e9 \u00e9conomique - La Sentinelle","robots":{"index":"index","follow":"follow","max-snippet":"max-snippet:-1","max-image-preview":"max-image-preview:large","max-video-preview":"max-video-preview:-1"},"canonical":"https:\/\/lasentinelle.dz\/index.php\/2025\/07\/29\/la-ministre-de-lenvironnement-appelle-a-valoriser-les-algues-collectees-transformer-les-dechets-en-opportunite-economique\/","og_locale":"fr_FR","og_type":"article","og_title":"La ministre de l\u2019Environnement appelle \u00e0 valoriser les algues collect\u00e9es\u00a0: Transformer les d\u00e9chets\u00a0en opportunit\u00e9 \u00e9conomique - La Sentinelle","og_description":"Face \u00e0 la prolif\u00e9ration d&rsquo;une algue brune d&rsquo;origine asiatique qui s&rsquo;\u00e9tend le long du littoral alg\u00e9rien, l&rsquo;Alg\u00e9rie adopte une approche","og_url":"https:\/\/lasentinelle.dz\/index.php\/2025\/07\/29\/la-ministre-de-lenvironnement-appelle-a-valoriser-les-algues-collectees-transformer-les-dechets-en-opportunite-economique\/","og_site_name":"La Sentinelle","article_publisher":"https:\/\/www.facebook.com\/La-Sentinelle-104059864394773","article_published_time":"2025-07-29T20:50:12+00:00","article_modified_time":"2025-07-29T20:50:13+00:00","og_image":[{"width":2048,"height":1363,"url":"https:\/\/lasentinelle.dz\/wp-content\/uploads\/2025\/07\/526092425_1053153020300713_7664116451305685271_n.jpeg","type":"image\/jpeg"}],"author":"admin","twitter_card":"summary_large_image","twitter_misc":{"\u00c9crit par":"admin","Dur\u00e9e de lecture estim\u00e9e":"3 minutes"},"schema":{"@context":"https:\/\/schema.org","@graph":[{"@type":"Article","@id":"https:\/\/lasentinelle.dz\/index.php\/2025\/07\/29\/la-ministre-de-lenvironnement-appelle-a-valoriser-les-algues-collectees-transformer-les-dechets-en-opportunite-economique\/#article","isPartOf":{"@id":"https:\/\/lasentinelle.dz\/index.php\/2025\/07\/29\/la-ministre-de-lenvironnement-appelle-a-valoriser-les-algues-collectees-transformer-les-dechets-en-opportunite-economique\/"},"author":{"name":"admin","@id":"https:\/\/lasentinelle.dz\/#\/schema\/person\/729ee0024f24e0b8c5ec17232f8e8b41"},"headline":"La ministre de l\u2019Environnement appelle \u00e0 valoriser les algues collect\u00e9es\u00a0: Transformer les d\u00e9chets\u00a0en opportunit\u00e9 \u00e9conomique","datePublished":"2025-07-29T20:50:12+00:00","dateModified":"2025-07-29T20:50:13+00:00","mainEntityOfPage":{"@id":"https:\/\/lasentinelle.dz\/index.php\/2025\/07\/29\/la-ministre-de-lenvironnement-appelle-a-valoriser-les-algues-collectees-transformer-les-dechets-en-opportunite-economique\/"},"wordCount":677,"commentCount":0,"publisher":{"@id":"https:\/\/lasentinelle.dz\/#organization"},"image":{"@id":"https:\/\/lasentinelle.dz\/index.php\/2025\/07\/29\/la-ministre-de-lenvironnement-appelle-a-valoriser-les-algues-collectees-transformer-les-dechets-en-opportunite-economique\/#primaryimage"},"thumbnailUrl":"https:\/\/lasentinelle.dz\/wp-content\/uploads\/2025\/07\/526092425_1053153020300713_7664116451305685271_n.jpeg","articleSection":["Actualit\u00e9"],"inLanguage":"fr-FR","potentialAction":[{"@type":"CommentAction","name":"Comment","target":["https:\/\/lasentinelle.dz\/index.php\/2025\/07\/29\/la-ministre-de-lenvironnement-appelle-a-valoriser-les-algues-collectees-transformer-les-dechets-en-opportunite-economique\/#respond"]}]},{"@type":"WebPage","@id":"https:\/\/lasentinelle.dz\/index.php\/2025\/07\/29\/la-ministre-de-lenvironnement-appelle-a-valoriser-les-algues-collectees-transformer-les-dechets-en-opportunite-economique\/","url":"https:\/\/lasentinelle.dz\/index.php\/2025\/07\/29\/la-ministre-de-lenvironnement-appelle-a-valoriser-les-algues-collectees-transformer-les-dechets-en-opportunite-economique\/","name":"La ministre de l\u2019Environnement appelle \u00e0 valoriser les algues collect\u00e9es\u00a0: Transformer les d\u00e9chets\u00a0en opportunit\u00e9 \u00e9conomique - La Sentinelle","isPartOf":{"@id":"https:\/\/lasentinelle.dz\/#website"},"primaryImageOfPage":{"@id":"https:\/\/lasentinelle.dz\/index.php\/2025\/07\/29\/la-ministre-de-lenvironnement-appelle-a-valoriser-les-algues-collectees-transformer-les-dechets-en-opportunite-economique\/#primaryimage"},"image":{"@id":"https:\/\/lasentinelle.dz\/index.php\/2025\/07\/29\/la-ministre-de-lenvironnement-appelle-a-valoriser-les-algues-collectees-transformer-les-dechets-en-opportunite-economique\/#primaryimage"},"thumbnailUrl":"https:\/\/lasentinelle.dz\/wp-content\/uploads\/2025\/07\/526092425_1053153020300713_7664116451305685271_n.jpeg","datePublished":"2025-07-29T20:50:12+00:00","dateModified":"2025-07-29T20:50:13+00:00","breadcrumb":{"@id":"https:\/\/lasentinelle.dz\/index.php\/2025\/07\/29\/la-ministre-de-lenvironnement-appelle-a-valoriser-les-algues-collectees-transformer-les-dechets-en-opportunite-economique\/#breadcrumb"},"inLanguage":"fr-FR","potentialAction":[{"@type":"ReadAction","target":["https:\/\/lasentinelle.dz\/index.php\/2025\/07\/29\/la-ministre-de-lenvironnement-appelle-a-valoriser-les-algues-collectees-transformer-les-dechets-en-opportunite-economique\/"]}]},{"@type":"ImageObject","inLanguage":"fr-FR","@id":"https:\/\/lasentinelle.dz\/index.php\/2025\/07\/29\/la-ministre-de-lenvironnement-appelle-a-valoriser-les-algues-collectees-transformer-les-dechets-en-opportunite-economique\/#primaryimage","url":"https:\/\/lasentinelle.dz\/wp-content\/uploads\/2025\/07\/526092425_1053153020300713_7664116451305685271_n.jpeg","contentUrl":"https:\/\/lasentinelle.dz\/wp-content\/uploads\/2025\/07\/526092425_1053153020300713_7664116451305685271_n.jpeg","width":2048,"height":1363},{"@type":"BreadcrumbList","@id":"https:\/\/lasentinelle.dz\/index.php\/2025\/07\/29\/la-ministre-de-lenvironnement-appelle-a-valoriser-les-algues-collectees-transformer-les-dechets-en-opportunite-economique\/#breadcrumb","itemListElement":[{"@type":"ListItem","position":1,"name":"Accueil","item":"https:\/\/lasentinelle.dz\/"},{"@type":"ListItem","position":2,"name":"La ministre de l\u2019Environnement appelle \u00e0 valoriser les algues collect\u00e9es\u00a0: Transformer les d\u00e9chets\u00a0en opportunit\u00e9 \u00e9conomique"}]},{"@type":"WebSite","@id":"https:\/\/lasentinelle.dz\/#website","url":"https:\/\/lasentinelle.dz\/","name":"La Sentinelle","description":"Quotidien national d&#039;information","publisher":{"@id":"https:\/\/lasentinelle.dz\/#organization"},"potentialAction":[{"@type":"SearchAction","target":{"@type":"EntryPoint","urlTemplate":"https:\/\/lasentinelle.dz\/?s={search_term_string}"},"query-input":{"@type":"PropertyValueSpecification","valueRequired":true,"valueName":"search_term_string"}}],"inLanguage":"fr-FR"},{"@type":"Organization","@id":"https:\/\/lasentinelle.dz\/#organization","name":"Quotidien La Sentinelle","url":"https:\/\/lasentinelle.dz\/","logo":{"@type":"ImageObject","inLanguage":"fr-FR","@id":"https:\/\/lasentinelle.dz\/#\/schema\/logo\/image\/","url":"https:\/\/lasentinelle.dz\/wp-content\/uploads\/2021\/09\/logo-sentinelleSLOGAN-1.png","contentUrl":"https:\/\/lasentinelle.dz\/wp-content\/uploads\/2021\/09\/logo-sentinelleSLOGAN-1.png","width":615,"height":142,"caption":"Quotidien La Sentinelle"},"image":{"@id":"https:\/\/lasentinelle.dz\/#\/schema\/logo\/image\/"},"sameAs":["https:\/\/www.facebook.com\/La-Sentinelle-104059864394773"]},{"@type":"Person","@id":"https:\/\/lasentinelle.dz\/#\/schema\/person\/729ee0024f24e0b8c5ec17232f8e8b41","name":"admin","image":{"@type":"ImageObject","inLanguage":"fr-FR","@id":"https:\/\/secure.gravatar.com\/avatar\/4c81fed838786e9b53f540bf46533e750f5d292099ae3b66cfc6fb1982e29df7?s=96&d=mm&r=g","url":"https:\/\/secure.gravatar.com\/avatar\/4c81fed838786e9b53f540bf46533e750f5d292099ae3b66cfc6fb1982e29df7?s=96&d=mm&r=g","contentUrl":"https:\/\/secure.gravatar.com\/avatar\/4c81fed838786e9b53f540bf46533e750f5d292099ae3b66cfc6fb1982e29df7?s=96&d=mm&r=g","caption":"admin"},"description":"admin","url":"https:\/\/lasentinelle.dz\/author\/admin\/"}]}},"_links":{"self":[{"href":"https:\/\/lasentinelle.dz\/index.php\/wp-json\/wp\/v2\/posts\/71173","targetHints":{"allow":["GET"]}}],"collection":[{"href":"https:\/\/lasentinelle.dz\/index.php\/wp-json\/wp\/v2\/posts"}],"about":[{"href":"https:\/\/lasentinelle.dz\/index.php\/wp-json\/wp\/v2\/types\/post"}],"author":[{"embeddable":true,"href":"https:\/\/lasentinelle.dz\/index.php\/wp-json\/wp\/v2\/users\/6"}],"replies":[{"embeddable":true,"href":"https:\/\/lasentinelle.dz\/index.php\/wp-json\/wp\/v2\/comments?post=71173"}],"version-history":[{"count":1,"href":"https:\/\/lasentinelle.dz\/index.php\/wp-json\/wp\/v2\/posts\/71173\/revisions"}],"predecessor-version":[{"id":71175,"href":"https:\/\/lasentinelle.dz\/index.php\/wp-json\/wp\/v2\/posts\/71173\/revisions\/71175"}],"wp:featuredmedia":[{"embeddable":true,"href":"https:\/\/lasentinelle.dz\/index.php\/wp-json\/wp\/v2\/media\/71174"}],"wp:attachment":[{"href":"https:\/\/lasentinelle.dz\/index.php\/wp-json\/wp\/v2\/media?parent=71173"}],"wp:term":[{"taxonomy":"category","embeddable":true,"href":"https:\/\/lasentinelle.dz\/index.php\/wp-json\/wp\/v2\/categories?post=71173"},{"taxonomy":"post_tag","embeddable":true,"href":"https:\/\/lasentinelle.dz\/index.php\/wp-json\/wp\/v2\/tags?post=71173"}],"curies":[{"name":"wp","href":"https:\/\/api.w.org\/{rel}","templated":true}]}}