{"id":71382,"date":"2025-08-03T21:42:46","date_gmt":"2025-08-03T20:42:46","guid":{"rendered":"https:\/\/lasentinelle.dz\/?p=71382"},"modified":"2025-08-03T21:42:47","modified_gmt":"2025-08-03T20:42:47","slug":"le-commerce-intra-africain-a-enregistre-une-hausse-de-124-en-2024","status":"publish","type":"post","link":"https:\/\/lasentinelle.dz\/index.php\/2025\/08\/03\/le-commerce-intra-africain-a-enregistre-une-hausse-de-124-en-2024\/","title":{"rendered":"Le commerce intra-africain a enregistr\u00e9 une hausse de 12,4% en 2024\u00a0"},"content":{"rendered":"\n<p>Les \u00e9changes commerciaux intra-africains ont connu une hausse significative en 2024 de 12,4 % pour atteindre environ 220,3 milliards de dollars, selon un rapport publi\u00e9 par la Banque africaine d&rsquo;import-export (Afreximbank). L&rsquo;Afrique du Sud a conserv\u00e9 sa position de premier contributeur au commerce intra-africain, avec un total de transactions s&rsquo;\u00e9levant \u00e0 42,1 milliards de dollars, soit environ un cinqui\u00e8me du total des \u00e9changes intra-africains. Malgr\u00e9 une l\u00e9g\u00e8re baisse par rapport \u00e0 l&rsquo;ann\u00e9e derni\u00e8re, ce chiffre refl\u00e8te le r\u00f4le central du pays, notamment au sein de blocs r\u00e9gionaux tels que l&rsquo;Union douani\u00e8re d&rsquo;Afrique australe et la Communaut\u00e9 de d\u00e9veloppement de l&rsquo;Afrique australe, indique la banque. De leur c\u00f4t\u00e9, les pays d&rsquo;Afrique de l&rsquo;Ouest, notamment le Nigeria et la C\u00f4te d&rsquo;Ivoire, ont enregistr\u00e9 un r\u00e9sultat notable au cours de la m\u00eame ann\u00e9e, la C\u00f4te d&rsquo;Ivoire contribuant \u00e0 elle seule \u00e0 4,8 % du commerce intra-continental total, gr\u00e2ce \u00e0 l&rsquo;augmentation des exportations de p\u00e9trole raffin\u00e9 et de produits manufactur\u00e9s, selon le rapport. Quant au Nigeria, ses \u00e9changes commerciaux avec les pays africains ont atteint environ 18,4 milliards de dollars, ce qui t\u00e9moigne d&rsquo;une am\u00e9lioration significative de ses performances \u00e9conomiques.<\/p>\n\n\n\n<p>APS<\/p>\n","protected":false},"excerpt":{"rendered":"<p>Les \u00e9changes commerciaux intra-africains ont connu une hausse significative en 2024 de 12,4 % pour atteindre environ 220,3 milliards de<\/p>\n","protected":false},"author":6,"featured_media":0,"comment_status":"open","ping_status":"closed","sticky":false,"template":"","format":"standard","meta":{"colormag_page_container_layout":"default_layout","colormag_page_sidebar_layout":"default_layout","om_disable_all_campaigns":false,"_monsterinsights_skip_tracking":false,"_monsterinsights_sitenote_active":false,"_monsterinsights_sitenote_note":"","_monsterinsights_sitenote_category":0,"footnotes":"","_wpscppro_dont_share_socialmedia":false,"_wpscppro_custom_social_share_image":0,"_facebook_share_type":"default","_twitter_share_type":"default","_linkedin_share_type":"default","_pinterest_share_type":"default","_linkedin_share_type_page":"","_instagram_share_type":"default","_medium_share_type":"default","_threads_share_type":"","_google_business_share_type":"","_selected_social_profile":[],"_wpsp_enable_custom_social_template":false,"_wpsp_social_scheduling":{"enabled":false,"datetime":null,"platforms":[],"status":"template_only","dateOption":"today","timeOption":"now","customDays":"","customHours":"","customDate":"","customTime":"","schedulingType":"absolute"},"_wpsp_active_default_template":true},"categories":[29],"tags":[],"class_list":["post-71382","post","type-post","status-publish","format-standard","hentry","category-economie"],"aioseo_notices":[],"yoast_head":"<!-- This site is optimized with the Yoast SEO plugin v27.5 - https:\/\/yoast.com\/product\/yoast-seo-wordpress\/ -->\n<title>Le commerce intra-africain a enregistr\u00e9 une hausse de 12,4% en 2024\u00a0 - La Sentinelle<\/title>\n<meta name=\"robots\" content=\"index, follow, max-snippet:-1, max-image-preview:large, max-video-preview:-1\" \/>\n<link rel=\"canonical\" href=\"https:\/\/lasentinelle.dz\/index.php\/2025\/08\/03\/le-commerce-intra-africain-a-enregistre-une-hausse-de-124-en-2024\/\" \/>\n<meta property=\"og:locale\" content=\"fr_FR\" \/>\n<meta property=\"og:type\" content=\"article\" \/>\n<meta property=\"og:title\" content=\"Le commerce intra-africain a enregistr\u00e9 une hausse de 12,4% en 2024\u00a0 - La Sentinelle\" \/>\n<meta property=\"og:description\" content=\"Les \u00e9changes commerciaux intra-africains ont connu une hausse significative en 2024 de 12,4 % pour atteindre environ 220,3 milliards de\" \/>\n<meta property=\"og:url\" content=\"https:\/\/lasentinelle.dz\/index.php\/2025\/08\/03\/le-commerce-intra-africain-a-enregistre-une-hausse-de-124-en-2024\/\" \/>\n<meta property=\"og:site_name\" content=\"La Sentinelle\" \/>\n<meta property=\"article:publisher\" content=\"https:\/\/www.facebook.com\/La-Sentinelle-104059864394773\" \/>\n<meta property=\"article:published_time\" content=\"2025-08-03T20:42:46+00:00\" \/>\n<meta property=\"article:modified_time\" content=\"2025-08-03T20:42:47+00:00\" \/>\n<meta name=\"author\" content=\"admin\" \/>\n<meta name=\"twitter:card\" content=\"summary_large_image\" \/>\n<meta name=\"twitter:label1\" content=\"\u00c9crit par\" \/>\n\t<meta name=\"twitter:data1\" content=\"admin\" \/>\n\t<meta name=\"twitter:label2\" content=\"Dur\u00e9e de lecture estim\u00e9e\" \/>\n\t<meta name=\"twitter:data2\" content=\"1 minute\" \/>\n<script type=\"application\/ld+json\" class=\"yoast-schema-graph\">{\"@context\":\"https:\\\/\\\/schema.org\",\"@graph\":[{\"@type\":\"Article\",\"@id\":\"https:\\\/\\\/lasentinelle.dz\\\/index.php\\\/2025\\\/08\\\/03\\\/le-commerce-intra-africain-a-enregistre-une-hausse-de-124-en-2024\\\/#article\",\"isPartOf\":{\"@id\":\"https:\\\/\\\/lasentinelle.dz\\\/index.php\\\/2025\\\/08\\\/03\\\/le-commerce-intra-africain-a-enregistre-une-hausse-de-124-en-2024\\\/\"},\"author\":{\"name\":\"admin\",\"@id\":\"https:\\\/\\\/lasentinelle.dz\\\/#\\\/schema\\\/person\\\/729ee0024f24e0b8c5ec17232f8e8b41\"},\"headline\":\"Le commerce intra-africain a enregistr\u00e9 une hausse de 12,4% en 2024\u00a0\",\"datePublished\":\"2025-08-03T20:42:46+00:00\",\"dateModified\":\"2025-08-03T20:42:47+00:00\",\"mainEntityOfPage\":{\"@id\":\"https:\\\/\\\/lasentinelle.dz\\\/index.php\\\/2025\\\/08\\\/03\\\/le-commerce-intra-africain-a-enregistre-une-hausse-de-124-en-2024\\\/\"},\"wordCount\":217,\"commentCount\":0,\"publisher\":{\"@id\":\"https:\\\/\\\/lasentinelle.dz\\\/#organization\"},\"articleSection\":[\"\u00c9conomie\"],\"inLanguage\":\"fr-FR\",\"potentialAction\":[{\"@type\":\"CommentAction\",\"name\":\"Comment\",\"target\":[\"https:\\\/\\\/lasentinelle.dz\\\/index.php\\\/2025\\\/08\\\/03\\\/le-commerce-intra-africain-a-enregistre-une-hausse-de-124-en-2024\\\/#respond\"]}]},{\"@type\":\"WebPage\",\"@id\":\"https:\\\/\\\/lasentinelle.dz\\\/index.php\\\/2025\\\/08\\\/03\\\/le-commerce-intra-africain-a-enregistre-une-hausse-de-124-en-2024\\\/\",\"url\":\"https:\\\/\\\/lasentinelle.dz\\\/index.php\\\/2025\\\/08\\\/03\\\/le-commerce-intra-africain-a-enregistre-une-hausse-de-124-en-2024\\\/\",\"name\":\"Le commerce intra-africain a enregistr\u00e9 une hausse de 12,4% en 2024\u00a0 - La Sentinelle\",\"isPartOf\":{\"@id\":\"https:\\\/\\\/lasentinelle.dz\\\/#website\"},\"datePublished\":\"2025-08-03T20:42:46+00:00\",\"dateModified\":\"2025-08-03T20:42:47+00:00\",\"breadcrumb\":{\"@id\":\"https:\\\/\\\/lasentinelle.dz\\\/index.php\\\/2025\\\/08\\\/03\\\/le-commerce-intra-africain-a-enregistre-une-hausse-de-124-en-2024\\\/#breadcrumb\"},\"inLanguage\":\"fr-FR\",\"potentialAction\":[{\"@type\":\"ReadAction\",\"target\":[\"https:\\\/\\\/lasentinelle.dz\\\/index.php\\\/2025\\\/08\\\/03\\\/le-commerce-intra-africain-a-enregistre-une-hausse-de-124-en-2024\\\/\"]}]},{\"@type\":\"BreadcrumbList\",\"@id\":\"https:\\\/\\\/lasentinelle.dz\\\/index.php\\\/2025\\\/08\\\/03\\\/le-commerce-intra-africain-a-enregistre-une-hausse-de-124-en-2024\\\/#breadcrumb\",\"itemListElement\":[{\"@type\":\"ListItem\",\"position\":1,\"name\":\"Accueil\",\"item\":\"https:\\\/\\\/lasentinelle.dz\\\/\"},{\"@type\":\"ListItem\",\"position\":2,\"name\":\"Le commerce intra-africain a enregistr\u00e9 une hausse de 12,4% en 2024\u00a0\"}]},{\"@type\":\"WebSite\",\"@id\":\"https:\\\/\\\/lasentinelle.dz\\\/#website\",\"url\":\"https:\\\/\\\/lasentinelle.dz\\\/\",\"name\":\"La Sentinelle\",\"description\":\"Quotidien national d&#039;information\",\"publisher\":{\"@id\":\"https:\\\/\\\/lasentinelle.dz\\\/#organization\"},\"potentialAction\":[{\"@type\":\"SearchAction\",\"target\":{\"@type\":\"EntryPoint\",\"urlTemplate\":\"https:\\\/\\\/lasentinelle.dz\\\/?s={search_term_string}\"},\"query-input\":{\"@type\":\"PropertyValueSpecification\",\"valueRequired\":true,\"valueName\":\"search_term_string\"}}],\"inLanguage\":\"fr-FR\"},{\"@type\":\"Organization\",\"@id\":\"https:\\\/\\\/lasentinelle.dz\\\/#organization\",\"name\":\"Quotidien La Sentinelle\",\"url\":\"https:\\\/\\\/lasentinelle.dz\\\/\",\"logo\":{\"@type\":\"ImageObject\",\"inLanguage\":\"fr-FR\",\"@id\":\"https:\\\/\\\/lasentinelle.dz\\\/#\\\/schema\\\/logo\\\/image\\\/\",\"url\":\"https:\\\/\\\/lasentinelle.dz\\\/wp-content\\\/uploads\\\/2021\\\/09\\\/logo-sentinelleSLOGAN-1.png\",\"contentUrl\":\"https:\\\/\\\/lasentinelle.dz\\\/wp-content\\\/uploads\\\/2021\\\/09\\\/logo-sentinelleSLOGAN-1.png\",\"width\":615,\"height\":142,\"caption\":\"Quotidien La Sentinelle\"},\"image\":{\"@id\":\"https:\\\/\\\/lasentinelle.dz\\\/#\\\/schema\\\/logo\\\/image\\\/\"},\"sameAs\":[\"https:\\\/\\\/www.facebook.com\\\/La-Sentinelle-104059864394773\"]},{\"@type\":\"Person\",\"@id\":\"https:\\\/\\\/lasentinelle.dz\\\/#\\\/schema\\\/person\\\/729ee0024f24e0b8c5ec17232f8e8b41\",\"name\":\"admin\",\"image\":{\"@type\":\"ImageObject\",\"inLanguage\":\"fr-FR\",\"@id\":\"https:\\\/\\\/secure.gravatar.com\\\/avatar\\\/4c81fed838786e9b53f540bf46533e750f5d292099ae3b66cfc6fb1982e29df7?s=96&d=mm&r=g\",\"url\":\"https:\\\/\\\/secure.gravatar.com\\\/avatar\\\/4c81fed838786e9b53f540bf46533e750f5d292099ae3b66cfc6fb1982e29df7?s=96&d=mm&r=g\",\"contentUrl\":\"https:\\\/\\\/secure.gravatar.com\\\/avatar\\\/4c81fed838786e9b53f540bf46533e750f5d292099ae3b66cfc6fb1982e29df7?s=96&d=mm&r=g\",\"caption\":\"admin\"},\"description\":\"admin\",\"url\":\"https:\\\/\\\/lasentinelle.dz\\\/author\\\/admin\\\/\"}]}<\/script>\n<!-- \/ Yoast SEO plugin. -->","yoast_head_json":{"title":"Le commerce intra-africain a enregistr\u00e9 une hausse de 12,4% en 2024\u00a0 - La Sentinelle","robots":{"index":"index","follow":"follow","max-snippet":"max-snippet:-1","max-image-preview":"max-image-preview:large","max-video-preview":"max-video-preview:-1"},"canonical":"https:\/\/lasentinelle.dz\/index.php\/2025\/08\/03\/le-commerce-intra-africain-a-enregistre-une-hausse-de-124-en-2024\/","og_locale":"fr_FR","og_type":"article","og_title":"Le commerce intra-africain a enregistr\u00e9 une hausse de 12,4% en 2024\u00a0 - La Sentinelle","og_description":"Les \u00e9changes commerciaux intra-africains ont connu une hausse significative en 2024 de 12,4 % pour atteindre environ 220,3 milliards de","og_url":"https:\/\/lasentinelle.dz\/index.php\/2025\/08\/03\/le-commerce-intra-africain-a-enregistre-une-hausse-de-124-en-2024\/","og_site_name":"La Sentinelle","article_publisher":"https:\/\/www.facebook.com\/La-Sentinelle-104059864394773","article_published_time":"2025-08-03T20:42:46+00:00","article_modified_time":"2025-08-03T20:42:47+00:00","author":"admin","twitter_card":"summary_large_image","twitter_misc":{"\u00c9crit par":"admin","Dur\u00e9e de lecture estim\u00e9e":"1 minute"},"schema":{"@context":"https:\/\/schema.org","@graph":[{"@type":"Article","@id":"https:\/\/lasentinelle.dz\/index.php\/2025\/08\/03\/le-commerce-intra-africain-a-enregistre-une-hausse-de-124-en-2024\/#article","isPartOf":{"@id":"https:\/\/lasentinelle.dz\/index.php\/2025\/08\/03\/le-commerce-intra-africain-a-enregistre-une-hausse-de-124-en-2024\/"},"author":{"name":"admin","@id":"https:\/\/lasentinelle.dz\/#\/schema\/person\/729ee0024f24e0b8c5ec17232f8e8b41"},"headline":"Le commerce intra-africain a enregistr\u00e9 une hausse de 12,4% en 2024\u00a0","datePublished":"2025-08-03T20:42:46+00:00","dateModified":"2025-08-03T20:42:47+00:00","mainEntityOfPage":{"@id":"https:\/\/lasentinelle.dz\/index.php\/2025\/08\/03\/le-commerce-intra-africain-a-enregistre-une-hausse-de-124-en-2024\/"},"wordCount":217,"commentCount":0,"publisher":{"@id":"https:\/\/lasentinelle.dz\/#organization"},"articleSection":["\u00c9conomie"],"inLanguage":"fr-FR","potentialAction":[{"@type":"CommentAction","name":"Comment","target":["https:\/\/lasentinelle.dz\/index.php\/2025\/08\/03\/le-commerce-intra-africain-a-enregistre-une-hausse-de-124-en-2024\/#respond"]}]},{"@type":"WebPage","@id":"https:\/\/lasentinelle.dz\/index.php\/2025\/08\/03\/le-commerce-intra-africain-a-enregistre-une-hausse-de-124-en-2024\/","url":"https:\/\/lasentinelle.dz\/index.php\/2025\/08\/03\/le-commerce-intra-africain-a-enregistre-une-hausse-de-124-en-2024\/","name":"Le commerce intra-africain a enregistr\u00e9 une hausse de 12,4% en 2024\u00a0 - La Sentinelle","isPartOf":{"@id":"https:\/\/lasentinelle.dz\/#website"},"datePublished":"2025-08-03T20:42:46+00:00","dateModified":"2025-08-03T20:42:47+00:00","breadcrumb":{"@id":"https:\/\/lasentinelle.dz\/index.php\/2025\/08\/03\/le-commerce-intra-africain-a-enregistre-une-hausse-de-124-en-2024\/#breadcrumb"},"inLanguage":"fr-FR","potentialAction":[{"@type":"ReadAction","target":["https:\/\/lasentinelle.dz\/index.php\/2025\/08\/03\/le-commerce-intra-africain-a-enregistre-une-hausse-de-124-en-2024\/"]}]},{"@type":"BreadcrumbList","@id":"https:\/\/lasentinelle.dz\/index.php\/2025\/08\/03\/le-commerce-intra-africain-a-enregistre-une-hausse-de-124-en-2024\/#breadcrumb","itemListElement":[{"@type":"ListItem","position":1,"name":"Accueil","item":"https:\/\/lasentinelle.dz\/"},{"@type":"ListItem","position":2,"name":"Le commerce intra-africain a enregistr\u00e9 une hausse de 12,4% en 2024\u00a0"}]},{"@type":"WebSite","@id":"https:\/\/lasentinelle.dz\/#website","url":"https:\/\/lasentinelle.dz\/","name":"La Sentinelle","description":"Quotidien national d&#039;information","publisher":{"@id":"https:\/\/lasentinelle.dz\/#organization"},"potentialAction":[{"@type":"SearchAction","target":{"@type":"EntryPoint","urlTemplate":"https:\/\/lasentinelle.dz\/?s={search_term_string}"},"query-input":{"@type":"PropertyValueSpecification","valueRequired":true,"valueName":"search_term_string"}}],"inLanguage":"fr-FR"},{"@type":"Organization","@id":"https:\/\/lasentinelle.dz\/#organization","name":"Quotidien La Sentinelle","url":"https:\/\/lasentinelle.dz\/","logo":{"@type":"ImageObject","inLanguage":"fr-FR","@id":"https:\/\/lasentinelle.dz\/#\/schema\/logo\/image\/","url":"https:\/\/lasentinelle.dz\/wp-content\/uploads\/2021\/09\/logo-sentinelleSLOGAN-1.png","contentUrl":"https:\/\/lasentinelle.dz\/wp-content\/uploads\/2021\/09\/logo-sentinelleSLOGAN-1.png","width":615,"height":142,"caption":"Quotidien La Sentinelle"},"image":{"@id":"https:\/\/lasentinelle.dz\/#\/schema\/logo\/image\/"},"sameAs":["https:\/\/www.facebook.com\/La-Sentinelle-104059864394773"]},{"@type":"Person","@id":"https:\/\/lasentinelle.dz\/#\/schema\/person\/729ee0024f24e0b8c5ec17232f8e8b41","name":"admin","image":{"@type":"ImageObject","inLanguage":"fr-FR","@id":"https:\/\/secure.gravatar.com\/avatar\/4c81fed838786e9b53f540bf46533e750f5d292099ae3b66cfc6fb1982e29df7?s=96&d=mm&r=g","url":"https:\/\/secure.gravatar.com\/avatar\/4c81fed838786e9b53f540bf46533e750f5d292099ae3b66cfc6fb1982e29df7?s=96&d=mm&r=g","contentUrl":"https:\/\/secure.gravatar.com\/avatar\/4c81fed838786e9b53f540bf46533e750f5d292099ae3b66cfc6fb1982e29df7?s=96&d=mm&r=g","caption":"admin"},"description":"admin","url":"https:\/\/lasentinelle.dz\/author\/admin\/"}]}},"_links":{"self":[{"href":"https:\/\/lasentinelle.dz\/index.php\/wp-json\/wp\/v2\/posts\/71382","targetHints":{"allow":["GET"]}}],"collection":[{"href":"https:\/\/lasentinelle.dz\/index.php\/wp-json\/wp\/v2\/posts"}],"about":[{"href":"https:\/\/lasentinelle.dz\/index.php\/wp-json\/wp\/v2\/types\/post"}],"author":[{"embeddable":true,"href":"https:\/\/lasentinelle.dz\/index.php\/wp-json\/wp\/v2\/users\/6"}],"replies":[{"embeddable":true,"href":"https:\/\/lasentinelle.dz\/index.php\/wp-json\/wp\/v2\/comments?post=71382"}],"version-history":[{"count":1,"href":"https:\/\/lasentinelle.dz\/index.php\/wp-json\/wp\/v2\/posts\/71382\/revisions"}],"predecessor-version":[{"id":71383,"href":"https:\/\/lasentinelle.dz\/index.php\/wp-json\/wp\/v2\/posts\/71382\/revisions\/71383"}],"wp:attachment":[{"href":"https:\/\/lasentinelle.dz\/index.php\/wp-json\/wp\/v2\/media?parent=71382"}],"wp:term":[{"taxonomy":"category","embeddable":true,"href":"https:\/\/lasentinelle.dz\/index.php\/wp-json\/wp\/v2\/categories?post=71382"},{"taxonomy":"post_tag","embeddable":true,"href":"https:\/\/lasentinelle.dz\/index.php\/wp-json\/wp\/v2\/tags?post=71382"}],"curies":[{"name":"wp","href":"https:\/\/api.w.org\/{rel}","templated":true}]}}