{"id":71547,"date":"2025-08-06T11:49:10","date_gmt":"2025-08-06T10:49:10","guid":{"rendered":"https:\/\/lasentinelle.dz\/?p=71547"},"modified":"2025-08-06T11:49:11","modified_gmt":"2025-08-06T10:49:11","slug":"ils-beneficieront-de-contrats-apres-leur-diplome-plus-de-40-000-etudiants-assures-dun-emploi","status":"publish","type":"post","link":"https:\/\/lasentinelle.dz\/index.php\/2025\/08\/06\/ils-beneficieront-de-contrats-apres-leur-diplome-plus-de-40-000-etudiants-assures-dun-emploi\/","title":{"rendered":"Ils\u00a0b\u00e9n\u00e9ficieront de contrats apr\u00e8s leur dipl\u00f4me\u00a0:\u00a0Plus de 40.000 \u00e9tudiants assur\u00e9s d&rsquo;un emploi\u00a0!"},"content":{"rendered":"\n<p class=\"wp-block-paragraph\">Le ministre de l&rsquo;Enseignement sup\u00e9rieur et de la Recherche scientifique&nbsp;a annonc\u00e9 hier que&nbsp;13% des nouveaux bacheliers, b\u00e9n\u00e9ficieront de contrats de travail directement apr\u00e8s l&rsquo;obtention de leur dipl\u00f4me, dans les secteurs de l&rsquo;Education nationale et de la Sant\u00e9.<\/p>\n\n\n\n<p class=\"wp-block-paragraph\">Le ministre de l&rsquo;Enseignement sup\u00e9rieur et de la Recherche scientifique, Kamel Baddari, a&nbsp;annonc\u00e9&nbsp;mardi lors d&rsquo;une conf\u00e9rence de presse qu&rsquo;\u00abune place universitaire sera garantie \u00e0 chaque bachelier selon ses v\u0153ux et ses choix\u00bb. Cette d\u00e9claration intervient dans un contexte o\u00f9 l&rsquo;orientation des nouveaux bacheliers de la session juin 2025 r\u00e9v\u00e8le des r\u00e9sultats encourageants, avec 70,30% des \u00e9tudiants orient\u00e9s vers l&rsquo;un de leurs trois premiers choix et surtout une mesure in\u00e9dite concernant l&#8217;emploi direct apr\u00e8s l&rsquo;obtention du dipl\u00f4me. Le ministre a en effet r\u00e9v\u00e9l\u00e9 qu&rsquo;\u00abplus de 40.000 nouveaux \u00e9tudiants, soit 13% des nouveaux bacheliers, b\u00e9n\u00e9ficieront de contrats de travail directement apr\u00e8s l&rsquo;obtention de leur dipl\u00f4me, dans les secteurs de l&rsquo;Education nationale et de la Sant\u00e9\u00bb. Cette annonce marque un tournant dans la politique universitaire qui cherche d\u00e9sormais \u00e0 \u00abconnecter l&rsquo;universit\u00e9 \u00e0 son environnement socio\u00e9conomique\u00bb.&nbsp;Sur un total de 340.901 bacheliers ayant entam\u00e9 les proc\u00e9dures d&rsquo;inscription, 331.827 ont \u00e9t\u00e9 orient\u00e9s, repr\u00e9sentant un taux remarquable de 97,34%. Pour les 9.074 \u00e9tudiants restants qui n&rsquo;ont pas acc\u00e9d\u00e9 \u00e0 leurs v\u0153ux initiaux, soit 2,66% du total, Kamel Baddari a pr\u00e9cis\u00e9 qu&rsquo;\u00abune seconde chance leur sera accord\u00e9e \u00e0 partir d&rsquo;aujourd&rsquo;hui et jusqu&rsquo;au 8 ao\u00fbt, pour choisir une autre sp\u00e9cialit\u00e9\u00bb. Cette mesure s&rsquo;inscrit dans la volont\u00e9 affich\u00e9e du minist\u00e8re de ne laisser aucun bachelier sans affectation universitaire.&nbsp;L&rsquo;analyse des choix d&rsquo;orientation r\u00e9v\u00e8le une tendance marqu\u00e9e vers les disciplines scientifiques et technologiques. \u00abPlus de 65,30% des nouveaux bacheliers ont opt\u00e9 pour ces sp\u00e9cialit\u00e9s, ce qui refl\u00e8te une prise de conscience accrue quant \u00e0 la valeur ajout\u00e9e que ces derni\u00e8res apportent \u00e0 l&rsquo;\u00e9conomie nationale\u00bb, a soulign\u00e9 le ministre. Cette orientation massive vers les fili\u00e8res STEM contraste avec les 34,70% d&rsquo;\u00e9tudiants qui se dirigent vers les sciences humaines et sociales, m\u00eame si Baddari a tenu \u00e0 rappeler que ces derni\u00e8res, \u00abavec la mise \u00e0 jour de leurs programmes d&rsquo;enseignement, sont devenues un pilier essentiel dans l&rsquo;\u00e9tude de la soci\u00e9t\u00e9 et l&rsquo;identification de ses besoins, ce qui les rend compl\u00e9mentaires aux sciences et \u00e0 la technologie\u00bb.&nbsp;La r\u00e9partition des \u00e9tudiants d&rsquo;excellence r\u00e9v\u00e8le \u00e9galement des choix strat\u00e9giques. \u00abUn nombre important d&rsquo;\u00e9tudiants ayant obtenu les mentions Excellent et Tr\u00e8s bien ont choisi les grandes \u00e9coles \u00e0 Sidi Abdellah et les sciences m\u00e9dicales\u00bb, a indiqu\u00e9 le ministre, confirmant l&rsquo;attractivit\u00e9 maintenue de ces fili\u00e8res prestigieuses pour les meilleurs \u00e9l\u00e9ments.<\/p>\n\n\n\n<p class=\"wp-block-paragraph\">Dans sa vision de modernisation du syst\u00e8me universitaire alg\u00e9rien, Kamel Baddari a annonc\u00e9 que la nouvelle rentr\u00e9e universitaire sera \u00abintelligente et cyber-s\u00e9curis\u00e9e, reposant sur les principes de la num\u00e9risation et ce qu&rsquo;elle offre comme \u00e9quit\u00e9 proc\u00e9durale, la d\u00e9mocratisation de l&rsquo;universit\u00e9 et la pr\u00e9servation de la dignit\u00e9 de l&rsquo;\u00e9tudiant\u00bb. Cette transformation num\u00e9rique se concr\u00e9tise notamment par le fait que \u00able paiement de tous les frais relatifs \u00e0 la rentr\u00e9e universitaire se fera par voie \u00e9lectronique\u00bb.&nbsp;L&rsquo;offre de formation conna\u00eet \u00e9galement un enrichissement significatif avec l&rsquo;introduction de 50 nouvelles formations, dont 14 sp\u00e9cifiquement destin\u00e9es aux titulaires du baccalaur\u00e9at s\u00e9rie lettres, \u00aben vue de leur offrir des opportunit\u00e9s d&#8217;emploi dans des domaines li\u00e9s au secteur \u00e9conomique\u00bb. Cette diversification s&rsquo;accompagne de la cr\u00e9ation de nouvelles sp\u00e9cialit\u00e9s de Master, notamment une formation li\u00e9e aux drones, ainsi que de nouveaux doctorats dans des domaines d&rsquo;avenir comme la \u00abconception et fabrication de puces \u00e9lectroniques\u00bb, l&rsquo;\u00abagriculture de d\u00e9veloppement et \u00e9levage\u00bb et l&rsquo;\u00abinformatique quantique\u00bb.<\/p>\n\n\n\n<p class=\"wp-block-paragraph\">Le secteur de la sant\u00e9 b\u00e9n\u00e9ficie d&rsquo;une attention particuli\u00e8re avec la cr\u00e9ation de \u00abl&rsquo;universit\u00e9 des sciences de la sant\u00e9\u00bb et l&rsquo;introduction d&rsquo;une \u00abLicence en anglais m\u00e9dical\u00bb, t\u00e9moignant de la volont\u00e9 de faire de l&rsquo;universit\u00e9 alg\u00e9rienne \u00abun incubateur d&rsquo;innovation, de progr\u00e8s et d&rsquo;\u00e9conomie de la connaissance\u00bb.<\/p>\n\n\n\n<p class=\"wp-block-paragraph\">Cette politique volontariste trouve une reconnaissance internationale avec les r\u00e9cents succ\u00e8s des \u00e9tudiants alg\u00e9riens au concours universitaire mondial des math\u00e9matiques organis\u00e9 en Bulgarie, o\u00f9 ils ont d\u00e9croch\u00e9 deux m\u00e9dailles d&rsquo;argent, deux m\u00e9dailles de bronze et un classement honorable face \u00e0 343 \u00e9tudiants repr\u00e9sentant 73 universit\u00e9s internationales. Ces r\u00e9sultats, que le ministre a tenu \u00e0 distinguer, illustrent le niveau de formation dispens\u00e9 dans les \u00e9tablissements alg\u00e9riens et leur capacit\u00e9 \u00e0 rivaliser sur la sc\u00e8ne internationale.<\/p>\n\n\n\n<p class=\"wp-block-paragraph\">Samir Benisid<\/p>\n","protected":false},"excerpt":{"rendered":"<p>Le ministre de l&rsquo;Enseignement sup\u00e9rieur et de la Recherche scientifique&nbsp;a annonc\u00e9 hier que&nbsp;13% des nouveaux bacheliers, b\u00e9n\u00e9ficieront de contrats de<\/p>\n","protected":false},"author":6,"featured_media":71548,"comment_status":"open","ping_status":"closed","sticky":false,"template":"","format":"standard","meta":{"colormag_page_container_layout":"default_layout","colormag_page_sidebar_layout":"default_layout","om_disable_all_campaigns":false,"_monsterinsights_skip_tracking":false,"footnotes":"","_wpscppro_dont_share_socialmedia":false,"_wpscppro_custom_social_share_image":0,"_facebook_share_type":"default","_twitter_share_type":"default","_linkedin_share_type":"default","_pinterest_share_type":"default","_linkedin_share_type_page":"","_instagram_share_type":"default","_medium_share_type":"default","_threads_share_type":"","_google_business_share_type":"","_bluesky_share_type":"","_mastodon_share_type":"","_selected_social_profile":[],"_wpsp_enable_custom_social_template":false,"_wpsp_social_scheduling":{"enabled":false,"datetime":null,"platforms":[],"status":"template_only","dateOption":"today","timeOption":"now","customDays":"","customHours":"","customDate":"","customTime":"","schedulingType":"absolute"},"_wpsp_active_default_template":true},"categories":[52,27],"tags":[],"class_list":["post-71547","post","type-post","status-publish","format-standard","has-post-thumbnail","hentry","category-a-la-une","category-actualite"],"aioseo_notices":[],"aioseo_head":"\n\t\t<!-- All in One SEO 5.0.0.1 - aioseo.com -->\n\t<meta name=\"description\" content=\"Le ministre de l&#039;Enseignement sup\u00e9rieur et de la Recherche scientifique a annonc\u00e9 hier que 13% des nouveaux bacheliers, b\u00e9n\u00e9ficieront de contrats de travail directement apr\u00e8s l&#039;obtention de leur dipl\u00f4me, dans les secteurs de l&#039;Education nationale et de la Sant\u00e9. Le ministre de l&#039;Enseignement sup\u00e9rieur et de la Recherche scientifique, Kamel Baddari, a annonc\u00e9 mardi lors d&#039;une conf\u00e9rence de presse\" \/>\n\t<meta name=\"robots\" content=\"max-image-preview:large\" \/>\n\t<meta name=\"author\" content=\"admin\"\/>\n\t<link rel=\"canonical\" href=\"https:\/\/lasentinelle.dz\/index.php\/2025\/08\/06\/ils-beneficieront-de-contrats-apres-leur-diplome-plus-de-40-000-etudiants-assures-dun-emploi\/\" \/>\n\t<meta name=\"generator\" content=\"All in One SEO (AIOSEO) 5.0.0.1\" \/>\n\t\t<meta property=\"og:locale\" content=\"fr_FR\" \/>\n\t\t<meta property=\"og:site_name\" content=\"La Sentinelle - Quotidien national d&#039;information\" \/>\n\t\t<meta property=\"og:type\" content=\"article\" \/>\n\t\t<meta property=\"og:title\" content=\"Ils b\u00e9n\u00e9ficieront de contrats apr\u00e8s leur dipl\u00f4me : Plus de 40.000 \u00e9tudiants assur\u00e9s d\u2019un emploi ! - La Sentinelle\" \/>\n\t\t<meta property=\"og:description\" content=\"Le ministre de l&#039;Enseignement sup\u00e9rieur et de la Recherche scientifique a annonc\u00e9 hier que 13% des nouveaux bacheliers, b\u00e9n\u00e9ficieront de contrats de travail directement apr\u00e8s l&#039;obtention de leur dipl\u00f4me, dans les secteurs de l&#039;Education nationale et de la Sant\u00e9. Le ministre de l&#039;Enseignement sup\u00e9rieur et de la Recherche scientifique, Kamel Baddari, a annonc\u00e9 mardi lors d&#039;une conf\u00e9rence de presse\" \/>\n\t\t<meta property=\"og:url\" content=\"https:\/\/lasentinelle.dz\/index.php\/2025\/08\/06\/ils-beneficieront-de-contrats-apres-leur-diplome-plus-de-40-000-etudiants-assures-dun-emploi\/\" \/>\n\t\t<meta property=\"og:image\" content=\"https:\/\/lasentinelle.dz\/wp-content\/uploads\/2021\/09\/cropped-la-sentinelle-earth-golden-anima-5.gif\" \/>\n\t\t<meta property=\"og:image:secure_url\" content=\"https:\/\/lasentinelle.dz\/wp-content\/uploads\/2021\/09\/cropped-la-sentinelle-earth-golden-anima-5.gif\" \/>\n\t\t<meta property=\"og:image:width\" content=\"450\" \/>\n\t\t<meta property=\"og:image:height\" content=\"213\" \/>\n\t\t<meta property=\"article:published_time\" content=\"2025-08-06T10:49:10+00:00\" \/>\n\t\t<meta property=\"article:modified_time\" content=\"2025-08-06T10:49:11+00:00\" \/>\n\t\t<meta property=\"article:publisher\" content=\"https:\/\/www.facebook.com\/azzedine.lasentinelle.1\" \/>\n\t\t<meta name=\"twitter:card\" content=\"summary_large_image\" \/>\n\t\t<meta name=\"twitter:title\" content=\"Ils b\u00e9n\u00e9ficieront de contrats apr\u00e8s leur dipl\u00f4me : Plus de 40.000 \u00e9tudiants assur\u00e9s d\u2019un emploi ! - La Sentinelle\" \/>\n\t\t<meta name=\"twitter:description\" content=\"Le ministre de l&#039;Enseignement sup\u00e9rieur et de la Recherche scientifique a annonc\u00e9 hier que 13% des nouveaux bacheliers, b\u00e9n\u00e9ficieront de contrats de travail directement apr\u00e8s l&#039;obtention de leur dipl\u00f4me, dans les secteurs de l&#039;Education nationale et de la Sant\u00e9. Le ministre de l&#039;Enseignement sup\u00e9rieur et de la Recherche scientifique, Kamel Baddari, a annonc\u00e9 mardi lors d&#039;une conf\u00e9rence de presse\" \/>\n\t\t<meta name=\"twitter:image\" content=\"https:\/\/lasentinelle.dz\/wp-content\/uploads\/2021\/09\/cropped-la-sentinelle-earth-golden-anima-5.gif\" \/>\n\t\t<script type=\"application\/ld+json\" class=\"aioseo-schema\">\n\t\t\t{\"@context\":\"https:\\\/\\\/schema.org\",\"@graph\":[{\"@type\":\"BlogPosting\",\"@id\":\"https:\\\/\\\/lasentinelle.dz\\\/index.php\\\/2025\\\/08\\\/06\\\/ils-beneficieront-de-contrats-apres-leur-diplome-plus-de-40-000-etudiants-assures-dun-emploi\\\/#blogposting\",\"name\":\"Ils b\\u00e9n\\u00e9ficieront de contrats apr\\u00e8s leur dipl\\u00f4me : Plus de 40.000 \\u00e9tudiants assur\\u00e9s d\\u2019un emploi ! - La Sentinelle\",\"headline\":\"Ils\\u00a0b\\u00e9n\\u00e9ficieront de contrats apr\\u00e8s leur dipl\\u00f4me\\u00a0:\\u00a0Plus de 40.000 \\u00e9tudiants assur\\u00e9s d&rsquo;un emploi\\u00a0!\",\"author\":{\"@id\":\"https:\\\/\\\/lasentinelle.dz\\\/author\\\/admin\\\/#author\"},\"publisher\":{\"@id\":\"https:\\\/\\\/lasentinelle.dz\\\/#organization\"},\"image\":{\"@type\":\"ImageObject\",\"url\":\"https:\\\/\\\/lasentinelle.dz\\\/wp-content\\\/uploads\\\/2025\\\/08\\\/etudiants.jpeg\",\"width\":1024,\"height\":683},\"datePublished\":\"2025-08-06T11:49:10+01:00\",\"dateModified\":\"2025-08-06T11:49:11+01:00\",\"inLanguage\":\"fr-FR\",\"mainEntityOfPage\":{\"@id\":\"https:\\\/\\\/lasentinelle.dz\\\/index.php\\\/2025\\\/08\\\/06\\\/ils-beneficieront-de-contrats-apres-leur-diplome-plus-de-40-000-etudiants-assures-dun-emploi\\\/#webpage\"},\"isPartOf\":{\"@id\":\"https:\\\/\\\/lasentinelle.dz\\\/index.php\\\/2025\\\/08\\\/06\\\/ils-beneficieront-de-contrats-apres-leur-diplome-plus-de-40-000-etudiants-assures-dun-emploi\\\/#webpage\"},\"articleSection\":\"\\u00c0 la Une, Actualit\\u00e9\"},{\"@type\":\"BreadcrumbList\",\"@id\":\"https:\\\/\\\/lasentinelle.dz\\\/index.php\\\/2025\\\/08\\\/06\\\/ils-beneficieront-de-contrats-apres-leur-diplome-plus-de-40-000-etudiants-assures-dun-emploi\\\/#breadcrumblist\",\"itemListElement\":[{\"@type\":\"ListItem\",\"@id\":\"https:\\\/\\\/lasentinelle.dz#listItem\",\"position\":1,\"name\":\"Home\",\"item\":\"https:\\\/\\\/lasentinelle.dz\",\"nextItem\":{\"@type\":\"ListItem\",\"@id\":\"https:\\\/\\\/lasentinelle.dz\\\/index.php\\\/category\\\/actualite\\\/#listItem\",\"name\":\"Actualit\\u00e9\"}},{\"@type\":\"ListItem\",\"@id\":\"https:\\\/\\\/lasentinelle.dz\\\/index.php\\\/category\\\/actualite\\\/#listItem\",\"position\":2,\"name\":\"Actualit\\u00e9\",\"item\":\"https:\\\/\\\/lasentinelle.dz\\\/index.php\\\/category\\\/actualite\\\/\",\"nextItem\":{\"@type\":\"ListItem\",\"@id\":\"https:\\\/\\\/lasentinelle.dz\\\/index.php\\\/2025\\\/08\\\/06\\\/ils-beneficieront-de-contrats-apres-leur-diplome-plus-de-40-000-etudiants-assures-dun-emploi\\\/#listItem\",\"name\":\"Ils\\u00a0b\\u00e9n\\u00e9ficieront de contrats apr\\u00e8s leur dipl\\u00f4me\\u00a0:\\u00a0Plus de 40.000 \\u00e9tudiants assur\\u00e9s d&rsquo;un emploi\\u00a0!\"},\"previousItem\":{\"@type\":\"ListItem\",\"@id\":\"https:\\\/\\\/lasentinelle.dz#listItem\",\"name\":\"Home\"}},{\"@type\":\"ListItem\",\"@id\":\"https:\\\/\\\/lasentinelle.dz\\\/index.php\\\/2025\\\/08\\\/06\\\/ils-beneficieront-de-contrats-apres-leur-diplome-plus-de-40-000-etudiants-assures-dun-emploi\\\/#listItem\",\"position\":3,\"name\":\"Ils\\u00a0b\\u00e9n\\u00e9ficieront de contrats apr\\u00e8s leur dipl\\u00f4me\\u00a0:\\u00a0Plus de 40.000 \\u00e9tudiants assur\\u00e9s d&rsquo;un emploi\\u00a0!\",\"previousItem\":{\"@type\":\"ListItem\",\"@id\":\"https:\\\/\\\/lasentinelle.dz\\\/index.php\\\/category\\\/actualite\\\/#listItem\",\"name\":\"Actualit\\u00e9\"}}]},{\"@type\":\"Organization\",\"@id\":\"https:\\\/\\\/lasentinelle.dz\\\/#organization\",\"name\":\"La Sentinelle La Sentinelle\",\"description\":\"Quotidien national d'information\",\"url\":\"https:\\\/\\\/lasentinelle.dz\\\/\",\"logo\":{\"@type\":\"ImageObject\",\"url\":\"https:\\\/\\\/lasentinelle.dz\\\/wp-content\\\/uploads\\\/2021\\\/09\\\/cropped-la-sentinelle-earth-golden-anima-5.gif\",\"@id\":\"https:\\\/\\\/lasentinelle.dz\\\/index.php\\\/2025\\\/08\\\/06\\\/ils-beneficieront-de-contrats-apres-leur-diplome-plus-de-40-000-etudiants-assures-dun-emploi\\\/#organizationLogo\",\"width\":450,\"height\":213},\"image\":{\"@id\":\"https:\\\/\\\/lasentinelle.dz\\\/index.php\\\/2025\\\/08\\\/06\\\/ils-beneficieront-de-contrats-apres-leur-diplome-plus-de-40-000-etudiants-assures-dun-emploi\\\/#organizationLogo\"},\"sameAs\":[\"https:\\\/\\\/www.facebook.com\\\/azzedine.lasentinelle.1\"]},{\"@type\":\"Person\",\"@id\":\"https:\\\/\\\/lasentinelle.dz\\\/author\\\/admin\\\/#author\",\"url\":\"https:\\\/\\\/lasentinelle.dz\\\/author\\\/admin\\\/\",\"name\":\"admin\",\"image\":{\"@type\":\"ImageObject\",\"@id\":\"https:\\\/\\\/lasentinelle.dz\\\/index.php\\\/2025\\\/08\\\/06\\\/ils-beneficieront-de-contrats-apres-leur-diplome-plus-de-40-000-etudiants-assures-dun-emploi\\\/#authorImage\",\"url\":\"https:\\\/\\\/secure.gravatar.com\\\/avatar\\\/4c81fed838786e9b53f540bf46533e750f5d292099ae3b66cfc6fb1982e29df7?s=96&d=mm&r=g\",\"width\":96,\"height\":96,\"caption\":\"admin\"}},{\"@type\":\"WebPage\",\"@id\":\"https:\\\/\\\/lasentinelle.dz\\\/index.php\\\/2025\\\/08\\\/06\\\/ils-beneficieront-de-contrats-apres-leur-diplome-plus-de-40-000-etudiants-assures-dun-emploi\\\/#webpage\",\"url\":\"https:\\\/\\\/lasentinelle.dz\\\/index.php\\\/2025\\\/08\\\/06\\\/ils-beneficieront-de-contrats-apres-leur-diplome-plus-de-40-000-etudiants-assures-dun-emploi\\\/\",\"name\":\"Ils b\\u00e9n\\u00e9ficieront de contrats apr\\u00e8s leur dipl\\u00f4me : Plus de 40.000 \\u00e9tudiants assur\\u00e9s d\\u2019un emploi ! - La Sentinelle\",\"description\":\"Le ministre de l'Enseignement sup\\u00e9rieur et de la Recherche scientifique a annonc\\u00e9 hier que 13% des nouveaux bacheliers, b\\u00e9n\\u00e9ficieront de contrats de travail directement apr\\u00e8s l'obtention de leur dipl\\u00f4me, dans les secteurs de l'Education nationale et de la Sant\\u00e9. Le ministre de l'Enseignement sup\\u00e9rieur et de la Recherche scientifique, Kamel Baddari, a annonc\\u00e9 mardi lors d'une conf\\u00e9rence de presse\",\"inLanguage\":\"fr-FR\",\"isPartOf\":{\"@id\":\"https:\\\/\\\/lasentinelle.dz\\\/#website\"},\"breadcrumb\":{\"@id\":\"https:\\\/\\\/lasentinelle.dz\\\/index.php\\\/2025\\\/08\\\/06\\\/ils-beneficieront-de-contrats-apres-leur-diplome-plus-de-40-000-etudiants-assures-dun-emploi\\\/#breadcrumblist\"},\"author\":{\"@id\":\"https:\\\/\\\/lasentinelle.dz\\\/author\\\/admin\\\/#author\"},\"creator\":{\"@id\":\"https:\\\/\\\/lasentinelle.dz\\\/author\\\/admin\\\/#author\"},\"image\":{\"@type\":\"ImageObject\",\"url\":\"https:\\\/\\\/lasentinelle.dz\\\/wp-content\\\/uploads\\\/2025\\\/08\\\/etudiants.jpeg\",\"@id\":\"https:\\\/\\\/lasentinelle.dz\\\/index.php\\\/2025\\\/08\\\/06\\\/ils-beneficieront-de-contrats-apres-leur-diplome-plus-de-40-000-etudiants-assures-dun-emploi\\\/#mainImage\",\"width\":1024,\"height\":683},\"primaryImageOfPage\":{\"@id\":\"https:\\\/\\\/lasentinelle.dz\\\/index.php\\\/2025\\\/08\\\/06\\\/ils-beneficieront-de-contrats-apres-leur-diplome-plus-de-40-000-etudiants-assures-dun-emploi\\\/#mainImage\"},\"datePublished\":\"2025-08-06T11:49:10+01:00\",\"dateModified\":\"2025-08-06T11:49:11+01:00\"},{\"@type\":\"WebSite\",\"@id\":\"https:\\\/\\\/lasentinelle.dz\\\/#website\",\"url\":\"https:\\\/\\\/lasentinelle.dz\\\/\",\"name\":\"La Sentinelle\",\"description\":\"Quotidien national d'information\",\"inLanguage\":\"fr-FR\",\"publisher\":{\"@id\":\"https:\\\/\\\/lasentinelle.dz\\\/#organization\"}}]}\n\t\t<\/script>\n\t\t<!-- All in One SEO -->\n\n","aioseo_head_json":{"title":"Ils b\u00e9n\u00e9ficieront de contrats apr\u00e8s leur dipl\u00f4me : Plus de 40.000 \u00e9tudiants assur\u00e9s d\u2019un emploi ! - La Sentinelle","description":"Le ministre de l'Enseignement sup\u00e9rieur et de la Recherche scientifique a annonc\u00e9 hier que 13% des nouveaux bacheliers, b\u00e9n\u00e9ficieront de contrats de travail directement apr\u00e8s l'obtention de leur dipl\u00f4me, dans les secteurs de l'Education nationale et de la Sant\u00e9. Le ministre de l'Enseignement sup\u00e9rieur et de la Recherche scientifique, Kamel Baddari, a annonc\u00e9 mardi lors d'une conf\u00e9rence de presse","canonical_url":"https:\/\/lasentinelle.dz\/index.php\/2025\/08\/06\/ils-beneficieront-de-contrats-apres-leur-diplome-plus-de-40-000-etudiants-assures-dun-emploi\/","robots":"max-image-preview:large","keywords":"","webmasterTools":{"miscellaneous":""},"schema":{"@context":"https:\/\/schema.org","@graph":[{"@type":"BlogPosting","@id":"https:\/\/lasentinelle.dz\/index.php\/2025\/08\/06\/ils-beneficieront-de-contrats-apres-leur-diplome-plus-de-40-000-etudiants-assures-dun-emploi\/#blogposting","name":"Ils b\u00e9n\u00e9ficieront de contrats apr\u00e8s leur dipl\u00f4me : Plus de 40.000 \u00e9tudiants assur\u00e9s d\u2019un emploi ! - La Sentinelle","headline":"Ils\u00a0b\u00e9n\u00e9ficieront de contrats apr\u00e8s leur dipl\u00f4me\u00a0:\u00a0Plus de 40.000 \u00e9tudiants assur\u00e9s d&rsquo;un emploi\u00a0!","author":{"@id":"https:\/\/lasentinelle.dz\/author\/admin\/#author"},"publisher":{"@id":"https:\/\/lasentinelle.dz\/#organization"},"image":{"@type":"ImageObject","url":"https:\/\/lasentinelle.dz\/wp-content\/uploads\/2025\/08\/etudiants.jpeg","width":1024,"height":683},"datePublished":"2025-08-06T11:49:10+01:00","dateModified":"2025-08-06T11:49:11+01:00","inLanguage":"fr-FR","mainEntityOfPage":{"@id":"https:\/\/lasentinelle.dz\/index.php\/2025\/08\/06\/ils-beneficieront-de-contrats-apres-leur-diplome-plus-de-40-000-etudiants-assures-dun-emploi\/#webpage"},"isPartOf":{"@id":"https:\/\/lasentinelle.dz\/index.php\/2025\/08\/06\/ils-beneficieront-de-contrats-apres-leur-diplome-plus-de-40-000-etudiants-assures-dun-emploi\/#webpage"},"articleSection":"\u00c0 la Une, Actualit\u00e9"},{"@type":"BreadcrumbList","@id":"https:\/\/lasentinelle.dz\/index.php\/2025\/08\/06\/ils-beneficieront-de-contrats-apres-leur-diplome-plus-de-40-000-etudiants-assures-dun-emploi\/#breadcrumblist","itemListElement":[{"@type":"ListItem","@id":"https:\/\/lasentinelle.dz#listItem","position":1,"name":"Home","item":"https:\/\/lasentinelle.dz","nextItem":{"@type":"ListItem","@id":"https:\/\/lasentinelle.dz\/index.php\/category\/actualite\/#listItem","name":"Actualit\u00e9"}},{"@type":"ListItem","@id":"https:\/\/lasentinelle.dz\/index.php\/category\/actualite\/#listItem","position":2,"name":"Actualit\u00e9","item":"https:\/\/lasentinelle.dz\/index.php\/category\/actualite\/","nextItem":{"@type":"ListItem","@id":"https:\/\/lasentinelle.dz\/index.php\/2025\/08\/06\/ils-beneficieront-de-contrats-apres-leur-diplome-plus-de-40-000-etudiants-assures-dun-emploi\/#listItem","name":"Ils\u00a0b\u00e9n\u00e9ficieront de contrats apr\u00e8s leur dipl\u00f4me\u00a0:\u00a0Plus de 40.000 \u00e9tudiants assur\u00e9s d&rsquo;un emploi\u00a0!"},"previousItem":{"@type":"ListItem","@id":"https:\/\/lasentinelle.dz#listItem","name":"Home"}},{"@type":"ListItem","@id":"https:\/\/lasentinelle.dz\/index.php\/2025\/08\/06\/ils-beneficieront-de-contrats-apres-leur-diplome-plus-de-40-000-etudiants-assures-dun-emploi\/#listItem","position":3,"name":"Ils\u00a0b\u00e9n\u00e9ficieront de contrats apr\u00e8s leur dipl\u00f4me\u00a0:\u00a0Plus de 40.000 \u00e9tudiants assur\u00e9s d&rsquo;un emploi\u00a0!","previousItem":{"@type":"ListItem","@id":"https:\/\/lasentinelle.dz\/index.php\/category\/actualite\/#listItem","name":"Actualit\u00e9"}}]},{"@type":"Organization","@id":"https:\/\/lasentinelle.dz\/#organization","name":"La Sentinelle La Sentinelle","description":"Quotidien national d'information","url":"https:\/\/lasentinelle.dz\/","logo":{"@type":"ImageObject","url":"https:\/\/lasentinelle.dz\/wp-content\/uploads\/2021\/09\/cropped-la-sentinelle-earth-golden-anima-5.gif","@id":"https:\/\/lasentinelle.dz\/index.php\/2025\/08\/06\/ils-beneficieront-de-contrats-apres-leur-diplome-plus-de-40-000-etudiants-assures-dun-emploi\/#organizationLogo","width":450,"height":213},"image":{"@id":"https:\/\/lasentinelle.dz\/index.php\/2025\/08\/06\/ils-beneficieront-de-contrats-apres-leur-diplome-plus-de-40-000-etudiants-assures-dun-emploi\/#organizationLogo"},"sameAs":["https:\/\/www.facebook.com\/azzedine.lasentinelle.1"]},{"@type":"Person","@id":"https:\/\/lasentinelle.dz\/author\/admin\/#author","url":"https:\/\/lasentinelle.dz\/author\/admin\/","name":"admin","image":{"@type":"ImageObject","@id":"https:\/\/lasentinelle.dz\/index.php\/2025\/08\/06\/ils-beneficieront-de-contrats-apres-leur-diplome-plus-de-40-000-etudiants-assures-dun-emploi\/#authorImage","url":"https:\/\/secure.gravatar.com\/avatar\/4c81fed838786e9b53f540bf46533e750f5d292099ae3b66cfc6fb1982e29df7?s=96&d=mm&r=g","width":96,"height":96,"caption":"admin"}},{"@type":"WebPage","@id":"https:\/\/lasentinelle.dz\/index.php\/2025\/08\/06\/ils-beneficieront-de-contrats-apres-leur-diplome-plus-de-40-000-etudiants-assures-dun-emploi\/#webpage","url":"https:\/\/lasentinelle.dz\/index.php\/2025\/08\/06\/ils-beneficieront-de-contrats-apres-leur-diplome-plus-de-40-000-etudiants-assures-dun-emploi\/","name":"Ils b\u00e9n\u00e9ficieront de contrats apr\u00e8s leur dipl\u00f4me : Plus de 40.000 \u00e9tudiants assur\u00e9s d\u2019un emploi ! - La Sentinelle","description":"Le ministre de l'Enseignement sup\u00e9rieur et de la Recherche scientifique a annonc\u00e9 hier que 13% des nouveaux bacheliers, b\u00e9n\u00e9ficieront de contrats de travail directement apr\u00e8s l'obtention de leur dipl\u00f4me, dans les secteurs de l'Education nationale et de la Sant\u00e9. Le ministre de l'Enseignement sup\u00e9rieur et de la Recherche scientifique, Kamel Baddari, a annonc\u00e9 mardi lors d'une conf\u00e9rence de presse","inLanguage":"fr-FR","isPartOf":{"@id":"https:\/\/lasentinelle.dz\/#website"},"breadcrumb":{"@id":"https:\/\/lasentinelle.dz\/index.php\/2025\/08\/06\/ils-beneficieront-de-contrats-apres-leur-diplome-plus-de-40-000-etudiants-assures-dun-emploi\/#breadcrumblist"},"author":{"@id":"https:\/\/lasentinelle.dz\/author\/admin\/#author"},"creator":{"@id":"https:\/\/lasentinelle.dz\/author\/admin\/#author"},"image":{"@type":"ImageObject","url":"https:\/\/lasentinelle.dz\/wp-content\/uploads\/2025\/08\/etudiants.jpeg","@id":"https:\/\/lasentinelle.dz\/index.php\/2025\/08\/06\/ils-beneficieront-de-contrats-apres-leur-diplome-plus-de-40-000-etudiants-assures-dun-emploi\/#mainImage","width":1024,"height":683},"primaryImageOfPage":{"@id":"https:\/\/lasentinelle.dz\/index.php\/2025\/08\/06\/ils-beneficieront-de-contrats-apres-leur-diplome-plus-de-40-000-etudiants-assures-dun-emploi\/#mainImage"},"datePublished":"2025-08-06T11:49:10+01:00","dateModified":"2025-08-06T11:49:11+01:00"},{"@type":"WebSite","@id":"https:\/\/lasentinelle.dz\/#website","url":"https:\/\/lasentinelle.dz\/","name":"La Sentinelle","description":"Quotidien national d'information","inLanguage":"fr-FR","publisher":{"@id":"https:\/\/lasentinelle.dz\/#organization"}}]},"og:locale":"fr_FR","og:site_name":"La Sentinelle - Quotidien national d'information","og:type":"article","og:title":"Ils b\u00e9n\u00e9ficieront de contrats apr\u00e8s leur dipl\u00f4me : Plus de 40.000 \u00e9tudiants assur\u00e9s d\u2019un emploi ! - La Sentinelle","og:description":"Le ministre de l'Enseignement sup\u00e9rieur et de la Recherche scientifique a annonc\u00e9 hier que 13% des nouveaux bacheliers, b\u00e9n\u00e9ficieront de contrats de travail directement apr\u00e8s l'obtention de leur dipl\u00f4me, dans les secteurs de l'Education nationale et de la Sant\u00e9. Le ministre de l'Enseignement sup\u00e9rieur et de la Recherche scientifique, Kamel Baddari, a annonc\u00e9 mardi lors d'une conf\u00e9rence de presse","og:url":"https:\/\/lasentinelle.dz\/index.php\/2025\/08\/06\/ils-beneficieront-de-contrats-apres-leur-diplome-plus-de-40-000-etudiants-assures-dun-emploi\/","og:image":"https:\/\/lasentinelle.dz\/wp-content\/uploads\/2021\/09\/cropped-la-sentinelle-earth-golden-anima-5.gif","og:image:secure_url":"https:\/\/lasentinelle.dz\/wp-content\/uploads\/2021\/09\/cropped-la-sentinelle-earth-golden-anima-5.gif","og:image:width":450,"og:image:height":213,"article:published_time":"2025-08-06T10:49:10+00:00","article:modified_time":"2025-08-06T10:49:11+00:00","article:publisher":"https:\/\/www.facebook.com\/azzedine.lasentinelle.1","twitter:card":"summary_large_image","twitter:title":"Ils b\u00e9n\u00e9ficieront de contrats apr\u00e8s leur dipl\u00f4me : Plus de 40.000 \u00e9tudiants assur\u00e9s d\u2019un emploi ! - La Sentinelle","twitter:description":"Le ministre de l'Enseignement sup\u00e9rieur et de la Recherche scientifique a annonc\u00e9 hier que 13% des nouveaux bacheliers, b\u00e9n\u00e9ficieront de contrats de travail directement apr\u00e8s l'obtention de leur dipl\u00f4me, dans les secteurs de l'Education nationale et de la Sant\u00e9. Le ministre de l'Enseignement sup\u00e9rieur et de la Recherche scientifique, Kamel Baddari, a annonc\u00e9 mardi lors d'une conf\u00e9rence de presse","twitter:image":"https:\/\/lasentinelle.dz\/wp-content\/uploads\/2021\/09\/cropped-la-sentinelle-earth-golden-anima-5.gif"},"aioseo_meta_data":{"post_id":"71547","title":null,"description":null,"keywords":null,"keyphrases":null,"primary_term":null,"canonical_url":null,"og_title":null,"og_description":null,"og_object_type":"default","og_image_type":"default","og_image_url":null,"og_image_width":null,"og_image_height":null,"og_image_custom_url":null,"og_image_custom_fields":null,"og_video":null,"og_custom_url":null,"og_article_section":null,"og_article_tags":null,"twitter_use_og":false,"twitter_card":"default","twitter_image_type":"default","twitter_image_url":null,"twitter_image_custom_url":null,"twitter_image_custom_fields":null,"twitter_title":null,"twitter_description":null,"schema":{"blockGraphs":[],"customGraphs":[],"default":{"data":{"Article":[],"Course":[],"Dataset":[],"FAQPage":[],"Movie":[],"Person":[],"Product":[],"ProductReview":[],"Car":[],"Recipe":[],"Service":[],"SoftwareApplication":[],"WebPage":[]},"graphName":"","isEnabled":true},"graphs":[]},"schema_type":"default","schema_type_options":null,"pillar_content":false,"robots_default":true,"robots_noindex":false,"robots_noarchive":false,"robots_nosnippet":false,"robots_nofollow":false,"robots_noimageindex":false,"robots_noodp":false,"robots_notranslate":false,"robots_max_snippet":null,"robots_max_videopreview":null,"robots_max_imagepreview":"large","priority":null,"frequency":null,"local_seo":null,"breadcrumb_settings":null,"limit_modified_date":false,"ai":null,"created":"2026-05-12 14:34:52","updated":"2026-05-12 14:34:52","focus_keyword":null,"additional_keywords":null,"truseo_locale":null,"seo_analyzer_scan_date":null},"aioseo_breadcrumb":"<div class=\"aioseo-breadcrumbs\"><span class=\"aioseo-breadcrumb\">\n\t\t\t<a href=\"https:\/\/lasentinelle.dz\" title=\"Home\">Home<\/a>\n\t\t<\/span><span class=\"aioseo-breadcrumb-separator\">&raquo;<\/span><span class=\"aioseo-breadcrumb\">\n\t\t\t<a href=\"https:\/\/lasentinelle.dz\/index.php\/category\/actualite\/\" title=\"Actualit\u00e9\">Actualit\u00e9<\/a>\n\t\t<\/span><span class=\"aioseo-breadcrumb-separator\">&raquo;<\/span><span class=\"aioseo-breadcrumb\">\n\t\t\tIls b\u00e9n\u00e9ficieront de contrats apr\u00e8s leur dipl\u00f4me : Plus de 40.000 \u00e9tudiants assur\u00e9s d\u2019un emploi !\n\t\t<\/span><\/div>","aioseo_breadcrumb_json":[{"label":"Home","link":"https:\/\/lasentinelle.dz"},{"label":"Actualit\u00e9","link":"https:\/\/lasentinelle.dz\/index.php\/category\/actualite\/"},{"label":"Ils\u00a0b\u00e9n\u00e9ficieront de contrats apr\u00e8s leur dipl\u00f4me\u00a0:\u00a0Plus de 40.000 \u00e9tudiants assur\u00e9s d&rsquo;un emploi\u00a0!","link":"https:\/\/lasentinelle.dz\/index.php\/2025\/08\/06\/ils-beneficieront-de-contrats-apres-leur-diplome-plus-de-40-000-etudiants-assures-dun-emploi\/"}],"yoast_head":"<!-- This site is optimized with the Yoast SEO plugin v28.3 - https:\/\/yoast.com\/product\/yoast-seo-wordpress\/ -->\n<title>Ils\u00a0b\u00e9n\u00e9ficieront de contrats apr\u00e8s leur dipl\u00f4me\u00a0:\u00a0Plus de 40.000 \u00e9tudiants assur\u00e9s d&rsquo;un emploi\u00a0! - La Sentinelle<\/title>\n<meta name=\"robots\" content=\"index, follow, max-snippet:-1, max-image-preview:large, max-video-preview:-1\" \/>\n<link rel=\"canonical\" href=\"https:\/\/lasentinelle.dz\/index.php\/2025\/08\/06\/ils-beneficieront-de-contrats-apres-leur-diplome-plus-de-40-000-etudiants-assures-dun-emploi\/\" \/>\n<meta property=\"og:locale\" content=\"fr_FR\" \/>\n<meta property=\"og:type\" content=\"article\" \/>\n<meta property=\"og:title\" content=\"Ils\u00a0b\u00e9n\u00e9ficieront de contrats apr\u00e8s leur dipl\u00f4me\u00a0:\u00a0Plus de 40.000 \u00e9tudiants assur\u00e9s d&rsquo;un emploi\u00a0! - La Sentinelle\" \/>\n<meta property=\"og:description\" content=\"Le ministre de l&rsquo;Enseignement sup\u00e9rieur et de la Recherche scientifique&nbsp;a annonc\u00e9 hier que&nbsp;13% des nouveaux bacheliers, b\u00e9n\u00e9ficieront de contrats de\" \/>\n<meta property=\"og:url\" content=\"https:\/\/lasentinelle.dz\/index.php\/2025\/08\/06\/ils-beneficieront-de-contrats-apres-leur-diplome-plus-de-40-000-etudiants-assures-dun-emploi\/\" \/>\n<meta property=\"og:site_name\" content=\"La Sentinelle\" \/>\n<meta property=\"article:publisher\" content=\"https:\/\/www.facebook.com\/La-Sentinelle-104059864394773\" \/>\n<meta property=\"article:published_time\" content=\"2025-08-06T10:49:10+00:00\" \/>\n<meta property=\"article:modified_time\" content=\"2025-08-06T10:49:11+00:00\" \/>\n<meta property=\"og:image\" content=\"https:\/\/lasentinelle.dz\/wp-content\/uploads\/2025\/08\/etudiants.jpeg\" \/>\n\t<meta property=\"og:image:width\" content=\"1024\" \/>\n\t<meta property=\"og:image:height\" content=\"683\" \/>\n\t<meta property=\"og:image:type\" content=\"image\/jpeg\" \/>\n<meta name=\"author\" content=\"admin\" \/>\n<meta name=\"twitter:card\" content=\"summary_large_image\" \/>\n<meta name=\"twitter:label1\" content=\"\u00c9crit par\" \/>\n\t<meta name=\"twitter:data1\" content=\"admin\" \/>\n\t<meta name=\"twitter:label2\" content=\"Dur\u00e9e de lecture estim\u00e9e\" \/>\n\t<meta name=\"twitter:data2\" content=\"4 minutes\" \/>\n<script type=\"application\/ld+json\" class=\"yoast-schema-graph\">{\"@context\":\"https:\\\/\\\/schema.org\",\"@graph\":[{\"@type\":\"Article\",\"@id\":\"https:\\\/\\\/lasentinelle.dz\\\/index.php\\\/2025\\\/08\\\/06\\\/ils-beneficieront-de-contrats-apres-leur-diplome-plus-de-40-000-etudiants-assures-dun-emploi\\\/#article\",\"isPartOf\":{\"@id\":\"https:\\\/\\\/lasentinelle.dz\\\/index.php\\\/2025\\\/08\\\/06\\\/ils-beneficieront-de-contrats-apres-leur-diplome-plus-de-40-000-etudiants-assures-dun-emploi\\\/\"},\"author\":{\"name\":\"admin\",\"@id\":\"https:\\\/\\\/lasentinelle.dz\\\/#\\\/schema\\\/person\\\/729ee0024f24e0b8c5ec17232f8e8b41\"},\"headline\":\"Ils\u00a0b\u00e9n\u00e9ficieront de contrats apr\u00e8s leur dipl\u00f4me\u00a0:\u00a0Plus de 40.000 \u00e9tudiants assur\u00e9s d&rsquo;un emploi\u00a0!\",\"datePublished\":\"2025-08-06T10:49:10+00:00\",\"dateModified\":\"2025-08-06T10:49:11+00:00\",\"mainEntityOfPage\":{\"@id\":\"https:\\\/\\\/lasentinelle.dz\\\/index.php\\\/2025\\\/08\\\/06\\\/ils-beneficieront-de-contrats-apres-leur-diplome-plus-de-40-000-etudiants-assures-dun-emploi\\\/\"},\"wordCount\":835,\"commentCount\":0,\"publisher\":{\"@id\":\"https:\\\/\\\/lasentinelle.dz\\\/#organization\"},\"image\":{\"@id\":\"https:\\\/\\\/lasentinelle.dz\\\/index.php\\\/2025\\\/08\\\/06\\\/ils-beneficieront-de-contrats-apres-leur-diplome-plus-de-40-000-etudiants-assures-dun-emploi\\\/#primaryimage\"},\"thumbnailUrl\":\"https:\\\/\\\/lasentinelle.dz\\\/wp-content\\\/uploads\\\/2025\\\/08\\\/etudiants.jpeg\",\"articleSection\":[\"\u00c0 la Une\",\"Actualit\u00e9\"],\"inLanguage\":\"fr-FR\",\"potentialAction\":[{\"@type\":\"CommentAction\",\"name\":\"Comment\",\"target\":[\"https:\\\/\\\/lasentinelle.dz\\\/index.php\\\/2025\\\/08\\\/06\\\/ils-beneficieront-de-contrats-apres-leur-diplome-plus-de-40-000-etudiants-assures-dun-emploi\\\/#respond\"]}]},{\"@type\":\"WebPage\",\"@id\":\"https:\\\/\\\/lasentinelle.dz\\\/index.php\\\/2025\\\/08\\\/06\\\/ils-beneficieront-de-contrats-apres-leur-diplome-plus-de-40-000-etudiants-assures-dun-emploi\\\/\",\"url\":\"https:\\\/\\\/lasentinelle.dz\\\/index.php\\\/2025\\\/08\\\/06\\\/ils-beneficieront-de-contrats-apres-leur-diplome-plus-de-40-000-etudiants-assures-dun-emploi\\\/\",\"name\":\"Ils\u00a0b\u00e9n\u00e9ficieront de contrats apr\u00e8s leur dipl\u00f4me\u00a0:\u00a0Plus de 40.000 \u00e9tudiants assur\u00e9s d&rsquo;un emploi\u00a0! - La Sentinelle\",\"isPartOf\":{\"@id\":\"https:\\\/\\\/lasentinelle.dz\\\/#website\"},\"primaryImageOfPage\":{\"@id\":\"https:\\\/\\\/lasentinelle.dz\\\/index.php\\\/2025\\\/08\\\/06\\\/ils-beneficieront-de-contrats-apres-leur-diplome-plus-de-40-000-etudiants-assures-dun-emploi\\\/#primaryimage\"},\"image\":{\"@id\":\"https:\\\/\\\/lasentinelle.dz\\\/index.php\\\/2025\\\/08\\\/06\\\/ils-beneficieront-de-contrats-apres-leur-diplome-plus-de-40-000-etudiants-assures-dun-emploi\\\/#primaryimage\"},\"thumbnailUrl\":\"https:\\\/\\\/lasentinelle.dz\\\/wp-content\\\/uploads\\\/2025\\\/08\\\/etudiants.jpeg\",\"datePublished\":\"2025-08-06T10:49:10+00:00\",\"dateModified\":\"2025-08-06T10:49:11+00:00\",\"breadcrumb\":{\"@id\":\"https:\\\/\\\/lasentinelle.dz\\\/index.php\\\/2025\\\/08\\\/06\\\/ils-beneficieront-de-contrats-apres-leur-diplome-plus-de-40-000-etudiants-assures-dun-emploi\\\/#breadcrumb\"},\"inLanguage\":\"fr-FR\",\"potentialAction\":[{\"@type\":\"ReadAction\",\"target\":[\"https:\\\/\\\/lasentinelle.dz\\\/index.php\\\/2025\\\/08\\\/06\\\/ils-beneficieront-de-contrats-apres-leur-diplome-plus-de-40-000-etudiants-assures-dun-emploi\\\/\"]}]},{\"@type\":\"ImageObject\",\"inLanguage\":\"fr-FR\",\"@id\":\"https:\\\/\\\/lasentinelle.dz\\\/index.php\\\/2025\\\/08\\\/06\\\/ils-beneficieront-de-contrats-apres-leur-diplome-plus-de-40-000-etudiants-assures-dun-emploi\\\/#primaryimage\",\"url\":\"https:\\\/\\\/lasentinelle.dz\\\/wp-content\\\/uploads\\\/2025\\\/08\\\/etudiants.jpeg\",\"contentUrl\":\"https:\\\/\\\/lasentinelle.dz\\\/wp-content\\\/uploads\\\/2025\\\/08\\\/etudiants.jpeg\",\"width\":1024,\"height\":683},{\"@type\":\"BreadcrumbList\",\"@id\":\"https:\\\/\\\/lasentinelle.dz\\\/index.php\\\/2025\\\/08\\\/06\\\/ils-beneficieront-de-contrats-apres-leur-diplome-plus-de-40-000-etudiants-assures-dun-emploi\\\/#breadcrumb\",\"itemListElement\":[{\"@type\":\"ListItem\",\"position\":1,\"name\":\"Accueil\",\"item\":\"https:\\\/\\\/lasentinelle.dz\\\/\"},{\"@type\":\"ListItem\",\"position\":2,\"name\":\"Ils\u00a0b\u00e9n\u00e9ficieront de contrats apr\u00e8s leur dipl\u00f4me\u00a0:\u00a0Plus de 40.000 \u00e9tudiants assur\u00e9s d&rsquo;un emploi\u00a0!\"}]},{\"@type\":\"WebSite\",\"@id\":\"https:\\\/\\\/lasentinelle.dz\\\/#website\",\"url\":\"https:\\\/\\\/lasentinelle.dz\\\/\",\"name\":\"La Sentinelle\",\"description\":\"Quotidien national d&#039;information\",\"publisher\":{\"@id\":\"https:\\\/\\\/lasentinelle.dz\\\/#organization\"},\"potentialAction\":[{\"@type\":\"SearchAction\",\"target\":{\"@type\":\"EntryPoint\",\"urlTemplate\":\"https:\\\/\\\/lasentinelle.dz\\\/?s={search_term_string}\"},\"query-input\":{\"@type\":\"PropertyValueSpecification\",\"valueRequired\":true,\"valueName\":\"search_term_string\"}}],\"inLanguage\":\"fr-FR\"},{\"@type\":\"Organization\",\"@id\":\"https:\\\/\\\/lasentinelle.dz\\\/#organization\",\"name\":\"Quotidien La Sentinelle\",\"url\":\"https:\\\/\\\/lasentinelle.dz\\\/\",\"logo\":{\"@type\":\"ImageObject\",\"inLanguage\":\"fr-FR\",\"@id\":\"https:\\\/\\\/lasentinelle.dz\\\/#\\\/schema\\\/logo\\\/image\\\/\",\"url\":\"https:\\\/\\\/lasentinelle.dz\\\/wp-content\\\/uploads\\\/2021\\\/09\\\/logo-sentinelleSLOGAN-1.png\",\"contentUrl\":\"https:\\\/\\\/lasentinelle.dz\\\/wp-content\\\/uploads\\\/2021\\\/09\\\/logo-sentinelleSLOGAN-1.png\",\"width\":615,\"height\":142,\"caption\":\"Quotidien La Sentinelle\"},\"image\":{\"@id\":\"https:\\\/\\\/lasentinelle.dz\\\/#\\\/schema\\\/logo\\\/image\\\/\"},\"sameAs\":[\"https:\\\/\\\/www.facebook.com\\\/La-Sentinelle-104059864394773\"]},{\"@type\":\"Person\",\"@id\":\"https:\\\/\\\/lasentinelle.dz\\\/#\\\/schema\\\/person\\\/729ee0024f24e0b8c5ec17232f8e8b41\",\"name\":\"admin\",\"image\":{\"@type\":\"ImageObject\",\"inLanguage\":\"fr-FR\",\"@id\":\"https:\\\/\\\/secure.gravatar.com\\\/avatar\\\/4c81fed838786e9b53f540bf46533e750f5d292099ae3b66cfc6fb1982e29df7?s=96&d=mm&r=g\",\"url\":\"https:\\\/\\\/secure.gravatar.com\\\/avatar\\\/4c81fed838786e9b53f540bf46533e750f5d292099ae3b66cfc6fb1982e29df7?s=96&d=mm&r=g\",\"contentUrl\":\"https:\\\/\\\/secure.gravatar.com\\\/avatar\\\/4c81fed838786e9b53f540bf46533e750f5d292099ae3b66cfc6fb1982e29df7?s=96&d=mm&r=g\",\"caption\":\"admin\"},\"description\":\"admin\",\"url\":\"https:\\\/\\\/lasentinelle.dz\\\/author\\\/admin\\\/\"}]}<\/script>\n<!-- \/ Yoast SEO plugin. -->","yoast_head_json":{"title":"Ils\u00a0b\u00e9n\u00e9ficieront de contrats apr\u00e8s leur dipl\u00f4me\u00a0:\u00a0Plus de 40.000 \u00e9tudiants assur\u00e9s d&rsquo;un emploi\u00a0! - La Sentinelle","robots":{"index":"index","follow":"follow","max-snippet":"max-snippet:-1","max-image-preview":"max-image-preview:large","max-video-preview":"max-video-preview:-1"},"canonical":"https:\/\/lasentinelle.dz\/index.php\/2025\/08\/06\/ils-beneficieront-de-contrats-apres-leur-diplome-plus-de-40-000-etudiants-assures-dun-emploi\/","og_locale":"fr_FR","og_type":"article","og_title":"Ils\u00a0b\u00e9n\u00e9ficieront de contrats apr\u00e8s leur dipl\u00f4me\u00a0:\u00a0Plus de 40.000 \u00e9tudiants assur\u00e9s d&rsquo;un emploi\u00a0! - La Sentinelle","og_description":"Le ministre de l&rsquo;Enseignement sup\u00e9rieur et de la Recherche scientifique&nbsp;a annonc\u00e9 hier que&nbsp;13% des nouveaux bacheliers, b\u00e9n\u00e9ficieront de contrats de","og_url":"https:\/\/lasentinelle.dz\/index.php\/2025\/08\/06\/ils-beneficieront-de-contrats-apres-leur-diplome-plus-de-40-000-etudiants-assures-dun-emploi\/","og_site_name":"La Sentinelle","article_publisher":"https:\/\/www.facebook.com\/La-Sentinelle-104059864394773","article_published_time":"2025-08-06T10:49:10+00:00","article_modified_time":"2025-08-06T10:49:11+00:00","og_image":[{"width":1024,"height":683,"url":"https:\/\/lasentinelle.dz\/wp-content\/uploads\/2025\/08\/etudiants.jpeg","type":"image\/jpeg"}],"author":"admin","twitter_card":"summary_large_image","twitter_misc":{"\u00c9crit par":"admin","Dur\u00e9e de lecture estim\u00e9e":"4 minutes"},"schema":{"@context":"https:\/\/schema.org","@graph":[{"@type":"Article","@id":"https:\/\/lasentinelle.dz\/index.php\/2025\/08\/06\/ils-beneficieront-de-contrats-apres-leur-diplome-plus-de-40-000-etudiants-assures-dun-emploi\/#article","isPartOf":{"@id":"https:\/\/lasentinelle.dz\/index.php\/2025\/08\/06\/ils-beneficieront-de-contrats-apres-leur-diplome-plus-de-40-000-etudiants-assures-dun-emploi\/"},"author":{"name":"admin","@id":"https:\/\/lasentinelle.dz\/#\/schema\/person\/729ee0024f24e0b8c5ec17232f8e8b41"},"headline":"Ils\u00a0b\u00e9n\u00e9ficieront de contrats apr\u00e8s leur dipl\u00f4me\u00a0:\u00a0Plus de 40.000 \u00e9tudiants assur\u00e9s d&rsquo;un emploi\u00a0!","datePublished":"2025-08-06T10:49:10+00:00","dateModified":"2025-08-06T10:49:11+00:00","mainEntityOfPage":{"@id":"https:\/\/lasentinelle.dz\/index.php\/2025\/08\/06\/ils-beneficieront-de-contrats-apres-leur-diplome-plus-de-40-000-etudiants-assures-dun-emploi\/"},"wordCount":835,"commentCount":0,"publisher":{"@id":"https:\/\/lasentinelle.dz\/#organization"},"image":{"@id":"https:\/\/lasentinelle.dz\/index.php\/2025\/08\/06\/ils-beneficieront-de-contrats-apres-leur-diplome-plus-de-40-000-etudiants-assures-dun-emploi\/#primaryimage"},"thumbnailUrl":"https:\/\/lasentinelle.dz\/wp-content\/uploads\/2025\/08\/etudiants.jpeg","articleSection":["\u00c0 la Une","Actualit\u00e9"],"inLanguage":"fr-FR","potentialAction":[{"@type":"CommentAction","name":"Comment","target":["https:\/\/lasentinelle.dz\/index.php\/2025\/08\/06\/ils-beneficieront-de-contrats-apres-leur-diplome-plus-de-40-000-etudiants-assures-dun-emploi\/#respond"]}]},{"@type":"WebPage","@id":"https:\/\/lasentinelle.dz\/index.php\/2025\/08\/06\/ils-beneficieront-de-contrats-apres-leur-diplome-plus-de-40-000-etudiants-assures-dun-emploi\/","url":"https:\/\/lasentinelle.dz\/index.php\/2025\/08\/06\/ils-beneficieront-de-contrats-apres-leur-diplome-plus-de-40-000-etudiants-assures-dun-emploi\/","name":"Ils\u00a0b\u00e9n\u00e9ficieront de contrats apr\u00e8s leur dipl\u00f4me\u00a0:\u00a0Plus de 40.000 \u00e9tudiants assur\u00e9s d&rsquo;un emploi\u00a0! - La Sentinelle","isPartOf":{"@id":"https:\/\/lasentinelle.dz\/#website"},"primaryImageOfPage":{"@id":"https:\/\/lasentinelle.dz\/index.php\/2025\/08\/06\/ils-beneficieront-de-contrats-apres-leur-diplome-plus-de-40-000-etudiants-assures-dun-emploi\/#primaryimage"},"image":{"@id":"https:\/\/lasentinelle.dz\/index.php\/2025\/08\/06\/ils-beneficieront-de-contrats-apres-leur-diplome-plus-de-40-000-etudiants-assures-dun-emploi\/#primaryimage"},"thumbnailUrl":"https:\/\/lasentinelle.dz\/wp-content\/uploads\/2025\/08\/etudiants.jpeg","datePublished":"2025-08-06T10:49:10+00:00","dateModified":"2025-08-06T10:49:11+00:00","breadcrumb":{"@id":"https:\/\/lasentinelle.dz\/index.php\/2025\/08\/06\/ils-beneficieront-de-contrats-apres-leur-diplome-plus-de-40-000-etudiants-assures-dun-emploi\/#breadcrumb"},"inLanguage":"fr-FR","potentialAction":[{"@type":"ReadAction","target":["https:\/\/lasentinelle.dz\/index.php\/2025\/08\/06\/ils-beneficieront-de-contrats-apres-leur-diplome-plus-de-40-000-etudiants-assures-dun-emploi\/"]}]},{"@type":"ImageObject","inLanguage":"fr-FR","@id":"https:\/\/lasentinelle.dz\/index.php\/2025\/08\/06\/ils-beneficieront-de-contrats-apres-leur-diplome-plus-de-40-000-etudiants-assures-dun-emploi\/#primaryimage","url":"https:\/\/lasentinelle.dz\/wp-content\/uploads\/2025\/08\/etudiants.jpeg","contentUrl":"https:\/\/lasentinelle.dz\/wp-content\/uploads\/2025\/08\/etudiants.jpeg","width":1024,"height":683},{"@type":"BreadcrumbList","@id":"https:\/\/lasentinelle.dz\/index.php\/2025\/08\/06\/ils-beneficieront-de-contrats-apres-leur-diplome-plus-de-40-000-etudiants-assures-dun-emploi\/#breadcrumb","itemListElement":[{"@type":"ListItem","position":1,"name":"Accueil","item":"https:\/\/lasentinelle.dz\/"},{"@type":"ListItem","position":2,"name":"Ils\u00a0b\u00e9n\u00e9ficieront de contrats apr\u00e8s leur dipl\u00f4me\u00a0:\u00a0Plus de 40.000 \u00e9tudiants assur\u00e9s d&rsquo;un emploi\u00a0!"}]},{"@type":"WebSite","@id":"https:\/\/lasentinelle.dz\/#website","url":"https:\/\/lasentinelle.dz\/","name":"La Sentinelle","description":"Quotidien national d&#039;information","publisher":{"@id":"https:\/\/lasentinelle.dz\/#organization"},"potentialAction":[{"@type":"SearchAction","target":{"@type":"EntryPoint","urlTemplate":"https:\/\/lasentinelle.dz\/?s={search_term_string}"},"query-input":{"@type":"PropertyValueSpecification","valueRequired":true,"valueName":"search_term_string"}}],"inLanguage":"fr-FR"},{"@type":"Organization","@id":"https:\/\/lasentinelle.dz\/#organization","name":"Quotidien La Sentinelle","url":"https:\/\/lasentinelle.dz\/","logo":{"@type":"ImageObject","inLanguage":"fr-FR","@id":"https:\/\/lasentinelle.dz\/#\/schema\/logo\/image\/","url":"https:\/\/lasentinelle.dz\/wp-content\/uploads\/2021\/09\/logo-sentinelleSLOGAN-1.png","contentUrl":"https:\/\/lasentinelle.dz\/wp-content\/uploads\/2021\/09\/logo-sentinelleSLOGAN-1.png","width":615,"height":142,"caption":"Quotidien La Sentinelle"},"image":{"@id":"https:\/\/lasentinelle.dz\/#\/schema\/logo\/image\/"},"sameAs":["https:\/\/www.facebook.com\/La-Sentinelle-104059864394773"]},{"@type":"Person","@id":"https:\/\/lasentinelle.dz\/#\/schema\/person\/729ee0024f24e0b8c5ec17232f8e8b41","name":"admin","image":{"@type":"ImageObject","inLanguage":"fr-FR","@id":"https:\/\/secure.gravatar.com\/avatar\/4c81fed838786e9b53f540bf46533e750f5d292099ae3b66cfc6fb1982e29df7?s=96&d=mm&r=g","url":"https:\/\/secure.gravatar.com\/avatar\/4c81fed838786e9b53f540bf46533e750f5d292099ae3b66cfc6fb1982e29df7?s=96&d=mm&r=g","contentUrl":"https:\/\/secure.gravatar.com\/avatar\/4c81fed838786e9b53f540bf46533e750f5d292099ae3b66cfc6fb1982e29df7?s=96&d=mm&r=g","caption":"admin"},"description":"admin","url":"https:\/\/lasentinelle.dz\/author\/admin\/"}]}},"_links":{"self":[{"href":"https:\/\/lasentinelle.dz\/index.php\/wp-json\/wp\/v2\/posts\/71547","targetHints":{"allow":["GET"]}}],"collection":[{"href":"https:\/\/lasentinelle.dz\/index.php\/wp-json\/wp\/v2\/posts"}],"about":[{"href":"https:\/\/lasentinelle.dz\/index.php\/wp-json\/wp\/v2\/types\/post"}],"author":[{"embeddable":true,"href":"https:\/\/lasentinelle.dz\/index.php\/wp-json\/wp\/v2\/users\/6"}],"replies":[{"embeddable":true,"href":"https:\/\/lasentinelle.dz\/index.php\/wp-json\/wp\/v2\/comments?post=71547"}],"version-history":[{"count":2,"href":"https:\/\/lasentinelle.dz\/index.php\/wp-json\/wp\/v2\/posts\/71547\/revisions"}],"predecessor-version":[{"id":71550,"href":"https:\/\/lasentinelle.dz\/index.php\/wp-json\/wp\/v2\/posts\/71547\/revisions\/71550"}],"wp:featuredmedia":[{"embeddable":true,"href":"https:\/\/lasentinelle.dz\/index.php\/wp-json\/wp\/v2\/media\/71548"}],"wp:attachment":[{"href":"https:\/\/lasentinelle.dz\/index.php\/wp-json\/wp\/v2\/media?parent=71547"}],"wp:term":[{"taxonomy":"category","embeddable":true,"href":"https:\/\/lasentinelle.dz\/index.php\/wp-json\/wp\/v2\/categories?post=71547"},{"taxonomy":"post_tag","embeddable":true,"href":"https:\/\/lasentinelle.dz\/index.php\/wp-json\/wp\/v2\/tags?post=71547"}],"curies":[{"name":"wp","href":"https:\/\/api.w.org\/{rel}","templated":true}]}}