{"id":72380,"date":"2025-08-25T13:30:15","date_gmt":"2025-08-25T12:30:15","guid":{"rendered":"https:\/\/lasentinelle.dz\/?p=72380"},"modified":"2025-08-25T13:30:17","modified_gmt":"2025-08-25T12:30:17","slug":"4e-iatf-lalgerie-un-hub-pour-lintegration-africaine","status":"publish","type":"post","link":"https:\/\/lasentinelle.dz\/index.php\/2025\/08\/25\/4e-iatf-lalgerie-un-hub-pour-lintegration-africaine\/","title":{"rendered":"4e IATF\u00a0: L&rsquo;Alg\u00e9rie, un hub pour l&rsquo;int\u00e9gration africaine"},"content":{"rendered":"\n<p>L&rsquo;Alg\u00e9rie s&rsquo;appr\u00eate \u00e0 jouer un r\u00f4le d\u00e9terminant dans l&rsquo;\u00e9mergence \u00e9conomique du continent africain. `<\/p>\n\n\n\n<p>La 4e \u00e9dition de la Foire commerciale intra-africaine (IATF), qui se d\u00e9roulera \u00e0 Alger du 4 au 12 septembre, devrait marquer un tournant d\u00e9cisif pour l&rsquo;int\u00e9gration continentale avec des retomb\u00e9es \u00e9conomiques sans pr\u00e9c\u00e9dent. Amadou Diagne, pr\u00e9sident du Forum des op\u00e9rateurs pour la garantie de l&rsquo;\u00e9mergence \u00e9conomique de l&rsquo;Afrique (FOGECA), a dans ce sens indiqu\u00e9 dans une d\u00e9claration \u00e0 l\u2019APS que cet \u00e9v\u00e9nement majeur \u00ab\u00a0apportera des retomb\u00e9es significatives, tant en investissements qu&rsquo;en diversification industrielle, en dynamisant les \u00e9changes et en acc\u00e9l\u00e9rant l&rsquo;int\u00e9gration intra-africaine \u00e0 travers des accords concrets\u00a0\u00bb. Le dirigeant du FOGECA ne cache pas ses ambitions pour l&rsquo;Alg\u00e9rie, estimant que le pays \u00ab\u00a0dispose du potentiel pour devenir un hub continental reliant le Maghreb au reste de l&rsquo;Afrique\u00a0\u00bb. Cette vision strat\u00e9gique positionne l&rsquo;Alg\u00e9rie comme un acteur central de la transformation \u00e9conomique africaine, capable de catalyser les flux commerciaux entre les diff\u00e9rentes r\u00e9gions du continent. Pour M. Diagne, l&rsquo;IATF 2025 sera \u00ab\u00a0un rendez-vous gagnant, aussi bien pour l&rsquo;Alg\u00e9rie que pour l&rsquo;ensemble du continent\u00a0\u00bb, transformant cette foire en \u00ab\u00a0une plateforme id\u00e9ale\u00a0\u00bb pour concr\u00e9tiser les ambitions de la Zone de libre-\u00e9change continentale africaine (ZLECAf). L&rsquo;objectif affich\u00e9 est de transformer \u00ab\u00a0les discussions en contrats tangibles\u00a0\u00bb, donnant une dimension op\u00e9rationnelle aux projets d&rsquo;int\u00e9gration \u00e9conomique continentale. Les attentes sont particuli\u00e8rement \u00e9lev\u00e9es concernant les partenariats d&rsquo;affaires. \u00ab\u00a0Nous attendons notamment des partenariats structurants pour les PME : joint-ventures, accords d&rsquo;exportation, logistique partag\u00e9e et harmonisation des normes\u00a0\u00bb, pr\u00e9cise le pr\u00e9sident du FOGECA, dont l&rsquo;organisation \u0153uvre d\u00e9j\u00e0 avec ses partenaires pour que \u00ab\u00a0les entrepreneurs membres du forum arrivent \u00e0 Alger avec des propositions pr\u00eates \u00e0 \u00eatre sign\u00e9es\u00a0\u00bb. L&rsquo;analyse de l\u2019expert va au-del\u00e0 des aspects purement commerciaux. \u00c9voquant \u00ab\u00a0la persistance de la pauvret\u00e9 en Afrique malgr\u00e9 l&rsquo;abondance de ses ressources naturelles\u00a0\u00bb, il d\u00e9plore que de nombreux pays continuent d&rsquo;exporter leurs mati\u00e8res premi\u00e8res \u00e0 l&rsquo;\u00e9tat brut, limitant ainsi l&rsquo;\u00e9mergence d&rsquo;un tissu \u00e9conomique viable. Cette critique structurelle du mod\u00e8le \u00e9conomique africain actuel conduit le FOGECA \u00e0 plaider pour \u00ab\u00a0un nouveau mod\u00e8le \u00e9conomique bas\u00e9 sur la transformation locale des ressources, le d\u00e9veloppement de cha\u00eenes de valeurs agricoles modernes afin d&rsquo;assurer la s\u00e9curit\u00e9 alimentaire, ainsi qu&rsquo;un soutien accru aux PME, notamment par un meilleur acc\u00e8s au financement, \u00e0 la formation et \u00e0 l&rsquo;\u00e9nergie\u00a0\u00bb. La philosophie du FOGECA se r\u00e9sume en une formule percutante : \u00ab\u00a0Notre credo est simple : industrialiser l&rsquo;Afrique pour nourrir sa population, cr\u00e9er des emplois et d\u00e9velopper le continent\u00a0\u00bb, selon M. Diagne. Cette vision transformatrice place l&rsquo;industrialisation au c\u0153ur de la strat\u00e9gie de d\u00e9veloppement continental, rompant avec la logique d&rsquo;exportation de mati\u00e8res premi\u00e8res qui caract\u00e9rise encore trop souvent les \u00e9conomies africaines. L&rsquo;IATF 2025 devrait enregistrer une participation record avec 147 pays repr\u00e9sent\u00e9s, dont pr\u00e8s de 40 africains, quelque 2.000 exposants et plus de 35.000 visiteurs attendus. Les organisateurs anticipent la signature de contrats commerciaux et d&rsquo;investissement d&rsquo;une valeur sup\u00e9rieure \u00e0 44 milliards de dollars, t\u00e9moignant du potentiel \u00e9conomique consid\u00e9rable de l&rsquo;int\u00e9gration commerciale africaine. L&rsquo;\u00e9v\u00e9nement, organis\u00e9 conjointement par Afreximbank, le secr\u00e9tariat de la ZLECAf et la Commission de l&rsquo;Union africaine en partenariat avec l&rsquo;Alg\u00e9rie, constitue bien plus qu&rsquo;une simple foire commerciale. Il repr\u00e9sente un catalyseur pour la mise en \u0153uvre concr\u00e8te de la Zone de libre-\u00e9change continentale africaine. Cr\u00e9\u00e9 en 2007 et bas\u00e9 \u00e0 Dakar, le FOGECA regroupe plus de 400 op\u00e9rateurs \u00e9conomiques africains issus des secteurs public et priv\u00e9. Cette organisation promeut une vision commune du d\u00e9veloppement et de l&rsquo;int\u00e9gration \u00e9conomique continentale, se positionnant comme \u00ab\u00a0une vitrine des opportunit\u00e9s d&rsquo;investissement en Afrique, favorisant les \u00e9changes, le partage d&rsquo;exp\u00e9riences et la convergence des int\u00e9r\u00eats \u00e9conomiques\u00a0\u00bb tout en \u0153uvrant \u00ab\u00a0\u00e0 renforcer la place de l&rsquo;Afrique dans l&rsquo;\u00e9conomie mondiale et \u00e0 contribuer \u00e0 la r\u00e9alisation des Objectifs de d\u00e9veloppement durable\u00a0\u00bb, rappelle l&rsquo;APS.<\/p>\n\n\n\n<p>Sabrina Aziouez<\/p>\n","protected":false},"excerpt":{"rendered":"<p>L&rsquo;Alg\u00e9rie s&rsquo;appr\u00eate \u00e0 jouer un r\u00f4le d\u00e9terminant dans l&rsquo;\u00e9mergence \u00e9conomique du continent africain. ` La 4e \u00e9dition de la Foire<\/p>\n","protected":false},"author":6,"featured_media":72381,"comment_status":"open","ping_status":"closed","sticky":false,"template":"","format":"standard","meta":{"colormag_page_container_layout":"default_layout","colormag_page_sidebar_layout":"default_layout","om_disable_all_campaigns":false,"_monsterinsights_skip_tracking":false,"_monsterinsights_sitenote_active":false,"_monsterinsights_sitenote_note":"","_monsterinsights_sitenote_category":0,"footnotes":"","_wpscppro_dont_share_socialmedia":false,"_wpscppro_custom_social_share_image":0,"_facebook_share_type":"default","_twitter_share_type":"default","_linkedin_share_type":"default","_pinterest_share_type":"default","_linkedin_share_type_page":"","_instagram_share_type":"default","_medium_share_type":"default","_threads_share_type":"default","_google_business_share_type":"default","_selected_social_profile":[],"_wpsp_enable_custom_social_template":false,"_wpsp_social_scheduling":{"enabled":false,"datetime":null,"platforms":[],"status":"template_only","dateOption":"today","timeOption":"now","customDays":"","customHours":"","customDate":"","customTime":"","schedulingType":"absolute"},"_wpsp_active_default_template":true},"categories":[52,29],"tags":[],"class_list":["post-72380","post","type-post","status-publish","format-standard","has-post-thumbnail","hentry","category-a-la-une","category-economie"],"aioseo_notices":[],"yoast_head":"<!-- This site is optimized with the Yoast SEO plugin v27.5 - https:\/\/yoast.com\/product\/yoast-seo-wordpress\/ -->\n<title>4e IATF\u00a0: L&rsquo;Alg\u00e9rie, un hub pour l&rsquo;int\u00e9gration africaine - La Sentinelle<\/title>\n<meta name=\"robots\" content=\"index, follow, max-snippet:-1, max-image-preview:large, max-video-preview:-1\" \/>\n<link rel=\"canonical\" href=\"https:\/\/lasentinelle.dz\/index.php\/2025\/08\/25\/4e-iatf-lalgerie-un-hub-pour-lintegration-africaine\/\" \/>\n<meta property=\"og:locale\" content=\"fr_FR\" \/>\n<meta property=\"og:type\" content=\"article\" \/>\n<meta property=\"og:title\" content=\"4e IATF\u00a0: L&rsquo;Alg\u00e9rie, un hub pour l&rsquo;int\u00e9gration africaine - La Sentinelle\" \/>\n<meta property=\"og:description\" content=\"L&rsquo;Alg\u00e9rie s&rsquo;appr\u00eate \u00e0 jouer un r\u00f4le d\u00e9terminant dans l&rsquo;\u00e9mergence \u00e9conomique du continent africain. ` La 4e \u00e9dition de la Foire\" \/>\n<meta property=\"og:url\" content=\"https:\/\/lasentinelle.dz\/index.php\/2025\/08\/25\/4e-iatf-lalgerie-un-hub-pour-lintegration-africaine\/\" \/>\n<meta property=\"og:site_name\" content=\"La Sentinelle\" \/>\n<meta property=\"article:publisher\" content=\"https:\/\/www.facebook.com\/La-Sentinelle-104059864394773\" \/>\n<meta property=\"article:published_time\" content=\"2025-08-25T12:30:15+00:00\" \/>\n<meta property=\"article:modified_time\" content=\"2025-08-25T12:30:17+00:00\" \/>\n<meta property=\"og:image\" content=\"https:\/\/lasentinelle.dz\/wp-content\/uploads\/2025\/08\/Amadou-Diagne.jpg\" \/>\n\t<meta property=\"og:image:width\" content=\"780\" \/>\n\t<meta property=\"og:image:height\" content=\"470\" \/>\n\t<meta property=\"og:image:type\" content=\"image\/jpeg\" \/>\n<meta name=\"author\" content=\"admin\" \/>\n<meta name=\"twitter:card\" content=\"summary_large_image\" \/>\n<meta name=\"twitter:label1\" content=\"\u00c9crit par\" \/>\n\t<meta name=\"twitter:data1\" content=\"admin\" \/>\n\t<meta name=\"twitter:label2\" content=\"Dur\u00e9e de lecture estim\u00e9e\" \/>\n\t<meta name=\"twitter:data2\" content=\"4 minutes\" \/>\n<script type=\"application\/ld+json\" class=\"yoast-schema-graph\">{\"@context\":\"https:\\\/\\\/schema.org\",\"@graph\":[{\"@type\":\"Article\",\"@id\":\"https:\\\/\\\/lasentinelle.dz\\\/index.php\\\/2025\\\/08\\\/25\\\/4e-iatf-lalgerie-un-hub-pour-lintegration-africaine\\\/#article\",\"isPartOf\":{\"@id\":\"https:\\\/\\\/lasentinelle.dz\\\/index.php\\\/2025\\\/08\\\/25\\\/4e-iatf-lalgerie-un-hub-pour-lintegration-africaine\\\/\"},\"author\":{\"name\":\"admin\",\"@id\":\"https:\\\/\\\/lasentinelle.dz\\\/#\\\/schema\\\/person\\\/729ee0024f24e0b8c5ec17232f8e8b41\"},\"headline\":\"4e IATF\u00a0: L&rsquo;Alg\u00e9rie, un hub pour l&rsquo;int\u00e9gration africaine\",\"datePublished\":\"2025-08-25T12:30:15+00:00\",\"dateModified\":\"2025-08-25T12:30:17+00:00\",\"mainEntityOfPage\":{\"@id\":\"https:\\\/\\\/lasentinelle.dz\\\/index.php\\\/2025\\\/08\\\/25\\\/4e-iatf-lalgerie-un-hub-pour-lintegration-africaine\\\/\"},\"wordCount\":720,\"commentCount\":0,\"publisher\":{\"@id\":\"https:\\\/\\\/lasentinelle.dz\\\/#organization\"},\"image\":{\"@id\":\"https:\\\/\\\/lasentinelle.dz\\\/index.php\\\/2025\\\/08\\\/25\\\/4e-iatf-lalgerie-un-hub-pour-lintegration-africaine\\\/#primaryimage\"},\"thumbnailUrl\":\"https:\\\/\\\/lasentinelle.dz\\\/wp-content\\\/uploads\\\/2025\\\/08\\\/Amadou-Diagne.jpg\",\"articleSection\":[\"\u00c0 la Une\",\"\u00c9conomie\"],\"inLanguage\":\"fr-FR\",\"potentialAction\":[{\"@type\":\"CommentAction\",\"name\":\"Comment\",\"target\":[\"https:\\\/\\\/lasentinelle.dz\\\/index.php\\\/2025\\\/08\\\/25\\\/4e-iatf-lalgerie-un-hub-pour-lintegration-africaine\\\/#respond\"]}]},{\"@type\":\"WebPage\",\"@id\":\"https:\\\/\\\/lasentinelle.dz\\\/index.php\\\/2025\\\/08\\\/25\\\/4e-iatf-lalgerie-un-hub-pour-lintegration-africaine\\\/\",\"url\":\"https:\\\/\\\/lasentinelle.dz\\\/index.php\\\/2025\\\/08\\\/25\\\/4e-iatf-lalgerie-un-hub-pour-lintegration-africaine\\\/\",\"name\":\"4e IATF\u00a0: L&rsquo;Alg\u00e9rie, un hub pour l&rsquo;int\u00e9gration africaine - La Sentinelle\",\"isPartOf\":{\"@id\":\"https:\\\/\\\/lasentinelle.dz\\\/#website\"},\"primaryImageOfPage\":{\"@id\":\"https:\\\/\\\/lasentinelle.dz\\\/index.php\\\/2025\\\/08\\\/25\\\/4e-iatf-lalgerie-un-hub-pour-lintegration-africaine\\\/#primaryimage\"},\"image\":{\"@id\":\"https:\\\/\\\/lasentinelle.dz\\\/index.php\\\/2025\\\/08\\\/25\\\/4e-iatf-lalgerie-un-hub-pour-lintegration-africaine\\\/#primaryimage\"},\"thumbnailUrl\":\"https:\\\/\\\/lasentinelle.dz\\\/wp-content\\\/uploads\\\/2025\\\/08\\\/Amadou-Diagne.jpg\",\"datePublished\":\"2025-08-25T12:30:15+00:00\",\"dateModified\":\"2025-08-25T12:30:17+00:00\",\"breadcrumb\":{\"@id\":\"https:\\\/\\\/lasentinelle.dz\\\/index.php\\\/2025\\\/08\\\/25\\\/4e-iatf-lalgerie-un-hub-pour-lintegration-africaine\\\/#breadcrumb\"},\"inLanguage\":\"fr-FR\",\"potentialAction\":[{\"@type\":\"ReadAction\",\"target\":[\"https:\\\/\\\/lasentinelle.dz\\\/index.php\\\/2025\\\/08\\\/25\\\/4e-iatf-lalgerie-un-hub-pour-lintegration-africaine\\\/\"]}]},{\"@type\":\"ImageObject\",\"inLanguage\":\"fr-FR\",\"@id\":\"https:\\\/\\\/lasentinelle.dz\\\/index.php\\\/2025\\\/08\\\/25\\\/4e-iatf-lalgerie-un-hub-pour-lintegration-africaine\\\/#primaryimage\",\"url\":\"https:\\\/\\\/lasentinelle.dz\\\/wp-content\\\/uploads\\\/2025\\\/08\\\/Amadou-Diagne.jpg\",\"contentUrl\":\"https:\\\/\\\/lasentinelle.dz\\\/wp-content\\\/uploads\\\/2025\\\/08\\\/Amadou-Diagne.jpg\",\"width\":780,\"height\":470},{\"@type\":\"BreadcrumbList\",\"@id\":\"https:\\\/\\\/lasentinelle.dz\\\/index.php\\\/2025\\\/08\\\/25\\\/4e-iatf-lalgerie-un-hub-pour-lintegration-africaine\\\/#breadcrumb\",\"itemListElement\":[{\"@type\":\"ListItem\",\"position\":1,\"name\":\"Accueil\",\"item\":\"https:\\\/\\\/lasentinelle.dz\\\/\"},{\"@type\":\"ListItem\",\"position\":2,\"name\":\"4e IATF\u00a0: L&rsquo;Alg\u00e9rie, un hub pour l&rsquo;int\u00e9gration africaine\"}]},{\"@type\":\"WebSite\",\"@id\":\"https:\\\/\\\/lasentinelle.dz\\\/#website\",\"url\":\"https:\\\/\\\/lasentinelle.dz\\\/\",\"name\":\"La Sentinelle\",\"description\":\"Quotidien national d&#039;information\",\"publisher\":{\"@id\":\"https:\\\/\\\/lasentinelle.dz\\\/#organization\"},\"potentialAction\":[{\"@type\":\"SearchAction\",\"target\":{\"@type\":\"EntryPoint\",\"urlTemplate\":\"https:\\\/\\\/lasentinelle.dz\\\/?s={search_term_string}\"},\"query-input\":{\"@type\":\"PropertyValueSpecification\",\"valueRequired\":true,\"valueName\":\"search_term_string\"}}],\"inLanguage\":\"fr-FR\"},{\"@type\":\"Organization\",\"@id\":\"https:\\\/\\\/lasentinelle.dz\\\/#organization\",\"name\":\"Quotidien La Sentinelle\",\"url\":\"https:\\\/\\\/lasentinelle.dz\\\/\",\"logo\":{\"@type\":\"ImageObject\",\"inLanguage\":\"fr-FR\",\"@id\":\"https:\\\/\\\/lasentinelle.dz\\\/#\\\/schema\\\/logo\\\/image\\\/\",\"url\":\"https:\\\/\\\/lasentinelle.dz\\\/wp-content\\\/uploads\\\/2021\\\/09\\\/logo-sentinelleSLOGAN-1.png\",\"contentUrl\":\"https:\\\/\\\/lasentinelle.dz\\\/wp-content\\\/uploads\\\/2021\\\/09\\\/logo-sentinelleSLOGAN-1.png\",\"width\":615,\"height\":142,\"caption\":\"Quotidien La Sentinelle\"},\"image\":{\"@id\":\"https:\\\/\\\/lasentinelle.dz\\\/#\\\/schema\\\/logo\\\/image\\\/\"},\"sameAs\":[\"https:\\\/\\\/www.facebook.com\\\/La-Sentinelle-104059864394773\"]},{\"@type\":\"Person\",\"@id\":\"https:\\\/\\\/lasentinelle.dz\\\/#\\\/schema\\\/person\\\/729ee0024f24e0b8c5ec17232f8e8b41\",\"name\":\"admin\",\"image\":{\"@type\":\"ImageObject\",\"inLanguage\":\"fr-FR\",\"@id\":\"https:\\\/\\\/secure.gravatar.com\\\/avatar\\\/4c81fed838786e9b53f540bf46533e750f5d292099ae3b66cfc6fb1982e29df7?s=96&d=mm&r=g\",\"url\":\"https:\\\/\\\/secure.gravatar.com\\\/avatar\\\/4c81fed838786e9b53f540bf46533e750f5d292099ae3b66cfc6fb1982e29df7?s=96&d=mm&r=g\",\"contentUrl\":\"https:\\\/\\\/secure.gravatar.com\\\/avatar\\\/4c81fed838786e9b53f540bf46533e750f5d292099ae3b66cfc6fb1982e29df7?s=96&d=mm&r=g\",\"caption\":\"admin\"},\"description\":\"admin\",\"url\":\"https:\\\/\\\/lasentinelle.dz\\\/author\\\/admin\\\/\"}]}<\/script>\n<!-- \/ Yoast SEO plugin. -->","yoast_head_json":{"title":"4e IATF\u00a0: L&rsquo;Alg\u00e9rie, un hub pour l&rsquo;int\u00e9gration africaine - La Sentinelle","robots":{"index":"index","follow":"follow","max-snippet":"max-snippet:-1","max-image-preview":"max-image-preview:large","max-video-preview":"max-video-preview:-1"},"canonical":"https:\/\/lasentinelle.dz\/index.php\/2025\/08\/25\/4e-iatf-lalgerie-un-hub-pour-lintegration-africaine\/","og_locale":"fr_FR","og_type":"article","og_title":"4e IATF\u00a0: L&rsquo;Alg\u00e9rie, un hub pour l&rsquo;int\u00e9gration africaine - La Sentinelle","og_description":"L&rsquo;Alg\u00e9rie s&rsquo;appr\u00eate \u00e0 jouer un r\u00f4le d\u00e9terminant dans l&rsquo;\u00e9mergence \u00e9conomique du continent africain. ` La 4e \u00e9dition de la Foire","og_url":"https:\/\/lasentinelle.dz\/index.php\/2025\/08\/25\/4e-iatf-lalgerie-un-hub-pour-lintegration-africaine\/","og_site_name":"La Sentinelle","article_publisher":"https:\/\/www.facebook.com\/La-Sentinelle-104059864394773","article_published_time":"2025-08-25T12:30:15+00:00","article_modified_time":"2025-08-25T12:30:17+00:00","og_image":[{"width":780,"height":470,"url":"https:\/\/lasentinelle.dz\/wp-content\/uploads\/2025\/08\/Amadou-Diagne.jpg","type":"image\/jpeg"}],"author":"admin","twitter_card":"summary_large_image","twitter_misc":{"\u00c9crit par":"admin","Dur\u00e9e de lecture estim\u00e9e":"4 minutes"},"schema":{"@context":"https:\/\/schema.org","@graph":[{"@type":"Article","@id":"https:\/\/lasentinelle.dz\/index.php\/2025\/08\/25\/4e-iatf-lalgerie-un-hub-pour-lintegration-africaine\/#article","isPartOf":{"@id":"https:\/\/lasentinelle.dz\/index.php\/2025\/08\/25\/4e-iatf-lalgerie-un-hub-pour-lintegration-africaine\/"},"author":{"name":"admin","@id":"https:\/\/lasentinelle.dz\/#\/schema\/person\/729ee0024f24e0b8c5ec17232f8e8b41"},"headline":"4e IATF\u00a0: L&rsquo;Alg\u00e9rie, un hub pour l&rsquo;int\u00e9gration africaine","datePublished":"2025-08-25T12:30:15+00:00","dateModified":"2025-08-25T12:30:17+00:00","mainEntityOfPage":{"@id":"https:\/\/lasentinelle.dz\/index.php\/2025\/08\/25\/4e-iatf-lalgerie-un-hub-pour-lintegration-africaine\/"},"wordCount":720,"commentCount":0,"publisher":{"@id":"https:\/\/lasentinelle.dz\/#organization"},"image":{"@id":"https:\/\/lasentinelle.dz\/index.php\/2025\/08\/25\/4e-iatf-lalgerie-un-hub-pour-lintegration-africaine\/#primaryimage"},"thumbnailUrl":"https:\/\/lasentinelle.dz\/wp-content\/uploads\/2025\/08\/Amadou-Diagne.jpg","articleSection":["\u00c0 la Une","\u00c9conomie"],"inLanguage":"fr-FR","potentialAction":[{"@type":"CommentAction","name":"Comment","target":["https:\/\/lasentinelle.dz\/index.php\/2025\/08\/25\/4e-iatf-lalgerie-un-hub-pour-lintegration-africaine\/#respond"]}]},{"@type":"WebPage","@id":"https:\/\/lasentinelle.dz\/index.php\/2025\/08\/25\/4e-iatf-lalgerie-un-hub-pour-lintegration-africaine\/","url":"https:\/\/lasentinelle.dz\/index.php\/2025\/08\/25\/4e-iatf-lalgerie-un-hub-pour-lintegration-africaine\/","name":"4e IATF\u00a0: L&rsquo;Alg\u00e9rie, un hub pour l&rsquo;int\u00e9gration africaine - La Sentinelle","isPartOf":{"@id":"https:\/\/lasentinelle.dz\/#website"},"primaryImageOfPage":{"@id":"https:\/\/lasentinelle.dz\/index.php\/2025\/08\/25\/4e-iatf-lalgerie-un-hub-pour-lintegration-africaine\/#primaryimage"},"image":{"@id":"https:\/\/lasentinelle.dz\/index.php\/2025\/08\/25\/4e-iatf-lalgerie-un-hub-pour-lintegration-africaine\/#primaryimage"},"thumbnailUrl":"https:\/\/lasentinelle.dz\/wp-content\/uploads\/2025\/08\/Amadou-Diagne.jpg","datePublished":"2025-08-25T12:30:15+00:00","dateModified":"2025-08-25T12:30:17+00:00","breadcrumb":{"@id":"https:\/\/lasentinelle.dz\/index.php\/2025\/08\/25\/4e-iatf-lalgerie-un-hub-pour-lintegration-africaine\/#breadcrumb"},"inLanguage":"fr-FR","potentialAction":[{"@type":"ReadAction","target":["https:\/\/lasentinelle.dz\/index.php\/2025\/08\/25\/4e-iatf-lalgerie-un-hub-pour-lintegration-africaine\/"]}]},{"@type":"ImageObject","inLanguage":"fr-FR","@id":"https:\/\/lasentinelle.dz\/index.php\/2025\/08\/25\/4e-iatf-lalgerie-un-hub-pour-lintegration-africaine\/#primaryimage","url":"https:\/\/lasentinelle.dz\/wp-content\/uploads\/2025\/08\/Amadou-Diagne.jpg","contentUrl":"https:\/\/lasentinelle.dz\/wp-content\/uploads\/2025\/08\/Amadou-Diagne.jpg","width":780,"height":470},{"@type":"BreadcrumbList","@id":"https:\/\/lasentinelle.dz\/index.php\/2025\/08\/25\/4e-iatf-lalgerie-un-hub-pour-lintegration-africaine\/#breadcrumb","itemListElement":[{"@type":"ListItem","position":1,"name":"Accueil","item":"https:\/\/lasentinelle.dz\/"},{"@type":"ListItem","position":2,"name":"4e IATF\u00a0: L&rsquo;Alg\u00e9rie, un hub pour l&rsquo;int\u00e9gration africaine"}]},{"@type":"WebSite","@id":"https:\/\/lasentinelle.dz\/#website","url":"https:\/\/lasentinelle.dz\/","name":"La Sentinelle","description":"Quotidien national d&#039;information","publisher":{"@id":"https:\/\/lasentinelle.dz\/#organization"},"potentialAction":[{"@type":"SearchAction","target":{"@type":"EntryPoint","urlTemplate":"https:\/\/lasentinelle.dz\/?s={search_term_string}"},"query-input":{"@type":"PropertyValueSpecification","valueRequired":true,"valueName":"search_term_string"}}],"inLanguage":"fr-FR"},{"@type":"Organization","@id":"https:\/\/lasentinelle.dz\/#organization","name":"Quotidien La Sentinelle","url":"https:\/\/lasentinelle.dz\/","logo":{"@type":"ImageObject","inLanguage":"fr-FR","@id":"https:\/\/lasentinelle.dz\/#\/schema\/logo\/image\/","url":"https:\/\/lasentinelle.dz\/wp-content\/uploads\/2021\/09\/logo-sentinelleSLOGAN-1.png","contentUrl":"https:\/\/lasentinelle.dz\/wp-content\/uploads\/2021\/09\/logo-sentinelleSLOGAN-1.png","width":615,"height":142,"caption":"Quotidien La Sentinelle"},"image":{"@id":"https:\/\/lasentinelle.dz\/#\/schema\/logo\/image\/"},"sameAs":["https:\/\/www.facebook.com\/La-Sentinelle-104059864394773"]},{"@type":"Person","@id":"https:\/\/lasentinelle.dz\/#\/schema\/person\/729ee0024f24e0b8c5ec17232f8e8b41","name":"admin","image":{"@type":"ImageObject","inLanguage":"fr-FR","@id":"https:\/\/secure.gravatar.com\/avatar\/4c81fed838786e9b53f540bf46533e750f5d292099ae3b66cfc6fb1982e29df7?s=96&d=mm&r=g","url":"https:\/\/secure.gravatar.com\/avatar\/4c81fed838786e9b53f540bf46533e750f5d292099ae3b66cfc6fb1982e29df7?s=96&d=mm&r=g","contentUrl":"https:\/\/secure.gravatar.com\/avatar\/4c81fed838786e9b53f540bf46533e750f5d292099ae3b66cfc6fb1982e29df7?s=96&d=mm&r=g","caption":"admin"},"description":"admin","url":"https:\/\/lasentinelle.dz\/author\/admin\/"}]}},"_links":{"self":[{"href":"https:\/\/lasentinelle.dz\/index.php\/wp-json\/wp\/v2\/posts\/72380","targetHints":{"allow":["GET"]}}],"collection":[{"href":"https:\/\/lasentinelle.dz\/index.php\/wp-json\/wp\/v2\/posts"}],"about":[{"href":"https:\/\/lasentinelle.dz\/index.php\/wp-json\/wp\/v2\/types\/post"}],"author":[{"embeddable":true,"href":"https:\/\/lasentinelle.dz\/index.php\/wp-json\/wp\/v2\/users\/6"}],"replies":[{"embeddable":true,"href":"https:\/\/lasentinelle.dz\/index.php\/wp-json\/wp\/v2\/comments?post=72380"}],"version-history":[{"count":2,"href":"https:\/\/lasentinelle.dz\/index.php\/wp-json\/wp\/v2\/posts\/72380\/revisions"}],"predecessor-version":[{"id":72383,"href":"https:\/\/lasentinelle.dz\/index.php\/wp-json\/wp\/v2\/posts\/72380\/revisions\/72383"}],"wp:featuredmedia":[{"embeddable":true,"href":"https:\/\/lasentinelle.dz\/index.php\/wp-json\/wp\/v2\/media\/72381"}],"wp:attachment":[{"href":"https:\/\/lasentinelle.dz\/index.php\/wp-json\/wp\/v2\/media?parent=72380"}],"wp:term":[{"taxonomy":"category","embeddable":true,"href":"https:\/\/lasentinelle.dz\/index.php\/wp-json\/wp\/v2\/categories?post=72380"},{"taxonomy":"post_tag","embeddable":true,"href":"https:\/\/lasentinelle.dz\/index.php\/wp-json\/wp\/v2\/tags?post=72380"}],"curies":[{"name":"wp","href":"https:\/\/api.w.org\/{rel}","templated":true}]}}