{"id":7241,"date":"2021-09-11T00:01:00","date_gmt":"2021-09-10T23:01:00","guid":{"rendered":"https:\/\/lasentinelle.dz\/?p=7241"},"modified":"2021-09-10T16:10:30","modified_gmt":"2021-09-10T15:10:30","slug":"palestine-nouvelles-arrestations-de-proches-des-evades-de-la-prison-gilboa","status":"publish","type":"post","link":"https:\/\/lasentinelle.dz\/index.php\/2021\/09\/11\/palestine-nouvelles-arrestations-de-proches-des-evades-de-la-prison-gilboa\/","title":{"rendered":"Palestine : Nouvelles arrestations de proches des \u00e9vad\u00e9s de la prison Gilboa"},"content":{"rendered":"\n<p>L&rsquo;arm\u00e9e d&rsquo;occupation isra\u00e9lienne a proc\u00e9d\u00e9 hier en Cisjordanie occup\u00e9e \u00e0 de nouvelles arrestations de proches de six Palestiniens qui sont toujours en fuite apr\u00e8s leur \u00e9vasion d&rsquo;une prison de l&rsquo;entit\u00e9 sioniste, a indiqu\u00e9 un organisme de d\u00e9fense des d\u00e9tenus.<\/p>\n\n\n\n<p>Les forces d&rsquo;occupation isra\u00e9liennes ont d\u00e9ploy\u00e9 des renforts en Cisjordanie et m\u00e8nent une vaste chasse \u00e0 l&rsquo;homme depuis l&rsquo;\u00e9vasion lundi de ces Palestiniens, via un tunnel creus\u00e9 dans la prison de haute s\u00e9curit\u00e9 de Gilboa (nord).<\/p>\n\n\n\n<p>Deux fr\u00e8res et une soeur de Mahmoud Ardah, \u00e9crou\u00e9 depuis 1996, condamn\u00e9 \u00e0 perp\u00e9tuit\u00e9 et pr\u00e9sent\u00e9 par des m\u00e9dias locaux comme le cerveau de l&rsquo;\u00e9vasion, ont \u00e9t\u00e9 arr\u00eat\u00e9s hier matin par les forces d&rsquo;occupation dans le village d&rsquo;Arraba pr\u00e8s de J\u00e9nine, dans le nord de la Cisjordanie, a indiqu\u00e9 le Club des prisonniers palestiniens.D&rsquo;autres proches des fugitifs, tous originaires du secteur de J\u00e9nine, avaient \u00e9t\u00e9 appr\u00e9hend\u00e9s mercredi et sont maintenus en d\u00e9tention, d&rsquo;apr\u00e8s l&rsquo;association palestinienne.<\/p>\n\n\n\n<p>Ceux-ci sont devenus des \u00ab\u00a0h\u00e9ros\u00a0\u00bb dans les Territoires palestiniens, o\u00f9 des manifestations de soutien devaient de nouveau avoir lieu hier. Ces derniers jours, des rassemblements similaires ont \u00e9t\u00e9 \u00e9maill\u00e9s de heurts avec les forces d&rsquo;occupation.<\/p>\n\n\n\n<p>Par ailleurs et selon l\u2019agence de presse palestinienne Wafa, la tension r\u00e8gne au sein des ge\u00f4les de l\u2019occupation, apr\u00e8s les mesures punitives prises contre les prisonniers palestiniens et la pr\u00e9sence des forces de repressions dans les cellules. Selon Wafa qui cite le club du prisonnier palestinien, les forces de repressions isra\u00e9liennes continuent d\u2019envahir les cellules dans les ge\u00f4les de l\u2019occupation, notant que 60 prisonniers ont \u00e9t\u00e9 transf\u00e9r\u00e9s aux autres prisons isra\u00e9liennes.<\/p>\n\n\n\n<p>Dans la prison d\u2019Askalan, l\u2019occupation a plac\u00e9 plusieurs prisonniers \u00e0 l\u2019isolement.Wafa rappelle que l\u2019occupation a impos\u00e9 plusieurs mesures abusives contre les prisonniers dans la prison de \u2018Gilboa\u2019.4650 prisonniers palestiniens croupissent actuellement dans les ge\u00f4les de l\u2019occupation.<\/p>\n\n\n\n<p>R.I.<\/p>\n","protected":false},"excerpt":{"rendered":"<p>L&rsquo;arm\u00e9e d&rsquo;occupation isra\u00e9lienne a proc\u00e9d\u00e9 hier en Cisjordanie occup\u00e9e \u00e0 de nouvelles arrestations de proches de six Palestiniens qui sont<\/p>\n","protected":false},"author":3,"featured_media":7250,"comment_status":"open","ping_status":"closed","sticky":false,"template":"","format":"standard","meta":{"colormag_page_container_layout":"default_layout","colormag_page_sidebar_layout":"default_layout","om_disable_all_campaigns":false,"_monsterinsights_skip_tracking":false,"_monsterinsights_sitenote_active":false,"_monsterinsights_sitenote_note":"","_monsterinsights_sitenote_category":0,"footnotes":"","_wpscppro_dont_share_socialmedia":false,"_wpscppro_custom_social_share_image":0,"_facebook_share_type":"","_twitter_share_type":"","_linkedin_share_type":"","_pinterest_share_type":"","_linkedin_share_type_page":"","_instagram_share_type":"","_medium_share_type":"","_threads_share_type":"","_google_business_share_type":"","_selected_social_profile":[],"_wpsp_enable_custom_social_template":false,"_wpsp_social_scheduling":{"enabled":false,"datetime":null,"platforms":[],"status":"template_only","dateOption":"today","timeOption":"now","customDays":"","customHours":"","customDate":"","customTime":"","schedulingType":"absolute"},"_wpsp_active_default_template":true},"categories":[37],"tags":[],"class_list":["post-7241","post","type-post","status-publish","format-standard","has-post-thumbnail","hentry","category-monde"],"aioseo_notices":[],"yoast_head":"<!-- This site is optimized with the Yoast SEO plugin v27.5 - https:\/\/yoast.com\/product\/yoast-seo-wordpress\/ -->\n<title>Palestine : Nouvelles arrestations de proches des \u00e9vad\u00e9s de la prison Gilboa - La Sentinelle<\/title>\n<meta name=\"robots\" content=\"index, follow, max-snippet:-1, max-image-preview:large, max-video-preview:-1\" \/>\n<link rel=\"canonical\" href=\"https:\/\/lasentinelle.dz\/index.php\/2021\/09\/11\/palestine-nouvelles-arrestations-de-proches-des-evades-de-la-prison-gilboa\/\" \/>\n<meta property=\"og:locale\" content=\"fr_FR\" \/>\n<meta property=\"og:type\" content=\"article\" \/>\n<meta property=\"og:title\" content=\"Palestine : Nouvelles arrestations de proches des \u00e9vad\u00e9s de la prison Gilboa - La Sentinelle\" \/>\n<meta property=\"og:description\" content=\"L&rsquo;arm\u00e9e d&rsquo;occupation isra\u00e9lienne a proc\u00e9d\u00e9 hier en Cisjordanie occup\u00e9e \u00e0 de nouvelles arrestations de proches de six Palestiniens qui sont\" \/>\n<meta property=\"og:url\" content=\"https:\/\/lasentinelle.dz\/index.php\/2021\/09\/11\/palestine-nouvelles-arrestations-de-proches-des-evades-de-la-prison-gilboa\/\" \/>\n<meta property=\"og:site_name\" content=\"La Sentinelle\" \/>\n<meta property=\"article:publisher\" content=\"https:\/\/www.facebook.com\/La-Sentinelle-104059864394773\" \/>\n<meta property=\"article:published_time\" content=\"2021-09-10T23:01:00+00:00\" \/>\n<meta property=\"og:image\" content=\"https:\/\/lasentinelle.dz\/wp-content\/uploads\/2021\/09\/image_2021-09-10_160930-1024x640.png\" \/>\n\t<meta property=\"og:image:width\" content=\"1024\" \/>\n\t<meta property=\"og:image:height\" content=\"640\" \/>\n\t<meta property=\"og:image:type\" content=\"image\/png\" \/>\n<meta name=\"author\" content=\"La Sentinelle\" \/>\n<meta name=\"twitter:card\" content=\"summary_large_image\" \/>\n<meta name=\"twitter:label1\" content=\"\u00c9crit par\" \/>\n\t<meta name=\"twitter:data1\" content=\"La Sentinelle\" \/>\n\t<meta name=\"twitter:label2\" content=\"Dur\u00e9e de lecture estim\u00e9e\" \/>\n\t<meta name=\"twitter:data2\" content=\"2 minutes\" \/>\n<script type=\"application\/ld+json\" class=\"yoast-schema-graph\">{\"@context\":\"https:\\\/\\\/schema.org\",\"@graph\":[{\"@type\":\"Article\",\"@id\":\"https:\\\/\\\/lasentinelle.dz\\\/index.php\\\/2021\\\/09\\\/11\\\/palestine-nouvelles-arrestations-de-proches-des-evades-de-la-prison-gilboa\\\/#article\",\"isPartOf\":{\"@id\":\"https:\\\/\\\/lasentinelle.dz\\\/index.php\\\/2021\\\/09\\\/11\\\/palestine-nouvelles-arrestations-de-proches-des-evades-de-la-prison-gilboa\\\/\"},\"author\":{\"name\":\"La Sentinelle\",\"@id\":\"https:\\\/\\\/lasentinelle.dz\\\/#\\\/schema\\\/person\\\/d865044e22e70a75174ce8bcad3acfb3\"},\"headline\":\"Palestine : Nouvelles arrestations de proches des \u00e9vad\u00e9s de la prison Gilboa\",\"datePublished\":\"2021-09-10T23:01:00+00:00\",\"mainEntityOfPage\":{\"@id\":\"https:\\\/\\\/lasentinelle.dz\\\/index.php\\\/2021\\\/09\\\/11\\\/palestine-nouvelles-arrestations-de-proches-des-evades-de-la-prison-gilboa\\\/\"},\"wordCount\":361,\"commentCount\":0,\"publisher\":{\"@id\":\"https:\\\/\\\/lasentinelle.dz\\\/#organization\"},\"image\":{\"@id\":\"https:\\\/\\\/lasentinelle.dz\\\/index.php\\\/2021\\\/09\\\/11\\\/palestine-nouvelles-arrestations-de-proches-des-evades-de-la-prison-gilboa\\\/#primaryimage\"},\"thumbnailUrl\":\"https:\\\/\\\/lasentinelle.dz\\\/wp-content\\\/uploads\\\/2021\\\/09\\\/image_2021-09-10_160930.png\",\"articleSection\":[\"Monde\"],\"inLanguage\":\"fr-FR\",\"potentialAction\":[{\"@type\":\"CommentAction\",\"name\":\"Comment\",\"target\":[\"https:\\\/\\\/lasentinelle.dz\\\/index.php\\\/2021\\\/09\\\/11\\\/palestine-nouvelles-arrestations-de-proches-des-evades-de-la-prison-gilboa\\\/#respond\"]}]},{\"@type\":\"WebPage\",\"@id\":\"https:\\\/\\\/lasentinelle.dz\\\/index.php\\\/2021\\\/09\\\/11\\\/palestine-nouvelles-arrestations-de-proches-des-evades-de-la-prison-gilboa\\\/\",\"url\":\"https:\\\/\\\/lasentinelle.dz\\\/index.php\\\/2021\\\/09\\\/11\\\/palestine-nouvelles-arrestations-de-proches-des-evades-de-la-prison-gilboa\\\/\",\"name\":\"Palestine : Nouvelles arrestations de proches des \u00e9vad\u00e9s de la prison Gilboa - La Sentinelle\",\"isPartOf\":{\"@id\":\"https:\\\/\\\/lasentinelle.dz\\\/#website\"},\"primaryImageOfPage\":{\"@id\":\"https:\\\/\\\/lasentinelle.dz\\\/index.php\\\/2021\\\/09\\\/11\\\/palestine-nouvelles-arrestations-de-proches-des-evades-de-la-prison-gilboa\\\/#primaryimage\"},\"image\":{\"@id\":\"https:\\\/\\\/lasentinelle.dz\\\/index.php\\\/2021\\\/09\\\/11\\\/palestine-nouvelles-arrestations-de-proches-des-evades-de-la-prison-gilboa\\\/#primaryimage\"},\"thumbnailUrl\":\"https:\\\/\\\/lasentinelle.dz\\\/wp-content\\\/uploads\\\/2021\\\/09\\\/image_2021-09-10_160930.png\",\"datePublished\":\"2021-09-10T23:01:00+00:00\",\"breadcrumb\":{\"@id\":\"https:\\\/\\\/lasentinelle.dz\\\/index.php\\\/2021\\\/09\\\/11\\\/palestine-nouvelles-arrestations-de-proches-des-evades-de-la-prison-gilboa\\\/#breadcrumb\"},\"inLanguage\":\"fr-FR\",\"potentialAction\":[{\"@type\":\"ReadAction\",\"target\":[\"https:\\\/\\\/lasentinelle.dz\\\/index.php\\\/2021\\\/09\\\/11\\\/palestine-nouvelles-arrestations-de-proches-des-evades-de-la-prison-gilboa\\\/\"]}]},{\"@type\":\"ImageObject\",\"inLanguage\":\"fr-FR\",\"@id\":\"https:\\\/\\\/lasentinelle.dz\\\/index.php\\\/2021\\\/09\\\/11\\\/palestine-nouvelles-arrestations-de-proches-des-evades-de-la-prison-gilboa\\\/#primaryimage\",\"url\":\"https:\\\/\\\/lasentinelle.dz\\\/wp-content\\\/uploads\\\/2021\\\/09\\\/image_2021-09-10_160930.png\",\"contentUrl\":\"https:\\\/\\\/lasentinelle.dz\\\/wp-content\\\/uploads\\\/2021\\\/09\\\/image_2021-09-10_160930.png\",\"width\":2048,\"height\":1280},{\"@type\":\"BreadcrumbList\",\"@id\":\"https:\\\/\\\/lasentinelle.dz\\\/index.php\\\/2021\\\/09\\\/11\\\/palestine-nouvelles-arrestations-de-proches-des-evades-de-la-prison-gilboa\\\/#breadcrumb\",\"itemListElement\":[{\"@type\":\"ListItem\",\"position\":1,\"name\":\"Accueil\",\"item\":\"https:\\\/\\\/lasentinelle.dz\\\/\"},{\"@type\":\"ListItem\",\"position\":2,\"name\":\"Palestine : Nouvelles arrestations de proches des \u00e9vad\u00e9s de la prison Gilboa\"}]},{\"@type\":\"WebSite\",\"@id\":\"https:\\\/\\\/lasentinelle.dz\\\/#website\",\"url\":\"https:\\\/\\\/lasentinelle.dz\\\/\",\"name\":\"La Sentinelle\",\"description\":\"Quotidien national d&#039;information\",\"publisher\":{\"@id\":\"https:\\\/\\\/lasentinelle.dz\\\/#organization\"},\"potentialAction\":[{\"@type\":\"SearchAction\",\"target\":{\"@type\":\"EntryPoint\",\"urlTemplate\":\"https:\\\/\\\/lasentinelle.dz\\\/?s={search_term_string}\"},\"query-input\":{\"@type\":\"PropertyValueSpecification\",\"valueRequired\":true,\"valueName\":\"search_term_string\"}}],\"inLanguage\":\"fr-FR\"},{\"@type\":\"Organization\",\"@id\":\"https:\\\/\\\/lasentinelle.dz\\\/#organization\",\"name\":\"Quotidien La Sentinelle\",\"url\":\"https:\\\/\\\/lasentinelle.dz\\\/\",\"logo\":{\"@type\":\"ImageObject\",\"inLanguage\":\"fr-FR\",\"@id\":\"https:\\\/\\\/lasentinelle.dz\\\/#\\\/schema\\\/logo\\\/image\\\/\",\"url\":\"https:\\\/\\\/lasentinelle.dz\\\/wp-content\\\/uploads\\\/2021\\\/09\\\/logo-sentinelleSLOGAN-1.png\",\"contentUrl\":\"https:\\\/\\\/lasentinelle.dz\\\/wp-content\\\/uploads\\\/2021\\\/09\\\/logo-sentinelleSLOGAN-1.png\",\"width\":615,\"height\":142,\"caption\":\"Quotidien La Sentinelle\"},\"image\":{\"@id\":\"https:\\\/\\\/lasentinelle.dz\\\/#\\\/schema\\\/logo\\\/image\\\/\"},\"sameAs\":[\"https:\\\/\\\/www.facebook.com\\\/La-Sentinelle-104059864394773\"]},{\"@type\":\"Person\",\"@id\":\"https:\\\/\\\/lasentinelle.dz\\\/#\\\/schema\\\/person\\\/d865044e22e70a75174ce8bcad3acfb3\",\"name\":\"La Sentinelle\",\"image\":{\"@type\":\"ImageObject\",\"inLanguage\":\"fr-FR\",\"@id\":\"https:\\\/\\\/secure.gravatar.com\\\/avatar\\\/57de8e5d4b15d43fb361a71fbb36338450fe67865b528a43dd10ef7c51a20392?s=96&d=mm&r=g\",\"url\":\"https:\\\/\\\/secure.gravatar.com\\\/avatar\\\/57de8e5d4b15d43fb361a71fbb36338450fe67865b528a43dd10ef7c51a20392?s=96&d=mm&r=g\",\"contentUrl\":\"https:\\\/\\\/secure.gravatar.com\\\/avatar\\\/57de8e5d4b15d43fb361a71fbb36338450fe67865b528a43dd10ef7c51a20392?s=96&d=mm&r=g\",\"caption\":\"La Sentinelle\"},\"sameAs\":[\"http:\\\/\\\/www.lasentinelle.dz\"],\"url\":\"https:\\\/\\\/lasentinelle.dz\\\/author\\\/redaction\\\/\"}]}<\/script>\n<!-- \/ Yoast SEO plugin. -->","yoast_head_json":{"title":"Palestine : Nouvelles arrestations de proches des \u00e9vad\u00e9s de la prison Gilboa - La Sentinelle","robots":{"index":"index","follow":"follow","max-snippet":"max-snippet:-1","max-image-preview":"max-image-preview:large","max-video-preview":"max-video-preview:-1"},"canonical":"https:\/\/lasentinelle.dz\/index.php\/2021\/09\/11\/palestine-nouvelles-arrestations-de-proches-des-evades-de-la-prison-gilboa\/","og_locale":"fr_FR","og_type":"article","og_title":"Palestine : Nouvelles arrestations de proches des \u00e9vad\u00e9s de la prison Gilboa - La Sentinelle","og_description":"L&rsquo;arm\u00e9e d&rsquo;occupation isra\u00e9lienne a proc\u00e9d\u00e9 hier en Cisjordanie occup\u00e9e \u00e0 de nouvelles arrestations de proches de six Palestiniens qui sont","og_url":"https:\/\/lasentinelle.dz\/index.php\/2021\/09\/11\/palestine-nouvelles-arrestations-de-proches-des-evades-de-la-prison-gilboa\/","og_site_name":"La Sentinelle","article_publisher":"https:\/\/www.facebook.com\/La-Sentinelle-104059864394773","article_published_time":"2021-09-10T23:01:00+00:00","og_image":[{"width":1024,"height":640,"url":"https:\/\/lasentinelle.dz\/wp-content\/uploads\/2021\/09\/image_2021-09-10_160930-1024x640.png","type":"image\/png"}],"author":"La Sentinelle","twitter_card":"summary_large_image","twitter_misc":{"\u00c9crit par":"La Sentinelle","Dur\u00e9e de lecture estim\u00e9e":"2 minutes"},"schema":{"@context":"https:\/\/schema.org","@graph":[{"@type":"Article","@id":"https:\/\/lasentinelle.dz\/index.php\/2021\/09\/11\/palestine-nouvelles-arrestations-de-proches-des-evades-de-la-prison-gilboa\/#article","isPartOf":{"@id":"https:\/\/lasentinelle.dz\/index.php\/2021\/09\/11\/palestine-nouvelles-arrestations-de-proches-des-evades-de-la-prison-gilboa\/"},"author":{"name":"La Sentinelle","@id":"https:\/\/lasentinelle.dz\/#\/schema\/person\/d865044e22e70a75174ce8bcad3acfb3"},"headline":"Palestine : Nouvelles arrestations de proches des \u00e9vad\u00e9s de la prison Gilboa","datePublished":"2021-09-10T23:01:00+00:00","mainEntityOfPage":{"@id":"https:\/\/lasentinelle.dz\/index.php\/2021\/09\/11\/palestine-nouvelles-arrestations-de-proches-des-evades-de-la-prison-gilboa\/"},"wordCount":361,"commentCount":0,"publisher":{"@id":"https:\/\/lasentinelle.dz\/#organization"},"image":{"@id":"https:\/\/lasentinelle.dz\/index.php\/2021\/09\/11\/palestine-nouvelles-arrestations-de-proches-des-evades-de-la-prison-gilboa\/#primaryimage"},"thumbnailUrl":"https:\/\/lasentinelle.dz\/wp-content\/uploads\/2021\/09\/image_2021-09-10_160930.png","articleSection":["Monde"],"inLanguage":"fr-FR","potentialAction":[{"@type":"CommentAction","name":"Comment","target":["https:\/\/lasentinelle.dz\/index.php\/2021\/09\/11\/palestine-nouvelles-arrestations-de-proches-des-evades-de-la-prison-gilboa\/#respond"]}]},{"@type":"WebPage","@id":"https:\/\/lasentinelle.dz\/index.php\/2021\/09\/11\/palestine-nouvelles-arrestations-de-proches-des-evades-de-la-prison-gilboa\/","url":"https:\/\/lasentinelle.dz\/index.php\/2021\/09\/11\/palestine-nouvelles-arrestations-de-proches-des-evades-de-la-prison-gilboa\/","name":"Palestine : Nouvelles arrestations de proches des \u00e9vad\u00e9s de la prison Gilboa - La Sentinelle","isPartOf":{"@id":"https:\/\/lasentinelle.dz\/#website"},"primaryImageOfPage":{"@id":"https:\/\/lasentinelle.dz\/index.php\/2021\/09\/11\/palestine-nouvelles-arrestations-de-proches-des-evades-de-la-prison-gilboa\/#primaryimage"},"image":{"@id":"https:\/\/lasentinelle.dz\/index.php\/2021\/09\/11\/palestine-nouvelles-arrestations-de-proches-des-evades-de-la-prison-gilboa\/#primaryimage"},"thumbnailUrl":"https:\/\/lasentinelle.dz\/wp-content\/uploads\/2021\/09\/image_2021-09-10_160930.png","datePublished":"2021-09-10T23:01:00+00:00","breadcrumb":{"@id":"https:\/\/lasentinelle.dz\/index.php\/2021\/09\/11\/palestine-nouvelles-arrestations-de-proches-des-evades-de-la-prison-gilboa\/#breadcrumb"},"inLanguage":"fr-FR","potentialAction":[{"@type":"ReadAction","target":["https:\/\/lasentinelle.dz\/index.php\/2021\/09\/11\/palestine-nouvelles-arrestations-de-proches-des-evades-de-la-prison-gilboa\/"]}]},{"@type":"ImageObject","inLanguage":"fr-FR","@id":"https:\/\/lasentinelle.dz\/index.php\/2021\/09\/11\/palestine-nouvelles-arrestations-de-proches-des-evades-de-la-prison-gilboa\/#primaryimage","url":"https:\/\/lasentinelle.dz\/wp-content\/uploads\/2021\/09\/image_2021-09-10_160930.png","contentUrl":"https:\/\/lasentinelle.dz\/wp-content\/uploads\/2021\/09\/image_2021-09-10_160930.png","width":2048,"height":1280},{"@type":"BreadcrumbList","@id":"https:\/\/lasentinelle.dz\/index.php\/2021\/09\/11\/palestine-nouvelles-arrestations-de-proches-des-evades-de-la-prison-gilboa\/#breadcrumb","itemListElement":[{"@type":"ListItem","position":1,"name":"Accueil","item":"https:\/\/lasentinelle.dz\/"},{"@type":"ListItem","position":2,"name":"Palestine : Nouvelles arrestations de proches des \u00e9vad\u00e9s de la prison Gilboa"}]},{"@type":"WebSite","@id":"https:\/\/lasentinelle.dz\/#website","url":"https:\/\/lasentinelle.dz\/","name":"La Sentinelle","description":"Quotidien national d&#039;information","publisher":{"@id":"https:\/\/lasentinelle.dz\/#organization"},"potentialAction":[{"@type":"SearchAction","target":{"@type":"EntryPoint","urlTemplate":"https:\/\/lasentinelle.dz\/?s={search_term_string}"},"query-input":{"@type":"PropertyValueSpecification","valueRequired":true,"valueName":"search_term_string"}}],"inLanguage":"fr-FR"},{"@type":"Organization","@id":"https:\/\/lasentinelle.dz\/#organization","name":"Quotidien La Sentinelle","url":"https:\/\/lasentinelle.dz\/","logo":{"@type":"ImageObject","inLanguage":"fr-FR","@id":"https:\/\/lasentinelle.dz\/#\/schema\/logo\/image\/","url":"https:\/\/lasentinelle.dz\/wp-content\/uploads\/2021\/09\/logo-sentinelleSLOGAN-1.png","contentUrl":"https:\/\/lasentinelle.dz\/wp-content\/uploads\/2021\/09\/logo-sentinelleSLOGAN-1.png","width":615,"height":142,"caption":"Quotidien La Sentinelle"},"image":{"@id":"https:\/\/lasentinelle.dz\/#\/schema\/logo\/image\/"},"sameAs":["https:\/\/www.facebook.com\/La-Sentinelle-104059864394773"]},{"@type":"Person","@id":"https:\/\/lasentinelle.dz\/#\/schema\/person\/d865044e22e70a75174ce8bcad3acfb3","name":"La Sentinelle","image":{"@type":"ImageObject","inLanguage":"fr-FR","@id":"https:\/\/secure.gravatar.com\/avatar\/57de8e5d4b15d43fb361a71fbb36338450fe67865b528a43dd10ef7c51a20392?s=96&d=mm&r=g","url":"https:\/\/secure.gravatar.com\/avatar\/57de8e5d4b15d43fb361a71fbb36338450fe67865b528a43dd10ef7c51a20392?s=96&d=mm&r=g","contentUrl":"https:\/\/secure.gravatar.com\/avatar\/57de8e5d4b15d43fb361a71fbb36338450fe67865b528a43dd10ef7c51a20392?s=96&d=mm&r=g","caption":"La Sentinelle"},"sameAs":["http:\/\/www.lasentinelle.dz"],"url":"https:\/\/lasentinelle.dz\/author\/redaction\/"}]}},"_links":{"self":[{"href":"https:\/\/lasentinelle.dz\/index.php\/wp-json\/wp\/v2\/posts\/7241","targetHints":{"allow":["GET"]}}],"collection":[{"href":"https:\/\/lasentinelle.dz\/index.php\/wp-json\/wp\/v2\/posts"}],"about":[{"href":"https:\/\/lasentinelle.dz\/index.php\/wp-json\/wp\/v2\/types\/post"}],"author":[{"embeddable":true,"href":"https:\/\/lasentinelle.dz\/index.php\/wp-json\/wp\/v2\/users\/3"}],"replies":[{"embeddable":true,"href":"https:\/\/lasentinelle.dz\/index.php\/wp-json\/wp\/v2\/comments?post=7241"}],"version-history":[{"count":1,"href":"https:\/\/lasentinelle.dz\/index.php\/wp-json\/wp\/v2\/posts\/7241\/revisions"}],"predecessor-version":[{"id":7251,"href":"https:\/\/lasentinelle.dz\/index.php\/wp-json\/wp\/v2\/posts\/7241\/revisions\/7251"}],"wp:featuredmedia":[{"embeddable":true,"href":"https:\/\/lasentinelle.dz\/index.php\/wp-json\/wp\/v2\/media\/7250"}],"wp:attachment":[{"href":"https:\/\/lasentinelle.dz\/index.php\/wp-json\/wp\/v2\/media?parent=7241"}],"wp:term":[{"taxonomy":"category","embeddable":true,"href":"https:\/\/lasentinelle.dz\/index.php\/wp-json\/wp\/v2\/categories?post=7241"},{"taxonomy":"post_tag","embeddable":true,"href":"https:\/\/lasentinelle.dz\/index.php\/wp-json\/wp\/v2\/tags?post=7241"}],"curies":[{"name":"wp","href":"https:\/\/api.w.org\/{rel}","templated":true}]}}