{"id":725,"date":"2021-06-05T12:04:00","date_gmt":"2021-06-05T11:04:00","guid":{"rendered":"https:\/\/lasentinelle.dz\/?p=725"},"modified":"2021-06-05T13:08:30","modified_gmt":"2021-06-05T12:08:30","slug":"politique-economique-subvention-partenariats-tordre-le-cou-aux-idees-recues","status":"publish","type":"post","link":"https:\/\/lasentinelle.dz\/index.php\/2021\/06\/05\/politique-economique-subvention-partenariats-tordre-le-cou-aux-idees-recues\/","title":{"rendered":"Politique \u00e9conomique, subvention, partenariats : Tordre le cou aux id\u00e9es re\u00e7ues"},"content":{"rendered":"\n<p><\/p>\n\n\n\n<p>Le pr\u00e9sident de la R\u00e9publique a tordu le cou \u00e0 certaines id\u00e9es re\u00e7ues sur le climat des affaires en Alg\u00e9rie.&nbsp; Des politiques \u00e9conomiques, \u00e0 la r\u00e9vision du syst\u00e8me des subventions en passant par la lutte contre la bureaucratie et la corruption, Abdelmadjid Tebboune ass\u00e8ne des v\u00e9rit\u00e9s dans l\u2019entretien qu\u2019il a accord\u00e9 \u00e0 l\u2019hebdomadaire fran\u00e7ais \u00ab Le Point \u00bb. L\u2019Alg\u00e9rie est loin d\u2019\u00eatre un pays \u00e0 l\u2019arr\u00eat. Malgr\u00e9 quelques blocages et le besoin pressant de r\u00e9formes, l\u2019Alg\u00e9rie est un pays ouvert aux investisseurs, pour peu que ceux-ci soient effectifs, cr\u00e9ent de la valeur ajout\u00e9e et de l\u2019emploi et que les acteurs \u00e9conomiques prennent en consid\u00e9ration la demande sociale exprim\u00e9e. C\u2019est ainsi que le Pr\u00e9sident Tebboune remet en cause la vision tronqu\u00e9e du Doing Business. \u00ab La logique du Doing business instaure certains param\u00e8tres pour capter les investissements directs \u00e9trangers. Parce que les op\u00e9rateurs investissent l\u00e0 o\u00f9 il y a le minimum d\u2019\u00c9tat. Certains pays l\u2019acceptent, \u00e0 d\u00e9faut d\u2019avoir d\u2019autres moyens de cr\u00e9ation d\u2019emplois, devenant presque des protectorats d\u2019autres pays, o\u00f9 on peut, par exemple, prohiber l\u2019action syndicale \u00bb, indique le Chef de l\u2019Etat. Celui-ci tient d\u2019ailleurs \u00e0 mettre en avant le fait que l\u2019Alg\u00e9rie est diff\u00e9rente de par ses exigences et les opportunit\u00e9s qu\u2019elle offre aux investisseurs. \u00ab En Alg\u00e9rie, c\u2019est impossible. Il y a une demande d\u2019\u00c9tat et de protection sociale assez forte. Ce n\u2019est pas tr\u00e8s attractif. Mais quand il s\u2019agit d\u2019investir dans les hydrocarbures, cela ne g\u00eane personne. Ajoutez \u00e0 cela un pays solvable non endett\u00e9 et qui compte 45 millions de consommateurs \u00bb. Et c\u2019est d\u2019ailleurs dans ce contexte qu\u2019il fait un pied de nez \u00e0 la vision du partenariat promue en Occident, notamment en France. Il fait le point sur certains projets de partenariat alg\u00e9ro-fran\u00e7ais et ajoute que les relations \u00ab ne se construisent pas de souverain \u00e0 suzerain, mais d&rsquo;\u00e9gal \u00e0 \u00e9gal \u00bb. \u00ab Vous avez des int\u00e9r\u00eats que nous reconnaissons, que vous d\u00e9fendez, et nous avons des int\u00e9r\u00eats que nous devons d\u00e9fendre. Il faut sortir du mythe que les investisseurs fran\u00e7ais ont \u00e9t\u00e9 malheureux en Alg\u00e9rie \u00bb, ass\u00e8ne-t-il.<\/p>\n\n\n\n<p>Et c\u2019est justement \u00e0 cette image d\u2019investisseurs et d\u2019acteurs \u00e9conomiques \u00ab malheureux \u00bb en Alg\u00e9rie que le pr\u00e9sident de la R\u00e9publique s\u2019attaque. Il r\u00e9fute l\u2019id\u00e9e selon laquelle les proc\u00e8s pour corruption des oligarques du r\u00e9gime bouteflik\u00e9en auraient induit des blocages, un traumatisme au sein des milieux d\u2019affaires, des banques et de l\u2019administration. Abdelmadjid Tebboune dira sans ambages que des garanties ont \u00e9t\u00e9 donn\u00e9es aux op\u00e9rateurs \u00e9conomiques et que la justice alg\u00e9rienne n\u2019accuse personne \u00e0 la l\u00e9g\u00e8re. \u00abNous avons d\u00e9j\u00e0 fait plus que le n\u00e9cessaire pour les rassurer. Nous avons r\u00e9uni, \u00e0 deux reprises, les patrons alg\u00e9riens ; nous avons pris des mesures dans les lois de finances. S\u2019ils ont des choses \u00e0 se reprocher, je n\u2019y suis pour rien. La justice a pris tout son temps pour juger ceux qui ont ind\u00fbment touch\u00e9 \u00e0 l\u2019argent public, on n\u2019accuse personne \u00e0 la l\u00e9g\u00e8re \u00bb, dira le Pr\u00e9sident. En termes plus clairs, les acteurs qui n\u2019ont rien \u00e0 se reprocher n\u2019ont rien \u00e0 craindre et peuvent travailleur en toute s\u00e9r\u00e9nit\u00e9. Il faut rappeler dans ce contexte que le Chef de l\u2019\u00c9tat a donn\u00e9 des instructions fermes pour mettre fin au ph\u00e9nom\u00e8ne des d\u00e9nonciations anonymes. Il a exig\u00e9 que les d\u00e9nonciations d\u2019actes de corruption et de faits d\u00e9lictueux soient le fait de personnes identifi\u00e9es, que des mesures soient prises pour prot\u00e9ger les d\u00e9nonciateurs int\u00e8gres.&nbsp; Il faut \u00e9galement noter que le pr\u00e9sident de la R\u00e9publique s\u2019est engag\u00e9 face aux op\u00e9rateurs \u00e9conomiques de revoir les dispositions r\u00e9glementaires, notamment le code de commerce pour d\u00e9p\u00e9naliser l\u2019acte de gestion. La question devrait d\u2019ailleurs \u00eatre tranch\u00e9e par le prochain Parlement.<\/p>\n\n\n\n<p>Enfin, Abdelmadjid Tebboune \u00e9voquera la question des subventions. Il r\u00e9affirme que \u00ab l\u2019Alg\u00e9rie sera un \u00c9tat social ad vitam aeternam, parce que c\u2019est une exigence de ceux qui se sont sacrifi\u00e9s pour ce pays \u00bb. Il estime cependant que le syst\u00e8me des subventions doit \u00eatre r\u00e9vis\u00e9. \u00ab L\u2019\u00c9tat social reste un principe valable pour les classes moyennes et d\u00e9munies, mais les plus riches ne doivent plus \u00eatre concern\u00e9s par les subventions \u00bb. Et de pr\u00e9ciser que \u00ab le projet est en cours d\u2019\u00e9laboration, j\u2019attends l\u2019\u00e9lection des assembl\u00e9es \u2013 Parlement et assembl\u00e9es locales \u2013 pour entamer une r\u00e9flexion nationale, notamment avec les syndicats, le Conseil national \u00e9conomique et social et environnemental et les \u00e9lus \u00bb.<\/p>\n\n\n\n<p><strong>Samira Ghrib<\/strong><\/p>\n","protected":false},"excerpt":{"rendered":"<p>Le pr\u00e9sident de la R\u00e9publique a tordu le cou \u00e0 certaines id\u00e9es re\u00e7ues sur le climat des affaires en Alg\u00e9rie.&nbsp;<\/p>\n","protected":false},"author":3,"featured_media":726,"comment_status":"open","ping_status":"closed","sticky":false,"template":"","format":"standard","meta":{"colormag_page_container_layout":"default_layout","colormag_page_sidebar_layout":"default_layout","om_disable_all_campaigns":false,"_monsterinsights_skip_tracking":false,"_monsterinsights_sitenote_active":false,"_monsterinsights_sitenote_note":"","_monsterinsights_sitenote_category":0,"footnotes":"","_wpscppro_dont_share_socialmedia":false,"_wpscppro_custom_social_share_image":0,"_facebook_share_type":"","_twitter_share_type":"","_linkedin_share_type":"","_pinterest_share_type":"","_linkedin_share_type_page":"","_instagram_share_type":"","_medium_share_type":"","_threads_share_type":"","_google_business_share_type":"","_selected_social_profile":[],"_wpsp_enable_custom_social_template":false,"_wpsp_social_scheduling":{"enabled":false,"datetime":null,"platforms":[],"status":"template_only","dateOption":"today","timeOption":"now","customDays":"","customHours":"","customDate":"","customTime":"","schedulingType":"absolute"},"_wpsp_active_default_template":true},"categories":[52,27],"tags":[],"class_list":["post-725","post","type-post","status-publish","format-standard","has-post-thumbnail","hentry","category-a-la-une","category-actualite"],"aioseo_notices":[],"yoast_head":"<!-- This site is optimized with the Yoast SEO plugin v27.5 - https:\/\/yoast.com\/product\/yoast-seo-wordpress\/ -->\n<title>Politique \u00e9conomique, subvention, partenariats : Tordre le cou aux id\u00e9es re\u00e7ues - La Sentinelle<\/title>\n<meta name=\"robots\" content=\"index, follow, max-snippet:-1, max-image-preview:large, max-video-preview:-1\" \/>\n<link rel=\"canonical\" href=\"https:\/\/lasentinelle.dz\/index.php\/2021\/06\/05\/politique-economique-subvention-partenariats-tordre-le-cou-aux-idees-recues\/\" \/>\n<meta property=\"og:locale\" content=\"fr_FR\" \/>\n<meta property=\"og:type\" content=\"article\" \/>\n<meta property=\"og:title\" content=\"Politique \u00e9conomique, subvention, partenariats : Tordre le cou aux id\u00e9es re\u00e7ues - La Sentinelle\" \/>\n<meta property=\"og:description\" content=\"Le pr\u00e9sident de la R\u00e9publique a tordu le cou \u00e0 certaines id\u00e9es re\u00e7ues sur le climat des affaires en Alg\u00e9rie.&nbsp;\" \/>\n<meta property=\"og:url\" content=\"https:\/\/lasentinelle.dz\/index.php\/2021\/06\/05\/politique-economique-subvention-partenariats-tordre-le-cou-aux-idees-recues\/\" \/>\n<meta property=\"og:site_name\" content=\"La Sentinelle\" \/>\n<meta property=\"article:publisher\" content=\"https:\/\/www.facebook.com\/La-Sentinelle-104059864394773\" \/>\n<meta property=\"article:published_time\" content=\"2021-06-05T11:04:00+00:00\" \/>\n<meta property=\"article:modified_time\" content=\"2021-06-05T12:08:30+00:00\" \/>\n<meta property=\"og:image\" content=\"https:\/\/lasentinelle.dz\/wp-content\/uploads\/2021\/06\/e\u0301conomie-alge\u0301rie.jpeg\" \/>\n\t<meta property=\"og:image:width\" content=\"740\" \/>\n\t<meta property=\"og:image:height\" content=\"462\" \/>\n\t<meta property=\"og:image:type\" content=\"image\/jpeg\" \/>\n<meta name=\"author\" content=\"La Sentinelle\" \/>\n<meta name=\"twitter:card\" content=\"summary_large_image\" \/>\n<meta name=\"twitter:label1\" content=\"\u00c9crit par\" \/>\n\t<meta name=\"twitter:data1\" content=\"La Sentinelle\" \/>\n\t<meta name=\"twitter:label2\" content=\"Dur\u00e9e de lecture estim\u00e9e\" \/>\n\t<meta name=\"twitter:data2\" content=\"4 minutes\" \/>\n<script type=\"application\/ld+json\" class=\"yoast-schema-graph\">{\"@context\":\"https:\\\/\\\/schema.org\",\"@graph\":[{\"@type\":\"Article\",\"@id\":\"https:\\\/\\\/lasentinelle.dz\\\/index.php\\\/2021\\\/06\\\/05\\\/politique-economique-subvention-partenariats-tordre-le-cou-aux-idees-recues\\\/#article\",\"isPartOf\":{\"@id\":\"https:\\\/\\\/lasentinelle.dz\\\/index.php\\\/2021\\\/06\\\/05\\\/politique-economique-subvention-partenariats-tordre-le-cou-aux-idees-recues\\\/\"},\"author\":{\"name\":\"La Sentinelle\",\"@id\":\"https:\\\/\\\/lasentinelle.dz\\\/#\\\/schema\\\/person\\\/d865044e22e70a75174ce8bcad3acfb3\"},\"headline\":\"Politique \u00e9conomique, subvention, partenariats : Tordre le cou aux id\u00e9es re\u00e7ues\",\"datePublished\":\"2021-06-05T11:04:00+00:00\",\"dateModified\":\"2021-06-05T12:08:30+00:00\",\"mainEntityOfPage\":{\"@id\":\"https:\\\/\\\/lasentinelle.dz\\\/index.php\\\/2021\\\/06\\\/05\\\/politique-economique-subvention-partenariats-tordre-le-cou-aux-idees-recues\\\/\"},\"wordCount\":841,\"commentCount\":0,\"publisher\":{\"@id\":\"https:\\\/\\\/lasentinelle.dz\\\/#organization\"},\"image\":{\"@id\":\"https:\\\/\\\/lasentinelle.dz\\\/index.php\\\/2021\\\/06\\\/05\\\/politique-economique-subvention-partenariats-tordre-le-cou-aux-idees-recues\\\/#primaryimage\"},\"thumbnailUrl\":\"https:\\\/\\\/lasentinelle.dz\\\/wp-content\\\/uploads\\\/2021\\\/06\\\/e\u0301conomie-alge\u0301rie.jpeg\",\"articleSection\":[\"\u00c0 la Une\",\"Actualit\u00e9\"],\"inLanguage\":\"fr-FR\",\"potentialAction\":[{\"@type\":\"CommentAction\",\"name\":\"Comment\",\"target\":[\"https:\\\/\\\/lasentinelle.dz\\\/index.php\\\/2021\\\/06\\\/05\\\/politique-economique-subvention-partenariats-tordre-le-cou-aux-idees-recues\\\/#respond\"]}]},{\"@type\":\"WebPage\",\"@id\":\"https:\\\/\\\/lasentinelle.dz\\\/index.php\\\/2021\\\/06\\\/05\\\/politique-economique-subvention-partenariats-tordre-le-cou-aux-idees-recues\\\/\",\"url\":\"https:\\\/\\\/lasentinelle.dz\\\/index.php\\\/2021\\\/06\\\/05\\\/politique-economique-subvention-partenariats-tordre-le-cou-aux-idees-recues\\\/\",\"name\":\"Politique \u00e9conomique, subvention, partenariats : Tordre le cou aux id\u00e9es re\u00e7ues - La Sentinelle\",\"isPartOf\":{\"@id\":\"https:\\\/\\\/lasentinelle.dz\\\/#website\"},\"primaryImageOfPage\":{\"@id\":\"https:\\\/\\\/lasentinelle.dz\\\/index.php\\\/2021\\\/06\\\/05\\\/politique-economique-subvention-partenariats-tordre-le-cou-aux-idees-recues\\\/#primaryimage\"},\"image\":{\"@id\":\"https:\\\/\\\/lasentinelle.dz\\\/index.php\\\/2021\\\/06\\\/05\\\/politique-economique-subvention-partenariats-tordre-le-cou-aux-idees-recues\\\/#primaryimage\"},\"thumbnailUrl\":\"https:\\\/\\\/lasentinelle.dz\\\/wp-content\\\/uploads\\\/2021\\\/06\\\/e\u0301conomie-alge\u0301rie.jpeg\",\"datePublished\":\"2021-06-05T11:04:00+00:00\",\"dateModified\":\"2021-06-05T12:08:30+00:00\",\"breadcrumb\":{\"@id\":\"https:\\\/\\\/lasentinelle.dz\\\/index.php\\\/2021\\\/06\\\/05\\\/politique-economique-subvention-partenariats-tordre-le-cou-aux-idees-recues\\\/#breadcrumb\"},\"inLanguage\":\"fr-FR\",\"potentialAction\":[{\"@type\":\"ReadAction\",\"target\":[\"https:\\\/\\\/lasentinelle.dz\\\/index.php\\\/2021\\\/06\\\/05\\\/politique-economique-subvention-partenariats-tordre-le-cou-aux-idees-recues\\\/\"]}]},{\"@type\":\"ImageObject\",\"inLanguage\":\"fr-FR\",\"@id\":\"https:\\\/\\\/lasentinelle.dz\\\/index.php\\\/2021\\\/06\\\/05\\\/politique-economique-subvention-partenariats-tordre-le-cou-aux-idees-recues\\\/#primaryimage\",\"url\":\"https:\\\/\\\/lasentinelle.dz\\\/wp-content\\\/uploads\\\/2021\\\/06\\\/e\u0301conomie-alge\u0301rie.jpeg\",\"contentUrl\":\"https:\\\/\\\/lasentinelle.dz\\\/wp-content\\\/uploads\\\/2021\\\/06\\\/e\u0301conomie-alge\u0301rie.jpeg\",\"width\":740,\"height\":462},{\"@type\":\"BreadcrumbList\",\"@id\":\"https:\\\/\\\/lasentinelle.dz\\\/index.php\\\/2021\\\/06\\\/05\\\/politique-economique-subvention-partenariats-tordre-le-cou-aux-idees-recues\\\/#breadcrumb\",\"itemListElement\":[{\"@type\":\"ListItem\",\"position\":1,\"name\":\"Accueil\",\"item\":\"https:\\\/\\\/lasentinelle.dz\\\/\"},{\"@type\":\"ListItem\",\"position\":2,\"name\":\"Politique \u00e9conomique, subvention, partenariats : Tordre le cou aux id\u00e9es re\u00e7ues\"}]},{\"@type\":\"WebSite\",\"@id\":\"https:\\\/\\\/lasentinelle.dz\\\/#website\",\"url\":\"https:\\\/\\\/lasentinelle.dz\\\/\",\"name\":\"La Sentinelle\",\"description\":\"Quotidien national d&#039;information\",\"publisher\":{\"@id\":\"https:\\\/\\\/lasentinelle.dz\\\/#organization\"},\"potentialAction\":[{\"@type\":\"SearchAction\",\"target\":{\"@type\":\"EntryPoint\",\"urlTemplate\":\"https:\\\/\\\/lasentinelle.dz\\\/?s={search_term_string}\"},\"query-input\":{\"@type\":\"PropertyValueSpecification\",\"valueRequired\":true,\"valueName\":\"search_term_string\"}}],\"inLanguage\":\"fr-FR\"},{\"@type\":\"Organization\",\"@id\":\"https:\\\/\\\/lasentinelle.dz\\\/#organization\",\"name\":\"Quotidien La Sentinelle\",\"url\":\"https:\\\/\\\/lasentinelle.dz\\\/\",\"logo\":{\"@type\":\"ImageObject\",\"inLanguage\":\"fr-FR\",\"@id\":\"https:\\\/\\\/lasentinelle.dz\\\/#\\\/schema\\\/logo\\\/image\\\/\",\"url\":\"https:\\\/\\\/lasentinelle.dz\\\/wp-content\\\/uploads\\\/2021\\\/09\\\/logo-sentinelleSLOGAN-1.png\",\"contentUrl\":\"https:\\\/\\\/lasentinelle.dz\\\/wp-content\\\/uploads\\\/2021\\\/09\\\/logo-sentinelleSLOGAN-1.png\",\"width\":615,\"height\":142,\"caption\":\"Quotidien La Sentinelle\"},\"image\":{\"@id\":\"https:\\\/\\\/lasentinelle.dz\\\/#\\\/schema\\\/logo\\\/image\\\/\"},\"sameAs\":[\"https:\\\/\\\/www.facebook.com\\\/La-Sentinelle-104059864394773\"]},{\"@type\":\"Person\",\"@id\":\"https:\\\/\\\/lasentinelle.dz\\\/#\\\/schema\\\/person\\\/d865044e22e70a75174ce8bcad3acfb3\",\"name\":\"La Sentinelle\",\"image\":{\"@type\":\"ImageObject\",\"inLanguage\":\"fr-FR\",\"@id\":\"https:\\\/\\\/secure.gravatar.com\\\/avatar\\\/57de8e5d4b15d43fb361a71fbb36338450fe67865b528a43dd10ef7c51a20392?s=96&d=mm&r=g\",\"url\":\"https:\\\/\\\/secure.gravatar.com\\\/avatar\\\/57de8e5d4b15d43fb361a71fbb36338450fe67865b528a43dd10ef7c51a20392?s=96&d=mm&r=g\",\"contentUrl\":\"https:\\\/\\\/secure.gravatar.com\\\/avatar\\\/57de8e5d4b15d43fb361a71fbb36338450fe67865b528a43dd10ef7c51a20392?s=96&d=mm&r=g\",\"caption\":\"La Sentinelle\"},\"sameAs\":[\"http:\\\/\\\/www.lasentinelle.dz\"],\"url\":\"https:\\\/\\\/lasentinelle.dz\\\/author\\\/redaction\\\/\"}]}<\/script>\n<!-- \/ Yoast SEO plugin. -->","yoast_head_json":{"title":"Politique \u00e9conomique, subvention, partenariats : Tordre le cou aux id\u00e9es re\u00e7ues - La Sentinelle","robots":{"index":"index","follow":"follow","max-snippet":"max-snippet:-1","max-image-preview":"max-image-preview:large","max-video-preview":"max-video-preview:-1"},"canonical":"https:\/\/lasentinelle.dz\/index.php\/2021\/06\/05\/politique-economique-subvention-partenariats-tordre-le-cou-aux-idees-recues\/","og_locale":"fr_FR","og_type":"article","og_title":"Politique \u00e9conomique, subvention, partenariats : Tordre le cou aux id\u00e9es re\u00e7ues - La Sentinelle","og_description":"Le pr\u00e9sident de la R\u00e9publique a tordu le cou \u00e0 certaines id\u00e9es re\u00e7ues sur le climat des affaires en Alg\u00e9rie.&nbsp;","og_url":"https:\/\/lasentinelle.dz\/index.php\/2021\/06\/05\/politique-economique-subvention-partenariats-tordre-le-cou-aux-idees-recues\/","og_site_name":"La Sentinelle","article_publisher":"https:\/\/www.facebook.com\/La-Sentinelle-104059864394773","article_published_time":"2021-06-05T11:04:00+00:00","article_modified_time":"2021-06-05T12:08:30+00:00","og_image":[{"width":740,"height":462,"url":"https:\/\/lasentinelle.dz\/wp-content\/uploads\/2021\/06\/e\u0301conomie-alge\u0301rie.jpeg","type":"image\/jpeg"}],"author":"La Sentinelle","twitter_card":"summary_large_image","twitter_misc":{"\u00c9crit par":"La Sentinelle","Dur\u00e9e de lecture estim\u00e9e":"4 minutes"},"schema":{"@context":"https:\/\/schema.org","@graph":[{"@type":"Article","@id":"https:\/\/lasentinelle.dz\/index.php\/2021\/06\/05\/politique-economique-subvention-partenariats-tordre-le-cou-aux-idees-recues\/#article","isPartOf":{"@id":"https:\/\/lasentinelle.dz\/index.php\/2021\/06\/05\/politique-economique-subvention-partenariats-tordre-le-cou-aux-idees-recues\/"},"author":{"name":"La Sentinelle","@id":"https:\/\/lasentinelle.dz\/#\/schema\/person\/d865044e22e70a75174ce8bcad3acfb3"},"headline":"Politique \u00e9conomique, subvention, partenariats : Tordre le cou aux id\u00e9es re\u00e7ues","datePublished":"2021-06-05T11:04:00+00:00","dateModified":"2021-06-05T12:08:30+00:00","mainEntityOfPage":{"@id":"https:\/\/lasentinelle.dz\/index.php\/2021\/06\/05\/politique-economique-subvention-partenariats-tordre-le-cou-aux-idees-recues\/"},"wordCount":841,"commentCount":0,"publisher":{"@id":"https:\/\/lasentinelle.dz\/#organization"},"image":{"@id":"https:\/\/lasentinelle.dz\/index.php\/2021\/06\/05\/politique-economique-subvention-partenariats-tordre-le-cou-aux-idees-recues\/#primaryimage"},"thumbnailUrl":"https:\/\/lasentinelle.dz\/wp-content\/uploads\/2021\/06\/e\u0301conomie-alge\u0301rie.jpeg","articleSection":["\u00c0 la Une","Actualit\u00e9"],"inLanguage":"fr-FR","potentialAction":[{"@type":"CommentAction","name":"Comment","target":["https:\/\/lasentinelle.dz\/index.php\/2021\/06\/05\/politique-economique-subvention-partenariats-tordre-le-cou-aux-idees-recues\/#respond"]}]},{"@type":"WebPage","@id":"https:\/\/lasentinelle.dz\/index.php\/2021\/06\/05\/politique-economique-subvention-partenariats-tordre-le-cou-aux-idees-recues\/","url":"https:\/\/lasentinelle.dz\/index.php\/2021\/06\/05\/politique-economique-subvention-partenariats-tordre-le-cou-aux-idees-recues\/","name":"Politique \u00e9conomique, subvention, partenariats : Tordre le cou aux id\u00e9es re\u00e7ues - La Sentinelle","isPartOf":{"@id":"https:\/\/lasentinelle.dz\/#website"},"primaryImageOfPage":{"@id":"https:\/\/lasentinelle.dz\/index.php\/2021\/06\/05\/politique-economique-subvention-partenariats-tordre-le-cou-aux-idees-recues\/#primaryimage"},"image":{"@id":"https:\/\/lasentinelle.dz\/index.php\/2021\/06\/05\/politique-economique-subvention-partenariats-tordre-le-cou-aux-idees-recues\/#primaryimage"},"thumbnailUrl":"https:\/\/lasentinelle.dz\/wp-content\/uploads\/2021\/06\/e\u0301conomie-alge\u0301rie.jpeg","datePublished":"2021-06-05T11:04:00+00:00","dateModified":"2021-06-05T12:08:30+00:00","breadcrumb":{"@id":"https:\/\/lasentinelle.dz\/index.php\/2021\/06\/05\/politique-economique-subvention-partenariats-tordre-le-cou-aux-idees-recues\/#breadcrumb"},"inLanguage":"fr-FR","potentialAction":[{"@type":"ReadAction","target":["https:\/\/lasentinelle.dz\/index.php\/2021\/06\/05\/politique-economique-subvention-partenariats-tordre-le-cou-aux-idees-recues\/"]}]},{"@type":"ImageObject","inLanguage":"fr-FR","@id":"https:\/\/lasentinelle.dz\/index.php\/2021\/06\/05\/politique-economique-subvention-partenariats-tordre-le-cou-aux-idees-recues\/#primaryimage","url":"https:\/\/lasentinelle.dz\/wp-content\/uploads\/2021\/06\/e\u0301conomie-alge\u0301rie.jpeg","contentUrl":"https:\/\/lasentinelle.dz\/wp-content\/uploads\/2021\/06\/e\u0301conomie-alge\u0301rie.jpeg","width":740,"height":462},{"@type":"BreadcrumbList","@id":"https:\/\/lasentinelle.dz\/index.php\/2021\/06\/05\/politique-economique-subvention-partenariats-tordre-le-cou-aux-idees-recues\/#breadcrumb","itemListElement":[{"@type":"ListItem","position":1,"name":"Accueil","item":"https:\/\/lasentinelle.dz\/"},{"@type":"ListItem","position":2,"name":"Politique \u00e9conomique, subvention, partenariats : Tordre le cou aux id\u00e9es re\u00e7ues"}]},{"@type":"WebSite","@id":"https:\/\/lasentinelle.dz\/#website","url":"https:\/\/lasentinelle.dz\/","name":"La Sentinelle","description":"Quotidien national d&#039;information","publisher":{"@id":"https:\/\/lasentinelle.dz\/#organization"},"potentialAction":[{"@type":"SearchAction","target":{"@type":"EntryPoint","urlTemplate":"https:\/\/lasentinelle.dz\/?s={search_term_string}"},"query-input":{"@type":"PropertyValueSpecification","valueRequired":true,"valueName":"search_term_string"}}],"inLanguage":"fr-FR"},{"@type":"Organization","@id":"https:\/\/lasentinelle.dz\/#organization","name":"Quotidien La Sentinelle","url":"https:\/\/lasentinelle.dz\/","logo":{"@type":"ImageObject","inLanguage":"fr-FR","@id":"https:\/\/lasentinelle.dz\/#\/schema\/logo\/image\/","url":"https:\/\/lasentinelle.dz\/wp-content\/uploads\/2021\/09\/logo-sentinelleSLOGAN-1.png","contentUrl":"https:\/\/lasentinelle.dz\/wp-content\/uploads\/2021\/09\/logo-sentinelleSLOGAN-1.png","width":615,"height":142,"caption":"Quotidien La Sentinelle"},"image":{"@id":"https:\/\/lasentinelle.dz\/#\/schema\/logo\/image\/"},"sameAs":["https:\/\/www.facebook.com\/La-Sentinelle-104059864394773"]},{"@type":"Person","@id":"https:\/\/lasentinelle.dz\/#\/schema\/person\/d865044e22e70a75174ce8bcad3acfb3","name":"La Sentinelle","image":{"@type":"ImageObject","inLanguage":"fr-FR","@id":"https:\/\/secure.gravatar.com\/avatar\/57de8e5d4b15d43fb361a71fbb36338450fe67865b528a43dd10ef7c51a20392?s=96&d=mm&r=g","url":"https:\/\/secure.gravatar.com\/avatar\/57de8e5d4b15d43fb361a71fbb36338450fe67865b528a43dd10ef7c51a20392?s=96&d=mm&r=g","contentUrl":"https:\/\/secure.gravatar.com\/avatar\/57de8e5d4b15d43fb361a71fbb36338450fe67865b528a43dd10ef7c51a20392?s=96&d=mm&r=g","caption":"La Sentinelle"},"sameAs":["http:\/\/www.lasentinelle.dz"],"url":"https:\/\/lasentinelle.dz\/author\/redaction\/"}]}},"_links":{"self":[{"href":"https:\/\/lasentinelle.dz\/index.php\/wp-json\/wp\/v2\/posts\/725","targetHints":{"allow":["GET"]}}],"collection":[{"href":"https:\/\/lasentinelle.dz\/index.php\/wp-json\/wp\/v2\/posts"}],"about":[{"href":"https:\/\/lasentinelle.dz\/index.php\/wp-json\/wp\/v2\/types\/post"}],"author":[{"embeddable":true,"href":"https:\/\/lasentinelle.dz\/index.php\/wp-json\/wp\/v2\/users\/3"}],"replies":[{"embeddable":true,"href":"https:\/\/lasentinelle.dz\/index.php\/wp-json\/wp\/v2\/comments?post=725"}],"version-history":[{"count":1,"href":"https:\/\/lasentinelle.dz\/index.php\/wp-json\/wp\/v2\/posts\/725\/revisions"}],"predecessor-version":[{"id":727,"href":"https:\/\/lasentinelle.dz\/index.php\/wp-json\/wp\/v2\/posts\/725\/revisions\/727"}],"wp:featuredmedia":[{"embeddable":true,"href":"https:\/\/lasentinelle.dz\/index.php\/wp-json\/wp\/v2\/media\/726"}],"wp:attachment":[{"href":"https:\/\/lasentinelle.dz\/index.php\/wp-json\/wp\/v2\/media?parent=725"}],"wp:term":[{"taxonomy":"category","embeddable":true,"href":"https:\/\/lasentinelle.dz\/index.php\/wp-json\/wp\/v2\/categories?post=725"},{"taxonomy":"post_tag","embeddable":true,"href":"https:\/\/lasentinelle.dz\/index.php\/wp-json\/wp\/v2\/tags?post=725"}],"curies":[{"name":"wp","href":"https:\/\/api.w.org\/{rel}","templated":true}]}}