{"id":72548,"date":"2025-08-27T19:11:41","date_gmt":"2025-08-27T18:11:41","guid":{"rendered":"https:\/\/lasentinelle.dz\/?p=72548"},"modified":"2025-08-29T19:15:01","modified_gmt":"2025-08-29T18:15:01","slug":"une-exposition-a-laccueil-des-voyageurs-laeroport-houari-boumediene-transforme-en-vitrine-du-patrimoine-algerien","status":"publish","type":"post","link":"https:\/\/lasentinelle.dz\/index.php\/2025\/08\/27\/une-exposition-a-laccueil-des-voyageurs-laeroport-houari-boumediene-transforme-en-vitrine-du-patrimoine-algerien\/","title":{"rendered":"Une exposition \u00e0 l\u2019accueil des voyageurs\u00a0: L&rsquo;a\u00e9roport Houari Boumediene transform\u00e9 en vitrine du patrimoine alg\u00e9rien"},"content":{"rendered":"\n<p>L&rsquo;a\u00e9roport international Houari Boumediene d&rsquo;Alger a accueilli pendant dix jours une exposition artistique et acad\u00e9mique exceptionnelle intitul\u00e9e \u00ab\u00a0Costumes et parures, le patrimoine culturel \u00e0 travers l&rsquo;histoire\u00a0\u00bb, offrant aux voyageurs une immersion unique dans la m\u00e9moire alg\u00e9rienne. Cette manifestation culturelle, organis\u00e9e sous l&rsquo;\u00e9gide du minist\u00e8re de la Culture et des Arts dans le cadre du Festival culturel national de la cr\u00e9ativit\u00e9 f\u00e9minine, r\u00e9sulte d&rsquo;une collaboration fructueuse entre la Direction de la culture de la wilaya d&rsquo;Alger et la Direction g\u00e9n\u00e9rale de l&rsquo;a\u00e9roport. L&rsquo;exposition a propos\u00e9 aux passagers un voyage visuel captivant \u00e0 travers les quatre coins de l&rsquo;Alg\u00e9rie, r\u00e9v\u00e9lant costumes et parures comme un h\u00e9ritage pr\u00e9cieux transmis de g\u00e9n\u00e9ration en g\u00e9n\u00e9ration, de m\u00e8re en fille, vibrant de couleurs envo\u00fbtantes et de significations profondes. Cette initiative novatrice a transform\u00e9 l&rsquo;espace a\u00e9roportuaire en v\u00e9ritable mus\u00e9e \u00e9ph\u00e9m\u00e8re, permettant aux voyageurs de d\u00e9couvrir la richesse du patrimoine vestimentaire national avant m\u00eame de fouler le sol alg\u00e9rien ou en quittant le territoire. Les costumes traditionnels expos\u00e9s t\u00e9moignent de la diversit\u00e9 culturelle r\u00e9gionale du pays, chaque pi\u00e8ce racontant une histoire particuli\u00e8re, portant en elle les codes esth\u00e9tiques et symboliques de son terroir d&rsquo;origine. L&rsquo;\u00e9v\u00e9nement a suscit\u00e9 l&rsquo;admiration et l&rsquo;enthousiasme tant des passagers alg\u00e9riens que des voyageurs \u00e9trangers, qui ont salu\u00e9 cette initiative culturelle qualitative. Cette d\u00e9marche illustre parfaitement la volont\u00e9 des institutions de valoriser leur patrimoine immat\u00e9riel dans des espaces publics strat\u00e9giques, transformant les lieux de transit en ambassadeurs culturels. L&rsquo;exposition d\u00e9montre que la culture peut investir tous les espaces, m\u00eame les plus inattendus, pour toucher un public diversifi\u00e9 et transmettre les valeurs identitaires nationales de mani\u00e8re accessible et attractive.<\/p>\n\n\n\n<p>M.S.<\/p>\n","protected":false},"excerpt":{"rendered":"<p>L&rsquo;a\u00e9roport international Houari Boumediene d&rsquo;Alger a accueilli pendant dix jours une exposition artistique et acad\u00e9mique exceptionnelle intitul\u00e9e \u00ab\u00a0Costumes et parures,<\/p>\n","protected":false},"author":6,"featured_media":72549,"comment_status":"open","ping_status":"closed","sticky":false,"template":"","format":"standard","meta":{"colormag_page_container_layout":"default_layout","colormag_page_sidebar_layout":"default_layout","om_disable_all_campaigns":false,"_monsterinsights_skip_tracking":false,"_monsterinsights_sitenote_active":false,"_monsterinsights_sitenote_note":"","_monsterinsights_sitenote_category":0,"footnotes":"","_wpscppro_dont_share_socialmedia":false,"_wpscppro_custom_social_share_image":0,"_facebook_share_type":"default","_twitter_share_type":"default","_linkedin_share_type":"default","_pinterest_share_type":"default","_linkedin_share_type_page":"","_instagram_share_type":"default","_medium_share_type":"default","_threads_share_type":"default","_google_business_share_type":"default","_selected_social_profile":[],"_wpsp_enable_custom_social_template":false,"_wpsp_social_scheduling":{"enabled":false,"datetime":null,"platforms":[],"status":"template_only","dateOption":"today","timeOption":"now","customDays":"","customHours":"","customDate":"","customTime":"","schedulingType":"absolute"},"_wpsp_active_default_template":true},"categories":[36],"tags":[],"class_list":["post-72548","post","type-post","status-publish","format-standard","has-post-thumbnail","hentry","category-culture"],"aioseo_notices":[],"yoast_head":"<!-- This site is optimized with the Yoast SEO plugin v27.5 - https:\/\/yoast.com\/product\/yoast-seo-wordpress\/ -->\n<title>Une exposition \u00e0 l\u2019accueil des voyageurs\u00a0: L&rsquo;a\u00e9roport Houari Boumediene transform\u00e9 en vitrine du patrimoine alg\u00e9rien - La Sentinelle<\/title>\n<meta name=\"robots\" content=\"index, follow, max-snippet:-1, max-image-preview:large, max-video-preview:-1\" \/>\n<link rel=\"canonical\" href=\"https:\/\/lasentinelle.dz\/index.php\/2025\/08\/27\/une-exposition-a-laccueil-des-voyageurs-laeroport-houari-boumediene-transforme-en-vitrine-du-patrimoine-algerien\/\" \/>\n<meta property=\"og:locale\" content=\"fr_FR\" \/>\n<meta property=\"og:type\" content=\"article\" \/>\n<meta property=\"og:title\" content=\"Une exposition \u00e0 l\u2019accueil des voyageurs\u00a0: L&rsquo;a\u00e9roport Houari Boumediene transform\u00e9 en vitrine du patrimoine alg\u00e9rien - La Sentinelle\" \/>\n<meta property=\"og:description\" content=\"L&rsquo;a\u00e9roport international Houari Boumediene d&rsquo;Alger a accueilli pendant dix jours une exposition artistique et acad\u00e9mique exceptionnelle intitul\u00e9e \u00ab\u00a0Costumes et parures,\" \/>\n<meta property=\"og:url\" content=\"https:\/\/lasentinelle.dz\/index.php\/2025\/08\/27\/une-exposition-a-laccueil-des-voyageurs-laeroport-houari-boumediene-transforme-en-vitrine-du-patrimoine-algerien\/\" \/>\n<meta property=\"og:site_name\" content=\"La Sentinelle\" \/>\n<meta property=\"article:publisher\" content=\"https:\/\/www.facebook.com\/La-Sentinelle-104059864394773\" \/>\n<meta property=\"article:published_time\" content=\"2025-08-27T18:11:41+00:00\" \/>\n<meta property=\"article:modified_time\" content=\"2025-08-29T18:15:01+00:00\" \/>\n<meta property=\"og:image\" content=\"https:\/\/lasentinelle.dz\/wp-content\/uploads\/2025\/08\/expo-aeroport.png\" \/>\n\t<meta property=\"og:image:width\" content=\"1200\" \/>\n\t<meta property=\"og:image:height\" content=\"628\" \/>\n\t<meta property=\"og:image:type\" content=\"image\/png\" \/>\n<meta name=\"author\" content=\"admin\" \/>\n<meta name=\"twitter:card\" content=\"summary_large_image\" \/>\n<meta name=\"twitter:label1\" content=\"\u00c9crit par\" \/>\n\t<meta name=\"twitter:data1\" content=\"admin\" \/>\n\t<meta name=\"twitter:label2\" content=\"Dur\u00e9e de lecture estim\u00e9e\" \/>\n\t<meta name=\"twitter:data2\" content=\"2 minutes\" \/>\n<script type=\"application\/ld+json\" class=\"yoast-schema-graph\">{\"@context\":\"https:\\\/\\\/schema.org\",\"@graph\":[{\"@type\":\"Article\",\"@id\":\"https:\\\/\\\/lasentinelle.dz\\\/index.php\\\/2025\\\/08\\\/27\\\/une-exposition-a-laccueil-des-voyageurs-laeroport-houari-boumediene-transforme-en-vitrine-du-patrimoine-algerien\\\/#article\",\"isPartOf\":{\"@id\":\"https:\\\/\\\/lasentinelle.dz\\\/index.php\\\/2025\\\/08\\\/27\\\/une-exposition-a-laccueil-des-voyageurs-laeroport-houari-boumediene-transforme-en-vitrine-du-patrimoine-algerien\\\/\"},\"author\":{\"name\":\"admin\",\"@id\":\"https:\\\/\\\/lasentinelle.dz\\\/#\\\/schema\\\/person\\\/729ee0024f24e0b8c5ec17232f8e8b41\"},\"headline\":\"Une exposition \u00e0 l\u2019accueil des voyageurs\u00a0: L&rsquo;a\u00e9roport Houari Boumediene transform\u00e9 en vitrine du patrimoine alg\u00e9rien\",\"datePublished\":\"2025-08-27T18:11:41+00:00\",\"dateModified\":\"2025-08-29T18:15:01+00:00\",\"mainEntityOfPage\":{\"@id\":\"https:\\\/\\\/lasentinelle.dz\\\/index.php\\\/2025\\\/08\\\/27\\\/une-exposition-a-laccueil-des-voyageurs-laeroport-houari-boumediene-transforme-en-vitrine-du-patrimoine-algerien\\\/\"},\"wordCount\":343,\"commentCount\":0,\"publisher\":{\"@id\":\"https:\\\/\\\/lasentinelle.dz\\\/#organization\"},\"image\":{\"@id\":\"https:\\\/\\\/lasentinelle.dz\\\/index.php\\\/2025\\\/08\\\/27\\\/une-exposition-a-laccueil-des-voyageurs-laeroport-houari-boumediene-transforme-en-vitrine-du-patrimoine-algerien\\\/#primaryimage\"},\"thumbnailUrl\":\"https:\\\/\\\/lasentinelle.dz\\\/wp-content\\\/uploads\\\/2025\\\/08\\\/expo-aeroport.png\",\"articleSection\":[\"Culture\"],\"inLanguage\":\"fr-FR\",\"potentialAction\":[{\"@type\":\"CommentAction\",\"name\":\"Comment\",\"target\":[\"https:\\\/\\\/lasentinelle.dz\\\/index.php\\\/2025\\\/08\\\/27\\\/une-exposition-a-laccueil-des-voyageurs-laeroport-houari-boumediene-transforme-en-vitrine-du-patrimoine-algerien\\\/#respond\"]}]},{\"@type\":\"WebPage\",\"@id\":\"https:\\\/\\\/lasentinelle.dz\\\/index.php\\\/2025\\\/08\\\/27\\\/une-exposition-a-laccueil-des-voyageurs-laeroport-houari-boumediene-transforme-en-vitrine-du-patrimoine-algerien\\\/\",\"url\":\"https:\\\/\\\/lasentinelle.dz\\\/index.php\\\/2025\\\/08\\\/27\\\/une-exposition-a-laccueil-des-voyageurs-laeroport-houari-boumediene-transforme-en-vitrine-du-patrimoine-algerien\\\/\",\"name\":\"Une exposition \u00e0 l\u2019accueil des voyageurs\u00a0: L&rsquo;a\u00e9roport Houari Boumediene transform\u00e9 en vitrine du patrimoine alg\u00e9rien - La Sentinelle\",\"isPartOf\":{\"@id\":\"https:\\\/\\\/lasentinelle.dz\\\/#website\"},\"primaryImageOfPage\":{\"@id\":\"https:\\\/\\\/lasentinelle.dz\\\/index.php\\\/2025\\\/08\\\/27\\\/une-exposition-a-laccueil-des-voyageurs-laeroport-houari-boumediene-transforme-en-vitrine-du-patrimoine-algerien\\\/#primaryimage\"},\"image\":{\"@id\":\"https:\\\/\\\/lasentinelle.dz\\\/index.php\\\/2025\\\/08\\\/27\\\/une-exposition-a-laccueil-des-voyageurs-laeroport-houari-boumediene-transforme-en-vitrine-du-patrimoine-algerien\\\/#primaryimage\"},\"thumbnailUrl\":\"https:\\\/\\\/lasentinelle.dz\\\/wp-content\\\/uploads\\\/2025\\\/08\\\/expo-aeroport.png\",\"datePublished\":\"2025-08-27T18:11:41+00:00\",\"dateModified\":\"2025-08-29T18:15:01+00:00\",\"breadcrumb\":{\"@id\":\"https:\\\/\\\/lasentinelle.dz\\\/index.php\\\/2025\\\/08\\\/27\\\/une-exposition-a-laccueil-des-voyageurs-laeroport-houari-boumediene-transforme-en-vitrine-du-patrimoine-algerien\\\/#breadcrumb\"},\"inLanguage\":\"fr-FR\",\"potentialAction\":[{\"@type\":\"ReadAction\",\"target\":[\"https:\\\/\\\/lasentinelle.dz\\\/index.php\\\/2025\\\/08\\\/27\\\/une-exposition-a-laccueil-des-voyageurs-laeroport-houari-boumediene-transforme-en-vitrine-du-patrimoine-algerien\\\/\"]}]},{\"@type\":\"ImageObject\",\"inLanguage\":\"fr-FR\",\"@id\":\"https:\\\/\\\/lasentinelle.dz\\\/index.php\\\/2025\\\/08\\\/27\\\/une-exposition-a-laccueil-des-voyageurs-laeroport-houari-boumediene-transforme-en-vitrine-du-patrimoine-algerien\\\/#primaryimage\",\"url\":\"https:\\\/\\\/lasentinelle.dz\\\/wp-content\\\/uploads\\\/2025\\\/08\\\/expo-aeroport.png\",\"contentUrl\":\"https:\\\/\\\/lasentinelle.dz\\\/wp-content\\\/uploads\\\/2025\\\/08\\\/expo-aeroport.png\",\"width\":1200,\"height\":628},{\"@type\":\"BreadcrumbList\",\"@id\":\"https:\\\/\\\/lasentinelle.dz\\\/index.php\\\/2025\\\/08\\\/27\\\/une-exposition-a-laccueil-des-voyageurs-laeroport-houari-boumediene-transforme-en-vitrine-du-patrimoine-algerien\\\/#breadcrumb\",\"itemListElement\":[{\"@type\":\"ListItem\",\"position\":1,\"name\":\"Accueil\",\"item\":\"https:\\\/\\\/lasentinelle.dz\\\/\"},{\"@type\":\"ListItem\",\"position\":2,\"name\":\"Une exposition \u00e0 l\u2019accueil des voyageurs\u00a0: L&rsquo;a\u00e9roport Houari Boumediene transform\u00e9 en vitrine du patrimoine alg\u00e9rien\"}]},{\"@type\":\"WebSite\",\"@id\":\"https:\\\/\\\/lasentinelle.dz\\\/#website\",\"url\":\"https:\\\/\\\/lasentinelle.dz\\\/\",\"name\":\"La Sentinelle\",\"description\":\"Quotidien national d&#039;information\",\"publisher\":{\"@id\":\"https:\\\/\\\/lasentinelle.dz\\\/#organization\"},\"potentialAction\":[{\"@type\":\"SearchAction\",\"target\":{\"@type\":\"EntryPoint\",\"urlTemplate\":\"https:\\\/\\\/lasentinelle.dz\\\/?s={search_term_string}\"},\"query-input\":{\"@type\":\"PropertyValueSpecification\",\"valueRequired\":true,\"valueName\":\"search_term_string\"}}],\"inLanguage\":\"fr-FR\"},{\"@type\":\"Organization\",\"@id\":\"https:\\\/\\\/lasentinelle.dz\\\/#organization\",\"name\":\"Quotidien La Sentinelle\",\"url\":\"https:\\\/\\\/lasentinelle.dz\\\/\",\"logo\":{\"@type\":\"ImageObject\",\"inLanguage\":\"fr-FR\",\"@id\":\"https:\\\/\\\/lasentinelle.dz\\\/#\\\/schema\\\/logo\\\/image\\\/\",\"url\":\"https:\\\/\\\/lasentinelle.dz\\\/wp-content\\\/uploads\\\/2021\\\/09\\\/logo-sentinelleSLOGAN-1.png\",\"contentUrl\":\"https:\\\/\\\/lasentinelle.dz\\\/wp-content\\\/uploads\\\/2021\\\/09\\\/logo-sentinelleSLOGAN-1.png\",\"width\":615,\"height\":142,\"caption\":\"Quotidien La Sentinelle\"},\"image\":{\"@id\":\"https:\\\/\\\/lasentinelle.dz\\\/#\\\/schema\\\/logo\\\/image\\\/\"},\"sameAs\":[\"https:\\\/\\\/www.facebook.com\\\/La-Sentinelle-104059864394773\"]},{\"@type\":\"Person\",\"@id\":\"https:\\\/\\\/lasentinelle.dz\\\/#\\\/schema\\\/person\\\/729ee0024f24e0b8c5ec17232f8e8b41\",\"name\":\"admin\",\"image\":{\"@type\":\"ImageObject\",\"inLanguage\":\"fr-FR\",\"@id\":\"https:\\\/\\\/secure.gravatar.com\\\/avatar\\\/4c81fed838786e9b53f540bf46533e750f5d292099ae3b66cfc6fb1982e29df7?s=96&d=mm&r=g\",\"url\":\"https:\\\/\\\/secure.gravatar.com\\\/avatar\\\/4c81fed838786e9b53f540bf46533e750f5d292099ae3b66cfc6fb1982e29df7?s=96&d=mm&r=g\",\"contentUrl\":\"https:\\\/\\\/secure.gravatar.com\\\/avatar\\\/4c81fed838786e9b53f540bf46533e750f5d292099ae3b66cfc6fb1982e29df7?s=96&d=mm&r=g\",\"caption\":\"admin\"},\"description\":\"admin\",\"url\":\"https:\\\/\\\/lasentinelle.dz\\\/author\\\/admin\\\/\"}]}<\/script>\n<!-- \/ Yoast SEO plugin. -->","yoast_head_json":{"title":"Une exposition \u00e0 l\u2019accueil des voyageurs\u00a0: L&rsquo;a\u00e9roport Houari Boumediene transform\u00e9 en vitrine du patrimoine alg\u00e9rien - La Sentinelle","robots":{"index":"index","follow":"follow","max-snippet":"max-snippet:-1","max-image-preview":"max-image-preview:large","max-video-preview":"max-video-preview:-1"},"canonical":"https:\/\/lasentinelle.dz\/index.php\/2025\/08\/27\/une-exposition-a-laccueil-des-voyageurs-laeroport-houari-boumediene-transforme-en-vitrine-du-patrimoine-algerien\/","og_locale":"fr_FR","og_type":"article","og_title":"Une exposition \u00e0 l\u2019accueil des voyageurs\u00a0: L&rsquo;a\u00e9roport Houari Boumediene transform\u00e9 en vitrine du patrimoine alg\u00e9rien - La Sentinelle","og_description":"L&rsquo;a\u00e9roport international Houari Boumediene d&rsquo;Alger a accueilli pendant dix jours une exposition artistique et acad\u00e9mique exceptionnelle intitul\u00e9e \u00ab\u00a0Costumes et parures,","og_url":"https:\/\/lasentinelle.dz\/index.php\/2025\/08\/27\/une-exposition-a-laccueil-des-voyageurs-laeroport-houari-boumediene-transforme-en-vitrine-du-patrimoine-algerien\/","og_site_name":"La Sentinelle","article_publisher":"https:\/\/www.facebook.com\/La-Sentinelle-104059864394773","article_published_time":"2025-08-27T18:11:41+00:00","article_modified_time":"2025-08-29T18:15:01+00:00","og_image":[{"width":1200,"height":628,"url":"https:\/\/lasentinelle.dz\/wp-content\/uploads\/2025\/08\/expo-aeroport.png","type":"image\/png"}],"author":"admin","twitter_card":"summary_large_image","twitter_misc":{"\u00c9crit par":"admin","Dur\u00e9e de lecture estim\u00e9e":"2 minutes"},"schema":{"@context":"https:\/\/schema.org","@graph":[{"@type":"Article","@id":"https:\/\/lasentinelle.dz\/index.php\/2025\/08\/27\/une-exposition-a-laccueil-des-voyageurs-laeroport-houari-boumediene-transforme-en-vitrine-du-patrimoine-algerien\/#article","isPartOf":{"@id":"https:\/\/lasentinelle.dz\/index.php\/2025\/08\/27\/une-exposition-a-laccueil-des-voyageurs-laeroport-houari-boumediene-transforme-en-vitrine-du-patrimoine-algerien\/"},"author":{"name":"admin","@id":"https:\/\/lasentinelle.dz\/#\/schema\/person\/729ee0024f24e0b8c5ec17232f8e8b41"},"headline":"Une exposition \u00e0 l\u2019accueil des voyageurs\u00a0: L&rsquo;a\u00e9roport Houari Boumediene transform\u00e9 en vitrine du patrimoine alg\u00e9rien","datePublished":"2025-08-27T18:11:41+00:00","dateModified":"2025-08-29T18:15:01+00:00","mainEntityOfPage":{"@id":"https:\/\/lasentinelle.dz\/index.php\/2025\/08\/27\/une-exposition-a-laccueil-des-voyageurs-laeroport-houari-boumediene-transforme-en-vitrine-du-patrimoine-algerien\/"},"wordCount":343,"commentCount":0,"publisher":{"@id":"https:\/\/lasentinelle.dz\/#organization"},"image":{"@id":"https:\/\/lasentinelle.dz\/index.php\/2025\/08\/27\/une-exposition-a-laccueil-des-voyageurs-laeroport-houari-boumediene-transforme-en-vitrine-du-patrimoine-algerien\/#primaryimage"},"thumbnailUrl":"https:\/\/lasentinelle.dz\/wp-content\/uploads\/2025\/08\/expo-aeroport.png","articleSection":["Culture"],"inLanguage":"fr-FR","potentialAction":[{"@type":"CommentAction","name":"Comment","target":["https:\/\/lasentinelle.dz\/index.php\/2025\/08\/27\/une-exposition-a-laccueil-des-voyageurs-laeroport-houari-boumediene-transforme-en-vitrine-du-patrimoine-algerien\/#respond"]}]},{"@type":"WebPage","@id":"https:\/\/lasentinelle.dz\/index.php\/2025\/08\/27\/une-exposition-a-laccueil-des-voyageurs-laeroport-houari-boumediene-transforme-en-vitrine-du-patrimoine-algerien\/","url":"https:\/\/lasentinelle.dz\/index.php\/2025\/08\/27\/une-exposition-a-laccueil-des-voyageurs-laeroport-houari-boumediene-transforme-en-vitrine-du-patrimoine-algerien\/","name":"Une exposition \u00e0 l\u2019accueil des voyageurs\u00a0: L&rsquo;a\u00e9roport Houari Boumediene transform\u00e9 en vitrine du patrimoine alg\u00e9rien - La Sentinelle","isPartOf":{"@id":"https:\/\/lasentinelle.dz\/#website"},"primaryImageOfPage":{"@id":"https:\/\/lasentinelle.dz\/index.php\/2025\/08\/27\/une-exposition-a-laccueil-des-voyageurs-laeroport-houari-boumediene-transforme-en-vitrine-du-patrimoine-algerien\/#primaryimage"},"image":{"@id":"https:\/\/lasentinelle.dz\/index.php\/2025\/08\/27\/une-exposition-a-laccueil-des-voyageurs-laeroport-houari-boumediene-transforme-en-vitrine-du-patrimoine-algerien\/#primaryimage"},"thumbnailUrl":"https:\/\/lasentinelle.dz\/wp-content\/uploads\/2025\/08\/expo-aeroport.png","datePublished":"2025-08-27T18:11:41+00:00","dateModified":"2025-08-29T18:15:01+00:00","breadcrumb":{"@id":"https:\/\/lasentinelle.dz\/index.php\/2025\/08\/27\/une-exposition-a-laccueil-des-voyageurs-laeroport-houari-boumediene-transforme-en-vitrine-du-patrimoine-algerien\/#breadcrumb"},"inLanguage":"fr-FR","potentialAction":[{"@type":"ReadAction","target":["https:\/\/lasentinelle.dz\/index.php\/2025\/08\/27\/une-exposition-a-laccueil-des-voyageurs-laeroport-houari-boumediene-transforme-en-vitrine-du-patrimoine-algerien\/"]}]},{"@type":"ImageObject","inLanguage":"fr-FR","@id":"https:\/\/lasentinelle.dz\/index.php\/2025\/08\/27\/une-exposition-a-laccueil-des-voyageurs-laeroport-houari-boumediene-transforme-en-vitrine-du-patrimoine-algerien\/#primaryimage","url":"https:\/\/lasentinelle.dz\/wp-content\/uploads\/2025\/08\/expo-aeroport.png","contentUrl":"https:\/\/lasentinelle.dz\/wp-content\/uploads\/2025\/08\/expo-aeroport.png","width":1200,"height":628},{"@type":"BreadcrumbList","@id":"https:\/\/lasentinelle.dz\/index.php\/2025\/08\/27\/une-exposition-a-laccueil-des-voyageurs-laeroport-houari-boumediene-transforme-en-vitrine-du-patrimoine-algerien\/#breadcrumb","itemListElement":[{"@type":"ListItem","position":1,"name":"Accueil","item":"https:\/\/lasentinelle.dz\/"},{"@type":"ListItem","position":2,"name":"Une exposition \u00e0 l\u2019accueil des voyageurs\u00a0: L&rsquo;a\u00e9roport Houari Boumediene transform\u00e9 en vitrine du patrimoine alg\u00e9rien"}]},{"@type":"WebSite","@id":"https:\/\/lasentinelle.dz\/#website","url":"https:\/\/lasentinelle.dz\/","name":"La Sentinelle","description":"Quotidien national d&#039;information","publisher":{"@id":"https:\/\/lasentinelle.dz\/#organization"},"potentialAction":[{"@type":"SearchAction","target":{"@type":"EntryPoint","urlTemplate":"https:\/\/lasentinelle.dz\/?s={search_term_string}"},"query-input":{"@type":"PropertyValueSpecification","valueRequired":true,"valueName":"search_term_string"}}],"inLanguage":"fr-FR"},{"@type":"Organization","@id":"https:\/\/lasentinelle.dz\/#organization","name":"Quotidien La Sentinelle","url":"https:\/\/lasentinelle.dz\/","logo":{"@type":"ImageObject","inLanguage":"fr-FR","@id":"https:\/\/lasentinelle.dz\/#\/schema\/logo\/image\/","url":"https:\/\/lasentinelle.dz\/wp-content\/uploads\/2021\/09\/logo-sentinelleSLOGAN-1.png","contentUrl":"https:\/\/lasentinelle.dz\/wp-content\/uploads\/2021\/09\/logo-sentinelleSLOGAN-1.png","width":615,"height":142,"caption":"Quotidien La Sentinelle"},"image":{"@id":"https:\/\/lasentinelle.dz\/#\/schema\/logo\/image\/"},"sameAs":["https:\/\/www.facebook.com\/La-Sentinelle-104059864394773"]},{"@type":"Person","@id":"https:\/\/lasentinelle.dz\/#\/schema\/person\/729ee0024f24e0b8c5ec17232f8e8b41","name":"admin","image":{"@type":"ImageObject","inLanguage":"fr-FR","@id":"https:\/\/secure.gravatar.com\/avatar\/4c81fed838786e9b53f540bf46533e750f5d292099ae3b66cfc6fb1982e29df7?s=96&d=mm&r=g","url":"https:\/\/secure.gravatar.com\/avatar\/4c81fed838786e9b53f540bf46533e750f5d292099ae3b66cfc6fb1982e29df7?s=96&d=mm&r=g","contentUrl":"https:\/\/secure.gravatar.com\/avatar\/4c81fed838786e9b53f540bf46533e750f5d292099ae3b66cfc6fb1982e29df7?s=96&d=mm&r=g","caption":"admin"},"description":"admin","url":"https:\/\/lasentinelle.dz\/author\/admin\/"}]}},"_links":{"self":[{"href":"https:\/\/lasentinelle.dz\/index.php\/wp-json\/wp\/v2\/posts\/72548","targetHints":{"allow":["GET"]}}],"collection":[{"href":"https:\/\/lasentinelle.dz\/index.php\/wp-json\/wp\/v2\/posts"}],"about":[{"href":"https:\/\/lasentinelle.dz\/index.php\/wp-json\/wp\/v2\/types\/post"}],"author":[{"embeddable":true,"href":"https:\/\/lasentinelle.dz\/index.php\/wp-json\/wp\/v2\/users\/6"}],"replies":[{"embeddable":true,"href":"https:\/\/lasentinelle.dz\/index.php\/wp-json\/wp\/v2\/comments?post=72548"}],"version-history":[{"count":2,"href":"https:\/\/lasentinelle.dz\/index.php\/wp-json\/wp\/v2\/posts\/72548\/revisions"}],"predecessor-version":[{"id":72551,"href":"https:\/\/lasentinelle.dz\/index.php\/wp-json\/wp\/v2\/posts\/72548\/revisions\/72551"}],"wp:featuredmedia":[{"embeddable":true,"href":"https:\/\/lasentinelle.dz\/index.php\/wp-json\/wp\/v2\/media\/72549"}],"wp:attachment":[{"href":"https:\/\/lasentinelle.dz\/index.php\/wp-json\/wp\/v2\/media?parent=72548"}],"wp:term":[{"taxonomy":"category","embeddable":true,"href":"https:\/\/lasentinelle.dz\/index.php\/wp-json\/wp\/v2\/categories?post=72548"},{"taxonomy":"post_tag","embeddable":true,"href":"https:\/\/lasentinelle.dz\/index.php\/wp-json\/wp\/v2\/tags?post=72548"}],"curies":[{"name":"wp","href":"https:\/\/api.w.org\/{rel}","templated":true}]}}