{"id":72552,"date":"2025-08-27T19:12:37","date_gmt":"2025-08-27T18:12:37","guid":{"rendered":"https:\/\/lasentinelle.dz\/?p=72552"},"modified":"2025-08-29T19:14:48","modified_gmt":"2025-08-29T18:14:48","slug":"festival-culturel-national-du-costume-traditionnel-le-caftan-algerien-a-lhonneur","status":"publish","type":"post","link":"https:\/\/lasentinelle.dz\/index.php\/2025\/08\/27\/festival-culturel-national-du-costume-traditionnel-le-caftan-algerien-a-lhonneur\/","title":{"rendered":"Festival culturel national du costume traditionnel\u00a0: Le caftan alg\u00e9rien \u00e0 l&rsquo;honneur"},"content":{"rendered":"\n<p>Du 30 ao\u00fbt au 2 septembre 2025, le Centre des arts et de la culture \u00ab\u00a0Palais des Rais\u00a0\u00bb &#8211; Bastion 23 d&rsquo;Alger accueillera la septi\u00e8me \u00e9dition du Festival culturel national du costume traditionnel, \u00e9v\u00e9nement phare de la pr\u00e9servation du patrimoine immat\u00e9riel national.<\/p>\n\n\n\n<p>Plac\u00e9e sous le slogan \u00e9vocateur \u00ab\u00a0Le caftan alg\u00e9rien, un patrimoine \u00e0 la mesure de l&rsquo;identit\u00e9\u00a0\u00bb, cette manifestation culturelle d&rsquo;envergure t\u00e9moigne de l&rsquo;engagement r\u00e9solu des institutions dans la sauvegarde de notre h\u00e9ritage vestimentaire ancestral. Comme l&rsquo;a soulign\u00e9 la Commissaire du Festival, Faiza Riach, lors de sa conf\u00e9rence de presse au Palais des Rais, cette \u00e9dition vise \u00e0 \u00ab\u00a0faire conna\u00eetre le Caftan et \u00e0 encourager la formation dans la couture et la broderie de cette tenue traditionnelle\u00a0\u00bb, consid\u00e9rant que sa pr\u00e9servation constituait \u00ab\u00a0l&rsquo;essence m\u00eame de la pr\u00e9servation de l&rsquo;identit\u00e9 nationale\u00a0\u00bb. Cette d\u00e9claration r\u00e9sume parfaitement l&rsquo;enjeu fondamental de cette initiative : transformer la transmission artisanale en v\u00e9ritable acte de r\u00e9sistance culturelle. Le festival d\u00e9ploie un programme ambitieux articul\u00e9 autour de la deuxi\u00e8me rencontre nationale sur les efforts des institutions \u00e9tatiques dans la protection du patrimoine culturel, organis\u00e9e sous le th\u00e8me f\u00e9d\u00e9rateur \u00ab\u00a0Notre souverainet\u00e9 culturelle, un engagement global et une responsabilit\u00e9 partag\u00e9e\u00a0\u00bb. Plac\u00e9e sous la supervision du ministre de la Culture et des Arts, Zouhir Ballalou, et h\u00e9berg\u00e9e par le Centre national de recherche pr\u00e9historique, anthropologique et historique, cette rencontre r\u00e9unira experts patrimoniaux et repr\u00e9sentants sectoriels autour de th\u00e9matiques cruciales : les efforts diplomatiques alg\u00e9riens pour d\u00e9fendre le patrimoine culturel \u00e0 l&rsquo;international, la lutte contre le trafic illicite des biens culturels, ainsi que le r\u00f4le d\u00e9terminant des m\u00e9dias et de la soci\u00e9t\u00e9 civile dans la promotion patrimoniale. Cette approche multidimensionnelle r\u00e9v\u00e8le une strat\u00e9gie culturelle globale, o\u00f9 la pr\u00e9servation du costume traditionnel s&rsquo;inscrit dans une d\u00e9marche plus large de souverainet\u00e9 identitaire. L&rsquo;\u00e9v\u00e9nement enrichit son dispositif p\u00e9dagogique par l&rsquo;organisation d&rsquo;une journ\u00e9e d&rsquo;\u00e9tude consacr\u00e9e \u00e0 l&rsquo;histoire du caftan alg\u00e9rien \u00e0 l&rsquo;\u00e8re du renouveau et aux m\u00e9canismes de sa pr\u00e9servation, compl\u00e9t\u00e9e par des ateliers de formation sp\u00e9cialement destin\u00e9s aux \u00e9tudiants de l&rsquo;Institut d&rsquo;arch\u00e9ologie de l&rsquo;Universit\u00e9 d&rsquo;Alger II et de l&rsquo;\u00c9cole nationale sup\u00e9rieure de conservation et de restauration des biens culturels de Tipaza. Cette collaboration inter-institutionnelle illustre parfaitement la volont\u00e9 de transmettre ces savoirs techniques aux nouvelles g\u00e9n\u00e9rations d&rsquo;experts. L&rsquo;exposition acad\u00e9mique, pr\u00e9sent\u00e9e par la chercheuse en patrimoine culturel alg\u00e9rien, Professeure Aicha Hanafi, constituera le c\u0153ur scientifique de la manifestation, mettant en lumi\u00e8re l&rsquo;histoire du caftan alg\u00e9rien \u00e0 travers ses diff\u00e9rents mod\u00e8les et accessoires, avec la participation d&rsquo;artisans sp\u00e9cialis\u00e9s en broderie, couture et conception issus de quatorze wilayas. Le festival culminera avec l&rsquo;annonce des laur\u00e9ats du concours \u00ab\u00a0Caftan Challenge 2025\u00a0\u00bb, initiative novatrice qui conjugue tradition et modernit\u00e9, encourageant les jeunes cr\u00e9ateurs \u00e0 r\u00e9inventer l&rsquo;h\u00e9ritage tout en respectant ses codes authentiques. Cette manifestation s&rsquo;impose comme un laboratoire vivant de la transmission patrimoniale, o\u00f9 la pr\u00e9servation des habits traditionnels devient un acte politique et culturel majeur, affirmant que l&rsquo;identit\u00e9 nationale se tisse aussi dans les fils de soie et les motifs brod\u00e9s qui racontent l&rsquo;histoire mill\u00e9naire d&rsquo;un peuple.<\/p>\n\n\n\n<p>Mohand Seghir<\/p>\n","protected":false},"excerpt":{"rendered":"<p>Du 30 ao\u00fbt au 2 septembre 2025, le Centre des arts et de la culture \u00ab\u00a0Palais des Rais\u00a0\u00bb &#8211; Bastion<\/p>\n","protected":false},"author":6,"featured_media":72553,"comment_status":"open","ping_status":"closed","sticky":false,"template":"","format":"standard","meta":{"colormag_page_container_layout":"default_layout","colormag_page_sidebar_layout":"default_layout","om_disable_all_campaigns":false,"_monsterinsights_skip_tracking":false,"_monsterinsights_sitenote_active":false,"_monsterinsights_sitenote_note":"","_monsterinsights_sitenote_category":0,"footnotes":"","_wpscppro_dont_share_socialmedia":false,"_wpscppro_custom_social_share_image":0,"_facebook_share_type":"default","_twitter_share_type":"default","_linkedin_share_type":"default","_pinterest_share_type":"default","_linkedin_share_type_page":"","_instagram_share_type":"default","_medium_share_type":"default","_threads_share_type":"default","_google_business_share_type":"default","_selected_social_profile":[],"_wpsp_enable_custom_social_template":false,"_wpsp_social_scheduling":{"enabled":false,"datetime":null,"platforms":[],"status":"template_only","dateOption":"today","timeOption":"now","customDays":"","customHours":"","customDate":"","customTime":"","schedulingType":"absolute"},"_wpsp_active_default_template":true},"categories":[36],"tags":[],"class_list":["post-72552","post","type-post","status-publish","format-standard","has-post-thumbnail","hentry","category-culture"],"aioseo_notices":[],"yoast_head":"<!-- This site is optimized with the Yoast SEO plugin v27.5 - https:\/\/yoast.com\/product\/yoast-seo-wordpress\/ -->\n<title>Festival culturel national du costume traditionnel\u00a0: Le caftan alg\u00e9rien \u00e0 l&rsquo;honneur - La Sentinelle<\/title>\n<meta name=\"robots\" content=\"index, follow, max-snippet:-1, max-image-preview:large, max-video-preview:-1\" \/>\n<link rel=\"canonical\" href=\"https:\/\/lasentinelle.dz\/index.php\/2025\/08\/27\/festival-culturel-national-du-costume-traditionnel-le-caftan-algerien-a-lhonneur\/\" \/>\n<meta property=\"og:locale\" content=\"fr_FR\" \/>\n<meta property=\"og:type\" content=\"article\" \/>\n<meta property=\"og:title\" content=\"Festival culturel national du costume traditionnel\u00a0: Le caftan alg\u00e9rien \u00e0 l&rsquo;honneur - La Sentinelle\" \/>\n<meta property=\"og:description\" content=\"Du 30 ao\u00fbt au 2 septembre 2025, le Centre des arts et de la culture \u00ab\u00a0Palais des Rais\u00a0\u00bb &#8211; Bastion\" \/>\n<meta property=\"og:url\" content=\"https:\/\/lasentinelle.dz\/index.php\/2025\/08\/27\/festival-culturel-national-du-costume-traditionnel-le-caftan-algerien-a-lhonneur\/\" \/>\n<meta property=\"og:site_name\" content=\"La Sentinelle\" \/>\n<meta property=\"article:publisher\" content=\"https:\/\/www.facebook.com\/La-Sentinelle-104059864394773\" \/>\n<meta property=\"article:published_time\" content=\"2025-08-27T18:12:37+00:00\" \/>\n<meta property=\"article:modified_time\" content=\"2025-08-29T18:14:48+00:00\" \/>\n<meta property=\"og:image\" content=\"https:\/\/lasentinelle.dz\/wp-content\/uploads\/2025\/08\/caftan.jpg\" \/>\n\t<meta property=\"og:image:width\" content=\"580\" \/>\n\t<meta property=\"og:image:height\" content=\"350\" \/>\n\t<meta property=\"og:image:type\" content=\"image\/jpeg\" \/>\n<meta name=\"author\" content=\"admin\" \/>\n<meta name=\"twitter:card\" content=\"summary_large_image\" \/>\n<meta name=\"twitter:label1\" content=\"\u00c9crit par\" \/>\n\t<meta name=\"twitter:data1\" content=\"admin\" \/>\n\t<meta name=\"twitter:label2\" content=\"Dur\u00e9e de lecture estim\u00e9e\" \/>\n\t<meta name=\"twitter:data2\" content=\"3 minutes\" \/>\n<script type=\"application\/ld+json\" class=\"yoast-schema-graph\">{\"@context\":\"https:\\\/\\\/schema.org\",\"@graph\":[{\"@type\":\"Article\",\"@id\":\"https:\\\/\\\/lasentinelle.dz\\\/index.php\\\/2025\\\/08\\\/27\\\/festival-culturel-national-du-costume-traditionnel-le-caftan-algerien-a-lhonneur\\\/#article\",\"isPartOf\":{\"@id\":\"https:\\\/\\\/lasentinelle.dz\\\/index.php\\\/2025\\\/08\\\/27\\\/festival-culturel-national-du-costume-traditionnel-le-caftan-algerien-a-lhonneur\\\/\"},\"author\":{\"name\":\"admin\",\"@id\":\"https:\\\/\\\/lasentinelle.dz\\\/#\\\/schema\\\/person\\\/729ee0024f24e0b8c5ec17232f8e8b41\"},\"headline\":\"Festival culturel national du costume traditionnel\u00a0: Le caftan alg\u00e9rien \u00e0 l&rsquo;honneur\",\"datePublished\":\"2025-08-27T18:12:37+00:00\",\"dateModified\":\"2025-08-29T18:14:48+00:00\",\"mainEntityOfPage\":{\"@id\":\"https:\\\/\\\/lasentinelle.dz\\\/index.php\\\/2025\\\/08\\\/27\\\/festival-culturel-national-du-costume-traditionnel-le-caftan-algerien-a-lhonneur\\\/\"},\"wordCount\":597,\"commentCount\":0,\"publisher\":{\"@id\":\"https:\\\/\\\/lasentinelle.dz\\\/#organization\"},\"image\":{\"@id\":\"https:\\\/\\\/lasentinelle.dz\\\/index.php\\\/2025\\\/08\\\/27\\\/festival-culturel-national-du-costume-traditionnel-le-caftan-algerien-a-lhonneur\\\/#primaryimage\"},\"thumbnailUrl\":\"https:\\\/\\\/lasentinelle.dz\\\/wp-content\\\/uploads\\\/2025\\\/08\\\/caftan.jpg\",\"articleSection\":[\"Culture\"],\"inLanguage\":\"fr-FR\",\"potentialAction\":[{\"@type\":\"CommentAction\",\"name\":\"Comment\",\"target\":[\"https:\\\/\\\/lasentinelle.dz\\\/index.php\\\/2025\\\/08\\\/27\\\/festival-culturel-national-du-costume-traditionnel-le-caftan-algerien-a-lhonneur\\\/#respond\"]}]},{\"@type\":\"WebPage\",\"@id\":\"https:\\\/\\\/lasentinelle.dz\\\/index.php\\\/2025\\\/08\\\/27\\\/festival-culturel-national-du-costume-traditionnel-le-caftan-algerien-a-lhonneur\\\/\",\"url\":\"https:\\\/\\\/lasentinelle.dz\\\/index.php\\\/2025\\\/08\\\/27\\\/festival-culturel-national-du-costume-traditionnel-le-caftan-algerien-a-lhonneur\\\/\",\"name\":\"Festival culturel national du costume traditionnel\u00a0: Le caftan alg\u00e9rien \u00e0 l&rsquo;honneur - La Sentinelle\",\"isPartOf\":{\"@id\":\"https:\\\/\\\/lasentinelle.dz\\\/#website\"},\"primaryImageOfPage\":{\"@id\":\"https:\\\/\\\/lasentinelle.dz\\\/index.php\\\/2025\\\/08\\\/27\\\/festival-culturel-national-du-costume-traditionnel-le-caftan-algerien-a-lhonneur\\\/#primaryimage\"},\"image\":{\"@id\":\"https:\\\/\\\/lasentinelle.dz\\\/index.php\\\/2025\\\/08\\\/27\\\/festival-culturel-national-du-costume-traditionnel-le-caftan-algerien-a-lhonneur\\\/#primaryimage\"},\"thumbnailUrl\":\"https:\\\/\\\/lasentinelle.dz\\\/wp-content\\\/uploads\\\/2025\\\/08\\\/caftan.jpg\",\"datePublished\":\"2025-08-27T18:12:37+00:00\",\"dateModified\":\"2025-08-29T18:14:48+00:00\",\"breadcrumb\":{\"@id\":\"https:\\\/\\\/lasentinelle.dz\\\/index.php\\\/2025\\\/08\\\/27\\\/festival-culturel-national-du-costume-traditionnel-le-caftan-algerien-a-lhonneur\\\/#breadcrumb\"},\"inLanguage\":\"fr-FR\",\"potentialAction\":[{\"@type\":\"ReadAction\",\"target\":[\"https:\\\/\\\/lasentinelle.dz\\\/index.php\\\/2025\\\/08\\\/27\\\/festival-culturel-national-du-costume-traditionnel-le-caftan-algerien-a-lhonneur\\\/\"]}]},{\"@type\":\"ImageObject\",\"inLanguage\":\"fr-FR\",\"@id\":\"https:\\\/\\\/lasentinelle.dz\\\/index.php\\\/2025\\\/08\\\/27\\\/festival-culturel-national-du-costume-traditionnel-le-caftan-algerien-a-lhonneur\\\/#primaryimage\",\"url\":\"https:\\\/\\\/lasentinelle.dz\\\/wp-content\\\/uploads\\\/2025\\\/08\\\/caftan.jpg\",\"contentUrl\":\"https:\\\/\\\/lasentinelle.dz\\\/wp-content\\\/uploads\\\/2025\\\/08\\\/caftan.jpg\",\"width\":580,\"height\":350},{\"@type\":\"BreadcrumbList\",\"@id\":\"https:\\\/\\\/lasentinelle.dz\\\/index.php\\\/2025\\\/08\\\/27\\\/festival-culturel-national-du-costume-traditionnel-le-caftan-algerien-a-lhonneur\\\/#breadcrumb\",\"itemListElement\":[{\"@type\":\"ListItem\",\"position\":1,\"name\":\"Accueil\",\"item\":\"https:\\\/\\\/lasentinelle.dz\\\/\"},{\"@type\":\"ListItem\",\"position\":2,\"name\":\"Festival culturel national du costume traditionnel\u00a0: Le caftan alg\u00e9rien \u00e0 l&rsquo;honneur\"}]},{\"@type\":\"WebSite\",\"@id\":\"https:\\\/\\\/lasentinelle.dz\\\/#website\",\"url\":\"https:\\\/\\\/lasentinelle.dz\\\/\",\"name\":\"La Sentinelle\",\"description\":\"Quotidien national d&#039;information\",\"publisher\":{\"@id\":\"https:\\\/\\\/lasentinelle.dz\\\/#organization\"},\"potentialAction\":[{\"@type\":\"SearchAction\",\"target\":{\"@type\":\"EntryPoint\",\"urlTemplate\":\"https:\\\/\\\/lasentinelle.dz\\\/?s={search_term_string}\"},\"query-input\":{\"@type\":\"PropertyValueSpecification\",\"valueRequired\":true,\"valueName\":\"search_term_string\"}}],\"inLanguage\":\"fr-FR\"},{\"@type\":\"Organization\",\"@id\":\"https:\\\/\\\/lasentinelle.dz\\\/#organization\",\"name\":\"Quotidien La Sentinelle\",\"url\":\"https:\\\/\\\/lasentinelle.dz\\\/\",\"logo\":{\"@type\":\"ImageObject\",\"inLanguage\":\"fr-FR\",\"@id\":\"https:\\\/\\\/lasentinelle.dz\\\/#\\\/schema\\\/logo\\\/image\\\/\",\"url\":\"https:\\\/\\\/lasentinelle.dz\\\/wp-content\\\/uploads\\\/2021\\\/09\\\/logo-sentinelleSLOGAN-1.png\",\"contentUrl\":\"https:\\\/\\\/lasentinelle.dz\\\/wp-content\\\/uploads\\\/2021\\\/09\\\/logo-sentinelleSLOGAN-1.png\",\"width\":615,\"height\":142,\"caption\":\"Quotidien La Sentinelle\"},\"image\":{\"@id\":\"https:\\\/\\\/lasentinelle.dz\\\/#\\\/schema\\\/logo\\\/image\\\/\"},\"sameAs\":[\"https:\\\/\\\/www.facebook.com\\\/La-Sentinelle-104059864394773\"]},{\"@type\":\"Person\",\"@id\":\"https:\\\/\\\/lasentinelle.dz\\\/#\\\/schema\\\/person\\\/729ee0024f24e0b8c5ec17232f8e8b41\",\"name\":\"admin\",\"image\":{\"@type\":\"ImageObject\",\"inLanguage\":\"fr-FR\",\"@id\":\"https:\\\/\\\/secure.gravatar.com\\\/avatar\\\/4c81fed838786e9b53f540bf46533e750f5d292099ae3b66cfc6fb1982e29df7?s=96&d=mm&r=g\",\"url\":\"https:\\\/\\\/secure.gravatar.com\\\/avatar\\\/4c81fed838786e9b53f540bf46533e750f5d292099ae3b66cfc6fb1982e29df7?s=96&d=mm&r=g\",\"contentUrl\":\"https:\\\/\\\/secure.gravatar.com\\\/avatar\\\/4c81fed838786e9b53f540bf46533e750f5d292099ae3b66cfc6fb1982e29df7?s=96&d=mm&r=g\",\"caption\":\"admin\"},\"description\":\"admin\",\"url\":\"https:\\\/\\\/lasentinelle.dz\\\/author\\\/admin\\\/\"}]}<\/script>\n<!-- \/ Yoast SEO plugin. -->","yoast_head_json":{"title":"Festival culturel national du costume traditionnel\u00a0: Le caftan alg\u00e9rien \u00e0 l&rsquo;honneur - La Sentinelle","robots":{"index":"index","follow":"follow","max-snippet":"max-snippet:-1","max-image-preview":"max-image-preview:large","max-video-preview":"max-video-preview:-1"},"canonical":"https:\/\/lasentinelle.dz\/index.php\/2025\/08\/27\/festival-culturel-national-du-costume-traditionnel-le-caftan-algerien-a-lhonneur\/","og_locale":"fr_FR","og_type":"article","og_title":"Festival culturel national du costume traditionnel\u00a0: Le caftan alg\u00e9rien \u00e0 l&rsquo;honneur - La Sentinelle","og_description":"Du 30 ao\u00fbt au 2 septembre 2025, le Centre des arts et de la culture \u00ab\u00a0Palais des Rais\u00a0\u00bb &#8211; Bastion","og_url":"https:\/\/lasentinelle.dz\/index.php\/2025\/08\/27\/festival-culturel-national-du-costume-traditionnel-le-caftan-algerien-a-lhonneur\/","og_site_name":"La Sentinelle","article_publisher":"https:\/\/www.facebook.com\/La-Sentinelle-104059864394773","article_published_time":"2025-08-27T18:12:37+00:00","article_modified_time":"2025-08-29T18:14:48+00:00","og_image":[{"width":580,"height":350,"url":"https:\/\/lasentinelle.dz\/wp-content\/uploads\/2025\/08\/caftan.jpg","type":"image\/jpeg"}],"author":"admin","twitter_card":"summary_large_image","twitter_misc":{"\u00c9crit par":"admin","Dur\u00e9e de lecture estim\u00e9e":"3 minutes"},"schema":{"@context":"https:\/\/schema.org","@graph":[{"@type":"Article","@id":"https:\/\/lasentinelle.dz\/index.php\/2025\/08\/27\/festival-culturel-national-du-costume-traditionnel-le-caftan-algerien-a-lhonneur\/#article","isPartOf":{"@id":"https:\/\/lasentinelle.dz\/index.php\/2025\/08\/27\/festival-culturel-national-du-costume-traditionnel-le-caftan-algerien-a-lhonneur\/"},"author":{"name":"admin","@id":"https:\/\/lasentinelle.dz\/#\/schema\/person\/729ee0024f24e0b8c5ec17232f8e8b41"},"headline":"Festival culturel national du costume traditionnel\u00a0: Le caftan alg\u00e9rien \u00e0 l&rsquo;honneur","datePublished":"2025-08-27T18:12:37+00:00","dateModified":"2025-08-29T18:14:48+00:00","mainEntityOfPage":{"@id":"https:\/\/lasentinelle.dz\/index.php\/2025\/08\/27\/festival-culturel-national-du-costume-traditionnel-le-caftan-algerien-a-lhonneur\/"},"wordCount":597,"commentCount":0,"publisher":{"@id":"https:\/\/lasentinelle.dz\/#organization"},"image":{"@id":"https:\/\/lasentinelle.dz\/index.php\/2025\/08\/27\/festival-culturel-national-du-costume-traditionnel-le-caftan-algerien-a-lhonneur\/#primaryimage"},"thumbnailUrl":"https:\/\/lasentinelle.dz\/wp-content\/uploads\/2025\/08\/caftan.jpg","articleSection":["Culture"],"inLanguage":"fr-FR","potentialAction":[{"@type":"CommentAction","name":"Comment","target":["https:\/\/lasentinelle.dz\/index.php\/2025\/08\/27\/festival-culturel-national-du-costume-traditionnel-le-caftan-algerien-a-lhonneur\/#respond"]}]},{"@type":"WebPage","@id":"https:\/\/lasentinelle.dz\/index.php\/2025\/08\/27\/festival-culturel-national-du-costume-traditionnel-le-caftan-algerien-a-lhonneur\/","url":"https:\/\/lasentinelle.dz\/index.php\/2025\/08\/27\/festival-culturel-national-du-costume-traditionnel-le-caftan-algerien-a-lhonneur\/","name":"Festival culturel national du costume traditionnel\u00a0: Le caftan alg\u00e9rien \u00e0 l&rsquo;honneur - La Sentinelle","isPartOf":{"@id":"https:\/\/lasentinelle.dz\/#website"},"primaryImageOfPage":{"@id":"https:\/\/lasentinelle.dz\/index.php\/2025\/08\/27\/festival-culturel-national-du-costume-traditionnel-le-caftan-algerien-a-lhonneur\/#primaryimage"},"image":{"@id":"https:\/\/lasentinelle.dz\/index.php\/2025\/08\/27\/festival-culturel-national-du-costume-traditionnel-le-caftan-algerien-a-lhonneur\/#primaryimage"},"thumbnailUrl":"https:\/\/lasentinelle.dz\/wp-content\/uploads\/2025\/08\/caftan.jpg","datePublished":"2025-08-27T18:12:37+00:00","dateModified":"2025-08-29T18:14:48+00:00","breadcrumb":{"@id":"https:\/\/lasentinelle.dz\/index.php\/2025\/08\/27\/festival-culturel-national-du-costume-traditionnel-le-caftan-algerien-a-lhonneur\/#breadcrumb"},"inLanguage":"fr-FR","potentialAction":[{"@type":"ReadAction","target":["https:\/\/lasentinelle.dz\/index.php\/2025\/08\/27\/festival-culturel-national-du-costume-traditionnel-le-caftan-algerien-a-lhonneur\/"]}]},{"@type":"ImageObject","inLanguage":"fr-FR","@id":"https:\/\/lasentinelle.dz\/index.php\/2025\/08\/27\/festival-culturel-national-du-costume-traditionnel-le-caftan-algerien-a-lhonneur\/#primaryimage","url":"https:\/\/lasentinelle.dz\/wp-content\/uploads\/2025\/08\/caftan.jpg","contentUrl":"https:\/\/lasentinelle.dz\/wp-content\/uploads\/2025\/08\/caftan.jpg","width":580,"height":350},{"@type":"BreadcrumbList","@id":"https:\/\/lasentinelle.dz\/index.php\/2025\/08\/27\/festival-culturel-national-du-costume-traditionnel-le-caftan-algerien-a-lhonneur\/#breadcrumb","itemListElement":[{"@type":"ListItem","position":1,"name":"Accueil","item":"https:\/\/lasentinelle.dz\/"},{"@type":"ListItem","position":2,"name":"Festival culturel national du costume traditionnel\u00a0: Le caftan alg\u00e9rien \u00e0 l&rsquo;honneur"}]},{"@type":"WebSite","@id":"https:\/\/lasentinelle.dz\/#website","url":"https:\/\/lasentinelle.dz\/","name":"La Sentinelle","description":"Quotidien national d&#039;information","publisher":{"@id":"https:\/\/lasentinelle.dz\/#organization"},"potentialAction":[{"@type":"SearchAction","target":{"@type":"EntryPoint","urlTemplate":"https:\/\/lasentinelle.dz\/?s={search_term_string}"},"query-input":{"@type":"PropertyValueSpecification","valueRequired":true,"valueName":"search_term_string"}}],"inLanguage":"fr-FR"},{"@type":"Organization","@id":"https:\/\/lasentinelle.dz\/#organization","name":"Quotidien La Sentinelle","url":"https:\/\/lasentinelle.dz\/","logo":{"@type":"ImageObject","inLanguage":"fr-FR","@id":"https:\/\/lasentinelle.dz\/#\/schema\/logo\/image\/","url":"https:\/\/lasentinelle.dz\/wp-content\/uploads\/2021\/09\/logo-sentinelleSLOGAN-1.png","contentUrl":"https:\/\/lasentinelle.dz\/wp-content\/uploads\/2021\/09\/logo-sentinelleSLOGAN-1.png","width":615,"height":142,"caption":"Quotidien La Sentinelle"},"image":{"@id":"https:\/\/lasentinelle.dz\/#\/schema\/logo\/image\/"},"sameAs":["https:\/\/www.facebook.com\/La-Sentinelle-104059864394773"]},{"@type":"Person","@id":"https:\/\/lasentinelle.dz\/#\/schema\/person\/729ee0024f24e0b8c5ec17232f8e8b41","name":"admin","image":{"@type":"ImageObject","inLanguage":"fr-FR","@id":"https:\/\/secure.gravatar.com\/avatar\/4c81fed838786e9b53f540bf46533e750f5d292099ae3b66cfc6fb1982e29df7?s=96&d=mm&r=g","url":"https:\/\/secure.gravatar.com\/avatar\/4c81fed838786e9b53f540bf46533e750f5d292099ae3b66cfc6fb1982e29df7?s=96&d=mm&r=g","contentUrl":"https:\/\/secure.gravatar.com\/avatar\/4c81fed838786e9b53f540bf46533e750f5d292099ae3b66cfc6fb1982e29df7?s=96&d=mm&r=g","caption":"admin"},"description":"admin","url":"https:\/\/lasentinelle.dz\/author\/admin\/"}]}},"_links":{"self":[{"href":"https:\/\/lasentinelle.dz\/index.php\/wp-json\/wp\/v2\/posts\/72552","targetHints":{"allow":["GET"]}}],"collection":[{"href":"https:\/\/lasentinelle.dz\/index.php\/wp-json\/wp\/v2\/posts"}],"about":[{"href":"https:\/\/lasentinelle.dz\/index.php\/wp-json\/wp\/v2\/types\/post"}],"author":[{"embeddable":true,"href":"https:\/\/lasentinelle.dz\/index.php\/wp-json\/wp\/v2\/users\/6"}],"replies":[{"embeddable":true,"href":"https:\/\/lasentinelle.dz\/index.php\/wp-json\/wp\/v2\/comments?post=72552"}],"version-history":[{"count":2,"href":"https:\/\/lasentinelle.dz\/index.php\/wp-json\/wp\/v2\/posts\/72552\/revisions"}],"predecessor-version":[{"id":72555,"href":"https:\/\/lasentinelle.dz\/index.php\/wp-json\/wp\/v2\/posts\/72552\/revisions\/72555"}],"wp:featuredmedia":[{"embeddable":true,"href":"https:\/\/lasentinelle.dz\/index.php\/wp-json\/wp\/v2\/media\/72553"}],"wp:attachment":[{"href":"https:\/\/lasentinelle.dz\/index.php\/wp-json\/wp\/v2\/media?parent=72552"}],"wp:term":[{"taxonomy":"category","embeddable":true,"href":"https:\/\/lasentinelle.dz\/index.php\/wp-json\/wp\/v2\/categories?post=72552"},{"taxonomy":"post_tag","embeddable":true,"href":"https:\/\/lasentinelle.dz\/index.php\/wp-json\/wp\/v2\/tags?post=72552"}],"curies":[{"name":"wp","href":"https:\/\/api.w.org\/{rel}","templated":true}]}}