{"id":72556,"date":"2025-08-27T19:13:40","date_gmt":"2025-08-27T18:13:40","guid":{"rendered":"https:\/\/lasentinelle.dz\/?p=72556"},"modified":"2025-08-29T19:14:38","modified_gmt":"2025-08-29T18:14:38","slug":"volley-ball-assis-sur-sable-une-premiere-nationale-au-service-de-linclusion","status":"publish","type":"post","link":"https:\/\/lasentinelle.dz\/index.php\/2025\/08\/27\/volley-ball-assis-sur-sable-une-premiere-nationale-au-service-de-linclusion\/","title":{"rendered":"Volley-ball-assis sur sable\u00a0: Une premi\u00e8re nationale au service de l&rsquo;inclusion"},"content":{"rendered":"\n<p>La plage des Hamadis \u00e0 Tichy, dans la wilaya c\u00f4ti\u00e8re de B\u00e9ja\u00efa, a abrit\u00e9, derni\u00e8rement, le lancement officiel de la discipline du para-volleyball sur sable, une premi\u00e8re nationale marquante d&rsquo;un sport adapt\u00e9, destin\u00e9 aux personnes en situation de handicap et qui a r\u00e9uni six \u00e9quipes venues disputer un titre symbolique qui restera dans les annales du handisport alg\u00e9rien. &nbsp;Cette initiative pionni\u00e8re \u00e0 l\u2019\u00e9chelle nationale, port\u00e9e par l\u2019Association sportive des handicap\u00e9s d\u2019Amizour, sous la conduite de son pr\u00e9sident Achour Bouhenni, d\u00e9passe le simple cadre d\u2019un \u00e9v\u00e9nement sportif. Elle se veut un acte fondateur, alliant d\u00e9fi physique, message social fort et volont\u00e9 politique d\u2019int\u00e9gration. Dans un d\u00e9cor naturel o\u00f9 se m\u00ealent sable dor\u00e9 et mer azur de la plage de Tichy, ce projet a rassembl\u00e9 athl\u00e8tes, b\u00e9n\u00e9voles, familles et curieux, venus assister \u00e0 un spectacle sportif in\u00e9dit, empreint de symboles. Au-del\u00e0 des r\u00e9sultats, notamment la victoire du club Raja de Batna face \u00e0 Ouargla (2-0) en finale de ce premier tournoi, cette rencontre entre joueurs d&rsquo;\u00e9lite a port\u00e9 un message fort : une r\u00e9ponse concr\u00e8te au besoin d\u2019int\u00e9gration des personnes en situation de handicap, souvent rel\u00e9gu\u00e9es au second plan dans les pratiques sportives. \u00ab\u00a0C\u2019est un sport de haute intensit\u00e9. Chaque mouvement demande un effort consid\u00e9rable. Mais c\u2019est aussi un sport de c\u0153ur, de volont\u00e9, de d\u00e9passement de soi\u00a0\u00bb, explique Achour Bouhenni, visiblement \u00e9mu par le succ\u00e8s de l\u2019\u00e9v\u00e9nement. Pour lui, cette initiative avait un objectif clair : \u00ab\u00a0montrer que nos athl\u00e8tes ne sont pas des spectateurs de la vie, mais bien des acteurs \u00e0 part enti\u00e8re, capables de briller dans l\u2019ar\u00e8ne sportive.\u00a0\u00bb L\u2019\u00e9v\u00e9nement a b\u00e9n\u00e9fici\u00e9 du soutien actif des autorit\u00e9s locales, d\u2019associations, et de partenaires, ainsi que de nombreux b\u00e9n\u00e9voles, tous convaincus du potentiel de cette discipline, \u00e0 la fois spectaculaire et porteuse de fortes valeurs humaines.<\/p>\n\n\n\n<p>R.S.<\/p>\n","protected":false},"excerpt":{"rendered":"<p>La plage des Hamadis \u00e0 Tichy, dans la wilaya c\u00f4ti\u00e8re de B\u00e9ja\u00efa, a abrit\u00e9, derni\u00e8rement, le lancement officiel de la<\/p>\n","protected":false},"author":6,"featured_media":72557,"comment_status":"open","ping_status":"closed","sticky":false,"template":"","format":"standard","meta":{"colormag_page_container_layout":"default_layout","colormag_page_sidebar_layout":"default_layout","om_disable_all_campaigns":false,"_monsterinsights_skip_tracking":false,"_monsterinsights_sitenote_active":false,"_monsterinsights_sitenote_note":"","_monsterinsights_sitenote_category":0,"footnotes":"","_wpscppro_dont_share_socialmedia":false,"_wpscppro_custom_social_share_image":0,"_facebook_share_type":"default","_twitter_share_type":"default","_linkedin_share_type":"default","_pinterest_share_type":"default","_linkedin_share_type_page":"","_instagram_share_type":"default","_medium_share_type":"default","_threads_share_type":"default","_google_business_share_type":"default","_selected_social_profile":[],"_wpsp_enable_custom_social_template":false,"_wpsp_social_scheduling":{"enabled":false,"datetime":null,"platforms":[],"status":"template_only","dateOption":"today","timeOption":"now","customDays":"","customHours":"","customDate":"","customTime":"","schedulingType":"absolute"},"_wpsp_active_default_template":true},"categories":[33],"tags":[],"class_list":["post-72556","post","type-post","status-publish","format-standard","has-post-thumbnail","hentry","category-sports"],"aioseo_notices":[],"yoast_head":"<!-- This site is optimized with the Yoast SEO plugin v27.5 - https:\/\/yoast.com\/product\/yoast-seo-wordpress\/ -->\n<title>Volley-ball-assis sur sable\u00a0: Une premi\u00e8re nationale au service de l&rsquo;inclusion - La Sentinelle<\/title>\n<meta name=\"robots\" content=\"index, follow, max-snippet:-1, max-image-preview:large, max-video-preview:-1\" \/>\n<link rel=\"canonical\" href=\"https:\/\/lasentinelle.dz\/index.php\/2025\/08\/27\/volley-ball-assis-sur-sable-une-premiere-nationale-au-service-de-linclusion\/\" \/>\n<meta property=\"og:locale\" content=\"fr_FR\" \/>\n<meta property=\"og:type\" content=\"article\" \/>\n<meta property=\"og:title\" content=\"Volley-ball-assis sur sable\u00a0: Une premi\u00e8re nationale au service de l&rsquo;inclusion - La Sentinelle\" \/>\n<meta property=\"og:description\" content=\"La plage des Hamadis \u00e0 Tichy, dans la wilaya c\u00f4ti\u00e8re de B\u00e9ja\u00efa, a abrit\u00e9, derni\u00e8rement, le lancement officiel de la\" \/>\n<meta property=\"og:url\" content=\"https:\/\/lasentinelle.dz\/index.php\/2025\/08\/27\/volley-ball-assis-sur-sable-une-premiere-nationale-au-service-de-linclusion\/\" \/>\n<meta property=\"og:site_name\" content=\"La Sentinelle\" \/>\n<meta property=\"article:publisher\" content=\"https:\/\/www.facebook.com\/La-Sentinelle-104059864394773\" \/>\n<meta property=\"article:published_time\" content=\"2025-08-27T18:13:40+00:00\" \/>\n<meta property=\"article:modified_time\" content=\"2025-08-29T18:14:38+00:00\" \/>\n<meta property=\"og:image\" content=\"https:\/\/lasentinelle.dz\/wp-content\/uploads\/2025\/08\/beache-volley-assis.jpg\" \/>\n\t<meta property=\"og:image:width\" content=\"2048\" \/>\n\t<meta property=\"og:image:height\" content=\"921\" \/>\n\t<meta property=\"og:image:type\" content=\"image\/jpeg\" \/>\n<meta name=\"author\" content=\"admin\" \/>\n<meta name=\"twitter:card\" content=\"summary_large_image\" \/>\n<meta name=\"twitter:label1\" content=\"\u00c9crit par\" \/>\n\t<meta name=\"twitter:data1\" content=\"admin\" \/>\n\t<meta name=\"twitter:label2\" content=\"Dur\u00e9e de lecture estim\u00e9e\" \/>\n\t<meta name=\"twitter:data2\" content=\"2 minutes\" \/>\n<script type=\"application\/ld+json\" class=\"yoast-schema-graph\">{\"@context\":\"https:\\\/\\\/schema.org\",\"@graph\":[{\"@type\":\"Article\",\"@id\":\"https:\\\/\\\/lasentinelle.dz\\\/index.php\\\/2025\\\/08\\\/27\\\/volley-ball-assis-sur-sable-une-premiere-nationale-au-service-de-linclusion\\\/#article\",\"isPartOf\":{\"@id\":\"https:\\\/\\\/lasentinelle.dz\\\/index.php\\\/2025\\\/08\\\/27\\\/volley-ball-assis-sur-sable-une-premiere-nationale-au-service-de-linclusion\\\/\"},\"author\":{\"name\":\"admin\",\"@id\":\"https:\\\/\\\/lasentinelle.dz\\\/#\\\/schema\\\/person\\\/729ee0024f24e0b8c5ec17232f8e8b41\"},\"headline\":\"Volley-ball-assis sur sable\u00a0: Une premi\u00e8re nationale au service de l&rsquo;inclusion\",\"datePublished\":\"2025-08-27T18:13:40+00:00\",\"dateModified\":\"2025-08-29T18:14:38+00:00\",\"mainEntityOfPage\":{\"@id\":\"https:\\\/\\\/lasentinelle.dz\\\/index.php\\\/2025\\\/08\\\/27\\\/volley-ball-assis-sur-sable-une-premiere-nationale-au-service-de-linclusion\\\/\"},\"wordCount\":359,\"commentCount\":0,\"publisher\":{\"@id\":\"https:\\\/\\\/lasentinelle.dz\\\/#organization\"},\"image\":{\"@id\":\"https:\\\/\\\/lasentinelle.dz\\\/index.php\\\/2025\\\/08\\\/27\\\/volley-ball-assis-sur-sable-une-premiere-nationale-au-service-de-linclusion\\\/#primaryimage\"},\"thumbnailUrl\":\"https:\\\/\\\/lasentinelle.dz\\\/wp-content\\\/uploads\\\/2025\\\/08\\\/beache-volley-assis.jpg\",\"articleSection\":[\"Sports\"],\"inLanguage\":\"fr-FR\",\"potentialAction\":[{\"@type\":\"CommentAction\",\"name\":\"Comment\",\"target\":[\"https:\\\/\\\/lasentinelle.dz\\\/index.php\\\/2025\\\/08\\\/27\\\/volley-ball-assis-sur-sable-une-premiere-nationale-au-service-de-linclusion\\\/#respond\"]}]},{\"@type\":\"WebPage\",\"@id\":\"https:\\\/\\\/lasentinelle.dz\\\/index.php\\\/2025\\\/08\\\/27\\\/volley-ball-assis-sur-sable-une-premiere-nationale-au-service-de-linclusion\\\/\",\"url\":\"https:\\\/\\\/lasentinelle.dz\\\/index.php\\\/2025\\\/08\\\/27\\\/volley-ball-assis-sur-sable-une-premiere-nationale-au-service-de-linclusion\\\/\",\"name\":\"Volley-ball-assis sur sable\u00a0: Une premi\u00e8re nationale au service de l&rsquo;inclusion - La Sentinelle\",\"isPartOf\":{\"@id\":\"https:\\\/\\\/lasentinelle.dz\\\/#website\"},\"primaryImageOfPage\":{\"@id\":\"https:\\\/\\\/lasentinelle.dz\\\/index.php\\\/2025\\\/08\\\/27\\\/volley-ball-assis-sur-sable-une-premiere-nationale-au-service-de-linclusion\\\/#primaryimage\"},\"image\":{\"@id\":\"https:\\\/\\\/lasentinelle.dz\\\/index.php\\\/2025\\\/08\\\/27\\\/volley-ball-assis-sur-sable-une-premiere-nationale-au-service-de-linclusion\\\/#primaryimage\"},\"thumbnailUrl\":\"https:\\\/\\\/lasentinelle.dz\\\/wp-content\\\/uploads\\\/2025\\\/08\\\/beache-volley-assis.jpg\",\"datePublished\":\"2025-08-27T18:13:40+00:00\",\"dateModified\":\"2025-08-29T18:14:38+00:00\",\"breadcrumb\":{\"@id\":\"https:\\\/\\\/lasentinelle.dz\\\/index.php\\\/2025\\\/08\\\/27\\\/volley-ball-assis-sur-sable-une-premiere-nationale-au-service-de-linclusion\\\/#breadcrumb\"},\"inLanguage\":\"fr-FR\",\"potentialAction\":[{\"@type\":\"ReadAction\",\"target\":[\"https:\\\/\\\/lasentinelle.dz\\\/index.php\\\/2025\\\/08\\\/27\\\/volley-ball-assis-sur-sable-une-premiere-nationale-au-service-de-linclusion\\\/\"]}]},{\"@type\":\"ImageObject\",\"inLanguage\":\"fr-FR\",\"@id\":\"https:\\\/\\\/lasentinelle.dz\\\/index.php\\\/2025\\\/08\\\/27\\\/volley-ball-assis-sur-sable-une-premiere-nationale-au-service-de-linclusion\\\/#primaryimage\",\"url\":\"https:\\\/\\\/lasentinelle.dz\\\/wp-content\\\/uploads\\\/2025\\\/08\\\/beache-volley-assis.jpg\",\"contentUrl\":\"https:\\\/\\\/lasentinelle.dz\\\/wp-content\\\/uploads\\\/2025\\\/08\\\/beache-volley-assis.jpg\",\"width\":2048,\"height\":921},{\"@type\":\"BreadcrumbList\",\"@id\":\"https:\\\/\\\/lasentinelle.dz\\\/index.php\\\/2025\\\/08\\\/27\\\/volley-ball-assis-sur-sable-une-premiere-nationale-au-service-de-linclusion\\\/#breadcrumb\",\"itemListElement\":[{\"@type\":\"ListItem\",\"position\":1,\"name\":\"Accueil\",\"item\":\"https:\\\/\\\/lasentinelle.dz\\\/\"},{\"@type\":\"ListItem\",\"position\":2,\"name\":\"Volley-ball-assis sur sable\u00a0: Une premi\u00e8re nationale au service de l&rsquo;inclusion\"}]},{\"@type\":\"WebSite\",\"@id\":\"https:\\\/\\\/lasentinelle.dz\\\/#website\",\"url\":\"https:\\\/\\\/lasentinelle.dz\\\/\",\"name\":\"La Sentinelle\",\"description\":\"Quotidien national d&#039;information\",\"publisher\":{\"@id\":\"https:\\\/\\\/lasentinelle.dz\\\/#organization\"},\"potentialAction\":[{\"@type\":\"SearchAction\",\"target\":{\"@type\":\"EntryPoint\",\"urlTemplate\":\"https:\\\/\\\/lasentinelle.dz\\\/?s={search_term_string}\"},\"query-input\":{\"@type\":\"PropertyValueSpecification\",\"valueRequired\":true,\"valueName\":\"search_term_string\"}}],\"inLanguage\":\"fr-FR\"},{\"@type\":\"Organization\",\"@id\":\"https:\\\/\\\/lasentinelle.dz\\\/#organization\",\"name\":\"Quotidien La Sentinelle\",\"url\":\"https:\\\/\\\/lasentinelle.dz\\\/\",\"logo\":{\"@type\":\"ImageObject\",\"inLanguage\":\"fr-FR\",\"@id\":\"https:\\\/\\\/lasentinelle.dz\\\/#\\\/schema\\\/logo\\\/image\\\/\",\"url\":\"https:\\\/\\\/lasentinelle.dz\\\/wp-content\\\/uploads\\\/2021\\\/09\\\/logo-sentinelleSLOGAN-1.png\",\"contentUrl\":\"https:\\\/\\\/lasentinelle.dz\\\/wp-content\\\/uploads\\\/2021\\\/09\\\/logo-sentinelleSLOGAN-1.png\",\"width\":615,\"height\":142,\"caption\":\"Quotidien La Sentinelle\"},\"image\":{\"@id\":\"https:\\\/\\\/lasentinelle.dz\\\/#\\\/schema\\\/logo\\\/image\\\/\"},\"sameAs\":[\"https:\\\/\\\/www.facebook.com\\\/La-Sentinelle-104059864394773\"]},{\"@type\":\"Person\",\"@id\":\"https:\\\/\\\/lasentinelle.dz\\\/#\\\/schema\\\/person\\\/729ee0024f24e0b8c5ec17232f8e8b41\",\"name\":\"admin\",\"image\":{\"@type\":\"ImageObject\",\"inLanguage\":\"fr-FR\",\"@id\":\"https:\\\/\\\/secure.gravatar.com\\\/avatar\\\/4c81fed838786e9b53f540bf46533e750f5d292099ae3b66cfc6fb1982e29df7?s=96&d=mm&r=g\",\"url\":\"https:\\\/\\\/secure.gravatar.com\\\/avatar\\\/4c81fed838786e9b53f540bf46533e750f5d292099ae3b66cfc6fb1982e29df7?s=96&d=mm&r=g\",\"contentUrl\":\"https:\\\/\\\/secure.gravatar.com\\\/avatar\\\/4c81fed838786e9b53f540bf46533e750f5d292099ae3b66cfc6fb1982e29df7?s=96&d=mm&r=g\",\"caption\":\"admin\"},\"description\":\"admin\",\"url\":\"https:\\\/\\\/lasentinelle.dz\\\/author\\\/admin\\\/\"}]}<\/script>\n<!-- \/ Yoast SEO plugin. -->","yoast_head_json":{"title":"Volley-ball-assis sur sable\u00a0: Une premi\u00e8re nationale au service de l&rsquo;inclusion - La Sentinelle","robots":{"index":"index","follow":"follow","max-snippet":"max-snippet:-1","max-image-preview":"max-image-preview:large","max-video-preview":"max-video-preview:-1"},"canonical":"https:\/\/lasentinelle.dz\/index.php\/2025\/08\/27\/volley-ball-assis-sur-sable-une-premiere-nationale-au-service-de-linclusion\/","og_locale":"fr_FR","og_type":"article","og_title":"Volley-ball-assis sur sable\u00a0: Une premi\u00e8re nationale au service de l&rsquo;inclusion - La Sentinelle","og_description":"La plage des Hamadis \u00e0 Tichy, dans la wilaya c\u00f4ti\u00e8re de B\u00e9ja\u00efa, a abrit\u00e9, derni\u00e8rement, le lancement officiel de la","og_url":"https:\/\/lasentinelle.dz\/index.php\/2025\/08\/27\/volley-ball-assis-sur-sable-une-premiere-nationale-au-service-de-linclusion\/","og_site_name":"La Sentinelle","article_publisher":"https:\/\/www.facebook.com\/La-Sentinelle-104059864394773","article_published_time":"2025-08-27T18:13:40+00:00","article_modified_time":"2025-08-29T18:14:38+00:00","og_image":[{"width":2048,"height":921,"url":"https:\/\/lasentinelle.dz\/wp-content\/uploads\/2025\/08\/beache-volley-assis.jpg","type":"image\/jpeg"}],"author":"admin","twitter_card":"summary_large_image","twitter_misc":{"\u00c9crit par":"admin","Dur\u00e9e de lecture estim\u00e9e":"2 minutes"},"schema":{"@context":"https:\/\/schema.org","@graph":[{"@type":"Article","@id":"https:\/\/lasentinelle.dz\/index.php\/2025\/08\/27\/volley-ball-assis-sur-sable-une-premiere-nationale-au-service-de-linclusion\/#article","isPartOf":{"@id":"https:\/\/lasentinelle.dz\/index.php\/2025\/08\/27\/volley-ball-assis-sur-sable-une-premiere-nationale-au-service-de-linclusion\/"},"author":{"name":"admin","@id":"https:\/\/lasentinelle.dz\/#\/schema\/person\/729ee0024f24e0b8c5ec17232f8e8b41"},"headline":"Volley-ball-assis sur sable\u00a0: Une premi\u00e8re nationale au service de l&rsquo;inclusion","datePublished":"2025-08-27T18:13:40+00:00","dateModified":"2025-08-29T18:14:38+00:00","mainEntityOfPage":{"@id":"https:\/\/lasentinelle.dz\/index.php\/2025\/08\/27\/volley-ball-assis-sur-sable-une-premiere-nationale-au-service-de-linclusion\/"},"wordCount":359,"commentCount":0,"publisher":{"@id":"https:\/\/lasentinelle.dz\/#organization"},"image":{"@id":"https:\/\/lasentinelle.dz\/index.php\/2025\/08\/27\/volley-ball-assis-sur-sable-une-premiere-nationale-au-service-de-linclusion\/#primaryimage"},"thumbnailUrl":"https:\/\/lasentinelle.dz\/wp-content\/uploads\/2025\/08\/beache-volley-assis.jpg","articleSection":["Sports"],"inLanguage":"fr-FR","potentialAction":[{"@type":"CommentAction","name":"Comment","target":["https:\/\/lasentinelle.dz\/index.php\/2025\/08\/27\/volley-ball-assis-sur-sable-une-premiere-nationale-au-service-de-linclusion\/#respond"]}]},{"@type":"WebPage","@id":"https:\/\/lasentinelle.dz\/index.php\/2025\/08\/27\/volley-ball-assis-sur-sable-une-premiere-nationale-au-service-de-linclusion\/","url":"https:\/\/lasentinelle.dz\/index.php\/2025\/08\/27\/volley-ball-assis-sur-sable-une-premiere-nationale-au-service-de-linclusion\/","name":"Volley-ball-assis sur sable\u00a0: Une premi\u00e8re nationale au service de l&rsquo;inclusion - La Sentinelle","isPartOf":{"@id":"https:\/\/lasentinelle.dz\/#website"},"primaryImageOfPage":{"@id":"https:\/\/lasentinelle.dz\/index.php\/2025\/08\/27\/volley-ball-assis-sur-sable-une-premiere-nationale-au-service-de-linclusion\/#primaryimage"},"image":{"@id":"https:\/\/lasentinelle.dz\/index.php\/2025\/08\/27\/volley-ball-assis-sur-sable-une-premiere-nationale-au-service-de-linclusion\/#primaryimage"},"thumbnailUrl":"https:\/\/lasentinelle.dz\/wp-content\/uploads\/2025\/08\/beache-volley-assis.jpg","datePublished":"2025-08-27T18:13:40+00:00","dateModified":"2025-08-29T18:14:38+00:00","breadcrumb":{"@id":"https:\/\/lasentinelle.dz\/index.php\/2025\/08\/27\/volley-ball-assis-sur-sable-une-premiere-nationale-au-service-de-linclusion\/#breadcrumb"},"inLanguage":"fr-FR","potentialAction":[{"@type":"ReadAction","target":["https:\/\/lasentinelle.dz\/index.php\/2025\/08\/27\/volley-ball-assis-sur-sable-une-premiere-nationale-au-service-de-linclusion\/"]}]},{"@type":"ImageObject","inLanguage":"fr-FR","@id":"https:\/\/lasentinelle.dz\/index.php\/2025\/08\/27\/volley-ball-assis-sur-sable-une-premiere-nationale-au-service-de-linclusion\/#primaryimage","url":"https:\/\/lasentinelle.dz\/wp-content\/uploads\/2025\/08\/beache-volley-assis.jpg","contentUrl":"https:\/\/lasentinelle.dz\/wp-content\/uploads\/2025\/08\/beache-volley-assis.jpg","width":2048,"height":921},{"@type":"BreadcrumbList","@id":"https:\/\/lasentinelle.dz\/index.php\/2025\/08\/27\/volley-ball-assis-sur-sable-une-premiere-nationale-au-service-de-linclusion\/#breadcrumb","itemListElement":[{"@type":"ListItem","position":1,"name":"Accueil","item":"https:\/\/lasentinelle.dz\/"},{"@type":"ListItem","position":2,"name":"Volley-ball-assis sur sable\u00a0: Une premi\u00e8re nationale au service de l&rsquo;inclusion"}]},{"@type":"WebSite","@id":"https:\/\/lasentinelle.dz\/#website","url":"https:\/\/lasentinelle.dz\/","name":"La Sentinelle","description":"Quotidien national d&#039;information","publisher":{"@id":"https:\/\/lasentinelle.dz\/#organization"},"potentialAction":[{"@type":"SearchAction","target":{"@type":"EntryPoint","urlTemplate":"https:\/\/lasentinelle.dz\/?s={search_term_string}"},"query-input":{"@type":"PropertyValueSpecification","valueRequired":true,"valueName":"search_term_string"}}],"inLanguage":"fr-FR"},{"@type":"Organization","@id":"https:\/\/lasentinelle.dz\/#organization","name":"Quotidien La Sentinelle","url":"https:\/\/lasentinelle.dz\/","logo":{"@type":"ImageObject","inLanguage":"fr-FR","@id":"https:\/\/lasentinelle.dz\/#\/schema\/logo\/image\/","url":"https:\/\/lasentinelle.dz\/wp-content\/uploads\/2021\/09\/logo-sentinelleSLOGAN-1.png","contentUrl":"https:\/\/lasentinelle.dz\/wp-content\/uploads\/2021\/09\/logo-sentinelleSLOGAN-1.png","width":615,"height":142,"caption":"Quotidien La Sentinelle"},"image":{"@id":"https:\/\/lasentinelle.dz\/#\/schema\/logo\/image\/"},"sameAs":["https:\/\/www.facebook.com\/La-Sentinelle-104059864394773"]},{"@type":"Person","@id":"https:\/\/lasentinelle.dz\/#\/schema\/person\/729ee0024f24e0b8c5ec17232f8e8b41","name":"admin","image":{"@type":"ImageObject","inLanguage":"fr-FR","@id":"https:\/\/secure.gravatar.com\/avatar\/4c81fed838786e9b53f540bf46533e750f5d292099ae3b66cfc6fb1982e29df7?s=96&d=mm&r=g","url":"https:\/\/secure.gravatar.com\/avatar\/4c81fed838786e9b53f540bf46533e750f5d292099ae3b66cfc6fb1982e29df7?s=96&d=mm&r=g","contentUrl":"https:\/\/secure.gravatar.com\/avatar\/4c81fed838786e9b53f540bf46533e750f5d292099ae3b66cfc6fb1982e29df7?s=96&d=mm&r=g","caption":"admin"},"description":"admin","url":"https:\/\/lasentinelle.dz\/author\/admin\/"}]}},"_links":{"self":[{"href":"https:\/\/lasentinelle.dz\/index.php\/wp-json\/wp\/v2\/posts\/72556","targetHints":{"allow":["GET"]}}],"collection":[{"href":"https:\/\/lasentinelle.dz\/index.php\/wp-json\/wp\/v2\/posts"}],"about":[{"href":"https:\/\/lasentinelle.dz\/index.php\/wp-json\/wp\/v2\/types\/post"}],"author":[{"embeddable":true,"href":"https:\/\/lasentinelle.dz\/index.php\/wp-json\/wp\/v2\/users\/6"}],"replies":[{"embeddable":true,"href":"https:\/\/lasentinelle.dz\/index.php\/wp-json\/wp\/v2\/comments?post=72556"}],"version-history":[{"count":2,"href":"https:\/\/lasentinelle.dz\/index.php\/wp-json\/wp\/v2\/posts\/72556\/revisions"}],"predecessor-version":[{"id":72559,"href":"https:\/\/lasentinelle.dz\/index.php\/wp-json\/wp\/v2\/posts\/72556\/revisions\/72559"}],"wp:featuredmedia":[{"embeddable":true,"href":"https:\/\/lasentinelle.dz\/index.php\/wp-json\/wp\/v2\/media\/72557"}],"wp:attachment":[{"href":"https:\/\/lasentinelle.dz\/index.php\/wp-json\/wp\/v2\/media?parent=72556"}],"wp:term":[{"taxonomy":"category","embeddable":true,"href":"https:\/\/lasentinelle.dz\/index.php\/wp-json\/wp\/v2\/categories?post=72556"},{"taxonomy":"post_tag","embeddable":true,"href":"https:\/\/lasentinelle.dz\/index.php\/wp-json\/wp\/v2\/tags?post=72556"}],"curies":[{"name":"wp","href":"https:\/\/api.w.org\/{rel}","templated":true}]}}