{"id":72560,"date":"2025-08-27T19:15:17","date_gmt":"2025-08-27T18:15:17","guid":{"rendered":"https:\/\/lasentinelle.dz\/?p=72560"},"modified":"2025-08-29T19:16:41","modified_gmt":"2025-08-29T18:16:41","slug":"mondiaux-de-judo-des-cadets-7e-place-pour-lalgerienne-nadine-dahoumane","status":"publish","type":"post","link":"https:\/\/lasentinelle.dz\/index.php\/2025\/08\/27\/mondiaux-de-judo-des-cadets-7e-place-pour-lalgerienne-nadine-dahoumane\/","title":{"rendered":"Mondiaux de judo des cadets\u00a0: 7e place pour l&rsquo;Alg\u00e9rienne Nadine Dahoumane"},"content":{"rendered":"\n<p>La jeune judoka alg\u00e9rienne Chiraz Nadine Dahoumane a d\u00e9croch\u00e9 ce mercredi matin \u00e0 Sofia la septi\u00e8me place chez les -40kgs, aux Championnats du monde 2025 des cadets, actuellement en cours \u00e0 Sofia en Bulgarie. Exempt\u00e9e du premier tour dans la Poule, Dahoumane avait fait son entr\u00e9e en lice directement au deuxi\u00e8me tour, o\u00f9 elle a \u00e9limin\u00e9 la Serbe Hana Vukmirovic, se qualifiant ainsi pour la finale de sa Poule. En finale de sa poule, la jeune internationale alg\u00e9rienne a d\u00e9fi\u00e9 la Turque Nur Sema Yuksel contre laquelle elle s&rsquo;est s&rsquo;inclin\u00e9e, mais le fait d&rsquo;avoir atteint la finale de sa Poule lui a offert une seconde chance au rep\u00eachage. Dans son premier match des rep\u00eachage, Dahoumane a affront\u00e9 la Mongole Khulan Bayarzul, mais elle s&rsquo;est de nouveau inclin\u00e9e, se contentant ainsi de la septi\u00e8me place au classement final de cette cat\u00e9gorie de poids. Le deuxi\u00e8me repr\u00e9sentant alg\u00e9rien lors de cette premi\u00e8re journ\u00e9e des Mondiaux-2025 (cadets), Sahraoui Ala-Eddine a eu moins de chance, puisqu&rsquo;il a \u00e9t\u00e9 \u00e9limin\u00e9 d\u00e8s son entr\u00e9e en lice au second tour. Exempt\u00e9 du premier tour dans la Poule (A) des moins de 50 kg, l&rsquo;Alg\u00e9rien avait d\u00e9but\u00e9 son parcours directement au 2e tour, o\u00f9 il a perdu contre le Br\u00e9silien Arthur Melo, qui venait d&rsquo;\u00e9liminer le G\u00e9orgien Saba Bolkvadze au premier tour. L&rsquo;Alg\u00e9rie compte deux autres repr\u00e9sentants dans cette comp\u00e9tition plan\u00e9taire, qui se d\u00e9roule du 27 au 30 ao\u00fbt dans la capitale bulgare, \u00e0 savoir: Mohamed Amine Degouah (-60 kg) chez les gar\u00e7ons et Asma Rym Miloudi (+73 kg) chez les filles. Degouah a \u00e9t\u00e9 vers\u00e9 dans la Poule (C) des moins de 60 kg et il d\u00e9butera directement au deuxi\u00e8me tour, contre le vainqueur du combat mettant aux prises le Tadjik Loiq Kudbudinov et le Chypriote Nestoras Hadjiyiannis, alors que Miloudi devra d\u00e9buter au premier tour dans la poule (A) des plus de 70 kg, o\u00f9 elle affrontera la Canadienne Emiliya Aliyeva. Les autres cat\u00e9gories de poids retenues pour cette comp\u00e9tition sont celles des -55 kg, -66 kg, -73 kg, -81 kg, -90 kg et +90 kg, chez les gar\u00e7ons, ainsi que celles des -44 kg, -48 kg, -52 kg, -57 kg, -63 kg et -70 kg chez les filles. Selon les organisateurs, 556 athl\u00e8tes (298 Gar\u00e7ons et 258 Filles), repr\u00e9sentant 72 pays, des six continents, sont engag\u00e9s dans les \u00e9preuves individuelles de ces Mondiaux. Avec 20 athl\u00e8tes engag\u00e9s, le Canada, le Kazakhstan et le Kyrgyzstan font partie des pays les mieux repr\u00e9sent\u00e9s, devant la Mongolie (19) et la Gr\u00e8ce (18). Les \u00e9preuves individuelles de ces Mondiaux-2025 des cadets seront imm\u00e9diatement suivis des \u00e9preuves du \u00ab\u00a0par \u00e9quipes mixtes\u00a0\u00bb, pr\u00e9vues en une seule journ\u00e9e, le 31 ao\u00fbt. (APS)<\/p>\n","protected":false},"excerpt":{"rendered":"<p>La jeune judoka alg\u00e9rienne Chiraz Nadine Dahoumane a d\u00e9croch\u00e9 ce mercredi matin \u00e0 Sofia la septi\u00e8me place chez les -40kgs,<\/p>\n","protected":false},"author":6,"featured_media":72561,"comment_status":"open","ping_status":"closed","sticky":false,"template":"","format":"standard","meta":{"colormag_page_container_layout":"default_layout","colormag_page_sidebar_layout":"default_layout","om_disable_all_campaigns":false,"_monsterinsights_skip_tracking":false,"_monsterinsights_sitenote_active":false,"_monsterinsights_sitenote_note":"","_monsterinsights_sitenote_category":0,"footnotes":"","_wpscppro_dont_share_socialmedia":false,"_wpscppro_custom_social_share_image":0,"_facebook_share_type":"default","_twitter_share_type":"default","_linkedin_share_type":"default","_pinterest_share_type":"default","_linkedin_share_type_page":"","_instagram_share_type":"default","_medium_share_type":"default","_threads_share_type":"default","_google_business_share_type":"default","_selected_social_profile":[],"_wpsp_enable_custom_social_template":false,"_wpsp_social_scheduling":{"enabled":false,"datetime":null,"platforms":[],"status":"template_only","dateOption":"today","timeOption":"now","customDays":"","customHours":"","customDate":"","customTime":"","schedulingType":"absolute"},"_wpsp_active_default_template":true},"categories":[33],"tags":[],"class_list":["post-72560","post","type-post","status-publish","format-standard","has-post-thumbnail","hentry","category-sports"],"aioseo_notices":[],"yoast_head":"<!-- This site is optimized with the Yoast SEO plugin v27.4 - https:\/\/yoast.com\/product\/yoast-seo-wordpress\/ -->\n<title>Mondiaux de judo des cadets\u00a0: 7e place pour l&rsquo;Alg\u00e9rienne Nadine Dahoumane - La Sentinelle<\/title>\n<meta name=\"robots\" content=\"index, follow, max-snippet:-1, max-image-preview:large, max-video-preview:-1\" \/>\n<link rel=\"canonical\" href=\"https:\/\/lasentinelle.dz\/index.php\/2025\/08\/27\/mondiaux-de-judo-des-cadets-7e-place-pour-lalgerienne-nadine-dahoumane\/\" \/>\n<meta property=\"og:locale\" content=\"fr_FR\" \/>\n<meta property=\"og:type\" content=\"article\" \/>\n<meta property=\"og:title\" content=\"Mondiaux de judo des cadets\u00a0: 7e place pour l&rsquo;Alg\u00e9rienne Nadine Dahoumane - La Sentinelle\" \/>\n<meta property=\"og:description\" content=\"La jeune judoka alg\u00e9rienne Chiraz Nadine Dahoumane a d\u00e9croch\u00e9 ce mercredi matin \u00e0 Sofia la septi\u00e8me place chez les -40kgs,\" \/>\n<meta property=\"og:url\" content=\"https:\/\/lasentinelle.dz\/index.php\/2025\/08\/27\/mondiaux-de-judo-des-cadets-7e-place-pour-lalgerienne-nadine-dahoumane\/\" \/>\n<meta property=\"og:site_name\" content=\"La Sentinelle\" \/>\n<meta property=\"article:publisher\" content=\"https:\/\/www.facebook.com\/La-Sentinelle-104059864394773\" \/>\n<meta property=\"article:published_time\" content=\"2025-08-27T18:15:17+00:00\" \/>\n<meta property=\"article:modified_time\" content=\"2025-08-29T18:16:41+00:00\" \/>\n<meta property=\"og:image\" content=\"https:\/\/lasentinelle.dz\/wp-content\/uploads\/2025\/08\/Nadine-Dahoumane-.jpeg\" \/>\n\t<meta property=\"og:image:width\" content=\"1106\" \/>\n\t<meta property=\"og:image:height\" content=\"754\" \/>\n\t<meta property=\"og:image:type\" content=\"image\/jpeg\" \/>\n<meta name=\"author\" content=\"admin\" \/>\n<meta name=\"twitter:card\" content=\"summary_large_image\" \/>\n<meta name=\"twitter:label1\" content=\"\u00c9crit par\" \/>\n\t<meta name=\"twitter:data1\" content=\"admin\" \/>\n\t<meta name=\"twitter:label2\" content=\"Dur\u00e9e de lecture estim\u00e9e\" \/>\n\t<meta name=\"twitter:data2\" content=\"3 minutes\" \/>\n<script type=\"application\/ld+json\" class=\"yoast-schema-graph\">{\"@context\":\"https:\\\/\\\/schema.org\",\"@graph\":[{\"@type\":\"Article\",\"@id\":\"https:\\\/\\\/lasentinelle.dz\\\/index.php\\\/2025\\\/08\\\/27\\\/mondiaux-de-judo-des-cadets-7e-place-pour-lalgerienne-nadine-dahoumane\\\/#article\",\"isPartOf\":{\"@id\":\"https:\\\/\\\/lasentinelle.dz\\\/index.php\\\/2025\\\/08\\\/27\\\/mondiaux-de-judo-des-cadets-7e-place-pour-lalgerienne-nadine-dahoumane\\\/\"},\"author\":{\"name\":\"admin\",\"@id\":\"https:\\\/\\\/lasentinelle.dz\\\/#\\\/schema\\\/person\\\/729ee0024f24e0b8c5ec17232f8e8b41\"},\"headline\":\"Mondiaux de judo des cadets\u00a0: 7e place pour l&rsquo;Alg\u00e9rienne Nadine Dahoumane\",\"datePublished\":\"2025-08-27T18:15:17+00:00\",\"dateModified\":\"2025-08-29T18:16:41+00:00\",\"mainEntityOfPage\":{\"@id\":\"https:\\\/\\\/lasentinelle.dz\\\/index.php\\\/2025\\\/08\\\/27\\\/mondiaux-de-judo-des-cadets-7e-place-pour-lalgerienne-nadine-dahoumane\\\/\"},\"wordCount\":495,\"commentCount\":0,\"publisher\":{\"@id\":\"https:\\\/\\\/lasentinelle.dz\\\/#organization\"},\"image\":{\"@id\":\"https:\\\/\\\/lasentinelle.dz\\\/index.php\\\/2025\\\/08\\\/27\\\/mondiaux-de-judo-des-cadets-7e-place-pour-lalgerienne-nadine-dahoumane\\\/#primaryimage\"},\"thumbnailUrl\":\"https:\\\/\\\/lasentinelle.dz\\\/wp-content\\\/uploads\\\/2025\\\/08\\\/Nadine-Dahoumane-.jpeg\",\"articleSection\":[\"Sports\"],\"inLanguage\":\"fr-FR\",\"potentialAction\":[{\"@type\":\"CommentAction\",\"name\":\"Comment\",\"target\":[\"https:\\\/\\\/lasentinelle.dz\\\/index.php\\\/2025\\\/08\\\/27\\\/mondiaux-de-judo-des-cadets-7e-place-pour-lalgerienne-nadine-dahoumane\\\/#respond\"]}]},{\"@type\":\"WebPage\",\"@id\":\"https:\\\/\\\/lasentinelle.dz\\\/index.php\\\/2025\\\/08\\\/27\\\/mondiaux-de-judo-des-cadets-7e-place-pour-lalgerienne-nadine-dahoumane\\\/\",\"url\":\"https:\\\/\\\/lasentinelle.dz\\\/index.php\\\/2025\\\/08\\\/27\\\/mondiaux-de-judo-des-cadets-7e-place-pour-lalgerienne-nadine-dahoumane\\\/\",\"name\":\"Mondiaux de judo des cadets\u00a0: 7e place pour l&rsquo;Alg\u00e9rienne Nadine Dahoumane - La Sentinelle\",\"isPartOf\":{\"@id\":\"https:\\\/\\\/lasentinelle.dz\\\/#website\"},\"primaryImageOfPage\":{\"@id\":\"https:\\\/\\\/lasentinelle.dz\\\/index.php\\\/2025\\\/08\\\/27\\\/mondiaux-de-judo-des-cadets-7e-place-pour-lalgerienne-nadine-dahoumane\\\/#primaryimage\"},\"image\":{\"@id\":\"https:\\\/\\\/lasentinelle.dz\\\/index.php\\\/2025\\\/08\\\/27\\\/mondiaux-de-judo-des-cadets-7e-place-pour-lalgerienne-nadine-dahoumane\\\/#primaryimage\"},\"thumbnailUrl\":\"https:\\\/\\\/lasentinelle.dz\\\/wp-content\\\/uploads\\\/2025\\\/08\\\/Nadine-Dahoumane-.jpeg\",\"datePublished\":\"2025-08-27T18:15:17+00:00\",\"dateModified\":\"2025-08-29T18:16:41+00:00\",\"breadcrumb\":{\"@id\":\"https:\\\/\\\/lasentinelle.dz\\\/index.php\\\/2025\\\/08\\\/27\\\/mondiaux-de-judo-des-cadets-7e-place-pour-lalgerienne-nadine-dahoumane\\\/#breadcrumb\"},\"inLanguage\":\"fr-FR\",\"potentialAction\":[{\"@type\":\"ReadAction\",\"target\":[\"https:\\\/\\\/lasentinelle.dz\\\/index.php\\\/2025\\\/08\\\/27\\\/mondiaux-de-judo-des-cadets-7e-place-pour-lalgerienne-nadine-dahoumane\\\/\"]}]},{\"@type\":\"ImageObject\",\"inLanguage\":\"fr-FR\",\"@id\":\"https:\\\/\\\/lasentinelle.dz\\\/index.php\\\/2025\\\/08\\\/27\\\/mondiaux-de-judo-des-cadets-7e-place-pour-lalgerienne-nadine-dahoumane\\\/#primaryimage\",\"url\":\"https:\\\/\\\/lasentinelle.dz\\\/wp-content\\\/uploads\\\/2025\\\/08\\\/Nadine-Dahoumane-.jpeg\",\"contentUrl\":\"https:\\\/\\\/lasentinelle.dz\\\/wp-content\\\/uploads\\\/2025\\\/08\\\/Nadine-Dahoumane-.jpeg\",\"width\":1106,\"height\":754},{\"@type\":\"BreadcrumbList\",\"@id\":\"https:\\\/\\\/lasentinelle.dz\\\/index.php\\\/2025\\\/08\\\/27\\\/mondiaux-de-judo-des-cadets-7e-place-pour-lalgerienne-nadine-dahoumane\\\/#breadcrumb\",\"itemListElement\":[{\"@type\":\"ListItem\",\"position\":1,\"name\":\"Accueil\",\"item\":\"https:\\\/\\\/lasentinelle.dz\\\/\"},{\"@type\":\"ListItem\",\"position\":2,\"name\":\"Mondiaux de judo des cadets\u00a0: 7e place pour l&rsquo;Alg\u00e9rienne Nadine Dahoumane\"}]},{\"@type\":\"WebSite\",\"@id\":\"https:\\\/\\\/lasentinelle.dz\\\/#website\",\"url\":\"https:\\\/\\\/lasentinelle.dz\\\/\",\"name\":\"La Sentinelle\",\"description\":\"Quotidien national d&#039;information\",\"publisher\":{\"@id\":\"https:\\\/\\\/lasentinelle.dz\\\/#organization\"},\"potentialAction\":[{\"@type\":\"SearchAction\",\"target\":{\"@type\":\"EntryPoint\",\"urlTemplate\":\"https:\\\/\\\/lasentinelle.dz\\\/?s={search_term_string}\"},\"query-input\":{\"@type\":\"PropertyValueSpecification\",\"valueRequired\":true,\"valueName\":\"search_term_string\"}}],\"inLanguage\":\"fr-FR\"},{\"@type\":\"Organization\",\"@id\":\"https:\\\/\\\/lasentinelle.dz\\\/#organization\",\"name\":\"Quotidien La Sentinelle\",\"url\":\"https:\\\/\\\/lasentinelle.dz\\\/\",\"logo\":{\"@type\":\"ImageObject\",\"inLanguage\":\"fr-FR\",\"@id\":\"https:\\\/\\\/lasentinelle.dz\\\/#\\\/schema\\\/logo\\\/image\\\/\",\"url\":\"https:\\\/\\\/lasentinelle.dz\\\/wp-content\\\/uploads\\\/2021\\\/09\\\/logo-sentinelleSLOGAN-1.png\",\"contentUrl\":\"https:\\\/\\\/lasentinelle.dz\\\/wp-content\\\/uploads\\\/2021\\\/09\\\/logo-sentinelleSLOGAN-1.png\",\"width\":615,\"height\":142,\"caption\":\"Quotidien La Sentinelle\"},\"image\":{\"@id\":\"https:\\\/\\\/lasentinelle.dz\\\/#\\\/schema\\\/logo\\\/image\\\/\"},\"sameAs\":[\"https:\\\/\\\/www.facebook.com\\\/La-Sentinelle-104059864394773\"]},{\"@type\":\"Person\",\"@id\":\"https:\\\/\\\/lasentinelle.dz\\\/#\\\/schema\\\/person\\\/729ee0024f24e0b8c5ec17232f8e8b41\",\"name\":\"admin\",\"image\":{\"@type\":\"ImageObject\",\"inLanguage\":\"fr-FR\",\"@id\":\"https:\\\/\\\/secure.gravatar.com\\\/avatar\\\/4c81fed838786e9b53f540bf46533e750f5d292099ae3b66cfc6fb1982e29df7?s=96&d=mm&r=g\",\"url\":\"https:\\\/\\\/secure.gravatar.com\\\/avatar\\\/4c81fed838786e9b53f540bf46533e750f5d292099ae3b66cfc6fb1982e29df7?s=96&d=mm&r=g\",\"contentUrl\":\"https:\\\/\\\/secure.gravatar.com\\\/avatar\\\/4c81fed838786e9b53f540bf46533e750f5d292099ae3b66cfc6fb1982e29df7?s=96&d=mm&r=g\",\"caption\":\"admin\"},\"description\":\"admin\",\"url\":\"https:\\\/\\\/lasentinelle.dz\\\/author\\\/admin\\\/\"}]}<\/script>\n<!-- \/ Yoast SEO plugin. -->","yoast_head_json":{"title":"Mondiaux de judo des cadets\u00a0: 7e place pour l&rsquo;Alg\u00e9rienne Nadine Dahoumane - La Sentinelle","robots":{"index":"index","follow":"follow","max-snippet":"max-snippet:-1","max-image-preview":"max-image-preview:large","max-video-preview":"max-video-preview:-1"},"canonical":"https:\/\/lasentinelle.dz\/index.php\/2025\/08\/27\/mondiaux-de-judo-des-cadets-7e-place-pour-lalgerienne-nadine-dahoumane\/","og_locale":"fr_FR","og_type":"article","og_title":"Mondiaux de judo des cadets\u00a0: 7e place pour l&rsquo;Alg\u00e9rienne Nadine Dahoumane - La Sentinelle","og_description":"La jeune judoka alg\u00e9rienne Chiraz Nadine Dahoumane a d\u00e9croch\u00e9 ce mercredi matin \u00e0 Sofia la septi\u00e8me place chez les -40kgs,","og_url":"https:\/\/lasentinelle.dz\/index.php\/2025\/08\/27\/mondiaux-de-judo-des-cadets-7e-place-pour-lalgerienne-nadine-dahoumane\/","og_site_name":"La Sentinelle","article_publisher":"https:\/\/www.facebook.com\/La-Sentinelle-104059864394773","article_published_time":"2025-08-27T18:15:17+00:00","article_modified_time":"2025-08-29T18:16:41+00:00","og_image":[{"width":1106,"height":754,"url":"https:\/\/lasentinelle.dz\/wp-content\/uploads\/2025\/08\/Nadine-Dahoumane-.jpeg","type":"image\/jpeg"}],"author":"admin","twitter_card":"summary_large_image","twitter_misc":{"\u00c9crit par":"admin","Dur\u00e9e de lecture estim\u00e9e":"3 minutes"},"schema":{"@context":"https:\/\/schema.org","@graph":[{"@type":"Article","@id":"https:\/\/lasentinelle.dz\/index.php\/2025\/08\/27\/mondiaux-de-judo-des-cadets-7e-place-pour-lalgerienne-nadine-dahoumane\/#article","isPartOf":{"@id":"https:\/\/lasentinelle.dz\/index.php\/2025\/08\/27\/mondiaux-de-judo-des-cadets-7e-place-pour-lalgerienne-nadine-dahoumane\/"},"author":{"name":"admin","@id":"https:\/\/lasentinelle.dz\/#\/schema\/person\/729ee0024f24e0b8c5ec17232f8e8b41"},"headline":"Mondiaux de judo des cadets\u00a0: 7e place pour l&rsquo;Alg\u00e9rienne Nadine Dahoumane","datePublished":"2025-08-27T18:15:17+00:00","dateModified":"2025-08-29T18:16:41+00:00","mainEntityOfPage":{"@id":"https:\/\/lasentinelle.dz\/index.php\/2025\/08\/27\/mondiaux-de-judo-des-cadets-7e-place-pour-lalgerienne-nadine-dahoumane\/"},"wordCount":495,"commentCount":0,"publisher":{"@id":"https:\/\/lasentinelle.dz\/#organization"},"image":{"@id":"https:\/\/lasentinelle.dz\/index.php\/2025\/08\/27\/mondiaux-de-judo-des-cadets-7e-place-pour-lalgerienne-nadine-dahoumane\/#primaryimage"},"thumbnailUrl":"https:\/\/lasentinelle.dz\/wp-content\/uploads\/2025\/08\/Nadine-Dahoumane-.jpeg","articleSection":["Sports"],"inLanguage":"fr-FR","potentialAction":[{"@type":"CommentAction","name":"Comment","target":["https:\/\/lasentinelle.dz\/index.php\/2025\/08\/27\/mondiaux-de-judo-des-cadets-7e-place-pour-lalgerienne-nadine-dahoumane\/#respond"]}]},{"@type":"WebPage","@id":"https:\/\/lasentinelle.dz\/index.php\/2025\/08\/27\/mondiaux-de-judo-des-cadets-7e-place-pour-lalgerienne-nadine-dahoumane\/","url":"https:\/\/lasentinelle.dz\/index.php\/2025\/08\/27\/mondiaux-de-judo-des-cadets-7e-place-pour-lalgerienne-nadine-dahoumane\/","name":"Mondiaux de judo des cadets\u00a0: 7e place pour l&rsquo;Alg\u00e9rienne Nadine Dahoumane - La Sentinelle","isPartOf":{"@id":"https:\/\/lasentinelle.dz\/#website"},"primaryImageOfPage":{"@id":"https:\/\/lasentinelle.dz\/index.php\/2025\/08\/27\/mondiaux-de-judo-des-cadets-7e-place-pour-lalgerienne-nadine-dahoumane\/#primaryimage"},"image":{"@id":"https:\/\/lasentinelle.dz\/index.php\/2025\/08\/27\/mondiaux-de-judo-des-cadets-7e-place-pour-lalgerienne-nadine-dahoumane\/#primaryimage"},"thumbnailUrl":"https:\/\/lasentinelle.dz\/wp-content\/uploads\/2025\/08\/Nadine-Dahoumane-.jpeg","datePublished":"2025-08-27T18:15:17+00:00","dateModified":"2025-08-29T18:16:41+00:00","breadcrumb":{"@id":"https:\/\/lasentinelle.dz\/index.php\/2025\/08\/27\/mondiaux-de-judo-des-cadets-7e-place-pour-lalgerienne-nadine-dahoumane\/#breadcrumb"},"inLanguage":"fr-FR","potentialAction":[{"@type":"ReadAction","target":["https:\/\/lasentinelle.dz\/index.php\/2025\/08\/27\/mondiaux-de-judo-des-cadets-7e-place-pour-lalgerienne-nadine-dahoumane\/"]}]},{"@type":"ImageObject","inLanguage":"fr-FR","@id":"https:\/\/lasentinelle.dz\/index.php\/2025\/08\/27\/mondiaux-de-judo-des-cadets-7e-place-pour-lalgerienne-nadine-dahoumane\/#primaryimage","url":"https:\/\/lasentinelle.dz\/wp-content\/uploads\/2025\/08\/Nadine-Dahoumane-.jpeg","contentUrl":"https:\/\/lasentinelle.dz\/wp-content\/uploads\/2025\/08\/Nadine-Dahoumane-.jpeg","width":1106,"height":754},{"@type":"BreadcrumbList","@id":"https:\/\/lasentinelle.dz\/index.php\/2025\/08\/27\/mondiaux-de-judo-des-cadets-7e-place-pour-lalgerienne-nadine-dahoumane\/#breadcrumb","itemListElement":[{"@type":"ListItem","position":1,"name":"Accueil","item":"https:\/\/lasentinelle.dz\/"},{"@type":"ListItem","position":2,"name":"Mondiaux de judo des cadets\u00a0: 7e place pour l&rsquo;Alg\u00e9rienne Nadine Dahoumane"}]},{"@type":"WebSite","@id":"https:\/\/lasentinelle.dz\/#website","url":"https:\/\/lasentinelle.dz\/","name":"La Sentinelle","description":"Quotidien national d&#039;information","publisher":{"@id":"https:\/\/lasentinelle.dz\/#organization"},"potentialAction":[{"@type":"SearchAction","target":{"@type":"EntryPoint","urlTemplate":"https:\/\/lasentinelle.dz\/?s={search_term_string}"},"query-input":{"@type":"PropertyValueSpecification","valueRequired":true,"valueName":"search_term_string"}}],"inLanguage":"fr-FR"},{"@type":"Organization","@id":"https:\/\/lasentinelle.dz\/#organization","name":"Quotidien La Sentinelle","url":"https:\/\/lasentinelle.dz\/","logo":{"@type":"ImageObject","inLanguage":"fr-FR","@id":"https:\/\/lasentinelle.dz\/#\/schema\/logo\/image\/","url":"https:\/\/lasentinelle.dz\/wp-content\/uploads\/2021\/09\/logo-sentinelleSLOGAN-1.png","contentUrl":"https:\/\/lasentinelle.dz\/wp-content\/uploads\/2021\/09\/logo-sentinelleSLOGAN-1.png","width":615,"height":142,"caption":"Quotidien La Sentinelle"},"image":{"@id":"https:\/\/lasentinelle.dz\/#\/schema\/logo\/image\/"},"sameAs":["https:\/\/www.facebook.com\/La-Sentinelle-104059864394773"]},{"@type":"Person","@id":"https:\/\/lasentinelle.dz\/#\/schema\/person\/729ee0024f24e0b8c5ec17232f8e8b41","name":"admin","image":{"@type":"ImageObject","inLanguage":"fr-FR","@id":"https:\/\/secure.gravatar.com\/avatar\/4c81fed838786e9b53f540bf46533e750f5d292099ae3b66cfc6fb1982e29df7?s=96&d=mm&r=g","url":"https:\/\/secure.gravatar.com\/avatar\/4c81fed838786e9b53f540bf46533e750f5d292099ae3b66cfc6fb1982e29df7?s=96&d=mm&r=g","contentUrl":"https:\/\/secure.gravatar.com\/avatar\/4c81fed838786e9b53f540bf46533e750f5d292099ae3b66cfc6fb1982e29df7?s=96&d=mm&r=g","caption":"admin"},"description":"admin","url":"https:\/\/lasentinelle.dz\/author\/admin\/"}]}},"_links":{"self":[{"href":"https:\/\/lasentinelle.dz\/index.php\/wp-json\/wp\/v2\/posts\/72560","targetHints":{"allow":["GET"]}}],"collection":[{"href":"https:\/\/lasentinelle.dz\/index.php\/wp-json\/wp\/v2\/posts"}],"about":[{"href":"https:\/\/lasentinelle.dz\/index.php\/wp-json\/wp\/v2\/types\/post"}],"author":[{"embeddable":true,"href":"https:\/\/lasentinelle.dz\/index.php\/wp-json\/wp\/v2\/users\/6"}],"replies":[{"embeddable":true,"href":"https:\/\/lasentinelle.dz\/index.php\/wp-json\/wp\/v2\/comments?post=72560"}],"version-history":[{"count":2,"href":"https:\/\/lasentinelle.dz\/index.php\/wp-json\/wp\/v2\/posts\/72560\/revisions"}],"predecessor-version":[{"id":72563,"href":"https:\/\/lasentinelle.dz\/index.php\/wp-json\/wp\/v2\/posts\/72560\/revisions\/72563"}],"wp:featuredmedia":[{"embeddable":true,"href":"https:\/\/lasentinelle.dz\/index.php\/wp-json\/wp\/v2\/media\/72561"}],"wp:attachment":[{"href":"https:\/\/lasentinelle.dz\/index.php\/wp-json\/wp\/v2\/media?parent=72560"}],"wp:term":[{"taxonomy":"category","embeddable":true,"href":"https:\/\/lasentinelle.dz\/index.php\/wp-json\/wp\/v2\/categories?post=72560"},{"taxonomy":"post_tag","embeddable":true,"href":"https:\/\/lasentinelle.dz\/index.php\/wp-json\/wp\/v2\/tags?post=72560"}],"curies":[{"name":"wp","href":"https:\/\/api.w.org\/{rel}","templated":true}]}}