{"id":72567,"date":"2025-08-27T19:18:05","date_gmt":"2025-08-27T18:18:05","guid":{"rendered":"https:\/\/lasentinelle.dz\/?p=72567"},"modified":"2025-08-29T19:18:51","modified_gmt":"2025-08-29T18:18:51","slug":"ligue-1-mobilis-le-derby-algerois-enflamme-la-deuxieme-journee","status":"publish","type":"post","link":"https:\/\/lasentinelle.dz\/index.php\/2025\/08\/27\/ligue-1-mobilis-le-derby-algerois-enflamme-la-deuxieme-journee\/","title":{"rendered":"Ligue 1 Mobilis\u00a0: Le derby alg\u00e9rois enflamme la deuxi\u00e8me journ\u00e9e"},"content":{"rendered":"\n<p>La deuxi\u00e8me journ\u00e9e du championnat de Ligue 1 Mobilis, programm\u00e9e sur trois jours du vendredi au dimanche, s&rsquo;annonce particuli\u00e8rement all\u00e9chante avec en t\u00eate d&rsquo;affiche le prestigieux derby alg\u00e9rois entre l&rsquo;USM Alger et le MC Alger, tandis que les deux promus auront l&rsquo;occasion de confirmer leurs ambitions respectives devant leur public.<\/p>\n\n\n\n<p>Consid\u00e9r\u00e9 comme le sommet de cette deuxi\u00e8me lev\u00e9e, le derby alg\u00e9rois mettra aux prises deux formations qui nourrissent de l\u00e9gitimes ambitions pour jouer les premiers r\u00f4les cette saison. Contraints au repos forc\u00e9 lors de la journ\u00e9e inaugurale en raison du report de leurs rencontres respectives, l&rsquo;USMA et le MCA s&rsquo;affronteront exceptionnellement au stade Mustapha-Tchaker de Blida dans un contexte particulier. Sous la conduite d&rsquo;Abdelhak Benchikha, de retour aux affaires apr\u00e8s une longue absence, l&rsquo;USM Alger voudra frapper un grand coup d&rsquo;entr\u00e9e face \u00e0 son \u00e9ternel rival et entamer ainsi le nouvel exercice du bon pied. Cette confrontation rev\u00eat une importance capitale pour les Rouge et Noir qui entendent retrouver leur lustre d&rsquo;antan et s&rsquo;imposer comme un candidat cr\u00e9dible au titre. De son c\u00f4t\u00e9, le MC Alger, double champion d&rsquo;Alg\u00e9rie en titre et tenant du troph\u00e9e, cherchera \u00e0 confirmer ses ambitions l\u00e9gitimes de r\u00e9aliser la passe de trois, objectif qui passe n\u00e9cessairement par un d\u00e9but de saison r\u00e9ussi. Les Vert et Rouge \u00e9voluent d\u00e9sormais sous la houlette du technicien sud-africain Rhulani Mokwena, tr\u00e8s attendu \u00e0 l&rsquo;occasion de ce premier test grandeur nature face au rival de toujours. L&rsquo;ancien entra\u00eeneur de Mamelodi Sundowns dispose d&rsquo;un effectif de qualit\u00e9 et d&rsquo;une exp\u00e9rience du haut niveau qui devraient lui permettre d&rsquo;aborder sereinement cette \u00e9ch\u00e9ance particuli\u00e8re, malgr\u00e9 la pression inh\u00e9rente \u00e0 ce type de confrontation.<\/p>\n\n\n\n<p>Cette deuxi\u00e8me journ\u00e9e sera \u00e9galement marqu\u00e9e par les premiers pas \u00e0 domicile des deux nouveaux pensionnaires de l&rsquo;\u00e9lite, le MB Rouissat et l&rsquo;ES Ben Aknoun, qui d\u00e9couvrent ou retrouvent les joies du championnat national. Le MB Rouissat, qui s&rsquo;est hiss\u00e9 pour la premi\u00e8re fois de son histoire en Ligue 1 et a parfaitement entam\u00e9 son aventure parmi l&rsquo;\u00e9lite en s&rsquo;imposant sur le terrain de la JS Saoura lors de la journ\u00e9e inaugurale, accueillera le MC El-Bayadh dans un match qui pourrait lui permettre de confirmer son excellent d\u00e9part. Les hommes de B\u00e9char devront se montrer vigilants face \u00e0 une formation d&rsquo;El-Bayadh qui a manqu\u00e9 ses d\u00e9buts avec une d\u00e9faite \u00e0 domicile face au CS Constantine et qui aura \u00e0 c\u0153ur de r\u00e9agir rapidement. L&rsquo;ES Ben Aknoun, de son c\u00f4t\u00e9, retrouve l&rsquo;\u00e9lite apr\u00e8s une saison pass\u00e9e en Ligue 2 amateur et devra imm\u00e9diatement se confronter \u00e0 un d\u00e9fi de taille en recevant la JS Kabylie, vice-championne d&rsquo;Alg\u00e9rie la saison \u00e9coul\u00e9e. Les Canaris se sont qualitativement renforc\u00e9s durant la p\u00e9riode estivale en s&rsquo;attachant notamment les services de deux internationaux de renom, l&rsquo;attaquant Aymen Mahious et le d\u00e9fenseur Zin\u00e9dine Bela\u00efd, qui apportent leur exp\u00e9rience et leur qualit\u00e9 technique \u00e0 un effectif d\u00e9j\u00e0 bien structur\u00e9. Cette confrontation constituera un v\u00e9ritable test pour les joueurs de Ben Aknoun qui d\u00e9couvrent ou red\u00e9couvrent les exigences du plus haut niveau national. Le CR Belouizdad, troisi\u00e8me au classement final la saison derni\u00e8re, d\u00e9butera \u00e9galement sa campagne par un derby, celui qui l&rsquo;opposera au Paradou AC dans une rencontre qui s&rsquo;annonce \u00e9quilibr\u00e9e. Le Chabab, dont le match initial face au MCA avait \u00e9t\u00e9 report\u00e9, esp\u00e8re reconqu\u00e9rir le titre de champion perdu en 2024 et se doit de bien n\u00e9gocier ce premier rendez-vous pour \u00e9viter un faux-d\u00e9part pr\u00e9judiciable. Les Acad\u00e9miciens, tenus en \u00e9chec \u00e0 domicile par l&rsquo;ASO Chlef la semaine derni\u00e8re, abordent cette confrontation avec l&rsquo;intention de se racheter sous la conduite de leur entra\u00eeneur Dziri Billel. Dans les autres affiches de cette journ\u00e9e, l&rsquo;ASO Chlef croisera le fer avec l&rsquo;USM Khenchela dans une confrontation ind\u00e9cise entre deux formations aux ambitions modestes, tandis que l&rsquo;ES Mostaganem, sauv\u00e9e in extremis de la rel\u00e9gation et battue en lever de rideau \u00e0 B\u00e9jaia face \u00e0 l&rsquo;Olympique Akbou, sera confront\u00e9e \u00e0 un vrai test sur ses terres face au CS Constantine, formation qui a id\u00e9alement entam\u00e9 la saison en s&rsquo;imposant \u00e0 El-Bayadh. L&rsquo;ES S\u00e9tif, qui a conc\u00e9d\u00e9 le match nul \u00e0 Khenchela lors de la premi\u00e8re journ\u00e9e, retrouvera son antre du 8-Mai-1945 pour y recevoir la JS Saoura, dos au mur apr\u00e8s le surprenant revers conc\u00e9d\u00e9 \u00e0 B\u00e9char devant le MB Rouissat.<\/p>\n\n\n\n<p>Enfin, le stade de l&rsquo;Unit\u00e9 Maghr\u00e9bine de B\u00e9jaia abritera un duel qui promet entre l&rsquo;Olympique Akbou et le MC Oran, deux \u00e9quipes qui visent \u00e0 confirmer leur bonne entame de championnat et qui poss\u00e8dent les arguments n\u00e9cessaires pour jouer un r\u00f4le de premier plan dans cette saison qui s&rsquo;annonce particuli\u00e8rement disput\u00e9e et incertaine.<\/p>\n\n\n\n<p>Moncef D.<\/p>\n\n\n\n<p><strong>Le stade Mustapha Tchaker de Blida homologu\u00e9 pour le match USM Alger-MC Alger<\/strong><\/p>\n\n\n\n<p>La Direction de l&rsquo;USM Alger a annonc\u00e9 mercredi dans un communiqu\u00e9 que le stade Mustapha Tchaker de Blida a \u00e9t\u00e9 officiellement homologu\u00e9 pour abriter le \u00ab\u00a0big-derby\u00a0\u00bb, qui opposera son \u00e9quipe au MC Alger, dimanche \u00e0 19h00, pour le compte de la 2e journ\u00e9e du Championnat d&rsquo;Alg\u00e9rie de football, Ligue 1 \u00ab\u00a0Mobilis\u00a0\u00bb. \u00ab\u00a0La d\u00e9cision d&rsquo;homologuer le stade Mustapha Tchaker a \u00e9t\u00e9 prise \u00e0 l&rsquo;issue d&rsquo;une r\u00e9union de coordination, tenue sur place, en pr\u00e9sence du Directeur du stade, du Secr\u00e9taire G\u00e9n\u00e9ral de la Ligue de football professionnel (LFP), d&rsquo;un repr\u00e9sentant de la Protection Civile, d&rsquo;un repr\u00e9sentant de la Direction G\u00e9n\u00e9rale de la S\u00fbret\u00e9 Nationale (DGSN), et des repr\u00e9sentants de l&rsquo;USM Alger\u00a0\u00bb, a d\u00e9taill\u00e9 la Direction des \u00ab\u00a0Rouge et Noir\u00a0\u00bb. La m\u00eame source pr\u00e9cise que \u00ab\u00a0les supporters de l&rsquo;USM Alger, club h\u00f4te, auront droit \u00e0 un quota de 6000 places, situ\u00e9es dans les tribunes allant du num\u00e9ro 6 \u00e0 10\u00a0\u00bb. La vente des billets du match se fera au niveau du stade Omar Hamadi de Bologhine a des horaires qui seront communiqu\u00e9s ult\u00e9rieurement. Le jour du match, le stade Mustapha Tchaker ouvrira ses portes \u00e0 partir de 16h00. L&rsquo;USMA et le MCA ont vu leurs matchs de la premi\u00e8re journ\u00e9e, respectivement contre la JS Kabylie et le CR Belouizdad, report\u00e9s \u00e0 une date ult\u00e9rieure, car amoindris par l&rsquo;absence de plusieurs titulaires, qui se trouvaient en Equipe Nationale des joueurs locaux (A&rsquo;) pour disputer le Championnat d&rsquo;Afrique des nations (CHAN-2024), d\u00e9cal\u00e9 \u00e0 2025.<\/p>\n\n\n\n<p>APS<\/p>\n","protected":false},"excerpt":{"rendered":"<p>La deuxi\u00e8me journ\u00e9e du championnat de Ligue 1 Mobilis, programm\u00e9e sur trois jours du vendredi au dimanche, s&rsquo;annonce particuli\u00e8rement all\u00e9chante<\/p>\n","protected":false},"author":6,"featured_media":72568,"comment_status":"open","ping_status":"closed","sticky":false,"template":"","format":"standard","meta":{"colormag_page_container_layout":"default_layout","colormag_page_sidebar_layout":"default_layout","om_disable_all_campaigns":false,"_monsterinsights_skip_tracking":false,"_monsterinsights_sitenote_active":false,"_monsterinsights_sitenote_note":"","_monsterinsights_sitenote_category":0,"footnotes":"","_wpscppro_dont_share_socialmedia":false,"_wpscppro_custom_social_share_image":0,"_facebook_share_type":"default","_twitter_share_type":"default","_linkedin_share_type":"default","_pinterest_share_type":"default","_linkedin_share_type_page":"","_instagram_share_type":"default","_medium_share_type":"default","_threads_share_type":"default","_google_business_share_type":"default","_selected_social_profile":[],"_wpsp_enable_custom_social_template":false,"_wpsp_social_scheduling":{"enabled":false,"datetime":null,"platforms":[],"status":"template_only","dateOption":"today","timeOption":"now","customDays":"","customHours":"","customDate":"","customTime":"","schedulingType":"absolute"},"_wpsp_active_default_template":true},"categories":[33],"tags":[],"class_list":["post-72567","post","type-post","status-publish","format-standard","has-post-thumbnail","hentry","category-sports"],"aioseo_notices":[],"yoast_head":"<!-- This site is optimized with the Yoast SEO plugin v27.4 - https:\/\/yoast.com\/product\/yoast-seo-wordpress\/ -->\n<title>Ligue 1 Mobilis\u00a0: Le derby alg\u00e9rois enflamme la deuxi\u00e8me journ\u00e9e - La Sentinelle<\/title>\n<meta name=\"robots\" content=\"index, follow, max-snippet:-1, max-image-preview:large, max-video-preview:-1\" \/>\n<link rel=\"canonical\" href=\"https:\/\/lasentinelle.dz\/index.php\/2025\/08\/27\/ligue-1-mobilis-le-derby-algerois-enflamme-la-deuxieme-journee\/\" \/>\n<meta property=\"og:locale\" content=\"fr_FR\" \/>\n<meta property=\"og:type\" content=\"article\" \/>\n<meta property=\"og:title\" content=\"Ligue 1 Mobilis\u00a0: Le derby alg\u00e9rois enflamme la deuxi\u00e8me journ\u00e9e - La Sentinelle\" \/>\n<meta property=\"og:description\" content=\"La deuxi\u00e8me journ\u00e9e du championnat de Ligue 1 Mobilis, programm\u00e9e sur trois jours du vendredi au dimanche, s&rsquo;annonce particuli\u00e8rement all\u00e9chante\" \/>\n<meta property=\"og:url\" content=\"https:\/\/lasentinelle.dz\/index.php\/2025\/08\/27\/ligue-1-mobilis-le-derby-algerois-enflamme-la-deuxieme-journee\/\" \/>\n<meta property=\"og:site_name\" content=\"La Sentinelle\" \/>\n<meta property=\"article:publisher\" content=\"https:\/\/www.facebook.com\/La-Sentinelle-104059864394773\" \/>\n<meta property=\"article:published_time\" content=\"2025-08-27T18:18:05+00:00\" \/>\n<meta property=\"article:modified_time\" content=\"2025-08-29T18:18:51+00:00\" \/>\n<meta property=\"og:image\" content=\"https:\/\/lasentinelle.dz\/wp-content\/uploads\/2025\/08\/Ligue-1.png\" \/>\n\t<meta property=\"og:image:width\" content=\"731\" \/>\n\t<meta property=\"og:image:height\" content=\"375\" \/>\n\t<meta property=\"og:image:type\" content=\"image\/png\" \/>\n<meta name=\"author\" content=\"admin\" \/>\n<meta name=\"twitter:card\" content=\"summary_large_image\" \/>\n<meta name=\"twitter:label1\" content=\"\u00c9crit par\" \/>\n\t<meta name=\"twitter:data1\" content=\"admin\" \/>\n\t<meta name=\"twitter:label2\" content=\"Dur\u00e9e de lecture estim\u00e9e\" \/>\n\t<meta name=\"twitter:data2\" content=\"6 minutes\" \/>\n<script type=\"application\/ld+json\" class=\"yoast-schema-graph\">{\"@context\":\"https:\\\/\\\/schema.org\",\"@graph\":[{\"@type\":\"Article\",\"@id\":\"https:\\\/\\\/lasentinelle.dz\\\/index.php\\\/2025\\\/08\\\/27\\\/ligue-1-mobilis-le-derby-algerois-enflamme-la-deuxieme-journee\\\/#article\",\"isPartOf\":{\"@id\":\"https:\\\/\\\/lasentinelle.dz\\\/index.php\\\/2025\\\/08\\\/27\\\/ligue-1-mobilis-le-derby-algerois-enflamme-la-deuxieme-journee\\\/\"},\"author\":{\"name\":\"admin\",\"@id\":\"https:\\\/\\\/lasentinelle.dz\\\/#\\\/schema\\\/person\\\/729ee0024f24e0b8c5ec17232f8e8b41\"},\"headline\":\"Ligue 1 Mobilis\u00a0: Le derby alg\u00e9rois enflamme la deuxi\u00e8me journ\u00e9e\",\"datePublished\":\"2025-08-27T18:18:05+00:00\",\"dateModified\":\"2025-08-29T18:18:51+00:00\",\"mainEntityOfPage\":{\"@id\":\"https:\\\/\\\/lasentinelle.dz\\\/index.php\\\/2025\\\/08\\\/27\\\/ligue-1-mobilis-le-derby-algerois-enflamme-la-deuxieme-journee\\\/\"},\"wordCount\":1159,\"commentCount\":0,\"publisher\":{\"@id\":\"https:\\\/\\\/lasentinelle.dz\\\/#organization\"},\"image\":{\"@id\":\"https:\\\/\\\/lasentinelle.dz\\\/index.php\\\/2025\\\/08\\\/27\\\/ligue-1-mobilis-le-derby-algerois-enflamme-la-deuxieme-journee\\\/#primaryimage\"},\"thumbnailUrl\":\"https:\\\/\\\/lasentinelle.dz\\\/wp-content\\\/uploads\\\/2025\\\/08\\\/Ligue-1.png\",\"articleSection\":[\"Sports\"],\"inLanguage\":\"fr-FR\",\"potentialAction\":[{\"@type\":\"CommentAction\",\"name\":\"Comment\",\"target\":[\"https:\\\/\\\/lasentinelle.dz\\\/index.php\\\/2025\\\/08\\\/27\\\/ligue-1-mobilis-le-derby-algerois-enflamme-la-deuxieme-journee\\\/#respond\"]}]},{\"@type\":\"WebPage\",\"@id\":\"https:\\\/\\\/lasentinelle.dz\\\/index.php\\\/2025\\\/08\\\/27\\\/ligue-1-mobilis-le-derby-algerois-enflamme-la-deuxieme-journee\\\/\",\"url\":\"https:\\\/\\\/lasentinelle.dz\\\/index.php\\\/2025\\\/08\\\/27\\\/ligue-1-mobilis-le-derby-algerois-enflamme-la-deuxieme-journee\\\/\",\"name\":\"Ligue 1 Mobilis\u00a0: Le derby alg\u00e9rois enflamme la deuxi\u00e8me journ\u00e9e - La Sentinelle\",\"isPartOf\":{\"@id\":\"https:\\\/\\\/lasentinelle.dz\\\/#website\"},\"primaryImageOfPage\":{\"@id\":\"https:\\\/\\\/lasentinelle.dz\\\/index.php\\\/2025\\\/08\\\/27\\\/ligue-1-mobilis-le-derby-algerois-enflamme-la-deuxieme-journee\\\/#primaryimage\"},\"image\":{\"@id\":\"https:\\\/\\\/lasentinelle.dz\\\/index.php\\\/2025\\\/08\\\/27\\\/ligue-1-mobilis-le-derby-algerois-enflamme-la-deuxieme-journee\\\/#primaryimage\"},\"thumbnailUrl\":\"https:\\\/\\\/lasentinelle.dz\\\/wp-content\\\/uploads\\\/2025\\\/08\\\/Ligue-1.png\",\"datePublished\":\"2025-08-27T18:18:05+00:00\",\"dateModified\":\"2025-08-29T18:18:51+00:00\",\"breadcrumb\":{\"@id\":\"https:\\\/\\\/lasentinelle.dz\\\/index.php\\\/2025\\\/08\\\/27\\\/ligue-1-mobilis-le-derby-algerois-enflamme-la-deuxieme-journee\\\/#breadcrumb\"},\"inLanguage\":\"fr-FR\",\"potentialAction\":[{\"@type\":\"ReadAction\",\"target\":[\"https:\\\/\\\/lasentinelle.dz\\\/index.php\\\/2025\\\/08\\\/27\\\/ligue-1-mobilis-le-derby-algerois-enflamme-la-deuxieme-journee\\\/\"]}]},{\"@type\":\"ImageObject\",\"inLanguage\":\"fr-FR\",\"@id\":\"https:\\\/\\\/lasentinelle.dz\\\/index.php\\\/2025\\\/08\\\/27\\\/ligue-1-mobilis-le-derby-algerois-enflamme-la-deuxieme-journee\\\/#primaryimage\",\"url\":\"https:\\\/\\\/lasentinelle.dz\\\/wp-content\\\/uploads\\\/2025\\\/08\\\/Ligue-1.png\",\"contentUrl\":\"https:\\\/\\\/lasentinelle.dz\\\/wp-content\\\/uploads\\\/2025\\\/08\\\/Ligue-1.png\",\"width\":731,\"height\":375},{\"@type\":\"BreadcrumbList\",\"@id\":\"https:\\\/\\\/lasentinelle.dz\\\/index.php\\\/2025\\\/08\\\/27\\\/ligue-1-mobilis-le-derby-algerois-enflamme-la-deuxieme-journee\\\/#breadcrumb\",\"itemListElement\":[{\"@type\":\"ListItem\",\"position\":1,\"name\":\"Accueil\",\"item\":\"https:\\\/\\\/lasentinelle.dz\\\/\"},{\"@type\":\"ListItem\",\"position\":2,\"name\":\"Ligue 1 Mobilis\u00a0: Le derby alg\u00e9rois enflamme la deuxi\u00e8me journ\u00e9e\"}]},{\"@type\":\"WebSite\",\"@id\":\"https:\\\/\\\/lasentinelle.dz\\\/#website\",\"url\":\"https:\\\/\\\/lasentinelle.dz\\\/\",\"name\":\"La Sentinelle\",\"description\":\"Quotidien national d&#039;information\",\"publisher\":{\"@id\":\"https:\\\/\\\/lasentinelle.dz\\\/#organization\"},\"potentialAction\":[{\"@type\":\"SearchAction\",\"target\":{\"@type\":\"EntryPoint\",\"urlTemplate\":\"https:\\\/\\\/lasentinelle.dz\\\/?s={search_term_string}\"},\"query-input\":{\"@type\":\"PropertyValueSpecification\",\"valueRequired\":true,\"valueName\":\"search_term_string\"}}],\"inLanguage\":\"fr-FR\"},{\"@type\":\"Organization\",\"@id\":\"https:\\\/\\\/lasentinelle.dz\\\/#organization\",\"name\":\"Quotidien La Sentinelle\",\"url\":\"https:\\\/\\\/lasentinelle.dz\\\/\",\"logo\":{\"@type\":\"ImageObject\",\"inLanguage\":\"fr-FR\",\"@id\":\"https:\\\/\\\/lasentinelle.dz\\\/#\\\/schema\\\/logo\\\/image\\\/\",\"url\":\"https:\\\/\\\/lasentinelle.dz\\\/wp-content\\\/uploads\\\/2021\\\/09\\\/logo-sentinelleSLOGAN-1.png\",\"contentUrl\":\"https:\\\/\\\/lasentinelle.dz\\\/wp-content\\\/uploads\\\/2021\\\/09\\\/logo-sentinelleSLOGAN-1.png\",\"width\":615,\"height\":142,\"caption\":\"Quotidien La Sentinelle\"},\"image\":{\"@id\":\"https:\\\/\\\/lasentinelle.dz\\\/#\\\/schema\\\/logo\\\/image\\\/\"},\"sameAs\":[\"https:\\\/\\\/www.facebook.com\\\/La-Sentinelle-104059864394773\"]},{\"@type\":\"Person\",\"@id\":\"https:\\\/\\\/lasentinelle.dz\\\/#\\\/schema\\\/person\\\/729ee0024f24e0b8c5ec17232f8e8b41\",\"name\":\"admin\",\"image\":{\"@type\":\"ImageObject\",\"inLanguage\":\"fr-FR\",\"@id\":\"https:\\\/\\\/secure.gravatar.com\\\/avatar\\\/4c81fed838786e9b53f540bf46533e750f5d292099ae3b66cfc6fb1982e29df7?s=96&d=mm&r=g\",\"url\":\"https:\\\/\\\/secure.gravatar.com\\\/avatar\\\/4c81fed838786e9b53f540bf46533e750f5d292099ae3b66cfc6fb1982e29df7?s=96&d=mm&r=g\",\"contentUrl\":\"https:\\\/\\\/secure.gravatar.com\\\/avatar\\\/4c81fed838786e9b53f540bf46533e750f5d292099ae3b66cfc6fb1982e29df7?s=96&d=mm&r=g\",\"caption\":\"admin\"},\"description\":\"admin\",\"url\":\"https:\\\/\\\/lasentinelle.dz\\\/author\\\/admin\\\/\"}]}<\/script>\n<!-- \/ Yoast SEO plugin. -->","yoast_head_json":{"title":"Ligue 1 Mobilis\u00a0: Le derby alg\u00e9rois enflamme la deuxi\u00e8me journ\u00e9e - La Sentinelle","robots":{"index":"index","follow":"follow","max-snippet":"max-snippet:-1","max-image-preview":"max-image-preview:large","max-video-preview":"max-video-preview:-1"},"canonical":"https:\/\/lasentinelle.dz\/index.php\/2025\/08\/27\/ligue-1-mobilis-le-derby-algerois-enflamme-la-deuxieme-journee\/","og_locale":"fr_FR","og_type":"article","og_title":"Ligue 1 Mobilis\u00a0: Le derby alg\u00e9rois enflamme la deuxi\u00e8me journ\u00e9e - La Sentinelle","og_description":"La deuxi\u00e8me journ\u00e9e du championnat de Ligue 1 Mobilis, programm\u00e9e sur trois jours du vendredi au dimanche, s&rsquo;annonce particuli\u00e8rement all\u00e9chante","og_url":"https:\/\/lasentinelle.dz\/index.php\/2025\/08\/27\/ligue-1-mobilis-le-derby-algerois-enflamme-la-deuxieme-journee\/","og_site_name":"La Sentinelle","article_publisher":"https:\/\/www.facebook.com\/La-Sentinelle-104059864394773","article_published_time":"2025-08-27T18:18:05+00:00","article_modified_time":"2025-08-29T18:18:51+00:00","og_image":[{"width":731,"height":375,"url":"https:\/\/lasentinelle.dz\/wp-content\/uploads\/2025\/08\/Ligue-1.png","type":"image\/png"}],"author":"admin","twitter_card":"summary_large_image","twitter_misc":{"\u00c9crit par":"admin","Dur\u00e9e de lecture estim\u00e9e":"6 minutes"},"schema":{"@context":"https:\/\/schema.org","@graph":[{"@type":"Article","@id":"https:\/\/lasentinelle.dz\/index.php\/2025\/08\/27\/ligue-1-mobilis-le-derby-algerois-enflamme-la-deuxieme-journee\/#article","isPartOf":{"@id":"https:\/\/lasentinelle.dz\/index.php\/2025\/08\/27\/ligue-1-mobilis-le-derby-algerois-enflamme-la-deuxieme-journee\/"},"author":{"name":"admin","@id":"https:\/\/lasentinelle.dz\/#\/schema\/person\/729ee0024f24e0b8c5ec17232f8e8b41"},"headline":"Ligue 1 Mobilis\u00a0: Le derby alg\u00e9rois enflamme la deuxi\u00e8me journ\u00e9e","datePublished":"2025-08-27T18:18:05+00:00","dateModified":"2025-08-29T18:18:51+00:00","mainEntityOfPage":{"@id":"https:\/\/lasentinelle.dz\/index.php\/2025\/08\/27\/ligue-1-mobilis-le-derby-algerois-enflamme-la-deuxieme-journee\/"},"wordCount":1159,"commentCount":0,"publisher":{"@id":"https:\/\/lasentinelle.dz\/#organization"},"image":{"@id":"https:\/\/lasentinelle.dz\/index.php\/2025\/08\/27\/ligue-1-mobilis-le-derby-algerois-enflamme-la-deuxieme-journee\/#primaryimage"},"thumbnailUrl":"https:\/\/lasentinelle.dz\/wp-content\/uploads\/2025\/08\/Ligue-1.png","articleSection":["Sports"],"inLanguage":"fr-FR","potentialAction":[{"@type":"CommentAction","name":"Comment","target":["https:\/\/lasentinelle.dz\/index.php\/2025\/08\/27\/ligue-1-mobilis-le-derby-algerois-enflamme-la-deuxieme-journee\/#respond"]}]},{"@type":"WebPage","@id":"https:\/\/lasentinelle.dz\/index.php\/2025\/08\/27\/ligue-1-mobilis-le-derby-algerois-enflamme-la-deuxieme-journee\/","url":"https:\/\/lasentinelle.dz\/index.php\/2025\/08\/27\/ligue-1-mobilis-le-derby-algerois-enflamme-la-deuxieme-journee\/","name":"Ligue 1 Mobilis\u00a0: Le derby alg\u00e9rois enflamme la deuxi\u00e8me journ\u00e9e - La Sentinelle","isPartOf":{"@id":"https:\/\/lasentinelle.dz\/#website"},"primaryImageOfPage":{"@id":"https:\/\/lasentinelle.dz\/index.php\/2025\/08\/27\/ligue-1-mobilis-le-derby-algerois-enflamme-la-deuxieme-journee\/#primaryimage"},"image":{"@id":"https:\/\/lasentinelle.dz\/index.php\/2025\/08\/27\/ligue-1-mobilis-le-derby-algerois-enflamme-la-deuxieme-journee\/#primaryimage"},"thumbnailUrl":"https:\/\/lasentinelle.dz\/wp-content\/uploads\/2025\/08\/Ligue-1.png","datePublished":"2025-08-27T18:18:05+00:00","dateModified":"2025-08-29T18:18:51+00:00","breadcrumb":{"@id":"https:\/\/lasentinelle.dz\/index.php\/2025\/08\/27\/ligue-1-mobilis-le-derby-algerois-enflamme-la-deuxieme-journee\/#breadcrumb"},"inLanguage":"fr-FR","potentialAction":[{"@type":"ReadAction","target":["https:\/\/lasentinelle.dz\/index.php\/2025\/08\/27\/ligue-1-mobilis-le-derby-algerois-enflamme-la-deuxieme-journee\/"]}]},{"@type":"ImageObject","inLanguage":"fr-FR","@id":"https:\/\/lasentinelle.dz\/index.php\/2025\/08\/27\/ligue-1-mobilis-le-derby-algerois-enflamme-la-deuxieme-journee\/#primaryimage","url":"https:\/\/lasentinelle.dz\/wp-content\/uploads\/2025\/08\/Ligue-1.png","contentUrl":"https:\/\/lasentinelle.dz\/wp-content\/uploads\/2025\/08\/Ligue-1.png","width":731,"height":375},{"@type":"BreadcrumbList","@id":"https:\/\/lasentinelle.dz\/index.php\/2025\/08\/27\/ligue-1-mobilis-le-derby-algerois-enflamme-la-deuxieme-journee\/#breadcrumb","itemListElement":[{"@type":"ListItem","position":1,"name":"Accueil","item":"https:\/\/lasentinelle.dz\/"},{"@type":"ListItem","position":2,"name":"Ligue 1 Mobilis\u00a0: Le derby alg\u00e9rois enflamme la deuxi\u00e8me journ\u00e9e"}]},{"@type":"WebSite","@id":"https:\/\/lasentinelle.dz\/#website","url":"https:\/\/lasentinelle.dz\/","name":"La Sentinelle","description":"Quotidien national d&#039;information","publisher":{"@id":"https:\/\/lasentinelle.dz\/#organization"},"potentialAction":[{"@type":"SearchAction","target":{"@type":"EntryPoint","urlTemplate":"https:\/\/lasentinelle.dz\/?s={search_term_string}"},"query-input":{"@type":"PropertyValueSpecification","valueRequired":true,"valueName":"search_term_string"}}],"inLanguage":"fr-FR"},{"@type":"Organization","@id":"https:\/\/lasentinelle.dz\/#organization","name":"Quotidien La Sentinelle","url":"https:\/\/lasentinelle.dz\/","logo":{"@type":"ImageObject","inLanguage":"fr-FR","@id":"https:\/\/lasentinelle.dz\/#\/schema\/logo\/image\/","url":"https:\/\/lasentinelle.dz\/wp-content\/uploads\/2021\/09\/logo-sentinelleSLOGAN-1.png","contentUrl":"https:\/\/lasentinelle.dz\/wp-content\/uploads\/2021\/09\/logo-sentinelleSLOGAN-1.png","width":615,"height":142,"caption":"Quotidien La Sentinelle"},"image":{"@id":"https:\/\/lasentinelle.dz\/#\/schema\/logo\/image\/"},"sameAs":["https:\/\/www.facebook.com\/La-Sentinelle-104059864394773"]},{"@type":"Person","@id":"https:\/\/lasentinelle.dz\/#\/schema\/person\/729ee0024f24e0b8c5ec17232f8e8b41","name":"admin","image":{"@type":"ImageObject","inLanguage":"fr-FR","@id":"https:\/\/secure.gravatar.com\/avatar\/4c81fed838786e9b53f540bf46533e750f5d292099ae3b66cfc6fb1982e29df7?s=96&d=mm&r=g","url":"https:\/\/secure.gravatar.com\/avatar\/4c81fed838786e9b53f540bf46533e750f5d292099ae3b66cfc6fb1982e29df7?s=96&d=mm&r=g","contentUrl":"https:\/\/secure.gravatar.com\/avatar\/4c81fed838786e9b53f540bf46533e750f5d292099ae3b66cfc6fb1982e29df7?s=96&d=mm&r=g","caption":"admin"},"description":"admin","url":"https:\/\/lasentinelle.dz\/author\/admin\/"}]}},"_links":{"self":[{"href":"https:\/\/lasentinelle.dz\/index.php\/wp-json\/wp\/v2\/posts\/72567","targetHints":{"allow":["GET"]}}],"collection":[{"href":"https:\/\/lasentinelle.dz\/index.php\/wp-json\/wp\/v2\/posts"}],"about":[{"href":"https:\/\/lasentinelle.dz\/index.php\/wp-json\/wp\/v2\/types\/post"}],"author":[{"embeddable":true,"href":"https:\/\/lasentinelle.dz\/index.php\/wp-json\/wp\/v2\/users\/6"}],"replies":[{"embeddable":true,"href":"https:\/\/lasentinelle.dz\/index.php\/wp-json\/wp\/v2\/comments?post=72567"}],"version-history":[{"count":1,"href":"https:\/\/lasentinelle.dz\/index.php\/wp-json\/wp\/v2\/posts\/72567\/revisions"}],"predecessor-version":[{"id":72569,"href":"https:\/\/lasentinelle.dz\/index.php\/wp-json\/wp\/v2\/posts\/72567\/revisions\/72569"}],"wp:featuredmedia":[{"embeddable":true,"href":"https:\/\/lasentinelle.dz\/index.php\/wp-json\/wp\/v2\/media\/72568"}],"wp:attachment":[{"href":"https:\/\/lasentinelle.dz\/index.php\/wp-json\/wp\/v2\/media?parent=72567"}],"wp:term":[{"taxonomy":"category","embeddable":true,"href":"https:\/\/lasentinelle.dz\/index.php\/wp-json\/wp\/v2\/categories?post=72567"},{"taxonomy":"post_tag","embeddable":true,"href":"https:\/\/lasentinelle.dz\/index.php\/wp-json\/wp\/v2\/tags?post=72567"}],"curies":[{"name":"wp","href":"https:\/\/api.w.org\/{rel}","templated":true}]}}