{"id":72570,"date":"2025-08-27T19:19:09","date_gmt":"2025-08-27T18:19:09","guid":{"rendered":"https:\/\/lasentinelle.dz\/?p=72570"},"modified":"2025-08-29T19:19:52","modified_gmt":"2025-08-29T18:19:52","slug":"equipe-nationale-petkovic-devoile-sa-liste-jeudi","status":"publish","type":"post","link":"https:\/\/lasentinelle.dz\/index.php\/2025\/08\/27\/equipe-nationale-petkovic-devoile-sa-liste-jeudi\/","title":{"rendered":"\u00c9quipe nationale\u00a0: Petkovic d\u00e9voile sa liste jeudi"},"content":{"rendered":"\n<p>Le s\u00e9lectionneur national Vladimir Petkovic animera une conf\u00e9rence de presse ce jeudi \u00e0 11h dans la salle Mohamed Salah du stade Nelson-Mandela de Baraki pour d\u00e9voiler la liste des joueurs convoqu\u00e9s en vue des deux prochaines \u00e9ch\u00e9ances cruciales des \u00e9liminatoires de la Coupe du monde 2026.<\/p>\n\n\n\n<p>L&rsquo;\u00e9quipe nationale affrontera d&rsquo;abord le Botswana le 4 septembre au stade Hocine-A\u00eft-Ahmed de Tizi Ouzou \u00e0 20h, avant de se d\u00e9placer \u00e0 Casablanca pour d\u00e9fier la Guin\u00e9e le 8 septembre \u00e0 17h. Ces deux rencontres s&rsquo;annoncent d\u00e9terminantes pour la qualification des Verts au tournoi mondial qui se d\u00e9roulera aux \u00c9tats-Unis, au Canada et au Mexique en 2026. L&rsquo;Alg\u00e9rie aborde cette double confrontation dans une position de force remarquable. Avec 15 points au compteur apr\u00e8s six journ\u00e9es disput\u00e9es en mars dernier, les hommes de Petkovic dominent souverainement le groupe G. Le Mozambique, principal concurrent, suit \u00e0 trois longueurs avec 12 points, tandis que le Botswana et l&rsquo;Ouganda se partagent la troisi\u00e8me place avec 9 unit\u00e9s chacun. La Guin\u00e9e totalise 7 points et la Somalie ferme la marche avec un seul point au classement. Cette confortable avance place l&rsquo;\u00e9quipe nationale dans une situation id\u00e9ale pour d\u00e9crocher son billet pour la phase finale du Mondial. Fid\u00e8le \u00e0 sa philosophie de stabilit\u00e9, le technicien bosnien devrait reconduire l&rsquo;ossature qui a fait ses preuves lors des pr\u00e9c\u00e9dents rassemblements, tout en int\u00e9grant progressivement de nouveaux \u00e9l\u00e9ments susceptibles d&rsquo;enrichir le collectif. Selon plusieurs sites sp\u00e9cialis\u00e9es, la seule v\u00e9ritable nouveaut\u00e9 pourrait concerner Ilan Kebbal, l&rsquo;attaquant virevoltant du Paris FC. \u00c2g\u00e9 de 27 ans, le joueur r\u00e9alise un excellent d\u00e9but de saison en Ligue 1 fran\u00e7aise et figure dans la liste \u00e9largie du s\u00e9lectionneur. L&rsquo;unique incertitude majeure concerne Rayan A\u00eft-Nouri, le lat\u00e9ral gauche de Manchester City. Le d\u00e9fenseur de 27 ans a contract\u00e9 une blessure \u00e0 la cheville gauche samedi lors du choc contre Tottenham en Premier League, l&rsquo;obligeant \u00e0 quitter ses co\u00e9quipiers d\u00e8s la 23e minute. Cette blessure pourrait contraindre l&rsquo;international alg\u00e9rien \u00e0 d\u00e9clarer forfait pour les deux prochains matchs des qualifications. Si son absence venait \u00e0 se confirmer, elle chamboulerait compl\u00e8tement les plans du staff technique, tant l&rsquo;apport d&rsquo;A\u00eft-Nouri s&rsquo;est r\u00e9v\u00e9l\u00e9 pr\u00e9cieux aussi bien d\u00e9fensivement qu&rsquo;offensivement. Le d\u00e9fenseur des Young Boys de Berne, Jaouan Hadjam, pourrait constituer une alternative cr\u00e9dible sur le flanc gauche de la d\u00e9fense en attendant le verdict m\u00e9dical sur la gravit\u00e9 de la blessure. Ces deux confrontations contre le Botswana et la Guin\u00e9e repr\u00e9sentent des virages d\u00e9cisifs pour la qualification directe au Mondial 2026. Dans l&rsquo;hypoth\u00e8se o\u00f9 les co\u00e9quipiers de Riyad Mahrez remporteraient leurs deux rencontres et que le Mozambique, leur dauphin, perdrait l&rsquo;une de ses confrontations face \u00e0 l&rsquo;Ouganda \u00e0 l&rsquo;ext\u00e9rieur ou au Botswana \u00e0 domicile, la qualification serait math\u00e9matiquement acquise avant m\u00eame les deux derni\u00e8res journ\u00e9es des \u00e9liminatoires africains. M\u00eame en cas d&rsquo;\u00e9galit\u00e9 de points avec les Mambas mozambicains, l&rsquo;\u00e9quipe nationale b\u00e9n\u00e9ficierait d&rsquo;un goal average particulier nettement plus favorable, avec des victoires 2-0 \u00e0 l&rsquo;ext\u00e9rieur et 5-1 \u00e0 domicile lors des confrontations directes. Pour rappel, seuls les premiers des neuf groupes africains seront automatiquement qualifi\u00e9s pour la phase finale du Mondial 2026. Les quatre meilleurs deuxi\u00e8mes participeront \u00e0 un tournoi de barrage organis\u00e9 par la CAF, dont le vainqueur disputera ensuite un barrage intercontinental sous l&rsquo;\u00e9gide de la FIFA. Avec trois points d&rsquo;avance sur leur premier poursuivant et deux matchs \u00e0 n\u00e9gocier face \u00e0 des adversaires th\u00e9oriquement \u00e0 leur port\u00e9e, les Verts semblent bien partis pour valider leur ticket directement, sans passer par la case barrages. La conf\u00e9rence de presse de jeudi permettra \u00e0 Vladimir Petkovic d&rsquo;\u00e9voquer ces enjeux cruciaux et de pr\u00e9senter sa strat\u00e9gie pour ces deux rendez-vous qui pourraient sceller l&rsquo;avenir de l&rsquo;\u00e9quipe nationale sur la sc\u00e8ne mondiale.<\/p>\n\n\n\n<p>Moncef Dahleb<\/p>\n","protected":false},"excerpt":{"rendered":"<p>Le s\u00e9lectionneur national Vladimir Petkovic animera une conf\u00e9rence de presse ce jeudi \u00e0 11h dans la salle Mohamed Salah du<\/p>\n","protected":false},"author":6,"featured_media":53106,"comment_status":"open","ping_status":"closed","sticky":false,"template":"","format":"standard","meta":{"colormag_page_container_layout":"default_layout","colormag_page_sidebar_layout":"default_layout","om_disable_all_campaigns":false,"_monsterinsights_skip_tracking":false,"_monsterinsights_sitenote_active":false,"_monsterinsights_sitenote_note":"","_monsterinsights_sitenote_category":0,"footnotes":"","_wpscppro_dont_share_socialmedia":false,"_wpscppro_custom_social_share_image":0,"_facebook_share_type":"default","_twitter_share_type":"default","_linkedin_share_type":"default","_pinterest_share_type":"default","_linkedin_share_type_page":"","_instagram_share_type":"default","_medium_share_type":"default","_threads_share_type":"default","_google_business_share_type":"default","_selected_social_profile":[],"_wpsp_enable_custom_social_template":false,"_wpsp_social_scheduling":{"enabled":false,"datetime":null,"platforms":[],"status":"template_only","dateOption":"today","timeOption":"now","customDays":"","customHours":"","customDate":"","customTime":"","schedulingType":"absolute"},"_wpsp_active_default_template":true},"categories":[52,33],"tags":[],"class_list":["post-72570","post","type-post","status-publish","format-standard","has-post-thumbnail","hentry","category-a-la-une","category-sports"],"aioseo_notices":[],"yoast_head":"<!-- This site is optimized with the Yoast SEO plugin v27.4 - https:\/\/yoast.com\/product\/yoast-seo-wordpress\/ -->\n<title>\u00c9quipe nationale\u00a0: Petkovic d\u00e9voile sa liste jeudi - La Sentinelle<\/title>\n<meta name=\"robots\" content=\"index, follow, max-snippet:-1, max-image-preview:large, max-video-preview:-1\" \/>\n<link rel=\"canonical\" href=\"https:\/\/lasentinelle.dz\/index.php\/2025\/08\/27\/equipe-nationale-petkovic-devoile-sa-liste-jeudi\/\" \/>\n<meta property=\"og:locale\" content=\"fr_FR\" \/>\n<meta property=\"og:type\" content=\"article\" \/>\n<meta property=\"og:title\" content=\"\u00c9quipe nationale\u00a0: Petkovic d\u00e9voile sa liste jeudi - La Sentinelle\" \/>\n<meta property=\"og:description\" content=\"Le s\u00e9lectionneur national Vladimir Petkovic animera une conf\u00e9rence de presse ce jeudi \u00e0 11h dans la salle Mohamed Salah du\" \/>\n<meta property=\"og:url\" content=\"https:\/\/lasentinelle.dz\/index.php\/2025\/08\/27\/equipe-nationale-petkovic-devoile-sa-liste-jeudi\/\" \/>\n<meta property=\"og:site_name\" content=\"La Sentinelle\" \/>\n<meta property=\"article:publisher\" content=\"https:\/\/www.facebook.com\/La-Sentinelle-104059864394773\" \/>\n<meta property=\"article:published_time\" content=\"2025-08-27T18:19:09+00:00\" \/>\n<meta property=\"article:modified_time\" content=\"2025-08-29T18:19:52+00:00\" \/>\n<meta property=\"og:image\" content=\"https:\/\/lasentinelle.dz\/wp-content\/uploads\/2024\/06\/petkovic.jpeg\" \/>\n\t<meta property=\"og:image:width\" content=\"960\" \/>\n\t<meta property=\"og:image:height\" content=\"640\" \/>\n\t<meta property=\"og:image:type\" content=\"image\/jpeg\" \/>\n<meta name=\"author\" content=\"admin\" \/>\n<meta name=\"twitter:card\" content=\"summary_large_image\" \/>\n<meta name=\"twitter:label1\" content=\"\u00c9crit par\" \/>\n\t<meta name=\"twitter:data1\" content=\"admin\" \/>\n\t<meta name=\"twitter:label2\" content=\"Dur\u00e9e de lecture estim\u00e9e\" \/>\n\t<meta name=\"twitter:data2\" content=\"4 minutes\" \/>\n<script type=\"application\/ld+json\" class=\"yoast-schema-graph\">{\"@context\":\"https:\\\/\\\/schema.org\",\"@graph\":[{\"@type\":\"Article\",\"@id\":\"https:\\\/\\\/lasentinelle.dz\\\/index.php\\\/2025\\\/08\\\/27\\\/equipe-nationale-petkovic-devoile-sa-liste-jeudi\\\/#article\",\"isPartOf\":{\"@id\":\"https:\\\/\\\/lasentinelle.dz\\\/index.php\\\/2025\\\/08\\\/27\\\/equipe-nationale-petkovic-devoile-sa-liste-jeudi\\\/\"},\"author\":{\"name\":\"admin\",\"@id\":\"https:\\\/\\\/lasentinelle.dz\\\/#\\\/schema\\\/person\\\/729ee0024f24e0b8c5ec17232f8e8b41\"},\"headline\":\"\u00c9quipe nationale\u00a0: Petkovic d\u00e9voile sa liste jeudi\",\"datePublished\":\"2025-08-27T18:19:09+00:00\",\"dateModified\":\"2025-08-29T18:19:52+00:00\",\"mainEntityOfPage\":{\"@id\":\"https:\\\/\\\/lasentinelle.dz\\\/index.php\\\/2025\\\/08\\\/27\\\/equipe-nationale-petkovic-devoile-sa-liste-jeudi\\\/\"},\"wordCount\":683,\"commentCount\":0,\"publisher\":{\"@id\":\"https:\\\/\\\/lasentinelle.dz\\\/#organization\"},\"image\":{\"@id\":\"https:\\\/\\\/lasentinelle.dz\\\/index.php\\\/2025\\\/08\\\/27\\\/equipe-nationale-petkovic-devoile-sa-liste-jeudi\\\/#primaryimage\"},\"thumbnailUrl\":\"https:\\\/\\\/lasentinelle.dz\\\/wp-content\\\/uploads\\\/2024\\\/06\\\/petkovic.jpeg\",\"articleSection\":[\"\u00c0 la Une\",\"Sports\"],\"inLanguage\":\"fr-FR\",\"potentialAction\":[{\"@type\":\"CommentAction\",\"name\":\"Comment\",\"target\":[\"https:\\\/\\\/lasentinelle.dz\\\/index.php\\\/2025\\\/08\\\/27\\\/equipe-nationale-petkovic-devoile-sa-liste-jeudi\\\/#respond\"]}]},{\"@type\":\"WebPage\",\"@id\":\"https:\\\/\\\/lasentinelle.dz\\\/index.php\\\/2025\\\/08\\\/27\\\/equipe-nationale-petkovic-devoile-sa-liste-jeudi\\\/\",\"url\":\"https:\\\/\\\/lasentinelle.dz\\\/index.php\\\/2025\\\/08\\\/27\\\/equipe-nationale-petkovic-devoile-sa-liste-jeudi\\\/\",\"name\":\"\u00c9quipe nationale\u00a0: Petkovic d\u00e9voile sa liste jeudi - La Sentinelle\",\"isPartOf\":{\"@id\":\"https:\\\/\\\/lasentinelle.dz\\\/#website\"},\"primaryImageOfPage\":{\"@id\":\"https:\\\/\\\/lasentinelle.dz\\\/index.php\\\/2025\\\/08\\\/27\\\/equipe-nationale-petkovic-devoile-sa-liste-jeudi\\\/#primaryimage\"},\"image\":{\"@id\":\"https:\\\/\\\/lasentinelle.dz\\\/index.php\\\/2025\\\/08\\\/27\\\/equipe-nationale-petkovic-devoile-sa-liste-jeudi\\\/#primaryimage\"},\"thumbnailUrl\":\"https:\\\/\\\/lasentinelle.dz\\\/wp-content\\\/uploads\\\/2024\\\/06\\\/petkovic.jpeg\",\"datePublished\":\"2025-08-27T18:19:09+00:00\",\"dateModified\":\"2025-08-29T18:19:52+00:00\",\"breadcrumb\":{\"@id\":\"https:\\\/\\\/lasentinelle.dz\\\/index.php\\\/2025\\\/08\\\/27\\\/equipe-nationale-petkovic-devoile-sa-liste-jeudi\\\/#breadcrumb\"},\"inLanguage\":\"fr-FR\",\"potentialAction\":[{\"@type\":\"ReadAction\",\"target\":[\"https:\\\/\\\/lasentinelle.dz\\\/index.php\\\/2025\\\/08\\\/27\\\/equipe-nationale-petkovic-devoile-sa-liste-jeudi\\\/\"]}]},{\"@type\":\"ImageObject\",\"inLanguage\":\"fr-FR\",\"@id\":\"https:\\\/\\\/lasentinelle.dz\\\/index.php\\\/2025\\\/08\\\/27\\\/equipe-nationale-petkovic-devoile-sa-liste-jeudi\\\/#primaryimage\",\"url\":\"https:\\\/\\\/lasentinelle.dz\\\/wp-content\\\/uploads\\\/2024\\\/06\\\/petkovic.jpeg\",\"contentUrl\":\"https:\\\/\\\/lasentinelle.dz\\\/wp-content\\\/uploads\\\/2024\\\/06\\\/petkovic.jpeg\",\"width\":960,\"height\":640},{\"@type\":\"BreadcrumbList\",\"@id\":\"https:\\\/\\\/lasentinelle.dz\\\/index.php\\\/2025\\\/08\\\/27\\\/equipe-nationale-petkovic-devoile-sa-liste-jeudi\\\/#breadcrumb\",\"itemListElement\":[{\"@type\":\"ListItem\",\"position\":1,\"name\":\"Accueil\",\"item\":\"https:\\\/\\\/lasentinelle.dz\\\/\"},{\"@type\":\"ListItem\",\"position\":2,\"name\":\"\u00c9quipe nationale\u00a0: Petkovic d\u00e9voile sa liste jeudi\"}]},{\"@type\":\"WebSite\",\"@id\":\"https:\\\/\\\/lasentinelle.dz\\\/#website\",\"url\":\"https:\\\/\\\/lasentinelle.dz\\\/\",\"name\":\"La Sentinelle\",\"description\":\"Quotidien national d&#039;information\",\"publisher\":{\"@id\":\"https:\\\/\\\/lasentinelle.dz\\\/#organization\"},\"potentialAction\":[{\"@type\":\"SearchAction\",\"target\":{\"@type\":\"EntryPoint\",\"urlTemplate\":\"https:\\\/\\\/lasentinelle.dz\\\/?s={search_term_string}\"},\"query-input\":{\"@type\":\"PropertyValueSpecification\",\"valueRequired\":true,\"valueName\":\"search_term_string\"}}],\"inLanguage\":\"fr-FR\"},{\"@type\":\"Organization\",\"@id\":\"https:\\\/\\\/lasentinelle.dz\\\/#organization\",\"name\":\"Quotidien La Sentinelle\",\"url\":\"https:\\\/\\\/lasentinelle.dz\\\/\",\"logo\":{\"@type\":\"ImageObject\",\"inLanguage\":\"fr-FR\",\"@id\":\"https:\\\/\\\/lasentinelle.dz\\\/#\\\/schema\\\/logo\\\/image\\\/\",\"url\":\"https:\\\/\\\/lasentinelle.dz\\\/wp-content\\\/uploads\\\/2021\\\/09\\\/logo-sentinelleSLOGAN-1.png\",\"contentUrl\":\"https:\\\/\\\/lasentinelle.dz\\\/wp-content\\\/uploads\\\/2021\\\/09\\\/logo-sentinelleSLOGAN-1.png\",\"width\":615,\"height\":142,\"caption\":\"Quotidien La Sentinelle\"},\"image\":{\"@id\":\"https:\\\/\\\/lasentinelle.dz\\\/#\\\/schema\\\/logo\\\/image\\\/\"},\"sameAs\":[\"https:\\\/\\\/www.facebook.com\\\/La-Sentinelle-104059864394773\"]},{\"@type\":\"Person\",\"@id\":\"https:\\\/\\\/lasentinelle.dz\\\/#\\\/schema\\\/person\\\/729ee0024f24e0b8c5ec17232f8e8b41\",\"name\":\"admin\",\"image\":{\"@type\":\"ImageObject\",\"inLanguage\":\"fr-FR\",\"@id\":\"https:\\\/\\\/secure.gravatar.com\\\/avatar\\\/4c81fed838786e9b53f540bf46533e750f5d292099ae3b66cfc6fb1982e29df7?s=96&d=mm&r=g\",\"url\":\"https:\\\/\\\/secure.gravatar.com\\\/avatar\\\/4c81fed838786e9b53f540bf46533e750f5d292099ae3b66cfc6fb1982e29df7?s=96&d=mm&r=g\",\"contentUrl\":\"https:\\\/\\\/secure.gravatar.com\\\/avatar\\\/4c81fed838786e9b53f540bf46533e750f5d292099ae3b66cfc6fb1982e29df7?s=96&d=mm&r=g\",\"caption\":\"admin\"},\"description\":\"admin\",\"url\":\"https:\\\/\\\/lasentinelle.dz\\\/author\\\/admin\\\/\"}]}<\/script>\n<!-- \/ Yoast SEO plugin. -->","yoast_head_json":{"title":"\u00c9quipe nationale\u00a0: Petkovic d\u00e9voile sa liste jeudi - La Sentinelle","robots":{"index":"index","follow":"follow","max-snippet":"max-snippet:-1","max-image-preview":"max-image-preview:large","max-video-preview":"max-video-preview:-1"},"canonical":"https:\/\/lasentinelle.dz\/index.php\/2025\/08\/27\/equipe-nationale-petkovic-devoile-sa-liste-jeudi\/","og_locale":"fr_FR","og_type":"article","og_title":"\u00c9quipe nationale\u00a0: Petkovic d\u00e9voile sa liste jeudi - La Sentinelle","og_description":"Le s\u00e9lectionneur national Vladimir Petkovic animera une conf\u00e9rence de presse ce jeudi \u00e0 11h dans la salle Mohamed Salah du","og_url":"https:\/\/lasentinelle.dz\/index.php\/2025\/08\/27\/equipe-nationale-petkovic-devoile-sa-liste-jeudi\/","og_site_name":"La Sentinelle","article_publisher":"https:\/\/www.facebook.com\/La-Sentinelle-104059864394773","article_published_time":"2025-08-27T18:19:09+00:00","article_modified_time":"2025-08-29T18:19:52+00:00","og_image":[{"width":960,"height":640,"url":"https:\/\/lasentinelle.dz\/wp-content\/uploads\/2024\/06\/petkovic.jpeg","type":"image\/jpeg"}],"author":"admin","twitter_card":"summary_large_image","twitter_misc":{"\u00c9crit par":"admin","Dur\u00e9e de lecture estim\u00e9e":"4 minutes"},"schema":{"@context":"https:\/\/schema.org","@graph":[{"@type":"Article","@id":"https:\/\/lasentinelle.dz\/index.php\/2025\/08\/27\/equipe-nationale-petkovic-devoile-sa-liste-jeudi\/#article","isPartOf":{"@id":"https:\/\/lasentinelle.dz\/index.php\/2025\/08\/27\/equipe-nationale-petkovic-devoile-sa-liste-jeudi\/"},"author":{"name":"admin","@id":"https:\/\/lasentinelle.dz\/#\/schema\/person\/729ee0024f24e0b8c5ec17232f8e8b41"},"headline":"\u00c9quipe nationale\u00a0: Petkovic d\u00e9voile sa liste jeudi","datePublished":"2025-08-27T18:19:09+00:00","dateModified":"2025-08-29T18:19:52+00:00","mainEntityOfPage":{"@id":"https:\/\/lasentinelle.dz\/index.php\/2025\/08\/27\/equipe-nationale-petkovic-devoile-sa-liste-jeudi\/"},"wordCount":683,"commentCount":0,"publisher":{"@id":"https:\/\/lasentinelle.dz\/#organization"},"image":{"@id":"https:\/\/lasentinelle.dz\/index.php\/2025\/08\/27\/equipe-nationale-petkovic-devoile-sa-liste-jeudi\/#primaryimage"},"thumbnailUrl":"https:\/\/lasentinelle.dz\/wp-content\/uploads\/2024\/06\/petkovic.jpeg","articleSection":["\u00c0 la Une","Sports"],"inLanguage":"fr-FR","potentialAction":[{"@type":"CommentAction","name":"Comment","target":["https:\/\/lasentinelle.dz\/index.php\/2025\/08\/27\/equipe-nationale-petkovic-devoile-sa-liste-jeudi\/#respond"]}]},{"@type":"WebPage","@id":"https:\/\/lasentinelle.dz\/index.php\/2025\/08\/27\/equipe-nationale-petkovic-devoile-sa-liste-jeudi\/","url":"https:\/\/lasentinelle.dz\/index.php\/2025\/08\/27\/equipe-nationale-petkovic-devoile-sa-liste-jeudi\/","name":"\u00c9quipe nationale\u00a0: Petkovic d\u00e9voile sa liste jeudi - La Sentinelle","isPartOf":{"@id":"https:\/\/lasentinelle.dz\/#website"},"primaryImageOfPage":{"@id":"https:\/\/lasentinelle.dz\/index.php\/2025\/08\/27\/equipe-nationale-petkovic-devoile-sa-liste-jeudi\/#primaryimage"},"image":{"@id":"https:\/\/lasentinelle.dz\/index.php\/2025\/08\/27\/equipe-nationale-petkovic-devoile-sa-liste-jeudi\/#primaryimage"},"thumbnailUrl":"https:\/\/lasentinelle.dz\/wp-content\/uploads\/2024\/06\/petkovic.jpeg","datePublished":"2025-08-27T18:19:09+00:00","dateModified":"2025-08-29T18:19:52+00:00","breadcrumb":{"@id":"https:\/\/lasentinelle.dz\/index.php\/2025\/08\/27\/equipe-nationale-petkovic-devoile-sa-liste-jeudi\/#breadcrumb"},"inLanguage":"fr-FR","potentialAction":[{"@type":"ReadAction","target":["https:\/\/lasentinelle.dz\/index.php\/2025\/08\/27\/equipe-nationale-petkovic-devoile-sa-liste-jeudi\/"]}]},{"@type":"ImageObject","inLanguage":"fr-FR","@id":"https:\/\/lasentinelle.dz\/index.php\/2025\/08\/27\/equipe-nationale-petkovic-devoile-sa-liste-jeudi\/#primaryimage","url":"https:\/\/lasentinelle.dz\/wp-content\/uploads\/2024\/06\/petkovic.jpeg","contentUrl":"https:\/\/lasentinelle.dz\/wp-content\/uploads\/2024\/06\/petkovic.jpeg","width":960,"height":640},{"@type":"BreadcrumbList","@id":"https:\/\/lasentinelle.dz\/index.php\/2025\/08\/27\/equipe-nationale-petkovic-devoile-sa-liste-jeudi\/#breadcrumb","itemListElement":[{"@type":"ListItem","position":1,"name":"Accueil","item":"https:\/\/lasentinelle.dz\/"},{"@type":"ListItem","position":2,"name":"\u00c9quipe nationale\u00a0: Petkovic d\u00e9voile sa liste jeudi"}]},{"@type":"WebSite","@id":"https:\/\/lasentinelle.dz\/#website","url":"https:\/\/lasentinelle.dz\/","name":"La Sentinelle","description":"Quotidien national d&#039;information","publisher":{"@id":"https:\/\/lasentinelle.dz\/#organization"},"potentialAction":[{"@type":"SearchAction","target":{"@type":"EntryPoint","urlTemplate":"https:\/\/lasentinelle.dz\/?s={search_term_string}"},"query-input":{"@type":"PropertyValueSpecification","valueRequired":true,"valueName":"search_term_string"}}],"inLanguage":"fr-FR"},{"@type":"Organization","@id":"https:\/\/lasentinelle.dz\/#organization","name":"Quotidien La Sentinelle","url":"https:\/\/lasentinelle.dz\/","logo":{"@type":"ImageObject","inLanguage":"fr-FR","@id":"https:\/\/lasentinelle.dz\/#\/schema\/logo\/image\/","url":"https:\/\/lasentinelle.dz\/wp-content\/uploads\/2021\/09\/logo-sentinelleSLOGAN-1.png","contentUrl":"https:\/\/lasentinelle.dz\/wp-content\/uploads\/2021\/09\/logo-sentinelleSLOGAN-1.png","width":615,"height":142,"caption":"Quotidien La Sentinelle"},"image":{"@id":"https:\/\/lasentinelle.dz\/#\/schema\/logo\/image\/"},"sameAs":["https:\/\/www.facebook.com\/La-Sentinelle-104059864394773"]},{"@type":"Person","@id":"https:\/\/lasentinelle.dz\/#\/schema\/person\/729ee0024f24e0b8c5ec17232f8e8b41","name":"admin","image":{"@type":"ImageObject","inLanguage":"fr-FR","@id":"https:\/\/secure.gravatar.com\/avatar\/4c81fed838786e9b53f540bf46533e750f5d292099ae3b66cfc6fb1982e29df7?s=96&d=mm&r=g","url":"https:\/\/secure.gravatar.com\/avatar\/4c81fed838786e9b53f540bf46533e750f5d292099ae3b66cfc6fb1982e29df7?s=96&d=mm&r=g","contentUrl":"https:\/\/secure.gravatar.com\/avatar\/4c81fed838786e9b53f540bf46533e750f5d292099ae3b66cfc6fb1982e29df7?s=96&d=mm&r=g","caption":"admin"},"description":"admin","url":"https:\/\/lasentinelle.dz\/author\/admin\/"}]}},"_links":{"self":[{"href":"https:\/\/lasentinelle.dz\/index.php\/wp-json\/wp\/v2\/posts\/72570","targetHints":{"allow":["GET"]}}],"collection":[{"href":"https:\/\/lasentinelle.dz\/index.php\/wp-json\/wp\/v2\/posts"}],"about":[{"href":"https:\/\/lasentinelle.dz\/index.php\/wp-json\/wp\/v2\/types\/post"}],"author":[{"embeddable":true,"href":"https:\/\/lasentinelle.dz\/index.php\/wp-json\/wp\/v2\/users\/6"}],"replies":[{"embeddable":true,"href":"https:\/\/lasentinelle.dz\/index.php\/wp-json\/wp\/v2\/comments?post=72570"}],"version-history":[{"count":1,"href":"https:\/\/lasentinelle.dz\/index.php\/wp-json\/wp\/v2\/posts\/72570\/revisions"}],"predecessor-version":[{"id":72571,"href":"https:\/\/lasentinelle.dz\/index.php\/wp-json\/wp\/v2\/posts\/72570\/revisions\/72571"}],"wp:featuredmedia":[{"embeddable":true,"href":"https:\/\/lasentinelle.dz\/index.php\/wp-json\/wp\/v2\/media\/53106"}],"wp:attachment":[{"href":"https:\/\/lasentinelle.dz\/index.php\/wp-json\/wp\/v2\/media?parent=72570"}],"wp:term":[{"taxonomy":"category","embeddable":true,"href":"https:\/\/lasentinelle.dz\/index.php\/wp-json\/wp\/v2\/categories?post=72570"},{"taxonomy":"post_tag","embeddable":true,"href":"https:\/\/lasentinelle.dz\/index.php\/wp-json\/wp\/v2\/tags?post=72570"}],"curies":[{"name":"wp","href":"https:\/\/api.w.org\/{rel}","templated":true}]}}