{"id":72572,"date":"2025-08-27T19:20:01","date_gmt":"2025-08-27T18:20:01","guid":{"rendered":"https:\/\/lasentinelle.dz\/?p=72572"},"modified":"2025-08-29T19:20:58","modified_gmt":"2025-08-29T18:20:58","slug":"filiere-de-la-tomate-industrielle-a-el-tarf-70-de-la-recolte-destinee-a-la-transformation","status":"publish","type":"post","link":"https:\/\/lasentinelle.dz\/index.php\/2025\/08\/27\/filiere-de-la-tomate-industrielle-a-el-tarf-70-de-la-recolte-destinee-a-la-transformation\/","title":{"rendered":"Fili\u00e8re de la tomate industrielle \u00e0 El Tarf\u00a0: 70% de la r\u00e9colte destin\u00e9e \u00e0 la transformation"},"content":{"rendered":"\n<p>La fili\u00e8re tomate industrielle affiche une excellente sant\u00e9 avec une r\u00e9colte plus que satisfaisante cette saison.<\/p>\n\n\n\n<p>Les services de la direction de l&rsquo;agriculture de la wilaya d&rsquo;El Tarf ont confirm\u00e9 que 70% de la r\u00e9colte de tomate industrielle de cette saison \u00e9tait destin\u00e9e \u00e0 la transformation au niveau de 17 unit\u00e9s, dont 7 unit\u00e9s implant\u00e9es sur le territoire de la wilaya, soit une quantit\u00e9 de 2,2 millions de quintaux. Cette quantit\u00e9 a permis la production de 300 000 quintaux de tomates en conserve de trois types : concentr\u00e9 de tomates, double concentr\u00e9 et triple concentr\u00e9, ce qui repr\u00e9sente une couverture d&rsquo;environ 30% des besoins du march\u00e9 national. Selon les informations recueillies aupr\u00e8s du bureau de la production agricole relevant de la direction des services agricoles (DSA), la campagne de r\u00e9colte et de transformation de tomate industrielle pour la saison agricole 2024\/2025, qui s&rsquo;est achev\u00e9e cette semaine, a r\u00e9alis\u00e9 une production importante s&rsquo;\u00e9levant \u00e0 pr\u00e8s de 3,5 millions de quintaux, soit une moyenne de 750 quintaux par hectare sur une superficie plant\u00e9e et r\u00e9colt\u00e9e de 4 500 hectares. La majeure partie de ces surfaces est irrigu\u00e9e par le syst\u00e8me du goutte-\u00e0-goutte et cultiv\u00e9e avec des vari\u00e9t\u00e9s hybrides \u00e0 haut rendement, dont la production peut d\u00e9passer 1 500 quintaux par hectare. Malgr\u00e9 les d\u00e9g\u00e2ts caus\u00e9s aux champs de tomates industrielles par la maladie du mildiou, la production a \u00e9t\u00e9 importante gr\u00e2ce \u00e0 la mobilisation des producteurs qui ont trait\u00e9 les superficies touch\u00e9es par cette pathologie, permettant ainsi de contr\u00f4ler la maladie et de limiter sa propagation \u00e0 d&rsquo;autres zones. Toutefois, les services agricoles reconnaissent que cette maladie a eu un impact relatif sur le rendement de la production, contrairement aux attentes initiales. Cette abondance de production a permis d&rsquo;injecter 1,1 million de quintaux de tomates industrielles sur le march\u00e9 pour la consommation fra\u00eeche, entra\u00eenant une baisse significative des prix de la tomate qui sont pass\u00e9s de 80 DA\/kg \u00e0 45 DA\/kg. Le reste de la production a \u00e9t\u00e9 commercialis\u00e9 aupr\u00e8s d&rsquo;environ 17 unit\u00e9s de transformation situ\u00e9es \u00e0 l&rsquo;int\u00e9rieur et \u00e0 l&rsquo;ext\u00e9rieur de la wilaya, avec une capacit\u00e9 totale de transformation estim\u00e9e \u00e0 36 600 tonnes par jour, dont 10 700 tonnes par jour sont trait\u00e9es par les sept unit\u00e9s de transformation localis\u00e9es dans la wilaya d&rsquo;El Tarf. Pour assurer le succ\u00e8s de la campagne de r\u00e9colte et de transformation, des accords ont \u00e9t\u00e9 conclus entre 256 producteurs et transformateurs afin de faciliter la commercialisation de la r\u00e9colte \u00e0 un prix de r\u00e9f\u00e9rence fix\u00e9 \u00e0 18 DA\/kg. Dans ce dispositif, le producteur re\u00e7oit 4 DA repr\u00e9sentant la valeur du soutien de l&rsquo;\u00c9tat \u00e0 la fili\u00e8re pour chaque kilogramme de tomates industrielles commercialis\u00e9, tandis que le transformateur b\u00e9n\u00e9ficie d&rsquo;une subvention de 1,5 DA par kilogramme transform\u00e9.<\/p>\n\n\n\n<p>La production locale de tomates industrielles reste tr\u00e8s demand\u00e9e et convoit\u00e9e dans d&rsquo;autres wilayas en raison de sa qualit\u00e9 reconnue, comme en t\u00e9moignent les quantit\u00e9s commercialis\u00e9es pour la transformation et m\u00eame la consommation fra\u00eeche en dehors de la wilaya. Cette situation confirme la reprise du secteur et son retour en force dans la liste des cultures strat\u00e9giques, apr\u00e8s les fluctuations qu&rsquo;il avait enregistr\u00e9es par le pass\u00e9, avant que l&rsquo;\u00c9tat n&rsquo;intervienne pour r\u00e9soudre les probl\u00e8mes soulev\u00e9s et prendre les mesures pratiques n\u00e9cessaires. Par ailleurs, certains transformateurs ont exprim\u00e9 leur souhait d&rsquo;exporter leurs conserves de tomates de toutes sortes, stock\u00e9es depuis l&rsquo;ann\u00e9e pr\u00e9c\u00e9dente et celles de cette saison. Les parties concern\u00e9es ont d\u00e9pos\u00e9 des demandes aupr\u00e8s des minist\u00e8res du Commerce et de l&rsquo;Agriculture pour obtenir des licences et un accompagnement afin de commercialiser les premi\u00e8res exp\u00e9ditions \u00e0 l&rsquo;\u00e9tranger. Les services agricoles s&rsquo;efforcent de stimuler et d&rsquo;encourager les agriculteurs et les op\u00e9rateurs \u00e0 investir dans le secteur agricole de la wilaya, particuli\u00e8rement dans les cultures strat\u00e9giques telles que les industries agroalimentaires et de transformation, pour assurer la valorisation de l&rsquo;exc\u00e9dent de production et son exportation apr\u00e8s avoir atteint l&rsquo;autosuffisance nationale et satisfait les besoins du march\u00e9 local.<\/p>\n\n\n\n<p>Sofia Chahine<\/p>\n\n\n\n<p><\/p>\n","protected":false},"excerpt":{"rendered":"<p>La fili\u00e8re tomate industrielle affiche une excellente sant\u00e9 avec une r\u00e9colte plus que satisfaisante cette saison. Les services de la<\/p>\n","protected":false},"author":6,"featured_media":26264,"comment_status":"open","ping_status":"closed","sticky":false,"template":"","format":"standard","meta":{"colormag_page_container_layout":"default_layout","colormag_page_sidebar_layout":"default_layout","om_disable_all_campaigns":false,"_monsterinsights_skip_tracking":false,"_monsterinsights_sitenote_active":false,"_monsterinsights_sitenote_note":"","_monsterinsights_sitenote_category":0,"footnotes":"","_wpscppro_dont_share_socialmedia":false,"_wpscppro_custom_social_share_image":0,"_facebook_share_type":"default","_twitter_share_type":"default","_linkedin_share_type":"default","_pinterest_share_type":"default","_linkedin_share_type_page":"","_instagram_share_type":"default","_medium_share_type":"default","_threads_share_type":"default","_google_business_share_type":"default","_selected_social_profile":[],"_wpsp_enable_custom_social_template":false,"_wpsp_social_scheduling":{"enabled":false,"datetime":null,"platforms":[],"status":"template_only","dateOption":"today","timeOption":"now","customDays":"","customHours":"","customDate":"","customTime":"","schedulingType":"absolute"},"_wpsp_active_default_template":true},"categories":[31],"tags":[],"class_list":["post-72572","post","type-post","status-publish","format-standard","has-post-thumbnail","hentry","category-regions"],"aioseo_notices":[],"yoast_head":"<!-- This site is optimized with the Yoast SEO plugin v27.4 - https:\/\/yoast.com\/product\/yoast-seo-wordpress\/ -->\n<title>Fili\u00e8re de la tomate industrielle \u00e0 El Tarf\u00a0: 70% de la r\u00e9colte destin\u00e9e \u00e0 la transformation - La Sentinelle<\/title>\n<meta name=\"robots\" content=\"index, follow, max-snippet:-1, max-image-preview:large, max-video-preview:-1\" \/>\n<link rel=\"canonical\" href=\"https:\/\/lasentinelle.dz\/index.php\/2025\/08\/27\/filiere-de-la-tomate-industrielle-a-el-tarf-70-de-la-recolte-destinee-a-la-transformation\/\" \/>\n<meta property=\"og:locale\" content=\"fr_FR\" \/>\n<meta property=\"og:type\" content=\"article\" \/>\n<meta property=\"og:title\" content=\"Fili\u00e8re de la tomate industrielle \u00e0 El Tarf\u00a0: 70% de la r\u00e9colte destin\u00e9e \u00e0 la transformation - La Sentinelle\" \/>\n<meta property=\"og:description\" content=\"La fili\u00e8re tomate industrielle affiche une excellente sant\u00e9 avec une r\u00e9colte plus que satisfaisante cette saison. Les services de la\" \/>\n<meta property=\"og:url\" content=\"https:\/\/lasentinelle.dz\/index.php\/2025\/08\/27\/filiere-de-la-tomate-industrielle-a-el-tarf-70-de-la-recolte-destinee-a-la-transformation\/\" \/>\n<meta property=\"og:site_name\" content=\"La Sentinelle\" \/>\n<meta property=\"article:publisher\" content=\"https:\/\/www.facebook.com\/La-Sentinelle-104059864394773\" \/>\n<meta property=\"article:published_time\" content=\"2025-08-27T18:20:01+00:00\" \/>\n<meta property=\"article:modified_time\" content=\"2025-08-29T18:20:58+00:00\" \/>\n<meta property=\"og:image\" content=\"https:\/\/lasentinelle.dz\/wp-content\/uploads\/2022\/08\/tomate-1024x683.png\" \/>\n\t<meta property=\"og:image:width\" content=\"1024\" \/>\n\t<meta property=\"og:image:height\" content=\"683\" \/>\n\t<meta property=\"og:image:type\" content=\"image\/png\" \/>\n<meta name=\"author\" content=\"admin\" \/>\n<meta name=\"twitter:card\" content=\"summary_large_image\" \/>\n<meta name=\"twitter:label1\" content=\"\u00c9crit par\" \/>\n\t<meta name=\"twitter:data1\" content=\"admin\" \/>\n\t<meta name=\"twitter:label2\" content=\"Dur\u00e9e de lecture estim\u00e9e\" \/>\n\t<meta name=\"twitter:data2\" content=\"4 minutes\" \/>\n<script type=\"application\/ld+json\" class=\"yoast-schema-graph\">{\"@context\":\"https:\\\/\\\/schema.org\",\"@graph\":[{\"@type\":\"Article\",\"@id\":\"https:\\\/\\\/lasentinelle.dz\\\/index.php\\\/2025\\\/08\\\/27\\\/filiere-de-la-tomate-industrielle-a-el-tarf-70-de-la-recolte-destinee-a-la-transformation\\\/#article\",\"isPartOf\":{\"@id\":\"https:\\\/\\\/lasentinelle.dz\\\/index.php\\\/2025\\\/08\\\/27\\\/filiere-de-la-tomate-industrielle-a-el-tarf-70-de-la-recolte-destinee-a-la-transformation\\\/\"},\"author\":{\"name\":\"admin\",\"@id\":\"https:\\\/\\\/lasentinelle.dz\\\/#\\\/schema\\\/person\\\/729ee0024f24e0b8c5ec17232f8e8b41\"},\"headline\":\"Fili\u00e8re de la tomate industrielle \u00e0 El Tarf\u00a0: 70% de la r\u00e9colte destin\u00e9e \u00e0 la transformation\",\"datePublished\":\"2025-08-27T18:20:01+00:00\",\"dateModified\":\"2025-08-29T18:20:58+00:00\",\"mainEntityOfPage\":{\"@id\":\"https:\\\/\\\/lasentinelle.dz\\\/index.php\\\/2025\\\/08\\\/27\\\/filiere-de-la-tomate-industrielle-a-el-tarf-70-de-la-recolte-destinee-a-la-transformation\\\/\"},\"wordCount\":732,\"commentCount\":0,\"publisher\":{\"@id\":\"https:\\\/\\\/lasentinelle.dz\\\/#organization\"},\"image\":{\"@id\":\"https:\\\/\\\/lasentinelle.dz\\\/index.php\\\/2025\\\/08\\\/27\\\/filiere-de-la-tomate-industrielle-a-el-tarf-70-de-la-recolte-destinee-a-la-transformation\\\/#primaryimage\"},\"thumbnailUrl\":\"https:\\\/\\\/lasentinelle.dz\\\/wp-content\\\/uploads\\\/2022\\\/08\\\/tomate.png\",\"articleSection\":[\"R\u00e9gions\"],\"inLanguage\":\"fr-FR\",\"potentialAction\":[{\"@type\":\"CommentAction\",\"name\":\"Comment\",\"target\":[\"https:\\\/\\\/lasentinelle.dz\\\/index.php\\\/2025\\\/08\\\/27\\\/filiere-de-la-tomate-industrielle-a-el-tarf-70-de-la-recolte-destinee-a-la-transformation\\\/#respond\"]}]},{\"@type\":\"WebPage\",\"@id\":\"https:\\\/\\\/lasentinelle.dz\\\/index.php\\\/2025\\\/08\\\/27\\\/filiere-de-la-tomate-industrielle-a-el-tarf-70-de-la-recolte-destinee-a-la-transformation\\\/\",\"url\":\"https:\\\/\\\/lasentinelle.dz\\\/index.php\\\/2025\\\/08\\\/27\\\/filiere-de-la-tomate-industrielle-a-el-tarf-70-de-la-recolte-destinee-a-la-transformation\\\/\",\"name\":\"Fili\u00e8re de la tomate industrielle \u00e0 El Tarf\u00a0: 70% de la r\u00e9colte destin\u00e9e \u00e0 la transformation - La Sentinelle\",\"isPartOf\":{\"@id\":\"https:\\\/\\\/lasentinelle.dz\\\/#website\"},\"primaryImageOfPage\":{\"@id\":\"https:\\\/\\\/lasentinelle.dz\\\/index.php\\\/2025\\\/08\\\/27\\\/filiere-de-la-tomate-industrielle-a-el-tarf-70-de-la-recolte-destinee-a-la-transformation\\\/#primaryimage\"},\"image\":{\"@id\":\"https:\\\/\\\/lasentinelle.dz\\\/index.php\\\/2025\\\/08\\\/27\\\/filiere-de-la-tomate-industrielle-a-el-tarf-70-de-la-recolte-destinee-a-la-transformation\\\/#primaryimage\"},\"thumbnailUrl\":\"https:\\\/\\\/lasentinelle.dz\\\/wp-content\\\/uploads\\\/2022\\\/08\\\/tomate.png\",\"datePublished\":\"2025-08-27T18:20:01+00:00\",\"dateModified\":\"2025-08-29T18:20:58+00:00\",\"breadcrumb\":{\"@id\":\"https:\\\/\\\/lasentinelle.dz\\\/index.php\\\/2025\\\/08\\\/27\\\/filiere-de-la-tomate-industrielle-a-el-tarf-70-de-la-recolte-destinee-a-la-transformation\\\/#breadcrumb\"},\"inLanguage\":\"fr-FR\",\"potentialAction\":[{\"@type\":\"ReadAction\",\"target\":[\"https:\\\/\\\/lasentinelle.dz\\\/index.php\\\/2025\\\/08\\\/27\\\/filiere-de-la-tomate-industrielle-a-el-tarf-70-de-la-recolte-destinee-a-la-transformation\\\/\"]}]},{\"@type\":\"ImageObject\",\"inLanguage\":\"fr-FR\",\"@id\":\"https:\\\/\\\/lasentinelle.dz\\\/index.php\\\/2025\\\/08\\\/27\\\/filiere-de-la-tomate-industrielle-a-el-tarf-70-de-la-recolte-destinee-a-la-transformation\\\/#primaryimage\",\"url\":\"https:\\\/\\\/lasentinelle.dz\\\/wp-content\\\/uploads\\\/2022\\\/08\\\/tomate.png\",\"contentUrl\":\"https:\\\/\\\/lasentinelle.dz\\\/wp-content\\\/uploads\\\/2022\\\/08\\\/tomate.png\",\"width\":1350,\"height\":900},{\"@type\":\"BreadcrumbList\",\"@id\":\"https:\\\/\\\/lasentinelle.dz\\\/index.php\\\/2025\\\/08\\\/27\\\/filiere-de-la-tomate-industrielle-a-el-tarf-70-de-la-recolte-destinee-a-la-transformation\\\/#breadcrumb\",\"itemListElement\":[{\"@type\":\"ListItem\",\"position\":1,\"name\":\"Accueil\",\"item\":\"https:\\\/\\\/lasentinelle.dz\\\/\"},{\"@type\":\"ListItem\",\"position\":2,\"name\":\"Fili\u00e8re de la tomate industrielle \u00e0 El Tarf\u00a0: 70% de la r\u00e9colte destin\u00e9e \u00e0 la transformation\"}]},{\"@type\":\"WebSite\",\"@id\":\"https:\\\/\\\/lasentinelle.dz\\\/#website\",\"url\":\"https:\\\/\\\/lasentinelle.dz\\\/\",\"name\":\"La Sentinelle\",\"description\":\"Quotidien national d&#039;information\",\"publisher\":{\"@id\":\"https:\\\/\\\/lasentinelle.dz\\\/#organization\"},\"potentialAction\":[{\"@type\":\"SearchAction\",\"target\":{\"@type\":\"EntryPoint\",\"urlTemplate\":\"https:\\\/\\\/lasentinelle.dz\\\/?s={search_term_string}\"},\"query-input\":{\"@type\":\"PropertyValueSpecification\",\"valueRequired\":true,\"valueName\":\"search_term_string\"}}],\"inLanguage\":\"fr-FR\"},{\"@type\":\"Organization\",\"@id\":\"https:\\\/\\\/lasentinelle.dz\\\/#organization\",\"name\":\"Quotidien La Sentinelle\",\"url\":\"https:\\\/\\\/lasentinelle.dz\\\/\",\"logo\":{\"@type\":\"ImageObject\",\"inLanguage\":\"fr-FR\",\"@id\":\"https:\\\/\\\/lasentinelle.dz\\\/#\\\/schema\\\/logo\\\/image\\\/\",\"url\":\"https:\\\/\\\/lasentinelle.dz\\\/wp-content\\\/uploads\\\/2021\\\/09\\\/logo-sentinelleSLOGAN-1.png\",\"contentUrl\":\"https:\\\/\\\/lasentinelle.dz\\\/wp-content\\\/uploads\\\/2021\\\/09\\\/logo-sentinelleSLOGAN-1.png\",\"width\":615,\"height\":142,\"caption\":\"Quotidien La Sentinelle\"},\"image\":{\"@id\":\"https:\\\/\\\/lasentinelle.dz\\\/#\\\/schema\\\/logo\\\/image\\\/\"},\"sameAs\":[\"https:\\\/\\\/www.facebook.com\\\/La-Sentinelle-104059864394773\"]},{\"@type\":\"Person\",\"@id\":\"https:\\\/\\\/lasentinelle.dz\\\/#\\\/schema\\\/person\\\/729ee0024f24e0b8c5ec17232f8e8b41\",\"name\":\"admin\",\"image\":{\"@type\":\"ImageObject\",\"inLanguage\":\"fr-FR\",\"@id\":\"https:\\\/\\\/secure.gravatar.com\\\/avatar\\\/4c81fed838786e9b53f540bf46533e750f5d292099ae3b66cfc6fb1982e29df7?s=96&d=mm&r=g\",\"url\":\"https:\\\/\\\/secure.gravatar.com\\\/avatar\\\/4c81fed838786e9b53f540bf46533e750f5d292099ae3b66cfc6fb1982e29df7?s=96&d=mm&r=g\",\"contentUrl\":\"https:\\\/\\\/secure.gravatar.com\\\/avatar\\\/4c81fed838786e9b53f540bf46533e750f5d292099ae3b66cfc6fb1982e29df7?s=96&d=mm&r=g\",\"caption\":\"admin\"},\"description\":\"admin\",\"url\":\"https:\\\/\\\/lasentinelle.dz\\\/author\\\/admin\\\/\"}]}<\/script>\n<!-- \/ Yoast SEO plugin. -->","yoast_head_json":{"title":"Fili\u00e8re de la tomate industrielle \u00e0 El Tarf\u00a0: 70% de la r\u00e9colte destin\u00e9e \u00e0 la transformation - La Sentinelle","robots":{"index":"index","follow":"follow","max-snippet":"max-snippet:-1","max-image-preview":"max-image-preview:large","max-video-preview":"max-video-preview:-1"},"canonical":"https:\/\/lasentinelle.dz\/index.php\/2025\/08\/27\/filiere-de-la-tomate-industrielle-a-el-tarf-70-de-la-recolte-destinee-a-la-transformation\/","og_locale":"fr_FR","og_type":"article","og_title":"Fili\u00e8re de la tomate industrielle \u00e0 El Tarf\u00a0: 70% de la r\u00e9colte destin\u00e9e \u00e0 la transformation - La Sentinelle","og_description":"La fili\u00e8re tomate industrielle affiche une excellente sant\u00e9 avec une r\u00e9colte plus que satisfaisante cette saison. Les services de la","og_url":"https:\/\/lasentinelle.dz\/index.php\/2025\/08\/27\/filiere-de-la-tomate-industrielle-a-el-tarf-70-de-la-recolte-destinee-a-la-transformation\/","og_site_name":"La Sentinelle","article_publisher":"https:\/\/www.facebook.com\/La-Sentinelle-104059864394773","article_published_time":"2025-08-27T18:20:01+00:00","article_modified_time":"2025-08-29T18:20:58+00:00","og_image":[{"width":1024,"height":683,"url":"https:\/\/lasentinelle.dz\/wp-content\/uploads\/2022\/08\/tomate-1024x683.png","type":"image\/png"}],"author":"admin","twitter_card":"summary_large_image","twitter_misc":{"\u00c9crit par":"admin","Dur\u00e9e de lecture estim\u00e9e":"4 minutes"},"schema":{"@context":"https:\/\/schema.org","@graph":[{"@type":"Article","@id":"https:\/\/lasentinelle.dz\/index.php\/2025\/08\/27\/filiere-de-la-tomate-industrielle-a-el-tarf-70-de-la-recolte-destinee-a-la-transformation\/#article","isPartOf":{"@id":"https:\/\/lasentinelle.dz\/index.php\/2025\/08\/27\/filiere-de-la-tomate-industrielle-a-el-tarf-70-de-la-recolte-destinee-a-la-transformation\/"},"author":{"name":"admin","@id":"https:\/\/lasentinelle.dz\/#\/schema\/person\/729ee0024f24e0b8c5ec17232f8e8b41"},"headline":"Fili\u00e8re de la tomate industrielle \u00e0 El Tarf\u00a0: 70% de la r\u00e9colte destin\u00e9e \u00e0 la transformation","datePublished":"2025-08-27T18:20:01+00:00","dateModified":"2025-08-29T18:20:58+00:00","mainEntityOfPage":{"@id":"https:\/\/lasentinelle.dz\/index.php\/2025\/08\/27\/filiere-de-la-tomate-industrielle-a-el-tarf-70-de-la-recolte-destinee-a-la-transformation\/"},"wordCount":732,"commentCount":0,"publisher":{"@id":"https:\/\/lasentinelle.dz\/#organization"},"image":{"@id":"https:\/\/lasentinelle.dz\/index.php\/2025\/08\/27\/filiere-de-la-tomate-industrielle-a-el-tarf-70-de-la-recolte-destinee-a-la-transformation\/#primaryimage"},"thumbnailUrl":"https:\/\/lasentinelle.dz\/wp-content\/uploads\/2022\/08\/tomate.png","articleSection":["R\u00e9gions"],"inLanguage":"fr-FR","potentialAction":[{"@type":"CommentAction","name":"Comment","target":["https:\/\/lasentinelle.dz\/index.php\/2025\/08\/27\/filiere-de-la-tomate-industrielle-a-el-tarf-70-de-la-recolte-destinee-a-la-transformation\/#respond"]}]},{"@type":"WebPage","@id":"https:\/\/lasentinelle.dz\/index.php\/2025\/08\/27\/filiere-de-la-tomate-industrielle-a-el-tarf-70-de-la-recolte-destinee-a-la-transformation\/","url":"https:\/\/lasentinelle.dz\/index.php\/2025\/08\/27\/filiere-de-la-tomate-industrielle-a-el-tarf-70-de-la-recolte-destinee-a-la-transformation\/","name":"Fili\u00e8re de la tomate industrielle \u00e0 El Tarf\u00a0: 70% de la r\u00e9colte destin\u00e9e \u00e0 la transformation - La Sentinelle","isPartOf":{"@id":"https:\/\/lasentinelle.dz\/#website"},"primaryImageOfPage":{"@id":"https:\/\/lasentinelle.dz\/index.php\/2025\/08\/27\/filiere-de-la-tomate-industrielle-a-el-tarf-70-de-la-recolte-destinee-a-la-transformation\/#primaryimage"},"image":{"@id":"https:\/\/lasentinelle.dz\/index.php\/2025\/08\/27\/filiere-de-la-tomate-industrielle-a-el-tarf-70-de-la-recolte-destinee-a-la-transformation\/#primaryimage"},"thumbnailUrl":"https:\/\/lasentinelle.dz\/wp-content\/uploads\/2022\/08\/tomate.png","datePublished":"2025-08-27T18:20:01+00:00","dateModified":"2025-08-29T18:20:58+00:00","breadcrumb":{"@id":"https:\/\/lasentinelle.dz\/index.php\/2025\/08\/27\/filiere-de-la-tomate-industrielle-a-el-tarf-70-de-la-recolte-destinee-a-la-transformation\/#breadcrumb"},"inLanguage":"fr-FR","potentialAction":[{"@type":"ReadAction","target":["https:\/\/lasentinelle.dz\/index.php\/2025\/08\/27\/filiere-de-la-tomate-industrielle-a-el-tarf-70-de-la-recolte-destinee-a-la-transformation\/"]}]},{"@type":"ImageObject","inLanguage":"fr-FR","@id":"https:\/\/lasentinelle.dz\/index.php\/2025\/08\/27\/filiere-de-la-tomate-industrielle-a-el-tarf-70-de-la-recolte-destinee-a-la-transformation\/#primaryimage","url":"https:\/\/lasentinelle.dz\/wp-content\/uploads\/2022\/08\/tomate.png","contentUrl":"https:\/\/lasentinelle.dz\/wp-content\/uploads\/2022\/08\/tomate.png","width":1350,"height":900},{"@type":"BreadcrumbList","@id":"https:\/\/lasentinelle.dz\/index.php\/2025\/08\/27\/filiere-de-la-tomate-industrielle-a-el-tarf-70-de-la-recolte-destinee-a-la-transformation\/#breadcrumb","itemListElement":[{"@type":"ListItem","position":1,"name":"Accueil","item":"https:\/\/lasentinelle.dz\/"},{"@type":"ListItem","position":2,"name":"Fili\u00e8re de la tomate industrielle \u00e0 El Tarf\u00a0: 70% de la r\u00e9colte destin\u00e9e \u00e0 la transformation"}]},{"@type":"WebSite","@id":"https:\/\/lasentinelle.dz\/#website","url":"https:\/\/lasentinelle.dz\/","name":"La Sentinelle","description":"Quotidien national d&#039;information","publisher":{"@id":"https:\/\/lasentinelle.dz\/#organization"},"potentialAction":[{"@type":"SearchAction","target":{"@type":"EntryPoint","urlTemplate":"https:\/\/lasentinelle.dz\/?s={search_term_string}"},"query-input":{"@type":"PropertyValueSpecification","valueRequired":true,"valueName":"search_term_string"}}],"inLanguage":"fr-FR"},{"@type":"Organization","@id":"https:\/\/lasentinelle.dz\/#organization","name":"Quotidien La Sentinelle","url":"https:\/\/lasentinelle.dz\/","logo":{"@type":"ImageObject","inLanguage":"fr-FR","@id":"https:\/\/lasentinelle.dz\/#\/schema\/logo\/image\/","url":"https:\/\/lasentinelle.dz\/wp-content\/uploads\/2021\/09\/logo-sentinelleSLOGAN-1.png","contentUrl":"https:\/\/lasentinelle.dz\/wp-content\/uploads\/2021\/09\/logo-sentinelleSLOGAN-1.png","width":615,"height":142,"caption":"Quotidien La Sentinelle"},"image":{"@id":"https:\/\/lasentinelle.dz\/#\/schema\/logo\/image\/"},"sameAs":["https:\/\/www.facebook.com\/La-Sentinelle-104059864394773"]},{"@type":"Person","@id":"https:\/\/lasentinelle.dz\/#\/schema\/person\/729ee0024f24e0b8c5ec17232f8e8b41","name":"admin","image":{"@type":"ImageObject","inLanguage":"fr-FR","@id":"https:\/\/secure.gravatar.com\/avatar\/4c81fed838786e9b53f540bf46533e750f5d292099ae3b66cfc6fb1982e29df7?s=96&d=mm&r=g","url":"https:\/\/secure.gravatar.com\/avatar\/4c81fed838786e9b53f540bf46533e750f5d292099ae3b66cfc6fb1982e29df7?s=96&d=mm&r=g","contentUrl":"https:\/\/secure.gravatar.com\/avatar\/4c81fed838786e9b53f540bf46533e750f5d292099ae3b66cfc6fb1982e29df7?s=96&d=mm&r=g","caption":"admin"},"description":"admin","url":"https:\/\/lasentinelle.dz\/author\/admin\/"}]}},"_links":{"self":[{"href":"https:\/\/lasentinelle.dz\/index.php\/wp-json\/wp\/v2\/posts\/72572","targetHints":{"allow":["GET"]}}],"collection":[{"href":"https:\/\/lasentinelle.dz\/index.php\/wp-json\/wp\/v2\/posts"}],"about":[{"href":"https:\/\/lasentinelle.dz\/index.php\/wp-json\/wp\/v2\/types\/post"}],"author":[{"embeddable":true,"href":"https:\/\/lasentinelle.dz\/index.php\/wp-json\/wp\/v2\/users\/6"}],"replies":[{"embeddable":true,"href":"https:\/\/lasentinelle.dz\/index.php\/wp-json\/wp\/v2\/comments?post=72572"}],"version-history":[{"count":1,"href":"https:\/\/lasentinelle.dz\/index.php\/wp-json\/wp\/v2\/posts\/72572\/revisions"}],"predecessor-version":[{"id":72573,"href":"https:\/\/lasentinelle.dz\/index.php\/wp-json\/wp\/v2\/posts\/72572\/revisions\/72573"}],"wp:featuredmedia":[{"embeddable":true,"href":"https:\/\/lasentinelle.dz\/index.php\/wp-json\/wp\/v2\/media\/26264"}],"wp:attachment":[{"href":"https:\/\/lasentinelle.dz\/index.php\/wp-json\/wp\/v2\/media?parent=72572"}],"wp:term":[{"taxonomy":"category","embeddable":true,"href":"https:\/\/lasentinelle.dz\/index.php\/wp-json\/wp\/v2\/categories?post=72572"},{"taxonomy":"post_tag","embeddable":true,"href":"https:\/\/lasentinelle.dz\/index.php\/wp-json\/wp\/v2\/tags?post=72572"}],"curies":[{"name":"wp","href":"https:\/\/api.w.org\/{rel}","templated":true}]}}