{"id":72574,"date":"2025-08-27T19:21:46","date_gmt":"2025-08-27T18:21:46","guid":{"rendered":"https:\/\/lasentinelle.dz\/?p=72574"},"modified":"2025-08-29T19:22:19","modified_gmt":"2025-08-29T18:22:19","slug":"mobilisation-generale-pour-maitriser-lincendie-chrea-en-proie-aux-flammes","status":"publish","type":"post","link":"https:\/\/lasentinelle.dz\/index.php\/2025\/08\/27\/mobilisation-generale-pour-maitriser-lincendie-chrea-en-proie-aux-flammes\/","title":{"rendered":"Mobilisation g\u00e9n\u00e9rale pour ma\u00eetriser l\u2019incendie\u00a0: Chr\u00e9a en proie aux flammes"},"content":{"rendered":"\n<p>L&rsquo;Alg\u00e9rie fait face \u00e0 une nouvelle vague d&rsquo;incendies forestiers, avec quarante et un foyers qui se sont d\u00e9clar\u00e9s \u00e0 travers plusieurs wilayas du pays au cours des derni\u00e8res vingt-quatre heures. Si les \u00e9quipes de la Protection civile ont r\u00e9ussi \u00e0 ma\u00eetriser totalement trente-deux de ces incendies, sept autres continuent de mobiliser d&rsquo;importants moyens humains et mat\u00e9riels, notamment le sinistre majeur qui ravage actuellement la for\u00eat de Chr\u00e9a dans la wilaya de Blida. D\u00e9clench\u00e9 dans la nuit de mardi \u00e0 mercredi, l&rsquo;incendie de Chr\u00e9a a rapidement pris une ampleur inqui\u00e9tante, contraignant les autorit\u00e9s \u00e0 d\u00e9clencher un plan d&rsquo;urgence exceptionnel. Face \u00e0 la propagation rapide des flammes favoris\u00e9e par des conditions m\u00e9t\u00e9orologiques d\u00e9favorables et la topographie accident\u00e9e de la r\u00e9gion montagneuse, huit familles r\u00e9sidant \u00e0 proximit\u00e9 de la zone sinistr\u00e9e ont \u00e9t\u00e9 \u00e9vacu\u00e9es pr\u00e9ventivement vers des lieux s\u00fbrs. Les autorit\u00e9s locales ont \u00e9galement lanc\u00e9 un appel pressant aux citoyens, leur demandant d&rsquo;\u00e9viter absolument de se rendre dans la r\u00e9gion de Chr\u00e9a afin de ne pas entraver les op\u00e9rations de secours et de pr\u00e9server leur propre s\u00e9curit\u00e9.<\/p>\n\n\n\n<p>La gravit\u00e9 de la situation a mobilis\u00e9 des moyens consid\u00e9rables. Sur le terrain, les colonnes mobiles sp\u00e9cialis\u00e9es dans la lutte contre les feux de for\u00eat de quatre wilayas, Blida, M\u00e9d\u00e9a, Chlef et Bouira, sont d\u00e9ploy\u00e9es aux c\u00f4t\u00e9s de l&rsquo;unit\u00e9 nationale d&rsquo;instruction et d&rsquo;intervention. Dans les airs, huit a\u00e9ronefs sont engag\u00e9s dans la bataille contre les flammes, comprenant six avions bombardiers d&rsquo;eau AT802 et deux appareils BE200 mis \u00e0 disposition par l&rsquo;Arm\u00e9e nationale populaire. Cette mobilisation a\u00e9rienne sans pr\u00e9c\u00e9dent t\u00e9moigne de la d\u00e9termination des autorit\u00e9s \u00e0 circonscrire rapidement ce sinistre majeur.<\/p>\n\n\n\n<p>Le wali de Blida, Brahim Ouchen, s&rsquo;est personnellement rendu sur place accompagn\u00e9 du Directeur g\u00e9n\u00e9ral de la Protection civile, le colonel Boualem Bourelaf, pour superviser directement les op\u00e9rations d&rsquo;extinction. Un poste de commandement op\u00e9rationnel a \u00e9t\u00e9 \u00e9tabli sur site afin de coordonner efficacement l&rsquo;intervention des diff\u00e9rents corps de m\u00e9tiers mobilis\u00e9s et d&rsquo;assurer une communication fluide entre les \u00e9quipes terrestres et a\u00e9riennes.<\/p>\n\n\n\n<p>Les cons\u00e9quences de cet incendie se font d\u00e9j\u00e0 sentir sur les infrastructures locales. La compagnie de distribution d&rsquo;\u00e9lectricit\u00e9 et de gaz Sonelgaz Blida a annonc\u00e9 que les flammes ont endommag\u00e9 des c\u00e2bles \u00e9lectriques de moyenne tension, provoquant des perturbations dans l&rsquo;alimentation \u00e9lectrique des communes de Beni Ali et Chr\u00e9a. Par mesure de pr\u00e9caution, la distribution de gaz a \u00e9galement \u00e9t\u00e9 interrompue dans ces deux localit\u00e9s pour \u00e9viter tout risque d&rsquo;explosion et prot\u00e9ger les habitants et leurs biens.<\/p>\n\n\n\n<p>Parall\u00e8lement, d&rsquo;autres foyers ont mobilis\u00e9 les services de secours \u00e0 travers le territoire national, notamment dans les wilayas de B\u00e9ja\u00efa, Tizi Ouzou, Jijel, Skikda, Constantine et Tipaza. \u00c0 B\u00e9ja\u00efa, les \u00e9quipes de la Protection civile ont r\u00e9ussi \u00e0 ma\u00eetriser compl\u00e8tement l&rsquo;incendie qui s&rsquo;\u00e9tait d\u00e9clar\u00e9 dans la localit\u00e9 d&rsquo;Ikherrazen, commune de Boukhelifa, gr\u00e2ce \u00e0 la mobilisation de 86 agents, 15 camions d&rsquo;intervention et le soutien a\u00e9rien de sept appareils.<\/p>\n\n\n\n<p>Chokri Hafed<\/p>\n","protected":false},"excerpt":{"rendered":"<p>L&rsquo;Alg\u00e9rie fait face \u00e0 une nouvelle vague d&rsquo;incendies forestiers, avec quarante et un foyers qui se sont d\u00e9clar\u00e9s \u00e0 travers<\/p>\n","protected":false},"author":6,"featured_media":72387,"comment_status":"open","ping_status":"closed","sticky":false,"template":"","format":"standard","meta":{"colormag_page_container_layout":"default_layout","colormag_page_sidebar_layout":"default_layout","om_disable_all_campaigns":false,"_monsterinsights_skip_tracking":false,"_monsterinsights_sitenote_active":false,"_monsterinsights_sitenote_note":"","_monsterinsights_sitenote_category":0,"footnotes":"","_wpscppro_dont_share_socialmedia":false,"_wpscppro_custom_social_share_image":0,"_facebook_share_type":"default","_twitter_share_type":"default","_linkedin_share_type":"default","_pinterest_share_type":"default","_linkedin_share_type_page":"","_instagram_share_type":"default","_medium_share_type":"default","_threads_share_type":"default","_google_business_share_type":"default","_selected_social_profile":[],"_wpsp_enable_custom_social_template":false,"_wpsp_social_scheduling":{"enabled":false,"datetime":null,"platforms":[],"status":"template_only","dateOption":"today","timeOption":"now","customDays":"","customHours":"","customDate":"","customTime":"","schedulingType":"absolute"},"_wpsp_active_default_template":true},"categories":[52,27],"tags":[],"class_list":["post-72574","post","type-post","status-publish","format-standard","has-post-thumbnail","hentry","category-a-la-une","category-actualite"],"aioseo_notices":[],"yoast_head":"<!-- This site is optimized with the Yoast SEO plugin v27.5 - https:\/\/yoast.com\/product\/yoast-seo-wordpress\/ -->\n<title>Mobilisation g\u00e9n\u00e9rale pour ma\u00eetriser l\u2019incendie\u00a0: Chr\u00e9a en proie aux flammes - La Sentinelle<\/title>\n<meta name=\"robots\" content=\"index, follow, max-snippet:-1, max-image-preview:large, max-video-preview:-1\" \/>\n<link rel=\"canonical\" href=\"https:\/\/lasentinelle.dz\/index.php\/2025\/08\/27\/mobilisation-generale-pour-maitriser-lincendie-chrea-en-proie-aux-flammes\/\" \/>\n<meta property=\"og:locale\" content=\"fr_FR\" \/>\n<meta property=\"og:type\" content=\"article\" \/>\n<meta property=\"og:title\" content=\"Mobilisation g\u00e9n\u00e9rale pour ma\u00eetriser l\u2019incendie\u00a0: Chr\u00e9a en proie aux flammes - La Sentinelle\" \/>\n<meta property=\"og:description\" content=\"L&rsquo;Alg\u00e9rie fait face \u00e0 une nouvelle vague d&rsquo;incendies forestiers, avec quarante et un foyers qui se sont d\u00e9clar\u00e9s \u00e0 travers\" \/>\n<meta property=\"og:url\" content=\"https:\/\/lasentinelle.dz\/index.php\/2025\/08\/27\/mobilisation-generale-pour-maitriser-lincendie-chrea-en-proie-aux-flammes\/\" \/>\n<meta property=\"og:site_name\" content=\"La Sentinelle\" \/>\n<meta property=\"article:publisher\" content=\"https:\/\/www.facebook.com\/La-Sentinelle-104059864394773\" \/>\n<meta property=\"article:published_time\" content=\"2025-08-27T18:21:46+00:00\" \/>\n<meta property=\"article:modified_time\" content=\"2025-08-29T18:22:19+00:00\" \/>\n<meta property=\"og:image\" content=\"https:\/\/lasentinelle.dz\/wp-content\/uploads\/2025\/08\/incendie.jpg\" \/>\n\t<meta property=\"og:image:width\" content=\"2048\" \/>\n\t<meta property=\"og:image:height\" content=\"1365\" \/>\n\t<meta property=\"og:image:type\" content=\"image\/jpeg\" \/>\n<meta name=\"author\" content=\"admin\" \/>\n<meta name=\"twitter:card\" content=\"summary_large_image\" \/>\n<meta name=\"twitter:label1\" content=\"\u00c9crit par\" \/>\n\t<meta name=\"twitter:data1\" content=\"admin\" \/>\n\t<meta name=\"twitter:label2\" content=\"Dur\u00e9e de lecture estim\u00e9e\" \/>\n\t<meta name=\"twitter:data2\" content=\"3 minutes\" \/>\n<script type=\"application\/ld+json\" class=\"yoast-schema-graph\">{\"@context\":\"https:\\\/\\\/schema.org\",\"@graph\":[{\"@type\":\"Article\",\"@id\":\"https:\\\/\\\/lasentinelle.dz\\\/index.php\\\/2025\\\/08\\\/27\\\/mobilisation-generale-pour-maitriser-lincendie-chrea-en-proie-aux-flammes\\\/#article\",\"isPartOf\":{\"@id\":\"https:\\\/\\\/lasentinelle.dz\\\/index.php\\\/2025\\\/08\\\/27\\\/mobilisation-generale-pour-maitriser-lincendie-chrea-en-proie-aux-flammes\\\/\"},\"author\":{\"name\":\"admin\",\"@id\":\"https:\\\/\\\/lasentinelle.dz\\\/#\\\/schema\\\/person\\\/729ee0024f24e0b8c5ec17232f8e8b41\"},\"headline\":\"Mobilisation g\u00e9n\u00e9rale pour ma\u00eetriser l\u2019incendie\u00a0: Chr\u00e9a en proie aux flammes\",\"datePublished\":\"2025-08-27T18:21:46+00:00\",\"dateModified\":\"2025-08-29T18:22:19+00:00\",\"mainEntityOfPage\":{\"@id\":\"https:\\\/\\\/lasentinelle.dz\\\/index.php\\\/2025\\\/08\\\/27\\\/mobilisation-generale-pour-maitriser-lincendie-chrea-en-proie-aux-flammes\\\/\"},\"wordCount\":571,\"commentCount\":0,\"publisher\":{\"@id\":\"https:\\\/\\\/lasentinelle.dz\\\/#organization\"},\"image\":{\"@id\":\"https:\\\/\\\/lasentinelle.dz\\\/index.php\\\/2025\\\/08\\\/27\\\/mobilisation-generale-pour-maitriser-lincendie-chrea-en-proie-aux-flammes\\\/#primaryimage\"},\"thumbnailUrl\":\"https:\\\/\\\/lasentinelle.dz\\\/wp-content\\\/uploads\\\/2025\\\/08\\\/incendie.jpg\",\"articleSection\":[\"\u00c0 la Une\",\"Actualit\u00e9\"],\"inLanguage\":\"fr-FR\",\"potentialAction\":[{\"@type\":\"CommentAction\",\"name\":\"Comment\",\"target\":[\"https:\\\/\\\/lasentinelle.dz\\\/index.php\\\/2025\\\/08\\\/27\\\/mobilisation-generale-pour-maitriser-lincendie-chrea-en-proie-aux-flammes\\\/#respond\"]}]},{\"@type\":\"WebPage\",\"@id\":\"https:\\\/\\\/lasentinelle.dz\\\/index.php\\\/2025\\\/08\\\/27\\\/mobilisation-generale-pour-maitriser-lincendie-chrea-en-proie-aux-flammes\\\/\",\"url\":\"https:\\\/\\\/lasentinelle.dz\\\/index.php\\\/2025\\\/08\\\/27\\\/mobilisation-generale-pour-maitriser-lincendie-chrea-en-proie-aux-flammes\\\/\",\"name\":\"Mobilisation g\u00e9n\u00e9rale pour ma\u00eetriser l\u2019incendie\u00a0: Chr\u00e9a en proie aux flammes - La Sentinelle\",\"isPartOf\":{\"@id\":\"https:\\\/\\\/lasentinelle.dz\\\/#website\"},\"primaryImageOfPage\":{\"@id\":\"https:\\\/\\\/lasentinelle.dz\\\/index.php\\\/2025\\\/08\\\/27\\\/mobilisation-generale-pour-maitriser-lincendie-chrea-en-proie-aux-flammes\\\/#primaryimage\"},\"image\":{\"@id\":\"https:\\\/\\\/lasentinelle.dz\\\/index.php\\\/2025\\\/08\\\/27\\\/mobilisation-generale-pour-maitriser-lincendie-chrea-en-proie-aux-flammes\\\/#primaryimage\"},\"thumbnailUrl\":\"https:\\\/\\\/lasentinelle.dz\\\/wp-content\\\/uploads\\\/2025\\\/08\\\/incendie.jpg\",\"datePublished\":\"2025-08-27T18:21:46+00:00\",\"dateModified\":\"2025-08-29T18:22:19+00:00\",\"breadcrumb\":{\"@id\":\"https:\\\/\\\/lasentinelle.dz\\\/index.php\\\/2025\\\/08\\\/27\\\/mobilisation-generale-pour-maitriser-lincendie-chrea-en-proie-aux-flammes\\\/#breadcrumb\"},\"inLanguage\":\"fr-FR\",\"potentialAction\":[{\"@type\":\"ReadAction\",\"target\":[\"https:\\\/\\\/lasentinelle.dz\\\/index.php\\\/2025\\\/08\\\/27\\\/mobilisation-generale-pour-maitriser-lincendie-chrea-en-proie-aux-flammes\\\/\"]}]},{\"@type\":\"ImageObject\",\"inLanguage\":\"fr-FR\",\"@id\":\"https:\\\/\\\/lasentinelle.dz\\\/index.php\\\/2025\\\/08\\\/27\\\/mobilisation-generale-pour-maitriser-lincendie-chrea-en-proie-aux-flammes\\\/#primaryimage\",\"url\":\"https:\\\/\\\/lasentinelle.dz\\\/wp-content\\\/uploads\\\/2025\\\/08\\\/incendie.jpg\",\"contentUrl\":\"https:\\\/\\\/lasentinelle.dz\\\/wp-content\\\/uploads\\\/2025\\\/08\\\/incendie.jpg\",\"width\":2048,\"height\":1365},{\"@type\":\"BreadcrumbList\",\"@id\":\"https:\\\/\\\/lasentinelle.dz\\\/index.php\\\/2025\\\/08\\\/27\\\/mobilisation-generale-pour-maitriser-lincendie-chrea-en-proie-aux-flammes\\\/#breadcrumb\",\"itemListElement\":[{\"@type\":\"ListItem\",\"position\":1,\"name\":\"Accueil\",\"item\":\"https:\\\/\\\/lasentinelle.dz\\\/\"},{\"@type\":\"ListItem\",\"position\":2,\"name\":\"Mobilisation g\u00e9n\u00e9rale pour ma\u00eetriser l\u2019incendie\u00a0: Chr\u00e9a en proie aux flammes\"}]},{\"@type\":\"WebSite\",\"@id\":\"https:\\\/\\\/lasentinelle.dz\\\/#website\",\"url\":\"https:\\\/\\\/lasentinelle.dz\\\/\",\"name\":\"La Sentinelle\",\"description\":\"Quotidien national d&#039;information\",\"publisher\":{\"@id\":\"https:\\\/\\\/lasentinelle.dz\\\/#organization\"},\"potentialAction\":[{\"@type\":\"SearchAction\",\"target\":{\"@type\":\"EntryPoint\",\"urlTemplate\":\"https:\\\/\\\/lasentinelle.dz\\\/?s={search_term_string}\"},\"query-input\":{\"@type\":\"PropertyValueSpecification\",\"valueRequired\":true,\"valueName\":\"search_term_string\"}}],\"inLanguage\":\"fr-FR\"},{\"@type\":\"Organization\",\"@id\":\"https:\\\/\\\/lasentinelle.dz\\\/#organization\",\"name\":\"Quotidien La Sentinelle\",\"url\":\"https:\\\/\\\/lasentinelle.dz\\\/\",\"logo\":{\"@type\":\"ImageObject\",\"inLanguage\":\"fr-FR\",\"@id\":\"https:\\\/\\\/lasentinelle.dz\\\/#\\\/schema\\\/logo\\\/image\\\/\",\"url\":\"https:\\\/\\\/lasentinelle.dz\\\/wp-content\\\/uploads\\\/2021\\\/09\\\/logo-sentinelleSLOGAN-1.png\",\"contentUrl\":\"https:\\\/\\\/lasentinelle.dz\\\/wp-content\\\/uploads\\\/2021\\\/09\\\/logo-sentinelleSLOGAN-1.png\",\"width\":615,\"height\":142,\"caption\":\"Quotidien La Sentinelle\"},\"image\":{\"@id\":\"https:\\\/\\\/lasentinelle.dz\\\/#\\\/schema\\\/logo\\\/image\\\/\"},\"sameAs\":[\"https:\\\/\\\/www.facebook.com\\\/La-Sentinelle-104059864394773\"]},{\"@type\":\"Person\",\"@id\":\"https:\\\/\\\/lasentinelle.dz\\\/#\\\/schema\\\/person\\\/729ee0024f24e0b8c5ec17232f8e8b41\",\"name\":\"admin\",\"image\":{\"@type\":\"ImageObject\",\"inLanguage\":\"fr-FR\",\"@id\":\"https:\\\/\\\/secure.gravatar.com\\\/avatar\\\/4c81fed838786e9b53f540bf46533e750f5d292099ae3b66cfc6fb1982e29df7?s=96&d=mm&r=g\",\"url\":\"https:\\\/\\\/secure.gravatar.com\\\/avatar\\\/4c81fed838786e9b53f540bf46533e750f5d292099ae3b66cfc6fb1982e29df7?s=96&d=mm&r=g\",\"contentUrl\":\"https:\\\/\\\/secure.gravatar.com\\\/avatar\\\/4c81fed838786e9b53f540bf46533e750f5d292099ae3b66cfc6fb1982e29df7?s=96&d=mm&r=g\",\"caption\":\"admin\"},\"description\":\"admin\",\"url\":\"https:\\\/\\\/lasentinelle.dz\\\/author\\\/admin\\\/\"}]}<\/script>\n<!-- \/ Yoast SEO plugin. -->","yoast_head_json":{"title":"Mobilisation g\u00e9n\u00e9rale pour ma\u00eetriser l\u2019incendie\u00a0: Chr\u00e9a en proie aux flammes - La Sentinelle","robots":{"index":"index","follow":"follow","max-snippet":"max-snippet:-1","max-image-preview":"max-image-preview:large","max-video-preview":"max-video-preview:-1"},"canonical":"https:\/\/lasentinelle.dz\/index.php\/2025\/08\/27\/mobilisation-generale-pour-maitriser-lincendie-chrea-en-proie-aux-flammes\/","og_locale":"fr_FR","og_type":"article","og_title":"Mobilisation g\u00e9n\u00e9rale pour ma\u00eetriser l\u2019incendie\u00a0: Chr\u00e9a en proie aux flammes - La Sentinelle","og_description":"L&rsquo;Alg\u00e9rie fait face \u00e0 une nouvelle vague d&rsquo;incendies forestiers, avec quarante et un foyers qui se sont d\u00e9clar\u00e9s \u00e0 travers","og_url":"https:\/\/lasentinelle.dz\/index.php\/2025\/08\/27\/mobilisation-generale-pour-maitriser-lincendie-chrea-en-proie-aux-flammes\/","og_site_name":"La Sentinelle","article_publisher":"https:\/\/www.facebook.com\/La-Sentinelle-104059864394773","article_published_time":"2025-08-27T18:21:46+00:00","article_modified_time":"2025-08-29T18:22:19+00:00","og_image":[{"width":2048,"height":1365,"url":"https:\/\/lasentinelle.dz\/wp-content\/uploads\/2025\/08\/incendie.jpg","type":"image\/jpeg"}],"author":"admin","twitter_card":"summary_large_image","twitter_misc":{"\u00c9crit par":"admin","Dur\u00e9e de lecture estim\u00e9e":"3 minutes"},"schema":{"@context":"https:\/\/schema.org","@graph":[{"@type":"Article","@id":"https:\/\/lasentinelle.dz\/index.php\/2025\/08\/27\/mobilisation-generale-pour-maitriser-lincendie-chrea-en-proie-aux-flammes\/#article","isPartOf":{"@id":"https:\/\/lasentinelle.dz\/index.php\/2025\/08\/27\/mobilisation-generale-pour-maitriser-lincendie-chrea-en-proie-aux-flammes\/"},"author":{"name":"admin","@id":"https:\/\/lasentinelle.dz\/#\/schema\/person\/729ee0024f24e0b8c5ec17232f8e8b41"},"headline":"Mobilisation g\u00e9n\u00e9rale pour ma\u00eetriser l\u2019incendie\u00a0: Chr\u00e9a en proie aux flammes","datePublished":"2025-08-27T18:21:46+00:00","dateModified":"2025-08-29T18:22:19+00:00","mainEntityOfPage":{"@id":"https:\/\/lasentinelle.dz\/index.php\/2025\/08\/27\/mobilisation-generale-pour-maitriser-lincendie-chrea-en-proie-aux-flammes\/"},"wordCount":571,"commentCount":0,"publisher":{"@id":"https:\/\/lasentinelle.dz\/#organization"},"image":{"@id":"https:\/\/lasentinelle.dz\/index.php\/2025\/08\/27\/mobilisation-generale-pour-maitriser-lincendie-chrea-en-proie-aux-flammes\/#primaryimage"},"thumbnailUrl":"https:\/\/lasentinelle.dz\/wp-content\/uploads\/2025\/08\/incendie.jpg","articleSection":["\u00c0 la Une","Actualit\u00e9"],"inLanguage":"fr-FR","potentialAction":[{"@type":"CommentAction","name":"Comment","target":["https:\/\/lasentinelle.dz\/index.php\/2025\/08\/27\/mobilisation-generale-pour-maitriser-lincendie-chrea-en-proie-aux-flammes\/#respond"]}]},{"@type":"WebPage","@id":"https:\/\/lasentinelle.dz\/index.php\/2025\/08\/27\/mobilisation-generale-pour-maitriser-lincendie-chrea-en-proie-aux-flammes\/","url":"https:\/\/lasentinelle.dz\/index.php\/2025\/08\/27\/mobilisation-generale-pour-maitriser-lincendie-chrea-en-proie-aux-flammes\/","name":"Mobilisation g\u00e9n\u00e9rale pour ma\u00eetriser l\u2019incendie\u00a0: Chr\u00e9a en proie aux flammes - La Sentinelle","isPartOf":{"@id":"https:\/\/lasentinelle.dz\/#website"},"primaryImageOfPage":{"@id":"https:\/\/lasentinelle.dz\/index.php\/2025\/08\/27\/mobilisation-generale-pour-maitriser-lincendie-chrea-en-proie-aux-flammes\/#primaryimage"},"image":{"@id":"https:\/\/lasentinelle.dz\/index.php\/2025\/08\/27\/mobilisation-generale-pour-maitriser-lincendie-chrea-en-proie-aux-flammes\/#primaryimage"},"thumbnailUrl":"https:\/\/lasentinelle.dz\/wp-content\/uploads\/2025\/08\/incendie.jpg","datePublished":"2025-08-27T18:21:46+00:00","dateModified":"2025-08-29T18:22:19+00:00","breadcrumb":{"@id":"https:\/\/lasentinelle.dz\/index.php\/2025\/08\/27\/mobilisation-generale-pour-maitriser-lincendie-chrea-en-proie-aux-flammes\/#breadcrumb"},"inLanguage":"fr-FR","potentialAction":[{"@type":"ReadAction","target":["https:\/\/lasentinelle.dz\/index.php\/2025\/08\/27\/mobilisation-generale-pour-maitriser-lincendie-chrea-en-proie-aux-flammes\/"]}]},{"@type":"ImageObject","inLanguage":"fr-FR","@id":"https:\/\/lasentinelle.dz\/index.php\/2025\/08\/27\/mobilisation-generale-pour-maitriser-lincendie-chrea-en-proie-aux-flammes\/#primaryimage","url":"https:\/\/lasentinelle.dz\/wp-content\/uploads\/2025\/08\/incendie.jpg","contentUrl":"https:\/\/lasentinelle.dz\/wp-content\/uploads\/2025\/08\/incendie.jpg","width":2048,"height":1365},{"@type":"BreadcrumbList","@id":"https:\/\/lasentinelle.dz\/index.php\/2025\/08\/27\/mobilisation-generale-pour-maitriser-lincendie-chrea-en-proie-aux-flammes\/#breadcrumb","itemListElement":[{"@type":"ListItem","position":1,"name":"Accueil","item":"https:\/\/lasentinelle.dz\/"},{"@type":"ListItem","position":2,"name":"Mobilisation g\u00e9n\u00e9rale pour ma\u00eetriser l\u2019incendie\u00a0: Chr\u00e9a en proie aux flammes"}]},{"@type":"WebSite","@id":"https:\/\/lasentinelle.dz\/#website","url":"https:\/\/lasentinelle.dz\/","name":"La Sentinelle","description":"Quotidien national d&#039;information","publisher":{"@id":"https:\/\/lasentinelle.dz\/#organization"},"potentialAction":[{"@type":"SearchAction","target":{"@type":"EntryPoint","urlTemplate":"https:\/\/lasentinelle.dz\/?s={search_term_string}"},"query-input":{"@type":"PropertyValueSpecification","valueRequired":true,"valueName":"search_term_string"}}],"inLanguage":"fr-FR"},{"@type":"Organization","@id":"https:\/\/lasentinelle.dz\/#organization","name":"Quotidien La Sentinelle","url":"https:\/\/lasentinelle.dz\/","logo":{"@type":"ImageObject","inLanguage":"fr-FR","@id":"https:\/\/lasentinelle.dz\/#\/schema\/logo\/image\/","url":"https:\/\/lasentinelle.dz\/wp-content\/uploads\/2021\/09\/logo-sentinelleSLOGAN-1.png","contentUrl":"https:\/\/lasentinelle.dz\/wp-content\/uploads\/2021\/09\/logo-sentinelleSLOGAN-1.png","width":615,"height":142,"caption":"Quotidien La Sentinelle"},"image":{"@id":"https:\/\/lasentinelle.dz\/#\/schema\/logo\/image\/"},"sameAs":["https:\/\/www.facebook.com\/La-Sentinelle-104059864394773"]},{"@type":"Person","@id":"https:\/\/lasentinelle.dz\/#\/schema\/person\/729ee0024f24e0b8c5ec17232f8e8b41","name":"admin","image":{"@type":"ImageObject","inLanguage":"fr-FR","@id":"https:\/\/secure.gravatar.com\/avatar\/4c81fed838786e9b53f540bf46533e750f5d292099ae3b66cfc6fb1982e29df7?s=96&d=mm&r=g","url":"https:\/\/secure.gravatar.com\/avatar\/4c81fed838786e9b53f540bf46533e750f5d292099ae3b66cfc6fb1982e29df7?s=96&d=mm&r=g","contentUrl":"https:\/\/secure.gravatar.com\/avatar\/4c81fed838786e9b53f540bf46533e750f5d292099ae3b66cfc6fb1982e29df7?s=96&d=mm&r=g","caption":"admin"},"description":"admin","url":"https:\/\/lasentinelle.dz\/author\/admin\/"}]}},"_links":{"self":[{"href":"https:\/\/lasentinelle.dz\/index.php\/wp-json\/wp\/v2\/posts\/72574","targetHints":{"allow":["GET"]}}],"collection":[{"href":"https:\/\/lasentinelle.dz\/index.php\/wp-json\/wp\/v2\/posts"}],"about":[{"href":"https:\/\/lasentinelle.dz\/index.php\/wp-json\/wp\/v2\/types\/post"}],"author":[{"embeddable":true,"href":"https:\/\/lasentinelle.dz\/index.php\/wp-json\/wp\/v2\/users\/6"}],"replies":[{"embeddable":true,"href":"https:\/\/lasentinelle.dz\/index.php\/wp-json\/wp\/v2\/comments?post=72574"}],"version-history":[{"count":1,"href":"https:\/\/lasentinelle.dz\/index.php\/wp-json\/wp\/v2\/posts\/72574\/revisions"}],"predecessor-version":[{"id":72575,"href":"https:\/\/lasentinelle.dz\/index.php\/wp-json\/wp\/v2\/posts\/72574\/revisions\/72575"}],"wp:featuredmedia":[{"embeddable":true,"href":"https:\/\/lasentinelle.dz\/index.php\/wp-json\/wp\/v2\/media\/72387"}],"wp:attachment":[{"href":"https:\/\/lasentinelle.dz\/index.php\/wp-json\/wp\/v2\/media?parent=72574"}],"wp:term":[{"taxonomy":"category","embeddable":true,"href":"https:\/\/lasentinelle.dz\/index.php\/wp-json\/wp\/v2\/categories?post=72574"},{"taxonomy":"post_tag","embeddable":true,"href":"https:\/\/lasentinelle.dz\/index.php\/wp-json\/wp\/v2\/tags?post=72574"}],"curies":[{"name":"wp","href":"https:\/\/api.w.org\/{rel}","templated":true}]}}