{"id":72576,"date":"2025-08-27T19:23:15","date_gmt":"2025-08-27T18:23:15","guid":{"rendered":"https:\/\/lasentinelle.dz\/?p=72576"},"modified":"2025-08-29T19:23:48","modified_gmt":"2025-08-29T18:23:48","slug":"sante-lalgerie-et-les-etats-unis-scellent-un-partenariat-sstrategique","status":"publish","type":"post","link":"https:\/\/lasentinelle.dz\/index.php\/2025\/08\/27\/sante-lalgerie-et-les-etats-unis-scellent-un-partenariat-sstrategique\/","title":{"rendered":"Sant\u00e9\u00a0: L&rsquo;Alg\u00e9rie et les \u00c9tats-Unis scellent un partenariat sstrat\u00e9gique"},"content":{"rendered":"\n<p>Un m\u00e9morandum d&rsquo;entente bilat\u00e9ral dans le domaine de la sant\u00e9 pourrait bient\u00f4t voir le jour entre l&rsquo;Alg\u00e9rie et les \u00c9tats-Unis, ouvrant la voie \u00e0 une coop\u00e9ration renforc\u00e9e dans des secteurs cruciaux comme l&rsquo;industrie pharmaceutique et la gestion des urgences m\u00e9dicales. Le ministre de la Sant\u00e9 Abdelhak Saihi et l&rsquo;ambassadrice am\u00e9ricaine Elizabeth Moore Aubin ont jet\u00e9 mardi les bases de cette collaboration d&rsquo;envergure lors d&rsquo;une rencontre au si\u00e8ge du minist\u00e8re de la Sant\u00e9. Les deux resp\u00f4nsables ont affich\u00e9 \u00ab\u00a0leur volont\u00e9 commune d&rsquo;\u00e9largir et de promouvoir davantage la coop\u00e9ration au vu notamment des potentialit\u00e9s dont disposent les deux pays\u00a0\u00bb, selon le communiqu\u00e9 officiel. Cette initiative s&rsquo;inscrit dans le cadre du \u00ab\u00a0renforcement des relations bilat\u00e9rales entre la R\u00e9publique alg\u00e9rienne d\u00e9mocratique et populaire et les \u00c9tats-Unis d&rsquo;Am\u00e9rique dans le domaine de la sant\u00e9\u00a0\u00bb. L&rsquo;ambassadrice am\u00e9ricaine a particuli\u00e8rement mis l&rsquo;accent sur les urgences majeures, pr\u00f4nant \u00ab\u00a0l&rsquo;\u00e9change de connaissances et d&rsquo;expertises, ainsi que la promotion de partenariats entre les institutions sanitaires des deux pays\u00a0\u00bb. Elle s&rsquo;est \u00e9galement montr\u00e9e int\u00e9ress\u00e9e par \u00ab\u00a0le soutien aux opportunit\u00e9s de coop\u00e9ration entre les op\u00e9rateurs \u00e9conomiques alg\u00e9riens et am\u00e9ricains dans le domaine de l&rsquo;industrie pharmaceutique\u00a0\u00bb. De son c\u00f4t\u00e9, le ministre Saihi a propos\u00e9 d&rsquo;aller au-del\u00e0 des \u00e9changes traditionnels en sugg\u00e9rant \u00ab\u00a0le transfert de connaissances et de technologies dans les domaines de la pr\u00e9vention, la bios\u00e9curit\u00e9, la gestion des urgences m\u00e9dicales et la formation\u00a0\u00bb. Il a lanc\u00e9 l&rsquo;id\u00e9e ambitieuse de \u00ab\u00a0l&rsquo;organisation d&rsquo;un forum bilat\u00e9ral sur l&rsquo;industrie pharmaceutique, r\u00e9unissant des hommes d&rsquo;affaires des deux pays\u00a0\u00bb, qui constituerait \u00ab\u00a0un espace important pour le d\u00e9veloppement de la coop\u00e9ration bilat\u00e9rale\u00a0\u00bb. Le ministre a profit\u00e9 de cette rencontre pour pr\u00e9senter les r\u00e9alisations nationales, notamment les programmes de vaccination et la \u00ab\u00a0Strat\u00e9gie nationale de pr\u00e9vention et de lutte contre le cancer\u00a0\u00bb. Il a \u00e9galement \u00e9voqu\u00e9 l&rsquo;engagement humanitaire de l&rsquo;Alg\u00e9rie, soulignant que le pays \u00ab\u00a0assure un grand soutien humanitaire dans le but d&rsquo;assurer le traitement et les prestations m\u00e9dicales fondamentales, au niveau de ses \u00e9tablissements sanitaires \u00e0 tous les r\u00e9fugi\u00e9s qui se trouvent sur son sol\u00a0\u00bb. Plus ambitieux encore, le ministre a plaid\u00e9 pour \u00ab\u00a0la n\u00e9cessit\u00e9 de cr\u00e9er un centre international de vaccination et de lutte contre les maladies tropicales en Alg\u00e9rie\u00a0\u00bb, qui offrirait des services m\u00e9dicaux \u00ab\u00a0notamment au profit des pays du voisinage\u00a0\u00bb. Au terme des discussions, les deux parties ont exprim\u00e9 leur \u00ab\u00a0satisfaction du niveau des relations unissant les deux pays\u00a0\u00bb, s&rsquo;engageant dans \u00ab\u00a0la poursuite de la coordination et de l&rsquo;action commune afin de concr\u00e9tiser des projets de coop\u00e9ration mutuellement b\u00e9n\u00e9fiques\u00a0\u00bb.<\/p>\n\n\n\n<p>Sabrina Aziouez<\/p>\n","protected":false},"excerpt":{"rendered":"<p>Un m\u00e9morandum d&rsquo;entente bilat\u00e9ral dans le domaine de la sant\u00e9 pourrait bient\u00f4t voir le jour entre l&rsquo;Alg\u00e9rie et les \u00c9tats-Unis,<\/p>\n","protected":false},"author":6,"featured_media":72577,"comment_status":"open","ping_status":"closed","sticky":false,"template":"","format":"standard","meta":{"colormag_page_container_layout":"default_layout","colormag_page_sidebar_layout":"default_layout","om_disable_all_campaigns":false,"_monsterinsights_skip_tracking":false,"_monsterinsights_sitenote_active":false,"_monsterinsights_sitenote_note":"","_monsterinsights_sitenote_category":0,"footnotes":"","_wpscppro_dont_share_socialmedia":false,"_wpscppro_custom_social_share_image":0,"_facebook_share_type":"default","_twitter_share_type":"default","_linkedin_share_type":"default","_pinterest_share_type":"default","_linkedin_share_type_page":"","_instagram_share_type":"default","_medium_share_type":"default","_threads_share_type":"default","_google_business_share_type":"default","_selected_social_profile":[],"_wpsp_enable_custom_social_template":false,"_wpsp_social_scheduling":{"enabled":false,"datetime":null,"platforms":[],"status":"template_only","dateOption":"today","timeOption":"now","customDays":"","customHours":"","customDate":"","customTime":"","schedulingType":"absolute"},"_wpsp_active_default_template":true},"categories":[27],"tags":[],"class_list":["post-72576","post","type-post","status-publish","format-standard","has-post-thumbnail","hentry","category-actualite"],"aioseo_notices":[],"yoast_head":"<!-- This site is optimized with the Yoast SEO plugin v27.5 - https:\/\/yoast.com\/product\/yoast-seo-wordpress\/ -->\n<title>Sant\u00e9\u00a0: L&rsquo;Alg\u00e9rie et les \u00c9tats-Unis scellent un partenariat sstrat\u00e9gique - La Sentinelle<\/title>\n<meta name=\"robots\" content=\"index, follow, max-snippet:-1, max-image-preview:large, max-video-preview:-1\" \/>\n<link rel=\"canonical\" href=\"https:\/\/lasentinelle.dz\/index.php\/2025\/08\/27\/sante-lalgerie-et-les-etats-unis-scellent-un-partenariat-sstrategique\/\" \/>\n<meta property=\"og:locale\" content=\"fr_FR\" \/>\n<meta property=\"og:type\" content=\"article\" \/>\n<meta property=\"og:title\" content=\"Sant\u00e9\u00a0: L&rsquo;Alg\u00e9rie et les \u00c9tats-Unis scellent un partenariat sstrat\u00e9gique - La Sentinelle\" \/>\n<meta property=\"og:description\" content=\"Un m\u00e9morandum d&rsquo;entente bilat\u00e9ral dans le domaine de la sant\u00e9 pourrait bient\u00f4t voir le jour entre l&rsquo;Alg\u00e9rie et les \u00c9tats-Unis,\" \/>\n<meta property=\"og:url\" content=\"https:\/\/lasentinelle.dz\/index.php\/2025\/08\/27\/sante-lalgerie-et-les-etats-unis-scellent-un-partenariat-sstrategique\/\" \/>\n<meta property=\"og:site_name\" content=\"La Sentinelle\" \/>\n<meta property=\"article:publisher\" content=\"https:\/\/www.facebook.com\/La-Sentinelle-104059864394773\" \/>\n<meta property=\"article:published_time\" content=\"2025-08-27T18:23:15+00:00\" \/>\n<meta property=\"article:modified_time\" content=\"2025-08-29T18:23:48+00:00\" \/>\n<meta property=\"og:image\" content=\"https:\/\/lasentinelle.dz\/wp-content\/uploads\/2025\/08\/538614760_1094716172844978_4279745306240634965_n.jpg\" \/>\n\t<meta property=\"og:image:width\" content=\"2048\" \/>\n\t<meta property=\"og:image:height\" content=\"1536\" \/>\n\t<meta property=\"og:image:type\" content=\"image\/jpeg\" \/>\n<meta name=\"author\" content=\"admin\" \/>\n<meta name=\"twitter:card\" content=\"summary_large_image\" \/>\n<meta name=\"twitter:label1\" content=\"\u00c9crit par\" \/>\n\t<meta name=\"twitter:data1\" content=\"admin\" \/>\n\t<meta name=\"twitter:label2\" content=\"Dur\u00e9e de lecture estim\u00e9e\" \/>\n\t<meta name=\"twitter:data2\" content=\"3 minutes\" \/>\n<script type=\"application\/ld+json\" class=\"yoast-schema-graph\">{\"@context\":\"https:\\\/\\\/schema.org\",\"@graph\":[{\"@type\":\"Article\",\"@id\":\"https:\\\/\\\/lasentinelle.dz\\\/index.php\\\/2025\\\/08\\\/27\\\/sante-lalgerie-et-les-etats-unis-scellent-un-partenariat-sstrategique\\\/#article\",\"isPartOf\":{\"@id\":\"https:\\\/\\\/lasentinelle.dz\\\/index.php\\\/2025\\\/08\\\/27\\\/sante-lalgerie-et-les-etats-unis-scellent-un-partenariat-sstrategique\\\/\"},\"author\":{\"name\":\"admin\",\"@id\":\"https:\\\/\\\/lasentinelle.dz\\\/#\\\/schema\\\/person\\\/729ee0024f24e0b8c5ec17232f8e8b41\"},\"headline\":\"Sant\u00e9\u00a0: L&rsquo;Alg\u00e9rie et les \u00c9tats-Unis scellent un partenariat sstrat\u00e9gique\",\"datePublished\":\"2025-08-27T18:23:15+00:00\",\"dateModified\":\"2025-08-29T18:23:48+00:00\",\"mainEntityOfPage\":{\"@id\":\"https:\\\/\\\/lasentinelle.dz\\\/index.php\\\/2025\\\/08\\\/27\\\/sante-lalgerie-et-les-etats-unis-scellent-un-partenariat-sstrategique\\\/\"},\"wordCount\":498,\"commentCount\":0,\"publisher\":{\"@id\":\"https:\\\/\\\/lasentinelle.dz\\\/#organization\"},\"image\":{\"@id\":\"https:\\\/\\\/lasentinelle.dz\\\/index.php\\\/2025\\\/08\\\/27\\\/sante-lalgerie-et-les-etats-unis-scellent-un-partenariat-sstrategique\\\/#primaryimage\"},\"thumbnailUrl\":\"https:\\\/\\\/lasentinelle.dz\\\/wp-content\\\/uploads\\\/2025\\\/08\\\/538614760_1094716172844978_4279745306240634965_n.jpg\",\"articleSection\":[\"Actualit\u00e9\"],\"inLanguage\":\"fr-FR\",\"potentialAction\":[{\"@type\":\"CommentAction\",\"name\":\"Comment\",\"target\":[\"https:\\\/\\\/lasentinelle.dz\\\/index.php\\\/2025\\\/08\\\/27\\\/sante-lalgerie-et-les-etats-unis-scellent-un-partenariat-sstrategique\\\/#respond\"]}]},{\"@type\":\"WebPage\",\"@id\":\"https:\\\/\\\/lasentinelle.dz\\\/index.php\\\/2025\\\/08\\\/27\\\/sante-lalgerie-et-les-etats-unis-scellent-un-partenariat-sstrategique\\\/\",\"url\":\"https:\\\/\\\/lasentinelle.dz\\\/index.php\\\/2025\\\/08\\\/27\\\/sante-lalgerie-et-les-etats-unis-scellent-un-partenariat-sstrategique\\\/\",\"name\":\"Sant\u00e9\u00a0: L&rsquo;Alg\u00e9rie et les \u00c9tats-Unis scellent un partenariat sstrat\u00e9gique - La Sentinelle\",\"isPartOf\":{\"@id\":\"https:\\\/\\\/lasentinelle.dz\\\/#website\"},\"primaryImageOfPage\":{\"@id\":\"https:\\\/\\\/lasentinelle.dz\\\/index.php\\\/2025\\\/08\\\/27\\\/sante-lalgerie-et-les-etats-unis-scellent-un-partenariat-sstrategique\\\/#primaryimage\"},\"image\":{\"@id\":\"https:\\\/\\\/lasentinelle.dz\\\/index.php\\\/2025\\\/08\\\/27\\\/sante-lalgerie-et-les-etats-unis-scellent-un-partenariat-sstrategique\\\/#primaryimage\"},\"thumbnailUrl\":\"https:\\\/\\\/lasentinelle.dz\\\/wp-content\\\/uploads\\\/2025\\\/08\\\/538614760_1094716172844978_4279745306240634965_n.jpg\",\"datePublished\":\"2025-08-27T18:23:15+00:00\",\"dateModified\":\"2025-08-29T18:23:48+00:00\",\"breadcrumb\":{\"@id\":\"https:\\\/\\\/lasentinelle.dz\\\/index.php\\\/2025\\\/08\\\/27\\\/sante-lalgerie-et-les-etats-unis-scellent-un-partenariat-sstrategique\\\/#breadcrumb\"},\"inLanguage\":\"fr-FR\",\"potentialAction\":[{\"@type\":\"ReadAction\",\"target\":[\"https:\\\/\\\/lasentinelle.dz\\\/index.php\\\/2025\\\/08\\\/27\\\/sante-lalgerie-et-les-etats-unis-scellent-un-partenariat-sstrategique\\\/\"]}]},{\"@type\":\"ImageObject\",\"inLanguage\":\"fr-FR\",\"@id\":\"https:\\\/\\\/lasentinelle.dz\\\/index.php\\\/2025\\\/08\\\/27\\\/sante-lalgerie-et-les-etats-unis-scellent-un-partenariat-sstrategique\\\/#primaryimage\",\"url\":\"https:\\\/\\\/lasentinelle.dz\\\/wp-content\\\/uploads\\\/2025\\\/08\\\/538614760_1094716172844978_4279745306240634965_n.jpg\",\"contentUrl\":\"https:\\\/\\\/lasentinelle.dz\\\/wp-content\\\/uploads\\\/2025\\\/08\\\/538614760_1094716172844978_4279745306240634965_n.jpg\",\"width\":2048,\"height\":1536},{\"@type\":\"BreadcrumbList\",\"@id\":\"https:\\\/\\\/lasentinelle.dz\\\/index.php\\\/2025\\\/08\\\/27\\\/sante-lalgerie-et-les-etats-unis-scellent-un-partenariat-sstrategique\\\/#breadcrumb\",\"itemListElement\":[{\"@type\":\"ListItem\",\"position\":1,\"name\":\"Accueil\",\"item\":\"https:\\\/\\\/lasentinelle.dz\\\/\"},{\"@type\":\"ListItem\",\"position\":2,\"name\":\"Sant\u00e9\u00a0: L&rsquo;Alg\u00e9rie et les \u00c9tats-Unis scellent un partenariat sstrat\u00e9gique\"}]},{\"@type\":\"WebSite\",\"@id\":\"https:\\\/\\\/lasentinelle.dz\\\/#website\",\"url\":\"https:\\\/\\\/lasentinelle.dz\\\/\",\"name\":\"La Sentinelle\",\"description\":\"Quotidien national d&#039;information\",\"publisher\":{\"@id\":\"https:\\\/\\\/lasentinelle.dz\\\/#organization\"},\"potentialAction\":[{\"@type\":\"SearchAction\",\"target\":{\"@type\":\"EntryPoint\",\"urlTemplate\":\"https:\\\/\\\/lasentinelle.dz\\\/?s={search_term_string}\"},\"query-input\":{\"@type\":\"PropertyValueSpecification\",\"valueRequired\":true,\"valueName\":\"search_term_string\"}}],\"inLanguage\":\"fr-FR\"},{\"@type\":\"Organization\",\"@id\":\"https:\\\/\\\/lasentinelle.dz\\\/#organization\",\"name\":\"Quotidien La Sentinelle\",\"url\":\"https:\\\/\\\/lasentinelle.dz\\\/\",\"logo\":{\"@type\":\"ImageObject\",\"inLanguage\":\"fr-FR\",\"@id\":\"https:\\\/\\\/lasentinelle.dz\\\/#\\\/schema\\\/logo\\\/image\\\/\",\"url\":\"https:\\\/\\\/lasentinelle.dz\\\/wp-content\\\/uploads\\\/2021\\\/09\\\/logo-sentinelleSLOGAN-1.png\",\"contentUrl\":\"https:\\\/\\\/lasentinelle.dz\\\/wp-content\\\/uploads\\\/2021\\\/09\\\/logo-sentinelleSLOGAN-1.png\",\"width\":615,\"height\":142,\"caption\":\"Quotidien La Sentinelle\"},\"image\":{\"@id\":\"https:\\\/\\\/lasentinelle.dz\\\/#\\\/schema\\\/logo\\\/image\\\/\"},\"sameAs\":[\"https:\\\/\\\/www.facebook.com\\\/La-Sentinelle-104059864394773\"]},{\"@type\":\"Person\",\"@id\":\"https:\\\/\\\/lasentinelle.dz\\\/#\\\/schema\\\/person\\\/729ee0024f24e0b8c5ec17232f8e8b41\",\"name\":\"admin\",\"image\":{\"@type\":\"ImageObject\",\"inLanguage\":\"fr-FR\",\"@id\":\"https:\\\/\\\/secure.gravatar.com\\\/avatar\\\/4c81fed838786e9b53f540bf46533e750f5d292099ae3b66cfc6fb1982e29df7?s=96&d=mm&r=g\",\"url\":\"https:\\\/\\\/secure.gravatar.com\\\/avatar\\\/4c81fed838786e9b53f540bf46533e750f5d292099ae3b66cfc6fb1982e29df7?s=96&d=mm&r=g\",\"contentUrl\":\"https:\\\/\\\/secure.gravatar.com\\\/avatar\\\/4c81fed838786e9b53f540bf46533e750f5d292099ae3b66cfc6fb1982e29df7?s=96&d=mm&r=g\",\"caption\":\"admin\"},\"description\":\"admin\",\"url\":\"https:\\\/\\\/lasentinelle.dz\\\/author\\\/admin\\\/\"}]}<\/script>\n<!-- \/ Yoast SEO plugin. -->","yoast_head_json":{"title":"Sant\u00e9\u00a0: L&rsquo;Alg\u00e9rie et les \u00c9tats-Unis scellent un partenariat sstrat\u00e9gique - La Sentinelle","robots":{"index":"index","follow":"follow","max-snippet":"max-snippet:-1","max-image-preview":"max-image-preview:large","max-video-preview":"max-video-preview:-1"},"canonical":"https:\/\/lasentinelle.dz\/index.php\/2025\/08\/27\/sante-lalgerie-et-les-etats-unis-scellent-un-partenariat-sstrategique\/","og_locale":"fr_FR","og_type":"article","og_title":"Sant\u00e9\u00a0: L&rsquo;Alg\u00e9rie et les \u00c9tats-Unis scellent un partenariat sstrat\u00e9gique - La Sentinelle","og_description":"Un m\u00e9morandum d&rsquo;entente bilat\u00e9ral dans le domaine de la sant\u00e9 pourrait bient\u00f4t voir le jour entre l&rsquo;Alg\u00e9rie et les \u00c9tats-Unis,","og_url":"https:\/\/lasentinelle.dz\/index.php\/2025\/08\/27\/sante-lalgerie-et-les-etats-unis-scellent-un-partenariat-sstrategique\/","og_site_name":"La Sentinelle","article_publisher":"https:\/\/www.facebook.com\/La-Sentinelle-104059864394773","article_published_time":"2025-08-27T18:23:15+00:00","article_modified_time":"2025-08-29T18:23:48+00:00","og_image":[{"width":2048,"height":1536,"url":"https:\/\/lasentinelle.dz\/wp-content\/uploads\/2025\/08\/538614760_1094716172844978_4279745306240634965_n.jpg","type":"image\/jpeg"}],"author":"admin","twitter_card":"summary_large_image","twitter_misc":{"\u00c9crit par":"admin","Dur\u00e9e de lecture estim\u00e9e":"3 minutes"},"schema":{"@context":"https:\/\/schema.org","@graph":[{"@type":"Article","@id":"https:\/\/lasentinelle.dz\/index.php\/2025\/08\/27\/sante-lalgerie-et-les-etats-unis-scellent-un-partenariat-sstrategique\/#article","isPartOf":{"@id":"https:\/\/lasentinelle.dz\/index.php\/2025\/08\/27\/sante-lalgerie-et-les-etats-unis-scellent-un-partenariat-sstrategique\/"},"author":{"name":"admin","@id":"https:\/\/lasentinelle.dz\/#\/schema\/person\/729ee0024f24e0b8c5ec17232f8e8b41"},"headline":"Sant\u00e9\u00a0: L&rsquo;Alg\u00e9rie et les \u00c9tats-Unis scellent un partenariat sstrat\u00e9gique","datePublished":"2025-08-27T18:23:15+00:00","dateModified":"2025-08-29T18:23:48+00:00","mainEntityOfPage":{"@id":"https:\/\/lasentinelle.dz\/index.php\/2025\/08\/27\/sante-lalgerie-et-les-etats-unis-scellent-un-partenariat-sstrategique\/"},"wordCount":498,"commentCount":0,"publisher":{"@id":"https:\/\/lasentinelle.dz\/#organization"},"image":{"@id":"https:\/\/lasentinelle.dz\/index.php\/2025\/08\/27\/sante-lalgerie-et-les-etats-unis-scellent-un-partenariat-sstrategique\/#primaryimage"},"thumbnailUrl":"https:\/\/lasentinelle.dz\/wp-content\/uploads\/2025\/08\/538614760_1094716172844978_4279745306240634965_n.jpg","articleSection":["Actualit\u00e9"],"inLanguage":"fr-FR","potentialAction":[{"@type":"CommentAction","name":"Comment","target":["https:\/\/lasentinelle.dz\/index.php\/2025\/08\/27\/sante-lalgerie-et-les-etats-unis-scellent-un-partenariat-sstrategique\/#respond"]}]},{"@type":"WebPage","@id":"https:\/\/lasentinelle.dz\/index.php\/2025\/08\/27\/sante-lalgerie-et-les-etats-unis-scellent-un-partenariat-sstrategique\/","url":"https:\/\/lasentinelle.dz\/index.php\/2025\/08\/27\/sante-lalgerie-et-les-etats-unis-scellent-un-partenariat-sstrategique\/","name":"Sant\u00e9\u00a0: L&rsquo;Alg\u00e9rie et les \u00c9tats-Unis scellent un partenariat sstrat\u00e9gique - La Sentinelle","isPartOf":{"@id":"https:\/\/lasentinelle.dz\/#website"},"primaryImageOfPage":{"@id":"https:\/\/lasentinelle.dz\/index.php\/2025\/08\/27\/sante-lalgerie-et-les-etats-unis-scellent-un-partenariat-sstrategique\/#primaryimage"},"image":{"@id":"https:\/\/lasentinelle.dz\/index.php\/2025\/08\/27\/sante-lalgerie-et-les-etats-unis-scellent-un-partenariat-sstrategique\/#primaryimage"},"thumbnailUrl":"https:\/\/lasentinelle.dz\/wp-content\/uploads\/2025\/08\/538614760_1094716172844978_4279745306240634965_n.jpg","datePublished":"2025-08-27T18:23:15+00:00","dateModified":"2025-08-29T18:23:48+00:00","breadcrumb":{"@id":"https:\/\/lasentinelle.dz\/index.php\/2025\/08\/27\/sante-lalgerie-et-les-etats-unis-scellent-un-partenariat-sstrategique\/#breadcrumb"},"inLanguage":"fr-FR","potentialAction":[{"@type":"ReadAction","target":["https:\/\/lasentinelle.dz\/index.php\/2025\/08\/27\/sante-lalgerie-et-les-etats-unis-scellent-un-partenariat-sstrategique\/"]}]},{"@type":"ImageObject","inLanguage":"fr-FR","@id":"https:\/\/lasentinelle.dz\/index.php\/2025\/08\/27\/sante-lalgerie-et-les-etats-unis-scellent-un-partenariat-sstrategique\/#primaryimage","url":"https:\/\/lasentinelle.dz\/wp-content\/uploads\/2025\/08\/538614760_1094716172844978_4279745306240634965_n.jpg","contentUrl":"https:\/\/lasentinelle.dz\/wp-content\/uploads\/2025\/08\/538614760_1094716172844978_4279745306240634965_n.jpg","width":2048,"height":1536},{"@type":"BreadcrumbList","@id":"https:\/\/lasentinelle.dz\/index.php\/2025\/08\/27\/sante-lalgerie-et-les-etats-unis-scellent-un-partenariat-sstrategique\/#breadcrumb","itemListElement":[{"@type":"ListItem","position":1,"name":"Accueil","item":"https:\/\/lasentinelle.dz\/"},{"@type":"ListItem","position":2,"name":"Sant\u00e9\u00a0: L&rsquo;Alg\u00e9rie et les \u00c9tats-Unis scellent un partenariat sstrat\u00e9gique"}]},{"@type":"WebSite","@id":"https:\/\/lasentinelle.dz\/#website","url":"https:\/\/lasentinelle.dz\/","name":"La Sentinelle","description":"Quotidien national d&#039;information","publisher":{"@id":"https:\/\/lasentinelle.dz\/#organization"},"potentialAction":[{"@type":"SearchAction","target":{"@type":"EntryPoint","urlTemplate":"https:\/\/lasentinelle.dz\/?s={search_term_string}"},"query-input":{"@type":"PropertyValueSpecification","valueRequired":true,"valueName":"search_term_string"}}],"inLanguage":"fr-FR"},{"@type":"Organization","@id":"https:\/\/lasentinelle.dz\/#organization","name":"Quotidien La Sentinelle","url":"https:\/\/lasentinelle.dz\/","logo":{"@type":"ImageObject","inLanguage":"fr-FR","@id":"https:\/\/lasentinelle.dz\/#\/schema\/logo\/image\/","url":"https:\/\/lasentinelle.dz\/wp-content\/uploads\/2021\/09\/logo-sentinelleSLOGAN-1.png","contentUrl":"https:\/\/lasentinelle.dz\/wp-content\/uploads\/2021\/09\/logo-sentinelleSLOGAN-1.png","width":615,"height":142,"caption":"Quotidien La Sentinelle"},"image":{"@id":"https:\/\/lasentinelle.dz\/#\/schema\/logo\/image\/"},"sameAs":["https:\/\/www.facebook.com\/La-Sentinelle-104059864394773"]},{"@type":"Person","@id":"https:\/\/lasentinelle.dz\/#\/schema\/person\/729ee0024f24e0b8c5ec17232f8e8b41","name":"admin","image":{"@type":"ImageObject","inLanguage":"fr-FR","@id":"https:\/\/secure.gravatar.com\/avatar\/4c81fed838786e9b53f540bf46533e750f5d292099ae3b66cfc6fb1982e29df7?s=96&d=mm&r=g","url":"https:\/\/secure.gravatar.com\/avatar\/4c81fed838786e9b53f540bf46533e750f5d292099ae3b66cfc6fb1982e29df7?s=96&d=mm&r=g","contentUrl":"https:\/\/secure.gravatar.com\/avatar\/4c81fed838786e9b53f540bf46533e750f5d292099ae3b66cfc6fb1982e29df7?s=96&d=mm&r=g","caption":"admin"},"description":"admin","url":"https:\/\/lasentinelle.dz\/author\/admin\/"}]}},"_links":{"self":[{"href":"https:\/\/lasentinelle.dz\/index.php\/wp-json\/wp\/v2\/posts\/72576","targetHints":{"allow":["GET"]}}],"collection":[{"href":"https:\/\/lasentinelle.dz\/index.php\/wp-json\/wp\/v2\/posts"}],"about":[{"href":"https:\/\/lasentinelle.dz\/index.php\/wp-json\/wp\/v2\/types\/post"}],"author":[{"embeddable":true,"href":"https:\/\/lasentinelle.dz\/index.php\/wp-json\/wp\/v2\/users\/6"}],"replies":[{"embeddable":true,"href":"https:\/\/lasentinelle.dz\/index.php\/wp-json\/wp\/v2\/comments?post=72576"}],"version-history":[{"count":2,"href":"https:\/\/lasentinelle.dz\/index.php\/wp-json\/wp\/v2\/posts\/72576\/revisions"}],"predecessor-version":[{"id":72579,"href":"https:\/\/lasentinelle.dz\/index.php\/wp-json\/wp\/v2\/posts\/72576\/revisions\/72579"}],"wp:featuredmedia":[{"embeddable":true,"href":"https:\/\/lasentinelle.dz\/index.php\/wp-json\/wp\/v2\/media\/72577"}],"wp:attachment":[{"href":"https:\/\/lasentinelle.dz\/index.php\/wp-json\/wp\/v2\/media?parent=72576"}],"wp:term":[{"taxonomy":"category","embeddable":true,"href":"https:\/\/lasentinelle.dz\/index.php\/wp-json\/wp\/v2\/categories?post=72576"},{"taxonomy":"post_tag","embeddable":true,"href":"https:\/\/lasentinelle.dz\/index.php\/wp-json\/wp\/v2\/tags?post=72576"}],"curies":[{"name":"wp","href":"https:\/\/api.w.org\/{rel}","templated":true}]}}