{"id":72580,"date":"2025-08-27T19:23:52","date_gmt":"2025-08-27T18:23:52","guid":{"rendered":"https:\/\/lasentinelle.dz\/?p=72580"},"modified":"2025-08-29T19:24:38","modified_gmt":"2025-08-29T18:24:38","slug":"iatf-2025-une-etape-cruciale-pour-lintegration-africaine","status":"publish","type":"post","link":"https:\/\/lasentinelle.dz\/index.php\/2025\/08\/27\/iatf-2025-une-etape-cruciale-pour-lintegration-africaine\/","title":{"rendered":"IATF 2025\u00a0: Une \u00e9tape cruciale pour l&rsquo;int\u00e9gration africaine"},"content":{"rendered":"\n<p>Plus qu&rsquo;une simple manifestation commerciale, la Foire commerciale intra-africaine (IATF 2025) qui se tiendra \u00e0 Alger du 4 au 10 septembre, constitue une \u00e9tape cruciale pour l&rsquo;int\u00e9gration africaine, ont indiqu\u00e9 \u00e0 l&rsquo;APS des experts, appelant \u00e0 acc\u00e9l\u00e9rer l&rsquo;interconnexion des \u00e9conomies du continent, condition indispensable pour valoriser ses ressources, et faire \u00e9merger des industries locales capables de porter la souverainet\u00e9 \u00e9conomique africaine. Face \u00e0 de multiples d\u00e9fis socio-\u00e9conomiques (ch\u00f4mage \u00e9lev\u00e9 des jeunes, s\u00e9curit\u00e9 alimentaire, vuln\u00e9rabilit\u00e9 aux chocs ext\u00e9rieurs et d\u00e9ficit d&rsquo;infrastructures), les \u00e9conomistes soulignent que l&rsquo;Afrique ne peut relever ces enjeux qu&rsquo;en misant sur ses compl\u00e9mentarit\u00e9s. \u00ab\u00a0La diversit\u00e9 des ressources naturelles, agricoles, industrielles et humaines entre pays africains repr\u00e9sente un atout majeur, \u00e0 condition de mieux les mettre en synergie\u00a0\u00bb, a indiqu\u00e9 le professeur en \u00e9conomie, Brahim Guendouzi. L&rsquo;interconnexion des \u00e9conomies appara\u00eet ainsi comme une voie incontournable pour renforcer la r\u00e9silience, cr\u00e9er de la valeur ajout\u00e9e sur le continent et r\u00e9pondre aux besoins croissants d&rsquo;une population estim\u00e9e \u00e0 1,4 milliard d&rsquo;habitants. Selon lui, l&rsquo;IATF 2025 repr\u00e9sente une plateforme privil\u00e9gi\u00e9e pour avancer concr\u00e8tement vers l&rsquo;interconnexion des \u00e9conomies africaines et permet non seulement de stimuler les \u00e9changes commerciaux, mais aussi d&rsquo;identifier les secteurs prioritaires o\u00f9 la compl\u00e9mentarit\u00e9 entre Etats peut acc\u00e9l\u00e9rer la transformation locale des ressources. L&rsquo;IATF s&rsquo;inscrit dans la dynamique de la ZLECAf (Zone de libre-\u00e9change continentale africaine), dont l&rsquo;objectif est de lever progressivement les barri\u00e8res tarifaires et non tarifaires entre les pays du continent, souligne l&rsquo;\u00e9conomiste rappelant que l&rsquo;objectif de la zone est de porter la part du commerce intra-africain \u00e0 25 % d&rsquo;ici 2030, contre environ 15 % actuellement. Cette manifestation d&rsquo;envergure, poursuit-il, joue aussi un r\u00f4le majeur en valorisant le potentiel de la diaspora et de la jeunesse africaine, consid\u00e9r\u00e9e comme une v\u00e9ritable \u00ab\u00a0mati\u00e8re grise\u00a0\u00bb du continent, en offrant aux startups, talents innovants et chercheurs, une vitrine continentale et en facilitant leur mise en relation avec des investisseurs et des fonds de capital-risque. De son c\u00f4t\u00e9, l&rsquo;agro\u00e9conomiste et enseignant-chercheur \u00e0 l&rsquo;Ecole nationale sup\u00e9rieure agronomique d&rsquo;Alger, Ali Daoudi, souligne que l&rsquo;agriculture constitue l&rsquo;un des terrains les plus prometteurs pour concr\u00e9tiser l&rsquo;int\u00e9gration africaine. Pour le professeur Daoudi, la mise en valeur des compl\u00e9mentarit\u00e9s entre pays producteurs et pays transformateurs est essentielle pour r\u00e9duire la d\u00e9pendance alimentaire du continent et renforcer sa souverainet\u00e9, citant l&rsquo;exemple du cacao produit en Afrique de l&rsquo;Ouest, qui pourrait \u00eatre transform\u00e9 gr\u00e2ce \u00e0 des partenariats avec des industries agroalimentaires install\u00e9es en Alg\u00e9rie, cr\u00e9ant ainsi de la valeur ajout\u00e9e \u00e0 l&rsquo;\u00e9chelle r\u00e9gionale tout en r\u00e9pondant aux besoins d&rsquo;une population en forte croissance. Ainsi, l&rsquo;IATF 2025 repr\u00e9sente un rendez-vous strat\u00e9gique pour repenser le mod\u00e8le \u00e9conomique africain, souligne l&rsquo;expert ajoutant que le continent ne peut plus se contenter d&rsquo;exporter ses mati\u00e8res premi\u00e8res \u00e0 l&rsquo;\u00e9tat brut, au risque de rester prisonnier d&rsquo;une d\u00e9pendance historique aux march\u00e9s mondiaux.<\/p>\n\n\n\n<p>APS<\/p>\n\n\n\n<p><strong>Journ\u00e9e d&rsquo;information dimanche prochain au CIC<\/strong><\/p>\n\n\n\n<p>Le minist\u00e8re de la Communication organisera, dimanche prochain, au Centre international des conf\u00e9rences Abdelatif-Rahal (CIC, Alger), une journ\u00e9e d&rsquo;information consacr\u00e9e aux pr\u00e9paratifs de la 4e \u00e9dition de la Foire commerciale intra-africaine (IATF), a indiqu\u00e9 mercredi le minist\u00e8re dans un communiqu\u00e9. Cette journ\u00e9e d&rsquo;information portera sur \u00ab\u00a0les pr\u00e9paratifs en cours pour l&rsquo;organisation de cet \u00e9v\u00e9nement \u00e9conomique d&rsquo;envergure et sur ses enjeux\u00a0\u00bb, et qui devrait g\u00e9n\u00e9rer d'\u00a0\u00bbimportants acquis\u00a0\u00bb en ce sens, selon la m\u00eame source. Cet \u00e9v\u00e9nement qui sera pr\u00e9sid\u00e9 par le ministre de la Communication, M. Mohamed Meziane, avec le Commissaire de la 4e \u00e9dition de l&rsquo;IATF, M. Larbi Latr\u00e8che, et l&rsquo;expert et consultant en strat\u00e9gie et en d\u00e9veloppement durable, M. Mouloud Khelif, \u00ab\u00a0apportera aux journalistes et aux professionnels de la presse des informations significatives, tant en investissements qu&rsquo;en diversification industrielle, d&rsquo;\u00e9changes et d&rsquo;int\u00e9gration intra-africaine\u00a0\u00bb, ajoute le communiqu\u00e9.<\/p>\n\n\n\n<p><\/p>\n","protected":false},"excerpt":{"rendered":"<p>Plus qu&rsquo;une simple manifestation commerciale, la Foire commerciale intra-africaine (IATF 2025) qui se tiendra \u00e0 Alger du 4 au 10<\/p>\n","protected":false},"author":6,"featured_media":69926,"comment_status":"open","ping_status":"closed","sticky":false,"template":"","format":"standard","meta":{"colormag_page_container_layout":"default_layout","colormag_page_sidebar_layout":"default_layout","om_disable_all_campaigns":false,"_monsterinsights_skip_tracking":false,"_monsterinsights_sitenote_active":false,"_monsterinsights_sitenote_note":"","_monsterinsights_sitenote_category":0,"footnotes":"","_wpscppro_dont_share_socialmedia":false,"_wpscppro_custom_social_share_image":0,"_facebook_share_type":"default","_twitter_share_type":"default","_linkedin_share_type":"default","_pinterest_share_type":"default","_linkedin_share_type_page":"","_instagram_share_type":"default","_medium_share_type":"default","_threads_share_type":"default","_google_business_share_type":"default","_selected_social_profile":[],"_wpsp_enable_custom_social_template":false,"_wpsp_social_scheduling":{"enabled":false,"datetime":null,"platforms":[],"status":"template_only","dateOption":"today","timeOption":"now","customDays":"","customHours":"","customDate":"","customTime":"","schedulingType":"absolute"},"_wpsp_active_default_template":true},"categories":[29],"tags":[],"class_list":["post-72580","post","type-post","status-publish","format-standard","has-post-thumbnail","hentry","category-economie"],"aioseo_notices":[],"yoast_head":"<!-- This site is optimized with the Yoast SEO plugin v27.5 - https:\/\/yoast.com\/product\/yoast-seo-wordpress\/ -->\n<title>IATF 2025\u00a0: Une \u00e9tape cruciale pour l&rsquo;int\u00e9gration africaine - La Sentinelle<\/title>\n<meta name=\"robots\" content=\"index, follow, max-snippet:-1, max-image-preview:large, max-video-preview:-1\" \/>\n<link rel=\"canonical\" href=\"https:\/\/lasentinelle.dz\/index.php\/2025\/08\/27\/iatf-2025-une-etape-cruciale-pour-lintegration-africaine\/\" \/>\n<meta property=\"og:locale\" content=\"fr_FR\" \/>\n<meta property=\"og:type\" content=\"article\" \/>\n<meta property=\"og:title\" content=\"IATF 2025\u00a0: Une \u00e9tape cruciale pour l&rsquo;int\u00e9gration africaine - La Sentinelle\" \/>\n<meta property=\"og:description\" content=\"Plus qu&rsquo;une simple manifestation commerciale, la Foire commerciale intra-africaine (IATF 2025) qui se tiendra \u00e0 Alger du 4 au 10\" \/>\n<meta property=\"og:url\" content=\"https:\/\/lasentinelle.dz\/index.php\/2025\/08\/27\/iatf-2025-une-etape-cruciale-pour-lintegration-africaine\/\" \/>\n<meta property=\"og:site_name\" content=\"La Sentinelle\" \/>\n<meta property=\"article:publisher\" content=\"https:\/\/www.facebook.com\/La-Sentinelle-104059864394773\" \/>\n<meta property=\"article:published_time\" content=\"2025-08-27T18:23:52+00:00\" \/>\n<meta property=\"article:modified_time\" content=\"2025-08-29T18:24:38+00:00\" \/>\n<meta property=\"og:image\" content=\"https:\/\/lasentinelle.dz\/wp-content\/uploads\/2025\/07\/IATF.jpeg\" \/>\n\t<meta property=\"og:image:width\" content=\"580\" \/>\n\t<meta property=\"og:image:height\" content=\"350\" \/>\n\t<meta property=\"og:image:type\" content=\"image\/jpeg\" \/>\n<meta name=\"author\" content=\"admin\" \/>\n<meta name=\"twitter:card\" content=\"summary_large_image\" \/>\n<meta name=\"twitter:label1\" content=\"\u00c9crit par\" \/>\n\t<meta name=\"twitter:data1\" content=\"admin\" \/>\n\t<meta name=\"twitter:label2\" content=\"Dur\u00e9e de lecture estim\u00e9e\" \/>\n\t<meta name=\"twitter:data2\" content=\"4 minutes\" \/>\n<script type=\"application\/ld+json\" class=\"yoast-schema-graph\">{\"@context\":\"https:\\\/\\\/schema.org\",\"@graph\":[{\"@type\":\"Article\",\"@id\":\"https:\\\/\\\/lasentinelle.dz\\\/index.php\\\/2025\\\/08\\\/27\\\/iatf-2025-une-etape-cruciale-pour-lintegration-africaine\\\/#article\",\"isPartOf\":{\"@id\":\"https:\\\/\\\/lasentinelle.dz\\\/index.php\\\/2025\\\/08\\\/27\\\/iatf-2025-une-etape-cruciale-pour-lintegration-africaine\\\/\"},\"author\":{\"name\":\"admin\",\"@id\":\"https:\\\/\\\/lasentinelle.dz\\\/#\\\/schema\\\/person\\\/729ee0024f24e0b8c5ec17232f8e8b41\"},\"headline\":\"IATF 2025\u00a0: Une \u00e9tape cruciale pour l&rsquo;int\u00e9gration africaine\",\"datePublished\":\"2025-08-27T18:23:52+00:00\",\"dateModified\":\"2025-08-29T18:24:38+00:00\",\"mainEntityOfPage\":{\"@id\":\"https:\\\/\\\/lasentinelle.dz\\\/index.php\\\/2025\\\/08\\\/27\\\/iatf-2025-une-etape-cruciale-pour-lintegration-africaine\\\/\"},\"wordCount\":709,\"commentCount\":0,\"publisher\":{\"@id\":\"https:\\\/\\\/lasentinelle.dz\\\/#organization\"},\"image\":{\"@id\":\"https:\\\/\\\/lasentinelle.dz\\\/index.php\\\/2025\\\/08\\\/27\\\/iatf-2025-une-etape-cruciale-pour-lintegration-africaine\\\/#primaryimage\"},\"thumbnailUrl\":\"https:\\\/\\\/lasentinelle.dz\\\/wp-content\\\/uploads\\\/2025\\\/07\\\/IATF.jpeg\",\"articleSection\":[\"\u00c9conomie\"],\"inLanguage\":\"fr-FR\",\"potentialAction\":[{\"@type\":\"CommentAction\",\"name\":\"Comment\",\"target\":[\"https:\\\/\\\/lasentinelle.dz\\\/index.php\\\/2025\\\/08\\\/27\\\/iatf-2025-une-etape-cruciale-pour-lintegration-africaine\\\/#respond\"]}]},{\"@type\":\"WebPage\",\"@id\":\"https:\\\/\\\/lasentinelle.dz\\\/index.php\\\/2025\\\/08\\\/27\\\/iatf-2025-une-etape-cruciale-pour-lintegration-africaine\\\/\",\"url\":\"https:\\\/\\\/lasentinelle.dz\\\/index.php\\\/2025\\\/08\\\/27\\\/iatf-2025-une-etape-cruciale-pour-lintegration-africaine\\\/\",\"name\":\"IATF 2025\u00a0: Une \u00e9tape cruciale pour l&rsquo;int\u00e9gration africaine - La Sentinelle\",\"isPartOf\":{\"@id\":\"https:\\\/\\\/lasentinelle.dz\\\/#website\"},\"primaryImageOfPage\":{\"@id\":\"https:\\\/\\\/lasentinelle.dz\\\/index.php\\\/2025\\\/08\\\/27\\\/iatf-2025-une-etape-cruciale-pour-lintegration-africaine\\\/#primaryimage\"},\"image\":{\"@id\":\"https:\\\/\\\/lasentinelle.dz\\\/index.php\\\/2025\\\/08\\\/27\\\/iatf-2025-une-etape-cruciale-pour-lintegration-africaine\\\/#primaryimage\"},\"thumbnailUrl\":\"https:\\\/\\\/lasentinelle.dz\\\/wp-content\\\/uploads\\\/2025\\\/07\\\/IATF.jpeg\",\"datePublished\":\"2025-08-27T18:23:52+00:00\",\"dateModified\":\"2025-08-29T18:24:38+00:00\",\"breadcrumb\":{\"@id\":\"https:\\\/\\\/lasentinelle.dz\\\/index.php\\\/2025\\\/08\\\/27\\\/iatf-2025-une-etape-cruciale-pour-lintegration-africaine\\\/#breadcrumb\"},\"inLanguage\":\"fr-FR\",\"potentialAction\":[{\"@type\":\"ReadAction\",\"target\":[\"https:\\\/\\\/lasentinelle.dz\\\/index.php\\\/2025\\\/08\\\/27\\\/iatf-2025-une-etape-cruciale-pour-lintegration-africaine\\\/\"]}]},{\"@type\":\"ImageObject\",\"inLanguage\":\"fr-FR\",\"@id\":\"https:\\\/\\\/lasentinelle.dz\\\/index.php\\\/2025\\\/08\\\/27\\\/iatf-2025-une-etape-cruciale-pour-lintegration-africaine\\\/#primaryimage\",\"url\":\"https:\\\/\\\/lasentinelle.dz\\\/wp-content\\\/uploads\\\/2025\\\/07\\\/IATF.jpeg\",\"contentUrl\":\"https:\\\/\\\/lasentinelle.dz\\\/wp-content\\\/uploads\\\/2025\\\/07\\\/IATF.jpeg\",\"width\":580,\"height\":350},{\"@type\":\"BreadcrumbList\",\"@id\":\"https:\\\/\\\/lasentinelle.dz\\\/index.php\\\/2025\\\/08\\\/27\\\/iatf-2025-une-etape-cruciale-pour-lintegration-africaine\\\/#breadcrumb\",\"itemListElement\":[{\"@type\":\"ListItem\",\"position\":1,\"name\":\"Accueil\",\"item\":\"https:\\\/\\\/lasentinelle.dz\\\/\"},{\"@type\":\"ListItem\",\"position\":2,\"name\":\"IATF 2025\u00a0: Une \u00e9tape cruciale pour l&rsquo;int\u00e9gration africaine\"}]},{\"@type\":\"WebSite\",\"@id\":\"https:\\\/\\\/lasentinelle.dz\\\/#website\",\"url\":\"https:\\\/\\\/lasentinelle.dz\\\/\",\"name\":\"La Sentinelle\",\"description\":\"Quotidien national d&#039;information\",\"publisher\":{\"@id\":\"https:\\\/\\\/lasentinelle.dz\\\/#organization\"},\"potentialAction\":[{\"@type\":\"SearchAction\",\"target\":{\"@type\":\"EntryPoint\",\"urlTemplate\":\"https:\\\/\\\/lasentinelle.dz\\\/?s={search_term_string}\"},\"query-input\":{\"@type\":\"PropertyValueSpecification\",\"valueRequired\":true,\"valueName\":\"search_term_string\"}}],\"inLanguage\":\"fr-FR\"},{\"@type\":\"Organization\",\"@id\":\"https:\\\/\\\/lasentinelle.dz\\\/#organization\",\"name\":\"Quotidien La Sentinelle\",\"url\":\"https:\\\/\\\/lasentinelle.dz\\\/\",\"logo\":{\"@type\":\"ImageObject\",\"inLanguage\":\"fr-FR\",\"@id\":\"https:\\\/\\\/lasentinelle.dz\\\/#\\\/schema\\\/logo\\\/image\\\/\",\"url\":\"https:\\\/\\\/lasentinelle.dz\\\/wp-content\\\/uploads\\\/2021\\\/09\\\/logo-sentinelleSLOGAN-1.png\",\"contentUrl\":\"https:\\\/\\\/lasentinelle.dz\\\/wp-content\\\/uploads\\\/2021\\\/09\\\/logo-sentinelleSLOGAN-1.png\",\"width\":615,\"height\":142,\"caption\":\"Quotidien La Sentinelle\"},\"image\":{\"@id\":\"https:\\\/\\\/lasentinelle.dz\\\/#\\\/schema\\\/logo\\\/image\\\/\"},\"sameAs\":[\"https:\\\/\\\/www.facebook.com\\\/La-Sentinelle-104059864394773\"]},{\"@type\":\"Person\",\"@id\":\"https:\\\/\\\/lasentinelle.dz\\\/#\\\/schema\\\/person\\\/729ee0024f24e0b8c5ec17232f8e8b41\",\"name\":\"admin\",\"image\":{\"@type\":\"ImageObject\",\"inLanguage\":\"fr-FR\",\"@id\":\"https:\\\/\\\/secure.gravatar.com\\\/avatar\\\/4c81fed838786e9b53f540bf46533e750f5d292099ae3b66cfc6fb1982e29df7?s=96&d=mm&r=g\",\"url\":\"https:\\\/\\\/secure.gravatar.com\\\/avatar\\\/4c81fed838786e9b53f540bf46533e750f5d292099ae3b66cfc6fb1982e29df7?s=96&d=mm&r=g\",\"contentUrl\":\"https:\\\/\\\/secure.gravatar.com\\\/avatar\\\/4c81fed838786e9b53f540bf46533e750f5d292099ae3b66cfc6fb1982e29df7?s=96&d=mm&r=g\",\"caption\":\"admin\"},\"description\":\"admin\",\"url\":\"https:\\\/\\\/lasentinelle.dz\\\/author\\\/admin\\\/\"}]}<\/script>\n<!-- \/ Yoast SEO plugin. -->","yoast_head_json":{"title":"IATF 2025\u00a0: Une \u00e9tape cruciale pour l&rsquo;int\u00e9gration africaine - La Sentinelle","robots":{"index":"index","follow":"follow","max-snippet":"max-snippet:-1","max-image-preview":"max-image-preview:large","max-video-preview":"max-video-preview:-1"},"canonical":"https:\/\/lasentinelle.dz\/index.php\/2025\/08\/27\/iatf-2025-une-etape-cruciale-pour-lintegration-africaine\/","og_locale":"fr_FR","og_type":"article","og_title":"IATF 2025\u00a0: Une \u00e9tape cruciale pour l&rsquo;int\u00e9gration africaine - La Sentinelle","og_description":"Plus qu&rsquo;une simple manifestation commerciale, la Foire commerciale intra-africaine (IATF 2025) qui se tiendra \u00e0 Alger du 4 au 10","og_url":"https:\/\/lasentinelle.dz\/index.php\/2025\/08\/27\/iatf-2025-une-etape-cruciale-pour-lintegration-africaine\/","og_site_name":"La Sentinelle","article_publisher":"https:\/\/www.facebook.com\/La-Sentinelle-104059864394773","article_published_time":"2025-08-27T18:23:52+00:00","article_modified_time":"2025-08-29T18:24:38+00:00","og_image":[{"width":580,"height":350,"url":"https:\/\/lasentinelle.dz\/wp-content\/uploads\/2025\/07\/IATF.jpeg","type":"image\/jpeg"}],"author":"admin","twitter_card":"summary_large_image","twitter_misc":{"\u00c9crit par":"admin","Dur\u00e9e de lecture estim\u00e9e":"4 minutes"},"schema":{"@context":"https:\/\/schema.org","@graph":[{"@type":"Article","@id":"https:\/\/lasentinelle.dz\/index.php\/2025\/08\/27\/iatf-2025-une-etape-cruciale-pour-lintegration-africaine\/#article","isPartOf":{"@id":"https:\/\/lasentinelle.dz\/index.php\/2025\/08\/27\/iatf-2025-une-etape-cruciale-pour-lintegration-africaine\/"},"author":{"name":"admin","@id":"https:\/\/lasentinelle.dz\/#\/schema\/person\/729ee0024f24e0b8c5ec17232f8e8b41"},"headline":"IATF 2025\u00a0: Une \u00e9tape cruciale pour l&rsquo;int\u00e9gration africaine","datePublished":"2025-08-27T18:23:52+00:00","dateModified":"2025-08-29T18:24:38+00:00","mainEntityOfPage":{"@id":"https:\/\/lasentinelle.dz\/index.php\/2025\/08\/27\/iatf-2025-une-etape-cruciale-pour-lintegration-africaine\/"},"wordCount":709,"commentCount":0,"publisher":{"@id":"https:\/\/lasentinelle.dz\/#organization"},"image":{"@id":"https:\/\/lasentinelle.dz\/index.php\/2025\/08\/27\/iatf-2025-une-etape-cruciale-pour-lintegration-africaine\/#primaryimage"},"thumbnailUrl":"https:\/\/lasentinelle.dz\/wp-content\/uploads\/2025\/07\/IATF.jpeg","articleSection":["\u00c9conomie"],"inLanguage":"fr-FR","potentialAction":[{"@type":"CommentAction","name":"Comment","target":["https:\/\/lasentinelle.dz\/index.php\/2025\/08\/27\/iatf-2025-une-etape-cruciale-pour-lintegration-africaine\/#respond"]}]},{"@type":"WebPage","@id":"https:\/\/lasentinelle.dz\/index.php\/2025\/08\/27\/iatf-2025-une-etape-cruciale-pour-lintegration-africaine\/","url":"https:\/\/lasentinelle.dz\/index.php\/2025\/08\/27\/iatf-2025-une-etape-cruciale-pour-lintegration-africaine\/","name":"IATF 2025\u00a0: Une \u00e9tape cruciale pour l&rsquo;int\u00e9gration africaine - La Sentinelle","isPartOf":{"@id":"https:\/\/lasentinelle.dz\/#website"},"primaryImageOfPage":{"@id":"https:\/\/lasentinelle.dz\/index.php\/2025\/08\/27\/iatf-2025-une-etape-cruciale-pour-lintegration-africaine\/#primaryimage"},"image":{"@id":"https:\/\/lasentinelle.dz\/index.php\/2025\/08\/27\/iatf-2025-une-etape-cruciale-pour-lintegration-africaine\/#primaryimage"},"thumbnailUrl":"https:\/\/lasentinelle.dz\/wp-content\/uploads\/2025\/07\/IATF.jpeg","datePublished":"2025-08-27T18:23:52+00:00","dateModified":"2025-08-29T18:24:38+00:00","breadcrumb":{"@id":"https:\/\/lasentinelle.dz\/index.php\/2025\/08\/27\/iatf-2025-une-etape-cruciale-pour-lintegration-africaine\/#breadcrumb"},"inLanguage":"fr-FR","potentialAction":[{"@type":"ReadAction","target":["https:\/\/lasentinelle.dz\/index.php\/2025\/08\/27\/iatf-2025-une-etape-cruciale-pour-lintegration-africaine\/"]}]},{"@type":"ImageObject","inLanguage":"fr-FR","@id":"https:\/\/lasentinelle.dz\/index.php\/2025\/08\/27\/iatf-2025-une-etape-cruciale-pour-lintegration-africaine\/#primaryimage","url":"https:\/\/lasentinelle.dz\/wp-content\/uploads\/2025\/07\/IATF.jpeg","contentUrl":"https:\/\/lasentinelle.dz\/wp-content\/uploads\/2025\/07\/IATF.jpeg","width":580,"height":350},{"@type":"BreadcrumbList","@id":"https:\/\/lasentinelle.dz\/index.php\/2025\/08\/27\/iatf-2025-une-etape-cruciale-pour-lintegration-africaine\/#breadcrumb","itemListElement":[{"@type":"ListItem","position":1,"name":"Accueil","item":"https:\/\/lasentinelle.dz\/"},{"@type":"ListItem","position":2,"name":"IATF 2025\u00a0: Une \u00e9tape cruciale pour l&rsquo;int\u00e9gration africaine"}]},{"@type":"WebSite","@id":"https:\/\/lasentinelle.dz\/#website","url":"https:\/\/lasentinelle.dz\/","name":"La Sentinelle","description":"Quotidien national d&#039;information","publisher":{"@id":"https:\/\/lasentinelle.dz\/#organization"},"potentialAction":[{"@type":"SearchAction","target":{"@type":"EntryPoint","urlTemplate":"https:\/\/lasentinelle.dz\/?s={search_term_string}"},"query-input":{"@type":"PropertyValueSpecification","valueRequired":true,"valueName":"search_term_string"}}],"inLanguage":"fr-FR"},{"@type":"Organization","@id":"https:\/\/lasentinelle.dz\/#organization","name":"Quotidien La Sentinelle","url":"https:\/\/lasentinelle.dz\/","logo":{"@type":"ImageObject","inLanguage":"fr-FR","@id":"https:\/\/lasentinelle.dz\/#\/schema\/logo\/image\/","url":"https:\/\/lasentinelle.dz\/wp-content\/uploads\/2021\/09\/logo-sentinelleSLOGAN-1.png","contentUrl":"https:\/\/lasentinelle.dz\/wp-content\/uploads\/2021\/09\/logo-sentinelleSLOGAN-1.png","width":615,"height":142,"caption":"Quotidien La Sentinelle"},"image":{"@id":"https:\/\/lasentinelle.dz\/#\/schema\/logo\/image\/"},"sameAs":["https:\/\/www.facebook.com\/La-Sentinelle-104059864394773"]},{"@type":"Person","@id":"https:\/\/lasentinelle.dz\/#\/schema\/person\/729ee0024f24e0b8c5ec17232f8e8b41","name":"admin","image":{"@type":"ImageObject","inLanguage":"fr-FR","@id":"https:\/\/secure.gravatar.com\/avatar\/4c81fed838786e9b53f540bf46533e750f5d292099ae3b66cfc6fb1982e29df7?s=96&d=mm&r=g","url":"https:\/\/secure.gravatar.com\/avatar\/4c81fed838786e9b53f540bf46533e750f5d292099ae3b66cfc6fb1982e29df7?s=96&d=mm&r=g","contentUrl":"https:\/\/secure.gravatar.com\/avatar\/4c81fed838786e9b53f540bf46533e750f5d292099ae3b66cfc6fb1982e29df7?s=96&d=mm&r=g","caption":"admin"},"description":"admin","url":"https:\/\/lasentinelle.dz\/author\/admin\/"}]}},"_links":{"self":[{"href":"https:\/\/lasentinelle.dz\/index.php\/wp-json\/wp\/v2\/posts\/72580","targetHints":{"allow":["GET"]}}],"collection":[{"href":"https:\/\/lasentinelle.dz\/index.php\/wp-json\/wp\/v2\/posts"}],"about":[{"href":"https:\/\/lasentinelle.dz\/index.php\/wp-json\/wp\/v2\/types\/post"}],"author":[{"embeddable":true,"href":"https:\/\/lasentinelle.dz\/index.php\/wp-json\/wp\/v2\/users\/6"}],"replies":[{"embeddable":true,"href":"https:\/\/lasentinelle.dz\/index.php\/wp-json\/wp\/v2\/comments?post=72580"}],"version-history":[{"count":2,"href":"https:\/\/lasentinelle.dz\/index.php\/wp-json\/wp\/v2\/posts\/72580\/revisions"}],"predecessor-version":[{"id":72582,"href":"https:\/\/lasentinelle.dz\/index.php\/wp-json\/wp\/v2\/posts\/72580\/revisions\/72582"}],"wp:featuredmedia":[{"embeddable":true,"href":"https:\/\/lasentinelle.dz\/index.php\/wp-json\/wp\/v2\/media\/69926"}],"wp:attachment":[{"href":"https:\/\/lasentinelle.dz\/index.php\/wp-json\/wp\/v2\/media?parent=72580"}],"wp:term":[{"taxonomy":"category","embeddable":true,"href":"https:\/\/lasentinelle.dz\/index.php\/wp-json\/wp\/v2\/categories?post=72580"},{"taxonomy":"post_tag","embeddable":true,"href":"https:\/\/lasentinelle.dz\/index.php\/wp-json\/wp\/v2\/tags?post=72580"}],"curies":[{"name":"wp","href":"https:\/\/api.w.org\/{rel}","templated":true}]}}