{"id":72583,"date":"2025-08-27T19:24:50","date_gmt":"2025-08-27T18:24:50","guid":{"rendered":"https:\/\/lasentinelle.dz\/?p=72583"},"modified":"2025-08-29T19:25:29","modified_gmt":"2025-08-29T18:25:29","slug":"enseignement-de-langlais-le-ministere-de-leducation-nationale-sassocie-au-british-council","status":"publish","type":"post","link":"https:\/\/lasentinelle.dz\/index.php\/2025\/08\/27\/enseignement-de-langlais-le-ministere-de-leducation-nationale-sassocie-au-british-council\/","title":{"rendered":"Enseignement de l\u2019anglais\u00a0: Le minist\u00e8re de l\u2019\u00c9ducation nationale s\u2019associe au British Council"},"content":{"rendered":"\n<p>Trois ans apr\u00e8s l&rsquo;introduction de l&rsquo;anglais dans le cycle primaire, le minist\u00e8re de l\u2019\u00c9ducation nationale s\u2019associe au British Council dans un ambitieux programme de formation qui vise \u00e0 transformer radicalement l&rsquo;apprentissage de la langue de Shakespeare dans les \u00e9coles alg\u00e9riennes.<\/p>\n\n\n\n<p>Le ministre de l&rsquo;\u00c9ducation nationale Mohammed Seghir Saadoui a officialis\u00e9 mardi cette collaboration en signant un \u00ab\u00a0Programme Ex\u00e9cutif de Coop\u00e9ration (2025\u20132027)\u00a0\u00bb avec l&rsquo;organisme international britannique charg\u00e9 des relations culturelles et \u00e9ducatives. Le programme, qui s&rsquo;\u00e9tend bien au-del\u00e0 du simple enseignement linguistique, englobe \u00e9galement le d\u00e9veloppement des comp\u00e9tences en technologies de l&rsquo;information, la collaboration dans les domaines du leadership scolaire, l&rsquo;orientation professionnelle et les programmes de recherche. L&rsquo;objectif principal consiste \u00e0 \u00ab\u00a0renforcer l&rsquo;acquisition et la ma\u00eetrise de comp\u00e9tences professionnelles, m\u00e9thodologiques et p\u00e9dagogiques sp\u00e9cifiques des professionnels de l&rsquo;\u00c9ducation\u00a0\u00bb, selon les termes du communiqu\u00e9 officiel de l&rsquo;Ambassade du Royaume-Uni. Cette d\u00e9marche s&rsquo;appuie sur \u00ab\u00a0une approche d&rsquo;ing\u00e9nierie de la formation\u00a0\u00bb particuli\u00e8rement innovante, fond\u00e9e sur une \u00e9valuation d\u00e9taill\u00e9e des besoins sp\u00e9cifiques des enseignants et des inspecteurs, tout en tenant compte du contexte culturel et p\u00e9dagogique alg\u00e9rien. Concr\u00e8tement, le programme vise \u00e0 \u00ab\u00a0renforcer les capacit\u00e9s des inspecteurs nouvellement recrut\u00e9s afin de mieux accompagner les enseignants et d&rsquo;am\u00e9liorer les pratiques p\u00e9dagogiques de l&rsquo;enseignement de l&rsquo;anglais en classe\u00a0\u00bb. Cette strat\u00e9gie de formation en cascade devrait permettre une d\u00e9multiplication des comp\u00e9tences \u00e0 travers tout le territoire national, garantissant une qualit\u00e9 d&rsquo;enseignement homog\u00e8ne. L&rsquo;Ambassadeur du Royaume-Uni en Alg\u00e9rie, James Downer, a soulign\u00e9 l&rsquo;impact transformateur attendu de cette initiative, expliquant qu&rsquo;il ne s&rsquo;agit pas seulement de \u00ab\u00a0renforcer les liens entre les deux pays\u00a0\u00bb, mais aussi \u00ab\u00a0d&rsquo;apporter un r\u00e9el changement dans les salles de classe, de doter les enseignants des outils dont ils ont besoin et de donner aux jeunes les comp\u00e9tences n\u00e9cessaires pour r\u00e9ussir dans un monde en mutation rapide\u00a0\u00bb. De son c\u00f4t\u00e9, le directeur du British Council en Alg\u00e9rie, Hamza Koudri, s&rsquo;est d\u00e9clar\u00e9 \u00ab\u00a0ravi de poursuivre notre partenariat \u00e0 long terme avec le minist\u00e8re de l&rsquo;\u00c9ducation nationale\u00a0\u00bb, soulignant la continuit\u00e9 de cette coop\u00e9ration fructueuse. Cette nouvelle phase s&rsquo;inscrit dans la continuit\u00e9 d&rsquo;une collaboration d\u00e9j\u00e0 couronn\u00e9e de succ\u00e8s depuis l&rsquo;introduction de l&rsquo;anglais dans le cycle primaire en septembre 2022. Les r\u00e9sultats parlent d&rsquo;eux-m\u00eames : plus de 3.000 nouveaux enseignants d&rsquo;anglais ont d\u00e9j\u00e0 b\u00e9n\u00e9fici\u00e9 de formations sp\u00e9cialis\u00e9es, tandis que plus de 100 enseignants en informatique ont \u00e9t\u00e9 form\u00e9s et \u00e9quip\u00e9s pour renforcer les comp\u00e9tences en programmation des jeunes apprenants par des applications pratiques.<\/p>\n\n\n\n<p>Chokri Hafed<\/p>\n","protected":false},"excerpt":{"rendered":"<p>Trois ans apr\u00e8s l&rsquo;introduction de l&rsquo;anglais dans le cycle primaire, le minist\u00e8re de l\u2019\u00c9ducation nationale s\u2019associe au British Council dans<\/p>\n","protected":false},"author":6,"featured_media":72584,"comment_status":"open","ping_status":"closed","sticky":false,"template":"","format":"standard","meta":{"colormag_page_container_layout":"default_layout","colormag_page_sidebar_layout":"default_layout","om_disable_all_campaigns":false,"_monsterinsights_skip_tracking":false,"_monsterinsights_sitenote_active":false,"_monsterinsights_sitenote_note":"","_monsterinsights_sitenote_category":0,"footnotes":"","_wpscppro_dont_share_socialmedia":false,"_wpscppro_custom_social_share_image":0,"_facebook_share_type":"default","_twitter_share_type":"default","_linkedin_share_type":"default","_pinterest_share_type":"default","_linkedin_share_type_page":"","_instagram_share_type":"default","_medium_share_type":"default","_threads_share_type":"default","_google_business_share_type":"default","_selected_social_profile":[],"_wpsp_enable_custom_social_template":false,"_wpsp_social_scheduling":{"enabled":false,"datetime":null,"platforms":[],"status":"template_only","dateOption":"today","timeOption":"now","customDays":"","customHours":"","customDate":"","customTime":"","schedulingType":"absolute"},"_wpsp_active_default_template":true},"categories":[27],"tags":[],"class_list":["post-72583","post","type-post","status-publish","format-standard","has-post-thumbnail","hentry","category-actualite"],"aioseo_notices":[],"yoast_head":"<!-- This site is optimized with the Yoast SEO plugin v27.5 - https:\/\/yoast.com\/product\/yoast-seo-wordpress\/ -->\n<title>Enseignement de l\u2019anglais\u00a0: Le minist\u00e8re de l\u2019\u00c9ducation nationale s\u2019associe au British Council - La Sentinelle<\/title>\n<meta name=\"robots\" content=\"index, follow, max-snippet:-1, max-image-preview:large, max-video-preview:-1\" \/>\n<link rel=\"canonical\" href=\"https:\/\/lasentinelle.dz\/index.php\/2025\/08\/27\/enseignement-de-langlais-le-ministere-de-leducation-nationale-sassocie-au-british-council\/\" \/>\n<meta property=\"og:locale\" content=\"fr_FR\" \/>\n<meta property=\"og:type\" content=\"article\" \/>\n<meta property=\"og:title\" content=\"Enseignement de l\u2019anglais\u00a0: Le minist\u00e8re de l\u2019\u00c9ducation nationale s\u2019associe au British Council - La Sentinelle\" \/>\n<meta property=\"og:description\" content=\"Trois ans apr\u00e8s l&rsquo;introduction de l&rsquo;anglais dans le cycle primaire, le minist\u00e8re de l\u2019\u00c9ducation nationale s\u2019associe au British Council dans\" \/>\n<meta property=\"og:url\" content=\"https:\/\/lasentinelle.dz\/index.php\/2025\/08\/27\/enseignement-de-langlais-le-ministere-de-leducation-nationale-sassocie-au-british-council\/\" \/>\n<meta property=\"og:site_name\" content=\"La Sentinelle\" \/>\n<meta property=\"article:publisher\" content=\"https:\/\/www.facebook.com\/La-Sentinelle-104059864394773\" \/>\n<meta property=\"article:published_time\" content=\"2025-08-27T18:24:50+00:00\" \/>\n<meta property=\"article:modified_time\" content=\"2025-08-29T18:25:29+00:00\" \/>\n<meta property=\"og:image\" content=\"https:\/\/lasentinelle.dz\/wp-content\/uploads\/2025\/08\/education.jpg\" \/>\n\t<meta property=\"og:image:width\" content=\"2048\" \/>\n\t<meta property=\"og:image:height\" content=\"1367\" \/>\n\t<meta property=\"og:image:type\" content=\"image\/jpeg\" \/>\n<meta name=\"author\" content=\"admin\" \/>\n<meta name=\"twitter:card\" content=\"summary_large_image\" \/>\n<meta name=\"twitter:label1\" content=\"\u00c9crit par\" \/>\n\t<meta name=\"twitter:data1\" content=\"admin\" \/>\n\t<meta name=\"twitter:label2\" content=\"Dur\u00e9e de lecture estim\u00e9e\" \/>\n\t<meta name=\"twitter:data2\" content=\"3 minutes\" \/>\n<script type=\"application\/ld+json\" class=\"yoast-schema-graph\">{\"@context\":\"https:\\\/\\\/schema.org\",\"@graph\":[{\"@type\":\"Article\",\"@id\":\"https:\\\/\\\/lasentinelle.dz\\\/index.php\\\/2025\\\/08\\\/27\\\/enseignement-de-langlais-le-ministere-de-leducation-nationale-sassocie-au-british-council\\\/#article\",\"isPartOf\":{\"@id\":\"https:\\\/\\\/lasentinelle.dz\\\/index.php\\\/2025\\\/08\\\/27\\\/enseignement-de-langlais-le-ministere-de-leducation-nationale-sassocie-au-british-council\\\/\"},\"author\":{\"name\":\"admin\",\"@id\":\"https:\\\/\\\/lasentinelle.dz\\\/#\\\/schema\\\/person\\\/729ee0024f24e0b8c5ec17232f8e8b41\"},\"headline\":\"Enseignement de l\u2019anglais\u00a0: Le minist\u00e8re de l\u2019\u00c9ducation nationale s\u2019associe au British Council\",\"datePublished\":\"2025-08-27T18:24:50+00:00\",\"dateModified\":\"2025-08-29T18:25:29+00:00\",\"mainEntityOfPage\":{\"@id\":\"https:\\\/\\\/lasentinelle.dz\\\/index.php\\\/2025\\\/08\\\/27\\\/enseignement-de-langlais-le-ministere-de-leducation-nationale-sassocie-au-british-council\\\/\"},\"wordCount\":485,\"commentCount\":0,\"publisher\":{\"@id\":\"https:\\\/\\\/lasentinelle.dz\\\/#organization\"},\"image\":{\"@id\":\"https:\\\/\\\/lasentinelle.dz\\\/index.php\\\/2025\\\/08\\\/27\\\/enseignement-de-langlais-le-ministere-de-leducation-nationale-sassocie-au-british-council\\\/#primaryimage\"},\"thumbnailUrl\":\"https:\\\/\\\/lasentinelle.dz\\\/wp-content\\\/uploads\\\/2025\\\/08\\\/education.jpg\",\"articleSection\":[\"Actualit\u00e9\"],\"inLanguage\":\"fr-FR\",\"potentialAction\":[{\"@type\":\"CommentAction\",\"name\":\"Comment\",\"target\":[\"https:\\\/\\\/lasentinelle.dz\\\/index.php\\\/2025\\\/08\\\/27\\\/enseignement-de-langlais-le-ministere-de-leducation-nationale-sassocie-au-british-council\\\/#respond\"]}]},{\"@type\":\"WebPage\",\"@id\":\"https:\\\/\\\/lasentinelle.dz\\\/index.php\\\/2025\\\/08\\\/27\\\/enseignement-de-langlais-le-ministere-de-leducation-nationale-sassocie-au-british-council\\\/\",\"url\":\"https:\\\/\\\/lasentinelle.dz\\\/index.php\\\/2025\\\/08\\\/27\\\/enseignement-de-langlais-le-ministere-de-leducation-nationale-sassocie-au-british-council\\\/\",\"name\":\"Enseignement de l\u2019anglais\u00a0: Le minist\u00e8re de l\u2019\u00c9ducation nationale s\u2019associe au British Council - La Sentinelle\",\"isPartOf\":{\"@id\":\"https:\\\/\\\/lasentinelle.dz\\\/#website\"},\"primaryImageOfPage\":{\"@id\":\"https:\\\/\\\/lasentinelle.dz\\\/index.php\\\/2025\\\/08\\\/27\\\/enseignement-de-langlais-le-ministere-de-leducation-nationale-sassocie-au-british-council\\\/#primaryimage\"},\"image\":{\"@id\":\"https:\\\/\\\/lasentinelle.dz\\\/index.php\\\/2025\\\/08\\\/27\\\/enseignement-de-langlais-le-ministere-de-leducation-nationale-sassocie-au-british-council\\\/#primaryimage\"},\"thumbnailUrl\":\"https:\\\/\\\/lasentinelle.dz\\\/wp-content\\\/uploads\\\/2025\\\/08\\\/education.jpg\",\"datePublished\":\"2025-08-27T18:24:50+00:00\",\"dateModified\":\"2025-08-29T18:25:29+00:00\",\"breadcrumb\":{\"@id\":\"https:\\\/\\\/lasentinelle.dz\\\/index.php\\\/2025\\\/08\\\/27\\\/enseignement-de-langlais-le-ministere-de-leducation-nationale-sassocie-au-british-council\\\/#breadcrumb\"},\"inLanguage\":\"fr-FR\",\"potentialAction\":[{\"@type\":\"ReadAction\",\"target\":[\"https:\\\/\\\/lasentinelle.dz\\\/index.php\\\/2025\\\/08\\\/27\\\/enseignement-de-langlais-le-ministere-de-leducation-nationale-sassocie-au-british-council\\\/\"]}]},{\"@type\":\"ImageObject\",\"inLanguage\":\"fr-FR\",\"@id\":\"https:\\\/\\\/lasentinelle.dz\\\/index.php\\\/2025\\\/08\\\/27\\\/enseignement-de-langlais-le-ministere-de-leducation-nationale-sassocie-au-british-council\\\/#primaryimage\",\"url\":\"https:\\\/\\\/lasentinelle.dz\\\/wp-content\\\/uploads\\\/2025\\\/08\\\/education.jpg\",\"contentUrl\":\"https:\\\/\\\/lasentinelle.dz\\\/wp-content\\\/uploads\\\/2025\\\/08\\\/education.jpg\",\"width\":2048,\"height\":1367},{\"@type\":\"BreadcrumbList\",\"@id\":\"https:\\\/\\\/lasentinelle.dz\\\/index.php\\\/2025\\\/08\\\/27\\\/enseignement-de-langlais-le-ministere-de-leducation-nationale-sassocie-au-british-council\\\/#breadcrumb\",\"itemListElement\":[{\"@type\":\"ListItem\",\"position\":1,\"name\":\"Accueil\",\"item\":\"https:\\\/\\\/lasentinelle.dz\\\/\"},{\"@type\":\"ListItem\",\"position\":2,\"name\":\"Enseignement de l\u2019anglais\u00a0: Le minist\u00e8re de l\u2019\u00c9ducation nationale s\u2019associe au British Council\"}]},{\"@type\":\"WebSite\",\"@id\":\"https:\\\/\\\/lasentinelle.dz\\\/#website\",\"url\":\"https:\\\/\\\/lasentinelle.dz\\\/\",\"name\":\"La Sentinelle\",\"description\":\"Quotidien national d&#039;information\",\"publisher\":{\"@id\":\"https:\\\/\\\/lasentinelle.dz\\\/#organization\"},\"potentialAction\":[{\"@type\":\"SearchAction\",\"target\":{\"@type\":\"EntryPoint\",\"urlTemplate\":\"https:\\\/\\\/lasentinelle.dz\\\/?s={search_term_string}\"},\"query-input\":{\"@type\":\"PropertyValueSpecification\",\"valueRequired\":true,\"valueName\":\"search_term_string\"}}],\"inLanguage\":\"fr-FR\"},{\"@type\":\"Organization\",\"@id\":\"https:\\\/\\\/lasentinelle.dz\\\/#organization\",\"name\":\"Quotidien La Sentinelle\",\"url\":\"https:\\\/\\\/lasentinelle.dz\\\/\",\"logo\":{\"@type\":\"ImageObject\",\"inLanguage\":\"fr-FR\",\"@id\":\"https:\\\/\\\/lasentinelle.dz\\\/#\\\/schema\\\/logo\\\/image\\\/\",\"url\":\"https:\\\/\\\/lasentinelle.dz\\\/wp-content\\\/uploads\\\/2021\\\/09\\\/logo-sentinelleSLOGAN-1.png\",\"contentUrl\":\"https:\\\/\\\/lasentinelle.dz\\\/wp-content\\\/uploads\\\/2021\\\/09\\\/logo-sentinelleSLOGAN-1.png\",\"width\":615,\"height\":142,\"caption\":\"Quotidien La Sentinelle\"},\"image\":{\"@id\":\"https:\\\/\\\/lasentinelle.dz\\\/#\\\/schema\\\/logo\\\/image\\\/\"},\"sameAs\":[\"https:\\\/\\\/www.facebook.com\\\/La-Sentinelle-104059864394773\"]},{\"@type\":\"Person\",\"@id\":\"https:\\\/\\\/lasentinelle.dz\\\/#\\\/schema\\\/person\\\/729ee0024f24e0b8c5ec17232f8e8b41\",\"name\":\"admin\",\"image\":{\"@type\":\"ImageObject\",\"inLanguage\":\"fr-FR\",\"@id\":\"https:\\\/\\\/secure.gravatar.com\\\/avatar\\\/4c81fed838786e9b53f540bf46533e750f5d292099ae3b66cfc6fb1982e29df7?s=96&d=mm&r=g\",\"url\":\"https:\\\/\\\/secure.gravatar.com\\\/avatar\\\/4c81fed838786e9b53f540bf46533e750f5d292099ae3b66cfc6fb1982e29df7?s=96&d=mm&r=g\",\"contentUrl\":\"https:\\\/\\\/secure.gravatar.com\\\/avatar\\\/4c81fed838786e9b53f540bf46533e750f5d292099ae3b66cfc6fb1982e29df7?s=96&d=mm&r=g\",\"caption\":\"admin\"},\"description\":\"admin\",\"url\":\"https:\\\/\\\/lasentinelle.dz\\\/author\\\/admin\\\/\"}]}<\/script>\n<!-- \/ Yoast SEO plugin. -->","yoast_head_json":{"title":"Enseignement de l\u2019anglais\u00a0: Le minist\u00e8re de l\u2019\u00c9ducation nationale s\u2019associe au British Council - La Sentinelle","robots":{"index":"index","follow":"follow","max-snippet":"max-snippet:-1","max-image-preview":"max-image-preview:large","max-video-preview":"max-video-preview:-1"},"canonical":"https:\/\/lasentinelle.dz\/index.php\/2025\/08\/27\/enseignement-de-langlais-le-ministere-de-leducation-nationale-sassocie-au-british-council\/","og_locale":"fr_FR","og_type":"article","og_title":"Enseignement de l\u2019anglais\u00a0: Le minist\u00e8re de l\u2019\u00c9ducation nationale s\u2019associe au British Council - La Sentinelle","og_description":"Trois ans apr\u00e8s l&rsquo;introduction de l&rsquo;anglais dans le cycle primaire, le minist\u00e8re de l\u2019\u00c9ducation nationale s\u2019associe au British Council dans","og_url":"https:\/\/lasentinelle.dz\/index.php\/2025\/08\/27\/enseignement-de-langlais-le-ministere-de-leducation-nationale-sassocie-au-british-council\/","og_site_name":"La Sentinelle","article_publisher":"https:\/\/www.facebook.com\/La-Sentinelle-104059864394773","article_published_time":"2025-08-27T18:24:50+00:00","article_modified_time":"2025-08-29T18:25:29+00:00","og_image":[{"width":2048,"height":1367,"url":"https:\/\/lasentinelle.dz\/wp-content\/uploads\/2025\/08\/education.jpg","type":"image\/jpeg"}],"author":"admin","twitter_card":"summary_large_image","twitter_misc":{"\u00c9crit par":"admin","Dur\u00e9e de lecture estim\u00e9e":"3 minutes"},"schema":{"@context":"https:\/\/schema.org","@graph":[{"@type":"Article","@id":"https:\/\/lasentinelle.dz\/index.php\/2025\/08\/27\/enseignement-de-langlais-le-ministere-de-leducation-nationale-sassocie-au-british-council\/#article","isPartOf":{"@id":"https:\/\/lasentinelle.dz\/index.php\/2025\/08\/27\/enseignement-de-langlais-le-ministere-de-leducation-nationale-sassocie-au-british-council\/"},"author":{"name":"admin","@id":"https:\/\/lasentinelle.dz\/#\/schema\/person\/729ee0024f24e0b8c5ec17232f8e8b41"},"headline":"Enseignement de l\u2019anglais\u00a0: Le minist\u00e8re de l\u2019\u00c9ducation nationale s\u2019associe au British Council","datePublished":"2025-08-27T18:24:50+00:00","dateModified":"2025-08-29T18:25:29+00:00","mainEntityOfPage":{"@id":"https:\/\/lasentinelle.dz\/index.php\/2025\/08\/27\/enseignement-de-langlais-le-ministere-de-leducation-nationale-sassocie-au-british-council\/"},"wordCount":485,"commentCount":0,"publisher":{"@id":"https:\/\/lasentinelle.dz\/#organization"},"image":{"@id":"https:\/\/lasentinelle.dz\/index.php\/2025\/08\/27\/enseignement-de-langlais-le-ministere-de-leducation-nationale-sassocie-au-british-council\/#primaryimage"},"thumbnailUrl":"https:\/\/lasentinelle.dz\/wp-content\/uploads\/2025\/08\/education.jpg","articleSection":["Actualit\u00e9"],"inLanguage":"fr-FR","potentialAction":[{"@type":"CommentAction","name":"Comment","target":["https:\/\/lasentinelle.dz\/index.php\/2025\/08\/27\/enseignement-de-langlais-le-ministere-de-leducation-nationale-sassocie-au-british-council\/#respond"]}]},{"@type":"WebPage","@id":"https:\/\/lasentinelle.dz\/index.php\/2025\/08\/27\/enseignement-de-langlais-le-ministere-de-leducation-nationale-sassocie-au-british-council\/","url":"https:\/\/lasentinelle.dz\/index.php\/2025\/08\/27\/enseignement-de-langlais-le-ministere-de-leducation-nationale-sassocie-au-british-council\/","name":"Enseignement de l\u2019anglais\u00a0: Le minist\u00e8re de l\u2019\u00c9ducation nationale s\u2019associe au British Council - La Sentinelle","isPartOf":{"@id":"https:\/\/lasentinelle.dz\/#website"},"primaryImageOfPage":{"@id":"https:\/\/lasentinelle.dz\/index.php\/2025\/08\/27\/enseignement-de-langlais-le-ministere-de-leducation-nationale-sassocie-au-british-council\/#primaryimage"},"image":{"@id":"https:\/\/lasentinelle.dz\/index.php\/2025\/08\/27\/enseignement-de-langlais-le-ministere-de-leducation-nationale-sassocie-au-british-council\/#primaryimage"},"thumbnailUrl":"https:\/\/lasentinelle.dz\/wp-content\/uploads\/2025\/08\/education.jpg","datePublished":"2025-08-27T18:24:50+00:00","dateModified":"2025-08-29T18:25:29+00:00","breadcrumb":{"@id":"https:\/\/lasentinelle.dz\/index.php\/2025\/08\/27\/enseignement-de-langlais-le-ministere-de-leducation-nationale-sassocie-au-british-council\/#breadcrumb"},"inLanguage":"fr-FR","potentialAction":[{"@type":"ReadAction","target":["https:\/\/lasentinelle.dz\/index.php\/2025\/08\/27\/enseignement-de-langlais-le-ministere-de-leducation-nationale-sassocie-au-british-council\/"]}]},{"@type":"ImageObject","inLanguage":"fr-FR","@id":"https:\/\/lasentinelle.dz\/index.php\/2025\/08\/27\/enseignement-de-langlais-le-ministere-de-leducation-nationale-sassocie-au-british-council\/#primaryimage","url":"https:\/\/lasentinelle.dz\/wp-content\/uploads\/2025\/08\/education.jpg","contentUrl":"https:\/\/lasentinelle.dz\/wp-content\/uploads\/2025\/08\/education.jpg","width":2048,"height":1367},{"@type":"BreadcrumbList","@id":"https:\/\/lasentinelle.dz\/index.php\/2025\/08\/27\/enseignement-de-langlais-le-ministere-de-leducation-nationale-sassocie-au-british-council\/#breadcrumb","itemListElement":[{"@type":"ListItem","position":1,"name":"Accueil","item":"https:\/\/lasentinelle.dz\/"},{"@type":"ListItem","position":2,"name":"Enseignement de l\u2019anglais\u00a0: Le minist\u00e8re de l\u2019\u00c9ducation nationale s\u2019associe au British Council"}]},{"@type":"WebSite","@id":"https:\/\/lasentinelle.dz\/#website","url":"https:\/\/lasentinelle.dz\/","name":"La Sentinelle","description":"Quotidien national d&#039;information","publisher":{"@id":"https:\/\/lasentinelle.dz\/#organization"},"potentialAction":[{"@type":"SearchAction","target":{"@type":"EntryPoint","urlTemplate":"https:\/\/lasentinelle.dz\/?s={search_term_string}"},"query-input":{"@type":"PropertyValueSpecification","valueRequired":true,"valueName":"search_term_string"}}],"inLanguage":"fr-FR"},{"@type":"Organization","@id":"https:\/\/lasentinelle.dz\/#organization","name":"Quotidien La Sentinelle","url":"https:\/\/lasentinelle.dz\/","logo":{"@type":"ImageObject","inLanguage":"fr-FR","@id":"https:\/\/lasentinelle.dz\/#\/schema\/logo\/image\/","url":"https:\/\/lasentinelle.dz\/wp-content\/uploads\/2021\/09\/logo-sentinelleSLOGAN-1.png","contentUrl":"https:\/\/lasentinelle.dz\/wp-content\/uploads\/2021\/09\/logo-sentinelleSLOGAN-1.png","width":615,"height":142,"caption":"Quotidien La Sentinelle"},"image":{"@id":"https:\/\/lasentinelle.dz\/#\/schema\/logo\/image\/"},"sameAs":["https:\/\/www.facebook.com\/La-Sentinelle-104059864394773"]},{"@type":"Person","@id":"https:\/\/lasentinelle.dz\/#\/schema\/person\/729ee0024f24e0b8c5ec17232f8e8b41","name":"admin","image":{"@type":"ImageObject","inLanguage":"fr-FR","@id":"https:\/\/secure.gravatar.com\/avatar\/4c81fed838786e9b53f540bf46533e750f5d292099ae3b66cfc6fb1982e29df7?s=96&d=mm&r=g","url":"https:\/\/secure.gravatar.com\/avatar\/4c81fed838786e9b53f540bf46533e750f5d292099ae3b66cfc6fb1982e29df7?s=96&d=mm&r=g","contentUrl":"https:\/\/secure.gravatar.com\/avatar\/4c81fed838786e9b53f540bf46533e750f5d292099ae3b66cfc6fb1982e29df7?s=96&d=mm&r=g","caption":"admin"},"description":"admin","url":"https:\/\/lasentinelle.dz\/author\/admin\/"}]}},"_links":{"self":[{"href":"https:\/\/lasentinelle.dz\/index.php\/wp-json\/wp\/v2\/posts\/72583","targetHints":{"allow":["GET"]}}],"collection":[{"href":"https:\/\/lasentinelle.dz\/index.php\/wp-json\/wp\/v2\/posts"}],"about":[{"href":"https:\/\/lasentinelle.dz\/index.php\/wp-json\/wp\/v2\/types\/post"}],"author":[{"embeddable":true,"href":"https:\/\/lasentinelle.dz\/index.php\/wp-json\/wp\/v2\/users\/6"}],"replies":[{"embeddable":true,"href":"https:\/\/lasentinelle.dz\/index.php\/wp-json\/wp\/v2\/comments?post=72583"}],"version-history":[{"count":1,"href":"https:\/\/lasentinelle.dz\/index.php\/wp-json\/wp\/v2\/posts\/72583\/revisions"}],"predecessor-version":[{"id":72585,"href":"https:\/\/lasentinelle.dz\/index.php\/wp-json\/wp\/v2\/posts\/72583\/revisions\/72585"}],"wp:featuredmedia":[{"embeddable":true,"href":"https:\/\/lasentinelle.dz\/index.php\/wp-json\/wp\/v2\/media\/72584"}],"wp:attachment":[{"href":"https:\/\/lasentinelle.dz\/index.php\/wp-json\/wp\/v2\/media?parent=72583"}],"wp:term":[{"taxonomy":"category","embeddable":true,"href":"https:\/\/lasentinelle.dz\/index.php\/wp-json\/wp\/v2\/categories?post=72583"},{"taxonomy":"post_tag","embeddable":true,"href":"https:\/\/lasentinelle.dz\/index.php\/wp-json\/wp\/v2\/tags?post=72583"}],"curies":[{"name":"wp","href":"https:\/\/api.w.org\/{rel}","templated":true}]}}