{"id":72589,"date":"2025-08-27T19:26:45","date_gmt":"2025-08-27T18:26:45","guid":{"rendered":"https:\/\/lasentinelle.dz\/?p=72589"},"modified":"2025-08-29T19:27:25","modified_gmt":"2025-08-29T18:27:25","slug":"securite-routiere-et-refonte-du-secteur-des-transports-les-decisions-du-president-tebboune-largement-saluee","status":"publish","type":"post","link":"https:\/\/lasentinelle.dz\/index.php\/2025\/08\/27\/securite-routiere-et-refonte-du-secteur-des-transports-les-decisions-du-president-tebboune-largement-saluee\/","title":{"rendered":"S\u00e9curit\u00e9 routi\u00e8re et refonte du secteur des transports\u00a0: Les d\u00e9cisions du Pr\u00e9sident Tebboune largement salu\u00e9e"},"content":{"rendered":"\n<p>Les d\u00e9cisions drastiques annonc\u00e9es mardi par le pr\u00e9sident de la R\u00e9publique Abdelmadjid Tebboune pour lutter contre l&rsquo;ins\u00e9curit\u00e9 routi\u00e8re suscitent un large \u00e9cho positif aupr\u00e8s des professionnels du transport et des experts en s\u00e9curit\u00e9 routi\u00e8re. L&rsquo;importation imm\u00e9diate de 10.000 bus neufs et les nouvelles r\u00e9glementations sur le permis de conduire sont unanimement salu\u00e9es comme une \u00ab\u00a0avanc\u00e9e majeure\u00a0\u00bb et un \u00ab\u00a0tournant historique\u00a0\u00bb dans la politique nationale de s\u00e9curit\u00e9 routi\u00e8re. L&rsquo;Union g\u00e9n\u00e9rale des commer\u00e7ants et artisans alg\u00e9riens (UGCAA) a \u00e9t\u00e9 parmi les premi\u00e8res \u00e0 exprimer son soutien aux mesures pr\u00e9sidentielles, estimant qu&rsquo;elles \u00ab\u00a0refl\u00e8tent une vision strat\u00e9gique profonde visant \u00e0 d\u00e9velopper le secteur des transports, \u00e0 moderniser son infrastructure et \u00e0 renouveler son parc national, au b\u00e9n\u00e9fice de l&rsquo;\u00e9conomie nationale et des citoyens\u00a0\u00bb. Son secr\u00e9taire g\u00e9n\u00e9ral, Issam Bedrissi, souligne que cette d\u00e9marche est \u00ab\u00a0cruciale pour le renouvellement du parc national d&rsquo;autobus, l&rsquo;am\u00e9lioration des conditions de travail des transporteurs et de la s\u00e9curit\u00e9 des voyageurs et le renforcement de la s\u00e9curit\u00e9 routi\u00e8re selon des normes modernes\u00a0\u00bb. Abdelkader Boucherit, responsable de la F\u00e9d\u00e9ration nationale de transport public de voyageurs et de marchandises, confirme que ces d\u00e9cisions t\u00e9moignent de \u00ab\u00a0la prise en charge effective par l&rsquo;\u00c9tat des transporteurs publics\u00a0\u00bb, particuli\u00e8rement apr\u00e8s la d\u00e9cision de retrait des bus v\u00e9tustes de plus de 30 ans.<\/p>\n\n\n\n<p><strong>Une approche globale de la s\u00e9curit\u00e9<\/strong><\/p>\n\n\n\n<p>L&rsquo;Acad\u00e9mie nationale de s\u00e9curit\u00e9 routi\u00e8re qualifie les d\u00e9cisions pr\u00e9sidentielles de \u00ab\u00a0tournant majeur\u00a0\u00bb dans la politique nationale de s\u00e9curit\u00e9 routi\u00e8re, y voyant \u00ab\u00a0la volont\u00e9 politique de mettre fin au terrorisme routier\u00a0\u00bb. Son pr\u00e9sident, Ali Chekian, souligne que ces mesures visent \u00e0 \u00ab\u00a0hisser la qualification des conducteurs et \u00e0 renforcer la sensibilisation \u00e0 la s\u00e9curit\u00e9 routi\u00e8re selon une approche int\u00e9gr\u00e9e englobant les dimensions juridique, institutionnelle et s\u00e9curitaire\u00a0\u00bb. L&rsquo;expert international en s\u00e9curit\u00e9 routi\u00e8re Morsli Amrani consid\u00e8re ces mesures comme \u00ab\u00a0cruciales\u00a0\u00bb et s&rsquo;inscrivant dans le cadre des efforts de pr\u00e9vention des accidents. Il estime que le renouvellement du parc national de transport routier constitue \u00ab\u00a0une mesure n\u00e9cessaire et une \u00e9tape importante vers la modernisation du secteur des transports\u00a0\u00bb. Le pr\u00e9sident de l&rsquo;Association alg\u00e9rienne de protection et d&rsquo;orientation du consommateur (APOCE), Mustapha Zebdi, salue des d\u00e9cisions qu&rsquo;il juge \u00ab\u00a0n\u00e9cessaires\u00a0\u00bb, soulignant que les mesures relatives \u00e0 la d\u00e9finition des responsabilit\u00e9s \u00ab\u00a0contribueront \u00e0 la recat\u00e9gorisation des causes des accidents de la route\u00a0\u00bb, ce qui \u00ab\u00a0incitera toutes les parties \u00e0 faire montre de plus de professionnalisme\u00a0\u00bb.<\/p>\n\n\n\n<p>Le directeur des \u00e9tudes \u00e0 la D\u00e9l\u00e9gation nationale \u00e0 la s\u00e9curit\u00e9 routi\u00e8re, Boubeka Lahcene, a particuli\u00e8rement salu\u00e9 les d\u00e9cisions pr\u00e9sidentielles pour lutter contre les accidents de circulation et le \u00ab\u00a0terrorisme routier\u00a0\u00bb, qui visent \u00ab\u00a0\u00e0 am\u00e9liorer et d\u00e9velopper la s\u00e9curit\u00e9 routi\u00e8re\u00a0\u00bb. Il confirme que \u00ab\u00a0la D\u00e9l\u00e9gation nationale croit fermement que le probl\u00e8me de la s\u00e9curit\u00e9 routi\u00e8re ne peut \u00eatre r\u00e9solu par un seul d\u00e9partement minist\u00e9riel, mais n\u00e9cessite la conjugaison des efforts de tous les d\u00e9partements minist\u00e9riels, notamment les Transports, les Travaux publics, l&rsquo;Industrie, le Commerce et la Sant\u00e9\u00a0\u00bb. Dans ce cadre, la D\u00e9l\u00e9gation a \u00e9labor\u00e9 un plan national pour \u00e9liminer les points noirs, \u00ab\u00a0une mesure qui vise \u00e0 une analyse pr\u00e9cise des zones dangereuses et \u00e0 la mise en place de mesures op\u00e9rationnelles pour \u00e9lever le niveau de s\u00e9curit\u00e9 routi\u00e8re dans les zones \u00e0 forte densit\u00e9\u00a0\u00bb. Elle a \u00e9galement proc\u00e9d\u00e9 \u00e0 \u00ab\u00a0un diagnostic pr\u00e9cis de la situation de la signalisation routi\u00e8re afin de traiter les points qui en sont d\u00e9pourvus, en plus d&rsquo;intensifier les campagnes de sensibilisation \u00e0 travers toutes les r\u00e9gions du pays\u00a0\u00bb.<\/p>\n\n\n\n<p><strong>Une r\u00e9forme en profondeur du syst\u00e8me de formation<\/strong><\/p>\n\n\n\n<p>Les analyses statistiques r\u00e9alis\u00e9es par la D\u00e9l\u00e9gation r\u00e9v\u00e8lent que \u00ab\u00a0le syst\u00e8me de formation a besoin d&rsquo;am\u00e9lioration et de d\u00e9veloppement, notamment que 42% des conducteurs de v\u00e9hicules de moins de 5 ans causent 42,54% des accidents\u00a0\u00bb. Face \u00e0 ce constat, la D\u00e9l\u00e9gation a \u00e9mis un d\u00e9cret sign\u00e9 par le ministre de l&rsquo;Int\u00e9rieur qui pr\u00e9voit \u00ab\u00a0l&rsquo;introduction de nouvelles mati\u00e8res comme la m\u00e9canique et d&rsquo;autres mati\u00e8res dans l&rsquo;aspect pratique, avec une augmentation du volume horaire des cours\u00a0\u00bb. Dans l&rsquo;aspect th\u00e9orique, ont \u00e9t\u00e9 int\u00e9gr\u00e9s \u00ab\u00a0la conduite s\u00e9curis\u00e9e, l&rsquo;\u00e9thique du conducteur, les premiers secours et les comportements n\u00e9cessaires, ainsi que l&rsquo;introduction de l&rsquo;aspect \u00e9conomique et des technologies\u00a0\u00bb. Le volume horaire a \u00e9t\u00e9 augment\u00e9 \u00ab\u00a0de 25 \u00e0 30 heures pour les cat\u00e9gories A et B, de 15 \u00e0 20 heures pour les cat\u00e9gories C1, C et D, et de 10 \u00e0 15 heures pour d&rsquo;autres cat\u00e9gories\u00a0\u00bb.<\/p>\n\n\n\n<p>La pr\u00e9sidente de l&rsquo;Association nationale des moniteurs professionnels d&rsquo;auto-\u00e9coles, Nabila Ferhat, estime que \u00ab\u00a0le renforcement du contr\u00f4le et la stricte application du code de la route contribueront \u00e0 r\u00e9duire les accidents\u00a0\u00bb, affirmant que l&rsquo;extension de la responsabilit\u00e9 aux parties charg\u00e9es des routes, aux auto-\u00e9coles et aux \u00e9tablissements de contr\u00f4le technique constitue \u00ab\u00a0une r\u00e9elle avanc\u00e9e\u00a0\u00bb en mati\u00e8re de s\u00e9curit\u00e9 routi\u00e8re. L&rsquo;Association nationale des commer\u00e7ants et artisans (ANCA) a plaid\u00e9 pour le d\u00e9veloppement de programmes de formation au profit des conducteurs et des receveurs de bus, appelant \u00e0 mettre fin \u00e0 la concurrence d\u00e9loyale dans le secteur.<\/p>\n\n\n\n<p>Lyna Larbi<\/p>\n","protected":false},"excerpt":{"rendered":"<p>Les d\u00e9cisions drastiques annonc\u00e9es mardi par le pr\u00e9sident de la R\u00e9publique Abdelmadjid Tebboune pour lutter contre l&rsquo;ins\u00e9curit\u00e9 routi\u00e8re suscitent un<\/p>\n","protected":false},"author":6,"featured_media":72538,"comment_status":"open","ping_status":"closed","sticky":false,"template":"","format":"standard","meta":{"colormag_page_container_layout":"default_layout","colormag_page_sidebar_layout":"default_layout","om_disable_all_campaigns":false,"_monsterinsights_skip_tracking":false,"_monsterinsights_sitenote_active":false,"_monsterinsights_sitenote_note":"","_monsterinsights_sitenote_category":0,"footnotes":"","_wpscppro_dont_share_socialmedia":false,"_wpscppro_custom_social_share_image":0,"_facebook_share_type":"default","_twitter_share_type":"default","_linkedin_share_type":"default","_pinterest_share_type":"default","_linkedin_share_type_page":"","_instagram_share_type":"default","_medium_share_type":"default","_threads_share_type":"default","_google_business_share_type":"default","_selected_social_profile":[],"_wpsp_enable_custom_social_template":false,"_wpsp_social_scheduling":{"enabled":false,"datetime":null,"platforms":[],"status":"template_only","dateOption":"today","timeOption":"now","customDays":"","customHours":"","customDate":"","customTime":"","schedulingType":"absolute"},"_wpsp_active_default_template":true},"categories":[27],"tags":[],"class_list":["post-72589","post","type-post","status-publish","format-standard","has-post-thumbnail","hentry","category-actualite"],"aioseo_notices":[],"yoast_head":"<!-- This site is optimized with the Yoast SEO plugin v27.5 - https:\/\/yoast.com\/product\/yoast-seo-wordpress\/ -->\n<title>S\u00e9curit\u00e9 routi\u00e8re et refonte du secteur des transports\u00a0: Les d\u00e9cisions du Pr\u00e9sident Tebboune largement salu\u00e9e - La Sentinelle<\/title>\n<meta name=\"robots\" content=\"index, follow, max-snippet:-1, max-image-preview:large, max-video-preview:-1\" \/>\n<link rel=\"canonical\" href=\"https:\/\/lasentinelle.dz\/index.php\/2025\/08\/27\/securite-routiere-et-refonte-du-secteur-des-transports-les-decisions-du-president-tebboune-largement-saluee\/\" \/>\n<meta property=\"og:locale\" content=\"fr_FR\" \/>\n<meta property=\"og:type\" content=\"article\" \/>\n<meta property=\"og:title\" content=\"S\u00e9curit\u00e9 routi\u00e8re et refonte du secteur des transports\u00a0: Les d\u00e9cisions du Pr\u00e9sident Tebboune largement salu\u00e9e - La Sentinelle\" \/>\n<meta property=\"og:description\" content=\"Les d\u00e9cisions drastiques annonc\u00e9es mardi par le pr\u00e9sident de la R\u00e9publique Abdelmadjid Tebboune pour lutter contre l&rsquo;ins\u00e9curit\u00e9 routi\u00e8re suscitent un\" \/>\n<meta property=\"og:url\" content=\"https:\/\/lasentinelle.dz\/index.php\/2025\/08\/27\/securite-routiere-et-refonte-du-secteur-des-transports-les-decisions-du-president-tebboune-largement-saluee\/\" \/>\n<meta property=\"og:site_name\" content=\"La Sentinelle\" \/>\n<meta property=\"article:publisher\" content=\"https:\/\/www.facebook.com\/La-Sentinelle-104059864394773\" \/>\n<meta property=\"article:published_time\" content=\"2025-08-27T18:26:45+00:00\" \/>\n<meta property=\"article:modified_time\" content=\"2025-08-29T18:27:25+00:00\" \/>\n<meta property=\"og:image\" content=\"https:\/\/lasentinelle.dz\/wp-content\/uploads\/2025\/08\/Tebboune.jpg\" \/>\n\t<meta property=\"og:image:width\" content=\"1280\" \/>\n\t<meta property=\"og:image:height\" content=\"853\" \/>\n\t<meta property=\"og:image:type\" content=\"image\/jpeg\" \/>\n<meta name=\"author\" content=\"admin\" \/>\n<meta name=\"twitter:card\" content=\"summary_large_image\" \/>\n<meta name=\"twitter:label1\" content=\"\u00c9crit par\" \/>\n\t<meta name=\"twitter:data1\" content=\"admin\" \/>\n\t<meta name=\"twitter:label2\" content=\"Dur\u00e9e de lecture estim\u00e9e\" \/>\n\t<meta name=\"twitter:data2\" content=\"5 minutes\" \/>\n<script type=\"application\/ld+json\" class=\"yoast-schema-graph\">{\"@context\":\"https:\\\/\\\/schema.org\",\"@graph\":[{\"@type\":\"Article\",\"@id\":\"https:\\\/\\\/lasentinelle.dz\\\/index.php\\\/2025\\\/08\\\/27\\\/securite-routiere-et-refonte-du-secteur-des-transports-les-decisions-du-president-tebboune-largement-saluee\\\/#article\",\"isPartOf\":{\"@id\":\"https:\\\/\\\/lasentinelle.dz\\\/index.php\\\/2025\\\/08\\\/27\\\/securite-routiere-et-refonte-du-secteur-des-transports-les-decisions-du-president-tebboune-largement-saluee\\\/\"},\"author\":{\"name\":\"admin\",\"@id\":\"https:\\\/\\\/lasentinelle.dz\\\/#\\\/schema\\\/person\\\/729ee0024f24e0b8c5ec17232f8e8b41\"},\"headline\":\"S\u00e9curit\u00e9 routi\u00e8re et refonte du secteur des transports\u00a0: Les d\u00e9cisions du Pr\u00e9sident Tebboune largement salu\u00e9e\",\"datePublished\":\"2025-08-27T18:26:45+00:00\",\"dateModified\":\"2025-08-29T18:27:25+00:00\",\"mainEntityOfPage\":{\"@id\":\"https:\\\/\\\/lasentinelle.dz\\\/index.php\\\/2025\\\/08\\\/27\\\/securite-routiere-et-refonte-du-secteur-des-transports-les-decisions-du-president-tebboune-largement-saluee\\\/\"},\"wordCount\":957,\"commentCount\":0,\"publisher\":{\"@id\":\"https:\\\/\\\/lasentinelle.dz\\\/#organization\"},\"image\":{\"@id\":\"https:\\\/\\\/lasentinelle.dz\\\/index.php\\\/2025\\\/08\\\/27\\\/securite-routiere-et-refonte-du-secteur-des-transports-les-decisions-du-president-tebboune-largement-saluee\\\/#primaryimage\"},\"thumbnailUrl\":\"https:\\\/\\\/lasentinelle.dz\\\/wp-content\\\/uploads\\\/2025\\\/08\\\/Tebboune.jpg\",\"articleSection\":[\"Actualit\u00e9\"],\"inLanguage\":\"fr-FR\",\"potentialAction\":[{\"@type\":\"CommentAction\",\"name\":\"Comment\",\"target\":[\"https:\\\/\\\/lasentinelle.dz\\\/index.php\\\/2025\\\/08\\\/27\\\/securite-routiere-et-refonte-du-secteur-des-transports-les-decisions-du-president-tebboune-largement-saluee\\\/#respond\"]}]},{\"@type\":\"WebPage\",\"@id\":\"https:\\\/\\\/lasentinelle.dz\\\/index.php\\\/2025\\\/08\\\/27\\\/securite-routiere-et-refonte-du-secteur-des-transports-les-decisions-du-president-tebboune-largement-saluee\\\/\",\"url\":\"https:\\\/\\\/lasentinelle.dz\\\/index.php\\\/2025\\\/08\\\/27\\\/securite-routiere-et-refonte-du-secteur-des-transports-les-decisions-du-president-tebboune-largement-saluee\\\/\",\"name\":\"S\u00e9curit\u00e9 routi\u00e8re et refonte du secteur des transports\u00a0: Les d\u00e9cisions du Pr\u00e9sident Tebboune largement salu\u00e9e - La Sentinelle\",\"isPartOf\":{\"@id\":\"https:\\\/\\\/lasentinelle.dz\\\/#website\"},\"primaryImageOfPage\":{\"@id\":\"https:\\\/\\\/lasentinelle.dz\\\/index.php\\\/2025\\\/08\\\/27\\\/securite-routiere-et-refonte-du-secteur-des-transports-les-decisions-du-president-tebboune-largement-saluee\\\/#primaryimage\"},\"image\":{\"@id\":\"https:\\\/\\\/lasentinelle.dz\\\/index.php\\\/2025\\\/08\\\/27\\\/securite-routiere-et-refonte-du-secteur-des-transports-les-decisions-du-president-tebboune-largement-saluee\\\/#primaryimage\"},\"thumbnailUrl\":\"https:\\\/\\\/lasentinelle.dz\\\/wp-content\\\/uploads\\\/2025\\\/08\\\/Tebboune.jpg\",\"datePublished\":\"2025-08-27T18:26:45+00:00\",\"dateModified\":\"2025-08-29T18:27:25+00:00\",\"breadcrumb\":{\"@id\":\"https:\\\/\\\/lasentinelle.dz\\\/index.php\\\/2025\\\/08\\\/27\\\/securite-routiere-et-refonte-du-secteur-des-transports-les-decisions-du-president-tebboune-largement-saluee\\\/#breadcrumb\"},\"inLanguage\":\"fr-FR\",\"potentialAction\":[{\"@type\":\"ReadAction\",\"target\":[\"https:\\\/\\\/lasentinelle.dz\\\/index.php\\\/2025\\\/08\\\/27\\\/securite-routiere-et-refonte-du-secteur-des-transports-les-decisions-du-president-tebboune-largement-saluee\\\/\"]}]},{\"@type\":\"ImageObject\",\"inLanguage\":\"fr-FR\",\"@id\":\"https:\\\/\\\/lasentinelle.dz\\\/index.php\\\/2025\\\/08\\\/27\\\/securite-routiere-et-refonte-du-secteur-des-transports-les-decisions-du-president-tebboune-largement-saluee\\\/#primaryimage\",\"url\":\"https:\\\/\\\/lasentinelle.dz\\\/wp-content\\\/uploads\\\/2025\\\/08\\\/Tebboune.jpg\",\"contentUrl\":\"https:\\\/\\\/lasentinelle.dz\\\/wp-content\\\/uploads\\\/2025\\\/08\\\/Tebboune.jpg\",\"width\":1280,\"height\":853},{\"@type\":\"BreadcrumbList\",\"@id\":\"https:\\\/\\\/lasentinelle.dz\\\/index.php\\\/2025\\\/08\\\/27\\\/securite-routiere-et-refonte-du-secteur-des-transports-les-decisions-du-president-tebboune-largement-saluee\\\/#breadcrumb\",\"itemListElement\":[{\"@type\":\"ListItem\",\"position\":1,\"name\":\"Accueil\",\"item\":\"https:\\\/\\\/lasentinelle.dz\\\/\"},{\"@type\":\"ListItem\",\"position\":2,\"name\":\"S\u00e9curit\u00e9 routi\u00e8re et refonte du secteur des transports\u00a0: Les d\u00e9cisions du Pr\u00e9sident Tebboune largement salu\u00e9e\"}]},{\"@type\":\"WebSite\",\"@id\":\"https:\\\/\\\/lasentinelle.dz\\\/#website\",\"url\":\"https:\\\/\\\/lasentinelle.dz\\\/\",\"name\":\"La Sentinelle\",\"description\":\"Quotidien national d&#039;information\",\"publisher\":{\"@id\":\"https:\\\/\\\/lasentinelle.dz\\\/#organization\"},\"potentialAction\":[{\"@type\":\"SearchAction\",\"target\":{\"@type\":\"EntryPoint\",\"urlTemplate\":\"https:\\\/\\\/lasentinelle.dz\\\/?s={search_term_string}\"},\"query-input\":{\"@type\":\"PropertyValueSpecification\",\"valueRequired\":true,\"valueName\":\"search_term_string\"}}],\"inLanguage\":\"fr-FR\"},{\"@type\":\"Organization\",\"@id\":\"https:\\\/\\\/lasentinelle.dz\\\/#organization\",\"name\":\"Quotidien La Sentinelle\",\"url\":\"https:\\\/\\\/lasentinelle.dz\\\/\",\"logo\":{\"@type\":\"ImageObject\",\"inLanguage\":\"fr-FR\",\"@id\":\"https:\\\/\\\/lasentinelle.dz\\\/#\\\/schema\\\/logo\\\/image\\\/\",\"url\":\"https:\\\/\\\/lasentinelle.dz\\\/wp-content\\\/uploads\\\/2021\\\/09\\\/logo-sentinelleSLOGAN-1.png\",\"contentUrl\":\"https:\\\/\\\/lasentinelle.dz\\\/wp-content\\\/uploads\\\/2021\\\/09\\\/logo-sentinelleSLOGAN-1.png\",\"width\":615,\"height\":142,\"caption\":\"Quotidien La Sentinelle\"},\"image\":{\"@id\":\"https:\\\/\\\/lasentinelle.dz\\\/#\\\/schema\\\/logo\\\/image\\\/\"},\"sameAs\":[\"https:\\\/\\\/www.facebook.com\\\/La-Sentinelle-104059864394773\"]},{\"@type\":\"Person\",\"@id\":\"https:\\\/\\\/lasentinelle.dz\\\/#\\\/schema\\\/person\\\/729ee0024f24e0b8c5ec17232f8e8b41\",\"name\":\"admin\",\"image\":{\"@type\":\"ImageObject\",\"inLanguage\":\"fr-FR\",\"@id\":\"https:\\\/\\\/secure.gravatar.com\\\/avatar\\\/4c81fed838786e9b53f540bf46533e750f5d292099ae3b66cfc6fb1982e29df7?s=96&d=mm&r=g\",\"url\":\"https:\\\/\\\/secure.gravatar.com\\\/avatar\\\/4c81fed838786e9b53f540bf46533e750f5d292099ae3b66cfc6fb1982e29df7?s=96&d=mm&r=g\",\"contentUrl\":\"https:\\\/\\\/secure.gravatar.com\\\/avatar\\\/4c81fed838786e9b53f540bf46533e750f5d292099ae3b66cfc6fb1982e29df7?s=96&d=mm&r=g\",\"caption\":\"admin\"},\"description\":\"admin\",\"url\":\"https:\\\/\\\/lasentinelle.dz\\\/author\\\/admin\\\/\"}]}<\/script>\n<!-- \/ Yoast SEO plugin. -->","yoast_head_json":{"title":"S\u00e9curit\u00e9 routi\u00e8re et refonte du secteur des transports\u00a0: Les d\u00e9cisions du Pr\u00e9sident Tebboune largement salu\u00e9e - La Sentinelle","robots":{"index":"index","follow":"follow","max-snippet":"max-snippet:-1","max-image-preview":"max-image-preview:large","max-video-preview":"max-video-preview:-1"},"canonical":"https:\/\/lasentinelle.dz\/index.php\/2025\/08\/27\/securite-routiere-et-refonte-du-secteur-des-transports-les-decisions-du-president-tebboune-largement-saluee\/","og_locale":"fr_FR","og_type":"article","og_title":"S\u00e9curit\u00e9 routi\u00e8re et refonte du secteur des transports\u00a0: Les d\u00e9cisions du Pr\u00e9sident Tebboune largement salu\u00e9e - La Sentinelle","og_description":"Les d\u00e9cisions drastiques annonc\u00e9es mardi par le pr\u00e9sident de la R\u00e9publique Abdelmadjid Tebboune pour lutter contre l&rsquo;ins\u00e9curit\u00e9 routi\u00e8re suscitent un","og_url":"https:\/\/lasentinelle.dz\/index.php\/2025\/08\/27\/securite-routiere-et-refonte-du-secteur-des-transports-les-decisions-du-president-tebboune-largement-saluee\/","og_site_name":"La Sentinelle","article_publisher":"https:\/\/www.facebook.com\/La-Sentinelle-104059864394773","article_published_time":"2025-08-27T18:26:45+00:00","article_modified_time":"2025-08-29T18:27:25+00:00","og_image":[{"width":1280,"height":853,"url":"https:\/\/lasentinelle.dz\/wp-content\/uploads\/2025\/08\/Tebboune.jpg","type":"image\/jpeg"}],"author":"admin","twitter_card":"summary_large_image","twitter_misc":{"\u00c9crit par":"admin","Dur\u00e9e de lecture estim\u00e9e":"5 minutes"},"schema":{"@context":"https:\/\/schema.org","@graph":[{"@type":"Article","@id":"https:\/\/lasentinelle.dz\/index.php\/2025\/08\/27\/securite-routiere-et-refonte-du-secteur-des-transports-les-decisions-du-president-tebboune-largement-saluee\/#article","isPartOf":{"@id":"https:\/\/lasentinelle.dz\/index.php\/2025\/08\/27\/securite-routiere-et-refonte-du-secteur-des-transports-les-decisions-du-president-tebboune-largement-saluee\/"},"author":{"name":"admin","@id":"https:\/\/lasentinelle.dz\/#\/schema\/person\/729ee0024f24e0b8c5ec17232f8e8b41"},"headline":"S\u00e9curit\u00e9 routi\u00e8re et refonte du secteur des transports\u00a0: Les d\u00e9cisions du Pr\u00e9sident Tebboune largement salu\u00e9e","datePublished":"2025-08-27T18:26:45+00:00","dateModified":"2025-08-29T18:27:25+00:00","mainEntityOfPage":{"@id":"https:\/\/lasentinelle.dz\/index.php\/2025\/08\/27\/securite-routiere-et-refonte-du-secteur-des-transports-les-decisions-du-president-tebboune-largement-saluee\/"},"wordCount":957,"commentCount":0,"publisher":{"@id":"https:\/\/lasentinelle.dz\/#organization"},"image":{"@id":"https:\/\/lasentinelle.dz\/index.php\/2025\/08\/27\/securite-routiere-et-refonte-du-secteur-des-transports-les-decisions-du-president-tebboune-largement-saluee\/#primaryimage"},"thumbnailUrl":"https:\/\/lasentinelle.dz\/wp-content\/uploads\/2025\/08\/Tebboune.jpg","articleSection":["Actualit\u00e9"],"inLanguage":"fr-FR","potentialAction":[{"@type":"CommentAction","name":"Comment","target":["https:\/\/lasentinelle.dz\/index.php\/2025\/08\/27\/securite-routiere-et-refonte-du-secteur-des-transports-les-decisions-du-president-tebboune-largement-saluee\/#respond"]}]},{"@type":"WebPage","@id":"https:\/\/lasentinelle.dz\/index.php\/2025\/08\/27\/securite-routiere-et-refonte-du-secteur-des-transports-les-decisions-du-president-tebboune-largement-saluee\/","url":"https:\/\/lasentinelle.dz\/index.php\/2025\/08\/27\/securite-routiere-et-refonte-du-secteur-des-transports-les-decisions-du-president-tebboune-largement-saluee\/","name":"S\u00e9curit\u00e9 routi\u00e8re et refonte du secteur des transports\u00a0: Les d\u00e9cisions du Pr\u00e9sident Tebboune largement salu\u00e9e - La Sentinelle","isPartOf":{"@id":"https:\/\/lasentinelle.dz\/#website"},"primaryImageOfPage":{"@id":"https:\/\/lasentinelle.dz\/index.php\/2025\/08\/27\/securite-routiere-et-refonte-du-secteur-des-transports-les-decisions-du-president-tebboune-largement-saluee\/#primaryimage"},"image":{"@id":"https:\/\/lasentinelle.dz\/index.php\/2025\/08\/27\/securite-routiere-et-refonte-du-secteur-des-transports-les-decisions-du-president-tebboune-largement-saluee\/#primaryimage"},"thumbnailUrl":"https:\/\/lasentinelle.dz\/wp-content\/uploads\/2025\/08\/Tebboune.jpg","datePublished":"2025-08-27T18:26:45+00:00","dateModified":"2025-08-29T18:27:25+00:00","breadcrumb":{"@id":"https:\/\/lasentinelle.dz\/index.php\/2025\/08\/27\/securite-routiere-et-refonte-du-secteur-des-transports-les-decisions-du-president-tebboune-largement-saluee\/#breadcrumb"},"inLanguage":"fr-FR","potentialAction":[{"@type":"ReadAction","target":["https:\/\/lasentinelle.dz\/index.php\/2025\/08\/27\/securite-routiere-et-refonte-du-secteur-des-transports-les-decisions-du-president-tebboune-largement-saluee\/"]}]},{"@type":"ImageObject","inLanguage":"fr-FR","@id":"https:\/\/lasentinelle.dz\/index.php\/2025\/08\/27\/securite-routiere-et-refonte-du-secteur-des-transports-les-decisions-du-president-tebboune-largement-saluee\/#primaryimage","url":"https:\/\/lasentinelle.dz\/wp-content\/uploads\/2025\/08\/Tebboune.jpg","contentUrl":"https:\/\/lasentinelle.dz\/wp-content\/uploads\/2025\/08\/Tebboune.jpg","width":1280,"height":853},{"@type":"BreadcrumbList","@id":"https:\/\/lasentinelle.dz\/index.php\/2025\/08\/27\/securite-routiere-et-refonte-du-secteur-des-transports-les-decisions-du-president-tebboune-largement-saluee\/#breadcrumb","itemListElement":[{"@type":"ListItem","position":1,"name":"Accueil","item":"https:\/\/lasentinelle.dz\/"},{"@type":"ListItem","position":2,"name":"S\u00e9curit\u00e9 routi\u00e8re et refonte du secteur des transports\u00a0: Les d\u00e9cisions du Pr\u00e9sident Tebboune largement salu\u00e9e"}]},{"@type":"WebSite","@id":"https:\/\/lasentinelle.dz\/#website","url":"https:\/\/lasentinelle.dz\/","name":"La Sentinelle","description":"Quotidien national d&#039;information","publisher":{"@id":"https:\/\/lasentinelle.dz\/#organization"},"potentialAction":[{"@type":"SearchAction","target":{"@type":"EntryPoint","urlTemplate":"https:\/\/lasentinelle.dz\/?s={search_term_string}"},"query-input":{"@type":"PropertyValueSpecification","valueRequired":true,"valueName":"search_term_string"}}],"inLanguage":"fr-FR"},{"@type":"Organization","@id":"https:\/\/lasentinelle.dz\/#organization","name":"Quotidien La Sentinelle","url":"https:\/\/lasentinelle.dz\/","logo":{"@type":"ImageObject","inLanguage":"fr-FR","@id":"https:\/\/lasentinelle.dz\/#\/schema\/logo\/image\/","url":"https:\/\/lasentinelle.dz\/wp-content\/uploads\/2021\/09\/logo-sentinelleSLOGAN-1.png","contentUrl":"https:\/\/lasentinelle.dz\/wp-content\/uploads\/2021\/09\/logo-sentinelleSLOGAN-1.png","width":615,"height":142,"caption":"Quotidien La Sentinelle"},"image":{"@id":"https:\/\/lasentinelle.dz\/#\/schema\/logo\/image\/"},"sameAs":["https:\/\/www.facebook.com\/La-Sentinelle-104059864394773"]},{"@type":"Person","@id":"https:\/\/lasentinelle.dz\/#\/schema\/person\/729ee0024f24e0b8c5ec17232f8e8b41","name":"admin","image":{"@type":"ImageObject","inLanguage":"fr-FR","@id":"https:\/\/secure.gravatar.com\/avatar\/4c81fed838786e9b53f540bf46533e750f5d292099ae3b66cfc6fb1982e29df7?s=96&d=mm&r=g","url":"https:\/\/secure.gravatar.com\/avatar\/4c81fed838786e9b53f540bf46533e750f5d292099ae3b66cfc6fb1982e29df7?s=96&d=mm&r=g","contentUrl":"https:\/\/secure.gravatar.com\/avatar\/4c81fed838786e9b53f540bf46533e750f5d292099ae3b66cfc6fb1982e29df7?s=96&d=mm&r=g","caption":"admin"},"description":"admin","url":"https:\/\/lasentinelle.dz\/author\/admin\/"}]}},"_links":{"self":[{"href":"https:\/\/lasentinelle.dz\/index.php\/wp-json\/wp\/v2\/posts\/72589","targetHints":{"allow":["GET"]}}],"collection":[{"href":"https:\/\/lasentinelle.dz\/index.php\/wp-json\/wp\/v2\/posts"}],"about":[{"href":"https:\/\/lasentinelle.dz\/index.php\/wp-json\/wp\/v2\/types\/post"}],"author":[{"embeddable":true,"href":"https:\/\/lasentinelle.dz\/index.php\/wp-json\/wp\/v2\/users\/6"}],"replies":[{"embeddable":true,"href":"https:\/\/lasentinelle.dz\/index.php\/wp-json\/wp\/v2\/comments?post=72589"}],"version-history":[{"count":1,"href":"https:\/\/lasentinelle.dz\/index.php\/wp-json\/wp\/v2\/posts\/72589\/revisions"}],"predecessor-version":[{"id":72590,"href":"https:\/\/lasentinelle.dz\/index.php\/wp-json\/wp\/v2\/posts\/72589\/revisions\/72590"}],"wp:featuredmedia":[{"embeddable":true,"href":"https:\/\/lasentinelle.dz\/index.php\/wp-json\/wp\/v2\/media\/72538"}],"wp:attachment":[{"href":"https:\/\/lasentinelle.dz\/index.php\/wp-json\/wp\/v2\/media?parent=72589"}],"wp:term":[{"taxonomy":"category","embeddable":true,"href":"https:\/\/lasentinelle.dz\/index.php\/wp-json\/wp\/v2\/categories?post=72589"},{"taxonomy":"post_tag","embeddable":true,"href":"https:\/\/lasentinelle.dz\/index.php\/wp-json\/wp\/v2\/tags?post=72589"}],"curies":[{"name":"wp","href":"https:\/\/api.w.org\/{rel}","templated":true}]}}