{"id":72607,"date":"2025-08-27T19:34:17","date_gmt":"2025-08-27T18:34:17","guid":{"rendered":"https:\/\/lasentinelle.dz\/?p=72607"},"modified":"2025-08-29T19:35:02","modified_gmt":"2025-08-29T18:35:02","slug":"paris-ouvre-lance-une-nouvelle-phase-du-chantage-aux-visas-inacceptable","status":"publish","type":"post","link":"https:\/\/lasentinelle.dz\/index.php\/2025\/08\/27\/paris-ouvre-lance-une-nouvelle-phase-du-chantage-aux-visas-inacceptable\/","title":{"rendered":"Paris ouvre lance une nouvelle phase du chantage aux visas\u00a0: Inacceptable\u00a0!"},"content":{"rendered":"\n<p>L&rsquo;attitude de l&rsquo;Ambassade de France \u00e0 Alger atteint un niveau d&rsquo;insolence in\u00e9dit dans les relations diplomatiques.<\/p>\n\n\n\n<p>Le charg\u00e9 d&rsquo;affaires de la repr\u00e9sentation fran\u00e7aise a \u00e9t\u00e9 convoqu\u00e9 mercredi au si\u00e8ge du minist\u00e8re des Affaires \u00e9trang\u00e8res par le Directeur g\u00e9n\u00e9ral du Protocole, suite au communiqu\u00e9 rendu public par l&rsquo;ambassade fran\u00e7aise concernant l&rsquo;accr\u00e9ditation d&rsquo;agents diplomatiques et consulaires fran\u00e7ais en Alg\u00e9rie. Cette convocation qui r\u00e9pond \u00e0 un d\u00e9rapage diplomatique in\u00e9dit orchestr\u00e9 par Paris dans sa strat\u00e9gie d&rsquo;escalade contre l&rsquo;Alg\u00e9rie. Le caract\u00e8re insidieux de la man\u0153uvre fran\u00e7aise transpara\u00eet dans sa double violation des usages diplomatiques les plus \u00e9l\u00e9mentaires. Comme l&rsquo;a fermement soulign\u00e9 le minist\u00e8re des Affaires \u00e9trang\u00e8res, dans un communiqu\u00e9 publi\u00e9 hier, \u00ab\u00a0l&rsquo;attention du diplomate fran\u00e7ais a \u00e9t\u00e9 fermement attir\u00e9e sur le grave manquement aux usages diplomatiques, les plus solidement \u00e9tablis, qui caract\u00e9rise ledit communiqu\u00e9 (de l\u2019ambassade, NDLR)\u00a0\u00bb. Cette d\u00e9marche r\u00e9v\u00e8le une strat\u00e9gie calcul\u00e9e visant \u00e0 contourner les canaux diplomatiques officiels pour s&rsquo;adresser directement \u00e0 l&rsquo;opinion publique alg\u00e9rienne, dans une tentative de subversion particuli\u00e8rement condamnable. L&rsquo;inacceptabilit\u00e9 de cette approche r\u00e9side dans sa nature profond\u00e9ment manipulatrice. Le minist\u00e8re des Affaires \u00e9trang\u00e8res a explicitement d\u00e9nonc\u00e9 le fait que \u00ab\u00a0par sa forme autant que par son fond, ce communiqu\u00e9 \u00e9tait inacceptable en ce qu&rsquo;il contenait une pr\u00e9sentation tendancieuse des faits et qu&rsquo;il s&rsquo;adressait directement \u00e0 l&rsquo;opinion publique alg\u00e9rienne pour incriminer devant elle une pr\u00e9tendue responsabilit\u00e9 exclusive et enti\u00e8re du minist\u00e8re des Affaires \u00e9trang\u00e8res dans la non-accr\u00e9ditation d&rsquo;agents diplomatiques et consulaires fran\u00e7ais en Alg\u00e9rie\u00a0\u00bb. Cette tentative de manipulation de l&rsquo;opinion publique alg\u00e9rienne constitue une grave entorse aux r\u00e8gles qui r\u00e9gissent les relations entre \u00c9tats souverains. Rappelons dans ce contexte que l\u2019ambassade de France \u00e0 Alger a annonc\u00e9 mardi dans un communiqu\u00e9 une r\u00e9duction du nombre de visas d\u00e9livr\u00e9s aux Alg\u00e9riens \u00e0 partir du 1<sup>er<\/sup> septembre en raison, explique-t-elle, de la non accr\u00e9ditation de nouveaux agents consulaires \u00e0 Alger.<\/p>\n\n\n\n<p>La dimension protocolaire de cette provocation est tout aussi grave. \u00ab\u00a0Du point de vue de la forme, cette mani\u00e8re d&rsquo;agir de l&rsquo;Ambassade n&rsquo;est pas tol\u00e9rable, en ce qu&rsquo;elle viole l&rsquo;esprit et la lettre de la Convention de Vienne sur les relations diplomatiques de 1961\u00a0\u00bb, a rappel\u00e9 le MAE. En s&rsquo;affranchissant des r\u00e8gles diplomatiques internationales, la France d\u00e9montre son m\u00e9pris des instruments juridiques qui encadrent les relations inter\u00e9tatiques et r\u00e9v\u00e8le sa volont\u00e9 de cr\u00e9er un pr\u00e9c\u00e9dent dangereux dans la conduite des affaires diplomatiques.<\/p>\n\n\n\n<p>La mauvaise foi fran\u00e7aise appara\u00eet encore plus clairement lorsqu&rsquo;on examine la chronologie r\u00e9elle des \u00e9v\u00e9nements. \u00ab\u00a0Du point de vue du fond, il a \u00e9t\u00e9 rappel\u00e9 au diplomate fran\u00e7ais qu&rsquo;il \u00e9tait personnellement le mieux inform\u00e9 des tenants et aboutissants de cette situation\u00a0\u00bb, a soulign\u00e9 le communiqu\u00e9 officiel. La r\u00e9alit\u00e9 des faits d\u00e9montre que \u00ab\u00a0la non-accr\u00e9ditation d&rsquo;agents diplomatiques et consulaires fran\u00e7ais en Alg\u00e9rie est intervenue bien apr\u00e8s une d\u00e9cision fran\u00e7aise similaire et apr\u00e8s \u00e9puisement, \u00e0 l&rsquo;initiative de la partie alg\u00e9rienne, de toutes les possibilit\u00e9s de r\u00e8glement de ce diff\u00e9rend \u00e0 la satisfaction des deux pays. Il s&rsquo;agissait l\u00e0, ni plus ni moins, que de l&rsquo;application stricte du principe de r\u00e9ciprocit\u00e9\u00a0\u00bb.<\/p>\n\n\n\n<p>Les chiffres parlent d&rsquo;eux-m\u00eames et r\u00e9v\u00e8lent l&rsquo;ampleur de l&rsquo;obstruction fran\u00e7aise. \u00ab\u00a0C&rsquo;est le gouvernement fran\u00e7ais qui a \u00e9t\u00e9 \u00e0 l&rsquo;origine, depuis plus de deux ans, du refus d&rsquo;accr\u00e9ditation de Chefs de Poste et d&rsquo;agents consulaires alg\u00e9riens en France. En cons\u00e9quence de cette situation, trois Consuls G\u00e9n\u00e9raux et six Consuls alg\u00e9riens n&rsquo;ont pas re\u00e7u leurs accr\u00e9ditations sollicit\u00e9es depuis plus de six mois. De m\u00eame, quarante-six agents diplomatiques et consulaires alg\u00e9riens n&rsquo;ont pu rejoindre leur lieu d&rsquo;affectation en France du fait du silence observ\u00e9 par la partie fran\u00e7aise quant \u00e0 leurs demandes d&rsquo;accr\u00e9ditation\u00a0\u00bb. Cette situation cr\u00e9\u00e9e \u00ab\u00a0de mani\u00e8re d\u00e9lib\u00e9r\u00e9e et calcul\u00e9e, par les autorit\u00e9s fran\u00e7aises, l\u00e8se gravement les ressortissants alg\u00e9riens \u00e9tablis en France dans la double mesure o\u00f9 elle impacte les prestations consulaires \u00e0 leur b\u00e9n\u00e9fice et affecte la qualit\u00e9 de la protection consulaire qui leur est due\u00a0\u00bb.<\/p>\n\n\n\n<p>Chantage et intimidation<\/p>\n\n\n\n<p>L&rsquo;instrumentalisation de la question des visas par Paris s&rsquo;inscrit dans une strat\u00e9gie plus large de chantage diplomatique. Le minist\u00e8re des Affaires \u00e9trang\u00e8res a \u00ab\u00a0fortement soulign\u00e9 \u00e0 l&rsquo;attention du diplomate fran\u00e7ais qu&rsquo;il est lui-m\u00eame conscient de ce que la probl\u00e9matique des visas n&rsquo;est pas limitativement li\u00e9e \u00e0 la question des accr\u00e9ditations et qu&rsquo;il est de notori\u00e9t\u00e9 publique que son gouvernement a \u00e9rig\u00e9 cette probl\u00e9matique en levier central du bras de fer qu&rsquo;il veut imposer \u00e0 l&rsquo;Alg\u00e9rie\u00a0\u00bb. Cette approche r\u00e9v\u00e8le une conception n\u00e9ocoloniale des relations bilat\u00e9rales o\u00f9 la France s&rsquo;arroge le droit d&rsquo;exercer des pressions unilat\u00e9rales. La persistance de cette attitude coercitive t\u00e9moigne d&rsquo;une escalade pr\u00e9m\u00e9dit\u00e9e. \u00ab\u00a0Le chantage aux visas continue de la part du gouvernement fran\u00e7ais. La premi\u00e8re phase de ce chantage s&rsquo;est achev\u00e9e avec la d\u00e9nonciation par l&rsquo;Alg\u00e9rie de l&rsquo;Accord alg\u00e9ro-fran\u00e7ais de 2013 sur l&rsquo;exemption r\u00e9ciproque de visas aux d\u00e9tenteurs de passeports diplomatiques et de service. Aujourd&rsquo;hui, les autorit\u00e9s fran\u00e7aises ouvrent une seconde phase qui concerne les passeports ordinaires qu&rsquo;elles entendent g\u00e9rer par le chantage, le marchandage et l&rsquo;intimidation\u00a0\u00bb, conclut le communiqu\u00e9 du minist\u00e8re.<\/p>\n\n\n\n<p>Cette nouvelle provocation fran\u00e7aise illustre parfaitement la d\u00e9rive d&rsquo;une diplomatie qui pr\u00e9f\u00e8re l&rsquo;intimidation au dialogue, la manipulation \u00e0 la transparence, et l&rsquo;escalade \u00e0 la recherche de solutions constructives. En s&rsquo;adressant directement \u00e0 l&rsquo;opinion publique alg\u00e9rienne tout en d\u00e9formant la r\u00e9alit\u00e9 des faits, l&rsquo;ambassade fran\u00e7aise franchit une ligne rouge inacceptable dans les relations diplomatiques normales entre \u00c9tats souverains.<\/p>\n\n\n\n<p>Salim Amokrane<\/p>\n","protected":false},"excerpt":{"rendered":"<p>L&rsquo;attitude de l&rsquo;Ambassade de France \u00e0 Alger atteint un niveau d&rsquo;insolence in\u00e9dit dans les relations diplomatiques. Le charg\u00e9 d&rsquo;affaires de<\/p>\n","protected":false},"author":6,"featured_media":70989,"comment_status":"open","ping_status":"closed","sticky":false,"template":"","format":"standard","meta":{"colormag_page_container_layout":"default_layout","colormag_page_sidebar_layout":"default_layout","om_disable_all_campaigns":false,"_monsterinsights_skip_tracking":false,"_monsterinsights_sitenote_active":false,"_monsterinsights_sitenote_note":"","_monsterinsights_sitenote_category":0,"footnotes":"","_wpscppro_dont_share_socialmedia":false,"_wpscppro_custom_social_share_image":0,"_facebook_share_type":"default","_twitter_share_type":"default","_linkedin_share_type":"default","_pinterest_share_type":"default","_linkedin_share_type_page":"","_instagram_share_type":"default","_medium_share_type":"default","_threads_share_type":"default","_google_business_share_type":"default","_selected_social_profile":[],"_wpsp_enable_custom_social_template":false,"_wpsp_social_scheduling":{"enabled":false,"datetime":null,"platforms":[],"status":"template_only","dateOption":"today","timeOption":"now","customDays":"","customHours":"","customDate":"","customTime":"","schedulingType":"absolute"},"_wpsp_active_default_template":true},"categories":[52,27],"tags":[],"class_list":["post-72607","post","type-post","status-publish","format-standard","has-post-thumbnail","hentry","category-a-la-une","category-actualite"],"aioseo_notices":[],"yoast_head":"<!-- This site is optimized with the Yoast SEO plugin v27.5 - https:\/\/yoast.com\/product\/yoast-seo-wordpress\/ -->\n<title>Paris ouvre lance une nouvelle phase du chantage aux visas\u00a0: Inacceptable\u00a0! - La Sentinelle<\/title>\n<meta name=\"robots\" content=\"index, follow, max-snippet:-1, max-image-preview:large, max-video-preview:-1\" \/>\n<link rel=\"canonical\" href=\"https:\/\/lasentinelle.dz\/index.php\/2025\/08\/27\/paris-ouvre-lance-une-nouvelle-phase-du-chantage-aux-visas-inacceptable\/\" \/>\n<meta property=\"og:locale\" content=\"fr_FR\" \/>\n<meta property=\"og:type\" content=\"article\" \/>\n<meta property=\"og:title\" content=\"Paris ouvre lance une nouvelle phase du chantage aux visas\u00a0: Inacceptable\u00a0! - La Sentinelle\" \/>\n<meta property=\"og:description\" content=\"L&rsquo;attitude de l&rsquo;Ambassade de France \u00e0 Alger atteint un niveau d&rsquo;insolence in\u00e9dit dans les relations diplomatiques. Le charg\u00e9 d&rsquo;affaires de\" \/>\n<meta property=\"og:url\" content=\"https:\/\/lasentinelle.dz\/index.php\/2025\/08\/27\/paris-ouvre-lance-une-nouvelle-phase-du-chantage-aux-visas-inacceptable\/\" \/>\n<meta property=\"og:site_name\" content=\"La Sentinelle\" \/>\n<meta property=\"article:publisher\" content=\"https:\/\/www.facebook.com\/La-Sentinelle-104059864394773\" \/>\n<meta property=\"article:published_time\" content=\"2025-08-27T18:34:17+00:00\" \/>\n<meta property=\"article:modified_time\" content=\"2025-08-29T18:35:02+00:00\" \/>\n<meta property=\"og:image\" content=\"https:\/\/lasentinelle.dz\/wp-content\/uploads\/2025\/07\/algerie-France-scaled.jpeg\" \/>\n\t<meta property=\"og:image:width\" content=\"2560\" \/>\n\t<meta property=\"og:image:height\" content=\"1600\" \/>\n\t<meta property=\"og:image:type\" content=\"image\/jpeg\" \/>\n<meta name=\"author\" content=\"admin\" \/>\n<meta name=\"twitter:card\" content=\"summary_large_image\" \/>\n<meta name=\"twitter:label1\" content=\"\u00c9crit par\" \/>\n\t<meta name=\"twitter:data1\" content=\"admin\" \/>\n\t<meta name=\"twitter:label2\" content=\"Dur\u00e9e de lecture estim\u00e9e\" \/>\n\t<meta name=\"twitter:data2\" content=\"5 minutes\" \/>\n<script type=\"application\/ld+json\" class=\"yoast-schema-graph\">{\"@context\":\"https:\\\/\\\/schema.org\",\"@graph\":[{\"@type\":\"Article\",\"@id\":\"https:\\\/\\\/lasentinelle.dz\\\/index.php\\\/2025\\\/08\\\/27\\\/paris-ouvre-lance-une-nouvelle-phase-du-chantage-aux-visas-inacceptable\\\/#article\",\"isPartOf\":{\"@id\":\"https:\\\/\\\/lasentinelle.dz\\\/index.php\\\/2025\\\/08\\\/27\\\/paris-ouvre-lance-une-nouvelle-phase-du-chantage-aux-visas-inacceptable\\\/\"},\"author\":{\"name\":\"admin\",\"@id\":\"https:\\\/\\\/lasentinelle.dz\\\/#\\\/schema\\\/person\\\/729ee0024f24e0b8c5ec17232f8e8b41\"},\"headline\":\"Paris ouvre lance une nouvelle phase du chantage aux visas\u00a0: Inacceptable\u00a0!\",\"datePublished\":\"2025-08-27T18:34:17+00:00\",\"dateModified\":\"2025-08-29T18:35:02+00:00\",\"mainEntityOfPage\":{\"@id\":\"https:\\\/\\\/lasentinelle.dz\\\/index.php\\\/2025\\\/08\\\/27\\\/paris-ouvre-lance-une-nouvelle-phase-du-chantage-aux-visas-inacceptable\\\/\"},\"wordCount\":1076,\"commentCount\":0,\"publisher\":{\"@id\":\"https:\\\/\\\/lasentinelle.dz\\\/#organization\"},\"image\":{\"@id\":\"https:\\\/\\\/lasentinelle.dz\\\/index.php\\\/2025\\\/08\\\/27\\\/paris-ouvre-lance-une-nouvelle-phase-du-chantage-aux-visas-inacceptable\\\/#primaryimage\"},\"thumbnailUrl\":\"https:\\\/\\\/lasentinelle.dz\\\/wp-content\\\/uploads\\\/2025\\\/07\\\/algerie-France-scaled.jpeg\",\"articleSection\":[\"\u00c0 la Une\",\"Actualit\u00e9\"],\"inLanguage\":\"fr-FR\",\"potentialAction\":[{\"@type\":\"CommentAction\",\"name\":\"Comment\",\"target\":[\"https:\\\/\\\/lasentinelle.dz\\\/index.php\\\/2025\\\/08\\\/27\\\/paris-ouvre-lance-une-nouvelle-phase-du-chantage-aux-visas-inacceptable\\\/#respond\"]}]},{\"@type\":\"WebPage\",\"@id\":\"https:\\\/\\\/lasentinelle.dz\\\/index.php\\\/2025\\\/08\\\/27\\\/paris-ouvre-lance-une-nouvelle-phase-du-chantage-aux-visas-inacceptable\\\/\",\"url\":\"https:\\\/\\\/lasentinelle.dz\\\/index.php\\\/2025\\\/08\\\/27\\\/paris-ouvre-lance-une-nouvelle-phase-du-chantage-aux-visas-inacceptable\\\/\",\"name\":\"Paris ouvre lance une nouvelle phase du chantage aux visas\u00a0: Inacceptable\u00a0! - La Sentinelle\",\"isPartOf\":{\"@id\":\"https:\\\/\\\/lasentinelle.dz\\\/#website\"},\"primaryImageOfPage\":{\"@id\":\"https:\\\/\\\/lasentinelle.dz\\\/index.php\\\/2025\\\/08\\\/27\\\/paris-ouvre-lance-une-nouvelle-phase-du-chantage-aux-visas-inacceptable\\\/#primaryimage\"},\"image\":{\"@id\":\"https:\\\/\\\/lasentinelle.dz\\\/index.php\\\/2025\\\/08\\\/27\\\/paris-ouvre-lance-une-nouvelle-phase-du-chantage-aux-visas-inacceptable\\\/#primaryimage\"},\"thumbnailUrl\":\"https:\\\/\\\/lasentinelle.dz\\\/wp-content\\\/uploads\\\/2025\\\/07\\\/algerie-France-scaled.jpeg\",\"datePublished\":\"2025-08-27T18:34:17+00:00\",\"dateModified\":\"2025-08-29T18:35:02+00:00\",\"breadcrumb\":{\"@id\":\"https:\\\/\\\/lasentinelle.dz\\\/index.php\\\/2025\\\/08\\\/27\\\/paris-ouvre-lance-une-nouvelle-phase-du-chantage-aux-visas-inacceptable\\\/#breadcrumb\"},\"inLanguage\":\"fr-FR\",\"potentialAction\":[{\"@type\":\"ReadAction\",\"target\":[\"https:\\\/\\\/lasentinelle.dz\\\/index.php\\\/2025\\\/08\\\/27\\\/paris-ouvre-lance-une-nouvelle-phase-du-chantage-aux-visas-inacceptable\\\/\"]}]},{\"@type\":\"ImageObject\",\"inLanguage\":\"fr-FR\",\"@id\":\"https:\\\/\\\/lasentinelle.dz\\\/index.php\\\/2025\\\/08\\\/27\\\/paris-ouvre-lance-une-nouvelle-phase-du-chantage-aux-visas-inacceptable\\\/#primaryimage\",\"url\":\"https:\\\/\\\/lasentinelle.dz\\\/wp-content\\\/uploads\\\/2025\\\/07\\\/algerie-France-scaled.jpeg\",\"contentUrl\":\"https:\\\/\\\/lasentinelle.dz\\\/wp-content\\\/uploads\\\/2025\\\/07\\\/algerie-France-scaled.jpeg\",\"width\":2560,\"height\":1600,\"caption\":\"Beautiful national state flags of France and Algeria together at the sky background. 3D artwork concept.; Shutterstock ID 1848066196; purchase_order: -; job: -; client: -; other: -\"},{\"@type\":\"BreadcrumbList\",\"@id\":\"https:\\\/\\\/lasentinelle.dz\\\/index.php\\\/2025\\\/08\\\/27\\\/paris-ouvre-lance-une-nouvelle-phase-du-chantage-aux-visas-inacceptable\\\/#breadcrumb\",\"itemListElement\":[{\"@type\":\"ListItem\",\"position\":1,\"name\":\"Accueil\",\"item\":\"https:\\\/\\\/lasentinelle.dz\\\/\"},{\"@type\":\"ListItem\",\"position\":2,\"name\":\"Paris ouvre lance une nouvelle phase du chantage aux visas\u00a0: Inacceptable\u00a0!\"}]},{\"@type\":\"WebSite\",\"@id\":\"https:\\\/\\\/lasentinelle.dz\\\/#website\",\"url\":\"https:\\\/\\\/lasentinelle.dz\\\/\",\"name\":\"La Sentinelle\",\"description\":\"Quotidien national d&#039;information\",\"publisher\":{\"@id\":\"https:\\\/\\\/lasentinelle.dz\\\/#organization\"},\"potentialAction\":[{\"@type\":\"SearchAction\",\"target\":{\"@type\":\"EntryPoint\",\"urlTemplate\":\"https:\\\/\\\/lasentinelle.dz\\\/?s={search_term_string}\"},\"query-input\":{\"@type\":\"PropertyValueSpecification\",\"valueRequired\":true,\"valueName\":\"search_term_string\"}}],\"inLanguage\":\"fr-FR\"},{\"@type\":\"Organization\",\"@id\":\"https:\\\/\\\/lasentinelle.dz\\\/#organization\",\"name\":\"Quotidien La Sentinelle\",\"url\":\"https:\\\/\\\/lasentinelle.dz\\\/\",\"logo\":{\"@type\":\"ImageObject\",\"inLanguage\":\"fr-FR\",\"@id\":\"https:\\\/\\\/lasentinelle.dz\\\/#\\\/schema\\\/logo\\\/image\\\/\",\"url\":\"https:\\\/\\\/lasentinelle.dz\\\/wp-content\\\/uploads\\\/2021\\\/09\\\/logo-sentinelleSLOGAN-1.png\",\"contentUrl\":\"https:\\\/\\\/lasentinelle.dz\\\/wp-content\\\/uploads\\\/2021\\\/09\\\/logo-sentinelleSLOGAN-1.png\",\"width\":615,\"height\":142,\"caption\":\"Quotidien La Sentinelle\"},\"image\":{\"@id\":\"https:\\\/\\\/lasentinelle.dz\\\/#\\\/schema\\\/logo\\\/image\\\/\"},\"sameAs\":[\"https:\\\/\\\/www.facebook.com\\\/La-Sentinelle-104059864394773\"]},{\"@type\":\"Person\",\"@id\":\"https:\\\/\\\/lasentinelle.dz\\\/#\\\/schema\\\/person\\\/729ee0024f24e0b8c5ec17232f8e8b41\",\"name\":\"admin\",\"image\":{\"@type\":\"ImageObject\",\"inLanguage\":\"fr-FR\",\"@id\":\"https:\\\/\\\/secure.gravatar.com\\\/avatar\\\/4c81fed838786e9b53f540bf46533e750f5d292099ae3b66cfc6fb1982e29df7?s=96&d=mm&r=g\",\"url\":\"https:\\\/\\\/secure.gravatar.com\\\/avatar\\\/4c81fed838786e9b53f540bf46533e750f5d292099ae3b66cfc6fb1982e29df7?s=96&d=mm&r=g\",\"contentUrl\":\"https:\\\/\\\/secure.gravatar.com\\\/avatar\\\/4c81fed838786e9b53f540bf46533e750f5d292099ae3b66cfc6fb1982e29df7?s=96&d=mm&r=g\",\"caption\":\"admin\"},\"description\":\"admin\",\"url\":\"https:\\\/\\\/lasentinelle.dz\\\/author\\\/admin\\\/\"}]}<\/script>\n<!-- \/ Yoast SEO plugin. -->","yoast_head_json":{"title":"Paris ouvre lance une nouvelle phase du chantage aux visas\u00a0: Inacceptable\u00a0! - La Sentinelle","robots":{"index":"index","follow":"follow","max-snippet":"max-snippet:-1","max-image-preview":"max-image-preview:large","max-video-preview":"max-video-preview:-1"},"canonical":"https:\/\/lasentinelle.dz\/index.php\/2025\/08\/27\/paris-ouvre-lance-une-nouvelle-phase-du-chantage-aux-visas-inacceptable\/","og_locale":"fr_FR","og_type":"article","og_title":"Paris ouvre lance une nouvelle phase du chantage aux visas\u00a0: Inacceptable\u00a0! - La Sentinelle","og_description":"L&rsquo;attitude de l&rsquo;Ambassade de France \u00e0 Alger atteint un niveau d&rsquo;insolence in\u00e9dit dans les relations diplomatiques. Le charg\u00e9 d&rsquo;affaires de","og_url":"https:\/\/lasentinelle.dz\/index.php\/2025\/08\/27\/paris-ouvre-lance-une-nouvelle-phase-du-chantage-aux-visas-inacceptable\/","og_site_name":"La Sentinelle","article_publisher":"https:\/\/www.facebook.com\/La-Sentinelle-104059864394773","article_published_time":"2025-08-27T18:34:17+00:00","article_modified_time":"2025-08-29T18:35:02+00:00","og_image":[{"width":2560,"height":1600,"url":"https:\/\/lasentinelle.dz\/wp-content\/uploads\/2025\/07\/algerie-France-scaled.jpeg","type":"image\/jpeg"}],"author":"admin","twitter_card":"summary_large_image","twitter_misc":{"\u00c9crit par":"admin","Dur\u00e9e de lecture estim\u00e9e":"5 minutes"},"schema":{"@context":"https:\/\/schema.org","@graph":[{"@type":"Article","@id":"https:\/\/lasentinelle.dz\/index.php\/2025\/08\/27\/paris-ouvre-lance-une-nouvelle-phase-du-chantage-aux-visas-inacceptable\/#article","isPartOf":{"@id":"https:\/\/lasentinelle.dz\/index.php\/2025\/08\/27\/paris-ouvre-lance-une-nouvelle-phase-du-chantage-aux-visas-inacceptable\/"},"author":{"name":"admin","@id":"https:\/\/lasentinelle.dz\/#\/schema\/person\/729ee0024f24e0b8c5ec17232f8e8b41"},"headline":"Paris ouvre lance une nouvelle phase du chantage aux visas\u00a0: Inacceptable\u00a0!","datePublished":"2025-08-27T18:34:17+00:00","dateModified":"2025-08-29T18:35:02+00:00","mainEntityOfPage":{"@id":"https:\/\/lasentinelle.dz\/index.php\/2025\/08\/27\/paris-ouvre-lance-une-nouvelle-phase-du-chantage-aux-visas-inacceptable\/"},"wordCount":1076,"commentCount":0,"publisher":{"@id":"https:\/\/lasentinelle.dz\/#organization"},"image":{"@id":"https:\/\/lasentinelle.dz\/index.php\/2025\/08\/27\/paris-ouvre-lance-une-nouvelle-phase-du-chantage-aux-visas-inacceptable\/#primaryimage"},"thumbnailUrl":"https:\/\/lasentinelle.dz\/wp-content\/uploads\/2025\/07\/algerie-France-scaled.jpeg","articleSection":["\u00c0 la Une","Actualit\u00e9"],"inLanguage":"fr-FR","potentialAction":[{"@type":"CommentAction","name":"Comment","target":["https:\/\/lasentinelle.dz\/index.php\/2025\/08\/27\/paris-ouvre-lance-une-nouvelle-phase-du-chantage-aux-visas-inacceptable\/#respond"]}]},{"@type":"WebPage","@id":"https:\/\/lasentinelle.dz\/index.php\/2025\/08\/27\/paris-ouvre-lance-une-nouvelle-phase-du-chantage-aux-visas-inacceptable\/","url":"https:\/\/lasentinelle.dz\/index.php\/2025\/08\/27\/paris-ouvre-lance-une-nouvelle-phase-du-chantage-aux-visas-inacceptable\/","name":"Paris ouvre lance une nouvelle phase du chantage aux visas\u00a0: Inacceptable\u00a0! - La Sentinelle","isPartOf":{"@id":"https:\/\/lasentinelle.dz\/#website"},"primaryImageOfPage":{"@id":"https:\/\/lasentinelle.dz\/index.php\/2025\/08\/27\/paris-ouvre-lance-une-nouvelle-phase-du-chantage-aux-visas-inacceptable\/#primaryimage"},"image":{"@id":"https:\/\/lasentinelle.dz\/index.php\/2025\/08\/27\/paris-ouvre-lance-une-nouvelle-phase-du-chantage-aux-visas-inacceptable\/#primaryimage"},"thumbnailUrl":"https:\/\/lasentinelle.dz\/wp-content\/uploads\/2025\/07\/algerie-France-scaled.jpeg","datePublished":"2025-08-27T18:34:17+00:00","dateModified":"2025-08-29T18:35:02+00:00","breadcrumb":{"@id":"https:\/\/lasentinelle.dz\/index.php\/2025\/08\/27\/paris-ouvre-lance-une-nouvelle-phase-du-chantage-aux-visas-inacceptable\/#breadcrumb"},"inLanguage":"fr-FR","potentialAction":[{"@type":"ReadAction","target":["https:\/\/lasentinelle.dz\/index.php\/2025\/08\/27\/paris-ouvre-lance-une-nouvelle-phase-du-chantage-aux-visas-inacceptable\/"]}]},{"@type":"ImageObject","inLanguage":"fr-FR","@id":"https:\/\/lasentinelle.dz\/index.php\/2025\/08\/27\/paris-ouvre-lance-une-nouvelle-phase-du-chantage-aux-visas-inacceptable\/#primaryimage","url":"https:\/\/lasentinelle.dz\/wp-content\/uploads\/2025\/07\/algerie-France-scaled.jpeg","contentUrl":"https:\/\/lasentinelle.dz\/wp-content\/uploads\/2025\/07\/algerie-France-scaled.jpeg","width":2560,"height":1600,"caption":"Beautiful national state flags of France and Algeria together at the sky background. 3D artwork concept.; Shutterstock ID 1848066196; purchase_order: -; job: -; client: -; other: -"},{"@type":"BreadcrumbList","@id":"https:\/\/lasentinelle.dz\/index.php\/2025\/08\/27\/paris-ouvre-lance-une-nouvelle-phase-du-chantage-aux-visas-inacceptable\/#breadcrumb","itemListElement":[{"@type":"ListItem","position":1,"name":"Accueil","item":"https:\/\/lasentinelle.dz\/"},{"@type":"ListItem","position":2,"name":"Paris ouvre lance une nouvelle phase du chantage aux visas\u00a0: Inacceptable\u00a0!"}]},{"@type":"WebSite","@id":"https:\/\/lasentinelle.dz\/#website","url":"https:\/\/lasentinelle.dz\/","name":"La Sentinelle","description":"Quotidien national d&#039;information","publisher":{"@id":"https:\/\/lasentinelle.dz\/#organization"},"potentialAction":[{"@type":"SearchAction","target":{"@type":"EntryPoint","urlTemplate":"https:\/\/lasentinelle.dz\/?s={search_term_string}"},"query-input":{"@type":"PropertyValueSpecification","valueRequired":true,"valueName":"search_term_string"}}],"inLanguage":"fr-FR"},{"@type":"Organization","@id":"https:\/\/lasentinelle.dz\/#organization","name":"Quotidien La Sentinelle","url":"https:\/\/lasentinelle.dz\/","logo":{"@type":"ImageObject","inLanguage":"fr-FR","@id":"https:\/\/lasentinelle.dz\/#\/schema\/logo\/image\/","url":"https:\/\/lasentinelle.dz\/wp-content\/uploads\/2021\/09\/logo-sentinelleSLOGAN-1.png","contentUrl":"https:\/\/lasentinelle.dz\/wp-content\/uploads\/2021\/09\/logo-sentinelleSLOGAN-1.png","width":615,"height":142,"caption":"Quotidien La Sentinelle"},"image":{"@id":"https:\/\/lasentinelle.dz\/#\/schema\/logo\/image\/"},"sameAs":["https:\/\/www.facebook.com\/La-Sentinelle-104059864394773"]},{"@type":"Person","@id":"https:\/\/lasentinelle.dz\/#\/schema\/person\/729ee0024f24e0b8c5ec17232f8e8b41","name":"admin","image":{"@type":"ImageObject","inLanguage":"fr-FR","@id":"https:\/\/secure.gravatar.com\/avatar\/4c81fed838786e9b53f540bf46533e750f5d292099ae3b66cfc6fb1982e29df7?s=96&d=mm&r=g","url":"https:\/\/secure.gravatar.com\/avatar\/4c81fed838786e9b53f540bf46533e750f5d292099ae3b66cfc6fb1982e29df7?s=96&d=mm&r=g","contentUrl":"https:\/\/secure.gravatar.com\/avatar\/4c81fed838786e9b53f540bf46533e750f5d292099ae3b66cfc6fb1982e29df7?s=96&d=mm&r=g","caption":"admin"},"description":"admin","url":"https:\/\/lasentinelle.dz\/author\/admin\/"}]}},"_links":{"self":[{"href":"https:\/\/lasentinelle.dz\/index.php\/wp-json\/wp\/v2\/posts\/72607","targetHints":{"allow":["GET"]}}],"collection":[{"href":"https:\/\/lasentinelle.dz\/index.php\/wp-json\/wp\/v2\/posts"}],"about":[{"href":"https:\/\/lasentinelle.dz\/index.php\/wp-json\/wp\/v2\/types\/post"}],"author":[{"embeddable":true,"href":"https:\/\/lasentinelle.dz\/index.php\/wp-json\/wp\/v2\/users\/6"}],"replies":[{"embeddable":true,"href":"https:\/\/lasentinelle.dz\/index.php\/wp-json\/wp\/v2\/comments?post=72607"}],"version-history":[{"count":1,"href":"https:\/\/lasentinelle.dz\/index.php\/wp-json\/wp\/v2\/posts\/72607\/revisions"}],"predecessor-version":[{"id":72608,"href":"https:\/\/lasentinelle.dz\/index.php\/wp-json\/wp\/v2\/posts\/72607\/revisions\/72608"}],"wp:featuredmedia":[{"embeddable":true,"href":"https:\/\/lasentinelle.dz\/index.php\/wp-json\/wp\/v2\/media\/70989"}],"wp:attachment":[{"href":"https:\/\/lasentinelle.dz\/index.php\/wp-json\/wp\/v2\/media?parent=72607"}],"wp:term":[{"taxonomy":"category","embeddable":true,"href":"https:\/\/lasentinelle.dz\/index.php\/wp-json\/wp\/v2\/categories?post=72607"},{"taxonomy":"post_tag","embeddable":true,"href":"https:\/\/lasentinelle.dz\/index.php\/wp-json\/wp\/v2\/tags?post=72607"}],"curies":[{"name":"wp","href":"https:\/\/api.w.org\/{rel}","templated":true}]}}