{"id":72610,"date":"2025-08-31T12:08:35","date_gmt":"2025-08-31T11:08:35","guid":{"rendered":"https:\/\/lasentinelle.dz\/?p=72610"},"modified":"2025-08-31T12:08:36","modified_gmt":"2025-08-31T11:08:36","slug":"18-interventions-enregistrees-en-24-heures-la-plupart-des-incendies-maitrises","status":"publish","type":"post","link":"https:\/\/lasentinelle.dz\/index.php\/2025\/08\/31\/18-interventions-enregistrees-en-24-heures-la-plupart-des-incendies-maitrises\/","title":{"rendered":"18 interventions enregistr\u00e9es en 24 heures\u00a0: La plupart des incendies ma\u00eetris\u00e9s"},"content":{"rendered":"\n<p>L&rsquo;Alg\u00e9rie vient de traverser une nouvelle vague d&rsquo;incendies de for\u00eats qui a touch\u00e9 plusieurs wilayas du pays, notamment B\u00e9ja\u00efa, El Meghaier, Khenchela et Blida. Gr\u00e2ce \u00e0 la mobilisation intensive du dispositif de lutte contre les incendies, la situation est d\u00e9sormais largement sous contr\u00f4le, m\u00eame si quelques foyers n\u00e9cessitent encore une surveillance rapproch\u00e9e.<\/p>\n\n\n\n<p>Le lieutenant-colonel Abdat Youcef, charg\u00e9 de l&rsquo;information \u00e0 la Direction g\u00e9n\u00e9rale de la protection civile, a d\u00e9clar\u00e9 \u00e0 l&rsquo;APS que \u00ab la plupart des incendies ont \u00e9t\u00e9 \u00e9teints, tandis que les efforts se poursuivent pour \u00e9teindre deux incendies au niveau des wilayas de Blida et Tipaza \u00bb. Concernant sp\u00e9cifiquement l&rsquo;incendie de la for\u00eat de Chr\u00e9a dans la wilaya de Blida, il a pr\u00e9cis\u00e9 que \u00ab la situation est sous contr\u00f4le, mais le traitement de certains points avec le retournement et le refroidissement se poursuit \u00bb.<\/p>\n\n\n\n<p>Le bilan \u00e9tabli par la Direction g\u00e9n\u00e9rale de la protection civile, publi\u00e9 samedi, r\u00e9v\u00e8le l&rsquo;ampleur de la mobilisation d\u00e9ploy\u00e9e. Durant la p\u00e9riode du 28 au 30 ao\u00fbt 2025, \u00ab les unit\u00e9s de la protection civile ont proc\u00e9d\u00e9 \u00e0 l&rsquo;extinction de 57 incendies, dont 20 incendies de for\u00eat, 7 incendies de maquis, 23 incendies de broussailles, 2 incendies d&rsquo;arbres fruitiers et 5 incendies de palmerais \u00bb. Le communiqu\u00e9 souligne que \u00ab l&rsquo;intervention rapide des moyens engag\u00e9s a permis l&rsquo;extinction de ces incendies et d&rsquo;\u00e9viter leur propagation vers d&rsquo;autres esp\u00e8ces v\u00e9g\u00e9tales \u00bb. Au cours des derni\u00e8res 24 heures pr\u00e9c\u00e9dant cette annonce, les unit\u00e9s de protection civile ont enregistr\u00e9 18 interventions li\u00e9es aux incendies de for\u00eats, maquis, broussailles, herbes s\u00e8ches et arbres fruitiers. Cette intensification des interventions t\u00e9moigne de la vuln\u00e9rabilit\u00e9 du patrimoine forestier alg\u00e9rien durant cette p\u00e9riode estivale particuli\u00e8rement critique.<\/p>\n\n\n\n<p>Pour ma\u00eetriser ces sinistres et emp\u00eacher leur propagation, les services de protection civile ont d\u00e9ploy\u00e9 \u00ab tous les moyens humains et mat\u00e9riels n\u00e9cessaires, notamment les engins terrestres des unit\u00e9s d&rsquo;intervention, les convois mobiles et les d\u00e9tachements r\u00e9gionaux, en plus du soutien a\u00e9rien des avions de la protection civile et de l&rsquo;Arm\u00e9e nationale populaire \u00bb. Les moyens a\u00e9riens ont jou\u00e9 un r\u00f4le d\u00e9cisif avec succ\u00e8s pour stopper l&rsquo;avanc\u00e9e des flammes gr\u00e2ce \u00e0 \u00ab 30 op\u00e9rations de largage sur d&rsquo;importants foyers durant la m\u00eame p\u00e9riode \u00bb.<\/p>\n\n\n\n<p>Les op\u00e9rations se concentrent d\u00e9sormais sur les zones les plus sensibles, particuli\u00e8rement dans la commune de Chr\u00e9a o\u00f9 \u00ab les \u00e9quipes intervenantes p\u00e9destres de la protection civile continuent les op\u00e9rations de refroidissement des fum\u00e9es dans les zones br\u00fbl\u00e9es pour \u00e9viter des d\u00e9parts de nouveaux foyers \u00bb. La coordination entre les diff\u00e9rents corps d&rsquo;intervention et l&rsquo;efficacit\u00e9 des moyens d\u00e9ploy\u00e9s ont permis de limiter consid\u00e9rablement les d\u00e9g\u00e2ts potentiels sur le patrimoine forestier national.<\/p>\n\n\n\n<p>Chokri Hafed<\/p>\n","protected":false},"excerpt":{"rendered":"<p>L&rsquo;Alg\u00e9rie vient de traverser une nouvelle vague d&rsquo;incendies de for\u00eats qui a touch\u00e9 plusieurs wilayas du pays, notamment B\u00e9ja\u00efa, El<\/p>\n","protected":false},"author":6,"featured_media":72387,"comment_status":"open","ping_status":"closed","sticky":false,"template":"","format":"standard","meta":{"colormag_page_container_layout":"default_layout","colormag_page_sidebar_layout":"default_layout","om_disable_all_campaigns":false,"_monsterinsights_skip_tracking":false,"_monsterinsights_sitenote_active":false,"_monsterinsights_sitenote_note":"","_monsterinsights_sitenote_category":0,"footnotes":"","_wpscppro_dont_share_socialmedia":false,"_wpscppro_custom_social_share_image":0,"_facebook_share_type":"default","_twitter_share_type":"default","_linkedin_share_type":"default","_pinterest_share_type":"default","_linkedin_share_type_page":"","_instagram_share_type":"default","_medium_share_type":"default","_threads_share_type":"default","_google_business_share_type":"default","_selected_social_profile":[],"_wpsp_enable_custom_social_template":false,"_wpsp_social_scheduling":{"enabled":false,"datetime":null,"platforms":[],"status":"template_only","dateOption":"today","timeOption":"now","customDays":"","customHours":"","customDate":"","customTime":"","schedulingType":"absolute"},"_wpsp_active_default_template":true},"categories":[52,27],"tags":[],"class_list":["post-72610","post","type-post","status-publish","format-standard","has-post-thumbnail","hentry","category-a-la-une","category-actualite"],"aioseo_notices":[],"yoast_head":"<!-- This site is optimized with the Yoast SEO plugin v27.5 - https:\/\/yoast.com\/product\/yoast-seo-wordpress\/ -->\n<title>18 interventions enregistr\u00e9es en 24 heures\u00a0: La plupart des incendies ma\u00eetris\u00e9s - La Sentinelle<\/title>\n<meta name=\"robots\" content=\"index, follow, max-snippet:-1, max-image-preview:large, max-video-preview:-1\" \/>\n<link rel=\"canonical\" href=\"https:\/\/lasentinelle.dz\/index.php\/2025\/08\/31\/18-interventions-enregistrees-en-24-heures-la-plupart-des-incendies-maitrises\/\" \/>\n<meta property=\"og:locale\" content=\"fr_FR\" \/>\n<meta property=\"og:type\" content=\"article\" \/>\n<meta property=\"og:title\" content=\"18 interventions enregistr\u00e9es en 24 heures\u00a0: La plupart des incendies ma\u00eetris\u00e9s - La Sentinelle\" \/>\n<meta property=\"og:description\" content=\"L&rsquo;Alg\u00e9rie vient de traverser une nouvelle vague d&rsquo;incendies de for\u00eats qui a touch\u00e9 plusieurs wilayas du pays, notamment B\u00e9ja\u00efa, El\" \/>\n<meta property=\"og:url\" content=\"https:\/\/lasentinelle.dz\/index.php\/2025\/08\/31\/18-interventions-enregistrees-en-24-heures-la-plupart-des-incendies-maitrises\/\" \/>\n<meta property=\"og:site_name\" content=\"La Sentinelle\" \/>\n<meta property=\"article:publisher\" content=\"https:\/\/www.facebook.com\/La-Sentinelle-104059864394773\" \/>\n<meta property=\"article:published_time\" content=\"2025-08-31T11:08:35+00:00\" \/>\n<meta property=\"article:modified_time\" content=\"2025-08-31T11:08:36+00:00\" \/>\n<meta property=\"og:image\" content=\"https:\/\/lasentinelle.dz\/wp-content\/uploads\/2025\/08\/incendie.jpg\" \/>\n\t<meta property=\"og:image:width\" content=\"2048\" \/>\n\t<meta property=\"og:image:height\" content=\"1365\" \/>\n\t<meta property=\"og:image:type\" content=\"image\/jpeg\" \/>\n<meta name=\"author\" content=\"admin\" \/>\n<meta name=\"twitter:card\" content=\"summary_large_image\" \/>\n<meta name=\"twitter:label1\" content=\"\u00c9crit par\" \/>\n\t<meta name=\"twitter:data1\" content=\"admin\" \/>\n\t<meta name=\"twitter:label2\" content=\"Dur\u00e9e de lecture estim\u00e9e\" \/>\n\t<meta name=\"twitter:data2\" content=\"3 minutes\" \/>\n<script type=\"application\/ld+json\" class=\"yoast-schema-graph\">{\"@context\":\"https:\\\/\\\/schema.org\",\"@graph\":[{\"@type\":\"Article\",\"@id\":\"https:\\\/\\\/lasentinelle.dz\\\/index.php\\\/2025\\\/08\\\/31\\\/18-interventions-enregistrees-en-24-heures-la-plupart-des-incendies-maitrises\\\/#article\",\"isPartOf\":{\"@id\":\"https:\\\/\\\/lasentinelle.dz\\\/index.php\\\/2025\\\/08\\\/31\\\/18-interventions-enregistrees-en-24-heures-la-plupart-des-incendies-maitrises\\\/\"},\"author\":{\"name\":\"admin\",\"@id\":\"https:\\\/\\\/lasentinelle.dz\\\/#\\\/schema\\\/person\\\/729ee0024f24e0b8c5ec17232f8e8b41\"},\"headline\":\"18 interventions enregistr\u00e9es en 24 heures\u00a0: La plupart des incendies ma\u00eetris\u00e9s\",\"datePublished\":\"2025-08-31T11:08:35+00:00\",\"dateModified\":\"2025-08-31T11:08:36+00:00\",\"mainEntityOfPage\":{\"@id\":\"https:\\\/\\\/lasentinelle.dz\\\/index.php\\\/2025\\\/08\\\/31\\\/18-interventions-enregistrees-en-24-heures-la-plupart-des-incendies-maitrises\\\/\"},\"wordCount\":511,\"commentCount\":0,\"publisher\":{\"@id\":\"https:\\\/\\\/lasentinelle.dz\\\/#organization\"},\"image\":{\"@id\":\"https:\\\/\\\/lasentinelle.dz\\\/index.php\\\/2025\\\/08\\\/31\\\/18-interventions-enregistrees-en-24-heures-la-plupart-des-incendies-maitrises\\\/#primaryimage\"},\"thumbnailUrl\":\"https:\\\/\\\/lasentinelle.dz\\\/wp-content\\\/uploads\\\/2025\\\/08\\\/incendie.jpg\",\"articleSection\":[\"\u00c0 la Une\",\"Actualit\u00e9\"],\"inLanguage\":\"fr-FR\",\"potentialAction\":[{\"@type\":\"CommentAction\",\"name\":\"Comment\",\"target\":[\"https:\\\/\\\/lasentinelle.dz\\\/index.php\\\/2025\\\/08\\\/31\\\/18-interventions-enregistrees-en-24-heures-la-plupart-des-incendies-maitrises\\\/#respond\"]}]},{\"@type\":\"WebPage\",\"@id\":\"https:\\\/\\\/lasentinelle.dz\\\/index.php\\\/2025\\\/08\\\/31\\\/18-interventions-enregistrees-en-24-heures-la-plupart-des-incendies-maitrises\\\/\",\"url\":\"https:\\\/\\\/lasentinelle.dz\\\/index.php\\\/2025\\\/08\\\/31\\\/18-interventions-enregistrees-en-24-heures-la-plupart-des-incendies-maitrises\\\/\",\"name\":\"18 interventions enregistr\u00e9es en 24 heures\u00a0: La plupart des incendies ma\u00eetris\u00e9s - La Sentinelle\",\"isPartOf\":{\"@id\":\"https:\\\/\\\/lasentinelle.dz\\\/#website\"},\"primaryImageOfPage\":{\"@id\":\"https:\\\/\\\/lasentinelle.dz\\\/index.php\\\/2025\\\/08\\\/31\\\/18-interventions-enregistrees-en-24-heures-la-plupart-des-incendies-maitrises\\\/#primaryimage\"},\"image\":{\"@id\":\"https:\\\/\\\/lasentinelle.dz\\\/index.php\\\/2025\\\/08\\\/31\\\/18-interventions-enregistrees-en-24-heures-la-plupart-des-incendies-maitrises\\\/#primaryimage\"},\"thumbnailUrl\":\"https:\\\/\\\/lasentinelle.dz\\\/wp-content\\\/uploads\\\/2025\\\/08\\\/incendie.jpg\",\"datePublished\":\"2025-08-31T11:08:35+00:00\",\"dateModified\":\"2025-08-31T11:08:36+00:00\",\"breadcrumb\":{\"@id\":\"https:\\\/\\\/lasentinelle.dz\\\/index.php\\\/2025\\\/08\\\/31\\\/18-interventions-enregistrees-en-24-heures-la-plupart-des-incendies-maitrises\\\/#breadcrumb\"},\"inLanguage\":\"fr-FR\",\"potentialAction\":[{\"@type\":\"ReadAction\",\"target\":[\"https:\\\/\\\/lasentinelle.dz\\\/index.php\\\/2025\\\/08\\\/31\\\/18-interventions-enregistrees-en-24-heures-la-plupart-des-incendies-maitrises\\\/\"]}]},{\"@type\":\"ImageObject\",\"inLanguage\":\"fr-FR\",\"@id\":\"https:\\\/\\\/lasentinelle.dz\\\/index.php\\\/2025\\\/08\\\/31\\\/18-interventions-enregistrees-en-24-heures-la-plupart-des-incendies-maitrises\\\/#primaryimage\",\"url\":\"https:\\\/\\\/lasentinelle.dz\\\/wp-content\\\/uploads\\\/2025\\\/08\\\/incendie.jpg\",\"contentUrl\":\"https:\\\/\\\/lasentinelle.dz\\\/wp-content\\\/uploads\\\/2025\\\/08\\\/incendie.jpg\",\"width\":2048,\"height\":1365},{\"@type\":\"BreadcrumbList\",\"@id\":\"https:\\\/\\\/lasentinelle.dz\\\/index.php\\\/2025\\\/08\\\/31\\\/18-interventions-enregistrees-en-24-heures-la-plupart-des-incendies-maitrises\\\/#breadcrumb\",\"itemListElement\":[{\"@type\":\"ListItem\",\"position\":1,\"name\":\"Accueil\",\"item\":\"https:\\\/\\\/lasentinelle.dz\\\/\"},{\"@type\":\"ListItem\",\"position\":2,\"name\":\"18 interventions enregistr\u00e9es en 24 heures\u00a0: La plupart des incendies ma\u00eetris\u00e9s\"}]},{\"@type\":\"WebSite\",\"@id\":\"https:\\\/\\\/lasentinelle.dz\\\/#website\",\"url\":\"https:\\\/\\\/lasentinelle.dz\\\/\",\"name\":\"La Sentinelle\",\"description\":\"Quotidien national d&#039;information\",\"publisher\":{\"@id\":\"https:\\\/\\\/lasentinelle.dz\\\/#organization\"},\"potentialAction\":[{\"@type\":\"SearchAction\",\"target\":{\"@type\":\"EntryPoint\",\"urlTemplate\":\"https:\\\/\\\/lasentinelle.dz\\\/?s={search_term_string}\"},\"query-input\":{\"@type\":\"PropertyValueSpecification\",\"valueRequired\":true,\"valueName\":\"search_term_string\"}}],\"inLanguage\":\"fr-FR\"},{\"@type\":\"Organization\",\"@id\":\"https:\\\/\\\/lasentinelle.dz\\\/#organization\",\"name\":\"Quotidien La Sentinelle\",\"url\":\"https:\\\/\\\/lasentinelle.dz\\\/\",\"logo\":{\"@type\":\"ImageObject\",\"inLanguage\":\"fr-FR\",\"@id\":\"https:\\\/\\\/lasentinelle.dz\\\/#\\\/schema\\\/logo\\\/image\\\/\",\"url\":\"https:\\\/\\\/lasentinelle.dz\\\/wp-content\\\/uploads\\\/2021\\\/09\\\/logo-sentinelleSLOGAN-1.png\",\"contentUrl\":\"https:\\\/\\\/lasentinelle.dz\\\/wp-content\\\/uploads\\\/2021\\\/09\\\/logo-sentinelleSLOGAN-1.png\",\"width\":615,\"height\":142,\"caption\":\"Quotidien La Sentinelle\"},\"image\":{\"@id\":\"https:\\\/\\\/lasentinelle.dz\\\/#\\\/schema\\\/logo\\\/image\\\/\"},\"sameAs\":[\"https:\\\/\\\/www.facebook.com\\\/La-Sentinelle-104059864394773\"]},{\"@type\":\"Person\",\"@id\":\"https:\\\/\\\/lasentinelle.dz\\\/#\\\/schema\\\/person\\\/729ee0024f24e0b8c5ec17232f8e8b41\",\"name\":\"admin\",\"image\":{\"@type\":\"ImageObject\",\"inLanguage\":\"fr-FR\",\"@id\":\"https:\\\/\\\/secure.gravatar.com\\\/avatar\\\/4c81fed838786e9b53f540bf46533e750f5d292099ae3b66cfc6fb1982e29df7?s=96&d=mm&r=g\",\"url\":\"https:\\\/\\\/secure.gravatar.com\\\/avatar\\\/4c81fed838786e9b53f540bf46533e750f5d292099ae3b66cfc6fb1982e29df7?s=96&d=mm&r=g\",\"contentUrl\":\"https:\\\/\\\/secure.gravatar.com\\\/avatar\\\/4c81fed838786e9b53f540bf46533e750f5d292099ae3b66cfc6fb1982e29df7?s=96&d=mm&r=g\",\"caption\":\"admin\"},\"description\":\"admin\",\"url\":\"https:\\\/\\\/lasentinelle.dz\\\/author\\\/admin\\\/\"}]}<\/script>\n<!-- \/ Yoast SEO plugin. -->","yoast_head_json":{"title":"18 interventions enregistr\u00e9es en 24 heures\u00a0: La plupart des incendies ma\u00eetris\u00e9s - La Sentinelle","robots":{"index":"index","follow":"follow","max-snippet":"max-snippet:-1","max-image-preview":"max-image-preview:large","max-video-preview":"max-video-preview:-1"},"canonical":"https:\/\/lasentinelle.dz\/index.php\/2025\/08\/31\/18-interventions-enregistrees-en-24-heures-la-plupart-des-incendies-maitrises\/","og_locale":"fr_FR","og_type":"article","og_title":"18 interventions enregistr\u00e9es en 24 heures\u00a0: La plupart des incendies ma\u00eetris\u00e9s - La Sentinelle","og_description":"L&rsquo;Alg\u00e9rie vient de traverser une nouvelle vague d&rsquo;incendies de for\u00eats qui a touch\u00e9 plusieurs wilayas du pays, notamment B\u00e9ja\u00efa, El","og_url":"https:\/\/lasentinelle.dz\/index.php\/2025\/08\/31\/18-interventions-enregistrees-en-24-heures-la-plupart-des-incendies-maitrises\/","og_site_name":"La Sentinelle","article_publisher":"https:\/\/www.facebook.com\/La-Sentinelle-104059864394773","article_published_time":"2025-08-31T11:08:35+00:00","article_modified_time":"2025-08-31T11:08:36+00:00","og_image":[{"width":2048,"height":1365,"url":"https:\/\/lasentinelle.dz\/wp-content\/uploads\/2025\/08\/incendie.jpg","type":"image\/jpeg"}],"author":"admin","twitter_card":"summary_large_image","twitter_misc":{"\u00c9crit par":"admin","Dur\u00e9e de lecture estim\u00e9e":"3 minutes"},"schema":{"@context":"https:\/\/schema.org","@graph":[{"@type":"Article","@id":"https:\/\/lasentinelle.dz\/index.php\/2025\/08\/31\/18-interventions-enregistrees-en-24-heures-la-plupart-des-incendies-maitrises\/#article","isPartOf":{"@id":"https:\/\/lasentinelle.dz\/index.php\/2025\/08\/31\/18-interventions-enregistrees-en-24-heures-la-plupart-des-incendies-maitrises\/"},"author":{"name":"admin","@id":"https:\/\/lasentinelle.dz\/#\/schema\/person\/729ee0024f24e0b8c5ec17232f8e8b41"},"headline":"18 interventions enregistr\u00e9es en 24 heures\u00a0: La plupart des incendies ma\u00eetris\u00e9s","datePublished":"2025-08-31T11:08:35+00:00","dateModified":"2025-08-31T11:08:36+00:00","mainEntityOfPage":{"@id":"https:\/\/lasentinelle.dz\/index.php\/2025\/08\/31\/18-interventions-enregistrees-en-24-heures-la-plupart-des-incendies-maitrises\/"},"wordCount":511,"commentCount":0,"publisher":{"@id":"https:\/\/lasentinelle.dz\/#organization"},"image":{"@id":"https:\/\/lasentinelle.dz\/index.php\/2025\/08\/31\/18-interventions-enregistrees-en-24-heures-la-plupart-des-incendies-maitrises\/#primaryimage"},"thumbnailUrl":"https:\/\/lasentinelle.dz\/wp-content\/uploads\/2025\/08\/incendie.jpg","articleSection":["\u00c0 la Une","Actualit\u00e9"],"inLanguage":"fr-FR","potentialAction":[{"@type":"CommentAction","name":"Comment","target":["https:\/\/lasentinelle.dz\/index.php\/2025\/08\/31\/18-interventions-enregistrees-en-24-heures-la-plupart-des-incendies-maitrises\/#respond"]}]},{"@type":"WebPage","@id":"https:\/\/lasentinelle.dz\/index.php\/2025\/08\/31\/18-interventions-enregistrees-en-24-heures-la-plupart-des-incendies-maitrises\/","url":"https:\/\/lasentinelle.dz\/index.php\/2025\/08\/31\/18-interventions-enregistrees-en-24-heures-la-plupart-des-incendies-maitrises\/","name":"18 interventions enregistr\u00e9es en 24 heures\u00a0: La plupart des incendies ma\u00eetris\u00e9s - La Sentinelle","isPartOf":{"@id":"https:\/\/lasentinelle.dz\/#website"},"primaryImageOfPage":{"@id":"https:\/\/lasentinelle.dz\/index.php\/2025\/08\/31\/18-interventions-enregistrees-en-24-heures-la-plupart-des-incendies-maitrises\/#primaryimage"},"image":{"@id":"https:\/\/lasentinelle.dz\/index.php\/2025\/08\/31\/18-interventions-enregistrees-en-24-heures-la-plupart-des-incendies-maitrises\/#primaryimage"},"thumbnailUrl":"https:\/\/lasentinelle.dz\/wp-content\/uploads\/2025\/08\/incendie.jpg","datePublished":"2025-08-31T11:08:35+00:00","dateModified":"2025-08-31T11:08:36+00:00","breadcrumb":{"@id":"https:\/\/lasentinelle.dz\/index.php\/2025\/08\/31\/18-interventions-enregistrees-en-24-heures-la-plupart-des-incendies-maitrises\/#breadcrumb"},"inLanguage":"fr-FR","potentialAction":[{"@type":"ReadAction","target":["https:\/\/lasentinelle.dz\/index.php\/2025\/08\/31\/18-interventions-enregistrees-en-24-heures-la-plupart-des-incendies-maitrises\/"]}]},{"@type":"ImageObject","inLanguage":"fr-FR","@id":"https:\/\/lasentinelle.dz\/index.php\/2025\/08\/31\/18-interventions-enregistrees-en-24-heures-la-plupart-des-incendies-maitrises\/#primaryimage","url":"https:\/\/lasentinelle.dz\/wp-content\/uploads\/2025\/08\/incendie.jpg","contentUrl":"https:\/\/lasentinelle.dz\/wp-content\/uploads\/2025\/08\/incendie.jpg","width":2048,"height":1365},{"@type":"BreadcrumbList","@id":"https:\/\/lasentinelle.dz\/index.php\/2025\/08\/31\/18-interventions-enregistrees-en-24-heures-la-plupart-des-incendies-maitrises\/#breadcrumb","itemListElement":[{"@type":"ListItem","position":1,"name":"Accueil","item":"https:\/\/lasentinelle.dz\/"},{"@type":"ListItem","position":2,"name":"18 interventions enregistr\u00e9es en 24 heures\u00a0: La plupart des incendies ma\u00eetris\u00e9s"}]},{"@type":"WebSite","@id":"https:\/\/lasentinelle.dz\/#website","url":"https:\/\/lasentinelle.dz\/","name":"La Sentinelle","description":"Quotidien national d&#039;information","publisher":{"@id":"https:\/\/lasentinelle.dz\/#organization"},"potentialAction":[{"@type":"SearchAction","target":{"@type":"EntryPoint","urlTemplate":"https:\/\/lasentinelle.dz\/?s={search_term_string}"},"query-input":{"@type":"PropertyValueSpecification","valueRequired":true,"valueName":"search_term_string"}}],"inLanguage":"fr-FR"},{"@type":"Organization","@id":"https:\/\/lasentinelle.dz\/#organization","name":"Quotidien La Sentinelle","url":"https:\/\/lasentinelle.dz\/","logo":{"@type":"ImageObject","inLanguage":"fr-FR","@id":"https:\/\/lasentinelle.dz\/#\/schema\/logo\/image\/","url":"https:\/\/lasentinelle.dz\/wp-content\/uploads\/2021\/09\/logo-sentinelleSLOGAN-1.png","contentUrl":"https:\/\/lasentinelle.dz\/wp-content\/uploads\/2021\/09\/logo-sentinelleSLOGAN-1.png","width":615,"height":142,"caption":"Quotidien La Sentinelle"},"image":{"@id":"https:\/\/lasentinelle.dz\/#\/schema\/logo\/image\/"},"sameAs":["https:\/\/www.facebook.com\/La-Sentinelle-104059864394773"]},{"@type":"Person","@id":"https:\/\/lasentinelle.dz\/#\/schema\/person\/729ee0024f24e0b8c5ec17232f8e8b41","name":"admin","image":{"@type":"ImageObject","inLanguage":"fr-FR","@id":"https:\/\/secure.gravatar.com\/avatar\/4c81fed838786e9b53f540bf46533e750f5d292099ae3b66cfc6fb1982e29df7?s=96&d=mm&r=g","url":"https:\/\/secure.gravatar.com\/avatar\/4c81fed838786e9b53f540bf46533e750f5d292099ae3b66cfc6fb1982e29df7?s=96&d=mm&r=g","contentUrl":"https:\/\/secure.gravatar.com\/avatar\/4c81fed838786e9b53f540bf46533e750f5d292099ae3b66cfc6fb1982e29df7?s=96&d=mm&r=g","caption":"admin"},"description":"admin","url":"https:\/\/lasentinelle.dz\/author\/admin\/"}]}},"_links":{"self":[{"href":"https:\/\/lasentinelle.dz\/index.php\/wp-json\/wp\/v2\/posts\/72610","targetHints":{"allow":["GET"]}}],"collection":[{"href":"https:\/\/lasentinelle.dz\/index.php\/wp-json\/wp\/v2\/posts"}],"about":[{"href":"https:\/\/lasentinelle.dz\/index.php\/wp-json\/wp\/v2\/types\/post"}],"author":[{"embeddable":true,"href":"https:\/\/lasentinelle.dz\/index.php\/wp-json\/wp\/v2\/users\/6"}],"replies":[{"embeddable":true,"href":"https:\/\/lasentinelle.dz\/index.php\/wp-json\/wp\/v2\/comments?post=72610"}],"version-history":[{"count":1,"href":"https:\/\/lasentinelle.dz\/index.php\/wp-json\/wp\/v2\/posts\/72610\/revisions"}],"predecessor-version":[{"id":72611,"href":"https:\/\/lasentinelle.dz\/index.php\/wp-json\/wp\/v2\/posts\/72610\/revisions\/72611"}],"wp:featuredmedia":[{"embeddable":true,"href":"https:\/\/lasentinelle.dz\/index.php\/wp-json\/wp\/v2\/media\/72387"}],"wp:attachment":[{"href":"https:\/\/lasentinelle.dz\/index.php\/wp-json\/wp\/v2\/media?parent=72610"}],"wp:term":[{"taxonomy":"category","embeddable":true,"href":"https:\/\/lasentinelle.dz\/index.php\/wp-json\/wp\/v2\/categories?post=72610"},{"taxonomy":"post_tag","embeddable":true,"href":"https:\/\/lasentinelle.dz\/index.php\/wp-json\/wp\/v2\/tags?post=72610"}],"curies":[{"name":"wp","href":"https:\/\/api.w.org\/{rel}","templated":true}]}}