{"id":72612,"date":"2025-08-31T12:10:13","date_gmt":"2025-08-31T11:10:13","guid":{"rendered":"https:\/\/lasentinelle.dz\/?p=72612"},"modified":"2025-08-31T12:10:14","modified_gmt":"2025-08-31T11:10:14","slug":"mondiaux-de-judo-cadets-degouah-elimine","status":"publish","type":"post","link":"https:\/\/lasentinelle.dz\/index.php\/2025\/08\/31\/mondiaux-de-judo-cadets-degouah-elimine\/","title":{"rendered":"Mondiaux de judo (cadets)\u00a0: Degouah \u00e9limin\u00e9"},"content":{"rendered":"\n<p>L&rsquo;aventure alg\u00e9rienne aux Championnats du monde 2025 des cadets de judo a connu un revers, avec l&rsquo;\u00e9limination jeudi soir \u00e0 Sofia de Mohamed Amine Degouah, dernier espoir masculin de la d\u00e9l\u00e9gation tricolore.<\/p>\n\n\n\n<p>Le judoka alg\u00e9rien a chut\u00e9 au deuxi\u00e8me tour de la cat\u00e9gorie des moins de 60 kilogrammes face au redoutable Tadjik Loiq Kudbudinov, mettant fin pr\u00e9matur\u00e9ment \u00e0 ses ambitions mondiales dans la capitale bulgare. Int\u00e9gr\u00e9 dans la poule C de sa cat\u00e9gorie, Degouah avait b\u00e9n\u00e9fici\u00e9 d&rsquo;une exemption au premier tour, d\u00e9butant directement son parcours au deuxi\u00e8me tour. Cet avantage th\u00e9orique ne lui aura finalement pas suffi face \u00e0 Kudbudinov, qui avait quant \u00e0 lui entam\u00e9 sa comp\u00e9tition en dominant le Chypriote Nestoras Hadjiyiannis. La d\u00e9faite de Degouah fait \u00e9cho \u00e0 celle de son compatriote Ala-Eddine Sahraoui, tomb\u00e9 la veille face au Br\u00e9silien Arthur Melo dans la cat\u00e9gorie des moins de 50 kilogrammes. Comme Degouah, Sahraoui avait \u00e9t\u00e9 exempt\u00e9 du premier tour dans la poule A et avait d\u00e9but\u00e9 directement au deuxi\u00e8me tour, contrairement \u00e0 son adversaire br\u00e9silien qui avait pr\u00e9alablement domin\u00e9 le G\u00e9orgien Saba Bolkvadze. Ces deux \u00e9liminations successives r\u00e9duisent consid\u00e9rablement les ambitions alg\u00e9riennes dans cette comp\u00e9tition mondiale de r\u00e9f\u00e9rence pour les jeunes judokas. La seule satisfaction alg\u00e9rienne de ces Mondiaux reste le parcours honorable de Chiraz Nadine Dahoumane dans la cat\u00e9gorie des moins de 40 kilogrammes, qui a d\u00e9croch\u00e9 une encourageante septi\u00e8me place. Exempt\u00e9e du premier tour, la jeune judoka avait parfaitement n\u00e9goci\u00e9 son entr\u00e9e en lice en \u00e9liminant la Serbe Hana Vukmirovic au deuxi\u00e8me tour, se qualifiant pour la finale de sa poule. Sa d\u00e9faite contre la Turque Nur Sema Yuksel ne l&rsquo;avait pas d\u00e9courag\u00e9e, b\u00e9n\u00e9ficiant d&rsquo;une seconde chance au rep\u00eachage, mais elle s&rsquo;est finalement inclin\u00e9e face \u00e0 la Mongole Khulan Bayarzul, se contentant de cette septi\u00e8me place finale qui demeure le meilleur r\u00e9sultat alg\u00e9rien de cette \u00e9dition. Cette comp\u00e9tition majeure du calendrier international des jeunes judokas se d\u00e9roule du 27 au 30 ao\u00fbt dans la capitale bulgare et rassemble un plateau d&rsquo;exception avec 556 athl\u00e8tes, r\u00e9partis entre 298 gar\u00e7ons et 258 filles, repr\u00e9sentant 72 nations des six continents. L&rsquo;organisation de ces Mondiaux 2025 des cadets t\u00e9moigne de l&rsquo;importance accord\u00e9e par la F\u00e9d\u00e9ration internationale de judo au d\u00e9veloppement des jeunes talents, ces championnats servant de tremplin vers les comp\u00e9titions seniors. Les \u00e9preuves individuelles seront imm\u00e9diatement suivies des \u00e9preuves par \u00e9quipes mixtes, programm\u00e9es sur une seule journ\u00e9e le 31 ao\u00fbt, offrant une derni\u00e8re opportunit\u00e9 aux nations de briller collectivement.<\/p>\n\n\n\n<p>Pour l&rsquo;Alg\u00e9rie, ces Mondiaux constituent un test important pour mesurer le niveau de formation de ses jeunes espoirs face \u00e0 la concurrence internationale. Malgr\u00e9 les \u00e9liminations pr\u00e9coces de Degouah et Sahraoui, l&rsquo;exp\u00e9rience acquise dans ce cadre prestigieux reste pr\u00e9cieuse pour leur d\u00e9veloppement futur.<\/p>\n\n\n\n<p>M. D.<\/p>\n","protected":false},"excerpt":{"rendered":"<p>L&rsquo;aventure alg\u00e9rienne aux Championnats du monde 2025 des cadets de judo a connu un revers, avec l&rsquo;\u00e9limination jeudi soir \u00e0<\/p>\n","protected":false},"author":6,"featured_media":72613,"comment_status":"open","ping_status":"closed","sticky":false,"template":"","format":"standard","meta":{"colormag_page_container_layout":"default_layout","colormag_page_sidebar_layout":"default_layout","om_disable_all_campaigns":false,"_monsterinsights_skip_tracking":false,"_monsterinsights_sitenote_active":false,"_monsterinsights_sitenote_note":"","_monsterinsights_sitenote_category":0,"footnotes":"","_wpscppro_dont_share_socialmedia":false,"_wpscppro_custom_social_share_image":0,"_facebook_share_type":"default","_twitter_share_type":"default","_linkedin_share_type":"default","_pinterest_share_type":"default","_linkedin_share_type_page":"","_instagram_share_type":"default","_medium_share_type":"default","_threads_share_type":"default","_google_business_share_type":"default","_selected_social_profile":[],"_wpsp_enable_custom_social_template":false,"_wpsp_social_scheduling":{"enabled":false,"datetime":null,"platforms":[],"status":"template_only","dateOption":"today","timeOption":"now","customDays":"","customHours":"","customDate":"","customTime":"","schedulingType":"absolute"},"_wpsp_active_default_template":true},"categories":[33],"tags":[],"class_list":["post-72612","post","type-post","status-publish","format-standard","has-post-thumbnail","hentry","category-sports"],"aioseo_notices":[],"yoast_head":"<!-- This site is optimized with the Yoast SEO plugin v27.5 - https:\/\/yoast.com\/product\/yoast-seo-wordpress\/ -->\n<title>Mondiaux de judo (cadets)\u00a0: Degouah \u00e9limin\u00e9 - La Sentinelle<\/title>\n<meta name=\"robots\" content=\"index, follow, max-snippet:-1, max-image-preview:large, max-video-preview:-1\" \/>\n<link rel=\"canonical\" href=\"https:\/\/lasentinelle.dz\/index.php\/2025\/08\/31\/mondiaux-de-judo-cadets-degouah-elimine\/\" \/>\n<meta property=\"og:locale\" content=\"fr_FR\" \/>\n<meta property=\"og:type\" content=\"article\" \/>\n<meta property=\"og:title\" content=\"Mondiaux de judo (cadets)\u00a0: Degouah \u00e9limin\u00e9 - La Sentinelle\" \/>\n<meta property=\"og:description\" content=\"L&rsquo;aventure alg\u00e9rienne aux Championnats du monde 2025 des cadets de judo a connu un revers, avec l&rsquo;\u00e9limination jeudi soir \u00e0\" \/>\n<meta property=\"og:url\" content=\"https:\/\/lasentinelle.dz\/index.php\/2025\/08\/31\/mondiaux-de-judo-cadets-degouah-elimine\/\" \/>\n<meta property=\"og:site_name\" content=\"La Sentinelle\" \/>\n<meta property=\"article:publisher\" content=\"https:\/\/www.facebook.com\/La-Sentinelle-104059864394773\" \/>\n<meta property=\"article:published_time\" content=\"2025-08-31T11:10:13+00:00\" \/>\n<meta property=\"article:modified_time\" content=\"2025-08-31T11:10:14+00:00\" \/>\n<meta property=\"og:image\" content=\"https:\/\/lasentinelle.dz\/wp-content\/uploads\/2025\/08\/Mohamed-Amine-Degouah.jpg\" \/>\n\t<meta property=\"og:image:width\" content=\"835\" \/>\n\t<meta property=\"og:image:height\" content=\"556\" \/>\n\t<meta property=\"og:image:type\" content=\"image\/jpeg\" \/>\n<meta name=\"author\" content=\"admin\" \/>\n<meta name=\"twitter:card\" content=\"summary_large_image\" \/>\n<meta name=\"twitter:label1\" content=\"\u00c9crit par\" \/>\n\t<meta name=\"twitter:data1\" content=\"admin\" \/>\n\t<meta name=\"twitter:label2\" content=\"Dur\u00e9e de lecture estim\u00e9e\" \/>\n\t<meta name=\"twitter:data2\" content=\"3 minutes\" \/>\n<script type=\"application\/ld+json\" class=\"yoast-schema-graph\">{\"@context\":\"https:\\\/\\\/schema.org\",\"@graph\":[{\"@type\":\"Article\",\"@id\":\"https:\\\/\\\/lasentinelle.dz\\\/index.php\\\/2025\\\/08\\\/31\\\/mondiaux-de-judo-cadets-degouah-elimine\\\/#article\",\"isPartOf\":{\"@id\":\"https:\\\/\\\/lasentinelle.dz\\\/index.php\\\/2025\\\/08\\\/31\\\/mondiaux-de-judo-cadets-degouah-elimine\\\/\"},\"author\":{\"name\":\"admin\",\"@id\":\"https:\\\/\\\/lasentinelle.dz\\\/#\\\/schema\\\/person\\\/729ee0024f24e0b8c5ec17232f8e8b41\"},\"headline\":\"Mondiaux de judo (cadets)\u00a0: Degouah \u00e9limin\u00e9\",\"datePublished\":\"2025-08-31T11:10:13+00:00\",\"dateModified\":\"2025-08-31T11:10:14+00:00\",\"mainEntityOfPage\":{\"@id\":\"https:\\\/\\\/lasentinelle.dz\\\/index.php\\\/2025\\\/08\\\/31\\\/mondiaux-de-judo-cadets-degouah-elimine\\\/\"},\"wordCount\":514,\"commentCount\":0,\"publisher\":{\"@id\":\"https:\\\/\\\/lasentinelle.dz\\\/#organization\"},\"image\":{\"@id\":\"https:\\\/\\\/lasentinelle.dz\\\/index.php\\\/2025\\\/08\\\/31\\\/mondiaux-de-judo-cadets-degouah-elimine\\\/#primaryimage\"},\"thumbnailUrl\":\"https:\\\/\\\/lasentinelle.dz\\\/wp-content\\\/uploads\\\/2025\\\/08\\\/Mohamed-Amine-Degouah.jpg\",\"articleSection\":[\"Sports\"],\"inLanguage\":\"fr-FR\",\"potentialAction\":[{\"@type\":\"CommentAction\",\"name\":\"Comment\",\"target\":[\"https:\\\/\\\/lasentinelle.dz\\\/index.php\\\/2025\\\/08\\\/31\\\/mondiaux-de-judo-cadets-degouah-elimine\\\/#respond\"]}]},{\"@type\":\"WebPage\",\"@id\":\"https:\\\/\\\/lasentinelle.dz\\\/index.php\\\/2025\\\/08\\\/31\\\/mondiaux-de-judo-cadets-degouah-elimine\\\/\",\"url\":\"https:\\\/\\\/lasentinelle.dz\\\/index.php\\\/2025\\\/08\\\/31\\\/mondiaux-de-judo-cadets-degouah-elimine\\\/\",\"name\":\"Mondiaux de judo (cadets)\u00a0: Degouah \u00e9limin\u00e9 - La Sentinelle\",\"isPartOf\":{\"@id\":\"https:\\\/\\\/lasentinelle.dz\\\/#website\"},\"primaryImageOfPage\":{\"@id\":\"https:\\\/\\\/lasentinelle.dz\\\/index.php\\\/2025\\\/08\\\/31\\\/mondiaux-de-judo-cadets-degouah-elimine\\\/#primaryimage\"},\"image\":{\"@id\":\"https:\\\/\\\/lasentinelle.dz\\\/index.php\\\/2025\\\/08\\\/31\\\/mondiaux-de-judo-cadets-degouah-elimine\\\/#primaryimage\"},\"thumbnailUrl\":\"https:\\\/\\\/lasentinelle.dz\\\/wp-content\\\/uploads\\\/2025\\\/08\\\/Mohamed-Amine-Degouah.jpg\",\"datePublished\":\"2025-08-31T11:10:13+00:00\",\"dateModified\":\"2025-08-31T11:10:14+00:00\",\"breadcrumb\":{\"@id\":\"https:\\\/\\\/lasentinelle.dz\\\/index.php\\\/2025\\\/08\\\/31\\\/mondiaux-de-judo-cadets-degouah-elimine\\\/#breadcrumb\"},\"inLanguage\":\"fr-FR\",\"potentialAction\":[{\"@type\":\"ReadAction\",\"target\":[\"https:\\\/\\\/lasentinelle.dz\\\/index.php\\\/2025\\\/08\\\/31\\\/mondiaux-de-judo-cadets-degouah-elimine\\\/\"]}]},{\"@type\":\"ImageObject\",\"inLanguage\":\"fr-FR\",\"@id\":\"https:\\\/\\\/lasentinelle.dz\\\/index.php\\\/2025\\\/08\\\/31\\\/mondiaux-de-judo-cadets-degouah-elimine\\\/#primaryimage\",\"url\":\"https:\\\/\\\/lasentinelle.dz\\\/wp-content\\\/uploads\\\/2025\\\/08\\\/Mohamed-Amine-Degouah.jpg\",\"contentUrl\":\"https:\\\/\\\/lasentinelle.dz\\\/wp-content\\\/uploads\\\/2025\\\/08\\\/Mohamed-Amine-Degouah.jpg\",\"width\":835,\"height\":556},{\"@type\":\"BreadcrumbList\",\"@id\":\"https:\\\/\\\/lasentinelle.dz\\\/index.php\\\/2025\\\/08\\\/31\\\/mondiaux-de-judo-cadets-degouah-elimine\\\/#breadcrumb\",\"itemListElement\":[{\"@type\":\"ListItem\",\"position\":1,\"name\":\"Accueil\",\"item\":\"https:\\\/\\\/lasentinelle.dz\\\/\"},{\"@type\":\"ListItem\",\"position\":2,\"name\":\"Mondiaux de judo (cadets)\u00a0: Degouah \u00e9limin\u00e9\"}]},{\"@type\":\"WebSite\",\"@id\":\"https:\\\/\\\/lasentinelle.dz\\\/#website\",\"url\":\"https:\\\/\\\/lasentinelle.dz\\\/\",\"name\":\"La Sentinelle\",\"description\":\"Quotidien national d&#039;information\",\"publisher\":{\"@id\":\"https:\\\/\\\/lasentinelle.dz\\\/#organization\"},\"potentialAction\":[{\"@type\":\"SearchAction\",\"target\":{\"@type\":\"EntryPoint\",\"urlTemplate\":\"https:\\\/\\\/lasentinelle.dz\\\/?s={search_term_string}\"},\"query-input\":{\"@type\":\"PropertyValueSpecification\",\"valueRequired\":true,\"valueName\":\"search_term_string\"}}],\"inLanguage\":\"fr-FR\"},{\"@type\":\"Organization\",\"@id\":\"https:\\\/\\\/lasentinelle.dz\\\/#organization\",\"name\":\"Quotidien La Sentinelle\",\"url\":\"https:\\\/\\\/lasentinelle.dz\\\/\",\"logo\":{\"@type\":\"ImageObject\",\"inLanguage\":\"fr-FR\",\"@id\":\"https:\\\/\\\/lasentinelle.dz\\\/#\\\/schema\\\/logo\\\/image\\\/\",\"url\":\"https:\\\/\\\/lasentinelle.dz\\\/wp-content\\\/uploads\\\/2021\\\/09\\\/logo-sentinelleSLOGAN-1.png\",\"contentUrl\":\"https:\\\/\\\/lasentinelle.dz\\\/wp-content\\\/uploads\\\/2021\\\/09\\\/logo-sentinelleSLOGAN-1.png\",\"width\":615,\"height\":142,\"caption\":\"Quotidien La Sentinelle\"},\"image\":{\"@id\":\"https:\\\/\\\/lasentinelle.dz\\\/#\\\/schema\\\/logo\\\/image\\\/\"},\"sameAs\":[\"https:\\\/\\\/www.facebook.com\\\/La-Sentinelle-104059864394773\"]},{\"@type\":\"Person\",\"@id\":\"https:\\\/\\\/lasentinelle.dz\\\/#\\\/schema\\\/person\\\/729ee0024f24e0b8c5ec17232f8e8b41\",\"name\":\"admin\",\"image\":{\"@type\":\"ImageObject\",\"inLanguage\":\"fr-FR\",\"@id\":\"https:\\\/\\\/secure.gravatar.com\\\/avatar\\\/4c81fed838786e9b53f540bf46533e750f5d292099ae3b66cfc6fb1982e29df7?s=96&d=mm&r=g\",\"url\":\"https:\\\/\\\/secure.gravatar.com\\\/avatar\\\/4c81fed838786e9b53f540bf46533e750f5d292099ae3b66cfc6fb1982e29df7?s=96&d=mm&r=g\",\"contentUrl\":\"https:\\\/\\\/secure.gravatar.com\\\/avatar\\\/4c81fed838786e9b53f540bf46533e750f5d292099ae3b66cfc6fb1982e29df7?s=96&d=mm&r=g\",\"caption\":\"admin\"},\"description\":\"admin\",\"url\":\"https:\\\/\\\/lasentinelle.dz\\\/author\\\/admin\\\/\"}]}<\/script>\n<!-- \/ Yoast SEO plugin. -->","yoast_head_json":{"title":"Mondiaux de judo (cadets)\u00a0: Degouah \u00e9limin\u00e9 - La Sentinelle","robots":{"index":"index","follow":"follow","max-snippet":"max-snippet:-1","max-image-preview":"max-image-preview:large","max-video-preview":"max-video-preview:-1"},"canonical":"https:\/\/lasentinelle.dz\/index.php\/2025\/08\/31\/mondiaux-de-judo-cadets-degouah-elimine\/","og_locale":"fr_FR","og_type":"article","og_title":"Mondiaux de judo (cadets)\u00a0: Degouah \u00e9limin\u00e9 - La Sentinelle","og_description":"L&rsquo;aventure alg\u00e9rienne aux Championnats du monde 2025 des cadets de judo a connu un revers, avec l&rsquo;\u00e9limination jeudi soir \u00e0","og_url":"https:\/\/lasentinelle.dz\/index.php\/2025\/08\/31\/mondiaux-de-judo-cadets-degouah-elimine\/","og_site_name":"La Sentinelle","article_publisher":"https:\/\/www.facebook.com\/La-Sentinelle-104059864394773","article_published_time":"2025-08-31T11:10:13+00:00","article_modified_time":"2025-08-31T11:10:14+00:00","og_image":[{"width":835,"height":556,"url":"https:\/\/lasentinelle.dz\/wp-content\/uploads\/2025\/08\/Mohamed-Amine-Degouah.jpg","type":"image\/jpeg"}],"author":"admin","twitter_card":"summary_large_image","twitter_misc":{"\u00c9crit par":"admin","Dur\u00e9e de lecture estim\u00e9e":"3 minutes"},"schema":{"@context":"https:\/\/schema.org","@graph":[{"@type":"Article","@id":"https:\/\/lasentinelle.dz\/index.php\/2025\/08\/31\/mondiaux-de-judo-cadets-degouah-elimine\/#article","isPartOf":{"@id":"https:\/\/lasentinelle.dz\/index.php\/2025\/08\/31\/mondiaux-de-judo-cadets-degouah-elimine\/"},"author":{"name":"admin","@id":"https:\/\/lasentinelle.dz\/#\/schema\/person\/729ee0024f24e0b8c5ec17232f8e8b41"},"headline":"Mondiaux de judo (cadets)\u00a0: Degouah \u00e9limin\u00e9","datePublished":"2025-08-31T11:10:13+00:00","dateModified":"2025-08-31T11:10:14+00:00","mainEntityOfPage":{"@id":"https:\/\/lasentinelle.dz\/index.php\/2025\/08\/31\/mondiaux-de-judo-cadets-degouah-elimine\/"},"wordCount":514,"commentCount":0,"publisher":{"@id":"https:\/\/lasentinelle.dz\/#organization"},"image":{"@id":"https:\/\/lasentinelle.dz\/index.php\/2025\/08\/31\/mondiaux-de-judo-cadets-degouah-elimine\/#primaryimage"},"thumbnailUrl":"https:\/\/lasentinelle.dz\/wp-content\/uploads\/2025\/08\/Mohamed-Amine-Degouah.jpg","articleSection":["Sports"],"inLanguage":"fr-FR","potentialAction":[{"@type":"CommentAction","name":"Comment","target":["https:\/\/lasentinelle.dz\/index.php\/2025\/08\/31\/mondiaux-de-judo-cadets-degouah-elimine\/#respond"]}]},{"@type":"WebPage","@id":"https:\/\/lasentinelle.dz\/index.php\/2025\/08\/31\/mondiaux-de-judo-cadets-degouah-elimine\/","url":"https:\/\/lasentinelle.dz\/index.php\/2025\/08\/31\/mondiaux-de-judo-cadets-degouah-elimine\/","name":"Mondiaux de judo (cadets)\u00a0: Degouah \u00e9limin\u00e9 - La Sentinelle","isPartOf":{"@id":"https:\/\/lasentinelle.dz\/#website"},"primaryImageOfPage":{"@id":"https:\/\/lasentinelle.dz\/index.php\/2025\/08\/31\/mondiaux-de-judo-cadets-degouah-elimine\/#primaryimage"},"image":{"@id":"https:\/\/lasentinelle.dz\/index.php\/2025\/08\/31\/mondiaux-de-judo-cadets-degouah-elimine\/#primaryimage"},"thumbnailUrl":"https:\/\/lasentinelle.dz\/wp-content\/uploads\/2025\/08\/Mohamed-Amine-Degouah.jpg","datePublished":"2025-08-31T11:10:13+00:00","dateModified":"2025-08-31T11:10:14+00:00","breadcrumb":{"@id":"https:\/\/lasentinelle.dz\/index.php\/2025\/08\/31\/mondiaux-de-judo-cadets-degouah-elimine\/#breadcrumb"},"inLanguage":"fr-FR","potentialAction":[{"@type":"ReadAction","target":["https:\/\/lasentinelle.dz\/index.php\/2025\/08\/31\/mondiaux-de-judo-cadets-degouah-elimine\/"]}]},{"@type":"ImageObject","inLanguage":"fr-FR","@id":"https:\/\/lasentinelle.dz\/index.php\/2025\/08\/31\/mondiaux-de-judo-cadets-degouah-elimine\/#primaryimage","url":"https:\/\/lasentinelle.dz\/wp-content\/uploads\/2025\/08\/Mohamed-Amine-Degouah.jpg","contentUrl":"https:\/\/lasentinelle.dz\/wp-content\/uploads\/2025\/08\/Mohamed-Amine-Degouah.jpg","width":835,"height":556},{"@type":"BreadcrumbList","@id":"https:\/\/lasentinelle.dz\/index.php\/2025\/08\/31\/mondiaux-de-judo-cadets-degouah-elimine\/#breadcrumb","itemListElement":[{"@type":"ListItem","position":1,"name":"Accueil","item":"https:\/\/lasentinelle.dz\/"},{"@type":"ListItem","position":2,"name":"Mondiaux de judo (cadets)\u00a0: Degouah \u00e9limin\u00e9"}]},{"@type":"WebSite","@id":"https:\/\/lasentinelle.dz\/#website","url":"https:\/\/lasentinelle.dz\/","name":"La Sentinelle","description":"Quotidien national d&#039;information","publisher":{"@id":"https:\/\/lasentinelle.dz\/#organization"},"potentialAction":[{"@type":"SearchAction","target":{"@type":"EntryPoint","urlTemplate":"https:\/\/lasentinelle.dz\/?s={search_term_string}"},"query-input":{"@type":"PropertyValueSpecification","valueRequired":true,"valueName":"search_term_string"}}],"inLanguage":"fr-FR"},{"@type":"Organization","@id":"https:\/\/lasentinelle.dz\/#organization","name":"Quotidien La Sentinelle","url":"https:\/\/lasentinelle.dz\/","logo":{"@type":"ImageObject","inLanguage":"fr-FR","@id":"https:\/\/lasentinelle.dz\/#\/schema\/logo\/image\/","url":"https:\/\/lasentinelle.dz\/wp-content\/uploads\/2021\/09\/logo-sentinelleSLOGAN-1.png","contentUrl":"https:\/\/lasentinelle.dz\/wp-content\/uploads\/2021\/09\/logo-sentinelleSLOGAN-1.png","width":615,"height":142,"caption":"Quotidien La Sentinelle"},"image":{"@id":"https:\/\/lasentinelle.dz\/#\/schema\/logo\/image\/"},"sameAs":["https:\/\/www.facebook.com\/La-Sentinelle-104059864394773"]},{"@type":"Person","@id":"https:\/\/lasentinelle.dz\/#\/schema\/person\/729ee0024f24e0b8c5ec17232f8e8b41","name":"admin","image":{"@type":"ImageObject","inLanguage":"fr-FR","@id":"https:\/\/secure.gravatar.com\/avatar\/4c81fed838786e9b53f540bf46533e750f5d292099ae3b66cfc6fb1982e29df7?s=96&d=mm&r=g","url":"https:\/\/secure.gravatar.com\/avatar\/4c81fed838786e9b53f540bf46533e750f5d292099ae3b66cfc6fb1982e29df7?s=96&d=mm&r=g","contentUrl":"https:\/\/secure.gravatar.com\/avatar\/4c81fed838786e9b53f540bf46533e750f5d292099ae3b66cfc6fb1982e29df7?s=96&d=mm&r=g","caption":"admin"},"description":"admin","url":"https:\/\/lasentinelle.dz\/author\/admin\/"}]}},"_links":{"self":[{"href":"https:\/\/lasentinelle.dz\/index.php\/wp-json\/wp\/v2\/posts\/72612","targetHints":{"allow":["GET"]}}],"collection":[{"href":"https:\/\/lasentinelle.dz\/index.php\/wp-json\/wp\/v2\/posts"}],"about":[{"href":"https:\/\/lasentinelle.dz\/index.php\/wp-json\/wp\/v2\/types\/post"}],"author":[{"embeddable":true,"href":"https:\/\/lasentinelle.dz\/index.php\/wp-json\/wp\/v2\/users\/6"}],"replies":[{"embeddable":true,"href":"https:\/\/lasentinelle.dz\/index.php\/wp-json\/wp\/v2\/comments?post=72612"}],"version-history":[{"count":1,"href":"https:\/\/lasentinelle.dz\/index.php\/wp-json\/wp\/v2\/posts\/72612\/revisions"}],"predecessor-version":[{"id":72614,"href":"https:\/\/lasentinelle.dz\/index.php\/wp-json\/wp\/v2\/posts\/72612\/revisions\/72614"}],"wp:featuredmedia":[{"embeddable":true,"href":"https:\/\/lasentinelle.dz\/index.php\/wp-json\/wp\/v2\/media\/72613"}],"wp:attachment":[{"href":"https:\/\/lasentinelle.dz\/index.php\/wp-json\/wp\/v2\/media?parent=72612"}],"wp:term":[{"taxonomy":"category","embeddable":true,"href":"https:\/\/lasentinelle.dz\/index.php\/wp-json\/wp\/v2\/categories?post=72612"},{"taxonomy":"post_tag","embeddable":true,"href":"https:\/\/lasentinelle.dz\/index.php\/wp-json\/wp\/v2\/tags?post=72612"}],"curies":[{"name":"wp","href":"https:\/\/api.w.org\/{rel}","templated":true}]}}