{"id":72615,"date":"2025-08-31T12:11:02","date_gmt":"2025-08-31T11:11:02","guid":{"rendered":"https:\/\/lasentinelle.dz\/?p=72615"},"modified":"2025-08-31T12:11:03","modified_gmt":"2025-08-31T11:11:03","slug":"mondial-2026-de-volley-ball-u16-lalgerie-decroche-son-billet-qualificatif","status":"publish","type":"post","link":"https:\/\/lasentinelle.dz\/index.php\/2025\/08\/31\/mondial-2026-de-volley-ball-u16-lalgerie-decroche-son-billet-qualificatif\/","title":{"rendered":"Mondial 2026 de volley-ball U16\u00a0: L&rsquo;Alg\u00e9rie d\u00e9croche son billet qualificatif"},"content":{"rendered":"\n<p>La s\u00e9lection alg\u00e9rienne masculine de volley-ball des moins de 16 ans a franchi un cap historique vendredi soir \u00e0 Tunis en d\u00e9crochant sa qualification pour le Championnat du monde 2026 de la cat\u00e9gorie.<\/p>\n\n\n\n<p>Les jeunes Verts ont valid\u00e9 leur ticket pour Doha en s&rsquo;imposant face au Maroc dans un match de classement pour la troisi\u00e8me place du Championnat d&rsquo;Afrique des nations particuli\u00e8rement disput\u00e9. La rencontre s&rsquo;est sold\u00e9e par une victoire alg\u00e9rienne en cinq sets serr\u00e9s sur le score de 25-13, 22-25, 25-18, 22-25, 15-10, t\u00e9moignant de l&rsquo;intensit\u00e9 de cette confrontation. Cette qualification repr\u00e9sente un aboutissement pour cette g\u00e9n\u00e9ration alg\u00e9rienne qui avait d\u00e9j\u00e0 montr\u00e9 de belles promesses lors des phases pr\u00e9liminaires du tournoi continental. Malgr\u00e9 leur \u00e9limination en demi-finale face \u00e0 la Tunisie sur le score de 3-2, les cadets alg\u00e9riens ont su rebondir avec caract\u00e8re pour s&rsquo;offrir une place sur la sc\u00e8ne mondiale.<\/p>\n\n\n\n<p>La deuxi\u00e8me \u00e9dition du Championnat du monde masculin U17, qui se d\u00e9roulera \u00e0 Doha au Qatar du 19 au 29 ao\u00fbt 2026, r\u00e9unira vingt-quatre \u00e9quipes repr\u00e9sentant toutes les conf\u00e9d\u00e9rations sportives mondiales. Cette qualification marque une \u00e9tape importante dans le d\u00e9veloppement du volley-ball alg\u00e9rien chez les jeunes et confirme les efforts de formation d\u00e9ploy\u00e9s ces derni\u00e8res ann\u00e9es par la F\u00e9d\u00e9ration alg\u00e9rienne de volley-ball. Le ministre des Sports et la F\u00e9d\u00e9ration ont d&rsquo;ailleurs tenu \u00e0 adresser leurs plus chaleureuses f\u00e9licitations \u00e0 l&rsquo;\u00e9quipe et \u00e0 son encadrement technique, saluant cette victoire d&rsquo;honneur pour une s\u00e9lection qui incarne v\u00e9ritablement l&rsquo;avenir du volley-ball national. Les autorit\u00e9s sportives alg\u00e9riennes ont d&rsquo;ores et d\u00e9j\u00e0 annonc\u00e9 qu&rsquo;un programme de pr\u00e9paration ambitieux sera mis en place d&rsquo;ici le grand rendez-vous qatari afin de permettre \u00e0 cette jeune \u00e9quipe de mettre toutes les chances de son c\u00f4t\u00e9 sur la sc\u00e8ne mondiale.<\/p>\n\n\n\n<p>M. Dahleb<\/p>\n","protected":false},"excerpt":{"rendered":"<p>La s\u00e9lection alg\u00e9rienne masculine de volley-ball des moins de 16 ans a franchi un cap historique vendredi soir \u00e0 Tunis<\/p>\n","protected":false},"author":6,"featured_media":72616,"comment_status":"open","ping_status":"closed","sticky":false,"template":"","format":"standard","meta":{"colormag_page_container_layout":"default_layout","colormag_page_sidebar_layout":"default_layout","om_disable_all_campaigns":false,"_monsterinsights_skip_tracking":false,"_monsterinsights_sitenote_active":false,"_monsterinsights_sitenote_note":"","_monsterinsights_sitenote_category":0,"footnotes":"","_wpscppro_dont_share_socialmedia":false,"_wpscppro_custom_social_share_image":0,"_facebook_share_type":"default","_twitter_share_type":"default","_linkedin_share_type":"default","_pinterest_share_type":"default","_linkedin_share_type_page":"","_instagram_share_type":"default","_medium_share_type":"default","_threads_share_type":"default","_google_business_share_type":"default","_selected_social_profile":[],"_wpsp_enable_custom_social_template":false,"_wpsp_social_scheduling":{"enabled":false,"datetime":null,"platforms":[],"status":"template_only","dateOption":"today","timeOption":"now","customDays":"","customHours":"","customDate":"","customTime":"","schedulingType":"absolute"},"_wpsp_active_default_template":true},"categories":[33],"tags":[],"class_list":["post-72615","post","type-post","status-publish","format-standard","has-post-thumbnail","hentry","category-sports"],"aioseo_notices":[],"yoast_head":"<!-- This site is optimized with the Yoast SEO plugin v27.5 - https:\/\/yoast.com\/product\/yoast-seo-wordpress\/ -->\n<title>Mondial 2026 de volley-ball U16\u00a0: L&rsquo;Alg\u00e9rie d\u00e9croche son billet qualificatif - La Sentinelle<\/title>\n<meta name=\"robots\" content=\"index, follow, max-snippet:-1, max-image-preview:large, max-video-preview:-1\" \/>\n<link rel=\"canonical\" href=\"https:\/\/lasentinelle.dz\/index.php\/2025\/08\/31\/mondial-2026-de-volley-ball-u16-lalgerie-decroche-son-billet-qualificatif\/\" \/>\n<meta property=\"og:locale\" content=\"fr_FR\" \/>\n<meta property=\"og:type\" content=\"article\" \/>\n<meta property=\"og:title\" content=\"Mondial 2026 de volley-ball U16\u00a0: L&rsquo;Alg\u00e9rie d\u00e9croche son billet qualificatif - La Sentinelle\" \/>\n<meta property=\"og:description\" content=\"La s\u00e9lection alg\u00e9rienne masculine de volley-ball des moins de 16 ans a franchi un cap historique vendredi soir \u00e0 Tunis\" \/>\n<meta property=\"og:url\" content=\"https:\/\/lasentinelle.dz\/index.php\/2025\/08\/31\/mondial-2026-de-volley-ball-u16-lalgerie-decroche-son-billet-qualificatif\/\" \/>\n<meta property=\"og:site_name\" content=\"La Sentinelle\" \/>\n<meta property=\"article:publisher\" content=\"https:\/\/www.facebook.com\/La-Sentinelle-104059864394773\" \/>\n<meta property=\"article:published_time\" content=\"2025-08-31T11:11:02+00:00\" \/>\n<meta property=\"article:modified_time\" content=\"2025-08-31T11:11:03+00:00\" \/>\n<meta property=\"og:image\" content=\"https:\/\/lasentinelle.dz\/wp-content\/uploads\/2025\/08\/volley.jpg\" \/>\n\t<meta property=\"og:image:width\" content=\"1020\" \/>\n\t<meta property=\"og:image:height\" content=\"765\" \/>\n\t<meta property=\"og:image:type\" content=\"image\/jpeg\" \/>\n<meta name=\"author\" content=\"admin\" \/>\n<meta name=\"twitter:card\" content=\"summary_large_image\" \/>\n<meta name=\"twitter:label1\" content=\"\u00c9crit par\" \/>\n\t<meta name=\"twitter:data1\" content=\"admin\" \/>\n\t<meta name=\"twitter:label2\" content=\"Dur\u00e9e de lecture estim\u00e9e\" \/>\n\t<meta name=\"twitter:data2\" content=\"2 minutes\" \/>\n<script type=\"application\/ld+json\" class=\"yoast-schema-graph\">{\"@context\":\"https:\\\/\\\/schema.org\",\"@graph\":[{\"@type\":\"Article\",\"@id\":\"https:\\\/\\\/lasentinelle.dz\\\/index.php\\\/2025\\\/08\\\/31\\\/mondial-2026-de-volley-ball-u16-lalgerie-decroche-son-billet-qualificatif\\\/#article\",\"isPartOf\":{\"@id\":\"https:\\\/\\\/lasentinelle.dz\\\/index.php\\\/2025\\\/08\\\/31\\\/mondial-2026-de-volley-ball-u16-lalgerie-decroche-son-billet-qualificatif\\\/\"},\"author\":{\"name\":\"admin\",\"@id\":\"https:\\\/\\\/lasentinelle.dz\\\/#\\\/schema\\\/person\\\/729ee0024f24e0b8c5ec17232f8e8b41\"},\"headline\":\"Mondial 2026 de volley-ball U16\u00a0: L&rsquo;Alg\u00e9rie d\u00e9croche son billet qualificatif\",\"datePublished\":\"2025-08-31T11:11:02+00:00\",\"dateModified\":\"2025-08-31T11:11:03+00:00\",\"mainEntityOfPage\":{\"@id\":\"https:\\\/\\\/lasentinelle.dz\\\/index.php\\\/2025\\\/08\\\/31\\\/mondial-2026-de-volley-ball-u16-lalgerie-decroche-son-billet-qualificatif\\\/\"},\"wordCount\":345,\"commentCount\":0,\"publisher\":{\"@id\":\"https:\\\/\\\/lasentinelle.dz\\\/#organization\"},\"image\":{\"@id\":\"https:\\\/\\\/lasentinelle.dz\\\/index.php\\\/2025\\\/08\\\/31\\\/mondial-2026-de-volley-ball-u16-lalgerie-decroche-son-billet-qualificatif\\\/#primaryimage\"},\"thumbnailUrl\":\"https:\\\/\\\/lasentinelle.dz\\\/wp-content\\\/uploads\\\/2025\\\/08\\\/volley.jpg\",\"articleSection\":[\"Sports\"],\"inLanguage\":\"fr-FR\",\"potentialAction\":[{\"@type\":\"CommentAction\",\"name\":\"Comment\",\"target\":[\"https:\\\/\\\/lasentinelle.dz\\\/index.php\\\/2025\\\/08\\\/31\\\/mondial-2026-de-volley-ball-u16-lalgerie-decroche-son-billet-qualificatif\\\/#respond\"]}]},{\"@type\":\"WebPage\",\"@id\":\"https:\\\/\\\/lasentinelle.dz\\\/index.php\\\/2025\\\/08\\\/31\\\/mondial-2026-de-volley-ball-u16-lalgerie-decroche-son-billet-qualificatif\\\/\",\"url\":\"https:\\\/\\\/lasentinelle.dz\\\/index.php\\\/2025\\\/08\\\/31\\\/mondial-2026-de-volley-ball-u16-lalgerie-decroche-son-billet-qualificatif\\\/\",\"name\":\"Mondial 2026 de volley-ball U16\u00a0: L&rsquo;Alg\u00e9rie d\u00e9croche son billet qualificatif - La Sentinelle\",\"isPartOf\":{\"@id\":\"https:\\\/\\\/lasentinelle.dz\\\/#website\"},\"primaryImageOfPage\":{\"@id\":\"https:\\\/\\\/lasentinelle.dz\\\/index.php\\\/2025\\\/08\\\/31\\\/mondial-2026-de-volley-ball-u16-lalgerie-decroche-son-billet-qualificatif\\\/#primaryimage\"},\"image\":{\"@id\":\"https:\\\/\\\/lasentinelle.dz\\\/index.php\\\/2025\\\/08\\\/31\\\/mondial-2026-de-volley-ball-u16-lalgerie-decroche-son-billet-qualificatif\\\/#primaryimage\"},\"thumbnailUrl\":\"https:\\\/\\\/lasentinelle.dz\\\/wp-content\\\/uploads\\\/2025\\\/08\\\/volley.jpg\",\"datePublished\":\"2025-08-31T11:11:02+00:00\",\"dateModified\":\"2025-08-31T11:11:03+00:00\",\"breadcrumb\":{\"@id\":\"https:\\\/\\\/lasentinelle.dz\\\/index.php\\\/2025\\\/08\\\/31\\\/mondial-2026-de-volley-ball-u16-lalgerie-decroche-son-billet-qualificatif\\\/#breadcrumb\"},\"inLanguage\":\"fr-FR\",\"potentialAction\":[{\"@type\":\"ReadAction\",\"target\":[\"https:\\\/\\\/lasentinelle.dz\\\/index.php\\\/2025\\\/08\\\/31\\\/mondial-2026-de-volley-ball-u16-lalgerie-decroche-son-billet-qualificatif\\\/\"]}]},{\"@type\":\"ImageObject\",\"inLanguage\":\"fr-FR\",\"@id\":\"https:\\\/\\\/lasentinelle.dz\\\/index.php\\\/2025\\\/08\\\/31\\\/mondial-2026-de-volley-ball-u16-lalgerie-decroche-son-billet-qualificatif\\\/#primaryimage\",\"url\":\"https:\\\/\\\/lasentinelle.dz\\\/wp-content\\\/uploads\\\/2025\\\/08\\\/volley.jpg\",\"contentUrl\":\"https:\\\/\\\/lasentinelle.dz\\\/wp-content\\\/uploads\\\/2025\\\/08\\\/volley.jpg\",\"width\":1020,\"height\":765},{\"@type\":\"BreadcrumbList\",\"@id\":\"https:\\\/\\\/lasentinelle.dz\\\/index.php\\\/2025\\\/08\\\/31\\\/mondial-2026-de-volley-ball-u16-lalgerie-decroche-son-billet-qualificatif\\\/#breadcrumb\",\"itemListElement\":[{\"@type\":\"ListItem\",\"position\":1,\"name\":\"Accueil\",\"item\":\"https:\\\/\\\/lasentinelle.dz\\\/\"},{\"@type\":\"ListItem\",\"position\":2,\"name\":\"Mondial 2026 de volley-ball U16\u00a0: L&rsquo;Alg\u00e9rie d\u00e9croche son billet qualificatif\"}]},{\"@type\":\"WebSite\",\"@id\":\"https:\\\/\\\/lasentinelle.dz\\\/#website\",\"url\":\"https:\\\/\\\/lasentinelle.dz\\\/\",\"name\":\"La Sentinelle\",\"description\":\"Quotidien national d&#039;information\",\"publisher\":{\"@id\":\"https:\\\/\\\/lasentinelle.dz\\\/#organization\"},\"potentialAction\":[{\"@type\":\"SearchAction\",\"target\":{\"@type\":\"EntryPoint\",\"urlTemplate\":\"https:\\\/\\\/lasentinelle.dz\\\/?s={search_term_string}\"},\"query-input\":{\"@type\":\"PropertyValueSpecification\",\"valueRequired\":true,\"valueName\":\"search_term_string\"}}],\"inLanguage\":\"fr-FR\"},{\"@type\":\"Organization\",\"@id\":\"https:\\\/\\\/lasentinelle.dz\\\/#organization\",\"name\":\"Quotidien La Sentinelle\",\"url\":\"https:\\\/\\\/lasentinelle.dz\\\/\",\"logo\":{\"@type\":\"ImageObject\",\"inLanguage\":\"fr-FR\",\"@id\":\"https:\\\/\\\/lasentinelle.dz\\\/#\\\/schema\\\/logo\\\/image\\\/\",\"url\":\"https:\\\/\\\/lasentinelle.dz\\\/wp-content\\\/uploads\\\/2021\\\/09\\\/logo-sentinelleSLOGAN-1.png\",\"contentUrl\":\"https:\\\/\\\/lasentinelle.dz\\\/wp-content\\\/uploads\\\/2021\\\/09\\\/logo-sentinelleSLOGAN-1.png\",\"width\":615,\"height\":142,\"caption\":\"Quotidien La Sentinelle\"},\"image\":{\"@id\":\"https:\\\/\\\/lasentinelle.dz\\\/#\\\/schema\\\/logo\\\/image\\\/\"},\"sameAs\":[\"https:\\\/\\\/www.facebook.com\\\/La-Sentinelle-104059864394773\"]},{\"@type\":\"Person\",\"@id\":\"https:\\\/\\\/lasentinelle.dz\\\/#\\\/schema\\\/person\\\/729ee0024f24e0b8c5ec17232f8e8b41\",\"name\":\"admin\",\"image\":{\"@type\":\"ImageObject\",\"inLanguage\":\"fr-FR\",\"@id\":\"https:\\\/\\\/secure.gravatar.com\\\/avatar\\\/4c81fed838786e9b53f540bf46533e750f5d292099ae3b66cfc6fb1982e29df7?s=96&d=mm&r=g\",\"url\":\"https:\\\/\\\/secure.gravatar.com\\\/avatar\\\/4c81fed838786e9b53f540bf46533e750f5d292099ae3b66cfc6fb1982e29df7?s=96&d=mm&r=g\",\"contentUrl\":\"https:\\\/\\\/secure.gravatar.com\\\/avatar\\\/4c81fed838786e9b53f540bf46533e750f5d292099ae3b66cfc6fb1982e29df7?s=96&d=mm&r=g\",\"caption\":\"admin\"},\"description\":\"admin\",\"url\":\"https:\\\/\\\/lasentinelle.dz\\\/author\\\/admin\\\/\"}]}<\/script>\n<!-- \/ Yoast SEO plugin. -->","yoast_head_json":{"title":"Mondial 2026 de volley-ball U16\u00a0: L&rsquo;Alg\u00e9rie d\u00e9croche son billet qualificatif - La Sentinelle","robots":{"index":"index","follow":"follow","max-snippet":"max-snippet:-1","max-image-preview":"max-image-preview:large","max-video-preview":"max-video-preview:-1"},"canonical":"https:\/\/lasentinelle.dz\/index.php\/2025\/08\/31\/mondial-2026-de-volley-ball-u16-lalgerie-decroche-son-billet-qualificatif\/","og_locale":"fr_FR","og_type":"article","og_title":"Mondial 2026 de volley-ball U16\u00a0: L&rsquo;Alg\u00e9rie d\u00e9croche son billet qualificatif - La Sentinelle","og_description":"La s\u00e9lection alg\u00e9rienne masculine de volley-ball des moins de 16 ans a franchi un cap historique vendredi soir \u00e0 Tunis","og_url":"https:\/\/lasentinelle.dz\/index.php\/2025\/08\/31\/mondial-2026-de-volley-ball-u16-lalgerie-decroche-son-billet-qualificatif\/","og_site_name":"La Sentinelle","article_publisher":"https:\/\/www.facebook.com\/La-Sentinelle-104059864394773","article_published_time":"2025-08-31T11:11:02+00:00","article_modified_time":"2025-08-31T11:11:03+00:00","og_image":[{"width":1020,"height":765,"url":"https:\/\/lasentinelle.dz\/wp-content\/uploads\/2025\/08\/volley.jpg","type":"image\/jpeg"}],"author":"admin","twitter_card":"summary_large_image","twitter_misc":{"\u00c9crit par":"admin","Dur\u00e9e de lecture estim\u00e9e":"2 minutes"},"schema":{"@context":"https:\/\/schema.org","@graph":[{"@type":"Article","@id":"https:\/\/lasentinelle.dz\/index.php\/2025\/08\/31\/mondial-2026-de-volley-ball-u16-lalgerie-decroche-son-billet-qualificatif\/#article","isPartOf":{"@id":"https:\/\/lasentinelle.dz\/index.php\/2025\/08\/31\/mondial-2026-de-volley-ball-u16-lalgerie-decroche-son-billet-qualificatif\/"},"author":{"name":"admin","@id":"https:\/\/lasentinelle.dz\/#\/schema\/person\/729ee0024f24e0b8c5ec17232f8e8b41"},"headline":"Mondial 2026 de volley-ball U16\u00a0: L&rsquo;Alg\u00e9rie d\u00e9croche son billet qualificatif","datePublished":"2025-08-31T11:11:02+00:00","dateModified":"2025-08-31T11:11:03+00:00","mainEntityOfPage":{"@id":"https:\/\/lasentinelle.dz\/index.php\/2025\/08\/31\/mondial-2026-de-volley-ball-u16-lalgerie-decroche-son-billet-qualificatif\/"},"wordCount":345,"commentCount":0,"publisher":{"@id":"https:\/\/lasentinelle.dz\/#organization"},"image":{"@id":"https:\/\/lasentinelle.dz\/index.php\/2025\/08\/31\/mondial-2026-de-volley-ball-u16-lalgerie-decroche-son-billet-qualificatif\/#primaryimage"},"thumbnailUrl":"https:\/\/lasentinelle.dz\/wp-content\/uploads\/2025\/08\/volley.jpg","articleSection":["Sports"],"inLanguage":"fr-FR","potentialAction":[{"@type":"CommentAction","name":"Comment","target":["https:\/\/lasentinelle.dz\/index.php\/2025\/08\/31\/mondial-2026-de-volley-ball-u16-lalgerie-decroche-son-billet-qualificatif\/#respond"]}]},{"@type":"WebPage","@id":"https:\/\/lasentinelle.dz\/index.php\/2025\/08\/31\/mondial-2026-de-volley-ball-u16-lalgerie-decroche-son-billet-qualificatif\/","url":"https:\/\/lasentinelle.dz\/index.php\/2025\/08\/31\/mondial-2026-de-volley-ball-u16-lalgerie-decroche-son-billet-qualificatif\/","name":"Mondial 2026 de volley-ball U16\u00a0: L&rsquo;Alg\u00e9rie d\u00e9croche son billet qualificatif - La Sentinelle","isPartOf":{"@id":"https:\/\/lasentinelle.dz\/#website"},"primaryImageOfPage":{"@id":"https:\/\/lasentinelle.dz\/index.php\/2025\/08\/31\/mondial-2026-de-volley-ball-u16-lalgerie-decroche-son-billet-qualificatif\/#primaryimage"},"image":{"@id":"https:\/\/lasentinelle.dz\/index.php\/2025\/08\/31\/mondial-2026-de-volley-ball-u16-lalgerie-decroche-son-billet-qualificatif\/#primaryimage"},"thumbnailUrl":"https:\/\/lasentinelle.dz\/wp-content\/uploads\/2025\/08\/volley.jpg","datePublished":"2025-08-31T11:11:02+00:00","dateModified":"2025-08-31T11:11:03+00:00","breadcrumb":{"@id":"https:\/\/lasentinelle.dz\/index.php\/2025\/08\/31\/mondial-2026-de-volley-ball-u16-lalgerie-decroche-son-billet-qualificatif\/#breadcrumb"},"inLanguage":"fr-FR","potentialAction":[{"@type":"ReadAction","target":["https:\/\/lasentinelle.dz\/index.php\/2025\/08\/31\/mondial-2026-de-volley-ball-u16-lalgerie-decroche-son-billet-qualificatif\/"]}]},{"@type":"ImageObject","inLanguage":"fr-FR","@id":"https:\/\/lasentinelle.dz\/index.php\/2025\/08\/31\/mondial-2026-de-volley-ball-u16-lalgerie-decroche-son-billet-qualificatif\/#primaryimage","url":"https:\/\/lasentinelle.dz\/wp-content\/uploads\/2025\/08\/volley.jpg","contentUrl":"https:\/\/lasentinelle.dz\/wp-content\/uploads\/2025\/08\/volley.jpg","width":1020,"height":765},{"@type":"BreadcrumbList","@id":"https:\/\/lasentinelle.dz\/index.php\/2025\/08\/31\/mondial-2026-de-volley-ball-u16-lalgerie-decroche-son-billet-qualificatif\/#breadcrumb","itemListElement":[{"@type":"ListItem","position":1,"name":"Accueil","item":"https:\/\/lasentinelle.dz\/"},{"@type":"ListItem","position":2,"name":"Mondial 2026 de volley-ball U16\u00a0: L&rsquo;Alg\u00e9rie d\u00e9croche son billet qualificatif"}]},{"@type":"WebSite","@id":"https:\/\/lasentinelle.dz\/#website","url":"https:\/\/lasentinelle.dz\/","name":"La Sentinelle","description":"Quotidien national d&#039;information","publisher":{"@id":"https:\/\/lasentinelle.dz\/#organization"},"potentialAction":[{"@type":"SearchAction","target":{"@type":"EntryPoint","urlTemplate":"https:\/\/lasentinelle.dz\/?s={search_term_string}"},"query-input":{"@type":"PropertyValueSpecification","valueRequired":true,"valueName":"search_term_string"}}],"inLanguage":"fr-FR"},{"@type":"Organization","@id":"https:\/\/lasentinelle.dz\/#organization","name":"Quotidien La Sentinelle","url":"https:\/\/lasentinelle.dz\/","logo":{"@type":"ImageObject","inLanguage":"fr-FR","@id":"https:\/\/lasentinelle.dz\/#\/schema\/logo\/image\/","url":"https:\/\/lasentinelle.dz\/wp-content\/uploads\/2021\/09\/logo-sentinelleSLOGAN-1.png","contentUrl":"https:\/\/lasentinelle.dz\/wp-content\/uploads\/2021\/09\/logo-sentinelleSLOGAN-1.png","width":615,"height":142,"caption":"Quotidien La Sentinelle"},"image":{"@id":"https:\/\/lasentinelle.dz\/#\/schema\/logo\/image\/"},"sameAs":["https:\/\/www.facebook.com\/La-Sentinelle-104059864394773"]},{"@type":"Person","@id":"https:\/\/lasentinelle.dz\/#\/schema\/person\/729ee0024f24e0b8c5ec17232f8e8b41","name":"admin","image":{"@type":"ImageObject","inLanguage":"fr-FR","@id":"https:\/\/secure.gravatar.com\/avatar\/4c81fed838786e9b53f540bf46533e750f5d292099ae3b66cfc6fb1982e29df7?s=96&d=mm&r=g","url":"https:\/\/secure.gravatar.com\/avatar\/4c81fed838786e9b53f540bf46533e750f5d292099ae3b66cfc6fb1982e29df7?s=96&d=mm&r=g","contentUrl":"https:\/\/secure.gravatar.com\/avatar\/4c81fed838786e9b53f540bf46533e750f5d292099ae3b66cfc6fb1982e29df7?s=96&d=mm&r=g","caption":"admin"},"description":"admin","url":"https:\/\/lasentinelle.dz\/author\/admin\/"}]}},"_links":{"self":[{"href":"https:\/\/lasentinelle.dz\/index.php\/wp-json\/wp\/v2\/posts\/72615","targetHints":{"allow":["GET"]}}],"collection":[{"href":"https:\/\/lasentinelle.dz\/index.php\/wp-json\/wp\/v2\/posts"}],"about":[{"href":"https:\/\/lasentinelle.dz\/index.php\/wp-json\/wp\/v2\/types\/post"}],"author":[{"embeddable":true,"href":"https:\/\/lasentinelle.dz\/index.php\/wp-json\/wp\/v2\/users\/6"}],"replies":[{"embeddable":true,"href":"https:\/\/lasentinelle.dz\/index.php\/wp-json\/wp\/v2\/comments?post=72615"}],"version-history":[{"count":2,"href":"https:\/\/lasentinelle.dz\/index.php\/wp-json\/wp\/v2\/posts\/72615\/revisions"}],"predecessor-version":[{"id":72618,"href":"https:\/\/lasentinelle.dz\/index.php\/wp-json\/wp\/v2\/posts\/72615\/revisions\/72618"}],"wp:featuredmedia":[{"embeddable":true,"href":"https:\/\/lasentinelle.dz\/index.php\/wp-json\/wp\/v2\/media\/72616"}],"wp:attachment":[{"href":"https:\/\/lasentinelle.dz\/index.php\/wp-json\/wp\/v2\/media?parent=72615"}],"wp:term":[{"taxonomy":"category","embeddable":true,"href":"https:\/\/lasentinelle.dz\/index.php\/wp-json\/wp\/v2\/categories?post=72615"},{"taxonomy":"post_tag","embeddable":true,"href":"https:\/\/lasentinelle.dz\/index.php\/wp-json\/wp\/v2\/tags?post=72615"}],"curies":[{"name":"wp","href":"https:\/\/api.w.org\/{rel}","templated":true}]}}