{"id":72622,"date":"2025-08-31T12:16:12","date_gmt":"2025-08-31T11:16:12","guid":{"rendered":"https:\/\/lasentinelle.dz\/?p=72622"},"modified":"2025-08-31T12:16:13","modified_gmt":"2025-08-31T11:16:13","slug":"la-js-kabylie-finalise-son-mercato-avec-larrivee-de-meghrem-et-messaoudi","status":"publish","type":"post","link":"https:\/\/lasentinelle.dz\/index.php\/2025\/08\/31\/la-js-kabylie-finalise-son-mercato-avec-larrivee-de-meghrem-et-messaoudi\/","title":{"rendered":"La JS Kabylie finalise son mercato avec l&rsquo;arriv\u00e9e de Meghrem et Messaoudi"},"content":{"rendered":"\n<p>\u00c0 quarante-huit heures de la cl\u00f4ture du mercato estival fix\u00e9e au 31 ao\u00fbt \u00e0 minuit, la JS Kabylie continue d&rsquo;animer le march\u00e9 des transferts avec des mouvements significatifs dans son secteur offensif. L&rsquo;entra\u00eeneur allemand Josef Zinnbauer a officialis\u00e9 vendredi lors d&rsquo;une conf\u00e9rence de presse au stade Hocine A\u00eft-Ahmed de Tizi-Ouzou l&rsquo;engagement du milieu offensif Mehdi Meghrem en provenance de l&rsquo;USM Alger. \u00ab\u00a0Mehdi Meghrem est officiellement avec nous, il a sign\u00e9 son contrat hier jeudi\u00a0\u00bb, a d\u00e9clar\u00e9 le technicien des Canaris, pr\u00e9cisant que d&rsquo;autres joueurs sont attendus mais que les annonces officielles rel\u00e8vent de la direction du club. Meghrem, qui vient de participer avec l&rsquo;\u00e9quipe nationale A&rsquo; au CHAN-2024 report\u00e9 \u00e0 2025, avait rejoint l&rsquo;USMA lors du dernier mercato hivernal pour un contrat de deux saisons et demie apr\u00e8s son passage au Farense au Portugal. Le joueur de 27 ans devient ainsi la septi\u00e8me recrue estivale de la JSK apr\u00e8s l&rsquo;attaquant international A&rsquo; Aymen Mahious recrut\u00e9 du CR Belouizdad, le d\u00e9fenseur central Zin\u00e9dine Bela\u00efd arriv\u00e9 de Saint-Trond en Belgique, le milieu offensif ivoirien Josaphat Arthur Bada en provenance de Singida Black Stars FC de Tanzanie, et les d\u00e9fenseurs La\u00efd Chahine Bellaouel ex-CS Constantine, Hamza Mouali ex-MC Alger et Oussama Benattia ex-MC Oran.<\/p>\n\n\n\n<p>Parall\u00e8lement \u00e0 cette arriv\u00e9e, la JSK a proc\u00e9d\u00e9 \u00e0 un remaniement de sa ligne d&rsquo;attaque avec le d\u00e9part de l&rsquo;attaquant russe Ivan Ignatev vers Orenburg en Russie. Le joueur de 26 ans, auteur de cinq buts la saison derni\u00e8re, n&rsquo;\u00e9tait jamais parvenu \u00e0 s&rsquo;adapter au football alg\u00e9rien comme il l&rsquo;avait lui-m\u00eame expliqu\u00e9 dans les m\u00e9dias de son pays. Pour combler ce d\u00e9part, les dirigeants kabyles ont obtenu le pr\u00eat de l&rsquo;attaquant alg\u00e9rien Bilal Messaoudi aupr\u00e8s de Courtrai en Belgique, o\u00f9 il lui reste une ann\u00e9e de contrat. Ancien deuxi\u00e8me meilleur buteur du championnat alg\u00e9rien en 2021 avec dix-neuf r\u00e9alisations sous les couleurs de la JS Saoura, Messaoudi avait ensuite \u00e9volu\u00e9 trois saisons en Belgique \u00e0 Courtrai avant d&rsquo;\u00eatre pr\u00eat\u00e9 successivement \u00e0 G\u00f6ztepe puis Bandirmaspor en deuxi\u00e8me division turque.<\/p>\n\n\n\n<p>Ces mouvements s&rsquo;inscrivent dans la strat\u00e9gie de renforcement men\u00e9e par la direction de la JSK en vue de la nouvelle saison. Une ou deux autres recrues sont encore attendues avant la fermeture d\u00e9finitive du mercato, t\u00e9moignant de l&rsquo;ambition affich\u00e9e par les Canaris pour cette nouvelle saison o\u00f9 ils esp\u00e8rent retrouver les sommets du football alg\u00e9rien.<\/p>\n\n\n\n<p>M.D.<\/p>\n","protected":false},"excerpt":{"rendered":"<p>\u00c0 quarante-huit heures de la cl\u00f4ture du mercato estival fix\u00e9e au 31 ao\u00fbt \u00e0 minuit, la JS Kabylie continue d&rsquo;animer<\/p>\n","protected":false},"author":6,"featured_media":72623,"comment_status":"open","ping_status":"closed","sticky":false,"template":"","format":"standard","meta":{"colormag_page_container_layout":"default_layout","colormag_page_sidebar_layout":"default_layout","om_disable_all_campaigns":false,"_monsterinsights_skip_tracking":false,"_monsterinsights_sitenote_active":false,"_monsterinsights_sitenote_note":"","_monsterinsights_sitenote_category":0,"footnotes":"","_wpscppro_dont_share_socialmedia":false,"_wpscppro_custom_social_share_image":0,"_facebook_share_type":"default","_twitter_share_type":"default","_linkedin_share_type":"default","_pinterest_share_type":"default","_linkedin_share_type_page":"","_instagram_share_type":"default","_medium_share_type":"default","_threads_share_type":"default","_google_business_share_type":"default","_selected_social_profile":[],"_wpsp_enable_custom_social_template":false,"_wpsp_social_scheduling":{"enabled":false,"datetime":null,"platforms":[],"status":"template_only","dateOption":"today","timeOption":"now","customDays":"","customHours":"","customDate":"","customTime":"","schedulingType":"absolute"},"_wpsp_active_default_template":true},"categories":[33],"tags":[],"class_list":["post-72622","post","type-post","status-publish","format-standard","has-post-thumbnail","hentry","category-sports"],"aioseo_notices":[],"yoast_head":"<!-- This site is optimized with the Yoast SEO plugin v27.4 - https:\/\/yoast.com\/product\/yoast-seo-wordpress\/ -->\n<title>La JS Kabylie finalise son mercato avec l&rsquo;arriv\u00e9e de Meghrem et Messaoudi - La Sentinelle<\/title>\n<meta name=\"robots\" content=\"index, follow, max-snippet:-1, max-image-preview:large, max-video-preview:-1\" \/>\n<link rel=\"canonical\" href=\"https:\/\/lasentinelle.dz\/index.php\/2025\/08\/31\/la-js-kabylie-finalise-son-mercato-avec-larrivee-de-meghrem-et-messaoudi\/\" \/>\n<meta property=\"og:locale\" content=\"fr_FR\" \/>\n<meta property=\"og:type\" content=\"article\" \/>\n<meta property=\"og:title\" content=\"La JS Kabylie finalise son mercato avec l&rsquo;arriv\u00e9e de Meghrem et Messaoudi - La Sentinelle\" \/>\n<meta property=\"og:description\" content=\"\u00c0 quarante-huit heures de la cl\u00f4ture du mercato estival fix\u00e9e au 31 ao\u00fbt \u00e0 minuit, la JS Kabylie continue d&rsquo;animer\" \/>\n<meta property=\"og:url\" content=\"https:\/\/lasentinelle.dz\/index.php\/2025\/08\/31\/la-js-kabylie-finalise-son-mercato-avec-larrivee-de-meghrem-et-messaoudi\/\" \/>\n<meta property=\"og:site_name\" content=\"La Sentinelle\" \/>\n<meta property=\"article:publisher\" content=\"https:\/\/www.facebook.com\/La-Sentinelle-104059864394773\" \/>\n<meta property=\"article:published_time\" content=\"2025-08-31T11:16:12+00:00\" \/>\n<meta property=\"article:modified_time\" content=\"2025-08-31T11:16:13+00:00\" \/>\n<meta property=\"og:image\" content=\"https:\/\/lasentinelle.dz\/wp-content\/uploads\/2025\/08\/merghen.jpg\" \/>\n\t<meta property=\"og:image:width\" content=\"2048\" \/>\n\t<meta property=\"og:image:height\" content=\"1152\" \/>\n\t<meta property=\"og:image:type\" content=\"image\/jpeg\" \/>\n<meta name=\"author\" content=\"admin\" \/>\n<meta name=\"twitter:card\" content=\"summary_large_image\" \/>\n<meta name=\"twitter:label1\" content=\"\u00c9crit par\" \/>\n\t<meta name=\"twitter:data1\" content=\"admin\" \/>\n\t<meta name=\"twitter:label2\" content=\"Dur\u00e9e de lecture estim\u00e9e\" \/>\n\t<meta name=\"twitter:data2\" content=\"3 minutes\" \/>\n<script type=\"application\/ld+json\" class=\"yoast-schema-graph\">{\"@context\":\"https:\\\/\\\/schema.org\",\"@graph\":[{\"@type\":\"Article\",\"@id\":\"https:\\\/\\\/lasentinelle.dz\\\/index.php\\\/2025\\\/08\\\/31\\\/la-js-kabylie-finalise-son-mercato-avec-larrivee-de-meghrem-et-messaoudi\\\/#article\",\"isPartOf\":{\"@id\":\"https:\\\/\\\/lasentinelle.dz\\\/index.php\\\/2025\\\/08\\\/31\\\/la-js-kabylie-finalise-son-mercato-avec-larrivee-de-meghrem-et-messaoudi\\\/\"},\"author\":{\"name\":\"admin\",\"@id\":\"https:\\\/\\\/lasentinelle.dz\\\/#\\\/schema\\\/person\\\/729ee0024f24e0b8c5ec17232f8e8b41\"},\"headline\":\"La JS Kabylie finalise son mercato avec l&rsquo;arriv\u00e9e de Meghrem et Messaoudi\",\"datePublished\":\"2025-08-31T11:16:12+00:00\",\"dateModified\":\"2025-08-31T11:16:13+00:00\",\"mainEntityOfPage\":{\"@id\":\"https:\\\/\\\/lasentinelle.dz\\\/index.php\\\/2025\\\/08\\\/31\\\/la-js-kabylie-finalise-son-mercato-avec-larrivee-de-meghrem-et-messaoudi\\\/\"},\"wordCount\":449,\"commentCount\":0,\"publisher\":{\"@id\":\"https:\\\/\\\/lasentinelle.dz\\\/#organization\"},\"image\":{\"@id\":\"https:\\\/\\\/lasentinelle.dz\\\/index.php\\\/2025\\\/08\\\/31\\\/la-js-kabylie-finalise-son-mercato-avec-larrivee-de-meghrem-et-messaoudi\\\/#primaryimage\"},\"thumbnailUrl\":\"https:\\\/\\\/lasentinelle.dz\\\/wp-content\\\/uploads\\\/2025\\\/08\\\/merghen.jpg\",\"articleSection\":[\"Sports\"],\"inLanguage\":\"fr-FR\",\"potentialAction\":[{\"@type\":\"CommentAction\",\"name\":\"Comment\",\"target\":[\"https:\\\/\\\/lasentinelle.dz\\\/index.php\\\/2025\\\/08\\\/31\\\/la-js-kabylie-finalise-son-mercato-avec-larrivee-de-meghrem-et-messaoudi\\\/#respond\"]}]},{\"@type\":\"WebPage\",\"@id\":\"https:\\\/\\\/lasentinelle.dz\\\/index.php\\\/2025\\\/08\\\/31\\\/la-js-kabylie-finalise-son-mercato-avec-larrivee-de-meghrem-et-messaoudi\\\/\",\"url\":\"https:\\\/\\\/lasentinelle.dz\\\/index.php\\\/2025\\\/08\\\/31\\\/la-js-kabylie-finalise-son-mercato-avec-larrivee-de-meghrem-et-messaoudi\\\/\",\"name\":\"La JS Kabylie finalise son mercato avec l&rsquo;arriv\u00e9e de Meghrem et Messaoudi - La Sentinelle\",\"isPartOf\":{\"@id\":\"https:\\\/\\\/lasentinelle.dz\\\/#website\"},\"primaryImageOfPage\":{\"@id\":\"https:\\\/\\\/lasentinelle.dz\\\/index.php\\\/2025\\\/08\\\/31\\\/la-js-kabylie-finalise-son-mercato-avec-larrivee-de-meghrem-et-messaoudi\\\/#primaryimage\"},\"image\":{\"@id\":\"https:\\\/\\\/lasentinelle.dz\\\/index.php\\\/2025\\\/08\\\/31\\\/la-js-kabylie-finalise-son-mercato-avec-larrivee-de-meghrem-et-messaoudi\\\/#primaryimage\"},\"thumbnailUrl\":\"https:\\\/\\\/lasentinelle.dz\\\/wp-content\\\/uploads\\\/2025\\\/08\\\/merghen.jpg\",\"datePublished\":\"2025-08-31T11:16:12+00:00\",\"dateModified\":\"2025-08-31T11:16:13+00:00\",\"breadcrumb\":{\"@id\":\"https:\\\/\\\/lasentinelle.dz\\\/index.php\\\/2025\\\/08\\\/31\\\/la-js-kabylie-finalise-son-mercato-avec-larrivee-de-meghrem-et-messaoudi\\\/#breadcrumb\"},\"inLanguage\":\"fr-FR\",\"potentialAction\":[{\"@type\":\"ReadAction\",\"target\":[\"https:\\\/\\\/lasentinelle.dz\\\/index.php\\\/2025\\\/08\\\/31\\\/la-js-kabylie-finalise-son-mercato-avec-larrivee-de-meghrem-et-messaoudi\\\/\"]}]},{\"@type\":\"ImageObject\",\"inLanguage\":\"fr-FR\",\"@id\":\"https:\\\/\\\/lasentinelle.dz\\\/index.php\\\/2025\\\/08\\\/31\\\/la-js-kabylie-finalise-son-mercato-avec-larrivee-de-meghrem-et-messaoudi\\\/#primaryimage\",\"url\":\"https:\\\/\\\/lasentinelle.dz\\\/wp-content\\\/uploads\\\/2025\\\/08\\\/merghen.jpg\",\"contentUrl\":\"https:\\\/\\\/lasentinelle.dz\\\/wp-content\\\/uploads\\\/2025\\\/08\\\/merghen.jpg\",\"width\":2048,\"height\":1152},{\"@type\":\"BreadcrumbList\",\"@id\":\"https:\\\/\\\/lasentinelle.dz\\\/index.php\\\/2025\\\/08\\\/31\\\/la-js-kabylie-finalise-son-mercato-avec-larrivee-de-meghrem-et-messaoudi\\\/#breadcrumb\",\"itemListElement\":[{\"@type\":\"ListItem\",\"position\":1,\"name\":\"Accueil\",\"item\":\"https:\\\/\\\/lasentinelle.dz\\\/\"},{\"@type\":\"ListItem\",\"position\":2,\"name\":\"La JS Kabylie finalise son mercato avec l&rsquo;arriv\u00e9e de Meghrem et Messaoudi\"}]},{\"@type\":\"WebSite\",\"@id\":\"https:\\\/\\\/lasentinelle.dz\\\/#website\",\"url\":\"https:\\\/\\\/lasentinelle.dz\\\/\",\"name\":\"La Sentinelle\",\"description\":\"Quotidien national d&#039;information\",\"publisher\":{\"@id\":\"https:\\\/\\\/lasentinelle.dz\\\/#organization\"},\"potentialAction\":[{\"@type\":\"SearchAction\",\"target\":{\"@type\":\"EntryPoint\",\"urlTemplate\":\"https:\\\/\\\/lasentinelle.dz\\\/?s={search_term_string}\"},\"query-input\":{\"@type\":\"PropertyValueSpecification\",\"valueRequired\":true,\"valueName\":\"search_term_string\"}}],\"inLanguage\":\"fr-FR\"},{\"@type\":\"Organization\",\"@id\":\"https:\\\/\\\/lasentinelle.dz\\\/#organization\",\"name\":\"Quotidien La Sentinelle\",\"url\":\"https:\\\/\\\/lasentinelle.dz\\\/\",\"logo\":{\"@type\":\"ImageObject\",\"inLanguage\":\"fr-FR\",\"@id\":\"https:\\\/\\\/lasentinelle.dz\\\/#\\\/schema\\\/logo\\\/image\\\/\",\"url\":\"https:\\\/\\\/lasentinelle.dz\\\/wp-content\\\/uploads\\\/2021\\\/09\\\/logo-sentinelleSLOGAN-1.png\",\"contentUrl\":\"https:\\\/\\\/lasentinelle.dz\\\/wp-content\\\/uploads\\\/2021\\\/09\\\/logo-sentinelleSLOGAN-1.png\",\"width\":615,\"height\":142,\"caption\":\"Quotidien La Sentinelle\"},\"image\":{\"@id\":\"https:\\\/\\\/lasentinelle.dz\\\/#\\\/schema\\\/logo\\\/image\\\/\"},\"sameAs\":[\"https:\\\/\\\/www.facebook.com\\\/La-Sentinelle-104059864394773\"]},{\"@type\":\"Person\",\"@id\":\"https:\\\/\\\/lasentinelle.dz\\\/#\\\/schema\\\/person\\\/729ee0024f24e0b8c5ec17232f8e8b41\",\"name\":\"admin\",\"image\":{\"@type\":\"ImageObject\",\"inLanguage\":\"fr-FR\",\"@id\":\"https:\\\/\\\/secure.gravatar.com\\\/avatar\\\/4c81fed838786e9b53f540bf46533e750f5d292099ae3b66cfc6fb1982e29df7?s=96&d=mm&r=g\",\"url\":\"https:\\\/\\\/secure.gravatar.com\\\/avatar\\\/4c81fed838786e9b53f540bf46533e750f5d292099ae3b66cfc6fb1982e29df7?s=96&d=mm&r=g\",\"contentUrl\":\"https:\\\/\\\/secure.gravatar.com\\\/avatar\\\/4c81fed838786e9b53f540bf46533e750f5d292099ae3b66cfc6fb1982e29df7?s=96&d=mm&r=g\",\"caption\":\"admin\"},\"description\":\"admin\",\"url\":\"https:\\\/\\\/lasentinelle.dz\\\/author\\\/admin\\\/\"}]}<\/script>\n<!-- \/ Yoast SEO plugin. -->","yoast_head_json":{"title":"La JS Kabylie finalise son mercato avec l&rsquo;arriv\u00e9e de Meghrem et Messaoudi - La Sentinelle","robots":{"index":"index","follow":"follow","max-snippet":"max-snippet:-1","max-image-preview":"max-image-preview:large","max-video-preview":"max-video-preview:-1"},"canonical":"https:\/\/lasentinelle.dz\/index.php\/2025\/08\/31\/la-js-kabylie-finalise-son-mercato-avec-larrivee-de-meghrem-et-messaoudi\/","og_locale":"fr_FR","og_type":"article","og_title":"La JS Kabylie finalise son mercato avec l&rsquo;arriv\u00e9e de Meghrem et Messaoudi - La Sentinelle","og_description":"\u00c0 quarante-huit heures de la cl\u00f4ture du mercato estival fix\u00e9e au 31 ao\u00fbt \u00e0 minuit, la JS Kabylie continue d&rsquo;animer","og_url":"https:\/\/lasentinelle.dz\/index.php\/2025\/08\/31\/la-js-kabylie-finalise-son-mercato-avec-larrivee-de-meghrem-et-messaoudi\/","og_site_name":"La Sentinelle","article_publisher":"https:\/\/www.facebook.com\/La-Sentinelle-104059864394773","article_published_time":"2025-08-31T11:16:12+00:00","article_modified_time":"2025-08-31T11:16:13+00:00","og_image":[{"width":2048,"height":1152,"url":"https:\/\/lasentinelle.dz\/wp-content\/uploads\/2025\/08\/merghen.jpg","type":"image\/jpeg"}],"author":"admin","twitter_card":"summary_large_image","twitter_misc":{"\u00c9crit par":"admin","Dur\u00e9e de lecture estim\u00e9e":"3 minutes"},"schema":{"@context":"https:\/\/schema.org","@graph":[{"@type":"Article","@id":"https:\/\/lasentinelle.dz\/index.php\/2025\/08\/31\/la-js-kabylie-finalise-son-mercato-avec-larrivee-de-meghrem-et-messaoudi\/#article","isPartOf":{"@id":"https:\/\/lasentinelle.dz\/index.php\/2025\/08\/31\/la-js-kabylie-finalise-son-mercato-avec-larrivee-de-meghrem-et-messaoudi\/"},"author":{"name":"admin","@id":"https:\/\/lasentinelle.dz\/#\/schema\/person\/729ee0024f24e0b8c5ec17232f8e8b41"},"headline":"La JS Kabylie finalise son mercato avec l&rsquo;arriv\u00e9e de Meghrem et Messaoudi","datePublished":"2025-08-31T11:16:12+00:00","dateModified":"2025-08-31T11:16:13+00:00","mainEntityOfPage":{"@id":"https:\/\/lasentinelle.dz\/index.php\/2025\/08\/31\/la-js-kabylie-finalise-son-mercato-avec-larrivee-de-meghrem-et-messaoudi\/"},"wordCount":449,"commentCount":0,"publisher":{"@id":"https:\/\/lasentinelle.dz\/#organization"},"image":{"@id":"https:\/\/lasentinelle.dz\/index.php\/2025\/08\/31\/la-js-kabylie-finalise-son-mercato-avec-larrivee-de-meghrem-et-messaoudi\/#primaryimage"},"thumbnailUrl":"https:\/\/lasentinelle.dz\/wp-content\/uploads\/2025\/08\/merghen.jpg","articleSection":["Sports"],"inLanguage":"fr-FR","potentialAction":[{"@type":"CommentAction","name":"Comment","target":["https:\/\/lasentinelle.dz\/index.php\/2025\/08\/31\/la-js-kabylie-finalise-son-mercato-avec-larrivee-de-meghrem-et-messaoudi\/#respond"]}]},{"@type":"WebPage","@id":"https:\/\/lasentinelle.dz\/index.php\/2025\/08\/31\/la-js-kabylie-finalise-son-mercato-avec-larrivee-de-meghrem-et-messaoudi\/","url":"https:\/\/lasentinelle.dz\/index.php\/2025\/08\/31\/la-js-kabylie-finalise-son-mercato-avec-larrivee-de-meghrem-et-messaoudi\/","name":"La JS Kabylie finalise son mercato avec l&rsquo;arriv\u00e9e de Meghrem et Messaoudi - La Sentinelle","isPartOf":{"@id":"https:\/\/lasentinelle.dz\/#website"},"primaryImageOfPage":{"@id":"https:\/\/lasentinelle.dz\/index.php\/2025\/08\/31\/la-js-kabylie-finalise-son-mercato-avec-larrivee-de-meghrem-et-messaoudi\/#primaryimage"},"image":{"@id":"https:\/\/lasentinelle.dz\/index.php\/2025\/08\/31\/la-js-kabylie-finalise-son-mercato-avec-larrivee-de-meghrem-et-messaoudi\/#primaryimage"},"thumbnailUrl":"https:\/\/lasentinelle.dz\/wp-content\/uploads\/2025\/08\/merghen.jpg","datePublished":"2025-08-31T11:16:12+00:00","dateModified":"2025-08-31T11:16:13+00:00","breadcrumb":{"@id":"https:\/\/lasentinelle.dz\/index.php\/2025\/08\/31\/la-js-kabylie-finalise-son-mercato-avec-larrivee-de-meghrem-et-messaoudi\/#breadcrumb"},"inLanguage":"fr-FR","potentialAction":[{"@type":"ReadAction","target":["https:\/\/lasentinelle.dz\/index.php\/2025\/08\/31\/la-js-kabylie-finalise-son-mercato-avec-larrivee-de-meghrem-et-messaoudi\/"]}]},{"@type":"ImageObject","inLanguage":"fr-FR","@id":"https:\/\/lasentinelle.dz\/index.php\/2025\/08\/31\/la-js-kabylie-finalise-son-mercato-avec-larrivee-de-meghrem-et-messaoudi\/#primaryimage","url":"https:\/\/lasentinelle.dz\/wp-content\/uploads\/2025\/08\/merghen.jpg","contentUrl":"https:\/\/lasentinelle.dz\/wp-content\/uploads\/2025\/08\/merghen.jpg","width":2048,"height":1152},{"@type":"BreadcrumbList","@id":"https:\/\/lasentinelle.dz\/index.php\/2025\/08\/31\/la-js-kabylie-finalise-son-mercato-avec-larrivee-de-meghrem-et-messaoudi\/#breadcrumb","itemListElement":[{"@type":"ListItem","position":1,"name":"Accueil","item":"https:\/\/lasentinelle.dz\/"},{"@type":"ListItem","position":2,"name":"La JS Kabylie finalise son mercato avec l&rsquo;arriv\u00e9e de Meghrem et Messaoudi"}]},{"@type":"WebSite","@id":"https:\/\/lasentinelle.dz\/#website","url":"https:\/\/lasentinelle.dz\/","name":"La Sentinelle","description":"Quotidien national d&#039;information","publisher":{"@id":"https:\/\/lasentinelle.dz\/#organization"},"potentialAction":[{"@type":"SearchAction","target":{"@type":"EntryPoint","urlTemplate":"https:\/\/lasentinelle.dz\/?s={search_term_string}"},"query-input":{"@type":"PropertyValueSpecification","valueRequired":true,"valueName":"search_term_string"}}],"inLanguage":"fr-FR"},{"@type":"Organization","@id":"https:\/\/lasentinelle.dz\/#organization","name":"Quotidien La Sentinelle","url":"https:\/\/lasentinelle.dz\/","logo":{"@type":"ImageObject","inLanguage":"fr-FR","@id":"https:\/\/lasentinelle.dz\/#\/schema\/logo\/image\/","url":"https:\/\/lasentinelle.dz\/wp-content\/uploads\/2021\/09\/logo-sentinelleSLOGAN-1.png","contentUrl":"https:\/\/lasentinelle.dz\/wp-content\/uploads\/2021\/09\/logo-sentinelleSLOGAN-1.png","width":615,"height":142,"caption":"Quotidien La Sentinelle"},"image":{"@id":"https:\/\/lasentinelle.dz\/#\/schema\/logo\/image\/"},"sameAs":["https:\/\/www.facebook.com\/La-Sentinelle-104059864394773"]},{"@type":"Person","@id":"https:\/\/lasentinelle.dz\/#\/schema\/person\/729ee0024f24e0b8c5ec17232f8e8b41","name":"admin","image":{"@type":"ImageObject","inLanguage":"fr-FR","@id":"https:\/\/secure.gravatar.com\/avatar\/4c81fed838786e9b53f540bf46533e750f5d292099ae3b66cfc6fb1982e29df7?s=96&d=mm&r=g","url":"https:\/\/secure.gravatar.com\/avatar\/4c81fed838786e9b53f540bf46533e750f5d292099ae3b66cfc6fb1982e29df7?s=96&d=mm&r=g","contentUrl":"https:\/\/secure.gravatar.com\/avatar\/4c81fed838786e9b53f540bf46533e750f5d292099ae3b66cfc6fb1982e29df7?s=96&d=mm&r=g","caption":"admin"},"description":"admin","url":"https:\/\/lasentinelle.dz\/author\/admin\/"}]}},"_links":{"self":[{"href":"https:\/\/lasentinelle.dz\/index.php\/wp-json\/wp\/v2\/posts\/72622","targetHints":{"allow":["GET"]}}],"collection":[{"href":"https:\/\/lasentinelle.dz\/index.php\/wp-json\/wp\/v2\/posts"}],"about":[{"href":"https:\/\/lasentinelle.dz\/index.php\/wp-json\/wp\/v2\/types\/post"}],"author":[{"embeddable":true,"href":"https:\/\/lasentinelle.dz\/index.php\/wp-json\/wp\/v2\/users\/6"}],"replies":[{"embeddable":true,"href":"https:\/\/lasentinelle.dz\/index.php\/wp-json\/wp\/v2\/comments?post=72622"}],"version-history":[{"count":2,"href":"https:\/\/lasentinelle.dz\/index.php\/wp-json\/wp\/v2\/posts\/72622\/revisions"}],"predecessor-version":[{"id":72625,"href":"https:\/\/lasentinelle.dz\/index.php\/wp-json\/wp\/v2\/posts\/72622\/revisions\/72625"}],"wp:featuredmedia":[{"embeddable":true,"href":"https:\/\/lasentinelle.dz\/index.php\/wp-json\/wp\/v2\/media\/72623"}],"wp:attachment":[{"href":"https:\/\/lasentinelle.dz\/index.php\/wp-json\/wp\/v2\/media?parent=72622"}],"wp:term":[{"taxonomy":"category","embeddable":true,"href":"https:\/\/lasentinelle.dz\/index.php\/wp-json\/wp\/v2\/categories?post=72622"},{"taxonomy":"post_tag","embeddable":true,"href":"https:\/\/lasentinelle.dz\/index.php\/wp-json\/wp\/v2\/tags?post=72622"}],"curies":[{"name":"wp","href":"https:\/\/api.w.org\/{rel}","templated":true}]}}