{"id":72626,"date":"2025-08-31T12:17:05","date_gmt":"2025-08-31T11:17:05","guid":{"rendered":"https:\/\/lasentinelle.dz\/?p=72626"},"modified":"2025-08-31T12:17:06","modified_gmt":"2025-08-31T11:17:06","slug":"ligue-1-mobilis-akbou-et-rouissat-prennent-les-commandes","status":"publish","type":"post","link":"https:\/\/lasentinelle.dz\/index.php\/2025\/08\/31\/ligue-1-mobilis-akbou-et-rouissat-prennent-les-commandes\/","title":{"rendered":"Ligue 1 Mobilis\u00a0: Akbou et Rouissat prennent les commandes"},"content":{"rendered":"\n<p>L&rsquo;Olympique Akbou et le nouveau promu MB Rouissat ont pris provisoirement les commandes du championnat de Ligue 1 Mobilis apr\u00e8s leurs victoires respectives lors de l&rsquo;ouverture de la deuxi\u00e8me journ\u00e9e disput\u00e9e vendredi.<\/p>\n\n\n\n<p>Les deux formations affichent d\u00e9sormais un bilan parfait de six points apr\u00e8s deux rencontres, s&rsquo;imposant comme les premi\u00e8res surprises de ce d\u00e9but de saison. L&rsquo;\u00e9quipe dirig\u00e9e par Lotfi Amrouche a confirm\u00e9 son excellent d\u00e9part en dominant le MC Oran sur le score minimal de 1-0 gr\u00e2ce \u00e0 une r\u00e9alisation de Mehdaoui juste avant la pause \u00e0 la quarante-troisi\u00e8me minute. Cette victoire constitue le deuxi\u00e8me succ\u00e8s cons\u00e9cutif des Akbouciens \u00e0 domicile apr\u00e8s leur triomphe inaugural face \u00e0 l&rsquo;ES Mostaganem sur le m\u00eame score, d\u00e9montrant une solidit\u00e9 d\u00e9fensive remarquable et une efficacit\u00e9 offensive redoutable dans les moments cl\u00e9s.<\/p>\n\n\n\n<p>La fin de rencontre face aux Oranais a \u00e9t\u00e9 particuli\u00e8rement riche en \u00e9motions avec un penalty manqu\u00e9 par Mouley dans le temps additionnel, l&rsquo;attaquant du MCO \u00e9chouant \u00e0 deux reprises face au portier akboucien Klileche lors de la quatre-vingt-dixi\u00e8me minute plus six. L&rsquo;arbitre a cors\u00e9 les derniers instants en expulsant le milieu de terrain de l&rsquo;Olympique Akbou Zidi une minute plus tard, mais les locaux ont su pr\u00e9server leur avantage malgr\u00e9 cette inf\u00e9riorit\u00e9 num\u00e9rique. Cette victoire confirme les ambitions l\u00e9gitimes d&rsquo;une formation akboucienne qui semble avoir trouv\u00e9 la recette du succ\u00e8s sous la houlette de son entra\u00eeneur exp\u00e9riment\u00e9.<\/p>\n\n\n\n<p>Au stade du 18 f\u00e9vrier d&rsquo;Ouargla, le MB Rouissat continue de r\u00e9ussir parfaitement son apprentissage parmi l&rsquo;\u00e9lite du football alg\u00e9rien en disposant du MC El-Bayadh sur le score de 1-0. Apr\u00e8s avoir cr\u00e9\u00e9 la sensation lors de la premi\u00e8re journ\u00e9e en s&rsquo;imposant face \u00e0 la JS Saoura \u00e0 B\u00e9char, les prot\u00e9g\u00e9s d&rsquo;Abdelkader Amrani ont r\u00e9cidiv\u00e9 gr\u00e2ce \u00e0 une r\u00e9alisation de Ben Kheira inscrite peu avant la mi-temps \u00e0 la quarante-troisi\u00e8me minute. Ce deuxi\u00e8me succ\u00e8s cons\u00e9cutif place le club de Rouissat dans une position inattendue de co-leader et t\u00e9moigne de la qualit\u00e9 du travail effectu\u00e9 lors de la pr\u00e9paration estivale.<\/p>\n\n\n\n<p>La situation devient en revanche pr\u00e9occupante pour le MC El-Bayadh qui conc\u00e8de sa deuxi\u00e8me d\u00e9faite en autant de matchs et r\u00e9alise un d\u00e9but de saison catastrophique bien en de\u00e7\u00e0 des attentes de ses supporters. L&rsquo;ES S\u00e9tif a manqu\u00e9 une belle opportunit\u00e9 de remporter sa premi\u00e8re victoire en se faisant tenir en \u00e9chec par la JS Saoura sur le score de 1-1 dans son antre du 8-mai 1945 \u00e0 huis clos. Les S\u00e9tifiens croyaient pourtant avoir fait l&rsquo;essentiel en ouvrant la marque gr\u00e2ce \u00e0 leur nouvelle recrue l&rsquo;attaquant rwandais Abeddy Biramahire sur penalty \u00e0 la cinquante-troisi\u00e8me minute, mais les B\u00e9charis ont rapidement r\u00e9agi par l&rsquo;interm\u00e9diaire de leur renfort ivoirien Constant Wayou \u00e0 la soixante-quatri\u00e8me minute. Ce partage des points maintient l&rsquo;Entente dans une situation d\u00e9licate apr\u00e8s le nul arrach\u00e9 \u00e0 Khenchela lors de la premi\u00e8re journ\u00e9e tandis que la JSS se rach\u00e8te partiellement de sa surprenante d\u00e9faite inaugurale \u00e0 domicile face au MBR. Le derby alg\u00e9rois tant attendu entre l&rsquo;USM Alger et le MC Alger cl\u00f4turera cette deuxi\u00e8me journ\u00e9e dimanche au stade Mustapha-Tchaker de Blida \u00e0 dix-neuf heures.<\/p>\n\n\n\n<p>Moncef Dahleb<\/p>\n","protected":false},"excerpt":{"rendered":"<p>L&rsquo;Olympique Akbou et le nouveau promu MB Rouissat ont pris provisoirement les commandes du championnat de Ligue 1 Mobilis apr\u00e8s<\/p>\n","protected":false},"author":6,"featured_media":72627,"comment_status":"open","ping_status":"closed","sticky":false,"template":"","format":"standard","meta":{"colormag_page_container_layout":"default_layout","colormag_page_sidebar_layout":"default_layout","om_disable_all_campaigns":false,"_monsterinsights_skip_tracking":false,"_monsterinsights_sitenote_active":false,"_monsterinsights_sitenote_note":"","_monsterinsights_sitenote_category":0,"footnotes":"","_wpscppro_dont_share_socialmedia":false,"_wpscppro_custom_social_share_image":0,"_facebook_share_type":"default","_twitter_share_type":"default","_linkedin_share_type":"default","_pinterest_share_type":"default","_linkedin_share_type_page":"","_instagram_share_type":"default","_medium_share_type":"default","_threads_share_type":"default","_google_business_share_type":"default","_selected_social_profile":[],"_wpsp_enable_custom_social_template":false,"_wpsp_social_scheduling":{"enabled":false,"datetime":null,"platforms":[],"status":"template_only","dateOption":"today","timeOption":"now","customDays":"","customHours":"","customDate":"","customTime":"","schedulingType":"absolute"},"_wpsp_active_default_template":true},"categories":[33],"tags":[],"class_list":["post-72626","post","type-post","status-publish","format-standard","has-post-thumbnail","hentry","category-sports"],"aioseo_notices":[],"yoast_head":"<!-- This site is optimized with the Yoast SEO plugin v27.4 - https:\/\/yoast.com\/product\/yoast-seo-wordpress\/ -->\n<title>Ligue 1 Mobilis\u00a0: Akbou et Rouissat prennent les commandes - La Sentinelle<\/title>\n<meta name=\"robots\" content=\"index, follow, max-snippet:-1, max-image-preview:large, max-video-preview:-1\" \/>\n<link rel=\"canonical\" href=\"https:\/\/lasentinelle.dz\/index.php\/2025\/08\/31\/ligue-1-mobilis-akbou-et-rouissat-prennent-les-commandes\/\" \/>\n<meta property=\"og:locale\" content=\"fr_FR\" \/>\n<meta property=\"og:type\" content=\"article\" \/>\n<meta property=\"og:title\" content=\"Ligue 1 Mobilis\u00a0: Akbou et Rouissat prennent les commandes - La Sentinelle\" \/>\n<meta property=\"og:description\" content=\"L&rsquo;Olympique Akbou et le nouveau promu MB Rouissat ont pris provisoirement les commandes du championnat de Ligue 1 Mobilis apr\u00e8s\" \/>\n<meta property=\"og:url\" content=\"https:\/\/lasentinelle.dz\/index.php\/2025\/08\/31\/ligue-1-mobilis-akbou-et-rouissat-prennent-les-commandes\/\" \/>\n<meta property=\"og:site_name\" content=\"La Sentinelle\" \/>\n<meta property=\"article:publisher\" content=\"https:\/\/www.facebook.com\/La-Sentinelle-104059864394773\" \/>\n<meta property=\"article:published_time\" content=\"2025-08-31T11:17:05+00:00\" \/>\n<meta property=\"article:modified_time\" content=\"2025-08-31T11:17:06+00:00\" \/>\n<meta property=\"og:image\" content=\"https:\/\/lasentinelle.dz\/wp-content\/uploads\/2025\/08\/MB-Rouissat.jpg\" \/>\n\t<meta property=\"og:image:width\" content=\"1145\" \/>\n\t<meta property=\"og:image:height\" content=\"928\" \/>\n\t<meta property=\"og:image:type\" content=\"image\/jpeg\" \/>\n<meta name=\"author\" content=\"admin\" \/>\n<meta name=\"twitter:card\" content=\"summary_large_image\" \/>\n<meta name=\"twitter:label1\" content=\"\u00c9crit par\" \/>\n\t<meta name=\"twitter:data1\" content=\"admin\" \/>\n\t<meta name=\"twitter:label2\" content=\"Dur\u00e9e de lecture estim\u00e9e\" \/>\n\t<meta name=\"twitter:data2\" content=\"3 minutes\" \/>\n<script type=\"application\/ld+json\" class=\"yoast-schema-graph\">{\"@context\":\"https:\\\/\\\/schema.org\",\"@graph\":[{\"@type\":\"Article\",\"@id\":\"https:\\\/\\\/lasentinelle.dz\\\/index.php\\\/2025\\\/08\\\/31\\\/ligue-1-mobilis-akbou-et-rouissat-prennent-les-commandes\\\/#article\",\"isPartOf\":{\"@id\":\"https:\\\/\\\/lasentinelle.dz\\\/index.php\\\/2025\\\/08\\\/31\\\/ligue-1-mobilis-akbou-et-rouissat-prennent-les-commandes\\\/\"},\"author\":{\"name\":\"admin\",\"@id\":\"https:\\\/\\\/lasentinelle.dz\\\/#\\\/schema\\\/person\\\/729ee0024f24e0b8c5ec17232f8e8b41\"},\"headline\":\"Ligue 1 Mobilis\u00a0: Akbou et Rouissat prennent les commandes\",\"datePublished\":\"2025-08-31T11:17:05+00:00\",\"dateModified\":\"2025-08-31T11:17:06+00:00\",\"mainEntityOfPage\":{\"@id\":\"https:\\\/\\\/lasentinelle.dz\\\/index.php\\\/2025\\\/08\\\/31\\\/ligue-1-mobilis-akbou-et-rouissat-prennent-les-commandes\\\/\"},\"wordCount\":585,\"commentCount\":0,\"publisher\":{\"@id\":\"https:\\\/\\\/lasentinelle.dz\\\/#organization\"},\"image\":{\"@id\":\"https:\\\/\\\/lasentinelle.dz\\\/index.php\\\/2025\\\/08\\\/31\\\/ligue-1-mobilis-akbou-et-rouissat-prennent-les-commandes\\\/#primaryimage\"},\"thumbnailUrl\":\"https:\\\/\\\/lasentinelle.dz\\\/wp-content\\\/uploads\\\/2025\\\/08\\\/MB-Rouissat.jpg\",\"articleSection\":[\"Sports\"],\"inLanguage\":\"fr-FR\",\"potentialAction\":[{\"@type\":\"CommentAction\",\"name\":\"Comment\",\"target\":[\"https:\\\/\\\/lasentinelle.dz\\\/index.php\\\/2025\\\/08\\\/31\\\/ligue-1-mobilis-akbou-et-rouissat-prennent-les-commandes\\\/#respond\"]}]},{\"@type\":\"WebPage\",\"@id\":\"https:\\\/\\\/lasentinelle.dz\\\/index.php\\\/2025\\\/08\\\/31\\\/ligue-1-mobilis-akbou-et-rouissat-prennent-les-commandes\\\/\",\"url\":\"https:\\\/\\\/lasentinelle.dz\\\/index.php\\\/2025\\\/08\\\/31\\\/ligue-1-mobilis-akbou-et-rouissat-prennent-les-commandes\\\/\",\"name\":\"Ligue 1 Mobilis\u00a0: Akbou et Rouissat prennent les commandes - La Sentinelle\",\"isPartOf\":{\"@id\":\"https:\\\/\\\/lasentinelle.dz\\\/#website\"},\"primaryImageOfPage\":{\"@id\":\"https:\\\/\\\/lasentinelle.dz\\\/index.php\\\/2025\\\/08\\\/31\\\/ligue-1-mobilis-akbou-et-rouissat-prennent-les-commandes\\\/#primaryimage\"},\"image\":{\"@id\":\"https:\\\/\\\/lasentinelle.dz\\\/index.php\\\/2025\\\/08\\\/31\\\/ligue-1-mobilis-akbou-et-rouissat-prennent-les-commandes\\\/#primaryimage\"},\"thumbnailUrl\":\"https:\\\/\\\/lasentinelle.dz\\\/wp-content\\\/uploads\\\/2025\\\/08\\\/MB-Rouissat.jpg\",\"datePublished\":\"2025-08-31T11:17:05+00:00\",\"dateModified\":\"2025-08-31T11:17:06+00:00\",\"breadcrumb\":{\"@id\":\"https:\\\/\\\/lasentinelle.dz\\\/index.php\\\/2025\\\/08\\\/31\\\/ligue-1-mobilis-akbou-et-rouissat-prennent-les-commandes\\\/#breadcrumb\"},\"inLanguage\":\"fr-FR\",\"potentialAction\":[{\"@type\":\"ReadAction\",\"target\":[\"https:\\\/\\\/lasentinelle.dz\\\/index.php\\\/2025\\\/08\\\/31\\\/ligue-1-mobilis-akbou-et-rouissat-prennent-les-commandes\\\/\"]}]},{\"@type\":\"ImageObject\",\"inLanguage\":\"fr-FR\",\"@id\":\"https:\\\/\\\/lasentinelle.dz\\\/index.php\\\/2025\\\/08\\\/31\\\/ligue-1-mobilis-akbou-et-rouissat-prennent-les-commandes\\\/#primaryimage\",\"url\":\"https:\\\/\\\/lasentinelle.dz\\\/wp-content\\\/uploads\\\/2025\\\/08\\\/MB-Rouissat.jpg\",\"contentUrl\":\"https:\\\/\\\/lasentinelle.dz\\\/wp-content\\\/uploads\\\/2025\\\/08\\\/MB-Rouissat.jpg\",\"width\":1145,\"height\":928},{\"@type\":\"BreadcrumbList\",\"@id\":\"https:\\\/\\\/lasentinelle.dz\\\/index.php\\\/2025\\\/08\\\/31\\\/ligue-1-mobilis-akbou-et-rouissat-prennent-les-commandes\\\/#breadcrumb\",\"itemListElement\":[{\"@type\":\"ListItem\",\"position\":1,\"name\":\"Accueil\",\"item\":\"https:\\\/\\\/lasentinelle.dz\\\/\"},{\"@type\":\"ListItem\",\"position\":2,\"name\":\"Ligue 1 Mobilis\u00a0: Akbou et Rouissat prennent les commandes\"}]},{\"@type\":\"WebSite\",\"@id\":\"https:\\\/\\\/lasentinelle.dz\\\/#website\",\"url\":\"https:\\\/\\\/lasentinelle.dz\\\/\",\"name\":\"La Sentinelle\",\"description\":\"Quotidien national d&#039;information\",\"publisher\":{\"@id\":\"https:\\\/\\\/lasentinelle.dz\\\/#organization\"},\"potentialAction\":[{\"@type\":\"SearchAction\",\"target\":{\"@type\":\"EntryPoint\",\"urlTemplate\":\"https:\\\/\\\/lasentinelle.dz\\\/?s={search_term_string}\"},\"query-input\":{\"@type\":\"PropertyValueSpecification\",\"valueRequired\":true,\"valueName\":\"search_term_string\"}}],\"inLanguage\":\"fr-FR\"},{\"@type\":\"Organization\",\"@id\":\"https:\\\/\\\/lasentinelle.dz\\\/#organization\",\"name\":\"Quotidien La Sentinelle\",\"url\":\"https:\\\/\\\/lasentinelle.dz\\\/\",\"logo\":{\"@type\":\"ImageObject\",\"inLanguage\":\"fr-FR\",\"@id\":\"https:\\\/\\\/lasentinelle.dz\\\/#\\\/schema\\\/logo\\\/image\\\/\",\"url\":\"https:\\\/\\\/lasentinelle.dz\\\/wp-content\\\/uploads\\\/2021\\\/09\\\/logo-sentinelleSLOGAN-1.png\",\"contentUrl\":\"https:\\\/\\\/lasentinelle.dz\\\/wp-content\\\/uploads\\\/2021\\\/09\\\/logo-sentinelleSLOGAN-1.png\",\"width\":615,\"height\":142,\"caption\":\"Quotidien La Sentinelle\"},\"image\":{\"@id\":\"https:\\\/\\\/lasentinelle.dz\\\/#\\\/schema\\\/logo\\\/image\\\/\"},\"sameAs\":[\"https:\\\/\\\/www.facebook.com\\\/La-Sentinelle-104059864394773\"]},{\"@type\":\"Person\",\"@id\":\"https:\\\/\\\/lasentinelle.dz\\\/#\\\/schema\\\/person\\\/729ee0024f24e0b8c5ec17232f8e8b41\",\"name\":\"admin\",\"image\":{\"@type\":\"ImageObject\",\"inLanguage\":\"fr-FR\",\"@id\":\"https:\\\/\\\/secure.gravatar.com\\\/avatar\\\/4c81fed838786e9b53f540bf46533e750f5d292099ae3b66cfc6fb1982e29df7?s=96&d=mm&r=g\",\"url\":\"https:\\\/\\\/secure.gravatar.com\\\/avatar\\\/4c81fed838786e9b53f540bf46533e750f5d292099ae3b66cfc6fb1982e29df7?s=96&d=mm&r=g\",\"contentUrl\":\"https:\\\/\\\/secure.gravatar.com\\\/avatar\\\/4c81fed838786e9b53f540bf46533e750f5d292099ae3b66cfc6fb1982e29df7?s=96&d=mm&r=g\",\"caption\":\"admin\"},\"description\":\"admin\",\"url\":\"https:\\\/\\\/lasentinelle.dz\\\/author\\\/admin\\\/\"}]}<\/script>\n<!-- \/ Yoast SEO plugin. -->","yoast_head_json":{"title":"Ligue 1 Mobilis\u00a0: Akbou et Rouissat prennent les commandes - La Sentinelle","robots":{"index":"index","follow":"follow","max-snippet":"max-snippet:-1","max-image-preview":"max-image-preview:large","max-video-preview":"max-video-preview:-1"},"canonical":"https:\/\/lasentinelle.dz\/index.php\/2025\/08\/31\/ligue-1-mobilis-akbou-et-rouissat-prennent-les-commandes\/","og_locale":"fr_FR","og_type":"article","og_title":"Ligue 1 Mobilis\u00a0: Akbou et Rouissat prennent les commandes - La Sentinelle","og_description":"L&rsquo;Olympique Akbou et le nouveau promu MB Rouissat ont pris provisoirement les commandes du championnat de Ligue 1 Mobilis apr\u00e8s","og_url":"https:\/\/lasentinelle.dz\/index.php\/2025\/08\/31\/ligue-1-mobilis-akbou-et-rouissat-prennent-les-commandes\/","og_site_name":"La Sentinelle","article_publisher":"https:\/\/www.facebook.com\/La-Sentinelle-104059864394773","article_published_time":"2025-08-31T11:17:05+00:00","article_modified_time":"2025-08-31T11:17:06+00:00","og_image":[{"width":1145,"height":928,"url":"https:\/\/lasentinelle.dz\/wp-content\/uploads\/2025\/08\/MB-Rouissat.jpg","type":"image\/jpeg"}],"author":"admin","twitter_card":"summary_large_image","twitter_misc":{"\u00c9crit par":"admin","Dur\u00e9e de lecture estim\u00e9e":"3 minutes"},"schema":{"@context":"https:\/\/schema.org","@graph":[{"@type":"Article","@id":"https:\/\/lasentinelle.dz\/index.php\/2025\/08\/31\/ligue-1-mobilis-akbou-et-rouissat-prennent-les-commandes\/#article","isPartOf":{"@id":"https:\/\/lasentinelle.dz\/index.php\/2025\/08\/31\/ligue-1-mobilis-akbou-et-rouissat-prennent-les-commandes\/"},"author":{"name":"admin","@id":"https:\/\/lasentinelle.dz\/#\/schema\/person\/729ee0024f24e0b8c5ec17232f8e8b41"},"headline":"Ligue 1 Mobilis\u00a0: Akbou et Rouissat prennent les commandes","datePublished":"2025-08-31T11:17:05+00:00","dateModified":"2025-08-31T11:17:06+00:00","mainEntityOfPage":{"@id":"https:\/\/lasentinelle.dz\/index.php\/2025\/08\/31\/ligue-1-mobilis-akbou-et-rouissat-prennent-les-commandes\/"},"wordCount":585,"commentCount":0,"publisher":{"@id":"https:\/\/lasentinelle.dz\/#organization"},"image":{"@id":"https:\/\/lasentinelle.dz\/index.php\/2025\/08\/31\/ligue-1-mobilis-akbou-et-rouissat-prennent-les-commandes\/#primaryimage"},"thumbnailUrl":"https:\/\/lasentinelle.dz\/wp-content\/uploads\/2025\/08\/MB-Rouissat.jpg","articleSection":["Sports"],"inLanguage":"fr-FR","potentialAction":[{"@type":"CommentAction","name":"Comment","target":["https:\/\/lasentinelle.dz\/index.php\/2025\/08\/31\/ligue-1-mobilis-akbou-et-rouissat-prennent-les-commandes\/#respond"]}]},{"@type":"WebPage","@id":"https:\/\/lasentinelle.dz\/index.php\/2025\/08\/31\/ligue-1-mobilis-akbou-et-rouissat-prennent-les-commandes\/","url":"https:\/\/lasentinelle.dz\/index.php\/2025\/08\/31\/ligue-1-mobilis-akbou-et-rouissat-prennent-les-commandes\/","name":"Ligue 1 Mobilis\u00a0: Akbou et Rouissat prennent les commandes - La Sentinelle","isPartOf":{"@id":"https:\/\/lasentinelle.dz\/#website"},"primaryImageOfPage":{"@id":"https:\/\/lasentinelle.dz\/index.php\/2025\/08\/31\/ligue-1-mobilis-akbou-et-rouissat-prennent-les-commandes\/#primaryimage"},"image":{"@id":"https:\/\/lasentinelle.dz\/index.php\/2025\/08\/31\/ligue-1-mobilis-akbou-et-rouissat-prennent-les-commandes\/#primaryimage"},"thumbnailUrl":"https:\/\/lasentinelle.dz\/wp-content\/uploads\/2025\/08\/MB-Rouissat.jpg","datePublished":"2025-08-31T11:17:05+00:00","dateModified":"2025-08-31T11:17:06+00:00","breadcrumb":{"@id":"https:\/\/lasentinelle.dz\/index.php\/2025\/08\/31\/ligue-1-mobilis-akbou-et-rouissat-prennent-les-commandes\/#breadcrumb"},"inLanguage":"fr-FR","potentialAction":[{"@type":"ReadAction","target":["https:\/\/lasentinelle.dz\/index.php\/2025\/08\/31\/ligue-1-mobilis-akbou-et-rouissat-prennent-les-commandes\/"]}]},{"@type":"ImageObject","inLanguage":"fr-FR","@id":"https:\/\/lasentinelle.dz\/index.php\/2025\/08\/31\/ligue-1-mobilis-akbou-et-rouissat-prennent-les-commandes\/#primaryimage","url":"https:\/\/lasentinelle.dz\/wp-content\/uploads\/2025\/08\/MB-Rouissat.jpg","contentUrl":"https:\/\/lasentinelle.dz\/wp-content\/uploads\/2025\/08\/MB-Rouissat.jpg","width":1145,"height":928},{"@type":"BreadcrumbList","@id":"https:\/\/lasentinelle.dz\/index.php\/2025\/08\/31\/ligue-1-mobilis-akbou-et-rouissat-prennent-les-commandes\/#breadcrumb","itemListElement":[{"@type":"ListItem","position":1,"name":"Accueil","item":"https:\/\/lasentinelle.dz\/"},{"@type":"ListItem","position":2,"name":"Ligue 1 Mobilis\u00a0: Akbou et Rouissat prennent les commandes"}]},{"@type":"WebSite","@id":"https:\/\/lasentinelle.dz\/#website","url":"https:\/\/lasentinelle.dz\/","name":"La Sentinelle","description":"Quotidien national d&#039;information","publisher":{"@id":"https:\/\/lasentinelle.dz\/#organization"},"potentialAction":[{"@type":"SearchAction","target":{"@type":"EntryPoint","urlTemplate":"https:\/\/lasentinelle.dz\/?s={search_term_string}"},"query-input":{"@type":"PropertyValueSpecification","valueRequired":true,"valueName":"search_term_string"}}],"inLanguage":"fr-FR"},{"@type":"Organization","@id":"https:\/\/lasentinelle.dz\/#organization","name":"Quotidien La Sentinelle","url":"https:\/\/lasentinelle.dz\/","logo":{"@type":"ImageObject","inLanguage":"fr-FR","@id":"https:\/\/lasentinelle.dz\/#\/schema\/logo\/image\/","url":"https:\/\/lasentinelle.dz\/wp-content\/uploads\/2021\/09\/logo-sentinelleSLOGAN-1.png","contentUrl":"https:\/\/lasentinelle.dz\/wp-content\/uploads\/2021\/09\/logo-sentinelleSLOGAN-1.png","width":615,"height":142,"caption":"Quotidien La Sentinelle"},"image":{"@id":"https:\/\/lasentinelle.dz\/#\/schema\/logo\/image\/"},"sameAs":["https:\/\/www.facebook.com\/La-Sentinelle-104059864394773"]},{"@type":"Person","@id":"https:\/\/lasentinelle.dz\/#\/schema\/person\/729ee0024f24e0b8c5ec17232f8e8b41","name":"admin","image":{"@type":"ImageObject","inLanguage":"fr-FR","@id":"https:\/\/secure.gravatar.com\/avatar\/4c81fed838786e9b53f540bf46533e750f5d292099ae3b66cfc6fb1982e29df7?s=96&d=mm&r=g","url":"https:\/\/secure.gravatar.com\/avatar\/4c81fed838786e9b53f540bf46533e750f5d292099ae3b66cfc6fb1982e29df7?s=96&d=mm&r=g","contentUrl":"https:\/\/secure.gravatar.com\/avatar\/4c81fed838786e9b53f540bf46533e750f5d292099ae3b66cfc6fb1982e29df7?s=96&d=mm&r=g","caption":"admin"},"description":"admin","url":"https:\/\/lasentinelle.dz\/author\/admin\/"}]}},"_links":{"self":[{"href":"https:\/\/lasentinelle.dz\/index.php\/wp-json\/wp\/v2\/posts\/72626","targetHints":{"allow":["GET"]}}],"collection":[{"href":"https:\/\/lasentinelle.dz\/index.php\/wp-json\/wp\/v2\/posts"}],"about":[{"href":"https:\/\/lasentinelle.dz\/index.php\/wp-json\/wp\/v2\/types\/post"}],"author":[{"embeddable":true,"href":"https:\/\/lasentinelle.dz\/index.php\/wp-json\/wp\/v2\/users\/6"}],"replies":[{"embeddable":true,"href":"https:\/\/lasentinelle.dz\/index.php\/wp-json\/wp\/v2\/comments?post=72626"}],"version-history":[{"count":1,"href":"https:\/\/lasentinelle.dz\/index.php\/wp-json\/wp\/v2\/posts\/72626\/revisions"}],"predecessor-version":[{"id":72628,"href":"https:\/\/lasentinelle.dz\/index.php\/wp-json\/wp\/v2\/posts\/72626\/revisions\/72628"}],"wp:featuredmedia":[{"embeddable":true,"href":"https:\/\/lasentinelle.dz\/index.php\/wp-json\/wp\/v2\/media\/72627"}],"wp:attachment":[{"href":"https:\/\/lasentinelle.dz\/index.php\/wp-json\/wp\/v2\/media?parent=72626"}],"wp:term":[{"taxonomy":"category","embeddable":true,"href":"https:\/\/lasentinelle.dz\/index.php\/wp-json\/wp\/v2\/categories?post=72626"},{"taxonomy":"post_tag","embeddable":true,"href":"https:\/\/lasentinelle.dz\/index.php\/wp-json\/wp\/v2\/tags?post=72626"}],"curies":[{"name":"wp","href":"https:\/\/api.w.org\/{rel}","templated":true}]}}