{"id":72717,"date":"2025-09-01T12:29:54","date_gmt":"2025-09-01T11:29:54","guid":{"rendered":"https:\/\/lasentinelle.dz\/?p=72717"},"modified":"2025-09-01T12:29:55","modified_gmt":"2025-09-01T11:29:55","slug":"conseil-de-la-nation-louverture-de-la-session-parlementaire-reportee","status":"publish","type":"post","link":"https:\/\/lasentinelle.dz\/index.php\/2025\/09\/01\/conseil-de-la-nation-louverture-de-la-session-parlementaire-reportee\/","title":{"rendered":"Conseil de la Nation\u00a0: L&rsquo;ouverture de la session parlementaire report\u00e9e"},"content":{"rendered":"\n<p>Le Conseil de la nation a pris une d\u00e9cision exceptionnelle ce dimanche : reporter l&rsquo;ouverture de la session parlementaire ordinaire 2025-2026 au-del\u00e0 du 10 septembre. Cette mesure, annonc\u00e9e \u00e0 l&rsquo;issue d&rsquo;une r\u00e9union pr\u00e9sid\u00e9e par Azouz Nasri, s&rsquo;explique par la tenue simultan\u00e9e de la Foire commerciale intra-africaine (IATF) \u00e0 Alger.<\/p>\n\n\n\n<p>R\u00e9uni en Bureau \u00e9largi aux pr\u00e9sidents des groupes parlementaires et au questeur, le Conseil de la nation a justifi\u00e9 cette d\u00e9cision par la co\u00efncidence des dates. Mourad Lekhal, vice-pr\u00e9sident de l&rsquo;institution, a pr\u00e9cis\u00e9 lors d&rsquo;une d\u00e9claration \u00e0 la presse que \u00ab\u00a0le report, \u00e0 apr\u00e8s le 10 septembre, de l&rsquo;ouverture de la session parlementaire ordinaire 2025-2026\u00a0\u00bb \u00e9tait n\u00e9cessaire, celle-ci \u00ab\u00a0co\u00efncidant avec la Foire commerciale intra-africaine (IATF)\u00a0\u00bb programm\u00e9e du 4 au 10 septembre dans la capitale alg\u00e9rienne. Cette d\u00e9cision t\u00e9moigne de l&rsquo;importance accord\u00e9e par l&rsquo;Alg\u00e9rie \u00e0 cet \u00e9v\u00e9nement \u00e9conomique continental. Le communiqu\u00e9 officiel souligne que \u00ab\u00a0compte tenu de la co\u00efncidence, cette ann\u00e9e, de la date d&rsquo;ouverture de la session Parlementaire avec la Foire du commerce intra-africain (IATF) qu&rsquo;abrite Alger du 4 au 10 septembre 2025, le Bureau \u00e9largi du Conseil de la nation a d\u00e9cid\u00e9, en coordination avec l&rsquo;Assembl\u00e9e populaire nationale (APN), de reporter la c\u00e9r\u00e9monie d&rsquo;ouverture de sa session, et ce, jusqu&rsquo;\u00e0 la cl\u00f4ture de cette manifestation \u00e9conomique continentale\u00a0\u00bb. L&rsquo;engagement de la chambre haute du Parlement envers le succ\u00e8s de l&rsquo;IATF est total. Le Conseil de la nation affirme qu&rsquo;il \u00ab\u00a0demeure totalement mobilis\u00e9, avec ses moyens humains et mat\u00e9riels, dans le but de contribuer au succ\u00e8s de cet \u00e9v\u00e9nement continental et hisser, haut et fort, la voix et le drapeau de l&rsquo;Alg\u00e9rie parmi les nations\u00a0\u00bb. Cette mobilisation illustre la volont\u00e9 des autorit\u00e9s alg\u00e9riennes de faire de cette foire un succ\u00e8s retentissant pour l&rsquo;ensemble du continent africain.<\/p>\n\n\n\n<p>Au-del\u00e0 de ce report, la r\u00e9union a permis d&rsquo;aborder plusieurs questions cruciales pour le fonctionnement de la chambre haute du Parlement. La r\u00e9vision du r\u00e8glement int\u00e9rieur du Conseil de la nation figure parmi les priorit\u00e9s de la prochaine session. Selon le pr\u00e9sident Nasri, cette r\u00e9vision \u00ab\u00a0a \u00e9t\u00e9 dict\u00e9e principalement par la n\u00e9cessit\u00e9 de l&rsquo;adapter \u00e0 la Constitution de 2020, et ce en plus de la place qu&rsquo;occupe le Conseil de la nation et ses membres\u00a0\u00bb. Le nouveau r\u00e8glement \u00ab\u00a0sera adopt\u00e9 par les membres du Conseil \u00e0 l&rsquo;ouverture de la prochaine session 2025-2026, ce qui permettra de renforcer l&rsquo;efficacit\u00e9 et le r\u00f4le du Conseil\u00a0\u00bb. Les commissions permanentes du Conseil ne resteront pas inactives pendant cette p\u00e9riode d&rsquo;attente. Le programme de travail de la session 2025-2026 pr\u00e9voit d\u00e9j\u00e0 \u00ab\u00a0la programmation des missions d&rsquo;information temporaires, les s\u00e9ances d&rsquo;audition des membres du Gouvernement, l&rsquo;organisation de conf\u00e9rences parlementaires et des Journ\u00e9es d&rsquo;\u00e9tude, ainsi que diverses activit\u00e9s li\u00e9es \u00e0 la promotion et \u00e0 la consolidation de la culture parlementaire\u00a0\u00bb. Le Bureau \u00e9largi insiste sur le fait \u00ab\u00a0qu&rsquo;il incombait aux Commissions permanentes du Conseil de pr\u00e9parer et de soumettre, dans les plus brefs d\u00e9lais, leurs propositions en la mati\u00e8re, afin de permettre la mise en \u0153uvre de ces actions dans le cadre de l&rsquo;accomplissement, par le Conseil de la nation, de ses missions constitutionnelles\u00a0\u00bb.<\/p>\n\n\n\n<p>La coordination entre les deux chambres du Parlement demeure une priorit\u00e9. La r\u00e9union a \u00e9galement port\u00e9 sur \u00ab\u00a0la r\u00e9union des Bureaux des deux chambres du Parlement pour arr\u00eater le programme de la session parlementaire 2025-2026, outre l&rsquo;axe relatif \u00e0 la coordination avec l&rsquo;Assembl\u00e9e populaire nationale concernant les missions d&rsquo;information, les groupes d&rsquo;amiti\u00e9 et d&rsquo;autres activit\u00e9s\u00a0\u00bb. L&rsquo;ouverture de la s\u00e9ance a \u00e9t\u00e9 marqu\u00e9e par un moment de recueillement \u00e0 la m\u00e9moire des victimes de l&rsquo;accident de l&rsquo;autobus de Oued El Harrach. Le Bureau \u00e9largi a \u00e9galement \u00ab\u00a0salu\u00e9 les d\u00e9cisions judicieuses prises, lors de la r\u00e9cente r\u00e9union pr\u00e9sid\u00e9e par le pr\u00e9sident de la R\u00e9publique, M. Abdelmadjid Tebboune, concernant le secteur des transports\u00a0\u00bb et s&rsquo;est \u00ab\u00a0f\u00e9licit\u00e9 des directives fermes du pr\u00e9sident de la R\u00e9publique relatives secteur du Commerce, \u00e0 savoir le renforcement des m\u00e9canismes de r\u00e9gulation du march\u00e9 national\u00a0\u00bb.<\/p>\n\n\n\n<p>Hocine Fadheli<\/p>\n","protected":false},"excerpt":{"rendered":"<p>Le Conseil de la nation a pris une d\u00e9cision exceptionnelle ce dimanche : reporter l&rsquo;ouverture de la session parlementaire ordinaire<\/p>\n","protected":false},"author":6,"featured_media":72718,"comment_status":"open","ping_status":"closed","sticky":false,"template":"","format":"standard","meta":{"colormag_page_container_layout":"default_layout","colormag_page_sidebar_layout":"default_layout","om_disable_all_campaigns":false,"_monsterinsights_skip_tracking":false,"_monsterinsights_sitenote_active":false,"_monsterinsights_sitenote_note":"","_monsterinsights_sitenote_category":0,"footnotes":"","_wpscppro_dont_share_socialmedia":false,"_wpscppro_custom_social_share_image":0,"_facebook_share_type":"default","_twitter_share_type":"default","_linkedin_share_type":"default","_pinterest_share_type":"default","_linkedin_share_type_page":"","_instagram_share_type":"default","_medium_share_type":"default","_threads_share_type":"default","_google_business_share_type":"default","_selected_social_profile":[],"_wpsp_enable_custom_social_template":false,"_wpsp_social_scheduling":{"enabled":false,"datetime":null,"platforms":[],"status":"template_only","dateOption":"today","timeOption":"now","customDays":"","customHours":"","customDate":"","customTime":"","schedulingType":"absolute"},"_wpsp_active_default_template":true},"categories":[52,27],"tags":[],"class_list":["post-72717","post","type-post","status-publish","format-standard","has-post-thumbnail","hentry","category-a-la-une","category-actualite"],"aioseo_notices":[],"yoast_head":"<!-- This site is optimized with the Yoast SEO plugin v27.5 - https:\/\/yoast.com\/product\/yoast-seo-wordpress\/ -->\n<title>Conseil de la Nation\u00a0: L&rsquo;ouverture de la session parlementaire report\u00e9e - La Sentinelle<\/title>\n<meta name=\"robots\" content=\"index, follow, max-snippet:-1, max-image-preview:large, max-video-preview:-1\" \/>\n<link rel=\"canonical\" href=\"https:\/\/lasentinelle.dz\/index.php\/2025\/09\/01\/conseil-de-la-nation-louverture-de-la-session-parlementaire-reportee\/\" \/>\n<meta property=\"og:locale\" content=\"fr_FR\" \/>\n<meta property=\"og:type\" content=\"article\" \/>\n<meta property=\"og:title\" content=\"Conseil de la Nation\u00a0: L&rsquo;ouverture de la session parlementaire report\u00e9e - La Sentinelle\" \/>\n<meta property=\"og:description\" content=\"Le Conseil de la nation a pris une d\u00e9cision exceptionnelle ce dimanche : reporter l&rsquo;ouverture de la session parlementaire ordinaire\" \/>\n<meta property=\"og:url\" content=\"https:\/\/lasentinelle.dz\/index.php\/2025\/09\/01\/conseil-de-la-nation-louverture-de-la-session-parlementaire-reportee\/\" \/>\n<meta property=\"og:site_name\" content=\"La Sentinelle\" \/>\n<meta property=\"article:publisher\" content=\"https:\/\/www.facebook.com\/La-Sentinelle-104059864394773\" \/>\n<meta property=\"article:published_time\" content=\"2025-09-01T11:29:54+00:00\" \/>\n<meta property=\"article:modified_time\" content=\"2025-09-01T11:29:55+00:00\" \/>\n<meta property=\"og:image\" content=\"https:\/\/lasentinelle.dz\/wp-content\/uploads\/2025\/09\/bureau.jpg\" \/>\n\t<meta property=\"og:image:width\" content=\"2048\" \/>\n\t<meta property=\"og:image:height\" content=\"1365\" \/>\n\t<meta property=\"og:image:type\" content=\"image\/jpeg\" \/>\n<meta name=\"author\" content=\"admin\" \/>\n<meta name=\"twitter:card\" content=\"summary_large_image\" \/>\n<meta name=\"twitter:label1\" content=\"\u00c9crit par\" \/>\n\t<meta name=\"twitter:data1\" content=\"admin\" \/>\n\t<meta name=\"twitter:label2\" content=\"Dur\u00e9e de lecture estim\u00e9e\" \/>\n\t<meta name=\"twitter:data2\" content=\"4 minutes\" \/>\n<script type=\"application\/ld+json\" class=\"yoast-schema-graph\">{\"@context\":\"https:\\\/\\\/schema.org\",\"@graph\":[{\"@type\":\"Article\",\"@id\":\"https:\\\/\\\/lasentinelle.dz\\\/index.php\\\/2025\\\/09\\\/01\\\/conseil-de-la-nation-louverture-de-la-session-parlementaire-reportee\\\/#article\",\"isPartOf\":{\"@id\":\"https:\\\/\\\/lasentinelle.dz\\\/index.php\\\/2025\\\/09\\\/01\\\/conseil-de-la-nation-louverture-de-la-session-parlementaire-reportee\\\/\"},\"author\":{\"name\":\"admin\",\"@id\":\"https:\\\/\\\/lasentinelle.dz\\\/#\\\/schema\\\/person\\\/729ee0024f24e0b8c5ec17232f8e8b41\"},\"headline\":\"Conseil de la Nation\u00a0: L&rsquo;ouverture de la session parlementaire report\u00e9e\",\"datePublished\":\"2025-09-01T11:29:54+00:00\",\"dateModified\":\"2025-09-01T11:29:55+00:00\",\"mainEntityOfPage\":{\"@id\":\"https:\\\/\\\/lasentinelle.dz\\\/index.php\\\/2025\\\/09\\\/01\\\/conseil-de-la-nation-louverture-de-la-session-parlementaire-reportee\\\/\"},\"wordCount\":750,\"commentCount\":0,\"publisher\":{\"@id\":\"https:\\\/\\\/lasentinelle.dz\\\/#organization\"},\"image\":{\"@id\":\"https:\\\/\\\/lasentinelle.dz\\\/index.php\\\/2025\\\/09\\\/01\\\/conseil-de-la-nation-louverture-de-la-session-parlementaire-reportee\\\/#primaryimage\"},\"thumbnailUrl\":\"https:\\\/\\\/lasentinelle.dz\\\/wp-content\\\/uploads\\\/2025\\\/09\\\/bureau.jpg\",\"articleSection\":[\"\u00c0 la Une\",\"Actualit\u00e9\"],\"inLanguage\":\"fr-FR\",\"potentialAction\":[{\"@type\":\"CommentAction\",\"name\":\"Comment\",\"target\":[\"https:\\\/\\\/lasentinelle.dz\\\/index.php\\\/2025\\\/09\\\/01\\\/conseil-de-la-nation-louverture-de-la-session-parlementaire-reportee\\\/#respond\"]}]},{\"@type\":\"WebPage\",\"@id\":\"https:\\\/\\\/lasentinelle.dz\\\/index.php\\\/2025\\\/09\\\/01\\\/conseil-de-la-nation-louverture-de-la-session-parlementaire-reportee\\\/\",\"url\":\"https:\\\/\\\/lasentinelle.dz\\\/index.php\\\/2025\\\/09\\\/01\\\/conseil-de-la-nation-louverture-de-la-session-parlementaire-reportee\\\/\",\"name\":\"Conseil de la Nation\u00a0: L&rsquo;ouverture de la session parlementaire report\u00e9e - La Sentinelle\",\"isPartOf\":{\"@id\":\"https:\\\/\\\/lasentinelle.dz\\\/#website\"},\"primaryImageOfPage\":{\"@id\":\"https:\\\/\\\/lasentinelle.dz\\\/index.php\\\/2025\\\/09\\\/01\\\/conseil-de-la-nation-louverture-de-la-session-parlementaire-reportee\\\/#primaryimage\"},\"image\":{\"@id\":\"https:\\\/\\\/lasentinelle.dz\\\/index.php\\\/2025\\\/09\\\/01\\\/conseil-de-la-nation-louverture-de-la-session-parlementaire-reportee\\\/#primaryimage\"},\"thumbnailUrl\":\"https:\\\/\\\/lasentinelle.dz\\\/wp-content\\\/uploads\\\/2025\\\/09\\\/bureau.jpg\",\"datePublished\":\"2025-09-01T11:29:54+00:00\",\"dateModified\":\"2025-09-01T11:29:55+00:00\",\"breadcrumb\":{\"@id\":\"https:\\\/\\\/lasentinelle.dz\\\/index.php\\\/2025\\\/09\\\/01\\\/conseil-de-la-nation-louverture-de-la-session-parlementaire-reportee\\\/#breadcrumb\"},\"inLanguage\":\"fr-FR\",\"potentialAction\":[{\"@type\":\"ReadAction\",\"target\":[\"https:\\\/\\\/lasentinelle.dz\\\/index.php\\\/2025\\\/09\\\/01\\\/conseil-de-la-nation-louverture-de-la-session-parlementaire-reportee\\\/\"]}]},{\"@type\":\"ImageObject\",\"inLanguage\":\"fr-FR\",\"@id\":\"https:\\\/\\\/lasentinelle.dz\\\/index.php\\\/2025\\\/09\\\/01\\\/conseil-de-la-nation-louverture-de-la-session-parlementaire-reportee\\\/#primaryimage\",\"url\":\"https:\\\/\\\/lasentinelle.dz\\\/wp-content\\\/uploads\\\/2025\\\/09\\\/bureau.jpg\",\"contentUrl\":\"https:\\\/\\\/lasentinelle.dz\\\/wp-content\\\/uploads\\\/2025\\\/09\\\/bureau.jpg\",\"width\":2048,\"height\":1365},{\"@type\":\"BreadcrumbList\",\"@id\":\"https:\\\/\\\/lasentinelle.dz\\\/index.php\\\/2025\\\/09\\\/01\\\/conseil-de-la-nation-louverture-de-la-session-parlementaire-reportee\\\/#breadcrumb\",\"itemListElement\":[{\"@type\":\"ListItem\",\"position\":1,\"name\":\"Accueil\",\"item\":\"https:\\\/\\\/lasentinelle.dz\\\/\"},{\"@type\":\"ListItem\",\"position\":2,\"name\":\"Conseil de la Nation\u00a0: L&rsquo;ouverture de la session parlementaire report\u00e9e\"}]},{\"@type\":\"WebSite\",\"@id\":\"https:\\\/\\\/lasentinelle.dz\\\/#website\",\"url\":\"https:\\\/\\\/lasentinelle.dz\\\/\",\"name\":\"La Sentinelle\",\"description\":\"Quotidien national d&#039;information\",\"publisher\":{\"@id\":\"https:\\\/\\\/lasentinelle.dz\\\/#organization\"},\"potentialAction\":[{\"@type\":\"SearchAction\",\"target\":{\"@type\":\"EntryPoint\",\"urlTemplate\":\"https:\\\/\\\/lasentinelle.dz\\\/?s={search_term_string}\"},\"query-input\":{\"@type\":\"PropertyValueSpecification\",\"valueRequired\":true,\"valueName\":\"search_term_string\"}}],\"inLanguage\":\"fr-FR\"},{\"@type\":\"Organization\",\"@id\":\"https:\\\/\\\/lasentinelle.dz\\\/#organization\",\"name\":\"Quotidien La Sentinelle\",\"url\":\"https:\\\/\\\/lasentinelle.dz\\\/\",\"logo\":{\"@type\":\"ImageObject\",\"inLanguage\":\"fr-FR\",\"@id\":\"https:\\\/\\\/lasentinelle.dz\\\/#\\\/schema\\\/logo\\\/image\\\/\",\"url\":\"https:\\\/\\\/lasentinelle.dz\\\/wp-content\\\/uploads\\\/2021\\\/09\\\/logo-sentinelleSLOGAN-1.png\",\"contentUrl\":\"https:\\\/\\\/lasentinelle.dz\\\/wp-content\\\/uploads\\\/2021\\\/09\\\/logo-sentinelleSLOGAN-1.png\",\"width\":615,\"height\":142,\"caption\":\"Quotidien La Sentinelle\"},\"image\":{\"@id\":\"https:\\\/\\\/lasentinelle.dz\\\/#\\\/schema\\\/logo\\\/image\\\/\"},\"sameAs\":[\"https:\\\/\\\/www.facebook.com\\\/La-Sentinelle-104059864394773\"]},{\"@type\":\"Person\",\"@id\":\"https:\\\/\\\/lasentinelle.dz\\\/#\\\/schema\\\/person\\\/729ee0024f24e0b8c5ec17232f8e8b41\",\"name\":\"admin\",\"image\":{\"@type\":\"ImageObject\",\"inLanguage\":\"fr-FR\",\"@id\":\"https:\\\/\\\/secure.gravatar.com\\\/avatar\\\/4c81fed838786e9b53f540bf46533e750f5d292099ae3b66cfc6fb1982e29df7?s=96&d=mm&r=g\",\"url\":\"https:\\\/\\\/secure.gravatar.com\\\/avatar\\\/4c81fed838786e9b53f540bf46533e750f5d292099ae3b66cfc6fb1982e29df7?s=96&d=mm&r=g\",\"contentUrl\":\"https:\\\/\\\/secure.gravatar.com\\\/avatar\\\/4c81fed838786e9b53f540bf46533e750f5d292099ae3b66cfc6fb1982e29df7?s=96&d=mm&r=g\",\"caption\":\"admin\"},\"description\":\"admin\",\"url\":\"https:\\\/\\\/lasentinelle.dz\\\/author\\\/admin\\\/\"}]}<\/script>\n<!-- \/ Yoast SEO plugin. -->","yoast_head_json":{"title":"Conseil de la Nation\u00a0: L&rsquo;ouverture de la session parlementaire report\u00e9e - La Sentinelle","robots":{"index":"index","follow":"follow","max-snippet":"max-snippet:-1","max-image-preview":"max-image-preview:large","max-video-preview":"max-video-preview:-1"},"canonical":"https:\/\/lasentinelle.dz\/index.php\/2025\/09\/01\/conseil-de-la-nation-louverture-de-la-session-parlementaire-reportee\/","og_locale":"fr_FR","og_type":"article","og_title":"Conseil de la Nation\u00a0: L&rsquo;ouverture de la session parlementaire report\u00e9e - La Sentinelle","og_description":"Le Conseil de la nation a pris une d\u00e9cision exceptionnelle ce dimanche : reporter l&rsquo;ouverture de la session parlementaire ordinaire","og_url":"https:\/\/lasentinelle.dz\/index.php\/2025\/09\/01\/conseil-de-la-nation-louverture-de-la-session-parlementaire-reportee\/","og_site_name":"La Sentinelle","article_publisher":"https:\/\/www.facebook.com\/La-Sentinelle-104059864394773","article_published_time":"2025-09-01T11:29:54+00:00","article_modified_time":"2025-09-01T11:29:55+00:00","og_image":[{"width":2048,"height":1365,"url":"https:\/\/lasentinelle.dz\/wp-content\/uploads\/2025\/09\/bureau.jpg","type":"image\/jpeg"}],"author":"admin","twitter_card":"summary_large_image","twitter_misc":{"\u00c9crit par":"admin","Dur\u00e9e de lecture estim\u00e9e":"4 minutes"},"schema":{"@context":"https:\/\/schema.org","@graph":[{"@type":"Article","@id":"https:\/\/lasentinelle.dz\/index.php\/2025\/09\/01\/conseil-de-la-nation-louverture-de-la-session-parlementaire-reportee\/#article","isPartOf":{"@id":"https:\/\/lasentinelle.dz\/index.php\/2025\/09\/01\/conseil-de-la-nation-louverture-de-la-session-parlementaire-reportee\/"},"author":{"name":"admin","@id":"https:\/\/lasentinelle.dz\/#\/schema\/person\/729ee0024f24e0b8c5ec17232f8e8b41"},"headline":"Conseil de la Nation\u00a0: L&rsquo;ouverture de la session parlementaire report\u00e9e","datePublished":"2025-09-01T11:29:54+00:00","dateModified":"2025-09-01T11:29:55+00:00","mainEntityOfPage":{"@id":"https:\/\/lasentinelle.dz\/index.php\/2025\/09\/01\/conseil-de-la-nation-louverture-de-la-session-parlementaire-reportee\/"},"wordCount":750,"commentCount":0,"publisher":{"@id":"https:\/\/lasentinelle.dz\/#organization"},"image":{"@id":"https:\/\/lasentinelle.dz\/index.php\/2025\/09\/01\/conseil-de-la-nation-louverture-de-la-session-parlementaire-reportee\/#primaryimage"},"thumbnailUrl":"https:\/\/lasentinelle.dz\/wp-content\/uploads\/2025\/09\/bureau.jpg","articleSection":["\u00c0 la Une","Actualit\u00e9"],"inLanguage":"fr-FR","potentialAction":[{"@type":"CommentAction","name":"Comment","target":["https:\/\/lasentinelle.dz\/index.php\/2025\/09\/01\/conseil-de-la-nation-louverture-de-la-session-parlementaire-reportee\/#respond"]}]},{"@type":"WebPage","@id":"https:\/\/lasentinelle.dz\/index.php\/2025\/09\/01\/conseil-de-la-nation-louverture-de-la-session-parlementaire-reportee\/","url":"https:\/\/lasentinelle.dz\/index.php\/2025\/09\/01\/conseil-de-la-nation-louverture-de-la-session-parlementaire-reportee\/","name":"Conseil de la Nation\u00a0: L&rsquo;ouverture de la session parlementaire report\u00e9e - La Sentinelle","isPartOf":{"@id":"https:\/\/lasentinelle.dz\/#website"},"primaryImageOfPage":{"@id":"https:\/\/lasentinelle.dz\/index.php\/2025\/09\/01\/conseil-de-la-nation-louverture-de-la-session-parlementaire-reportee\/#primaryimage"},"image":{"@id":"https:\/\/lasentinelle.dz\/index.php\/2025\/09\/01\/conseil-de-la-nation-louverture-de-la-session-parlementaire-reportee\/#primaryimage"},"thumbnailUrl":"https:\/\/lasentinelle.dz\/wp-content\/uploads\/2025\/09\/bureau.jpg","datePublished":"2025-09-01T11:29:54+00:00","dateModified":"2025-09-01T11:29:55+00:00","breadcrumb":{"@id":"https:\/\/lasentinelle.dz\/index.php\/2025\/09\/01\/conseil-de-la-nation-louverture-de-la-session-parlementaire-reportee\/#breadcrumb"},"inLanguage":"fr-FR","potentialAction":[{"@type":"ReadAction","target":["https:\/\/lasentinelle.dz\/index.php\/2025\/09\/01\/conseil-de-la-nation-louverture-de-la-session-parlementaire-reportee\/"]}]},{"@type":"ImageObject","inLanguage":"fr-FR","@id":"https:\/\/lasentinelle.dz\/index.php\/2025\/09\/01\/conseil-de-la-nation-louverture-de-la-session-parlementaire-reportee\/#primaryimage","url":"https:\/\/lasentinelle.dz\/wp-content\/uploads\/2025\/09\/bureau.jpg","contentUrl":"https:\/\/lasentinelle.dz\/wp-content\/uploads\/2025\/09\/bureau.jpg","width":2048,"height":1365},{"@type":"BreadcrumbList","@id":"https:\/\/lasentinelle.dz\/index.php\/2025\/09\/01\/conseil-de-la-nation-louverture-de-la-session-parlementaire-reportee\/#breadcrumb","itemListElement":[{"@type":"ListItem","position":1,"name":"Accueil","item":"https:\/\/lasentinelle.dz\/"},{"@type":"ListItem","position":2,"name":"Conseil de la Nation\u00a0: L&rsquo;ouverture de la session parlementaire report\u00e9e"}]},{"@type":"WebSite","@id":"https:\/\/lasentinelle.dz\/#website","url":"https:\/\/lasentinelle.dz\/","name":"La Sentinelle","description":"Quotidien national d&#039;information","publisher":{"@id":"https:\/\/lasentinelle.dz\/#organization"},"potentialAction":[{"@type":"SearchAction","target":{"@type":"EntryPoint","urlTemplate":"https:\/\/lasentinelle.dz\/?s={search_term_string}"},"query-input":{"@type":"PropertyValueSpecification","valueRequired":true,"valueName":"search_term_string"}}],"inLanguage":"fr-FR"},{"@type":"Organization","@id":"https:\/\/lasentinelle.dz\/#organization","name":"Quotidien La Sentinelle","url":"https:\/\/lasentinelle.dz\/","logo":{"@type":"ImageObject","inLanguage":"fr-FR","@id":"https:\/\/lasentinelle.dz\/#\/schema\/logo\/image\/","url":"https:\/\/lasentinelle.dz\/wp-content\/uploads\/2021\/09\/logo-sentinelleSLOGAN-1.png","contentUrl":"https:\/\/lasentinelle.dz\/wp-content\/uploads\/2021\/09\/logo-sentinelleSLOGAN-1.png","width":615,"height":142,"caption":"Quotidien La Sentinelle"},"image":{"@id":"https:\/\/lasentinelle.dz\/#\/schema\/logo\/image\/"},"sameAs":["https:\/\/www.facebook.com\/La-Sentinelle-104059864394773"]},{"@type":"Person","@id":"https:\/\/lasentinelle.dz\/#\/schema\/person\/729ee0024f24e0b8c5ec17232f8e8b41","name":"admin","image":{"@type":"ImageObject","inLanguage":"fr-FR","@id":"https:\/\/secure.gravatar.com\/avatar\/4c81fed838786e9b53f540bf46533e750f5d292099ae3b66cfc6fb1982e29df7?s=96&d=mm&r=g","url":"https:\/\/secure.gravatar.com\/avatar\/4c81fed838786e9b53f540bf46533e750f5d292099ae3b66cfc6fb1982e29df7?s=96&d=mm&r=g","contentUrl":"https:\/\/secure.gravatar.com\/avatar\/4c81fed838786e9b53f540bf46533e750f5d292099ae3b66cfc6fb1982e29df7?s=96&d=mm&r=g","caption":"admin"},"description":"admin","url":"https:\/\/lasentinelle.dz\/author\/admin\/"}]}},"_links":{"self":[{"href":"https:\/\/lasentinelle.dz\/index.php\/wp-json\/wp\/v2\/posts\/72717","targetHints":{"allow":["GET"]}}],"collection":[{"href":"https:\/\/lasentinelle.dz\/index.php\/wp-json\/wp\/v2\/posts"}],"about":[{"href":"https:\/\/lasentinelle.dz\/index.php\/wp-json\/wp\/v2\/types\/post"}],"author":[{"embeddable":true,"href":"https:\/\/lasentinelle.dz\/index.php\/wp-json\/wp\/v2\/users\/6"}],"replies":[{"embeddable":true,"href":"https:\/\/lasentinelle.dz\/index.php\/wp-json\/wp\/v2\/comments?post=72717"}],"version-history":[{"count":2,"href":"https:\/\/lasentinelle.dz\/index.php\/wp-json\/wp\/v2\/posts\/72717\/revisions"}],"predecessor-version":[{"id":72720,"href":"https:\/\/lasentinelle.dz\/index.php\/wp-json\/wp\/v2\/posts\/72717\/revisions\/72720"}],"wp:featuredmedia":[{"embeddable":true,"href":"https:\/\/lasentinelle.dz\/index.php\/wp-json\/wp\/v2\/media\/72718"}],"wp:attachment":[{"href":"https:\/\/lasentinelle.dz\/index.php\/wp-json\/wp\/v2\/media?parent=72717"}],"wp:term":[{"taxonomy":"category","embeddable":true,"href":"https:\/\/lasentinelle.dz\/index.php\/wp-json\/wp\/v2\/categories?post=72717"},{"taxonomy":"post_tag","embeddable":true,"href":"https:\/\/lasentinelle.dz\/index.php\/wp-json\/wp\/v2\/tags?post=72717"}],"curies":[{"name":"wp","href":"https:\/\/api.w.org\/{rel}","templated":true}]}}