{"id":72721,"date":"2025-09-01T12:30:40","date_gmt":"2025-09-01T11:30:40","guid":{"rendered":"https:\/\/lasentinelle.dz\/?p=72721"},"modified":"2025-09-01T12:30:40","modified_gmt":"2025-09-01T11:30:40","slug":"medicaments-et-dispositifs-medicaux-lanpp-resserre-letau-sur-les-importations","status":"publish","type":"post","link":"https:\/\/lasentinelle.dz\/index.php\/2025\/09\/01\/medicaments-et-dispositifs-medicaux-lanpp-resserre-letau-sur-les-importations\/","title":{"rendered":"M\u00e9dicaments et dispositifs m\u00e9dicaux\u00a0: L\u2019ANPP resserre l&rsquo;\u00e9tau sur les importations"},"content":{"rendered":"\n<p>\u00c0 partir du 7 septembre prochain, tous les produits pharmaceutiques et \u00e9quipements m\u00e9dicaux import\u00e9s devront obligatoirement passer sous les fourches caudines de l&rsquo;Agence Nationale des Produits Pharmaceutiques avant d&rsquo;\u00eatre commercialis\u00e9s sur le territoire national.<\/p>\n\n\n\n<p>L\u2019ANPP a annonc\u00e9&nbsp; dimanche dans deux notes officielles adress\u00e9es aux \u00e9tablissements pharmaceutiques, de nouvelles mesures qui s\u2019inscrivent dans le cadre de la \u00ab&nbsp;restructuration&nbsp;\u00bb \u00ab&nbsp;en vue de leur alignement avec les exigences r\u00e9glementaires&nbsp;\u00bb. L&rsquo;ANPP justifie \u00e9galement ces nouvelles mesures par \u00ab\u00a0l&rsquo;application des dispositions de l&rsquo;arr\u00eat\u00e9 du 2 Rajab 1442 correspondant au 14 f\u00e9vrier 2021, fixant le cahier des conditions techniques \u00e0 l&rsquo;importation des produits pharmaceutiques et des dispositifs m\u00e9dicaux destin\u00e9s \u00e0 un usage en m\u00e9decine humaine\u00a0\u00bb, selon les termes de la note num\u00e9ro 37 dat\u00e9e du 31 ao\u00fbt 2025. Cette d\u00e9marche t\u00e9moigne de la volont\u00e9 des autorit\u00e9s de mettre fin aux zones grises qui caract\u00e9risaient jusqu&rsquo;alors le secteur de l&rsquo;importation des dispositifs m\u00e9dicaux et de renforcer la tra\u00e7abilit\u00e9 de ces produits sensibles. Concr\u00e8tement, la nouvelle r\u00e9glementation impose que \u00ab\u00a0les dispositifs m\u00e9dicaux import\u00e9s, homologu\u00e9s et conformes \u00e0 la l\u00e9gislation et \u00e0 la r\u00e9glementation en vigueur, doivent \u00eatre soumis \u00e0 l&rsquo;ANPP pour les contr\u00f4les requis avant leur mise sur le march\u00e9\u00a0\u00bb, pr\u00e9cise la note officielle. D\u00e9sormais, aucun dispositif m\u00e9dical ne pourra \u00eatre commercialis\u00e9 sans avoir obtenu le feu vert de l&rsquo;agence de r\u00e9gulation, m\u00eame s&rsquo;il dispose d\u00e9j\u00e0 d&rsquo;une homologation.<\/p>\n\n\n\n<p>La proc\u00e9dure administrative introduit aussi une obligation d\u00e9clarative renforc\u00e9e. Les dispositifs m\u00e9dicaux import\u00e9s conform\u00e9ment aux dispositions de l&rsquo;arr\u00eat\u00e9 du 20 f\u00e9vrier 2025 autorisant la commercialisation des dispositifs m\u00e9dicaux \u00ab\u00a0font l&rsquo;objet d&rsquo;une d\u00e9claration de mise sur le march\u00e9 aupr\u00e8s des services techniques de l&rsquo;Agence Nationale des Produits Pharmaceutiques\u00a0\u00bb, stipule la note. Cette d\u00e9claration constitue d\u00e9sormais un passage oblig\u00e9 pour tous les op\u00e9rateurs du secteur qui devront justifier de la conformit\u00e9 de leurs produits avant toute commercialisation. Le renforcement du contr\u00f4le ne s&rsquo;arr\u00eate pas \u00e0 la phase d&rsquo;autorisation initiale puisque l&rsquo;ANPP institue un syst\u00e8me de surveillance post-commercialisation particuli\u00e8rement strict. La note pr\u00e9cise que \u00ab\u00a0ces dispositifs seront \u00e9galement soumis \u00e0 des activit\u00e9s de surveillance mises en \u0153uvre par les services comp\u00e9tents de l&rsquo;Agence\u00a0\u00bb, instaurant un suivi permanent de la qualit\u00e9 des produits une fois qu&rsquo;ils sont mis sur le march\u00e9 alg\u00e9rien. Cette surveillance continue vise \u00e0 d\u00e9tecter rapidement tout probl\u00e8me de qualit\u00e9 ou de s\u00e9curit\u00e9 qui pourrait survenir apr\u00e8s la commercialisation.<\/p>\n\n\n\n<p>La responsabilit\u00e9 des \u00e9tablissements pharmaceutiques se trouve \u00e9galement renforc\u00e9e avec de nouvelles obligations de vigilance. Selon les nouvelles dispositions, \u00ab\u00a0les \u00e9tablissements pharmaceutiques sont tenus d&rsquo;assurer la surveillance continue de la qualit\u00e9, la s\u00e9curit\u00e9 et de la performance des dispositifs m\u00e9dicaux mis sur le march\u00e9\u00a0\u00bb. En cas de probl\u00e8me d\u00e9tect\u00e9, la r\u00e9activit\u00e9 devient une obligation l\u00e9gale. Les \u00e9tablissements pharmaceutiques \u00ab\u00a0doivent \u00e9galement notifier \u00e0 l&rsquo;ANPP, ainsi qu&rsquo;aux institutions concern\u00e9es, tout incident ou probl\u00e8me constat\u00e9 dans le cadre de leur utilisation, conform\u00e9ment \u00e0 la r\u00e9glementation en vigueur\u00a0\u00bb, exige la note officielle. &nbsp;Parall\u00e8lement \u00e0 ces mesures de contr\u00f4le renforc\u00e9, l&rsquo;ANPP digitalise ses proc\u00e9dures avec l&rsquo;introduction d&rsquo;un syst\u00e8me de d\u00e9claration \u00e9lectronique obligatoire. La note num\u00e9ro 36 pr\u00e9cise que \u00ab\u00a0les d\u00e9clarations journali\u00e8res des lots\/S\u00e9ries des dispositifs m\u00e9dicaux import\u00e9s non homologu\u00e9s, doivent \u00eatre transmises par voie \u00e9lectronique aux services comp\u00e9tents de l&rsquo;Agence Nationale des Produits Pharmaceutiques, via le lien suivant : etasjil.anpp.dz\u00a0\u00bb. Cette d\u00e9mat\u00e9rialisation vise \u00e0 acc\u00e9l\u00e9rer les proc\u00e9dures tout en am\u00e9liorant la tra\u00e7abilit\u00e9 des produits import\u00e9s. La transition vers ce nouveau syst\u00e8me s&rsquo;accompagne d&rsquo;un d\u00e9lai d&rsquo;adaptation pour les op\u00e9rateurs \u00e9conomiques. \u00ab\u00a0\u00c0 compter du 29 septembre 2025, les d\u00e9clarations devront imp\u00e9rativement \u00eatre transmises en conformit\u00e9 avec les canevas \u00e9tablis \u00e0 cet effet\u00a0\u00bb, pr\u00e9vient l&rsquo;ANPP, accordant ainsi un mois aux importateurs pour s&rsquo;adapter aux nouvelles proc\u00e9dures. Ces canevas, \u00ab\u00a0t\u00e9l\u00e9chargeables depuis le site web de l&rsquo;ANPP, accessible dans la rubrique T\u00e9l\u00e9chargement via le lien suivant : https:\/\/anpp.dz\/telechargements-dce\u00a0\u00bb, standardiseront les d\u00e9clarations et faciliteront leur traitement par les services de l&rsquo;agence.<\/p>\n\n\n\n<p>Samir Benisid<\/p>\n","protected":false},"excerpt":{"rendered":"<p>\u00c0 partir du 7 septembre prochain, tous les produits pharmaceutiques et \u00e9quipements m\u00e9dicaux import\u00e9s devront obligatoirement passer sous les fourches<\/p>\n","protected":false},"author":6,"featured_media":72722,"comment_status":"open","ping_status":"closed","sticky":false,"template":"","format":"standard","meta":{"colormag_page_container_layout":"default_layout","colormag_page_sidebar_layout":"default_layout","om_disable_all_campaigns":false,"_monsterinsights_skip_tracking":false,"_monsterinsights_sitenote_active":false,"_monsterinsights_sitenote_note":"","_monsterinsights_sitenote_category":0,"footnotes":"","_wpscppro_dont_share_socialmedia":false,"_wpscppro_custom_social_share_image":0,"_facebook_share_type":"default","_twitter_share_type":"default","_linkedin_share_type":"default","_pinterest_share_type":"default","_linkedin_share_type_page":"","_instagram_share_type":"default","_medium_share_type":"default","_threads_share_type":"default","_google_business_share_type":"default","_selected_social_profile":[],"_wpsp_enable_custom_social_template":false,"_wpsp_social_scheduling":{"enabled":false,"datetime":null,"platforms":[],"status":"template_only","dateOption":"today","timeOption":"now","customDays":"","customHours":"","customDate":"","customTime":"","schedulingType":"absolute"},"_wpsp_active_default_template":true},"categories":[52,29],"tags":[],"class_list":["post-72721","post","type-post","status-publish","format-standard","has-post-thumbnail","hentry","category-a-la-une","category-economie"],"aioseo_notices":[],"yoast_head":"<!-- This site is optimized with the Yoast SEO plugin v27.5 - https:\/\/yoast.com\/product\/yoast-seo-wordpress\/ -->\n<title>M\u00e9dicaments et dispositifs m\u00e9dicaux\u00a0: L\u2019ANPP resserre l&rsquo;\u00e9tau sur les importations - La Sentinelle<\/title>\n<meta name=\"robots\" content=\"index, follow, max-snippet:-1, max-image-preview:large, max-video-preview:-1\" \/>\n<link rel=\"canonical\" href=\"https:\/\/lasentinelle.dz\/index.php\/2025\/09\/01\/medicaments-et-dispositifs-medicaux-lanpp-resserre-letau-sur-les-importations\/\" \/>\n<meta property=\"og:locale\" content=\"fr_FR\" \/>\n<meta property=\"og:type\" content=\"article\" \/>\n<meta property=\"og:title\" content=\"M\u00e9dicaments et dispositifs m\u00e9dicaux\u00a0: L\u2019ANPP resserre l&rsquo;\u00e9tau sur les importations - La Sentinelle\" \/>\n<meta property=\"og:description\" content=\"\u00c0 partir du 7 septembre prochain, tous les produits pharmaceutiques et \u00e9quipements m\u00e9dicaux import\u00e9s devront obligatoirement passer sous les fourches\" \/>\n<meta property=\"og:url\" content=\"https:\/\/lasentinelle.dz\/index.php\/2025\/09\/01\/medicaments-et-dispositifs-medicaux-lanpp-resserre-letau-sur-les-importations\/\" \/>\n<meta property=\"og:site_name\" content=\"La Sentinelle\" \/>\n<meta property=\"article:publisher\" content=\"https:\/\/www.facebook.com\/La-Sentinelle-104059864394773\" \/>\n<meta property=\"article:published_time\" content=\"2025-09-01T11:30:40+00:00\" \/>\n<meta property=\"og:image\" content=\"https:\/\/lasentinelle.dz\/wp-content\/uploads\/2025\/09\/ANPP.jpeg\" \/>\n\t<meta property=\"og:image:width\" content=\"790\" \/>\n\t<meta property=\"og:image:height\" content=\"444\" \/>\n\t<meta property=\"og:image:type\" content=\"image\/jpeg\" \/>\n<meta name=\"author\" content=\"admin\" \/>\n<meta name=\"twitter:card\" content=\"summary_large_image\" \/>\n<meta name=\"twitter:label1\" content=\"\u00c9crit par\" \/>\n\t<meta name=\"twitter:data1\" content=\"admin\" \/>\n\t<meta name=\"twitter:label2\" content=\"Dur\u00e9e de lecture estim\u00e9e\" \/>\n\t<meta name=\"twitter:data2\" content=\"4 minutes\" \/>\n<script type=\"application\/ld+json\" class=\"yoast-schema-graph\">{\"@context\":\"https:\\\/\\\/schema.org\",\"@graph\":[{\"@type\":\"Article\",\"@id\":\"https:\\\/\\\/lasentinelle.dz\\\/index.php\\\/2025\\\/09\\\/01\\\/medicaments-et-dispositifs-medicaux-lanpp-resserre-letau-sur-les-importations\\\/#article\",\"isPartOf\":{\"@id\":\"https:\\\/\\\/lasentinelle.dz\\\/index.php\\\/2025\\\/09\\\/01\\\/medicaments-et-dispositifs-medicaux-lanpp-resserre-letau-sur-les-importations\\\/\"},\"author\":{\"name\":\"admin\",\"@id\":\"https:\\\/\\\/lasentinelle.dz\\\/#\\\/schema\\\/person\\\/729ee0024f24e0b8c5ec17232f8e8b41\"},\"headline\":\"M\u00e9dicaments et dispositifs m\u00e9dicaux\u00a0: L\u2019ANPP resserre l&rsquo;\u00e9tau sur les importations\",\"datePublished\":\"2025-09-01T11:30:40+00:00\",\"mainEntityOfPage\":{\"@id\":\"https:\\\/\\\/lasentinelle.dz\\\/index.php\\\/2025\\\/09\\\/01\\\/medicaments-et-dispositifs-medicaux-lanpp-resserre-letau-sur-les-importations\\\/\"},\"wordCount\":758,\"commentCount\":0,\"publisher\":{\"@id\":\"https:\\\/\\\/lasentinelle.dz\\\/#organization\"},\"image\":{\"@id\":\"https:\\\/\\\/lasentinelle.dz\\\/index.php\\\/2025\\\/09\\\/01\\\/medicaments-et-dispositifs-medicaux-lanpp-resserre-letau-sur-les-importations\\\/#primaryimage\"},\"thumbnailUrl\":\"https:\\\/\\\/lasentinelle.dz\\\/wp-content\\\/uploads\\\/2025\\\/09\\\/ANPP.jpeg\",\"articleSection\":[\"\u00c0 la Une\",\"\u00c9conomie\"],\"inLanguage\":\"fr-FR\",\"potentialAction\":[{\"@type\":\"CommentAction\",\"name\":\"Comment\",\"target\":[\"https:\\\/\\\/lasentinelle.dz\\\/index.php\\\/2025\\\/09\\\/01\\\/medicaments-et-dispositifs-medicaux-lanpp-resserre-letau-sur-les-importations\\\/#respond\"]}]},{\"@type\":\"WebPage\",\"@id\":\"https:\\\/\\\/lasentinelle.dz\\\/index.php\\\/2025\\\/09\\\/01\\\/medicaments-et-dispositifs-medicaux-lanpp-resserre-letau-sur-les-importations\\\/\",\"url\":\"https:\\\/\\\/lasentinelle.dz\\\/index.php\\\/2025\\\/09\\\/01\\\/medicaments-et-dispositifs-medicaux-lanpp-resserre-letau-sur-les-importations\\\/\",\"name\":\"M\u00e9dicaments et dispositifs m\u00e9dicaux\u00a0: L\u2019ANPP resserre l&rsquo;\u00e9tau sur les importations - La Sentinelle\",\"isPartOf\":{\"@id\":\"https:\\\/\\\/lasentinelle.dz\\\/#website\"},\"primaryImageOfPage\":{\"@id\":\"https:\\\/\\\/lasentinelle.dz\\\/index.php\\\/2025\\\/09\\\/01\\\/medicaments-et-dispositifs-medicaux-lanpp-resserre-letau-sur-les-importations\\\/#primaryimage\"},\"image\":{\"@id\":\"https:\\\/\\\/lasentinelle.dz\\\/index.php\\\/2025\\\/09\\\/01\\\/medicaments-et-dispositifs-medicaux-lanpp-resserre-letau-sur-les-importations\\\/#primaryimage\"},\"thumbnailUrl\":\"https:\\\/\\\/lasentinelle.dz\\\/wp-content\\\/uploads\\\/2025\\\/09\\\/ANPP.jpeg\",\"datePublished\":\"2025-09-01T11:30:40+00:00\",\"breadcrumb\":{\"@id\":\"https:\\\/\\\/lasentinelle.dz\\\/index.php\\\/2025\\\/09\\\/01\\\/medicaments-et-dispositifs-medicaux-lanpp-resserre-letau-sur-les-importations\\\/#breadcrumb\"},\"inLanguage\":\"fr-FR\",\"potentialAction\":[{\"@type\":\"ReadAction\",\"target\":[\"https:\\\/\\\/lasentinelle.dz\\\/index.php\\\/2025\\\/09\\\/01\\\/medicaments-et-dispositifs-medicaux-lanpp-resserre-letau-sur-les-importations\\\/\"]}]},{\"@type\":\"ImageObject\",\"inLanguage\":\"fr-FR\",\"@id\":\"https:\\\/\\\/lasentinelle.dz\\\/index.php\\\/2025\\\/09\\\/01\\\/medicaments-et-dispositifs-medicaux-lanpp-resserre-letau-sur-les-importations\\\/#primaryimage\",\"url\":\"https:\\\/\\\/lasentinelle.dz\\\/wp-content\\\/uploads\\\/2025\\\/09\\\/ANPP.jpeg\",\"contentUrl\":\"https:\\\/\\\/lasentinelle.dz\\\/wp-content\\\/uploads\\\/2025\\\/09\\\/ANPP.jpeg\",\"width\":790,\"height\":444},{\"@type\":\"BreadcrumbList\",\"@id\":\"https:\\\/\\\/lasentinelle.dz\\\/index.php\\\/2025\\\/09\\\/01\\\/medicaments-et-dispositifs-medicaux-lanpp-resserre-letau-sur-les-importations\\\/#breadcrumb\",\"itemListElement\":[{\"@type\":\"ListItem\",\"position\":1,\"name\":\"Accueil\",\"item\":\"https:\\\/\\\/lasentinelle.dz\\\/\"},{\"@type\":\"ListItem\",\"position\":2,\"name\":\"M\u00e9dicaments et dispositifs m\u00e9dicaux\u00a0: L\u2019ANPP resserre l&rsquo;\u00e9tau sur les importations\"}]},{\"@type\":\"WebSite\",\"@id\":\"https:\\\/\\\/lasentinelle.dz\\\/#website\",\"url\":\"https:\\\/\\\/lasentinelle.dz\\\/\",\"name\":\"La Sentinelle\",\"description\":\"Quotidien national d&#039;information\",\"publisher\":{\"@id\":\"https:\\\/\\\/lasentinelle.dz\\\/#organization\"},\"potentialAction\":[{\"@type\":\"SearchAction\",\"target\":{\"@type\":\"EntryPoint\",\"urlTemplate\":\"https:\\\/\\\/lasentinelle.dz\\\/?s={search_term_string}\"},\"query-input\":{\"@type\":\"PropertyValueSpecification\",\"valueRequired\":true,\"valueName\":\"search_term_string\"}}],\"inLanguage\":\"fr-FR\"},{\"@type\":\"Organization\",\"@id\":\"https:\\\/\\\/lasentinelle.dz\\\/#organization\",\"name\":\"Quotidien La Sentinelle\",\"url\":\"https:\\\/\\\/lasentinelle.dz\\\/\",\"logo\":{\"@type\":\"ImageObject\",\"inLanguage\":\"fr-FR\",\"@id\":\"https:\\\/\\\/lasentinelle.dz\\\/#\\\/schema\\\/logo\\\/image\\\/\",\"url\":\"https:\\\/\\\/lasentinelle.dz\\\/wp-content\\\/uploads\\\/2021\\\/09\\\/logo-sentinelleSLOGAN-1.png\",\"contentUrl\":\"https:\\\/\\\/lasentinelle.dz\\\/wp-content\\\/uploads\\\/2021\\\/09\\\/logo-sentinelleSLOGAN-1.png\",\"width\":615,\"height\":142,\"caption\":\"Quotidien La Sentinelle\"},\"image\":{\"@id\":\"https:\\\/\\\/lasentinelle.dz\\\/#\\\/schema\\\/logo\\\/image\\\/\"},\"sameAs\":[\"https:\\\/\\\/www.facebook.com\\\/La-Sentinelle-104059864394773\"]},{\"@type\":\"Person\",\"@id\":\"https:\\\/\\\/lasentinelle.dz\\\/#\\\/schema\\\/person\\\/729ee0024f24e0b8c5ec17232f8e8b41\",\"name\":\"admin\",\"image\":{\"@type\":\"ImageObject\",\"inLanguage\":\"fr-FR\",\"@id\":\"https:\\\/\\\/secure.gravatar.com\\\/avatar\\\/4c81fed838786e9b53f540bf46533e750f5d292099ae3b66cfc6fb1982e29df7?s=96&d=mm&r=g\",\"url\":\"https:\\\/\\\/secure.gravatar.com\\\/avatar\\\/4c81fed838786e9b53f540bf46533e750f5d292099ae3b66cfc6fb1982e29df7?s=96&d=mm&r=g\",\"contentUrl\":\"https:\\\/\\\/secure.gravatar.com\\\/avatar\\\/4c81fed838786e9b53f540bf46533e750f5d292099ae3b66cfc6fb1982e29df7?s=96&d=mm&r=g\",\"caption\":\"admin\"},\"description\":\"admin\",\"url\":\"https:\\\/\\\/lasentinelle.dz\\\/author\\\/admin\\\/\"}]}<\/script>\n<!-- \/ Yoast SEO plugin. -->","yoast_head_json":{"title":"M\u00e9dicaments et dispositifs m\u00e9dicaux\u00a0: L\u2019ANPP resserre l&rsquo;\u00e9tau sur les importations - La Sentinelle","robots":{"index":"index","follow":"follow","max-snippet":"max-snippet:-1","max-image-preview":"max-image-preview:large","max-video-preview":"max-video-preview:-1"},"canonical":"https:\/\/lasentinelle.dz\/index.php\/2025\/09\/01\/medicaments-et-dispositifs-medicaux-lanpp-resserre-letau-sur-les-importations\/","og_locale":"fr_FR","og_type":"article","og_title":"M\u00e9dicaments et dispositifs m\u00e9dicaux\u00a0: L\u2019ANPP resserre l&rsquo;\u00e9tau sur les importations - La Sentinelle","og_description":"\u00c0 partir du 7 septembre prochain, tous les produits pharmaceutiques et \u00e9quipements m\u00e9dicaux import\u00e9s devront obligatoirement passer sous les fourches","og_url":"https:\/\/lasentinelle.dz\/index.php\/2025\/09\/01\/medicaments-et-dispositifs-medicaux-lanpp-resserre-letau-sur-les-importations\/","og_site_name":"La Sentinelle","article_publisher":"https:\/\/www.facebook.com\/La-Sentinelle-104059864394773","article_published_time":"2025-09-01T11:30:40+00:00","og_image":[{"width":790,"height":444,"url":"https:\/\/lasentinelle.dz\/wp-content\/uploads\/2025\/09\/ANPP.jpeg","type":"image\/jpeg"}],"author":"admin","twitter_card":"summary_large_image","twitter_misc":{"\u00c9crit par":"admin","Dur\u00e9e de lecture estim\u00e9e":"4 minutes"},"schema":{"@context":"https:\/\/schema.org","@graph":[{"@type":"Article","@id":"https:\/\/lasentinelle.dz\/index.php\/2025\/09\/01\/medicaments-et-dispositifs-medicaux-lanpp-resserre-letau-sur-les-importations\/#article","isPartOf":{"@id":"https:\/\/lasentinelle.dz\/index.php\/2025\/09\/01\/medicaments-et-dispositifs-medicaux-lanpp-resserre-letau-sur-les-importations\/"},"author":{"name":"admin","@id":"https:\/\/lasentinelle.dz\/#\/schema\/person\/729ee0024f24e0b8c5ec17232f8e8b41"},"headline":"M\u00e9dicaments et dispositifs m\u00e9dicaux\u00a0: L\u2019ANPP resserre l&rsquo;\u00e9tau sur les importations","datePublished":"2025-09-01T11:30:40+00:00","mainEntityOfPage":{"@id":"https:\/\/lasentinelle.dz\/index.php\/2025\/09\/01\/medicaments-et-dispositifs-medicaux-lanpp-resserre-letau-sur-les-importations\/"},"wordCount":758,"commentCount":0,"publisher":{"@id":"https:\/\/lasentinelle.dz\/#organization"},"image":{"@id":"https:\/\/lasentinelle.dz\/index.php\/2025\/09\/01\/medicaments-et-dispositifs-medicaux-lanpp-resserre-letau-sur-les-importations\/#primaryimage"},"thumbnailUrl":"https:\/\/lasentinelle.dz\/wp-content\/uploads\/2025\/09\/ANPP.jpeg","articleSection":["\u00c0 la Une","\u00c9conomie"],"inLanguage":"fr-FR","potentialAction":[{"@type":"CommentAction","name":"Comment","target":["https:\/\/lasentinelle.dz\/index.php\/2025\/09\/01\/medicaments-et-dispositifs-medicaux-lanpp-resserre-letau-sur-les-importations\/#respond"]}]},{"@type":"WebPage","@id":"https:\/\/lasentinelle.dz\/index.php\/2025\/09\/01\/medicaments-et-dispositifs-medicaux-lanpp-resserre-letau-sur-les-importations\/","url":"https:\/\/lasentinelle.dz\/index.php\/2025\/09\/01\/medicaments-et-dispositifs-medicaux-lanpp-resserre-letau-sur-les-importations\/","name":"M\u00e9dicaments et dispositifs m\u00e9dicaux\u00a0: L\u2019ANPP resserre l&rsquo;\u00e9tau sur les importations - La Sentinelle","isPartOf":{"@id":"https:\/\/lasentinelle.dz\/#website"},"primaryImageOfPage":{"@id":"https:\/\/lasentinelle.dz\/index.php\/2025\/09\/01\/medicaments-et-dispositifs-medicaux-lanpp-resserre-letau-sur-les-importations\/#primaryimage"},"image":{"@id":"https:\/\/lasentinelle.dz\/index.php\/2025\/09\/01\/medicaments-et-dispositifs-medicaux-lanpp-resserre-letau-sur-les-importations\/#primaryimage"},"thumbnailUrl":"https:\/\/lasentinelle.dz\/wp-content\/uploads\/2025\/09\/ANPP.jpeg","datePublished":"2025-09-01T11:30:40+00:00","breadcrumb":{"@id":"https:\/\/lasentinelle.dz\/index.php\/2025\/09\/01\/medicaments-et-dispositifs-medicaux-lanpp-resserre-letau-sur-les-importations\/#breadcrumb"},"inLanguage":"fr-FR","potentialAction":[{"@type":"ReadAction","target":["https:\/\/lasentinelle.dz\/index.php\/2025\/09\/01\/medicaments-et-dispositifs-medicaux-lanpp-resserre-letau-sur-les-importations\/"]}]},{"@type":"ImageObject","inLanguage":"fr-FR","@id":"https:\/\/lasentinelle.dz\/index.php\/2025\/09\/01\/medicaments-et-dispositifs-medicaux-lanpp-resserre-letau-sur-les-importations\/#primaryimage","url":"https:\/\/lasentinelle.dz\/wp-content\/uploads\/2025\/09\/ANPP.jpeg","contentUrl":"https:\/\/lasentinelle.dz\/wp-content\/uploads\/2025\/09\/ANPP.jpeg","width":790,"height":444},{"@type":"BreadcrumbList","@id":"https:\/\/lasentinelle.dz\/index.php\/2025\/09\/01\/medicaments-et-dispositifs-medicaux-lanpp-resserre-letau-sur-les-importations\/#breadcrumb","itemListElement":[{"@type":"ListItem","position":1,"name":"Accueil","item":"https:\/\/lasentinelle.dz\/"},{"@type":"ListItem","position":2,"name":"M\u00e9dicaments et dispositifs m\u00e9dicaux\u00a0: L\u2019ANPP resserre l&rsquo;\u00e9tau sur les importations"}]},{"@type":"WebSite","@id":"https:\/\/lasentinelle.dz\/#website","url":"https:\/\/lasentinelle.dz\/","name":"La Sentinelle","description":"Quotidien national d&#039;information","publisher":{"@id":"https:\/\/lasentinelle.dz\/#organization"},"potentialAction":[{"@type":"SearchAction","target":{"@type":"EntryPoint","urlTemplate":"https:\/\/lasentinelle.dz\/?s={search_term_string}"},"query-input":{"@type":"PropertyValueSpecification","valueRequired":true,"valueName":"search_term_string"}}],"inLanguage":"fr-FR"},{"@type":"Organization","@id":"https:\/\/lasentinelle.dz\/#organization","name":"Quotidien La Sentinelle","url":"https:\/\/lasentinelle.dz\/","logo":{"@type":"ImageObject","inLanguage":"fr-FR","@id":"https:\/\/lasentinelle.dz\/#\/schema\/logo\/image\/","url":"https:\/\/lasentinelle.dz\/wp-content\/uploads\/2021\/09\/logo-sentinelleSLOGAN-1.png","contentUrl":"https:\/\/lasentinelle.dz\/wp-content\/uploads\/2021\/09\/logo-sentinelleSLOGAN-1.png","width":615,"height":142,"caption":"Quotidien La Sentinelle"},"image":{"@id":"https:\/\/lasentinelle.dz\/#\/schema\/logo\/image\/"},"sameAs":["https:\/\/www.facebook.com\/La-Sentinelle-104059864394773"]},{"@type":"Person","@id":"https:\/\/lasentinelle.dz\/#\/schema\/person\/729ee0024f24e0b8c5ec17232f8e8b41","name":"admin","image":{"@type":"ImageObject","inLanguage":"fr-FR","@id":"https:\/\/secure.gravatar.com\/avatar\/4c81fed838786e9b53f540bf46533e750f5d292099ae3b66cfc6fb1982e29df7?s=96&d=mm&r=g","url":"https:\/\/secure.gravatar.com\/avatar\/4c81fed838786e9b53f540bf46533e750f5d292099ae3b66cfc6fb1982e29df7?s=96&d=mm&r=g","contentUrl":"https:\/\/secure.gravatar.com\/avatar\/4c81fed838786e9b53f540bf46533e750f5d292099ae3b66cfc6fb1982e29df7?s=96&d=mm&r=g","caption":"admin"},"description":"admin","url":"https:\/\/lasentinelle.dz\/author\/admin\/"}]}},"_links":{"self":[{"href":"https:\/\/lasentinelle.dz\/index.php\/wp-json\/wp\/v2\/posts\/72721","targetHints":{"allow":["GET"]}}],"collection":[{"href":"https:\/\/lasentinelle.dz\/index.php\/wp-json\/wp\/v2\/posts"}],"about":[{"href":"https:\/\/lasentinelle.dz\/index.php\/wp-json\/wp\/v2\/types\/post"}],"author":[{"embeddable":true,"href":"https:\/\/lasentinelle.dz\/index.php\/wp-json\/wp\/v2\/users\/6"}],"replies":[{"embeddable":true,"href":"https:\/\/lasentinelle.dz\/index.php\/wp-json\/wp\/v2\/comments?post=72721"}],"version-history":[{"count":2,"href":"https:\/\/lasentinelle.dz\/index.php\/wp-json\/wp\/v2\/posts\/72721\/revisions"}],"predecessor-version":[{"id":72724,"href":"https:\/\/lasentinelle.dz\/index.php\/wp-json\/wp\/v2\/posts\/72721\/revisions\/72724"}],"wp:featuredmedia":[{"embeddable":true,"href":"https:\/\/lasentinelle.dz\/index.php\/wp-json\/wp\/v2\/media\/72722"}],"wp:attachment":[{"href":"https:\/\/lasentinelle.dz\/index.php\/wp-json\/wp\/v2\/media?parent=72721"}],"wp:term":[{"taxonomy":"category","embeddable":true,"href":"https:\/\/lasentinelle.dz\/index.php\/wp-json\/wp\/v2\/categories?post=72721"},{"taxonomy":"post_tag","embeddable":true,"href":"https:\/\/lasentinelle.dz\/index.php\/wp-json\/wp\/v2\/tags?post=72721"}],"curies":[{"name":"wp","href":"https:\/\/api.w.org\/{rel}","templated":true}]}}