{"id":72725,"date":"2025-09-01T12:31:32","date_gmt":"2025-09-01T11:31:32","guid":{"rendered":"https:\/\/lasentinelle.dz\/?p=72725"},"modified":"2025-09-01T12:31:33","modified_gmt":"2025-09-01T11:31:33","slug":"iatf-au-dela-du-commerce","status":"publish","type":"post","link":"https:\/\/lasentinelle.dz\/index.php\/2025\/09\/01\/iatf-au-dela-du-commerce\/","title":{"rendered":"IATF\u00a0: Au-del\u00e0 du commerce"},"content":{"rendered":"\n<p>Dans un contexte o\u00f9 l&rsquo;int\u00e9gration \u00e9conomique africaine devient un enjeu g\u00e9opolitique de premier plan, l&rsquo;Alg\u00e9rie s&rsquo;appr\u00eate \u00e0 accueillir du 4 au 10 septembre prochain la quatri\u00e8me \u00e9dition du Salon du Commerce Intra-Africain, \u00e9v\u00e9nement qui s&rsquo;impose d\u00e9sormais comme la plus grande manifestation \u00e9conomique et commerciale du continent.<\/p>\n\n\n\n<p>L\u2019\u00e9v\u00e8nement, qui sera couvert par 1275 professionnels des m\u00e9dias dont 175 journalistes \u00e9trangers, illustre la volont\u00e9 de l\u2019Alg\u00e9rie de consolider sa position de hub continental et de catalyseur de l&rsquo;int\u00e9gration \u00e9conomique africaine. Le ministre de la Communication, Mohamed Meziane, a dans ce sens confirm\u00e9 dimanche, lors d&rsquo;une journ\u00e9e d&rsquo;information d\u00e9di\u00e9e aux enjeux de ce salon continental que cette manifestation rev\u00eat une dimension strat\u00e9gique qui d\u00e9passe le simple cadre commercial. \u00ab\u00a0L&rsquo;organisation de cet \u00e9v\u00e9nement strat\u00e9gique en Alg\u00e9rie n&rsquo;est pas seulement une \u00e9tape \u00e9conomique, mais c&rsquo;est un message fort qui confirme l&rsquo;engagement de notre pays \u00e0 soutenir le processus d&rsquo;int\u00e9gration africaine et \u00e0 promouvoir les \u00e9changes intra-africains et la promotion de la zone de libre-\u00e9change continentale africaine, au service des int\u00e9r\u00eats de nos peuples dans le d\u00e9veloppement durable et le progr\u00e8s commun\u00a0\u00bb, a d\u00e9clar\u00e9 le ministre. Cette quatri\u00e8me \u00e9dition s&rsquo;inscrit dans une dynamique continentale o\u00f9 l&rsquo;Alg\u00e9rie entend jouer un r\u00f4le de premier plan. En accueillant ce qui constitue la plus importante manifestation \u00e9conomique et commerciale \u00e0 l&rsquo;\u00e9chelle du continent, \u00ab\u00a0l&rsquo;Alg\u00e9rie place sous ses yeux l&rsquo;importance de ce rendez-vous \u00e9conomique majeur qui constitue une opportunit\u00e9 importante pour consolider sa position en tant que pont d&rsquo;\u00e9change et d&rsquo;int\u00e9gration entre les pays d&rsquo;Afrique\u00a0\u00bb, a poursuivi le ministre de la Communication, mettant en perspective les enjeux g\u00e9o\u00e9conomiques de cette rencontre. L&rsquo;\u00e9v\u00e9nement transcende, souligne Mohamed Meziane, la dimension purement commerciale pour embrasser une vision plus large de l&rsquo;int\u00e9gration continentale. L&rsquo;Alg\u00e9rie renouvelle \u00e0 travers cet \u00e9v\u00e9nement majeur \u00ab\u00a0son engagement constant \u00e0 soutenir l&rsquo;action africaine commune et \u00e0 renforcer le processus d&rsquo;int\u00e9gration \u00e9conomique, qui constitue un pilier fondamental pour r\u00e9aliser le d\u00e9veloppement durable et ouvrir de larges horizons d&rsquo;\u00e9change et de partenariat, contribuant ainsi au service des questions de s\u00e9curit\u00e9 et de stabilit\u00e9 sur le continent\u00a0\u00bb, a-t-il explicit\u00e9.<\/p>\n\n\n\n<p><strong>Des solutions africaines aux probl\u00e8mes africains<\/strong><\/p>\n\n\n\n<p>Le ministre a particuli\u00e8rement insist\u00e9 sur la dimension multidimensionnelle de cette manifestation, expliquant que cette \u00e9dition du salon \u00ab\u00a0n&rsquo;est pas seulement un espace \u00e9conomique et commercial, mais une plateforme de rencontre humaine et culturelle et une opportunit\u00e9 de concr\u00e9tiser la communication et l&rsquo;interaction entre les peuples africains, avec leur histoire commune\u00a0\u00bb, soulignant que ces peuples \u00ab\u00a0ont aujourd&rsquo;hui, plus que jamais, besoin de m\u00e9canismes de communication efficaces et d&rsquo;espaces o\u00f9 se rencontrent les investisseurs, les m\u00e9dias, les cr\u00e9ateurs et les d\u00e9cideurs, afin de construire des ponts de compr\u00e9hension et de partenariat, et de poser les bases de l&rsquo;avenir commun\u00a0\u00bb. Cette vision s&rsquo;articule autour des orientations strat\u00e9giques d\u00e9finies au plus haut niveau de l&rsquo;\u00c9tat. Mohamed Meziane a rappel\u00e9 que cette approche constitue \u00ab\u00a0le principe que le Pr\u00e9sident de la R\u00e9publique, Monsieur Abdelmadjid Tebboune, a confirm\u00e9 vouloir consacrer, \u00e0 travers l&rsquo;imposition de solutions africaines aux probl\u00e8mes africains\u00a0\u00bb, inscrivant ainsi l&rsquo;\u00e9v\u00e9nement dans la doctrine diplomatique alg\u00e9rienne de souverainet\u00e9 continentale et d&rsquo;autod\u00e9termination africaine. Pour garantir la r\u00e9ussite de cette manifestation d&rsquo;envergure, le minist\u00e8re de la Communication a d\u00e9ploy\u00e9 des moyens logistiques et techniques consid\u00e9rables. Le Centre International de Presse a mobilis\u00e9 des ressources importantes pour permettre aux journalistes et aux professionnels des m\u00e9dias d&rsquo;exercer leurs missions dans un environnement professionnel int\u00e9gr\u00e9. Trois salles de r\u00e9daction ont \u00e9t\u00e9 am\u00e9nag\u00e9es, dot\u00e9es de plus de 120 ordinateurs connect\u00e9s \u00e0 Internet haut d\u00e9bit, deux d&rsquo;entre elles \u00e9tant situ\u00e9es au Centre International des Conf\u00e9rences Abdellatif Rahal et \u00e9quip\u00e9es de deux \u00e9crans g\u00e9ants pour retransmettre l&rsquo;ouverture officielle en direct et dans diff\u00e9rentes langues, tandis que la troisi\u00e8me salle a \u00e9t\u00e9 install\u00e9e au Palais des Expositions des Pins Maritimes.<\/p>\n\n\n\n<p>L&rsquo;infrastructure m\u00e9diatique mise en place t\u00e9moigne de l&rsquo;ambition de l&rsquo;\u00e9v\u00e9nement. Une salle sp\u00e9cialis\u00e9e dans le montage vid\u00e9o et la conception graphique a \u00e9t\u00e9 cr\u00e9\u00e9e, comprenant huit unit\u00e9s num\u00e9riques avanc\u00e9es et un grand \u00e9cran de projection, compl\u00e9t\u00e9e par l&rsquo;installation d&rsquo;\u00e9crans modernes dans l&rsquo;espace m\u00e9diatique affichant en temps r\u00e9el les diff\u00e9rents programmes et activit\u00e9s. Pour renforcer la couverture m\u00e9diatique, le Centre International de Presse a mis \u00e0 disposition des cha\u00eenes de t\u00e9l\u00e9vision nationales neuf plateaux \u00e9quip\u00e9s des moyens audiovisuels les plus r\u00e9cents, six d&rsquo;entre eux au Centre International des Conf\u00e9rences et trois au Palais des Expositions, avec un espace de prestige d\u00e9di\u00e9 aux entretiens de presse avec les hautes personnalit\u00e9s et les invit\u00e9s, ainsi que trois studios radiophoniques enti\u00e8rement \u00e9quip\u00e9s pour les cha\u00eenes nationales, deux au niveau du Centre International des Conf\u00e9rences et un autre au Palais des Expositions.<\/p>\n\n\n\n<p>Pour assurer l&rsquo;efficacit\u00e9 et la s\u00e9curit\u00e9 de la couverture, le Centre a \u00e9galement mobilis\u00e9 une \u00e9quipe sp\u00e9cialis\u00e9e comprenant plus de 80 techniciens et 30 journalistes et encadrants qui se chargeront d&rsquo;accompagner les d\u00e9l\u00e9gations m\u00e9diatiques sur le terrain durant toute la dur\u00e9e du salon, garantissant ainsi une couverture compl\u00e8te qui accompagne l&rsquo;importance de ce rendez-vous continental.<\/p>\n\n\n\n<p>Le ministre a soulign\u00e9 \u00ab\u00a0le r\u00f4le central que jouent les m\u00e9dias dans l&rsquo;accompagnement de cet \u00e9v\u00e9nement et sa couverture \u00e0 la hauteur de son rang et de ses dimensions\u00a0\u00bb, consid\u00e9rant les m\u00e9dias comme \u00ab\u00a0un v\u00e9ritable partenaire dans la fabrication du succ\u00e8s\u00a0\u00bb, \u00e0 travers \u00ab\u00a0la mise en valeur des opportunit\u00e9s d&rsquo;investissement, la documentation des rencontres \u00e9conomiques et l&rsquo;\u00e9clairage sur les exp\u00e9riences r\u00e9ussies, ainsi que la transmission de l&rsquo;image de l&rsquo;Alg\u00e9rie et de l&rsquo;Afrique vers le monde dans leurs meilleures manifestations\u00a0\u00bb.<\/p>\n\n\n\n<p>Valoriser les potentialit\u00e9s du continent<\/p>\n\n\n\n<p>Mohamed Meziane a \u00e9galement interpell\u00e9 les m\u00e9dias africains, les appelant \u00e0 \u00ab\u00a0fournir un effort redoubl\u00e9 de mani\u00e8re \u00e0 refl\u00e9ter cette riche diversit\u00e9 et \u00e0 mettre en relief les mod\u00e8les r\u00e9ussis qui suscitent l&rsquo;espoir et confirment la capacit\u00e9 de l&rsquo;Afrique \u00e0 dessiner son avenir par la main de ses enfants\u00a0\u00bb. Cette exhortation s&rsquo;inscrit dans une d\u00e9marche plus large de valorisation des potentialit\u00e9s continentales et de promotion d&rsquo;un narratif africain autonome. Le d\u00e9partement minist\u00e9riel \u00ab\u00a0place au c\u0153ur de ses pr\u00e9occupations l&rsquo;accompagnement de cet \u00e9v\u00e9nement exceptionnel, dans le but de garantir une couverture compl\u00e8te et professionnelle qui refl\u00e8te l&rsquo;ampleur des enjeux \u00e9conomiques que porte le salon et met en relief l&rsquo;image de l&rsquo;Alg\u00e9rie comme espace s\u00fbr, ouvert et attractif pour les partenariats et les investissements\u00a0\u00bb, a pr\u00e9cis\u00e9 le ministre, d\u00e9finissant ainsi les objectifs communicationnels de cette manifestation continentale. Enfin, Mohamed Meziane a invit\u00e9 les journalistes \u00e0 accompagner cet \u00e9v\u00e9nement important en \u00ab\u00a0transmettant ses d\u00e9tails avec toute objectivit\u00e9 et professionnalisme, de mani\u00e8re \u00e0 consolider l&rsquo;image de l&rsquo;Alg\u00e9rie comme destination pionni\u00e8re dans l&rsquo;organisation des manifestations continentales et comme pont de communication entre les peuples d&rsquo;Afrique\u00a0\u00bb, r\u00e9it\u00e9rant l&rsquo;engagement du minist\u00e8re de la Communication \u00e0 prendre toutes les dispositions et \u00e0 fournir les \u00e9quipements n\u00e9cessaires \u00ab\u00a0qui sont de nature \u00e0 garantir une couverture m\u00e9diatique compl\u00e8te et int\u00e9gr\u00e9e\u00a0\u00bb. Cette mobilisation exceptionnelle des ressources nationales confirme la volont\u00e9 de l&rsquo;Alg\u00e9rie de faire de ce salon un catalyseur de l&rsquo;int\u00e9gration \u00e9conomique africaine et un levier de son influence continentale.<\/p>\n\n\n\n<p>Sabrina Aziouez<\/p>\n","protected":false},"excerpt":{"rendered":"<p>Dans un contexte o\u00f9 l&rsquo;int\u00e9gration \u00e9conomique africaine devient un enjeu g\u00e9opolitique de premier plan, l&rsquo;Alg\u00e9rie s&rsquo;appr\u00eate \u00e0 accueillir du 4<\/p>\n","protected":false},"author":6,"featured_media":72726,"comment_status":"open","ping_status":"closed","sticky":false,"template":"","format":"standard","meta":{"colormag_page_container_layout":"default_layout","colormag_page_sidebar_layout":"default_layout","om_disable_all_campaigns":false,"_monsterinsights_skip_tracking":false,"_monsterinsights_sitenote_active":false,"_monsterinsights_sitenote_note":"","_monsterinsights_sitenote_category":0,"footnotes":"","_wpscppro_dont_share_socialmedia":false,"_wpscppro_custom_social_share_image":0,"_facebook_share_type":"default","_twitter_share_type":"default","_linkedin_share_type":"default","_pinterest_share_type":"default","_linkedin_share_type_page":"","_instagram_share_type":"default","_medium_share_type":"default","_threads_share_type":"default","_google_business_share_type":"default","_selected_social_profile":[],"_wpsp_enable_custom_social_template":false,"_wpsp_social_scheduling":{"enabled":false,"datetime":null,"platforms":[],"status":"template_only","dateOption":"today","timeOption":"now","customDays":"","customHours":"","customDate":"","customTime":"","schedulingType":"absolute"},"_wpsp_active_default_template":true},"categories":[52,29],"tags":[],"class_list":["post-72725","post","type-post","status-publish","format-standard","has-post-thumbnail","hentry","category-a-la-une","category-economie"],"aioseo_notices":[],"yoast_head":"<!-- This site is optimized with the Yoast SEO plugin v27.4 - https:\/\/yoast.com\/product\/yoast-seo-wordpress\/ -->\n<title>IATF\u00a0: Au-del\u00e0 du commerce - La Sentinelle<\/title>\n<meta name=\"robots\" content=\"index, follow, max-snippet:-1, max-image-preview:large, max-video-preview:-1\" \/>\n<link rel=\"canonical\" href=\"https:\/\/lasentinelle.dz\/index.php\/2025\/09\/01\/iatf-au-dela-du-commerce\/\" \/>\n<meta property=\"og:locale\" content=\"fr_FR\" \/>\n<meta property=\"og:type\" content=\"article\" \/>\n<meta property=\"og:title\" content=\"IATF\u00a0: Au-del\u00e0 du commerce - La Sentinelle\" \/>\n<meta property=\"og:description\" content=\"Dans un contexte o\u00f9 l&rsquo;int\u00e9gration \u00e9conomique africaine devient un enjeu g\u00e9opolitique de premier plan, l&rsquo;Alg\u00e9rie s&rsquo;appr\u00eate \u00e0 accueillir du 4\" \/>\n<meta property=\"og:url\" content=\"https:\/\/lasentinelle.dz\/index.php\/2025\/09\/01\/iatf-au-dela-du-commerce\/\" \/>\n<meta property=\"og:site_name\" content=\"La Sentinelle\" \/>\n<meta property=\"article:publisher\" content=\"https:\/\/www.facebook.com\/La-Sentinelle-104059864394773\" \/>\n<meta property=\"article:published_time\" content=\"2025-09-01T11:31:32+00:00\" \/>\n<meta property=\"article:modified_time\" content=\"2025-09-01T11:31:33+00:00\" \/>\n<meta property=\"og:image\" content=\"https:\/\/lasentinelle.dz\/wp-content\/uploads\/2025\/09\/meziane.jpg\" \/>\n\t<meta property=\"og:image:width\" content=\"1070\" \/>\n\t<meta property=\"og:image:height\" content=\"701\" \/>\n\t<meta property=\"og:image:type\" content=\"image\/jpeg\" \/>\n<meta name=\"author\" content=\"admin\" \/>\n<meta name=\"twitter:card\" content=\"summary_large_image\" \/>\n<meta name=\"twitter:label1\" content=\"\u00c9crit par\" \/>\n\t<meta name=\"twitter:data1\" content=\"admin\" \/>\n\t<meta name=\"twitter:label2\" content=\"Dur\u00e9e de lecture estim\u00e9e\" \/>\n\t<meta name=\"twitter:data2\" content=\"6 minutes\" \/>\n<script type=\"application\/ld+json\" class=\"yoast-schema-graph\">{\"@context\":\"https:\\\/\\\/schema.org\",\"@graph\":[{\"@type\":\"Article\",\"@id\":\"https:\\\/\\\/lasentinelle.dz\\\/index.php\\\/2025\\\/09\\\/01\\\/iatf-au-dela-du-commerce\\\/#article\",\"isPartOf\":{\"@id\":\"https:\\\/\\\/lasentinelle.dz\\\/index.php\\\/2025\\\/09\\\/01\\\/iatf-au-dela-du-commerce\\\/\"},\"author\":{\"name\":\"admin\",\"@id\":\"https:\\\/\\\/lasentinelle.dz\\\/#\\\/schema\\\/person\\\/729ee0024f24e0b8c5ec17232f8e8b41\"},\"headline\":\"IATF\u00a0: Au-del\u00e0 du commerce\",\"datePublished\":\"2025-09-01T11:31:32+00:00\",\"dateModified\":\"2025-09-01T11:31:33+00:00\",\"mainEntityOfPage\":{\"@id\":\"https:\\\/\\\/lasentinelle.dz\\\/index.php\\\/2025\\\/09\\\/01\\\/iatf-au-dela-du-commerce\\\/\"},\"wordCount\":1334,\"commentCount\":0,\"publisher\":{\"@id\":\"https:\\\/\\\/lasentinelle.dz\\\/#organization\"},\"image\":{\"@id\":\"https:\\\/\\\/lasentinelle.dz\\\/index.php\\\/2025\\\/09\\\/01\\\/iatf-au-dela-du-commerce\\\/#primaryimage\"},\"thumbnailUrl\":\"https:\\\/\\\/lasentinelle.dz\\\/wp-content\\\/uploads\\\/2025\\\/09\\\/meziane.jpg\",\"articleSection\":[\"\u00c0 la Une\",\"\u00c9conomie\"],\"inLanguage\":\"fr-FR\",\"potentialAction\":[{\"@type\":\"CommentAction\",\"name\":\"Comment\",\"target\":[\"https:\\\/\\\/lasentinelle.dz\\\/index.php\\\/2025\\\/09\\\/01\\\/iatf-au-dela-du-commerce\\\/#respond\"]}]},{\"@type\":\"WebPage\",\"@id\":\"https:\\\/\\\/lasentinelle.dz\\\/index.php\\\/2025\\\/09\\\/01\\\/iatf-au-dela-du-commerce\\\/\",\"url\":\"https:\\\/\\\/lasentinelle.dz\\\/index.php\\\/2025\\\/09\\\/01\\\/iatf-au-dela-du-commerce\\\/\",\"name\":\"IATF\u00a0: Au-del\u00e0 du commerce - La Sentinelle\",\"isPartOf\":{\"@id\":\"https:\\\/\\\/lasentinelle.dz\\\/#website\"},\"primaryImageOfPage\":{\"@id\":\"https:\\\/\\\/lasentinelle.dz\\\/index.php\\\/2025\\\/09\\\/01\\\/iatf-au-dela-du-commerce\\\/#primaryimage\"},\"image\":{\"@id\":\"https:\\\/\\\/lasentinelle.dz\\\/index.php\\\/2025\\\/09\\\/01\\\/iatf-au-dela-du-commerce\\\/#primaryimage\"},\"thumbnailUrl\":\"https:\\\/\\\/lasentinelle.dz\\\/wp-content\\\/uploads\\\/2025\\\/09\\\/meziane.jpg\",\"datePublished\":\"2025-09-01T11:31:32+00:00\",\"dateModified\":\"2025-09-01T11:31:33+00:00\",\"breadcrumb\":{\"@id\":\"https:\\\/\\\/lasentinelle.dz\\\/index.php\\\/2025\\\/09\\\/01\\\/iatf-au-dela-du-commerce\\\/#breadcrumb\"},\"inLanguage\":\"fr-FR\",\"potentialAction\":[{\"@type\":\"ReadAction\",\"target\":[\"https:\\\/\\\/lasentinelle.dz\\\/index.php\\\/2025\\\/09\\\/01\\\/iatf-au-dela-du-commerce\\\/\"]}]},{\"@type\":\"ImageObject\",\"inLanguage\":\"fr-FR\",\"@id\":\"https:\\\/\\\/lasentinelle.dz\\\/index.php\\\/2025\\\/09\\\/01\\\/iatf-au-dela-du-commerce\\\/#primaryimage\",\"url\":\"https:\\\/\\\/lasentinelle.dz\\\/wp-content\\\/uploads\\\/2025\\\/09\\\/meziane.jpg\",\"contentUrl\":\"https:\\\/\\\/lasentinelle.dz\\\/wp-content\\\/uploads\\\/2025\\\/09\\\/meziane.jpg\",\"width\":1070,\"height\":701},{\"@type\":\"BreadcrumbList\",\"@id\":\"https:\\\/\\\/lasentinelle.dz\\\/index.php\\\/2025\\\/09\\\/01\\\/iatf-au-dela-du-commerce\\\/#breadcrumb\",\"itemListElement\":[{\"@type\":\"ListItem\",\"position\":1,\"name\":\"Accueil\",\"item\":\"https:\\\/\\\/lasentinelle.dz\\\/\"},{\"@type\":\"ListItem\",\"position\":2,\"name\":\"IATF\u00a0: Au-del\u00e0 du commerce\"}]},{\"@type\":\"WebSite\",\"@id\":\"https:\\\/\\\/lasentinelle.dz\\\/#website\",\"url\":\"https:\\\/\\\/lasentinelle.dz\\\/\",\"name\":\"La Sentinelle\",\"description\":\"Quotidien national d&#039;information\",\"publisher\":{\"@id\":\"https:\\\/\\\/lasentinelle.dz\\\/#organization\"},\"potentialAction\":[{\"@type\":\"SearchAction\",\"target\":{\"@type\":\"EntryPoint\",\"urlTemplate\":\"https:\\\/\\\/lasentinelle.dz\\\/?s={search_term_string}\"},\"query-input\":{\"@type\":\"PropertyValueSpecification\",\"valueRequired\":true,\"valueName\":\"search_term_string\"}}],\"inLanguage\":\"fr-FR\"},{\"@type\":\"Organization\",\"@id\":\"https:\\\/\\\/lasentinelle.dz\\\/#organization\",\"name\":\"Quotidien La Sentinelle\",\"url\":\"https:\\\/\\\/lasentinelle.dz\\\/\",\"logo\":{\"@type\":\"ImageObject\",\"inLanguage\":\"fr-FR\",\"@id\":\"https:\\\/\\\/lasentinelle.dz\\\/#\\\/schema\\\/logo\\\/image\\\/\",\"url\":\"https:\\\/\\\/lasentinelle.dz\\\/wp-content\\\/uploads\\\/2021\\\/09\\\/logo-sentinelleSLOGAN-1.png\",\"contentUrl\":\"https:\\\/\\\/lasentinelle.dz\\\/wp-content\\\/uploads\\\/2021\\\/09\\\/logo-sentinelleSLOGAN-1.png\",\"width\":615,\"height\":142,\"caption\":\"Quotidien La Sentinelle\"},\"image\":{\"@id\":\"https:\\\/\\\/lasentinelle.dz\\\/#\\\/schema\\\/logo\\\/image\\\/\"},\"sameAs\":[\"https:\\\/\\\/www.facebook.com\\\/La-Sentinelle-104059864394773\"]},{\"@type\":\"Person\",\"@id\":\"https:\\\/\\\/lasentinelle.dz\\\/#\\\/schema\\\/person\\\/729ee0024f24e0b8c5ec17232f8e8b41\",\"name\":\"admin\",\"image\":{\"@type\":\"ImageObject\",\"inLanguage\":\"fr-FR\",\"@id\":\"https:\\\/\\\/secure.gravatar.com\\\/avatar\\\/4c81fed838786e9b53f540bf46533e750f5d292099ae3b66cfc6fb1982e29df7?s=96&d=mm&r=g\",\"url\":\"https:\\\/\\\/secure.gravatar.com\\\/avatar\\\/4c81fed838786e9b53f540bf46533e750f5d292099ae3b66cfc6fb1982e29df7?s=96&d=mm&r=g\",\"contentUrl\":\"https:\\\/\\\/secure.gravatar.com\\\/avatar\\\/4c81fed838786e9b53f540bf46533e750f5d292099ae3b66cfc6fb1982e29df7?s=96&d=mm&r=g\",\"caption\":\"admin\"},\"description\":\"admin\",\"url\":\"https:\\\/\\\/lasentinelle.dz\\\/author\\\/admin\\\/\"}]}<\/script>\n<!-- \/ Yoast SEO plugin. -->","yoast_head_json":{"title":"IATF\u00a0: Au-del\u00e0 du commerce - La Sentinelle","robots":{"index":"index","follow":"follow","max-snippet":"max-snippet:-1","max-image-preview":"max-image-preview:large","max-video-preview":"max-video-preview:-1"},"canonical":"https:\/\/lasentinelle.dz\/index.php\/2025\/09\/01\/iatf-au-dela-du-commerce\/","og_locale":"fr_FR","og_type":"article","og_title":"IATF\u00a0: Au-del\u00e0 du commerce - La Sentinelle","og_description":"Dans un contexte o\u00f9 l&rsquo;int\u00e9gration \u00e9conomique africaine devient un enjeu g\u00e9opolitique de premier plan, l&rsquo;Alg\u00e9rie s&rsquo;appr\u00eate \u00e0 accueillir du 4","og_url":"https:\/\/lasentinelle.dz\/index.php\/2025\/09\/01\/iatf-au-dela-du-commerce\/","og_site_name":"La Sentinelle","article_publisher":"https:\/\/www.facebook.com\/La-Sentinelle-104059864394773","article_published_time":"2025-09-01T11:31:32+00:00","article_modified_time":"2025-09-01T11:31:33+00:00","og_image":[{"width":1070,"height":701,"url":"https:\/\/lasentinelle.dz\/wp-content\/uploads\/2025\/09\/meziane.jpg","type":"image\/jpeg"}],"author":"admin","twitter_card":"summary_large_image","twitter_misc":{"\u00c9crit par":"admin","Dur\u00e9e de lecture estim\u00e9e":"6 minutes"},"schema":{"@context":"https:\/\/schema.org","@graph":[{"@type":"Article","@id":"https:\/\/lasentinelle.dz\/index.php\/2025\/09\/01\/iatf-au-dela-du-commerce\/#article","isPartOf":{"@id":"https:\/\/lasentinelle.dz\/index.php\/2025\/09\/01\/iatf-au-dela-du-commerce\/"},"author":{"name":"admin","@id":"https:\/\/lasentinelle.dz\/#\/schema\/person\/729ee0024f24e0b8c5ec17232f8e8b41"},"headline":"IATF\u00a0: Au-del\u00e0 du commerce","datePublished":"2025-09-01T11:31:32+00:00","dateModified":"2025-09-01T11:31:33+00:00","mainEntityOfPage":{"@id":"https:\/\/lasentinelle.dz\/index.php\/2025\/09\/01\/iatf-au-dela-du-commerce\/"},"wordCount":1334,"commentCount":0,"publisher":{"@id":"https:\/\/lasentinelle.dz\/#organization"},"image":{"@id":"https:\/\/lasentinelle.dz\/index.php\/2025\/09\/01\/iatf-au-dela-du-commerce\/#primaryimage"},"thumbnailUrl":"https:\/\/lasentinelle.dz\/wp-content\/uploads\/2025\/09\/meziane.jpg","articleSection":["\u00c0 la Une","\u00c9conomie"],"inLanguage":"fr-FR","potentialAction":[{"@type":"CommentAction","name":"Comment","target":["https:\/\/lasentinelle.dz\/index.php\/2025\/09\/01\/iatf-au-dela-du-commerce\/#respond"]}]},{"@type":"WebPage","@id":"https:\/\/lasentinelle.dz\/index.php\/2025\/09\/01\/iatf-au-dela-du-commerce\/","url":"https:\/\/lasentinelle.dz\/index.php\/2025\/09\/01\/iatf-au-dela-du-commerce\/","name":"IATF\u00a0: Au-del\u00e0 du commerce - La Sentinelle","isPartOf":{"@id":"https:\/\/lasentinelle.dz\/#website"},"primaryImageOfPage":{"@id":"https:\/\/lasentinelle.dz\/index.php\/2025\/09\/01\/iatf-au-dela-du-commerce\/#primaryimage"},"image":{"@id":"https:\/\/lasentinelle.dz\/index.php\/2025\/09\/01\/iatf-au-dela-du-commerce\/#primaryimage"},"thumbnailUrl":"https:\/\/lasentinelle.dz\/wp-content\/uploads\/2025\/09\/meziane.jpg","datePublished":"2025-09-01T11:31:32+00:00","dateModified":"2025-09-01T11:31:33+00:00","breadcrumb":{"@id":"https:\/\/lasentinelle.dz\/index.php\/2025\/09\/01\/iatf-au-dela-du-commerce\/#breadcrumb"},"inLanguage":"fr-FR","potentialAction":[{"@type":"ReadAction","target":["https:\/\/lasentinelle.dz\/index.php\/2025\/09\/01\/iatf-au-dela-du-commerce\/"]}]},{"@type":"ImageObject","inLanguage":"fr-FR","@id":"https:\/\/lasentinelle.dz\/index.php\/2025\/09\/01\/iatf-au-dela-du-commerce\/#primaryimage","url":"https:\/\/lasentinelle.dz\/wp-content\/uploads\/2025\/09\/meziane.jpg","contentUrl":"https:\/\/lasentinelle.dz\/wp-content\/uploads\/2025\/09\/meziane.jpg","width":1070,"height":701},{"@type":"BreadcrumbList","@id":"https:\/\/lasentinelle.dz\/index.php\/2025\/09\/01\/iatf-au-dela-du-commerce\/#breadcrumb","itemListElement":[{"@type":"ListItem","position":1,"name":"Accueil","item":"https:\/\/lasentinelle.dz\/"},{"@type":"ListItem","position":2,"name":"IATF\u00a0: Au-del\u00e0 du commerce"}]},{"@type":"WebSite","@id":"https:\/\/lasentinelle.dz\/#website","url":"https:\/\/lasentinelle.dz\/","name":"La Sentinelle","description":"Quotidien national d&#039;information","publisher":{"@id":"https:\/\/lasentinelle.dz\/#organization"},"potentialAction":[{"@type":"SearchAction","target":{"@type":"EntryPoint","urlTemplate":"https:\/\/lasentinelle.dz\/?s={search_term_string}"},"query-input":{"@type":"PropertyValueSpecification","valueRequired":true,"valueName":"search_term_string"}}],"inLanguage":"fr-FR"},{"@type":"Organization","@id":"https:\/\/lasentinelle.dz\/#organization","name":"Quotidien La Sentinelle","url":"https:\/\/lasentinelle.dz\/","logo":{"@type":"ImageObject","inLanguage":"fr-FR","@id":"https:\/\/lasentinelle.dz\/#\/schema\/logo\/image\/","url":"https:\/\/lasentinelle.dz\/wp-content\/uploads\/2021\/09\/logo-sentinelleSLOGAN-1.png","contentUrl":"https:\/\/lasentinelle.dz\/wp-content\/uploads\/2021\/09\/logo-sentinelleSLOGAN-1.png","width":615,"height":142,"caption":"Quotidien La Sentinelle"},"image":{"@id":"https:\/\/lasentinelle.dz\/#\/schema\/logo\/image\/"},"sameAs":["https:\/\/www.facebook.com\/La-Sentinelle-104059864394773"]},{"@type":"Person","@id":"https:\/\/lasentinelle.dz\/#\/schema\/person\/729ee0024f24e0b8c5ec17232f8e8b41","name":"admin","image":{"@type":"ImageObject","inLanguage":"fr-FR","@id":"https:\/\/secure.gravatar.com\/avatar\/4c81fed838786e9b53f540bf46533e750f5d292099ae3b66cfc6fb1982e29df7?s=96&d=mm&r=g","url":"https:\/\/secure.gravatar.com\/avatar\/4c81fed838786e9b53f540bf46533e750f5d292099ae3b66cfc6fb1982e29df7?s=96&d=mm&r=g","contentUrl":"https:\/\/secure.gravatar.com\/avatar\/4c81fed838786e9b53f540bf46533e750f5d292099ae3b66cfc6fb1982e29df7?s=96&d=mm&r=g","caption":"admin"},"description":"admin","url":"https:\/\/lasentinelle.dz\/author\/admin\/"}]}},"_links":{"self":[{"href":"https:\/\/lasentinelle.dz\/index.php\/wp-json\/wp\/v2\/posts\/72725","targetHints":{"allow":["GET"]}}],"collection":[{"href":"https:\/\/lasentinelle.dz\/index.php\/wp-json\/wp\/v2\/posts"}],"about":[{"href":"https:\/\/lasentinelle.dz\/index.php\/wp-json\/wp\/v2\/types\/post"}],"author":[{"embeddable":true,"href":"https:\/\/lasentinelle.dz\/index.php\/wp-json\/wp\/v2\/users\/6"}],"replies":[{"embeddable":true,"href":"https:\/\/lasentinelle.dz\/index.php\/wp-json\/wp\/v2\/comments?post=72725"}],"version-history":[{"count":1,"href":"https:\/\/lasentinelle.dz\/index.php\/wp-json\/wp\/v2\/posts\/72725\/revisions"}],"predecessor-version":[{"id":72727,"href":"https:\/\/lasentinelle.dz\/index.php\/wp-json\/wp\/v2\/posts\/72725\/revisions\/72727"}],"wp:featuredmedia":[{"embeddable":true,"href":"https:\/\/lasentinelle.dz\/index.php\/wp-json\/wp\/v2\/media\/72726"}],"wp:attachment":[{"href":"https:\/\/lasentinelle.dz\/index.php\/wp-json\/wp\/v2\/media?parent=72725"}],"wp:term":[{"taxonomy":"category","embeddable":true,"href":"https:\/\/lasentinelle.dz\/index.php\/wp-json\/wp\/v2\/categories?post=72725"},{"taxonomy":"post_tag","embeddable":true,"href":"https:\/\/lasentinelle.dz\/index.php\/wp-json\/wp\/v2\/tags?post=72725"}],"curies":[{"name":"wp","href":"https:\/\/api.w.org\/{rel}","templated":true}]}}