{"id":72728,"date":"2025-09-01T12:32:38","date_gmt":"2025-09-01T11:32:38","guid":{"rendered":"https:\/\/lasentinelle.dz\/?p=72728"},"modified":"2025-09-01T12:32:39","modified_gmt":"2025-09-01T11:32:39","slug":"acces-gratuit-aux-medicaments-pour-les-demunis-le-droit-universel-aux-soins-renforce","status":"publish","type":"post","link":"https:\/\/lasentinelle.dz\/index.php\/2025\/09\/01\/acces-gratuit-aux-medicaments-pour-les-demunis-le-droit-universel-aux-soins-renforce\/","title":{"rendered":"Acc\u00e8s gratuit aux m\u00e9dicaments pour les d\u00e9munis\u00a0: Le droit universel aux soins renforc\u00e9"},"content":{"rendered":"\n<p>Un arr\u00eat\u00e9 interminist\u00e9riel publi\u00e9 dans la derni\u00e8re \u00e9dition du Journal officiel fixe le processus op\u00e9rationnel qui doit permettre l&rsquo;acc\u00e8s gratuit aux m\u00e9dicaments pour les populations d\u00e9munies non couvertes par la s\u00e9curit\u00e9 sociale, marquant ainsi l&rsquo;institutionnalisation d\u00e9finitive du droit universel aux soins. L&rsquo;arr\u00eat\u00e9 interminist\u00e9riel du 13 juillet 2025 sign\u00e9 conjointement par Soraya Mouloudji, ministre de la Solidarit\u00e9 nationale, Abdelhak Saihi, ministre de la Sant\u00e9, et Fay\u00e7al Bentaleb, ministre du Travail et de la S\u00e9curit\u00e9 sociale, \u00e9tablit le cadre r\u00e9glementaire d&rsquo;une commission sp\u00e9cialis\u00e9e charg\u00e9e d&rsquo;examiner les demandes de b\u00e9n\u00e9fice des m\u00e9dicaments gratuits. Cette initiative gouvernementale traduit concr\u00e8tement la volont\u00e9 pr\u00e9sidentielle d&rsquo;universaliser la protection sanitaire. La commission institu\u00e9e par le texte r\u00e9glementaire dispose de missions pr\u00e9cises d\u00e9finies \u00e0 l&rsquo;article 2, notamment \u00ab\u00a0d&rsquo;\u00e9tudier les dossiers qui lui sont soumis\u00a0\u00bb et \u00ab\u00a0de se prononcer sur les demandes du b\u00e9n\u00e9fice des m\u00e9dicaments par les d\u00e9munis non-assur\u00e9s sociaux\u00a0\u00bb. Plus significativement, elle doit \u00ab\u00a0\u00e9tablir les listes d\u00e9finitives des personnes d\u00e9munies non-assur\u00e9es sociales accept\u00e9es, r\u00e9parties par commune, qui indiquent, le cas \u00e9ch\u00e9ant, la maladie et\/ou les maladies chroniques ainsi que le traitement sp\u00e9cifique \u00e0 chaque maladie\u00a0\u00bb. L&rsquo;article 6 de l&rsquo;arr\u00eat\u00e9 impose que \u00ab\u00a0la commission prend ses d\u00e9cisions dans un d\u00e9lai, maximum, de quinze jours, \u00e0 compter de la date de r\u00e9ception du dossier\u00a0\u00bb, garantissant ainsi une r\u00e9activit\u00e9 administrative exceptionnelle dans le traitement des demandes. Cette c\u00e9l\u00e9rit\u00e9 proc\u00e9durale s&rsquo;accompagne d&rsquo;un m\u00e9canisme de transmission optimis\u00e9, puisque selon l&rsquo;article 7, \u00ab\u00a0le pr\u00e9sident de la commission transmet la liste d\u00e9finitive des personnes d\u00e9munies non assur\u00e9es-sociaux accept\u00e9es, dans un d\u00e9lai maximum de dix jours, apr\u00e8s la date de la r\u00e9union, \u00e0 l&rsquo;agence de wilaya de la caisse nationale des assurances sociales des travailleurs salari\u00e9s, qui \u00e9tablit et remet aux b\u00e9n\u00e9ficiaires une carte pour l&rsquo;obtention des m\u00e9dicaments gratuitement\u00a0\u00bb.<\/p>\n\n\n\n<p>Cette mesure s&rsquo;inscrit dans une vision plus large de l&rsquo;\u00c9tat social , qui d\u00e9passe les fronti\u00e8res traditionnelles de la s\u00e9curit\u00e9 sociale pour embrasser une logique d&rsquo;inclusion totale.<\/p>\n\n\n\n<p>Lyna Larbi<\/p>\n","protected":false},"excerpt":{"rendered":"<p>Un arr\u00eat\u00e9 interminist\u00e9riel publi\u00e9 dans la derni\u00e8re \u00e9dition du Journal officiel fixe le processus op\u00e9rationnel qui doit permettre l&rsquo;acc\u00e8s gratuit<\/p>\n","protected":false},"author":6,"featured_media":6126,"comment_status":"open","ping_status":"closed","sticky":false,"template":"","format":"standard","meta":{"colormag_page_container_layout":"default_layout","colormag_page_sidebar_layout":"default_layout","om_disable_all_campaigns":false,"_monsterinsights_skip_tracking":false,"_monsterinsights_sitenote_active":false,"_monsterinsights_sitenote_note":"","_monsterinsights_sitenote_category":0,"footnotes":"","_wpscppro_dont_share_socialmedia":false,"_wpscppro_custom_social_share_image":0,"_facebook_share_type":"default","_twitter_share_type":"default","_linkedin_share_type":"default","_pinterest_share_type":"default","_linkedin_share_type_page":"","_instagram_share_type":"default","_medium_share_type":"default","_threads_share_type":"default","_google_business_share_type":"default","_selected_social_profile":[],"_wpsp_enable_custom_social_template":false,"_wpsp_social_scheduling":{"enabled":false,"datetime":null,"platforms":[],"status":"template_only","dateOption":"today","timeOption":"now","customDays":"","customHours":"","customDate":"","customTime":"","schedulingType":"absolute"},"_wpsp_active_default_template":true},"categories":[27],"tags":[],"class_list":["post-72728","post","type-post","status-publish","format-standard","has-post-thumbnail","hentry","category-actualite"],"aioseo_notices":[],"yoast_head":"<!-- This site is optimized with the Yoast SEO plugin v27.4 - https:\/\/yoast.com\/product\/yoast-seo-wordpress\/ -->\n<title>Acc\u00e8s gratuit aux m\u00e9dicaments pour les d\u00e9munis\u00a0: Le droit universel aux soins renforc\u00e9 - La Sentinelle<\/title>\n<meta name=\"robots\" content=\"index, follow, max-snippet:-1, max-image-preview:large, max-video-preview:-1\" \/>\n<link rel=\"canonical\" href=\"https:\/\/lasentinelle.dz\/index.php\/2025\/09\/01\/acces-gratuit-aux-medicaments-pour-les-demunis-le-droit-universel-aux-soins-renforce\/\" \/>\n<meta property=\"og:locale\" content=\"fr_FR\" \/>\n<meta property=\"og:type\" content=\"article\" \/>\n<meta property=\"og:title\" content=\"Acc\u00e8s gratuit aux m\u00e9dicaments pour les d\u00e9munis\u00a0: Le droit universel aux soins renforc\u00e9 - La Sentinelle\" \/>\n<meta property=\"og:description\" content=\"Un arr\u00eat\u00e9 interminist\u00e9riel publi\u00e9 dans la derni\u00e8re \u00e9dition du Journal officiel fixe le processus op\u00e9rationnel qui doit permettre l&rsquo;acc\u00e8s gratuit\" \/>\n<meta property=\"og:url\" content=\"https:\/\/lasentinelle.dz\/index.php\/2025\/09\/01\/acces-gratuit-aux-medicaments-pour-les-demunis-le-droit-universel-aux-soins-renforce\/\" \/>\n<meta property=\"og:site_name\" content=\"La Sentinelle\" \/>\n<meta property=\"article:publisher\" content=\"https:\/\/www.facebook.com\/La-Sentinelle-104059864394773\" \/>\n<meta property=\"article:published_time\" content=\"2025-09-01T11:32:38+00:00\" \/>\n<meta property=\"article:modified_time\" content=\"2025-09-01T11:32:39+00:00\" \/>\n<meta property=\"og:image\" content=\"https:\/\/lasentinelle.dz\/wp-content\/uploads\/2021\/08\/CNAS.jpg\" \/>\n\t<meta property=\"og:image:width\" content=\"2000\" \/>\n\t<meta property=\"og:image:height\" content=\"1000\" \/>\n\t<meta property=\"og:image:type\" content=\"image\/jpeg\" \/>\n<meta name=\"author\" content=\"admin\" \/>\n<meta name=\"twitter:card\" content=\"summary_large_image\" \/>\n<meta name=\"twitter:label1\" content=\"\u00c9crit par\" \/>\n\t<meta name=\"twitter:data1\" content=\"admin\" \/>\n\t<meta name=\"twitter:label2\" content=\"Dur\u00e9e de lecture estim\u00e9e\" \/>\n\t<meta name=\"twitter:data2\" content=\"2 minutes\" \/>\n<script type=\"application\/ld+json\" class=\"yoast-schema-graph\">{\"@context\":\"https:\\\/\\\/schema.org\",\"@graph\":[{\"@type\":\"Article\",\"@id\":\"https:\\\/\\\/lasentinelle.dz\\\/index.php\\\/2025\\\/09\\\/01\\\/acces-gratuit-aux-medicaments-pour-les-demunis-le-droit-universel-aux-soins-renforce\\\/#article\",\"isPartOf\":{\"@id\":\"https:\\\/\\\/lasentinelle.dz\\\/index.php\\\/2025\\\/09\\\/01\\\/acces-gratuit-aux-medicaments-pour-les-demunis-le-droit-universel-aux-soins-renforce\\\/\"},\"author\":{\"name\":\"admin\",\"@id\":\"https:\\\/\\\/lasentinelle.dz\\\/#\\\/schema\\\/person\\\/729ee0024f24e0b8c5ec17232f8e8b41\"},\"headline\":\"Acc\u00e8s gratuit aux m\u00e9dicaments pour les d\u00e9munis\u00a0: Le droit universel aux soins renforc\u00e9\",\"datePublished\":\"2025-09-01T11:32:38+00:00\",\"dateModified\":\"2025-09-01T11:32:39+00:00\",\"mainEntityOfPage\":{\"@id\":\"https:\\\/\\\/lasentinelle.dz\\\/index.php\\\/2025\\\/09\\\/01\\\/acces-gratuit-aux-medicaments-pour-les-demunis-le-droit-universel-aux-soins-renforce\\\/\"},\"wordCount\":399,\"commentCount\":0,\"publisher\":{\"@id\":\"https:\\\/\\\/lasentinelle.dz\\\/#organization\"},\"image\":{\"@id\":\"https:\\\/\\\/lasentinelle.dz\\\/index.php\\\/2025\\\/09\\\/01\\\/acces-gratuit-aux-medicaments-pour-les-demunis-le-droit-universel-aux-soins-renforce\\\/#primaryimage\"},\"thumbnailUrl\":\"https:\\\/\\\/lasentinelle.dz\\\/wp-content\\\/uploads\\\/2021\\\/08\\\/CNAS.jpg\",\"articleSection\":[\"Actualit\u00e9\"],\"inLanguage\":\"fr-FR\",\"potentialAction\":[{\"@type\":\"CommentAction\",\"name\":\"Comment\",\"target\":[\"https:\\\/\\\/lasentinelle.dz\\\/index.php\\\/2025\\\/09\\\/01\\\/acces-gratuit-aux-medicaments-pour-les-demunis-le-droit-universel-aux-soins-renforce\\\/#respond\"]}]},{\"@type\":\"WebPage\",\"@id\":\"https:\\\/\\\/lasentinelle.dz\\\/index.php\\\/2025\\\/09\\\/01\\\/acces-gratuit-aux-medicaments-pour-les-demunis-le-droit-universel-aux-soins-renforce\\\/\",\"url\":\"https:\\\/\\\/lasentinelle.dz\\\/index.php\\\/2025\\\/09\\\/01\\\/acces-gratuit-aux-medicaments-pour-les-demunis-le-droit-universel-aux-soins-renforce\\\/\",\"name\":\"Acc\u00e8s gratuit aux m\u00e9dicaments pour les d\u00e9munis\u00a0: Le droit universel aux soins renforc\u00e9 - La Sentinelle\",\"isPartOf\":{\"@id\":\"https:\\\/\\\/lasentinelle.dz\\\/#website\"},\"primaryImageOfPage\":{\"@id\":\"https:\\\/\\\/lasentinelle.dz\\\/index.php\\\/2025\\\/09\\\/01\\\/acces-gratuit-aux-medicaments-pour-les-demunis-le-droit-universel-aux-soins-renforce\\\/#primaryimage\"},\"image\":{\"@id\":\"https:\\\/\\\/lasentinelle.dz\\\/index.php\\\/2025\\\/09\\\/01\\\/acces-gratuit-aux-medicaments-pour-les-demunis-le-droit-universel-aux-soins-renforce\\\/#primaryimage\"},\"thumbnailUrl\":\"https:\\\/\\\/lasentinelle.dz\\\/wp-content\\\/uploads\\\/2021\\\/08\\\/CNAS.jpg\",\"datePublished\":\"2025-09-01T11:32:38+00:00\",\"dateModified\":\"2025-09-01T11:32:39+00:00\",\"breadcrumb\":{\"@id\":\"https:\\\/\\\/lasentinelle.dz\\\/index.php\\\/2025\\\/09\\\/01\\\/acces-gratuit-aux-medicaments-pour-les-demunis-le-droit-universel-aux-soins-renforce\\\/#breadcrumb\"},\"inLanguage\":\"fr-FR\",\"potentialAction\":[{\"@type\":\"ReadAction\",\"target\":[\"https:\\\/\\\/lasentinelle.dz\\\/index.php\\\/2025\\\/09\\\/01\\\/acces-gratuit-aux-medicaments-pour-les-demunis-le-droit-universel-aux-soins-renforce\\\/\"]}]},{\"@type\":\"ImageObject\",\"inLanguage\":\"fr-FR\",\"@id\":\"https:\\\/\\\/lasentinelle.dz\\\/index.php\\\/2025\\\/09\\\/01\\\/acces-gratuit-aux-medicaments-pour-les-demunis-le-droit-universel-aux-soins-renforce\\\/#primaryimage\",\"url\":\"https:\\\/\\\/lasentinelle.dz\\\/wp-content\\\/uploads\\\/2021\\\/08\\\/CNAS.jpg\",\"contentUrl\":\"https:\\\/\\\/lasentinelle.dz\\\/wp-content\\\/uploads\\\/2021\\\/08\\\/CNAS.jpg\",\"width\":2000,\"height\":1000},{\"@type\":\"BreadcrumbList\",\"@id\":\"https:\\\/\\\/lasentinelle.dz\\\/index.php\\\/2025\\\/09\\\/01\\\/acces-gratuit-aux-medicaments-pour-les-demunis-le-droit-universel-aux-soins-renforce\\\/#breadcrumb\",\"itemListElement\":[{\"@type\":\"ListItem\",\"position\":1,\"name\":\"Accueil\",\"item\":\"https:\\\/\\\/lasentinelle.dz\\\/\"},{\"@type\":\"ListItem\",\"position\":2,\"name\":\"Acc\u00e8s gratuit aux m\u00e9dicaments pour les d\u00e9munis\u00a0: Le droit universel aux soins renforc\u00e9\"}]},{\"@type\":\"WebSite\",\"@id\":\"https:\\\/\\\/lasentinelle.dz\\\/#website\",\"url\":\"https:\\\/\\\/lasentinelle.dz\\\/\",\"name\":\"La Sentinelle\",\"description\":\"Quotidien national d&#039;information\",\"publisher\":{\"@id\":\"https:\\\/\\\/lasentinelle.dz\\\/#organization\"},\"potentialAction\":[{\"@type\":\"SearchAction\",\"target\":{\"@type\":\"EntryPoint\",\"urlTemplate\":\"https:\\\/\\\/lasentinelle.dz\\\/?s={search_term_string}\"},\"query-input\":{\"@type\":\"PropertyValueSpecification\",\"valueRequired\":true,\"valueName\":\"search_term_string\"}}],\"inLanguage\":\"fr-FR\"},{\"@type\":\"Organization\",\"@id\":\"https:\\\/\\\/lasentinelle.dz\\\/#organization\",\"name\":\"Quotidien La Sentinelle\",\"url\":\"https:\\\/\\\/lasentinelle.dz\\\/\",\"logo\":{\"@type\":\"ImageObject\",\"inLanguage\":\"fr-FR\",\"@id\":\"https:\\\/\\\/lasentinelle.dz\\\/#\\\/schema\\\/logo\\\/image\\\/\",\"url\":\"https:\\\/\\\/lasentinelle.dz\\\/wp-content\\\/uploads\\\/2021\\\/09\\\/logo-sentinelleSLOGAN-1.png\",\"contentUrl\":\"https:\\\/\\\/lasentinelle.dz\\\/wp-content\\\/uploads\\\/2021\\\/09\\\/logo-sentinelleSLOGAN-1.png\",\"width\":615,\"height\":142,\"caption\":\"Quotidien La Sentinelle\"},\"image\":{\"@id\":\"https:\\\/\\\/lasentinelle.dz\\\/#\\\/schema\\\/logo\\\/image\\\/\"},\"sameAs\":[\"https:\\\/\\\/www.facebook.com\\\/La-Sentinelle-104059864394773\"]},{\"@type\":\"Person\",\"@id\":\"https:\\\/\\\/lasentinelle.dz\\\/#\\\/schema\\\/person\\\/729ee0024f24e0b8c5ec17232f8e8b41\",\"name\":\"admin\",\"image\":{\"@type\":\"ImageObject\",\"inLanguage\":\"fr-FR\",\"@id\":\"https:\\\/\\\/secure.gravatar.com\\\/avatar\\\/4c81fed838786e9b53f540bf46533e750f5d292099ae3b66cfc6fb1982e29df7?s=96&d=mm&r=g\",\"url\":\"https:\\\/\\\/secure.gravatar.com\\\/avatar\\\/4c81fed838786e9b53f540bf46533e750f5d292099ae3b66cfc6fb1982e29df7?s=96&d=mm&r=g\",\"contentUrl\":\"https:\\\/\\\/secure.gravatar.com\\\/avatar\\\/4c81fed838786e9b53f540bf46533e750f5d292099ae3b66cfc6fb1982e29df7?s=96&d=mm&r=g\",\"caption\":\"admin\"},\"description\":\"admin\",\"url\":\"https:\\\/\\\/lasentinelle.dz\\\/author\\\/admin\\\/\"}]}<\/script>\n<!-- \/ Yoast SEO plugin. -->","yoast_head_json":{"title":"Acc\u00e8s gratuit aux m\u00e9dicaments pour les d\u00e9munis\u00a0: Le droit universel aux soins renforc\u00e9 - La Sentinelle","robots":{"index":"index","follow":"follow","max-snippet":"max-snippet:-1","max-image-preview":"max-image-preview:large","max-video-preview":"max-video-preview:-1"},"canonical":"https:\/\/lasentinelle.dz\/index.php\/2025\/09\/01\/acces-gratuit-aux-medicaments-pour-les-demunis-le-droit-universel-aux-soins-renforce\/","og_locale":"fr_FR","og_type":"article","og_title":"Acc\u00e8s gratuit aux m\u00e9dicaments pour les d\u00e9munis\u00a0: Le droit universel aux soins renforc\u00e9 - La Sentinelle","og_description":"Un arr\u00eat\u00e9 interminist\u00e9riel publi\u00e9 dans la derni\u00e8re \u00e9dition du Journal officiel fixe le processus op\u00e9rationnel qui doit permettre l&rsquo;acc\u00e8s gratuit","og_url":"https:\/\/lasentinelle.dz\/index.php\/2025\/09\/01\/acces-gratuit-aux-medicaments-pour-les-demunis-le-droit-universel-aux-soins-renforce\/","og_site_name":"La Sentinelle","article_publisher":"https:\/\/www.facebook.com\/La-Sentinelle-104059864394773","article_published_time":"2025-09-01T11:32:38+00:00","article_modified_time":"2025-09-01T11:32:39+00:00","og_image":[{"width":2000,"height":1000,"url":"https:\/\/lasentinelle.dz\/wp-content\/uploads\/2021\/08\/CNAS.jpg","type":"image\/jpeg"}],"author":"admin","twitter_card":"summary_large_image","twitter_misc":{"\u00c9crit par":"admin","Dur\u00e9e de lecture estim\u00e9e":"2 minutes"},"schema":{"@context":"https:\/\/schema.org","@graph":[{"@type":"Article","@id":"https:\/\/lasentinelle.dz\/index.php\/2025\/09\/01\/acces-gratuit-aux-medicaments-pour-les-demunis-le-droit-universel-aux-soins-renforce\/#article","isPartOf":{"@id":"https:\/\/lasentinelle.dz\/index.php\/2025\/09\/01\/acces-gratuit-aux-medicaments-pour-les-demunis-le-droit-universel-aux-soins-renforce\/"},"author":{"name":"admin","@id":"https:\/\/lasentinelle.dz\/#\/schema\/person\/729ee0024f24e0b8c5ec17232f8e8b41"},"headline":"Acc\u00e8s gratuit aux m\u00e9dicaments pour les d\u00e9munis\u00a0: Le droit universel aux soins renforc\u00e9","datePublished":"2025-09-01T11:32:38+00:00","dateModified":"2025-09-01T11:32:39+00:00","mainEntityOfPage":{"@id":"https:\/\/lasentinelle.dz\/index.php\/2025\/09\/01\/acces-gratuit-aux-medicaments-pour-les-demunis-le-droit-universel-aux-soins-renforce\/"},"wordCount":399,"commentCount":0,"publisher":{"@id":"https:\/\/lasentinelle.dz\/#organization"},"image":{"@id":"https:\/\/lasentinelle.dz\/index.php\/2025\/09\/01\/acces-gratuit-aux-medicaments-pour-les-demunis-le-droit-universel-aux-soins-renforce\/#primaryimage"},"thumbnailUrl":"https:\/\/lasentinelle.dz\/wp-content\/uploads\/2021\/08\/CNAS.jpg","articleSection":["Actualit\u00e9"],"inLanguage":"fr-FR","potentialAction":[{"@type":"CommentAction","name":"Comment","target":["https:\/\/lasentinelle.dz\/index.php\/2025\/09\/01\/acces-gratuit-aux-medicaments-pour-les-demunis-le-droit-universel-aux-soins-renforce\/#respond"]}]},{"@type":"WebPage","@id":"https:\/\/lasentinelle.dz\/index.php\/2025\/09\/01\/acces-gratuit-aux-medicaments-pour-les-demunis-le-droit-universel-aux-soins-renforce\/","url":"https:\/\/lasentinelle.dz\/index.php\/2025\/09\/01\/acces-gratuit-aux-medicaments-pour-les-demunis-le-droit-universel-aux-soins-renforce\/","name":"Acc\u00e8s gratuit aux m\u00e9dicaments pour les d\u00e9munis\u00a0: Le droit universel aux soins renforc\u00e9 - La Sentinelle","isPartOf":{"@id":"https:\/\/lasentinelle.dz\/#website"},"primaryImageOfPage":{"@id":"https:\/\/lasentinelle.dz\/index.php\/2025\/09\/01\/acces-gratuit-aux-medicaments-pour-les-demunis-le-droit-universel-aux-soins-renforce\/#primaryimage"},"image":{"@id":"https:\/\/lasentinelle.dz\/index.php\/2025\/09\/01\/acces-gratuit-aux-medicaments-pour-les-demunis-le-droit-universel-aux-soins-renforce\/#primaryimage"},"thumbnailUrl":"https:\/\/lasentinelle.dz\/wp-content\/uploads\/2021\/08\/CNAS.jpg","datePublished":"2025-09-01T11:32:38+00:00","dateModified":"2025-09-01T11:32:39+00:00","breadcrumb":{"@id":"https:\/\/lasentinelle.dz\/index.php\/2025\/09\/01\/acces-gratuit-aux-medicaments-pour-les-demunis-le-droit-universel-aux-soins-renforce\/#breadcrumb"},"inLanguage":"fr-FR","potentialAction":[{"@type":"ReadAction","target":["https:\/\/lasentinelle.dz\/index.php\/2025\/09\/01\/acces-gratuit-aux-medicaments-pour-les-demunis-le-droit-universel-aux-soins-renforce\/"]}]},{"@type":"ImageObject","inLanguage":"fr-FR","@id":"https:\/\/lasentinelle.dz\/index.php\/2025\/09\/01\/acces-gratuit-aux-medicaments-pour-les-demunis-le-droit-universel-aux-soins-renforce\/#primaryimage","url":"https:\/\/lasentinelle.dz\/wp-content\/uploads\/2021\/08\/CNAS.jpg","contentUrl":"https:\/\/lasentinelle.dz\/wp-content\/uploads\/2021\/08\/CNAS.jpg","width":2000,"height":1000},{"@type":"BreadcrumbList","@id":"https:\/\/lasentinelle.dz\/index.php\/2025\/09\/01\/acces-gratuit-aux-medicaments-pour-les-demunis-le-droit-universel-aux-soins-renforce\/#breadcrumb","itemListElement":[{"@type":"ListItem","position":1,"name":"Accueil","item":"https:\/\/lasentinelle.dz\/"},{"@type":"ListItem","position":2,"name":"Acc\u00e8s gratuit aux m\u00e9dicaments pour les d\u00e9munis\u00a0: Le droit universel aux soins renforc\u00e9"}]},{"@type":"WebSite","@id":"https:\/\/lasentinelle.dz\/#website","url":"https:\/\/lasentinelle.dz\/","name":"La Sentinelle","description":"Quotidien national d&#039;information","publisher":{"@id":"https:\/\/lasentinelle.dz\/#organization"},"potentialAction":[{"@type":"SearchAction","target":{"@type":"EntryPoint","urlTemplate":"https:\/\/lasentinelle.dz\/?s={search_term_string}"},"query-input":{"@type":"PropertyValueSpecification","valueRequired":true,"valueName":"search_term_string"}}],"inLanguage":"fr-FR"},{"@type":"Organization","@id":"https:\/\/lasentinelle.dz\/#organization","name":"Quotidien La Sentinelle","url":"https:\/\/lasentinelle.dz\/","logo":{"@type":"ImageObject","inLanguage":"fr-FR","@id":"https:\/\/lasentinelle.dz\/#\/schema\/logo\/image\/","url":"https:\/\/lasentinelle.dz\/wp-content\/uploads\/2021\/09\/logo-sentinelleSLOGAN-1.png","contentUrl":"https:\/\/lasentinelle.dz\/wp-content\/uploads\/2021\/09\/logo-sentinelleSLOGAN-1.png","width":615,"height":142,"caption":"Quotidien La Sentinelle"},"image":{"@id":"https:\/\/lasentinelle.dz\/#\/schema\/logo\/image\/"},"sameAs":["https:\/\/www.facebook.com\/La-Sentinelle-104059864394773"]},{"@type":"Person","@id":"https:\/\/lasentinelle.dz\/#\/schema\/person\/729ee0024f24e0b8c5ec17232f8e8b41","name":"admin","image":{"@type":"ImageObject","inLanguage":"fr-FR","@id":"https:\/\/secure.gravatar.com\/avatar\/4c81fed838786e9b53f540bf46533e750f5d292099ae3b66cfc6fb1982e29df7?s=96&d=mm&r=g","url":"https:\/\/secure.gravatar.com\/avatar\/4c81fed838786e9b53f540bf46533e750f5d292099ae3b66cfc6fb1982e29df7?s=96&d=mm&r=g","contentUrl":"https:\/\/secure.gravatar.com\/avatar\/4c81fed838786e9b53f540bf46533e750f5d292099ae3b66cfc6fb1982e29df7?s=96&d=mm&r=g","caption":"admin"},"description":"admin","url":"https:\/\/lasentinelle.dz\/author\/admin\/"}]}},"_links":{"self":[{"href":"https:\/\/lasentinelle.dz\/index.php\/wp-json\/wp\/v2\/posts\/72728","targetHints":{"allow":["GET"]}}],"collection":[{"href":"https:\/\/lasentinelle.dz\/index.php\/wp-json\/wp\/v2\/posts"}],"about":[{"href":"https:\/\/lasentinelle.dz\/index.php\/wp-json\/wp\/v2\/types\/post"}],"author":[{"embeddable":true,"href":"https:\/\/lasentinelle.dz\/index.php\/wp-json\/wp\/v2\/users\/6"}],"replies":[{"embeddable":true,"href":"https:\/\/lasentinelle.dz\/index.php\/wp-json\/wp\/v2\/comments?post=72728"}],"version-history":[{"count":1,"href":"https:\/\/lasentinelle.dz\/index.php\/wp-json\/wp\/v2\/posts\/72728\/revisions"}],"predecessor-version":[{"id":72729,"href":"https:\/\/lasentinelle.dz\/index.php\/wp-json\/wp\/v2\/posts\/72728\/revisions\/72729"}],"wp:featuredmedia":[{"embeddable":true,"href":"https:\/\/lasentinelle.dz\/index.php\/wp-json\/wp\/v2\/media\/6126"}],"wp:attachment":[{"href":"https:\/\/lasentinelle.dz\/index.php\/wp-json\/wp\/v2\/media?parent=72728"}],"wp:term":[{"taxonomy":"category","embeddable":true,"href":"https:\/\/lasentinelle.dz\/index.php\/wp-json\/wp\/v2\/categories?post=72728"},{"taxonomy":"post_tag","embeddable":true,"href":"https:\/\/lasentinelle.dz\/index.php\/wp-json\/wp\/v2\/tags?post=72728"}],"curies":[{"name":"wp","href":"https:\/\/api.w.org\/{rel}","templated":true}]}}