{"id":72730,"date":"2025-09-01T12:34:14","date_gmt":"2025-09-01T11:34:14","guid":{"rendered":"https:\/\/lasentinelle.dz\/?p=72730"},"modified":"2025-09-01T12:34:15","modified_gmt":"2025-09-01T11:34:15","slug":"la-protection-universelle-au-coeur-de-la-politique-gouvernementale-le-caractere-social-de-letat-consolide","status":"publish","type":"post","link":"https:\/\/lasentinelle.dz\/index.php\/2025\/09\/01\/la-protection-universelle-au-coeur-de-la-politique-gouvernementale-le-caractere-social-de-letat-consolide\/","title":{"rendered":"La protection universelle au c\u0153ur de la politique gouvernementale\u00a0: Le caract\u00e8re social de l\u2019\u00c9tat consolid\u00e9"},"content":{"rendered":"\n<p>L&rsquo;\u00c9tat consolide sa vocation sociale en \u00e9largissant syst\u00e9matiquement son filet de protection aux cat\u00e9gories les plus vuln\u00e9rables de la soci\u00e9t\u00e9, confirmant ainsi son engagement historique envers la justice sociale et la solidarit\u00e9 nationale. La ministre de la Solidarit\u00e9 nationale, Soraya Mouloudji, a d\u2019ailleurs r\u00e9affirm\u00e9 cet engagement lors d\u2019une visite \u00e0 Sidi Bel-Abb\u00e8s dimanche. Au-del\u00e0 du lancement symbolique d&rsquo;une caravane de solidarit\u00e9, cette d\u00e9marche traduit une vision politique globale qui place la protection sociale au centre des priorit\u00e9s gouvernementales. \u00ab\u00a0L&rsquo;\u00c9tat poursuit la mise en \u0153uvre de ses engagements visant \u00e0 garantir la protection sociale \u00e0 toutes les franges de la soci\u00e9t\u00e9, notamment les familles n\u00e9cessiteuses et les populations des zones recul\u00e9es\u00a0\u00bb, a d\u00e9clar\u00e9 la ministre, soulignant que \u00ab\u00a0ces engagements se traduisent par des programmes et des initiatives concr\u00e8tes sur le terrain, ax\u00e9s sur la solidarit\u00e9 et la justice sociales\u00a0\u00bb. Cette politique s&rsquo;articule autour d&rsquo;une philosophie d&rsquo;inclusion sociale totale, conform\u00e9ment aux orientations du pr\u00e9sident de la R\u00e9publique, Abdelmadjid Tebboune, qui fait de l&rsquo;universalit\u00e9 de la protection sociale un marqueur identitaire de l&rsquo;\u00c9tat alg\u00e9rien. La d\u00e9cision pr\u00e9sidentielle d&rsquo;\u00e9tendre la couverture sanitaire et sociale aux personnes non affili\u00e9es \u00e0 la s\u00e9curit\u00e9 sociale, incluant leurs enfants mineurs, constitue selon la ministre \u00ab\u00a0un pas qualitatif\u00a0\u00bb dans le renforcement de la justice sociale. Cette mesure r\u00e9volutionnaire t\u00e9moigne d&rsquo;une conception moderne de l&rsquo;\u00c9tat-providence, o\u00f9 aucun citoyen ne doit \u00eatre exclu du syst\u00e8me de protection collective.<\/p>\n\n\n\n<p>L&rsquo;approche gouvernementale d\u00e9passe d\u00e9sormais les m\u00e9canismes traditionnels d&rsquo;assistance pour embrasser une logique d&rsquo;accompagnement global des populations vuln\u00e9rables. Les caravanes de solidarit\u00e9, les programmes d&rsquo;aide directe, la prise en charge m\u00e9dicale universelle et le soutien aux personnes aux besoins sp\u00e9cifiques constituent les piliers d&rsquo;un \u00e9difice social renforc\u00e9, d\u00e9montrant la capacit\u00e9 de l&rsquo;\u00c9tat \u00e0 adapter ses m\u00e9canismes de solidarit\u00e9 aux r\u00e9alit\u00e9s contemporaines. Cette visite minist\u00e9rielle, qui a \u00e9galement inclus un hommage aux enseignants martyrs d&rsquo;A\u00efn-Aden et l&rsquo;inauguration d&rsquo;infrastructures sociales, r\u00e9v\u00e8le une approche int\u00e9gr\u00e9e de l&rsquo;action sociale. L&rsquo;inspection d&rsquo;un futur centre r\u00e9gional de formation des cadres sp\u00e9cialis\u00e9s \u00e0 Tessala t\u00e9moigne de la volont\u00e9 gouvernementale d&rsquo;investir dans le capital humain pour professionnaliser davantage l&rsquo;intervention sociale. La ministre a d&rsquo;ailleurs insist\u00e9 sur \u00ab\u00a0l&rsquo;importance que son minist\u00e8re accorde \u00e0 la formation pour le d\u00e9veloppement des ressources humaines, \u00e0 travers l&rsquo;am\u00e9lioration de la qualit\u00e9 et de l&rsquo;efficacit\u00e9 du syst\u00e8me de formation\u00a0\u00bb. L&rsquo;\u00c9tat affiche ainsi sa modernit\u00e9 en conjuguant tradition de solidarit\u00e9 et innovation dans les m\u00e9canismes de protection sociale, positionnant d\u00e9finitivement l&rsquo;Alg\u00e9rie comme un \u00c9tat social \u00e0 vocation universaliste au service de tous ses citoyens.<\/p>\n\n\n\n<p>Chokri Hafed<\/p>\n","protected":false},"excerpt":{"rendered":"<p>L&rsquo;\u00c9tat consolide sa vocation sociale en \u00e9largissant syst\u00e9matiquement son filet de protection aux cat\u00e9gories les plus vuln\u00e9rables de la soci\u00e9t\u00e9,<\/p>\n","protected":false},"author":6,"featured_media":72731,"comment_status":"open","ping_status":"closed","sticky":false,"template":"","format":"standard","meta":{"colormag_page_container_layout":"default_layout","colormag_page_sidebar_layout":"default_layout","om_disable_all_campaigns":false,"_monsterinsights_skip_tracking":false,"_monsterinsights_sitenote_active":false,"_monsterinsights_sitenote_note":"","_monsterinsights_sitenote_category":0,"footnotes":"","_wpscppro_dont_share_socialmedia":false,"_wpscppro_custom_social_share_image":0,"_facebook_share_type":"default","_twitter_share_type":"default","_linkedin_share_type":"default","_pinterest_share_type":"default","_linkedin_share_type_page":"","_instagram_share_type":"default","_medium_share_type":"default","_threads_share_type":"default","_google_business_share_type":"default","_selected_social_profile":[],"_wpsp_enable_custom_social_template":false,"_wpsp_social_scheduling":{"enabled":false,"datetime":null,"platforms":[],"status":"template_only","dateOption":"today","timeOption":"now","customDays":"","customHours":"","customDate":"","customTime":"","schedulingType":"absolute"},"_wpsp_active_default_template":true},"categories":[27],"tags":[],"class_list":["post-72730","post","type-post","status-publish","format-standard","has-post-thumbnail","hentry","category-actualite"],"aioseo_notices":[],"yoast_head":"<!-- This site is optimized with the Yoast SEO plugin v27.4 - https:\/\/yoast.com\/product\/yoast-seo-wordpress\/ -->\n<title>La protection universelle au c\u0153ur de la politique gouvernementale\u00a0: Le caract\u00e8re social de l\u2019\u00c9tat consolid\u00e9 - La Sentinelle<\/title>\n<meta name=\"robots\" content=\"index, follow, max-snippet:-1, max-image-preview:large, max-video-preview:-1\" \/>\n<link rel=\"canonical\" href=\"https:\/\/lasentinelle.dz\/index.php\/2025\/09\/01\/la-protection-universelle-au-coeur-de-la-politique-gouvernementale-le-caractere-social-de-letat-consolide\/\" \/>\n<meta property=\"og:locale\" content=\"fr_FR\" \/>\n<meta property=\"og:type\" content=\"article\" \/>\n<meta property=\"og:title\" content=\"La protection universelle au c\u0153ur de la politique gouvernementale\u00a0: Le caract\u00e8re social de l\u2019\u00c9tat consolid\u00e9 - La Sentinelle\" \/>\n<meta property=\"og:description\" content=\"L&rsquo;\u00c9tat consolide sa vocation sociale en \u00e9largissant syst\u00e9matiquement son filet de protection aux cat\u00e9gories les plus vuln\u00e9rables de la soci\u00e9t\u00e9,\" \/>\n<meta property=\"og:url\" content=\"https:\/\/lasentinelle.dz\/index.php\/2025\/09\/01\/la-protection-universelle-au-coeur-de-la-politique-gouvernementale-le-caractere-social-de-letat-consolide\/\" \/>\n<meta property=\"og:site_name\" content=\"La Sentinelle\" \/>\n<meta property=\"article:publisher\" content=\"https:\/\/www.facebook.com\/La-Sentinelle-104059864394773\" \/>\n<meta property=\"article:published_time\" content=\"2025-09-01T11:34:14+00:00\" \/>\n<meta property=\"article:modified_time\" content=\"2025-09-01T11:34:15+00:00\" \/>\n<meta property=\"og:image\" content=\"https:\/\/lasentinelle.dz\/wp-content\/uploads\/2025\/09\/mouloudji.jpg\" \/>\n\t<meta property=\"og:image:width\" content=\"2048\" \/>\n\t<meta property=\"og:image:height\" content=\"1536\" \/>\n\t<meta property=\"og:image:type\" content=\"image\/jpeg\" \/>\n<meta name=\"author\" content=\"admin\" \/>\n<meta name=\"twitter:card\" content=\"summary_large_image\" \/>\n<meta name=\"twitter:label1\" content=\"\u00c9crit par\" \/>\n\t<meta name=\"twitter:data1\" content=\"admin\" \/>\n\t<meta name=\"twitter:label2\" content=\"Dur\u00e9e de lecture estim\u00e9e\" \/>\n\t<meta name=\"twitter:data2\" content=\"3 minutes\" \/>\n<script type=\"application\/ld+json\" class=\"yoast-schema-graph\">{\"@context\":\"https:\\\/\\\/schema.org\",\"@graph\":[{\"@type\":\"Article\",\"@id\":\"https:\\\/\\\/lasentinelle.dz\\\/index.php\\\/2025\\\/09\\\/01\\\/la-protection-universelle-au-coeur-de-la-politique-gouvernementale-le-caractere-social-de-letat-consolide\\\/#article\",\"isPartOf\":{\"@id\":\"https:\\\/\\\/lasentinelle.dz\\\/index.php\\\/2025\\\/09\\\/01\\\/la-protection-universelle-au-coeur-de-la-politique-gouvernementale-le-caractere-social-de-letat-consolide\\\/\"},\"author\":{\"name\":\"admin\",\"@id\":\"https:\\\/\\\/lasentinelle.dz\\\/#\\\/schema\\\/person\\\/729ee0024f24e0b8c5ec17232f8e8b41\"},\"headline\":\"La protection universelle au c\u0153ur de la politique gouvernementale\u00a0: Le caract\u00e8re social de l\u2019\u00c9tat consolid\u00e9\",\"datePublished\":\"2025-09-01T11:34:14+00:00\",\"dateModified\":\"2025-09-01T11:34:15+00:00\",\"mainEntityOfPage\":{\"@id\":\"https:\\\/\\\/lasentinelle.dz\\\/index.php\\\/2025\\\/09\\\/01\\\/la-protection-universelle-au-coeur-de-la-politique-gouvernementale-le-caractere-social-de-letat-consolide\\\/\"},\"wordCount\":501,\"commentCount\":0,\"publisher\":{\"@id\":\"https:\\\/\\\/lasentinelle.dz\\\/#organization\"},\"image\":{\"@id\":\"https:\\\/\\\/lasentinelle.dz\\\/index.php\\\/2025\\\/09\\\/01\\\/la-protection-universelle-au-coeur-de-la-politique-gouvernementale-le-caractere-social-de-letat-consolide\\\/#primaryimage\"},\"thumbnailUrl\":\"https:\\\/\\\/lasentinelle.dz\\\/wp-content\\\/uploads\\\/2025\\\/09\\\/mouloudji.jpg\",\"articleSection\":[\"Actualit\u00e9\"],\"inLanguage\":\"fr-FR\",\"potentialAction\":[{\"@type\":\"CommentAction\",\"name\":\"Comment\",\"target\":[\"https:\\\/\\\/lasentinelle.dz\\\/index.php\\\/2025\\\/09\\\/01\\\/la-protection-universelle-au-coeur-de-la-politique-gouvernementale-le-caractere-social-de-letat-consolide\\\/#respond\"]}]},{\"@type\":\"WebPage\",\"@id\":\"https:\\\/\\\/lasentinelle.dz\\\/index.php\\\/2025\\\/09\\\/01\\\/la-protection-universelle-au-coeur-de-la-politique-gouvernementale-le-caractere-social-de-letat-consolide\\\/\",\"url\":\"https:\\\/\\\/lasentinelle.dz\\\/index.php\\\/2025\\\/09\\\/01\\\/la-protection-universelle-au-coeur-de-la-politique-gouvernementale-le-caractere-social-de-letat-consolide\\\/\",\"name\":\"La protection universelle au c\u0153ur de la politique gouvernementale\u00a0: Le caract\u00e8re social de l\u2019\u00c9tat consolid\u00e9 - La Sentinelle\",\"isPartOf\":{\"@id\":\"https:\\\/\\\/lasentinelle.dz\\\/#website\"},\"primaryImageOfPage\":{\"@id\":\"https:\\\/\\\/lasentinelle.dz\\\/index.php\\\/2025\\\/09\\\/01\\\/la-protection-universelle-au-coeur-de-la-politique-gouvernementale-le-caractere-social-de-letat-consolide\\\/#primaryimage\"},\"image\":{\"@id\":\"https:\\\/\\\/lasentinelle.dz\\\/index.php\\\/2025\\\/09\\\/01\\\/la-protection-universelle-au-coeur-de-la-politique-gouvernementale-le-caractere-social-de-letat-consolide\\\/#primaryimage\"},\"thumbnailUrl\":\"https:\\\/\\\/lasentinelle.dz\\\/wp-content\\\/uploads\\\/2025\\\/09\\\/mouloudji.jpg\",\"datePublished\":\"2025-09-01T11:34:14+00:00\",\"dateModified\":\"2025-09-01T11:34:15+00:00\",\"breadcrumb\":{\"@id\":\"https:\\\/\\\/lasentinelle.dz\\\/index.php\\\/2025\\\/09\\\/01\\\/la-protection-universelle-au-coeur-de-la-politique-gouvernementale-le-caractere-social-de-letat-consolide\\\/#breadcrumb\"},\"inLanguage\":\"fr-FR\",\"potentialAction\":[{\"@type\":\"ReadAction\",\"target\":[\"https:\\\/\\\/lasentinelle.dz\\\/index.php\\\/2025\\\/09\\\/01\\\/la-protection-universelle-au-coeur-de-la-politique-gouvernementale-le-caractere-social-de-letat-consolide\\\/\"]}]},{\"@type\":\"ImageObject\",\"inLanguage\":\"fr-FR\",\"@id\":\"https:\\\/\\\/lasentinelle.dz\\\/index.php\\\/2025\\\/09\\\/01\\\/la-protection-universelle-au-coeur-de-la-politique-gouvernementale-le-caractere-social-de-letat-consolide\\\/#primaryimage\",\"url\":\"https:\\\/\\\/lasentinelle.dz\\\/wp-content\\\/uploads\\\/2025\\\/09\\\/mouloudji.jpg\",\"contentUrl\":\"https:\\\/\\\/lasentinelle.dz\\\/wp-content\\\/uploads\\\/2025\\\/09\\\/mouloudji.jpg\",\"width\":2048,\"height\":1536},{\"@type\":\"BreadcrumbList\",\"@id\":\"https:\\\/\\\/lasentinelle.dz\\\/index.php\\\/2025\\\/09\\\/01\\\/la-protection-universelle-au-coeur-de-la-politique-gouvernementale-le-caractere-social-de-letat-consolide\\\/#breadcrumb\",\"itemListElement\":[{\"@type\":\"ListItem\",\"position\":1,\"name\":\"Accueil\",\"item\":\"https:\\\/\\\/lasentinelle.dz\\\/\"},{\"@type\":\"ListItem\",\"position\":2,\"name\":\"La protection universelle au c\u0153ur de la politique gouvernementale\u00a0: Le caract\u00e8re social de l\u2019\u00c9tat consolid\u00e9\"}]},{\"@type\":\"WebSite\",\"@id\":\"https:\\\/\\\/lasentinelle.dz\\\/#website\",\"url\":\"https:\\\/\\\/lasentinelle.dz\\\/\",\"name\":\"La Sentinelle\",\"description\":\"Quotidien national d&#039;information\",\"publisher\":{\"@id\":\"https:\\\/\\\/lasentinelle.dz\\\/#organization\"},\"potentialAction\":[{\"@type\":\"SearchAction\",\"target\":{\"@type\":\"EntryPoint\",\"urlTemplate\":\"https:\\\/\\\/lasentinelle.dz\\\/?s={search_term_string}\"},\"query-input\":{\"@type\":\"PropertyValueSpecification\",\"valueRequired\":true,\"valueName\":\"search_term_string\"}}],\"inLanguage\":\"fr-FR\"},{\"@type\":\"Organization\",\"@id\":\"https:\\\/\\\/lasentinelle.dz\\\/#organization\",\"name\":\"Quotidien La Sentinelle\",\"url\":\"https:\\\/\\\/lasentinelle.dz\\\/\",\"logo\":{\"@type\":\"ImageObject\",\"inLanguage\":\"fr-FR\",\"@id\":\"https:\\\/\\\/lasentinelle.dz\\\/#\\\/schema\\\/logo\\\/image\\\/\",\"url\":\"https:\\\/\\\/lasentinelle.dz\\\/wp-content\\\/uploads\\\/2021\\\/09\\\/logo-sentinelleSLOGAN-1.png\",\"contentUrl\":\"https:\\\/\\\/lasentinelle.dz\\\/wp-content\\\/uploads\\\/2021\\\/09\\\/logo-sentinelleSLOGAN-1.png\",\"width\":615,\"height\":142,\"caption\":\"Quotidien La Sentinelle\"},\"image\":{\"@id\":\"https:\\\/\\\/lasentinelle.dz\\\/#\\\/schema\\\/logo\\\/image\\\/\"},\"sameAs\":[\"https:\\\/\\\/www.facebook.com\\\/La-Sentinelle-104059864394773\"]},{\"@type\":\"Person\",\"@id\":\"https:\\\/\\\/lasentinelle.dz\\\/#\\\/schema\\\/person\\\/729ee0024f24e0b8c5ec17232f8e8b41\",\"name\":\"admin\",\"image\":{\"@type\":\"ImageObject\",\"inLanguage\":\"fr-FR\",\"@id\":\"https:\\\/\\\/secure.gravatar.com\\\/avatar\\\/4c81fed838786e9b53f540bf46533e750f5d292099ae3b66cfc6fb1982e29df7?s=96&d=mm&r=g\",\"url\":\"https:\\\/\\\/secure.gravatar.com\\\/avatar\\\/4c81fed838786e9b53f540bf46533e750f5d292099ae3b66cfc6fb1982e29df7?s=96&d=mm&r=g\",\"contentUrl\":\"https:\\\/\\\/secure.gravatar.com\\\/avatar\\\/4c81fed838786e9b53f540bf46533e750f5d292099ae3b66cfc6fb1982e29df7?s=96&d=mm&r=g\",\"caption\":\"admin\"},\"description\":\"admin\",\"url\":\"https:\\\/\\\/lasentinelle.dz\\\/author\\\/admin\\\/\"}]}<\/script>\n<!-- \/ Yoast SEO plugin. -->","yoast_head_json":{"title":"La protection universelle au c\u0153ur de la politique gouvernementale\u00a0: Le caract\u00e8re social de l\u2019\u00c9tat consolid\u00e9 - La Sentinelle","robots":{"index":"index","follow":"follow","max-snippet":"max-snippet:-1","max-image-preview":"max-image-preview:large","max-video-preview":"max-video-preview:-1"},"canonical":"https:\/\/lasentinelle.dz\/index.php\/2025\/09\/01\/la-protection-universelle-au-coeur-de-la-politique-gouvernementale-le-caractere-social-de-letat-consolide\/","og_locale":"fr_FR","og_type":"article","og_title":"La protection universelle au c\u0153ur de la politique gouvernementale\u00a0: Le caract\u00e8re social de l\u2019\u00c9tat consolid\u00e9 - La Sentinelle","og_description":"L&rsquo;\u00c9tat consolide sa vocation sociale en \u00e9largissant syst\u00e9matiquement son filet de protection aux cat\u00e9gories les plus vuln\u00e9rables de la soci\u00e9t\u00e9,","og_url":"https:\/\/lasentinelle.dz\/index.php\/2025\/09\/01\/la-protection-universelle-au-coeur-de-la-politique-gouvernementale-le-caractere-social-de-letat-consolide\/","og_site_name":"La Sentinelle","article_publisher":"https:\/\/www.facebook.com\/La-Sentinelle-104059864394773","article_published_time":"2025-09-01T11:34:14+00:00","article_modified_time":"2025-09-01T11:34:15+00:00","og_image":[{"width":2048,"height":1536,"url":"https:\/\/lasentinelle.dz\/wp-content\/uploads\/2025\/09\/mouloudji.jpg","type":"image\/jpeg"}],"author":"admin","twitter_card":"summary_large_image","twitter_misc":{"\u00c9crit par":"admin","Dur\u00e9e de lecture estim\u00e9e":"3 minutes"},"schema":{"@context":"https:\/\/schema.org","@graph":[{"@type":"Article","@id":"https:\/\/lasentinelle.dz\/index.php\/2025\/09\/01\/la-protection-universelle-au-coeur-de-la-politique-gouvernementale-le-caractere-social-de-letat-consolide\/#article","isPartOf":{"@id":"https:\/\/lasentinelle.dz\/index.php\/2025\/09\/01\/la-protection-universelle-au-coeur-de-la-politique-gouvernementale-le-caractere-social-de-letat-consolide\/"},"author":{"name":"admin","@id":"https:\/\/lasentinelle.dz\/#\/schema\/person\/729ee0024f24e0b8c5ec17232f8e8b41"},"headline":"La protection universelle au c\u0153ur de la politique gouvernementale\u00a0: Le caract\u00e8re social de l\u2019\u00c9tat consolid\u00e9","datePublished":"2025-09-01T11:34:14+00:00","dateModified":"2025-09-01T11:34:15+00:00","mainEntityOfPage":{"@id":"https:\/\/lasentinelle.dz\/index.php\/2025\/09\/01\/la-protection-universelle-au-coeur-de-la-politique-gouvernementale-le-caractere-social-de-letat-consolide\/"},"wordCount":501,"commentCount":0,"publisher":{"@id":"https:\/\/lasentinelle.dz\/#organization"},"image":{"@id":"https:\/\/lasentinelle.dz\/index.php\/2025\/09\/01\/la-protection-universelle-au-coeur-de-la-politique-gouvernementale-le-caractere-social-de-letat-consolide\/#primaryimage"},"thumbnailUrl":"https:\/\/lasentinelle.dz\/wp-content\/uploads\/2025\/09\/mouloudji.jpg","articleSection":["Actualit\u00e9"],"inLanguage":"fr-FR","potentialAction":[{"@type":"CommentAction","name":"Comment","target":["https:\/\/lasentinelle.dz\/index.php\/2025\/09\/01\/la-protection-universelle-au-coeur-de-la-politique-gouvernementale-le-caractere-social-de-letat-consolide\/#respond"]}]},{"@type":"WebPage","@id":"https:\/\/lasentinelle.dz\/index.php\/2025\/09\/01\/la-protection-universelle-au-coeur-de-la-politique-gouvernementale-le-caractere-social-de-letat-consolide\/","url":"https:\/\/lasentinelle.dz\/index.php\/2025\/09\/01\/la-protection-universelle-au-coeur-de-la-politique-gouvernementale-le-caractere-social-de-letat-consolide\/","name":"La protection universelle au c\u0153ur de la politique gouvernementale\u00a0: Le caract\u00e8re social de l\u2019\u00c9tat consolid\u00e9 - La Sentinelle","isPartOf":{"@id":"https:\/\/lasentinelle.dz\/#website"},"primaryImageOfPage":{"@id":"https:\/\/lasentinelle.dz\/index.php\/2025\/09\/01\/la-protection-universelle-au-coeur-de-la-politique-gouvernementale-le-caractere-social-de-letat-consolide\/#primaryimage"},"image":{"@id":"https:\/\/lasentinelle.dz\/index.php\/2025\/09\/01\/la-protection-universelle-au-coeur-de-la-politique-gouvernementale-le-caractere-social-de-letat-consolide\/#primaryimage"},"thumbnailUrl":"https:\/\/lasentinelle.dz\/wp-content\/uploads\/2025\/09\/mouloudji.jpg","datePublished":"2025-09-01T11:34:14+00:00","dateModified":"2025-09-01T11:34:15+00:00","breadcrumb":{"@id":"https:\/\/lasentinelle.dz\/index.php\/2025\/09\/01\/la-protection-universelle-au-coeur-de-la-politique-gouvernementale-le-caractere-social-de-letat-consolide\/#breadcrumb"},"inLanguage":"fr-FR","potentialAction":[{"@type":"ReadAction","target":["https:\/\/lasentinelle.dz\/index.php\/2025\/09\/01\/la-protection-universelle-au-coeur-de-la-politique-gouvernementale-le-caractere-social-de-letat-consolide\/"]}]},{"@type":"ImageObject","inLanguage":"fr-FR","@id":"https:\/\/lasentinelle.dz\/index.php\/2025\/09\/01\/la-protection-universelle-au-coeur-de-la-politique-gouvernementale-le-caractere-social-de-letat-consolide\/#primaryimage","url":"https:\/\/lasentinelle.dz\/wp-content\/uploads\/2025\/09\/mouloudji.jpg","contentUrl":"https:\/\/lasentinelle.dz\/wp-content\/uploads\/2025\/09\/mouloudji.jpg","width":2048,"height":1536},{"@type":"BreadcrumbList","@id":"https:\/\/lasentinelle.dz\/index.php\/2025\/09\/01\/la-protection-universelle-au-coeur-de-la-politique-gouvernementale-le-caractere-social-de-letat-consolide\/#breadcrumb","itemListElement":[{"@type":"ListItem","position":1,"name":"Accueil","item":"https:\/\/lasentinelle.dz\/"},{"@type":"ListItem","position":2,"name":"La protection universelle au c\u0153ur de la politique gouvernementale\u00a0: Le caract\u00e8re social de l\u2019\u00c9tat consolid\u00e9"}]},{"@type":"WebSite","@id":"https:\/\/lasentinelle.dz\/#website","url":"https:\/\/lasentinelle.dz\/","name":"La Sentinelle","description":"Quotidien national d&#039;information","publisher":{"@id":"https:\/\/lasentinelle.dz\/#organization"},"potentialAction":[{"@type":"SearchAction","target":{"@type":"EntryPoint","urlTemplate":"https:\/\/lasentinelle.dz\/?s={search_term_string}"},"query-input":{"@type":"PropertyValueSpecification","valueRequired":true,"valueName":"search_term_string"}}],"inLanguage":"fr-FR"},{"@type":"Organization","@id":"https:\/\/lasentinelle.dz\/#organization","name":"Quotidien La Sentinelle","url":"https:\/\/lasentinelle.dz\/","logo":{"@type":"ImageObject","inLanguage":"fr-FR","@id":"https:\/\/lasentinelle.dz\/#\/schema\/logo\/image\/","url":"https:\/\/lasentinelle.dz\/wp-content\/uploads\/2021\/09\/logo-sentinelleSLOGAN-1.png","contentUrl":"https:\/\/lasentinelle.dz\/wp-content\/uploads\/2021\/09\/logo-sentinelleSLOGAN-1.png","width":615,"height":142,"caption":"Quotidien La Sentinelle"},"image":{"@id":"https:\/\/lasentinelle.dz\/#\/schema\/logo\/image\/"},"sameAs":["https:\/\/www.facebook.com\/La-Sentinelle-104059864394773"]},{"@type":"Person","@id":"https:\/\/lasentinelle.dz\/#\/schema\/person\/729ee0024f24e0b8c5ec17232f8e8b41","name":"admin","image":{"@type":"ImageObject","inLanguage":"fr-FR","@id":"https:\/\/secure.gravatar.com\/avatar\/4c81fed838786e9b53f540bf46533e750f5d292099ae3b66cfc6fb1982e29df7?s=96&d=mm&r=g","url":"https:\/\/secure.gravatar.com\/avatar\/4c81fed838786e9b53f540bf46533e750f5d292099ae3b66cfc6fb1982e29df7?s=96&d=mm&r=g","contentUrl":"https:\/\/secure.gravatar.com\/avatar\/4c81fed838786e9b53f540bf46533e750f5d292099ae3b66cfc6fb1982e29df7?s=96&d=mm&r=g","caption":"admin"},"description":"admin","url":"https:\/\/lasentinelle.dz\/author\/admin\/"}]}},"_links":{"self":[{"href":"https:\/\/lasentinelle.dz\/index.php\/wp-json\/wp\/v2\/posts\/72730","targetHints":{"allow":["GET"]}}],"collection":[{"href":"https:\/\/lasentinelle.dz\/index.php\/wp-json\/wp\/v2\/posts"}],"about":[{"href":"https:\/\/lasentinelle.dz\/index.php\/wp-json\/wp\/v2\/types\/post"}],"author":[{"embeddable":true,"href":"https:\/\/lasentinelle.dz\/index.php\/wp-json\/wp\/v2\/users\/6"}],"replies":[{"embeddable":true,"href":"https:\/\/lasentinelle.dz\/index.php\/wp-json\/wp\/v2\/comments?post=72730"}],"version-history":[{"count":1,"href":"https:\/\/lasentinelle.dz\/index.php\/wp-json\/wp\/v2\/posts\/72730\/revisions"}],"predecessor-version":[{"id":72732,"href":"https:\/\/lasentinelle.dz\/index.php\/wp-json\/wp\/v2\/posts\/72730\/revisions\/72732"}],"wp:featuredmedia":[{"embeddable":true,"href":"https:\/\/lasentinelle.dz\/index.php\/wp-json\/wp\/v2\/media\/72731"}],"wp:attachment":[{"href":"https:\/\/lasentinelle.dz\/index.php\/wp-json\/wp\/v2\/media?parent=72730"}],"wp:term":[{"taxonomy":"category","embeddable":true,"href":"https:\/\/lasentinelle.dz\/index.php\/wp-json\/wp\/v2\/categories?post=72730"},{"taxonomy":"post_tag","embeddable":true,"href":"https:\/\/lasentinelle.dz\/index.php\/wp-json\/wp\/v2\/tags?post=72730"}],"curies":[{"name":"wp","href":"https:\/\/api.w.org\/{rel}","templated":true}]}}