{"id":72733,"date":"2025-09-01T12:36:15","date_gmt":"2025-09-01T11:36:15","guid":{"rendered":"https:\/\/lasentinelle.dz\/?p=72733"},"modified":"2025-09-01T12:36:16","modified_gmt":"2025-09-01T11:36:16","slug":"sifi-ghrieb-place-les-preoccupations-sociales-au-coeur-de-sa-premiere-activite-a-la-tete-de-lexecutif-la-rentree-scolaire-comme-priorite","status":"publish","type":"post","link":"https:\/\/lasentinelle.dz\/index.php\/2025\/09\/01\/sifi-ghrieb-place-les-preoccupations-sociales-au-coeur-de-sa-premiere-activite-a-la-tete-de-lexecutif-la-rentree-scolaire-comme-priorite\/","title":{"rendered":"Sifi Ghrieb place les pr\u00e9occupations sociales au c\u0153ur de sa premi\u00e8re activit\u00e9 \u00e0 la t\u00eate de l\u2019Ex\u00e9cutif\u00a0: La rentr\u00e9e scolaire comme priorit\u00e9"},"content":{"rendered":"\n<p>Le Premier ministre par int\u00e9rim, Sifi Ghrieb, imprime d&#8217;embl\u00e9e une orientation r\u00e9solument sociale \u00e0 son action gouvernementale en consacrant sa premi\u00e8re activit\u00e9 officielle aux pr\u00e9paratifs de la rentr\u00e9e scolaire 2025-2026, signalant ainsi que la prise en charge des pr\u00e9occupations des m\u00e9nages alg\u00e9riens constituera l&rsquo;axe central de sa d\u00e9marche politique.<\/p>\n\n\n\n<p>Apr\u00e8s sa prise de fonctions jeudi 29 ao\u00fbt en remplacement de Nadir Larbaoui, le nouveau locataire du Palais du Dr Saadane a organis\u00e9 dimanche une r\u00e9union de travail consacr\u00e9e \u00e0 l&rsquo;organisation de foires r\u00e9gionales et de points de vente des fournitures scolaires, d\u00e9montrant que l&rsquo;accompagnement des familles alg\u00e9riennes face aux d\u00e9fis de la rentr\u00e9e scolaire figure parmi les urgences gouvernementales. Cette initiative s&rsquo;inscrit parfaitement dans l&rsquo;application des hautes directives du pr\u00e9sident de la R\u00e9publique, Abdelmadjid Tebboune, visant \u00e0 assurer les meilleures conditions pour la prochaine rentr\u00e9e scolaire fix\u00e9e au 21 septembre prochain. L&rsquo;approche adopt\u00e9e r\u00e9v\u00e8le une volont\u00e9 de r\u00e9pondre aux enjeux socio-\u00e9conomiques auxquels font face les m\u00e9nages alg\u00e9riens \u00e0 l&rsquo;approche de chaque rentr\u00e9e scolaire. Le premier ministre par int\u00e9rim ar\u00e9uni autour de la m\u00eame table le ministre de l&rsquo;Int\u00e9rieur, des Collectivit\u00e9s locales et de l&rsquo;Am\u00e9nagement du territoire, le ministre du Commerce ext\u00e9rieur et de la Promotion des exportations, le ministre du Commerce int\u00e9rieur et de la R\u00e9gulation du march\u00e9 national, le Directeur g\u00e9n\u00e9ral de l&rsquo;Agence alg\u00e9rienne de promotion de l&rsquo;investissement et le pr\u00e9sident du Conseil du renouveau \u00e9conomique alg\u00e9rien, le afin de garantir l&rsquo;accessibilit\u00e9 \u00e9conomique des fournitures scolaires. La strat\u00e9gie consiste \u00e0 renforcer les efforts des op\u00e9rateurs \u00e9conomiques pour fournir et commercialiser les fournitures scolaires \u00e0 des prix pr\u00e9f\u00e9rentiels et accessibles aux citoyens, d\u00e9montrant que l&rsquo;\u00c9tat alg\u00e9rien privil\u00e9gie une approche de r\u00e9gulation du march\u00e9 plut\u00f4t qu&rsquo;une simple logique d&rsquo;assistance sociale.<\/p>\n\n\n\n<p>Cette d\u00e9marche gouvernementale s\u2019inscrit dans une orientation globale qui se fixe comme priorit\u00e9 de prendre en charge les pr\u00e9occupations des m\u00e9nages alg\u00e9riens \u00e0 la veille de la rentr\u00e9e sociale, mais aussi dans le cadre de la consolidation du caract\u00e8re social de l\u2019Etat. Une attention particuli\u00e8re est d\u2019ailleurs accord\u00e9e, dans ce contexte, aux m\u00e9nages vuln\u00e9rables notamment via l\u2019action du secteur de la solidarit\u00e9 nationale.<\/p>\n\n\n\n<p><strong>Un dispositif renforc\u00e9 pour les m\u00e9nages vuln\u00e9rables<\/strong><\/p>\n\n\n\n<p>Dans ce sens, la ministre Soraya Mouloudji a confirm\u00e9 que son secteur a pris toutes les dispositions n\u00e9cessaires pour la rentr\u00e9e scolaire 2025-2026, notamment \u00e0 travers le renforcement du soutien social destin\u00e9 aux familles d\u00e9munies et aux cat\u00e9gories vuln\u00e9rables.<\/p>\n\n\n\n<p>L&rsquo;ampleur de cet engagement se mesure \u00e0 travers les chiffres r\u00e9v\u00e9l\u00e9s par la ministre lors de sa visite \u00e0 Sidi Bel-Abb\u00e8s. Le secteur de la solidarit\u00e9 prend en charge cette ann\u00e9e la distribution de plus de 182.000 cartables au profit des enfants issus de familles \u00e0 faible revenu dans les diff\u00e9rentes wilayas du pays, dans le cadre du soutien de l&rsquo;\u00c9tat \u00e0 l&rsquo;\u00e9ducation afin de garantir l&rsquo;\u00e9galit\u00e9 des chances. Cette op\u00e9ration s&rsquo;inscrit dans une approche sociale globale visant \u00e0 accompagner de mani\u00e8re efficace et durable les familles n\u00e9cessiteuses, le minist\u00e8re \u0153uvrant en coordination avec les directions de l&rsquo;action sociale et les structures locales pour assurer une distribution \u00e9quitable et dans les d\u00e9lais requis.<\/p>\n\n\n\n<p>Le volet financier de cet accompagnement r\u00e9v\u00e8le l&rsquo;ampleur de l&rsquo;investissement social consenti par l&rsquo;\u00c9tat alg\u00e9rien. Le versement de la prime scolaire de solidarit\u00e9 destin\u00e9e aux \u00e9l\u00e8ves issus de familles vuln\u00e9rables a \u00e9t\u00e9 achev\u00e9 dans les d\u00e9lais impartis, b\u00e9n\u00e9ficiant \u00e0 environ 3 millions d&rsquo;\u00e9l\u00e8ves \u00e0 l&rsquo;\u00e9chelle nationale pour un montant global de 17 milliards de dinars. Cette enveloppe budg\u00e9taire consid\u00e9rable t\u00e9moigne de la priorit\u00e9 accord\u00e9e par l&rsquo;\u00c9tat \u00e0 l&rsquo;accompagnement des familles dans leur effort \u00e9ducatif, confirmant que l&rsquo;investissement dans le capital humain demeure au c\u0153ur des politiques publiques alg\u00e9riennes.<\/p>\n\n\n\n<p>Ces mesures traduisent l&rsquo;engagement de l&rsquo;\u00c9tat, sous les orientations du pr\u00e9sident Tebboune, \u00e0 accompagner les \u00e9l\u00e8ves de toutes les cat\u00e9gories sociales et \u00e0 leur garantir les conditions n\u00e9cessaires \u00e0 une scolarisation dans les meilleures conditions, confirmant ainsi que l&rsquo;Alg\u00e9rie fait de l&rsquo;\u00e9ducation inclusive un pilier fondamental de sa politique sociale et de son projet de d\u00e9veloppement national.<\/p>\n\n\n\n<p>Malik Ameziane<\/p>\n","protected":false},"excerpt":{"rendered":"<p>Le Premier ministre par int\u00e9rim, Sifi Ghrieb, imprime d&#8217;embl\u00e9e une orientation r\u00e9solument sociale \u00e0 son action gouvernementale en consacrant sa<\/p>\n","protected":false},"author":6,"featured_media":72734,"comment_status":"open","ping_status":"closed","sticky":false,"template":"","format":"standard","meta":{"colormag_page_container_layout":"default_layout","colormag_page_sidebar_layout":"default_layout","om_disable_all_campaigns":false,"_monsterinsights_skip_tracking":false,"_monsterinsights_sitenote_active":false,"_monsterinsights_sitenote_note":"","_monsterinsights_sitenote_category":0,"footnotes":"","_wpscppro_dont_share_socialmedia":false,"_wpscppro_custom_social_share_image":0,"_facebook_share_type":"default","_twitter_share_type":"default","_linkedin_share_type":"default","_pinterest_share_type":"default","_linkedin_share_type_page":"","_instagram_share_type":"default","_medium_share_type":"default","_threads_share_type":"default","_google_business_share_type":"default","_selected_social_profile":[],"_wpsp_enable_custom_social_template":false,"_wpsp_social_scheduling":{"enabled":false,"datetime":null,"platforms":[],"status":"template_only","dateOption":"today","timeOption":"now","customDays":"","customHours":"","customDate":"","customTime":"","schedulingType":"absolute"},"_wpsp_active_default_template":true},"categories":[52,27],"tags":[],"class_list":["post-72733","post","type-post","status-publish","format-standard","has-post-thumbnail","hentry","category-a-la-une","category-actualite"],"aioseo_notices":[],"yoast_head":"<!-- This site is optimized with the Yoast SEO plugin v27.4 - https:\/\/yoast.com\/product\/yoast-seo-wordpress\/ -->\n<title>Sifi Ghrieb place les pr\u00e9occupations sociales au c\u0153ur de sa premi\u00e8re activit\u00e9 \u00e0 la t\u00eate de l\u2019Ex\u00e9cutif\u00a0: La rentr\u00e9e scolaire comme priorit\u00e9 - La Sentinelle<\/title>\n<meta name=\"robots\" content=\"index, follow, max-snippet:-1, max-image-preview:large, max-video-preview:-1\" \/>\n<link rel=\"canonical\" href=\"https:\/\/lasentinelle.dz\/index.php\/2025\/09\/01\/sifi-ghrieb-place-les-preoccupations-sociales-au-coeur-de-sa-premiere-activite-a-la-tete-de-lexecutif-la-rentree-scolaire-comme-priorite\/\" \/>\n<meta property=\"og:locale\" content=\"fr_FR\" \/>\n<meta property=\"og:type\" content=\"article\" \/>\n<meta property=\"og:title\" content=\"Sifi Ghrieb place les pr\u00e9occupations sociales au c\u0153ur de sa premi\u00e8re activit\u00e9 \u00e0 la t\u00eate de l\u2019Ex\u00e9cutif\u00a0: La rentr\u00e9e scolaire comme priorit\u00e9 - La Sentinelle\" \/>\n<meta property=\"og:description\" content=\"Le Premier ministre par int\u00e9rim, Sifi Ghrieb, imprime d&#8217;embl\u00e9e une orientation r\u00e9solument sociale \u00e0 son action gouvernementale en consacrant sa\" \/>\n<meta property=\"og:url\" content=\"https:\/\/lasentinelle.dz\/index.php\/2025\/09\/01\/sifi-ghrieb-place-les-preoccupations-sociales-au-coeur-de-sa-premiere-activite-a-la-tete-de-lexecutif-la-rentree-scolaire-comme-priorite\/\" \/>\n<meta property=\"og:site_name\" content=\"La Sentinelle\" \/>\n<meta property=\"article:publisher\" content=\"https:\/\/www.facebook.com\/La-Sentinelle-104059864394773\" \/>\n<meta property=\"article:published_time\" content=\"2025-09-01T11:36:15+00:00\" \/>\n<meta property=\"article:modified_time\" content=\"2025-09-01T11:36:16+00:00\" \/>\n<meta property=\"og:image\" content=\"https:\/\/lasentinelle.dz\/wp-content\/uploads\/2025\/09\/reunion-Une.jpg\" \/>\n\t<meta property=\"og:image:width\" content=\"780\" \/>\n\t<meta property=\"og:image:height\" content=\"470\" \/>\n\t<meta property=\"og:image:type\" content=\"image\/jpeg\" \/>\n<meta name=\"author\" content=\"admin\" \/>\n<meta name=\"twitter:card\" content=\"summary_large_image\" \/>\n<meta name=\"twitter:label1\" content=\"\u00c9crit par\" \/>\n\t<meta name=\"twitter:data1\" content=\"admin\" \/>\n\t<meta name=\"twitter:label2\" content=\"Dur\u00e9e de lecture estim\u00e9e\" \/>\n\t<meta name=\"twitter:data2\" content=\"4 minutes\" \/>\n<script type=\"application\/ld+json\" class=\"yoast-schema-graph\">{\"@context\":\"https:\\\/\\\/schema.org\",\"@graph\":[{\"@type\":\"Article\",\"@id\":\"https:\\\/\\\/lasentinelle.dz\\\/index.php\\\/2025\\\/09\\\/01\\\/sifi-ghrieb-place-les-preoccupations-sociales-au-coeur-de-sa-premiere-activite-a-la-tete-de-lexecutif-la-rentree-scolaire-comme-priorite\\\/#article\",\"isPartOf\":{\"@id\":\"https:\\\/\\\/lasentinelle.dz\\\/index.php\\\/2025\\\/09\\\/01\\\/sifi-ghrieb-place-les-preoccupations-sociales-au-coeur-de-sa-premiere-activite-a-la-tete-de-lexecutif-la-rentree-scolaire-comme-priorite\\\/\"},\"author\":{\"name\":\"admin\",\"@id\":\"https:\\\/\\\/lasentinelle.dz\\\/#\\\/schema\\\/person\\\/729ee0024f24e0b8c5ec17232f8e8b41\"},\"headline\":\"Sifi Ghrieb place les pr\u00e9occupations sociales au c\u0153ur de sa premi\u00e8re activit\u00e9 \u00e0 la t\u00eate de l\u2019Ex\u00e9cutif\u00a0: La rentr\u00e9e scolaire comme priorit\u00e9\",\"datePublished\":\"2025-09-01T11:36:15+00:00\",\"dateModified\":\"2025-09-01T11:36:16+00:00\",\"mainEntityOfPage\":{\"@id\":\"https:\\\/\\\/lasentinelle.dz\\\/index.php\\\/2025\\\/09\\\/01\\\/sifi-ghrieb-place-les-preoccupations-sociales-au-coeur-de-sa-premiere-activite-a-la-tete-de-lexecutif-la-rentree-scolaire-comme-priorite\\\/\"},\"wordCount\":794,\"commentCount\":0,\"publisher\":{\"@id\":\"https:\\\/\\\/lasentinelle.dz\\\/#organization\"},\"image\":{\"@id\":\"https:\\\/\\\/lasentinelle.dz\\\/index.php\\\/2025\\\/09\\\/01\\\/sifi-ghrieb-place-les-preoccupations-sociales-au-coeur-de-sa-premiere-activite-a-la-tete-de-lexecutif-la-rentree-scolaire-comme-priorite\\\/#primaryimage\"},\"thumbnailUrl\":\"https:\\\/\\\/lasentinelle.dz\\\/wp-content\\\/uploads\\\/2025\\\/09\\\/reunion-Une.jpg\",\"articleSection\":[\"\u00c0 la Une\",\"Actualit\u00e9\"],\"inLanguage\":\"fr-FR\",\"potentialAction\":[{\"@type\":\"CommentAction\",\"name\":\"Comment\",\"target\":[\"https:\\\/\\\/lasentinelle.dz\\\/index.php\\\/2025\\\/09\\\/01\\\/sifi-ghrieb-place-les-preoccupations-sociales-au-coeur-de-sa-premiere-activite-a-la-tete-de-lexecutif-la-rentree-scolaire-comme-priorite\\\/#respond\"]}]},{\"@type\":\"WebPage\",\"@id\":\"https:\\\/\\\/lasentinelle.dz\\\/index.php\\\/2025\\\/09\\\/01\\\/sifi-ghrieb-place-les-preoccupations-sociales-au-coeur-de-sa-premiere-activite-a-la-tete-de-lexecutif-la-rentree-scolaire-comme-priorite\\\/\",\"url\":\"https:\\\/\\\/lasentinelle.dz\\\/index.php\\\/2025\\\/09\\\/01\\\/sifi-ghrieb-place-les-preoccupations-sociales-au-coeur-de-sa-premiere-activite-a-la-tete-de-lexecutif-la-rentree-scolaire-comme-priorite\\\/\",\"name\":\"Sifi Ghrieb place les pr\u00e9occupations sociales au c\u0153ur de sa premi\u00e8re activit\u00e9 \u00e0 la t\u00eate de l\u2019Ex\u00e9cutif\u00a0: La rentr\u00e9e scolaire comme priorit\u00e9 - La Sentinelle\",\"isPartOf\":{\"@id\":\"https:\\\/\\\/lasentinelle.dz\\\/#website\"},\"primaryImageOfPage\":{\"@id\":\"https:\\\/\\\/lasentinelle.dz\\\/index.php\\\/2025\\\/09\\\/01\\\/sifi-ghrieb-place-les-preoccupations-sociales-au-coeur-de-sa-premiere-activite-a-la-tete-de-lexecutif-la-rentree-scolaire-comme-priorite\\\/#primaryimage\"},\"image\":{\"@id\":\"https:\\\/\\\/lasentinelle.dz\\\/index.php\\\/2025\\\/09\\\/01\\\/sifi-ghrieb-place-les-preoccupations-sociales-au-coeur-de-sa-premiere-activite-a-la-tete-de-lexecutif-la-rentree-scolaire-comme-priorite\\\/#primaryimage\"},\"thumbnailUrl\":\"https:\\\/\\\/lasentinelle.dz\\\/wp-content\\\/uploads\\\/2025\\\/09\\\/reunion-Une.jpg\",\"datePublished\":\"2025-09-01T11:36:15+00:00\",\"dateModified\":\"2025-09-01T11:36:16+00:00\",\"breadcrumb\":{\"@id\":\"https:\\\/\\\/lasentinelle.dz\\\/index.php\\\/2025\\\/09\\\/01\\\/sifi-ghrieb-place-les-preoccupations-sociales-au-coeur-de-sa-premiere-activite-a-la-tete-de-lexecutif-la-rentree-scolaire-comme-priorite\\\/#breadcrumb\"},\"inLanguage\":\"fr-FR\",\"potentialAction\":[{\"@type\":\"ReadAction\",\"target\":[\"https:\\\/\\\/lasentinelle.dz\\\/index.php\\\/2025\\\/09\\\/01\\\/sifi-ghrieb-place-les-preoccupations-sociales-au-coeur-de-sa-premiere-activite-a-la-tete-de-lexecutif-la-rentree-scolaire-comme-priorite\\\/\"]}]},{\"@type\":\"ImageObject\",\"inLanguage\":\"fr-FR\",\"@id\":\"https:\\\/\\\/lasentinelle.dz\\\/index.php\\\/2025\\\/09\\\/01\\\/sifi-ghrieb-place-les-preoccupations-sociales-au-coeur-de-sa-premiere-activite-a-la-tete-de-lexecutif-la-rentree-scolaire-comme-priorite\\\/#primaryimage\",\"url\":\"https:\\\/\\\/lasentinelle.dz\\\/wp-content\\\/uploads\\\/2025\\\/09\\\/reunion-Une.jpg\",\"contentUrl\":\"https:\\\/\\\/lasentinelle.dz\\\/wp-content\\\/uploads\\\/2025\\\/09\\\/reunion-Une.jpg\",\"width\":780,\"height\":470},{\"@type\":\"BreadcrumbList\",\"@id\":\"https:\\\/\\\/lasentinelle.dz\\\/index.php\\\/2025\\\/09\\\/01\\\/sifi-ghrieb-place-les-preoccupations-sociales-au-coeur-de-sa-premiere-activite-a-la-tete-de-lexecutif-la-rentree-scolaire-comme-priorite\\\/#breadcrumb\",\"itemListElement\":[{\"@type\":\"ListItem\",\"position\":1,\"name\":\"Accueil\",\"item\":\"https:\\\/\\\/lasentinelle.dz\\\/\"},{\"@type\":\"ListItem\",\"position\":2,\"name\":\"Sifi Ghrieb place les pr\u00e9occupations sociales au c\u0153ur de sa premi\u00e8re activit\u00e9 \u00e0 la t\u00eate de l\u2019Ex\u00e9cutif\u00a0: La rentr\u00e9e scolaire comme priorit\u00e9\"}]},{\"@type\":\"WebSite\",\"@id\":\"https:\\\/\\\/lasentinelle.dz\\\/#website\",\"url\":\"https:\\\/\\\/lasentinelle.dz\\\/\",\"name\":\"La Sentinelle\",\"description\":\"Quotidien national d&#039;information\",\"publisher\":{\"@id\":\"https:\\\/\\\/lasentinelle.dz\\\/#organization\"},\"potentialAction\":[{\"@type\":\"SearchAction\",\"target\":{\"@type\":\"EntryPoint\",\"urlTemplate\":\"https:\\\/\\\/lasentinelle.dz\\\/?s={search_term_string}\"},\"query-input\":{\"@type\":\"PropertyValueSpecification\",\"valueRequired\":true,\"valueName\":\"search_term_string\"}}],\"inLanguage\":\"fr-FR\"},{\"@type\":\"Organization\",\"@id\":\"https:\\\/\\\/lasentinelle.dz\\\/#organization\",\"name\":\"Quotidien La Sentinelle\",\"url\":\"https:\\\/\\\/lasentinelle.dz\\\/\",\"logo\":{\"@type\":\"ImageObject\",\"inLanguage\":\"fr-FR\",\"@id\":\"https:\\\/\\\/lasentinelle.dz\\\/#\\\/schema\\\/logo\\\/image\\\/\",\"url\":\"https:\\\/\\\/lasentinelle.dz\\\/wp-content\\\/uploads\\\/2021\\\/09\\\/logo-sentinelleSLOGAN-1.png\",\"contentUrl\":\"https:\\\/\\\/lasentinelle.dz\\\/wp-content\\\/uploads\\\/2021\\\/09\\\/logo-sentinelleSLOGAN-1.png\",\"width\":615,\"height\":142,\"caption\":\"Quotidien La Sentinelle\"},\"image\":{\"@id\":\"https:\\\/\\\/lasentinelle.dz\\\/#\\\/schema\\\/logo\\\/image\\\/\"},\"sameAs\":[\"https:\\\/\\\/www.facebook.com\\\/La-Sentinelle-104059864394773\"]},{\"@type\":\"Person\",\"@id\":\"https:\\\/\\\/lasentinelle.dz\\\/#\\\/schema\\\/person\\\/729ee0024f24e0b8c5ec17232f8e8b41\",\"name\":\"admin\",\"image\":{\"@type\":\"ImageObject\",\"inLanguage\":\"fr-FR\",\"@id\":\"https:\\\/\\\/secure.gravatar.com\\\/avatar\\\/4c81fed838786e9b53f540bf46533e750f5d292099ae3b66cfc6fb1982e29df7?s=96&d=mm&r=g\",\"url\":\"https:\\\/\\\/secure.gravatar.com\\\/avatar\\\/4c81fed838786e9b53f540bf46533e750f5d292099ae3b66cfc6fb1982e29df7?s=96&d=mm&r=g\",\"contentUrl\":\"https:\\\/\\\/secure.gravatar.com\\\/avatar\\\/4c81fed838786e9b53f540bf46533e750f5d292099ae3b66cfc6fb1982e29df7?s=96&d=mm&r=g\",\"caption\":\"admin\"},\"description\":\"admin\",\"url\":\"https:\\\/\\\/lasentinelle.dz\\\/author\\\/admin\\\/\"}]}<\/script>\n<!-- \/ Yoast SEO plugin. -->","yoast_head_json":{"title":"Sifi Ghrieb place les pr\u00e9occupations sociales au c\u0153ur de sa premi\u00e8re activit\u00e9 \u00e0 la t\u00eate de l\u2019Ex\u00e9cutif\u00a0: La rentr\u00e9e scolaire comme priorit\u00e9 - La Sentinelle","robots":{"index":"index","follow":"follow","max-snippet":"max-snippet:-1","max-image-preview":"max-image-preview:large","max-video-preview":"max-video-preview:-1"},"canonical":"https:\/\/lasentinelle.dz\/index.php\/2025\/09\/01\/sifi-ghrieb-place-les-preoccupations-sociales-au-coeur-de-sa-premiere-activite-a-la-tete-de-lexecutif-la-rentree-scolaire-comme-priorite\/","og_locale":"fr_FR","og_type":"article","og_title":"Sifi Ghrieb place les pr\u00e9occupations sociales au c\u0153ur de sa premi\u00e8re activit\u00e9 \u00e0 la t\u00eate de l\u2019Ex\u00e9cutif\u00a0: La rentr\u00e9e scolaire comme priorit\u00e9 - La Sentinelle","og_description":"Le Premier ministre par int\u00e9rim, Sifi Ghrieb, imprime d&#8217;embl\u00e9e une orientation r\u00e9solument sociale \u00e0 son action gouvernementale en consacrant sa","og_url":"https:\/\/lasentinelle.dz\/index.php\/2025\/09\/01\/sifi-ghrieb-place-les-preoccupations-sociales-au-coeur-de-sa-premiere-activite-a-la-tete-de-lexecutif-la-rentree-scolaire-comme-priorite\/","og_site_name":"La Sentinelle","article_publisher":"https:\/\/www.facebook.com\/La-Sentinelle-104059864394773","article_published_time":"2025-09-01T11:36:15+00:00","article_modified_time":"2025-09-01T11:36:16+00:00","og_image":[{"width":780,"height":470,"url":"https:\/\/lasentinelle.dz\/wp-content\/uploads\/2025\/09\/reunion-Une.jpg","type":"image\/jpeg"}],"author":"admin","twitter_card":"summary_large_image","twitter_misc":{"\u00c9crit par":"admin","Dur\u00e9e de lecture estim\u00e9e":"4 minutes"},"schema":{"@context":"https:\/\/schema.org","@graph":[{"@type":"Article","@id":"https:\/\/lasentinelle.dz\/index.php\/2025\/09\/01\/sifi-ghrieb-place-les-preoccupations-sociales-au-coeur-de-sa-premiere-activite-a-la-tete-de-lexecutif-la-rentree-scolaire-comme-priorite\/#article","isPartOf":{"@id":"https:\/\/lasentinelle.dz\/index.php\/2025\/09\/01\/sifi-ghrieb-place-les-preoccupations-sociales-au-coeur-de-sa-premiere-activite-a-la-tete-de-lexecutif-la-rentree-scolaire-comme-priorite\/"},"author":{"name":"admin","@id":"https:\/\/lasentinelle.dz\/#\/schema\/person\/729ee0024f24e0b8c5ec17232f8e8b41"},"headline":"Sifi Ghrieb place les pr\u00e9occupations sociales au c\u0153ur de sa premi\u00e8re activit\u00e9 \u00e0 la t\u00eate de l\u2019Ex\u00e9cutif\u00a0: La rentr\u00e9e scolaire comme priorit\u00e9","datePublished":"2025-09-01T11:36:15+00:00","dateModified":"2025-09-01T11:36:16+00:00","mainEntityOfPage":{"@id":"https:\/\/lasentinelle.dz\/index.php\/2025\/09\/01\/sifi-ghrieb-place-les-preoccupations-sociales-au-coeur-de-sa-premiere-activite-a-la-tete-de-lexecutif-la-rentree-scolaire-comme-priorite\/"},"wordCount":794,"commentCount":0,"publisher":{"@id":"https:\/\/lasentinelle.dz\/#organization"},"image":{"@id":"https:\/\/lasentinelle.dz\/index.php\/2025\/09\/01\/sifi-ghrieb-place-les-preoccupations-sociales-au-coeur-de-sa-premiere-activite-a-la-tete-de-lexecutif-la-rentree-scolaire-comme-priorite\/#primaryimage"},"thumbnailUrl":"https:\/\/lasentinelle.dz\/wp-content\/uploads\/2025\/09\/reunion-Une.jpg","articleSection":["\u00c0 la Une","Actualit\u00e9"],"inLanguage":"fr-FR","potentialAction":[{"@type":"CommentAction","name":"Comment","target":["https:\/\/lasentinelle.dz\/index.php\/2025\/09\/01\/sifi-ghrieb-place-les-preoccupations-sociales-au-coeur-de-sa-premiere-activite-a-la-tete-de-lexecutif-la-rentree-scolaire-comme-priorite\/#respond"]}]},{"@type":"WebPage","@id":"https:\/\/lasentinelle.dz\/index.php\/2025\/09\/01\/sifi-ghrieb-place-les-preoccupations-sociales-au-coeur-de-sa-premiere-activite-a-la-tete-de-lexecutif-la-rentree-scolaire-comme-priorite\/","url":"https:\/\/lasentinelle.dz\/index.php\/2025\/09\/01\/sifi-ghrieb-place-les-preoccupations-sociales-au-coeur-de-sa-premiere-activite-a-la-tete-de-lexecutif-la-rentree-scolaire-comme-priorite\/","name":"Sifi Ghrieb place les pr\u00e9occupations sociales au c\u0153ur de sa premi\u00e8re activit\u00e9 \u00e0 la t\u00eate de l\u2019Ex\u00e9cutif\u00a0: La rentr\u00e9e scolaire comme priorit\u00e9 - La Sentinelle","isPartOf":{"@id":"https:\/\/lasentinelle.dz\/#website"},"primaryImageOfPage":{"@id":"https:\/\/lasentinelle.dz\/index.php\/2025\/09\/01\/sifi-ghrieb-place-les-preoccupations-sociales-au-coeur-de-sa-premiere-activite-a-la-tete-de-lexecutif-la-rentree-scolaire-comme-priorite\/#primaryimage"},"image":{"@id":"https:\/\/lasentinelle.dz\/index.php\/2025\/09\/01\/sifi-ghrieb-place-les-preoccupations-sociales-au-coeur-de-sa-premiere-activite-a-la-tete-de-lexecutif-la-rentree-scolaire-comme-priorite\/#primaryimage"},"thumbnailUrl":"https:\/\/lasentinelle.dz\/wp-content\/uploads\/2025\/09\/reunion-Une.jpg","datePublished":"2025-09-01T11:36:15+00:00","dateModified":"2025-09-01T11:36:16+00:00","breadcrumb":{"@id":"https:\/\/lasentinelle.dz\/index.php\/2025\/09\/01\/sifi-ghrieb-place-les-preoccupations-sociales-au-coeur-de-sa-premiere-activite-a-la-tete-de-lexecutif-la-rentree-scolaire-comme-priorite\/#breadcrumb"},"inLanguage":"fr-FR","potentialAction":[{"@type":"ReadAction","target":["https:\/\/lasentinelle.dz\/index.php\/2025\/09\/01\/sifi-ghrieb-place-les-preoccupations-sociales-au-coeur-de-sa-premiere-activite-a-la-tete-de-lexecutif-la-rentree-scolaire-comme-priorite\/"]}]},{"@type":"ImageObject","inLanguage":"fr-FR","@id":"https:\/\/lasentinelle.dz\/index.php\/2025\/09\/01\/sifi-ghrieb-place-les-preoccupations-sociales-au-coeur-de-sa-premiere-activite-a-la-tete-de-lexecutif-la-rentree-scolaire-comme-priorite\/#primaryimage","url":"https:\/\/lasentinelle.dz\/wp-content\/uploads\/2025\/09\/reunion-Une.jpg","contentUrl":"https:\/\/lasentinelle.dz\/wp-content\/uploads\/2025\/09\/reunion-Une.jpg","width":780,"height":470},{"@type":"BreadcrumbList","@id":"https:\/\/lasentinelle.dz\/index.php\/2025\/09\/01\/sifi-ghrieb-place-les-preoccupations-sociales-au-coeur-de-sa-premiere-activite-a-la-tete-de-lexecutif-la-rentree-scolaire-comme-priorite\/#breadcrumb","itemListElement":[{"@type":"ListItem","position":1,"name":"Accueil","item":"https:\/\/lasentinelle.dz\/"},{"@type":"ListItem","position":2,"name":"Sifi Ghrieb place les pr\u00e9occupations sociales au c\u0153ur de sa premi\u00e8re activit\u00e9 \u00e0 la t\u00eate de l\u2019Ex\u00e9cutif\u00a0: La rentr\u00e9e scolaire comme priorit\u00e9"}]},{"@type":"WebSite","@id":"https:\/\/lasentinelle.dz\/#website","url":"https:\/\/lasentinelle.dz\/","name":"La Sentinelle","description":"Quotidien national d&#039;information","publisher":{"@id":"https:\/\/lasentinelle.dz\/#organization"},"potentialAction":[{"@type":"SearchAction","target":{"@type":"EntryPoint","urlTemplate":"https:\/\/lasentinelle.dz\/?s={search_term_string}"},"query-input":{"@type":"PropertyValueSpecification","valueRequired":true,"valueName":"search_term_string"}}],"inLanguage":"fr-FR"},{"@type":"Organization","@id":"https:\/\/lasentinelle.dz\/#organization","name":"Quotidien La Sentinelle","url":"https:\/\/lasentinelle.dz\/","logo":{"@type":"ImageObject","inLanguage":"fr-FR","@id":"https:\/\/lasentinelle.dz\/#\/schema\/logo\/image\/","url":"https:\/\/lasentinelle.dz\/wp-content\/uploads\/2021\/09\/logo-sentinelleSLOGAN-1.png","contentUrl":"https:\/\/lasentinelle.dz\/wp-content\/uploads\/2021\/09\/logo-sentinelleSLOGAN-1.png","width":615,"height":142,"caption":"Quotidien La Sentinelle"},"image":{"@id":"https:\/\/lasentinelle.dz\/#\/schema\/logo\/image\/"},"sameAs":["https:\/\/www.facebook.com\/La-Sentinelle-104059864394773"]},{"@type":"Person","@id":"https:\/\/lasentinelle.dz\/#\/schema\/person\/729ee0024f24e0b8c5ec17232f8e8b41","name":"admin","image":{"@type":"ImageObject","inLanguage":"fr-FR","@id":"https:\/\/secure.gravatar.com\/avatar\/4c81fed838786e9b53f540bf46533e750f5d292099ae3b66cfc6fb1982e29df7?s=96&d=mm&r=g","url":"https:\/\/secure.gravatar.com\/avatar\/4c81fed838786e9b53f540bf46533e750f5d292099ae3b66cfc6fb1982e29df7?s=96&d=mm&r=g","contentUrl":"https:\/\/secure.gravatar.com\/avatar\/4c81fed838786e9b53f540bf46533e750f5d292099ae3b66cfc6fb1982e29df7?s=96&d=mm&r=g","caption":"admin"},"description":"admin","url":"https:\/\/lasentinelle.dz\/author\/admin\/"}]}},"_links":{"self":[{"href":"https:\/\/lasentinelle.dz\/index.php\/wp-json\/wp\/v2\/posts\/72733","targetHints":{"allow":["GET"]}}],"collection":[{"href":"https:\/\/lasentinelle.dz\/index.php\/wp-json\/wp\/v2\/posts"}],"about":[{"href":"https:\/\/lasentinelle.dz\/index.php\/wp-json\/wp\/v2\/types\/post"}],"author":[{"embeddable":true,"href":"https:\/\/lasentinelle.dz\/index.php\/wp-json\/wp\/v2\/users\/6"}],"replies":[{"embeddable":true,"href":"https:\/\/lasentinelle.dz\/index.php\/wp-json\/wp\/v2\/comments?post=72733"}],"version-history":[{"count":1,"href":"https:\/\/lasentinelle.dz\/index.php\/wp-json\/wp\/v2\/posts\/72733\/revisions"}],"predecessor-version":[{"id":72735,"href":"https:\/\/lasentinelle.dz\/index.php\/wp-json\/wp\/v2\/posts\/72733\/revisions\/72735"}],"wp:featuredmedia":[{"embeddable":true,"href":"https:\/\/lasentinelle.dz\/index.php\/wp-json\/wp\/v2\/media\/72734"}],"wp:attachment":[{"href":"https:\/\/lasentinelle.dz\/index.php\/wp-json\/wp\/v2\/media?parent=72733"}],"wp:term":[{"taxonomy":"category","embeddable":true,"href":"https:\/\/lasentinelle.dz\/index.php\/wp-json\/wp\/v2\/categories?post=72733"},{"taxonomy":"post_tag","embeddable":true,"href":"https:\/\/lasentinelle.dz\/index.php\/wp-json\/wp\/v2\/tags?post=72733"}],"curies":[{"name":"wp","href":"https:\/\/api.w.org\/{rel}","templated":true}]}}