{"id":72737,"date":"2025-09-02T12:35:06","date_gmt":"2025-09-02T11:35:06","guid":{"rendered":"https:\/\/lasentinelle.dz\/?p=72737"},"modified":"2025-09-02T12:35:07","modified_gmt":"2025-09-02T11:35:07","slug":"usage-des-petards-durant-le-mawlid-la-mise-en-garde-du-ministere-de-la-sante","status":"publish","type":"post","link":"https:\/\/lasentinelle.dz\/index.php\/2025\/09\/02\/usage-des-petards-durant-le-mawlid-la-mise-en-garde-du-ministere-de-la-sante\/","title":{"rendered":"Usage des p\u00e9tards durant le Mawlid\u00a0: La mise en garde du minist\u00e8re de la Sant\u00e9"},"content":{"rendered":"\n<p>\u00c0 l&rsquo;approche des c\u00e9l\u00e9brations du Mawlid Ennabaoui Echarif, le minist\u00e8re de la Sant\u00e9 a mis en garde contre l\u2019usage des produit pyrotechniques. Dans un communiqu\u00e9 diffus\u00e9 lundi, le d\u00e9partement d\u2019Abdelhak Sa\u00efhi met en garde contre les risques graves li\u00e9s \u00e0 l&rsquo;utilisation de p\u00e9tards et de feux d&rsquo;artifice, susceptibles de transformer les festivit\u00e9s religieuses en trag\u00e9die. Le communiqu\u00e9 souligne que \u00ab\u00a0les mati\u00e8res pyrotechniques comme les p\u00e9tards et les feux d&rsquo;artifice peuvent causer des accidents graves qui menacent la s\u00e9curit\u00e9 des personnes et transforment la c\u00e9l\u00e9bration en trag\u00e9die\u00a0\u00bb. Le minist\u00e8re d\u00e9taille une liste pr\u00e9occupante de risques, allant des incendies aux traumatismes sonores. \u00ab\u00a0Le bruit r\u00e9sultant de l&rsquo;explosion des p\u00e9tards et des projectiles a des effets n\u00e9gatifs sur le bien-\u00eatre physique et moral des individus, particuli\u00e8rement les personnes \u00e2g\u00e9es, les malades, les femmes enceintes et les enfants\u00a0\u00bb, pr\u00e9cise le document. Les autorit\u00e9s sanitaires soulignent que le bruit des explosions peut \u00ab\u00a0endommager l&rsquo;audition et causer des d\u00e9rangements et de l&rsquo;anxi\u00e9t\u00e9\u00a0\u00bb. Plus alarmant encore, le minist\u00e8re met l&rsquo;accent sur les blessures directes caus\u00e9es par ces dispositifs pyrotechniques. \u00ab\u00a0L&rsquo;explosion des p\u00e9tards dans la main peut conduire \u00e0 la perte de doigts et en cas d&rsquo;atteinte \u00e0 l&rsquo;\u0153il, peut mener \u00e0 la c\u00e9cit\u00e9\u00a0\u00bb, avertit le communiqu\u00e9. Ces accidents touchent particuli\u00e8rement \u00ab\u00a0les personnes qui manipulent directement ces mati\u00e8res\u00a0\u00bb mais peuvent \u00e9galement \u00ab\u00a0causer des dommages \u00e0 autrui\u00a0\u00bb.<\/p>\n\n\n\n<p>Le minist\u00e8re insiste particuli\u00e8rement sur la gravit\u00e9 des br\u00fblures caus\u00e9es par ces dispositifs. Ces \u00ab\u00a0br\u00fblures d&rsquo;une extr\u00eame gravit\u00e9 touchent souvent les doigts, les bras, les yeux et le visage, et peuvent rendre le retour \u00e0 une vie normale impossible\u00a0\u00bb, selon le communiqu\u00e9. Les l\u00e9sions oculaires constituent un risque majeur, pouvant provoquer \u00ab\u00a0des traumatismes visuels avec des blessures graves, entra\u00eenant des complications et des cons\u00e9quences dramatiques\u00a0\u00bb. Le document souligne que \u00ab\u00a0les enfants et les adolescents sont les plus expos\u00e9s \u00e0 ces accidents\u00a0\u00bb. Face \u00e0 ces risques, le minist\u00e8re rappelle les gestes de premiers secours essentiels. En cas d&rsquo;accident, il convient \u00ab\u00a0d&rsquo;appliquer la r\u00e8gle de verser de l&rsquo;eau ti\u00e8de sur la br\u00fblure pendant 15 minutes, \u00e0 15 centim\u00e8tres de distance\u00a0\u00bb, ce qui \u00ab\u00a0aide \u00e0 stopper le processus de d\u00e9t\u00e9rioration des tissus cutan\u00e9s\u00a0\u00bb. Pour les cas plus graves n\u00e9cessitant des soins sp\u00e9cialis\u00e9s, le minist\u00e8re invite les citoyens \u00e0 \u00ab\u00a0se diriger vers le service d&rsquo;urgence le plus proche\u00a0\u00bb sans d\u00e9lai. Cette campagne de sensibilisation s&rsquo;inscrit dans une d\u00e9marche pr\u00e9ventive visant \u00e0 pr\u00e9server la sant\u00e9 publique tout en permettant aux familles alg\u00e9riennes de c\u00e9l\u00e9brer sereinement cette f\u00eate religieuse importante. Le minist\u00e8re appelle ainsi \u00e0 la responsabilit\u00e9 collective pour que les c\u00e9l\u00e9brations du Mawlid Ennabaoui Echarif se d\u00e9roulent dans la joie et la s\u00e9curit\u00e9, loin des dangers li\u00e9s au produits pyrotechniques.<\/p>\n\n\n\n<p>Chokri Hafed<\/p>\n","protected":false},"excerpt":{"rendered":"<p>\u00c0 l&rsquo;approche des c\u00e9l\u00e9brations du Mawlid Ennabaoui Echarif, le minist\u00e8re de la Sant\u00e9 a mis en garde contre l\u2019usage des<\/p>\n","protected":false},"author":6,"featured_media":24482,"comment_status":"open","ping_status":"closed","sticky":false,"template":"","format":"standard","meta":{"colormag_page_container_layout":"default_layout","colormag_page_sidebar_layout":"default_layout","om_disable_all_campaigns":false,"_monsterinsights_skip_tracking":false,"_monsterinsights_sitenote_active":false,"_monsterinsights_sitenote_note":"","_monsterinsights_sitenote_category":0,"footnotes":"","_wpscppro_dont_share_socialmedia":false,"_wpscppro_custom_social_share_image":0,"_facebook_share_type":"default","_twitter_share_type":"default","_linkedin_share_type":"default","_pinterest_share_type":"default","_linkedin_share_type_page":"","_instagram_share_type":"default","_medium_share_type":"default","_threads_share_type":"default","_google_business_share_type":"default","_selected_social_profile":[],"_wpsp_enable_custom_social_template":false,"_wpsp_social_scheduling":{"enabled":false,"datetime":null,"platforms":[],"status":"template_only","dateOption":"today","timeOption":"now","customDays":"","customHours":"","customDate":"","customTime":"","schedulingType":"absolute"},"_wpsp_active_default_template":true},"categories":[52,27],"tags":[],"class_list":["post-72737","post","type-post","status-publish","format-standard","has-post-thumbnail","hentry","category-a-la-une","category-actualite"],"aioseo_notices":[],"yoast_head":"<!-- This site is optimized with the Yoast SEO plugin v27.4 - https:\/\/yoast.com\/product\/yoast-seo-wordpress\/ -->\n<title>Usage des p\u00e9tards durant le Mawlid\u00a0: La mise en garde du minist\u00e8re de la Sant\u00e9 - La Sentinelle<\/title>\n<meta name=\"robots\" content=\"index, follow, max-snippet:-1, max-image-preview:large, max-video-preview:-1\" \/>\n<link rel=\"canonical\" href=\"https:\/\/lasentinelle.dz\/index.php\/2025\/09\/02\/usage-des-petards-durant-le-mawlid-la-mise-en-garde-du-ministere-de-la-sante\/\" \/>\n<meta property=\"og:locale\" content=\"fr_FR\" \/>\n<meta property=\"og:type\" content=\"article\" \/>\n<meta property=\"og:title\" content=\"Usage des p\u00e9tards durant le Mawlid\u00a0: La mise en garde du minist\u00e8re de la Sant\u00e9 - La Sentinelle\" \/>\n<meta property=\"og:description\" content=\"\u00c0 l&rsquo;approche des c\u00e9l\u00e9brations du Mawlid Ennabaoui Echarif, le minist\u00e8re de la Sant\u00e9 a mis en garde contre l\u2019usage des\" \/>\n<meta property=\"og:url\" content=\"https:\/\/lasentinelle.dz\/index.php\/2025\/09\/02\/usage-des-petards-durant-le-mawlid-la-mise-en-garde-du-ministere-de-la-sante\/\" \/>\n<meta property=\"og:site_name\" content=\"La Sentinelle\" \/>\n<meta property=\"article:publisher\" content=\"https:\/\/www.facebook.com\/La-Sentinelle-104059864394773\" \/>\n<meta property=\"article:published_time\" content=\"2025-09-02T11:35:06+00:00\" \/>\n<meta property=\"article:modified_time\" content=\"2025-09-02T11:35:07+00:00\" \/>\n<meta property=\"og:image\" content=\"https:\/\/lasentinelle.dz\/wp-content\/uploads\/2022\/07\/Ministere-de-la-Sante.png\" \/>\n\t<meta property=\"og:image:width\" content=\"1599\" \/>\n\t<meta property=\"og:image:height\" content=\"900\" \/>\n\t<meta property=\"og:image:type\" content=\"image\/png\" \/>\n<meta name=\"author\" content=\"admin\" \/>\n<meta name=\"twitter:card\" content=\"summary_large_image\" \/>\n<meta name=\"twitter:label1\" content=\"\u00c9crit par\" \/>\n\t<meta name=\"twitter:data1\" content=\"admin\" \/>\n\t<meta name=\"twitter:label2\" content=\"Dur\u00e9e de lecture estim\u00e9e\" \/>\n\t<meta name=\"twitter:data2\" content=\"3 minutes\" \/>\n<script type=\"application\/ld+json\" class=\"yoast-schema-graph\">{\"@context\":\"https:\\\/\\\/schema.org\",\"@graph\":[{\"@type\":\"Article\",\"@id\":\"https:\\\/\\\/lasentinelle.dz\\\/index.php\\\/2025\\\/09\\\/02\\\/usage-des-petards-durant-le-mawlid-la-mise-en-garde-du-ministere-de-la-sante\\\/#article\",\"isPartOf\":{\"@id\":\"https:\\\/\\\/lasentinelle.dz\\\/index.php\\\/2025\\\/09\\\/02\\\/usage-des-petards-durant-le-mawlid-la-mise-en-garde-du-ministere-de-la-sante\\\/\"},\"author\":{\"name\":\"admin\",\"@id\":\"https:\\\/\\\/lasentinelle.dz\\\/#\\\/schema\\\/person\\\/729ee0024f24e0b8c5ec17232f8e8b41\"},\"headline\":\"Usage des p\u00e9tards durant le Mawlid\u00a0: La mise en garde du minist\u00e8re de la Sant\u00e9\",\"datePublished\":\"2025-09-02T11:35:06+00:00\",\"dateModified\":\"2025-09-02T11:35:07+00:00\",\"mainEntityOfPage\":{\"@id\":\"https:\\\/\\\/lasentinelle.dz\\\/index.php\\\/2025\\\/09\\\/02\\\/usage-des-petards-durant-le-mawlid-la-mise-en-garde-du-ministere-de-la-sante\\\/\"},\"wordCount\":525,\"commentCount\":0,\"publisher\":{\"@id\":\"https:\\\/\\\/lasentinelle.dz\\\/#organization\"},\"image\":{\"@id\":\"https:\\\/\\\/lasentinelle.dz\\\/index.php\\\/2025\\\/09\\\/02\\\/usage-des-petards-durant-le-mawlid-la-mise-en-garde-du-ministere-de-la-sante\\\/#primaryimage\"},\"thumbnailUrl\":\"https:\\\/\\\/lasentinelle.dz\\\/wp-content\\\/uploads\\\/2022\\\/07\\\/Ministere-de-la-Sante.png\",\"articleSection\":[\"\u00c0 la Une\",\"Actualit\u00e9\"],\"inLanguage\":\"fr-FR\",\"potentialAction\":[{\"@type\":\"CommentAction\",\"name\":\"Comment\",\"target\":[\"https:\\\/\\\/lasentinelle.dz\\\/index.php\\\/2025\\\/09\\\/02\\\/usage-des-petards-durant-le-mawlid-la-mise-en-garde-du-ministere-de-la-sante\\\/#respond\"]}]},{\"@type\":\"WebPage\",\"@id\":\"https:\\\/\\\/lasentinelle.dz\\\/index.php\\\/2025\\\/09\\\/02\\\/usage-des-petards-durant-le-mawlid-la-mise-en-garde-du-ministere-de-la-sante\\\/\",\"url\":\"https:\\\/\\\/lasentinelle.dz\\\/index.php\\\/2025\\\/09\\\/02\\\/usage-des-petards-durant-le-mawlid-la-mise-en-garde-du-ministere-de-la-sante\\\/\",\"name\":\"Usage des p\u00e9tards durant le Mawlid\u00a0: La mise en garde du minist\u00e8re de la Sant\u00e9 - La Sentinelle\",\"isPartOf\":{\"@id\":\"https:\\\/\\\/lasentinelle.dz\\\/#website\"},\"primaryImageOfPage\":{\"@id\":\"https:\\\/\\\/lasentinelle.dz\\\/index.php\\\/2025\\\/09\\\/02\\\/usage-des-petards-durant-le-mawlid-la-mise-en-garde-du-ministere-de-la-sante\\\/#primaryimage\"},\"image\":{\"@id\":\"https:\\\/\\\/lasentinelle.dz\\\/index.php\\\/2025\\\/09\\\/02\\\/usage-des-petards-durant-le-mawlid-la-mise-en-garde-du-ministere-de-la-sante\\\/#primaryimage\"},\"thumbnailUrl\":\"https:\\\/\\\/lasentinelle.dz\\\/wp-content\\\/uploads\\\/2022\\\/07\\\/Ministere-de-la-Sante.png\",\"datePublished\":\"2025-09-02T11:35:06+00:00\",\"dateModified\":\"2025-09-02T11:35:07+00:00\",\"breadcrumb\":{\"@id\":\"https:\\\/\\\/lasentinelle.dz\\\/index.php\\\/2025\\\/09\\\/02\\\/usage-des-petards-durant-le-mawlid-la-mise-en-garde-du-ministere-de-la-sante\\\/#breadcrumb\"},\"inLanguage\":\"fr-FR\",\"potentialAction\":[{\"@type\":\"ReadAction\",\"target\":[\"https:\\\/\\\/lasentinelle.dz\\\/index.php\\\/2025\\\/09\\\/02\\\/usage-des-petards-durant-le-mawlid-la-mise-en-garde-du-ministere-de-la-sante\\\/\"]}]},{\"@type\":\"ImageObject\",\"inLanguage\":\"fr-FR\",\"@id\":\"https:\\\/\\\/lasentinelle.dz\\\/index.php\\\/2025\\\/09\\\/02\\\/usage-des-petards-durant-le-mawlid-la-mise-en-garde-du-ministere-de-la-sante\\\/#primaryimage\",\"url\":\"https:\\\/\\\/lasentinelle.dz\\\/wp-content\\\/uploads\\\/2022\\\/07\\\/Ministere-de-la-Sante.png\",\"contentUrl\":\"https:\\\/\\\/lasentinelle.dz\\\/wp-content\\\/uploads\\\/2022\\\/07\\\/Ministere-de-la-Sante.png\",\"width\":1599,\"height\":900},{\"@type\":\"BreadcrumbList\",\"@id\":\"https:\\\/\\\/lasentinelle.dz\\\/index.php\\\/2025\\\/09\\\/02\\\/usage-des-petards-durant-le-mawlid-la-mise-en-garde-du-ministere-de-la-sante\\\/#breadcrumb\",\"itemListElement\":[{\"@type\":\"ListItem\",\"position\":1,\"name\":\"Accueil\",\"item\":\"https:\\\/\\\/lasentinelle.dz\\\/\"},{\"@type\":\"ListItem\",\"position\":2,\"name\":\"Usage des p\u00e9tards durant le Mawlid\u00a0: La mise en garde du minist\u00e8re de la Sant\u00e9\"}]},{\"@type\":\"WebSite\",\"@id\":\"https:\\\/\\\/lasentinelle.dz\\\/#website\",\"url\":\"https:\\\/\\\/lasentinelle.dz\\\/\",\"name\":\"La Sentinelle\",\"description\":\"Quotidien national d&#039;information\",\"publisher\":{\"@id\":\"https:\\\/\\\/lasentinelle.dz\\\/#organization\"},\"potentialAction\":[{\"@type\":\"SearchAction\",\"target\":{\"@type\":\"EntryPoint\",\"urlTemplate\":\"https:\\\/\\\/lasentinelle.dz\\\/?s={search_term_string}\"},\"query-input\":{\"@type\":\"PropertyValueSpecification\",\"valueRequired\":true,\"valueName\":\"search_term_string\"}}],\"inLanguage\":\"fr-FR\"},{\"@type\":\"Organization\",\"@id\":\"https:\\\/\\\/lasentinelle.dz\\\/#organization\",\"name\":\"Quotidien La Sentinelle\",\"url\":\"https:\\\/\\\/lasentinelle.dz\\\/\",\"logo\":{\"@type\":\"ImageObject\",\"inLanguage\":\"fr-FR\",\"@id\":\"https:\\\/\\\/lasentinelle.dz\\\/#\\\/schema\\\/logo\\\/image\\\/\",\"url\":\"https:\\\/\\\/lasentinelle.dz\\\/wp-content\\\/uploads\\\/2021\\\/09\\\/logo-sentinelleSLOGAN-1.png\",\"contentUrl\":\"https:\\\/\\\/lasentinelle.dz\\\/wp-content\\\/uploads\\\/2021\\\/09\\\/logo-sentinelleSLOGAN-1.png\",\"width\":615,\"height\":142,\"caption\":\"Quotidien La Sentinelle\"},\"image\":{\"@id\":\"https:\\\/\\\/lasentinelle.dz\\\/#\\\/schema\\\/logo\\\/image\\\/\"},\"sameAs\":[\"https:\\\/\\\/www.facebook.com\\\/La-Sentinelle-104059864394773\"]},{\"@type\":\"Person\",\"@id\":\"https:\\\/\\\/lasentinelle.dz\\\/#\\\/schema\\\/person\\\/729ee0024f24e0b8c5ec17232f8e8b41\",\"name\":\"admin\",\"image\":{\"@type\":\"ImageObject\",\"inLanguage\":\"fr-FR\",\"@id\":\"https:\\\/\\\/secure.gravatar.com\\\/avatar\\\/4c81fed838786e9b53f540bf46533e750f5d292099ae3b66cfc6fb1982e29df7?s=96&d=mm&r=g\",\"url\":\"https:\\\/\\\/secure.gravatar.com\\\/avatar\\\/4c81fed838786e9b53f540bf46533e750f5d292099ae3b66cfc6fb1982e29df7?s=96&d=mm&r=g\",\"contentUrl\":\"https:\\\/\\\/secure.gravatar.com\\\/avatar\\\/4c81fed838786e9b53f540bf46533e750f5d292099ae3b66cfc6fb1982e29df7?s=96&d=mm&r=g\",\"caption\":\"admin\"},\"description\":\"admin\",\"url\":\"https:\\\/\\\/lasentinelle.dz\\\/author\\\/admin\\\/\"}]}<\/script>\n<!-- \/ Yoast SEO plugin. -->","yoast_head_json":{"title":"Usage des p\u00e9tards durant le Mawlid\u00a0: La mise en garde du minist\u00e8re de la Sant\u00e9 - La Sentinelle","robots":{"index":"index","follow":"follow","max-snippet":"max-snippet:-1","max-image-preview":"max-image-preview:large","max-video-preview":"max-video-preview:-1"},"canonical":"https:\/\/lasentinelle.dz\/index.php\/2025\/09\/02\/usage-des-petards-durant-le-mawlid-la-mise-en-garde-du-ministere-de-la-sante\/","og_locale":"fr_FR","og_type":"article","og_title":"Usage des p\u00e9tards durant le Mawlid\u00a0: La mise en garde du minist\u00e8re de la Sant\u00e9 - La Sentinelle","og_description":"\u00c0 l&rsquo;approche des c\u00e9l\u00e9brations du Mawlid Ennabaoui Echarif, le minist\u00e8re de la Sant\u00e9 a mis en garde contre l\u2019usage des","og_url":"https:\/\/lasentinelle.dz\/index.php\/2025\/09\/02\/usage-des-petards-durant-le-mawlid-la-mise-en-garde-du-ministere-de-la-sante\/","og_site_name":"La Sentinelle","article_publisher":"https:\/\/www.facebook.com\/La-Sentinelle-104059864394773","article_published_time":"2025-09-02T11:35:06+00:00","article_modified_time":"2025-09-02T11:35:07+00:00","og_image":[{"width":1599,"height":900,"url":"https:\/\/lasentinelle.dz\/wp-content\/uploads\/2022\/07\/Ministere-de-la-Sante.png","type":"image\/png"}],"author":"admin","twitter_card":"summary_large_image","twitter_misc":{"\u00c9crit par":"admin","Dur\u00e9e de lecture estim\u00e9e":"3 minutes"},"schema":{"@context":"https:\/\/schema.org","@graph":[{"@type":"Article","@id":"https:\/\/lasentinelle.dz\/index.php\/2025\/09\/02\/usage-des-petards-durant-le-mawlid-la-mise-en-garde-du-ministere-de-la-sante\/#article","isPartOf":{"@id":"https:\/\/lasentinelle.dz\/index.php\/2025\/09\/02\/usage-des-petards-durant-le-mawlid-la-mise-en-garde-du-ministere-de-la-sante\/"},"author":{"name":"admin","@id":"https:\/\/lasentinelle.dz\/#\/schema\/person\/729ee0024f24e0b8c5ec17232f8e8b41"},"headline":"Usage des p\u00e9tards durant le Mawlid\u00a0: La mise en garde du minist\u00e8re de la Sant\u00e9","datePublished":"2025-09-02T11:35:06+00:00","dateModified":"2025-09-02T11:35:07+00:00","mainEntityOfPage":{"@id":"https:\/\/lasentinelle.dz\/index.php\/2025\/09\/02\/usage-des-petards-durant-le-mawlid-la-mise-en-garde-du-ministere-de-la-sante\/"},"wordCount":525,"commentCount":0,"publisher":{"@id":"https:\/\/lasentinelle.dz\/#organization"},"image":{"@id":"https:\/\/lasentinelle.dz\/index.php\/2025\/09\/02\/usage-des-petards-durant-le-mawlid-la-mise-en-garde-du-ministere-de-la-sante\/#primaryimage"},"thumbnailUrl":"https:\/\/lasentinelle.dz\/wp-content\/uploads\/2022\/07\/Ministere-de-la-Sante.png","articleSection":["\u00c0 la Une","Actualit\u00e9"],"inLanguage":"fr-FR","potentialAction":[{"@type":"CommentAction","name":"Comment","target":["https:\/\/lasentinelle.dz\/index.php\/2025\/09\/02\/usage-des-petards-durant-le-mawlid-la-mise-en-garde-du-ministere-de-la-sante\/#respond"]}]},{"@type":"WebPage","@id":"https:\/\/lasentinelle.dz\/index.php\/2025\/09\/02\/usage-des-petards-durant-le-mawlid-la-mise-en-garde-du-ministere-de-la-sante\/","url":"https:\/\/lasentinelle.dz\/index.php\/2025\/09\/02\/usage-des-petards-durant-le-mawlid-la-mise-en-garde-du-ministere-de-la-sante\/","name":"Usage des p\u00e9tards durant le Mawlid\u00a0: La mise en garde du minist\u00e8re de la Sant\u00e9 - La Sentinelle","isPartOf":{"@id":"https:\/\/lasentinelle.dz\/#website"},"primaryImageOfPage":{"@id":"https:\/\/lasentinelle.dz\/index.php\/2025\/09\/02\/usage-des-petards-durant-le-mawlid-la-mise-en-garde-du-ministere-de-la-sante\/#primaryimage"},"image":{"@id":"https:\/\/lasentinelle.dz\/index.php\/2025\/09\/02\/usage-des-petards-durant-le-mawlid-la-mise-en-garde-du-ministere-de-la-sante\/#primaryimage"},"thumbnailUrl":"https:\/\/lasentinelle.dz\/wp-content\/uploads\/2022\/07\/Ministere-de-la-Sante.png","datePublished":"2025-09-02T11:35:06+00:00","dateModified":"2025-09-02T11:35:07+00:00","breadcrumb":{"@id":"https:\/\/lasentinelle.dz\/index.php\/2025\/09\/02\/usage-des-petards-durant-le-mawlid-la-mise-en-garde-du-ministere-de-la-sante\/#breadcrumb"},"inLanguage":"fr-FR","potentialAction":[{"@type":"ReadAction","target":["https:\/\/lasentinelle.dz\/index.php\/2025\/09\/02\/usage-des-petards-durant-le-mawlid-la-mise-en-garde-du-ministere-de-la-sante\/"]}]},{"@type":"ImageObject","inLanguage":"fr-FR","@id":"https:\/\/lasentinelle.dz\/index.php\/2025\/09\/02\/usage-des-petards-durant-le-mawlid-la-mise-en-garde-du-ministere-de-la-sante\/#primaryimage","url":"https:\/\/lasentinelle.dz\/wp-content\/uploads\/2022\/07\/Ministere-de-la-Sante.png","contentUrl":"https:\/\/lasentinelle.dz\/wp-content\/uploads\/2022\/07\/Ministere-de-la-Sante.png","width":1599,"height":900},{"@type":"BreadcrumbList","@id":"https:\/\/lasentinelle.dz\/index.php\/2025\/09\/02\/usage-des-petards-durant-le-mawlid-la-mise-en-garde-du-ministere-de-la-sante\/#breadcrumb","itemListElement":[{"@type":"ListItem","position":1,"name":"Accueil","item":"https:\/\/lasentinelle.dz\/"},{"@type":"ListItem","position":2,"name":"Usage des p\u00e9tards durant le Mawlid\u00a0: La mise en garde du minist\u00e8re de la Sant\u00e9"}]},{"@type":"WebSite","@id":"https:\/\/lasentinelle.dz\/#website","url":"https:\/\/lasentinelle.dz\/","name":"La Sentinelle","description":"Quotidien national d&#039;information","publisher":{"@id":"https:\/\/lasentinelle.dz\/#organization"},"potentialAction":[{"@type":"SearchAction","target":{"@type":"EntryPoint","urlTemplate":"https:\/\/lasentinelle.dz\/?s={search_term_string}"},"query-input":{"@type":"PropertyValueSpecification","valueRequired":true,"valueName":"search_term_string"}}],"inLanguage":"fr-FR"},{"@type":"Organization","@id":"https:\/\/lasentinelle.dz\/#organization","name":"Quotidien La Sentinelle","url":"https:\/\/lasentinelle.dz\/","logo":{"@type":"ImageObject","inLanguage":"fr-FR","@id":"https:\/\/lasentinelle.dz\/#\/schema\/logo\/image\/","url":"https:\/\/lasentinelle.dz\/wp-content\/uploads\/2021\/09\/logo-sentinelleSLOGAN-1.png","contentUrl":"https:\/\/lasentinelle.dz\/wp-content\/uploads\/2021\/09\/logo-sentinelleSLOGAN-1.png","width":615,"height":142,"caption":"Quotidien La Sentinelle"},"image":{"@id":"https:\/\/lasentinelle.dz\/#\/schema\/logo\/image\/"},"sameAs":["https:\/\/www.facebook.com\/La-Sentinelle-104059864394773"]},{"@type":"Person","@id":"https:\/\/lasentinelle.dz\/#\/schema\/person\/729ee0024f24e0b8c5ec17232f8e8b41","name":"admin","image":{"@type":"ImageObject","inLanguage":"fr-FR","@id":"https:\/\/secure.gravatar.com\/avatar\/4c81fed838786e9b53f540bf46533e750f5d292099ae3b66cfc6fb1982e29df7?s=96&d=mm&r=g","url":"https:\/\/secure.gravatar.com\/avatar\/4c81fed838786e9b53f540bf46533e750f5d292099ae3b66cfc6fb1982e29df7?s=96&d=mm&r=g","contentUrl":"https:\/\/secure.gravatar.com\/avatar\/4c81fed838786e9b53f540bf46533e750f5d292099ae3b66cfc6fb1982e29df7?s=96&d=mm&r=g","caption":"admin"},"description":"admin","url":"https:\/\/lasentinelle.dz\/author\/admin\/"}]}},"_links":{"self":[{"href":"https:\/\/lasentinelle.dz\/index.php\/wp-json\/wp\/v2\/posts\/72737","targetHints":{"allow":["GET"]}}],"collection":[{"href":"https:\/\/lasentinelle.dz\/index.php\/wp-json\/wp\/v2\/posts"}],"about":[{"href":"https:\/\/lasentinelle.dz\/index.php\/wp-json\/wp\/v2\/types\/post"}],"author":[{"embeddable":true,"href":"https:\/\/lasentinelle.dz\/index.php\/wp-json\/wp\/v2\/users\/6"}],"replies":[{"embeddable":true,"href":"https:\/\/lasentinelle.dz\/index.php\/wp-json\/wp\/v2\/comments?post=72737"}],"version-history":[{"count":1,"href":"https:\/\/lasentinelle.dz\/index.php\/wp-json\/wp\/v2\/posts\/72737\/revisions"}],"predecessor-version":[{"id":72738,"href":"https:\/\/lasentinelle.dz\/index.php\/wp-json\/wp\/v2\/posts\/72737\/revisions\/72738"}],"wp:featuredmedia":[{"embeddable":true,"href":"https:\/\/lasentinelle.dz\/index.php\/wp-json\/wp\/v2\/media\/24482"}],"wp:attachment":[{"href":"https:\/\/lasentinelle.dz\/index.php\/wp-json\/wp\/v2\/media?parent=72737"}],"wp:term":[{"taxonomy":"category","embeddable":true,"href":"https:\/\/lasentinelle.dz\/index.php\/wp-json\/wp\/v2\/categories?post=72737"},{"taxonomy":"post_tag","embeddable":true,"href":"https:\/\/lasentinelle.dz\/index.php\/wp-json\/wp\/v2\/tags?post=72737"}],"curies":[{"name":"wp","href":"https:\/\/api.w.org\/{rel}","templated":true}]}}