{"id":72739,"date":"2025-09-02T12:40:09","date_gmt":"2025-09-02T11:40:09","guid":{"rendered":"https:\/\/lasentinelle.dz\/?p=72739"},"modified":"2025-09-02T12:40:10","modified_gmt":"2025-09-02T11:40:10","slug":"afghanistan-au-moins-800-morts-dans-un-seisme-devastateur","status":"publish","type":"post","link":"https:\/\/lasentinelle.dz\/index.php\/2025\/09\/02\/afghanistan-au-moins-800-morts-dans-un-seisme-devastateur\/","title":{"rendered":"Afghanistan\u00a0: Au moins 800 morts dans un s\u00e9isme d\u00e9vastateur"},"content":{"rendered":"\n<p>Un tremblement de terre de magnitude 6,2 a frapp\u00e9 l&rsquo;est de l&rsquo;Afghanistan dans la nuit de dimanche \u00e0 lundi, faisant au moins 812 morts et 2.817 bless\u00e9s selon le dernier bilan officiel communiqu\u00e9 par les autorit\u00e9s talibanes. &nbsp;L&rsquo;\u00e9picentre du s\u00e9isme, localis\u00e9 \u00e0 27 kilom\u00e8tres de Jalalabad avec un hypocentre de seulement huit kilom\u00e8tres de profondeur, a provoqu\u00e9 des d\u00e9g\u00e2ts consid\u00e9rables dans les provinces montagneuses de Nangarhar, Kounar et Laghman, \u00e0 la fronti\u00e8re pakistanaise. Le s\u00e9isme principal, survenu vers minuit, a \u00e9t\u00e9 suivi d&rsquo;au moins cinq r\u00e9pliques dont une de magnitude 5,2, ressenties jusqu&rsquo;\u00e0 Kaboul et Islamabad. Les districts de Nourgal et Wadir figurent parmi les zones les plus touch\u00e9es, o\u00f9 des villages entiers ont \u00e9t\u00e9 ray\u00e9s de la carte. Dans ces r\u00e9gions recul\u00e9es, les maisons de terre battue se sont effondr\u00e9es instantan\u00e9ment, ensevelissant des familles enti\u00e8res sous les d\u00e9combres. Selon Zafar Khan Gojar, t\u00e9moin \u00e9vacu\u00e9 par h\u00e9licopt\u00e8re, \u00ab\u00a0les pi\u00e8ces et les murs se sont effondr\u00e9s sur les femmes et les enfants, certains ont \u00e9t\u00e9 tu\u00e9s sur le coup\u00a0\u00bb. Les op\u00e9rations de secours s&rsquo;intensifient malgr\u00e9 les difficult\u00e9s d&rsquo;acc\u00e8s caus\u00e9es par les glissements de terrain qui ont coup\u00e9 plusieurs routes. Depuis l&rsquo;aube, des dizaines d&rsquo;h\u00e9licopt\u00e8res militaires effectuent des rotations entre Jalalabad et les zones sinistr\u00e9es pour \u00e9vacuer les bless\u00e9s et acheminer l&rsquo;aide d&rsquo;urgence. Le gouvernement taliban mobilise ses forces de s\u00e9curit\u00e9 et coordonne les efforts de sauvetage avec les \u00e9quipes venues des provinces voisines. La trag\u00e9die frappe particuli\u00e8rement les familles de r\u00e9fugi\u00e9s afghans r\u00e9cemment expuls\u00e9es du Pakistan et d&rsquo;Iran, qui venaient de s&rsquo;installer dans cette r\u00e9gion agricole frontali\u00e8re. Selon un responsable local, environ 2.000 familles de rapatri\u00e9s comptaient reconstruire leur foyer dans le district de Nourgal, d\u00e9sormais totalement d\u00e9truit. L&rsquo;Afghanistan, situ\u00e9 sur la cha\u00eene montagneuse de l&rsquo;Hindou Kouch pr\u00e8s de la jonction des plaques tectoniques eurasienne et indienne, subit r\u00e9guli\u00e8rement des s\u00e9ismes majeurs. Cette zone concentre 15% de l&rsquo;\u00e9nergie sismique mondiale et le nord-est du pays a enregistr\u00e9 douze tremblements de terre de magnitude sup\u00e9rieure \u00e0 7 depuis 1900. Ce nouveau drame rappelle le s\u00e9isme d&rsquo;octobre 2023 \u00e0 H\u00e9rat qui avait fait plus de 1.500 morts, constituant alors la catastrophe sismique la plus meurtri\u00e8re du pays en 25 ans. La communaut\u00e9 internationale exprime sa solidarit\u00e9. La mission de l&rsquo;ONU en Afghanistan se dit \u00ab\u00a0profond\u00e9ment attrist\u00e9e\u00a0\u00bb et d\u00e9ploie ses \u00e9quipes sur le terrain pour apporter une aide d&rsquo;urgence, tandis que le Secr\u00e9taire g\u00e9n\u00e9ral Antonio Guterres assure de sa \u00ab\u00a0solidarit\u00e9 totale avec le peuple afghan\u00a0\u00bb. Les autorit\u00e9s afghanes pr\u00e9viennent que le bilan pourrait s&rsquo;alourdir, de nombreuses personnes restant prisonni\u00e8res sous les d\u00e9combres dans des zones difficiles d&rsquo;acc\u00e8s. Cette catastrophe frappe un pays d\u00e9j\u00e0 confront\u00e9 \u00e0 une crise humanitaire majeure, aggrav\u00e9e par les sanctions internationales et la r\u00e9duction drastique de l&rsquo;aide depuis le retour des talibans au pouvoir en 2021.<\/p>\n\n\n\n<p>R.I.<\/p>\n","protected":false},"excerpt":{"rendered":"<p>Un tremblement de terre de magnitude 6,2 a frapp\u00e9 l&rsquo;est de l&rsquo;Afghanistan dans la nuit de dimanche \u00e0 lundi, faisant<\/p>\n","protected":false},"author":6,"featured_media":72740,"comment_status":"open","ping_status":"closed","sticky":false,"template":"","format":"standard","meta":{"colormag_page_container_layout":"default_layout","colormag_page_sidebar_layout":"default_layout","om_disable_all_campaigns":false,"_monsterinsights_skip_tracking":false,"_monsterinsights_sitenote_active":false,"_monsterinsights_sitenote_note":"","_monsterinsights_sitenote_category":0,"footnotes":"","_wpscppro_dont_share_socialmedia":false,"_wpscppro_custom_social_share_image":0,"_facebook_share_type":"default","_twitter_share_type":"default","_linkedin_share_type":"default","_pinterest_share_type":"default","_linkedin_share_type_page":"","_instagram_share_type":"default","_medium_share_type":"default","_threads_share_type":"default","_google_business_share_type":"default","_selected_social_profile":[],"_wpsp_enable_custom_social_template":false,"_wpsp_social_scheduling":{"enabled":false,"datetime":null,"platforms":[],"status":"template_only","dateOption":"today","timeOption":"now","customDays":"","customHours":"","customDate":"","customTime":"","schedulingType":"absolute"},"_wpsp_active_default_template":true},"categories":[37],"tags":[],"class_list":["post-72739","post","type-post","status-publish","format-standard","has-post-thumbnail","hentry","category-monde"],"aioseo_notices":[],"yoast_head":"<!-- This site is optimized with the Yoast SEO plugin v27.4 - https:\/\/yoast.com\/product\/yoast-seo-wordpress\/ -->\n<title>Afghanistan\u00a0: Au moins 800 morts dans un s\u00e9isme d\u00e9vastateur - La Sentinelle<\/title>\n<meta name=\"robots\" content=\"index, follow, max-snippet:-1, max-image-preview:large, max-video-preview:-1\" \/>\n<link rel=\"canonical\" href=\"https:\/\/lasentinelle.dz\/index.php\/2025\/09\/02\/afghanistan-au-moins-800-morts-dans-un-seisme-devastateur\/\" \/>\n<meta property=\"og:locale\" content=\"fr_FR\" \/>\n<meta property=\"og:type\" content=\"article\" \/>\n<meta property=\"og:title\" content=\"Afghanistan\u00a0: Au moins 800 morts dans un s\u00e9isme d\u00e9vastateur - La Sentinelle\" \/>\n<meta property=\"og:description\" content=\"Un tremblement de terre de magnitude 6,2 a frapp\u00e9 l&rsquo;est de l&rsquo;Afghanistan dans la nuit de dimanche \u00e0 lundi, faisant\" \/>\n<meta property=\"og:url\" content=\"https:\/\/lasentinelle.dz\/index.php\/2025\/09\/02\/afghanistan-au-moins-800-morts-dans-un-seisme-devastateur\/\" \/>\n<meta property=\"og:site_name\" content=\"La Sentinelle\" \/>\n<meta property=\"article:publisher\" content=\"https:\/\/www.facebook.com\/La-Sentinelle-104059864394773\" \/>\n<meta property=\"article:published_time\" content=\"2025-09-02T11:40:09+00:00\" \/>\n<meta property=\"article:modified_time\" content=\"2025-09-02T11:40:10+00:00\" \/>\n<meta property=\"og:image\" content=\"https:\/\/lasentinelle.dz\/wp-content\/uploads\/2025\/09\/afghanistan-un-puissant-tremblement-de-terre-fait-800-morts-68b5fa1c25bc4377952558.jpg\" \/>\n\t<meta property=\"og:image:width\" content=\"1200\" \/>\n\t<meta property=\"og:image:height\" content=\"900\" \/>\n\t<meta property=\"og:image:type\" content=\"image\/jpeg\" \/>\n<meta name=\"author\" content=\"admin\" \/>\n<meta name=\"twitter:card\" content=\"summary_large_image\" \/>\n<meta name=\"twitter:label1\" content=\"\u00c9crit par\" \/>\n\t<meta name=\"twitter:data1\" content=\"admin\" \/>\n\t<meta name=\"twitter:label2\" content=\"Dur\u00e9e de lecture estim\u00e9e\" \/>\n\t<meta name=\"twitter:data2\" content=\"3 minutes\" \/>\n<script type=\"application\/ld+json\" class=\"yoast-schema-graph\">{\"@context\":\"https:\\\/\\\/schema.org\",\"@graph\":[{\"@type\":\"Article\",\"@id\":\"https:\\\/\\\/lasentinelle.dz\\\/index.php\\\/2025\\\/09\\\/02\\\/afghanistan-au-moins-800-morts-dans-un-seisme-devastateur\\\/#article\",\"isPartOf\":{\"@id\":\"https:\\\/\\\/lasentinelle.dz\\\/index.php\\\/2025\\\/09\\\/02\\\/afghanistan-au-moins-800-morts-dans-un-seisme-devastateur\\\/\"},\"author\":{\"name\":\"admin\",\"@id\":\"https:\\\/\\\/lasentinelle.dz\\\/#\\\/schema\\\/person\\\/729ee0024f24e0b8c5ec17232f8e8b41\"},\"headline\":\"Afghanistan\u00a0: Au moins 800 morts dans un s\u00e9isme d\u00e9vastateur\",\"datePublished\":\"2025-09-02T11:40:09+00:00\",\"dateModified\":\"2025-09-02T11:40:10+00:00\",\"mainEntityOfPage\":{\"@id\":\"https:\\\/\\\/lasentinelle.dz\\\/index.php\\\/2025\\\/09\\\/02\\\/afghanistan-au-moins-800-morts-dans-un-seisme-devastateur\\\/\"},\"wordCount\":538,\"commentCount\":0,\"publisher\":{\"@id\":\"https:\\\/\\\/lasentinelle.dz\\\/#organization\"},\"image\":{\"@id\":\"https:\\\/\\\/lasentinelle.dz\\\/index.php\\\/2025\\\/09\\\/02\\\/afghanistan-au-moins-800-morts-dans-un-seisme-devastateur\\\/#primaryimage\"},\"thumbnailUrl\":\"https:\\\/\\\/lasentinelle.dz\\\/wp-content\\\/uploads\\\/2025\\\/09\\\/afghanistan-un-puissant-tremblement-de-terre-fait-800-morts-68b5fa1c25bc4377952558.jpg\",\"articleSection\":[\"Monde\"],\"inLanguage\":\"fr-FR\",\"potentialAction\":[{\"@type\":\"CommentAction\",\"name\":\"Comment\",\"target\":[\"https:\\\/\\\/lasentinelle.dz\\\/index.php\\\/2025\\\/09\\\/02\\\/afghanistan-au-moins-800-morts-dans-un-seisme-devastateur\\\/#respond\"]}]},{\"@type\":\"WebPage\",\"@id\":\"https:\\\/\\\/lasentinelle.dz\\\/index.php\\\/2025\\\/09\\\/02\\\/afghanistan-au-moins-800-morts-dans-un-seisme-devastateur\\\/\",\"url\":\"https:\\\/\\\/lasentinelle.dz\\\/index.php\\\/2025\\\/09\\\/02\\\/afghanistan-au-moins-800-morts-dans-un-seisme-devastateur\\\/\",\"name\":\"Afghanistan\u00a0: Au moins 800 morts dans un s\u00e9isme d\u00e9vastateur - La Sentinelle\",\"isPartOf\":{\"@id\":\"https:\\\/\\\/lasentinelle.dz\\\/#website\"},\"primaryImageOfPage\":{\"@id\":\"https:\\\/\\\/lasentinelle.dz\\\/index.php\\\/2025\\\/09\\\/02\\\/afghanistan-au-moins-800-morts-dans-un-seisme-devastateur\\\/#primaryimage\"},\"image\":{\"@id\":\"https:\\\/\\\/lasentinelle.dz\\\/index.php\\\/2025\\\/09\\\/02\\\/afghanistan-au-moins-800-morts-dans-un-seisme-devastateur\\\/#primaryimage\"},\"thumbnailUrl\":\"https:\\\/\\\/lasentinelle.dz\\\/wp-content\\\/uploads\\\/2025\\\/09\\\/afghanistan-un-puissant-tremblement-de-terre-fait-800-morts-68b5fa1c25bc4377952558.jpg\",\"datePublished\":\"2025-09-02T11:40:09+00:00\",\"dateModified\":\"2025-09-02T11:40:10+00:00\",\"breadcrumb\":{\"@id\":\"https:\\\/\\\/lasentinelle.dz\\\/index.php\\\/2025\\\/09\\\/02\\\/afghanistan-au-moins-800-morts-dans-un-seisme-devastateur\\\/#breadcrumb\"},\"inLanguage\":\"fr-FR\",\"potentialAction\":[{\"@type\":\"ReadAction\",\"target\":[\"https:\\\/\\\/lasentinelle.dz\\\/index.php\\\/2025\\\/09\\\/02\\\/afghanistan-au-moins-800-morts-dans-un-seisme-devastateur\\\/\"]}]},{\"@type\":\"ImageObject\",\"inLanguage\":\"fr-FR\",\"@id\":\"https:\\\/\\\/lasentinelle.dz\\\/index.php\\\/2025\\\/09\\\/02\\\/afghanistan-au-moins-800-morts-dans-un-seisme-devastateur\\\/#primaryimage\",\"url\":\"https:\\\/\\\/lasentinelle.dz\\\/wp-content\\\/uploads\\\/2025\\\/09\\\/afghanistan-un-puissant-tremblement-de-terre-fait-800-morts-68b5fa1c25bc4377952558.jpg\",\"contentUrl\":\"https:\\\/\\\/lasentinelle.dz\\\/wp-content\\\/uploads\\\/2025\\\/09\\\/afghanistan-un-puissant-tremblement-de-terre-fait-800-morts-68b5fa1c25bc4377952558.jpg\",\"width\":1200,\"height\":900},{\"@type\":\"BreadcrumbList\",\"@id\":\"https:\\\/\\\/lasentinelle.dz\\\/index.php\\\/2025\\\/09\\\/02\\\/afghanistan-au-moins-800-morts-dans-un-seisme-devastateur\\\/#breadcrumb\",\"itemListElement\":[{\"@type\":\"ListItem\",\"position\":1,\"name\":\"Accueil\",\"item\":\"https:\\\/\\\/lasentinelle.dz\\\/\"},{\"@type\":\"ListItem\",\"position\":2,\"name\":\"Afghanistan\u00a0: Au moins 800 morts dans un s\u00e9isme d\u00e9vastateur\"}]},{\"@type\":\"WebSite\",\"@id\":\"https:\\\/\\\/lasentinelle.dz\\\/#website\",\"url\":\"https:\\\/\\\/lasentinelle.dz\\\/\",\"name\":\"La Sentinelle\",\"description\":\"Quotidien national d&#039;information\",\"publisher\":{\"@id\":\"https:\\\/\\\/lasentinelle.dz\\\/#organization\"},\"potentialAction\":[{\"@type\":\"SearchAction\",\"target\":{\"@type\":\"EntryPoint\",\"urlTemplate\":\"https:\\\/\\\/lasentinelle.dz\\\/?s={search_term_string}\"},\"query-input\":{\"@type\":\"PropertyValueSpecification\",\"valueRequired\":true,\"valueName\":\"search_term_string\"}}],\"inLanguage\":\"fr-FR\"},{\"@type\":\"Organization\",\"@id\":\"https:\\\/\\\/lasentinelle.dz\\\/#organization\",\"name\":\"Quotidien La Sentinelle\",\"url\":\"https:\\\/\\\/lasentinelle.dz\\\/\",\"logo\":{\"@type\":\"ImageObject\",\"inLanguage\":\"fr-FR\",\"@id\":\"https:\\\/\\\/lasentinelle.dz\\\/#\\\/schema\\\/logo\\\/image\\\/\",\"url\":\"https:\\\/\\\/lasentinelle.dz\\\/wp-content\\\/uploads\\\/2021\\\/09\\\/logo-sentinelleSLOGAN-1.png\",\"contentUrl\":\"https:\\\/\\\/lasentinelle.dz\\\/wp-content\\\/uploads\\\/2021\\\/09\\\/logo-sentinelleSLOGAN-1.png\",\"width\":615,\"height\":142,\"caption\":\"Quotidien La Sentinelle\"},\"image\":{\"@id\":\"https:\\\/\\\/lasentinelle.dz\\\/#\\\/schema\\\/logo\\\/image\\\/\"},\"sameAs\":[\"https:\\\/\\\/www.facebook.com\\\/La-Sentinelle-104059864394773\"]},{\"@type\":\"Person\",\"@id\":\"https:\\\/\\\/lasentinelle.dz\\\/#\\\/schema\\\/person\\\/729ee0024f24e0b8c5ec17232f8e8b41\",\"name\":\"admin\",\"image\":{\"@type\":\"ImageObject\",\"inLanguage\":\"fr-FR\",\"@id\":\"https:\\\/\\\/secure.gravatar.com\\\/avatar\\\/4c81fed838786e9b53f540bf46533e750f5d292099ae3b66cfc6fb1982e29df7?s=96&d=mm&r=g\",\"url\":\"https:\\\/\\\/secure.gravatar.com\\\/avatar\\\/4c81fed838786e9b53f540bf46533e750f5d292099ae3b66cfc6fb1982e29df7?s=96&d=mm&r=g\",\"contentUrl\":\"https:\\\/\\\/secure.gravatar.com\\\/avatar\\\/4c81fed838786e9b53f540bf46533e750f5d292099ae3b66cfc6fb1982e29df7?s=96&d=mm&r=g\",\"caption\":\"admin\"},\"description\":\"admin\",\"url\":\"https:\\\/\\\/lasentinelle.dz\\\/author\\\/admin\\\/\"}]}<\/script>\n<!-- \/ Yoast SEO plugin. -->","yoast_head_json":{"title":"Afghanistan\u00a0: Au moins 800 morts dans un s\u00e9isme d\u00e9vastateur - La Sentinelle","robots":{"index":"index","follow":"follow","max-snippet":"max-snippet:-1","max-image-preview":"max-image-preview:large","max-video-preview":"max-video-preview:-1"},"canonical":"https:\/\/lasentinelle.dz\/index.php\/2025\/09\/02\/afghanistan-au-moins-800-morts-dans-un-seisme-devastateur\/","og_locale":"fr_FR","og_type":"article","og_title":"Afghanistan\u00a0: Au moins 800 morts dans un s\u00e9isme d\u00e9vastateur - La Sentinelle","og_description":"Un tremblement de terre de magnitude 6,2 a frapp\u00e9 l&rsquo;est de l&rsquo;Afghanistan dans la nuit de dimanche \u00e0 lundi, faisant","og_url":"https:\/\/lasentinelle.dz\/index.php\/2025\/09\/02\/afghanistan-au-moins-800-morts-dans-un-seisme-devastateur\/","og_site_name":"La Sentinelle","article_publisher":"https:\/\/www.facebook.com\/La-Sentinelle-104059864394773","article_published_time":"2025-09-02T11:40:09+00:00","article_modified_time":"2025-09-02T11:40:10+00:00","og_image":[{"width":1200,"height":900,"url":"https:\/\/lasentinelle.dz\/wp-content\/uploads\/2025\/09\/afghanistan-un-puissant-tremblement-de-terre-fait-800-morts-68b5fa1c25bc4377952558.jpg","type":"image\/jpeg"}],"author":"admin","twitter_card":"summary_large_image","twitter_misc":{"\u00c9crit par":"admin","Dur\u00e9e de lecture estim\u00e9e":"3 minutes"},"schema":{"@context":"https:\/\/schema.org","@graph":[{"@type":"Article","@id":"https:\/\/lasentinelle.dz\/index.php\/2025\/09\/02\/afghanistan-au-moins-800-morts-dans-un-seisme-devastateur\/#article","isPartOf":{"@id":"https:\/\/lasentinelle.dz\/index.php\/2025\/09\/02\/afghanistan-au-moins-800-morts-dans-un-seisme-devastateur\/"},"author":{"name":"admin","@id":"https:\/\/lasentinelle.dz\/#\/schema\/person\/729ee0024f24e0b8c5ec17232f8e8b41"},"headline":"Afghanistan\u00a0: Au moins 800 morts dans un s\u00e9isme d\u00e9vastateur","datePublished":"2025-09-02T11:40:09+00:00","dateModified":"2025-09-02T11:40:10+00:00","mainEntityOfPage":{"@id":"https:\/\/lasentinelle.dz\/index.php\/2025\/09\/02\/afghanistan-au-moins-800-morts-dans-un-seisme-devastateur\/"},"wordCount":538,"commentCount":0,"publisher":{"@id":"https:\/\/lasentinelle.dz\/#organization"},"image":{"@id":"https:\/\/lasentinelle.dz\/index.php\/2025\/09\/02\/afghanistan-au-moins-800-morts-dans-un-seisme-devastateur\/#primaryimage"},"thumbnailUrl":"https:\/\/lasentinelle.dz\/wp-content\/uploads\/2025\/09\/afghanistan-un-puissant-tremblement-de-terre-fait-800-morts-68b5fa1c25bc4377952558.jpg","articleSection":["Monde"],"inLanguage":"fr-FR","potentialAction":[{"@type":"CommentAction","name":"Comment","target":["https:\/\/lasentinelle.dz\/index.php\/2025\/09\/02\/afghanistan-au-moins-800-morts-dans-un-seisme-devastateur\/#respond"]}]},{"@type":"WebPage","@id":"https:\/\/lasentinelle.dz\/index.php\/2025\/09\/02\/afghanistan-au-moins-800-morts-dans-un-seisme-devastateur\/","url":"https:\/\/lasentinelle.dz\/index.php\/2025\/09\/02\/afghanistan-au-moins-800-morts-dans-un-seisme-devastateur\/","name":"Afghanistan\u00a0: Au moins 800 morts dans un s\u00e9isme d\u00e9vastateur - La Sentinelle","isPartOf":{"@id":"https:\/\/lasentinelle.dz\/#website"},"primaryImageOfPage":{"@id":"https:\/\/lasentinelle.dz\/index.php\/2025\/09\/02\/afghanistan-au-moins-800-morts-dans-un-seisme-devastateur\/#primaryimage"},"image":{"@id":"https:\/\/lasentinelle.dz\/index.php\/2025\/09\/02\/afghanistan-au-moins-800-morts-dans-un-seisme-devastateur\/#primaryimage"},"thumbnailUrl":"https:\/\/lasentinelle.dz\/wp-content\/uploads\/2025\/09\/afghanistan-un-puissant-tremblement-de-terre-fait-800-morts-68b5fa1c25bc4377952558.jpg","datePublished":"2025-09-02T11:40:09+00:00","dateModified":"2025-09-02T11:40:10+00:00","breadcrumb":{"@id":"https:\/\/lasentinelle.dz\/index.php\/2025\/09\/02\/afghanistan-au-moins-800-morts-dans-un-seisme-devastateur\/#breadcrumb"},"inLanguage":"fr-FR","potentialAction":[{"@type":"ReadAction","target":["https:\/\/lasentinelle.dz\/index.php\/2025\/09\/02\/afghanistan-au-moins-800-morts-dans-un-seisme-devastateur\/"]}]},{"@type":"ImageObject","inLanguage":"fr-FR","@id":"https:\/\/lasentinelle.dz\/index.php\/2025\/09\/02\/afghanistan-au-moins-800-morts-dans-un-seisme-devastateur\/#primaryimage","url":"https:\/\/lasentinelle.dz\/wp-content\/uploads\/2025\/09\/afghanistan-un-puissant-tremblement-de-terre-fait-800-morts-68b5fa1c25bc4377952558.jpg","contentUrl":"https:\/\/lasentinelle.dz\/wp-content\/uploads\/2025\/09\/afghanistan-un-puissant-tremblement-de-terre-fait-800-morts-68b5fa1c25bc4377952558.jpg","width":1200,"height":900},{"@type":"BreadcrumbList","@id":"https:\/\/lasentinelle.dz\/index.php\/2025\/09\/02\/afghanistan-au-moins-800-morts-dans-un-seisme-devastateur\/#breadcrumb","itemListElement":[{"@type":"ListItem","position":1,"name":"Accueil","item":"https:\/\/lasentinelle.dz\/"},{"@type":"ListItem","position":2,"name":"Afghanistan\u00a0: Au moins 800 morts dans un s\u00e9isme d\u00e9vastateur"}]},{"@type":"WebSite","@id":"https:\/\/lasentinelle.dz\/#website","url":"https:\/\/lasentinelle.dz\/","name":"La Sentinelle","description":"Quotidien national d&#039;information","publisher":{"@id":"https:\/\/lasentinelle.dz\/#organization"},"potentialAction":[{"@type":"SearchAction","target":{"@type":"EntryPoint","urlTemplate":"https:\/\/lasentinelle.dz\/?s={search_term_string}"},"query-input":{"@type":"PropertyValueSpecification","valueRequired":true,"valueName":"search_term_string"}}],"inLanguage":"fr-FR"},{"@type":"Organization","@id":"https:\/\/lasentinelle.dz\/#organization","name":"Quotidien La Sentinelle","url":"https:\/\/lasentinelle.dz\/","logo":{"@type":"ImageObject","inLanguage":"fr-FR","@id":"https:\/\/lasentinelle.dz\/#\/schema\/logo\/image\/","url":"https:\/\/lasentinelle.dz\/wp-content\/uploads\/2021\/09\/logo-sentinelleSLOGAN-1.png","contentUrl":"https:\/\/lasentinelle.dz\/wp-content\/uploads\/2021\/09\/logo-sentinelleSLOGAN-1.png","width":615,"height":142,"caption":"Quotidien La Sentinelle"},"image":{"@id":"https:\/\/lasentinelle.dz\/#\/schema\/logo\/image\/"},"sameAs":["https:\/\/www.facebook.com\/La-Sentinelle-104059864394773"]},{"@type":"Person","@id":"https:\/\/lasentinelle.dz\/#\/schema\/person\/729ee0024f24e0b8c5ec17232f8e8b41","name":"admin","image":{"@type":"ImageObject","inLanguage":"fr-FR","@id":"https:\/\/secure.gravatar.com\/avatar\/4c81fed838786e9b53f540bf46533e750f5d292099ae3b66cfc6fb1982e29df7?s=96&d=mm&r=g","url":"https:\/\/secure.gravatar.com\/avatar\/4c81fed838786e9b53f540bf46533e750f5d292099ae3b66cfc6fb1982e29df7?s=96&d=mm&r=g","contentUrl":"https:\/\/secure.gravatar.com\/avatar\/4c81fed838786e9b53f540bf46533e750f5d292099ae3b66cfc6fb1982e29df7?s=96&d=mm&r=g","caption":"admin"},"description":"admin","url":"https:\/\/lasentinelle.dz\/author\/admin\/"}]}},"_links":{"self":[{"href":"https:\/\/lasentinelle.dz\/index.php\/wp-json\/wp\/v2\/posts\/72739","targetHints":{"allow":["GET"]}}],"collection":[{"href":"https:\/\/lasentinelle.dz\/index.php\/wp-json\/wp\/v2\/posts"}],"about":[{"href":"https:\/\/lasentinelle.dz\/index.php\/wp-json\/wp\/v2\/types\/post"}],"author":[{"embeddable":true,"href":"https:\/\/lasentinelle.dz\/index.php\/wp-json\/wp\/v2\/users\/6"}],"replies":[{"embeddable":true,"href":"https:\/\/lasentinelle.dz\/index.php\/wp-json\/wp\/v2\/comments?post=72739"}],"version-history":[{"count":1,"href":"https:\/\/lasentinelle.dz\/index.php\/wp-json\/wp\/v2\/posts\/72739\/revisions"}],"predecessor-version":[{"id":72741,"href":"https:\/\/lasentinelle.dz\/index.php\/wp-json\/wp\/v2\/posts\/72739\/revisions\/72741"}],"wp:featuredmedia":[{"embeddable":true,"href":"https:\/\/lasentinelle.dz\/index.php\/wp-json\/wp\/v2\/media\/72740"}],"wp:attachment":[{"href":"https:\/\/lasentinelle.dz\/index.php\/wp-json\/wp\/v2\/media?parent=72739"}],"wp:term":[{"taxonomy":"category","embeddable":true,"href":"https:\/\/lasentinelle.dz\/index.php\/wp-json\/wp\/v2\/categories?post=72739"},{"taxonomy":"post_tag","embeddable":true,"href":"https:\/\/lasentinelle.dz\/index.php\/wp-json\/wp\/v2\/tags?post=72739"}],"curies":[{"name":"wp","href":"https:\/\/api.w.org\/{rel}","templated":true}]}}