{"id":72742,"date":"2025-09-02T12:41:32","date_gmt":"2025-09-02T11:41:32","guid":{"rendered":"https:\/\/lasentinelle.dz\/?p=72742"},"modified":"2025-09-02T12:41:32","modified_gmt":"2025-09-02T11:41:32","slug":"ghaza-liags-documente-le-genocide","status":"publish","type":"post","link":"https:\/\/lasentinelle.dz\/index.php\/2025\/09\/02\/ghaza-liags-documente-le-genocide\/","title":{"rendered":"Ghaza\u00a0: L\u2019IAGS documente le g\u00e9nocide"},"content":{"rendered":"\n<p>L&rsquo;IAGS d\u00e9nonce la complicit\u00e9 de ceux qui choisissent le silence.<\/p>\n\n\n\n<p>L&rsquo;Association internationale des chercheurs sur le g\u00e9nocide (IAGS) a adopt\u00e9 lundi une r\u00e9solution d\u00e9clarant que les actions de l\u2019entit\u00e9 sioniste \u00e0 Ghaza constituent un g\u00e9nocide selon la Convention des Nations Unies de 1948, avec 86% de votes favorables de ses membres. L&rsquo;IAGS base ses conclusions sur des attaques indiscrimin\u00e9es contre des civils et infrastructures civiles, l&rsquo;usage de la famine, les d\u00e9placements forc\u00e9s et la destruction de services essentiels et d&rsquo;institutions culturelles. L&rsquo;association exige l&rsquo;arr\u00eat imm\u00e9diat des actes constituant g\u00e9nocide, crimes de guerre et crimes contre l&rsquo;humanit\u00e9, incluant les attaques d\u00e9lib\u00e9r\u00e9es de civils, la famine, la privation d&rsquo;aide humanitaire, d&rsquo;eau et de carburant, les violences sexuelles et les d\u00e9placements forc\u00e9s. L&rsquo;IAGS rappelle que le silence face \u00e0 de tels crimes \u00e9quivaut \u00e0 complicit\u00e9 et exhorte tous les \u00c9tats \u00e0 respecter les mesures de la Cour internationale de Justice et les mandats de la Cour p\u00e9nale internationale. L&rsquo;association appelle \u00e0 la mise en \u0153uvre de politiques respectant les obligations du droit international, notamment la Convention sur le g\u00e9nocide et le droit humanitaire. Depuis le 18 mars dernier, date de reprise de l&rsquo;agression, 11.426 Palestiniens sont morts et 48.619 ont \u00e9t\u00e9 bless\u00e9s. De nombreuses victimes restent sous les d\u00e9combres, inaccessibles aux ambulances et secours. Sur le terrain, la situation continue de se d\u00e9grader avec 63.557 martyrs palestiniens et 160.660 bless\u00e9s recens\u00e9s depuis le 7 octobre 2023 par les autorit\u00e9s sanitaires palestiniennes. Lundi matin, 98 nouveaux corps et 404 bless\u00e9s sont arriv\u00e9s dans les h\u00f4pitaux de Ghaza. Durant les derni\u00e8res 24 heures, 41 Palestiniens suppl\u00e9mentaires sont tomb\u00e9s en martyrs, dont 15 re\u00e7us \u00e0 l&rsquo;h\u00f4pital Shifa et 11 \u00e0 l&rsquo;h\u00f4pital Nasser, parmi lesquels neuf attendaient de l&rsquo;aide humanitaire. Les bombardements ont continu\u00e9 de viser le quartier de Zeitoun et diverses zones de l&rsquo;enclave. La crise alimentaire s&rsquo;aggrave avec neuf d\u00e9c\u00e8s suppl\u00e9mentaires dus \u00e0 la faim en 24 heures, dont trois enfants, portant le total des victimes de malnutrition \u00e0 348 personnes, dont 127 enfants. Depuis la d\u00e9claration officielle de famine par l&rsquo;ONU le 22 ao\u00fbt, 70 Palestiniens sont morts de faim et de malnutrition. Le bilan des attaques contre les demandeurs d&rsquo;aide humanitaire atteint 2.294 martyrs et 16.839 bless\u00e9s. Les op\u00e9rations militaires se poursuivent dans plusieurs secteurs. \u00c0 Deir el-Balah, des cliniques maintiennent en vie des enfants souffrant de malnutrition s\u00e9v\u00e8re. Des m\u00e8res d\u00e9plac\u00e9es t\u00e9moignent de leur lutte quotidienne pour survivre. \u00c0 Khan Youn\u00e8s, la situation humanitaire demeure critique. Les forces d&rsquo;occupation ont ferm\u00e9 tous les points de passage avec l&rsquo;enclave palestinienne et interdit l&rsquo;entr\u00e9e de la majorit\u00e9 de l&rsquo;aide humanitaire depuis le 2 mars. Cindy McCain, directrice du Programme alimentaire mondial, indique que les op\u00e9rations militaires compliquent l&rsquo;acheminement de l&rsquo;aide. Le PAM cherche \u00e0 relancer son r\u00e9seau de 200 points de distribution, cuisines communautaires et boulangeries. Le minist\u00e8re palestinien des Affaires \u00e9trang\u00e8res souligne que cette situation n\u00e9cessite une \u00e9valuation des efforts de l&rsquo;ONU pour faire cesser ces crimes et menace la paix internationale ainsi que la cr\u00e9dibilit\u00e9 des institutions de l\u00e9gitimit\u00e9 internationale.<\/p>\n\n\n\n<p>Lyes Sa\u00efdi<\/p>\n\n\n\n<p><strong>L&rsquo;OCS r\u00e9clame un cessez-le-feu complet<\/strong><\/p>\n\n\n\n<p>L&rsquo;Organisation de coop\u00e9ration de Shanghai (OCS) a condamn\u00e9 lundi l&rsquo;agression g\u00e9nocidaire sioniste en cours dans la bande de Ghaza, r\u00e9clamant \u00ab\u00a0un cessez-le-feu complet\u00a0\u00bb. L&rsquo;OCS, r\u00e9unissant 10 Etats dont la Chine, l&rsquo;Inde la Russie et l&rsquo;Iran, \u00ab\u00a0condamne fermement les actes causant des victimes civiles\u00a0\u00bb dans la bande de Ghaza et \u00ab\u00a0r\u00e9clame un cessez-le-feu complet\u00a0\u00bb, dans une d\u00e9claration publi\u00e9e par l&rsquo;agence de presse Chine nouvelle. L&rsquo;OCS a aussi dit \u00ab\u00a0condamner fermement\u00a0\u00bb les frappes men\u00e9es par l&rsquo;entit\u00e9 sioniste en Iran en juin, dans cette d\u00e9claration publi\u00e9e au terme d&rsquo;un sommet de l&rsquo;organisation tenu \u00e0 Tianjin (nord de la Chine).<\/p>\n","protected":false},"excerpt":{"rendered":"<p>L&rsquo;IAGS d\u00e9nonce la complicit\u00e9 de ceux qui choisissent le silence. L&rsquo;Association internationale des chercheurs sur le g\u00e9nocide (IAGS) a adopt\u00e9<\/p>\n","protected":false},"author":6,"featured_media":72743,"comment_status":"open","ping_status":"closed","sticky":false,"template":"","format":"standard","meta":{"colormag_page_container_layout":"default_layout","colormag_page_sidebar_layout":"default_layout","om_disable_all_campaigns":false,"_monsterinsights_skip_tracking":false,"_monsterinsights_sitenote_active":false,"_monsterinsights_sitenote_note":"","_monsterinsights_sitenote_category":0,"footnotes":"","_wpscppro_dont_share_socialmedia":false,"_wpscppro_custom_social_share_image":0,"_facebook_share_type":"default","_twitter_share_type":"default","_linkedin_share_type":"default","_pinterest_share_type":"default","_linkedin_share_type_page":"","_instagram_share_type":"default","_medium_share_type":"default","_threads_share_type":"default","_google_business_share_type":"default","_selected_social_profile":[],"_wpsp_enable_custom_social_template":false,"_wpsp_social_scheduling":{"enabled":false,"datetime":null,"platforms":[],"status":"template_only","dateOption":"today","timeOption":"now","customDays":"","customHours":"","customDate":"","customTime":"","schedulingType":"absolute"},"_wpsp_active_default_template":true},"categories":[37],"tags":[],"class_list":["post-72742","post","type-post","status-publish","format-standard","has-post-thumbnail","hentry","category-monde"],"aioseo_notices":[],"yoast_head":"<!-- This site is optimized with the Yoast SEO plugin v27.4 - https:\/\/yoast.com\/product\/yoast-seo-wordpress\/ -->\n<title>Ghaza\u00a0: L\u2019IAGS documente le g\u00e9nocide - La Sentinelle<\/title>\n<meta name=\"robots\" content=\"index, follow, max-snippet:-1, max-image-preview:large, max-video-preview:-1\" \/>\n<link rel=\"canonical\" href=\"https:\/\/lasentinelle.dz\/index.php\/2025\/09\/02\/ghaza-liags-documente-le-genocide\/\" \/>\n<meta property=\"og:locale\" content=\"fr_FR\" \/>\n<meta property=\"og:type\" content=\"article\" \/>\n<meta property=\"og:title\" content=\"Ghaza\u00a0: L\u2019IAGS documente le g\u00e9nocide - La Sentinelle\" \/>\n<meta property=\"og:description\" content=\"L&rsquo;IAGS d\u00e9nonce la complicit\u00e9 de ceux qui choisissent le silence. L&rsquo;Association internationale des chercheurs sur le g\u00e9nocide (IAGS) a adopt\u00e9\" \/>\n<meta property=\"og:url\" content=\"https:\/\/lasentinelle.dz\/index.php\/2025\/09\/02\/ghaza-liags-documente-le-genocide\/\" \/>\n<meta property=\"og:site_name\" content=\"La Sentinelle\" \/>\n<meta property=\"article:publisher\" content=\"https:\/\/www.facebook.com\/La-Sentinelle-104059864394773\" \/>\n<meta property=\"article:published_time\" content=\"2025-09-02T11:41:32+00:00\" \/>\n<meta property=\"og:image\" content=\"https:\/\/lasentinelle.dz\/wp-content\/uploads\/2025\/09\/genocide-ghaza.jpg\" \/>\n\t<meta property=\"og:image:width\" content=\"1918\" \/>\n\t<meta property=\"og:image:height\" content=\"763\" \/>\n\t<meta property=\"og:image:type\" content=\"image\/jpeg\" \/>\n<meta name=\"author\" content=\"admin\" \/>\n<meta name=\"twitter:card\" content=\"summary_large_image\" \/>\n<meta name=\"twitter:label1\" content=\"\u00c9crit par\" \/>\n\t<meta name=\"twitter:data1\" content=\"admin\" \/>\n\t<meta name=\"twitter:label2\" content=\"Dur\u00e9e de lecture estim\u00e9e\" \/>\n\t<meta name=\"twitter:data2\" content=\"4 minutes\" \/>\n<script type=\"application\/ld+json\" class=\"yoast-schema-graph\">{\"@context\":\"https:\\\/\\\/schema.org\",\"@graph\":[{\"@type\":\"Article\",\"@id\":\"https:\\\/\\\/lasentinelle.dz\\\/index.php\\\/2025\\\/09\\\/02\\\/ghaza-liags-documente-le-genocide\\\/#article\",\"isPartOf\":{\"@id\":\"https:\\\/\\\/lasentinelle.dz\\\/index.php\\\/2025\\\/09\\\/02\\\/ghaza-liags-documente-le-genocide\\\/\"},\"author\":{\"name\":\"admin\",\"@id\":\"https:\\\/\\\/lasentinelle.dz\\\/#\\\/schema\\\/person\\\/729ee0024f24e0b8c5ec17232f8e8b41\"},\"headline\":\"Ghaza\u00a0: L\u2019IAGS documente le g\u00e9nocide\",\"datePublished\":\"2025-09-02T11:41:32+00:00\",\"mainEntityOfPage\":{\"@id\":\"https:\\\/\\\/lasentinelle.dz\\\/index.php\\\/2025\\\/09\\\/02\\\/ghaza-liags-documente-le-genocide\\\/\"},\"wordCount\":676,\"commentCount\":0,\"publisher\":{\"@id\":\"https:\\\/\\\/lasentinelle.dz\\\/#organization\"},\"image\":{\"@id\":\"https:\\\/\\\/lasentinelle.dz\\\/index.php\\\/2025\\\/09\\\/02\\\/ghaza-liags-documente-le-genocide\\\/#primaryimage\"},\"thumbnailUrl\":\"https:\\\/\\\/lasentinelle.dz\\\/wp-content\\\/uploads\\\/2025\\\/09\\\/genocide-ghaza.jpg\",\"articleSection\":[\"Monde\"],\"inLanguage\":\"fr-FR\",\"potentialAction\":[{\"@type\":\"CommentAction\",\"name\":\"Comment\",\"target\":[\"https:\\\/\\\/lasentinelle.dz\\\/index.php\\\/2025\\\/09\\\/02\\\/ghaza-liags-documente-le-genocide\\\/#respond\"]}]},{\"@type\":\"WebPage\",\"@id\":\"https:\\\/\\\/lasentinelle.dz\\\/index.php\\\/2025\\\/09\\\/02\\\/ghaza-liags-documente-le-genocide\\\/\",\"url\":\"https:\\\/\\\/lasentinelle.dz\\\/index.php\\\/2025\\\/09\\\/02\\\/ghaza-liags-documente-le-genocide\\\/\",\"name\":\"Ghaza\u00a0: L\u2019IAGS documente le g\u00e9nocide - La Sentinelle\",\"isPartOf\":{\"@id\":\"https:\\\/\\\/lasentinelle.dz\\\/#website\"},\"primaryImageOfPage\":{\"@id\":\"https:\\\/\\\/lasentinelle.dz\\\/index.php\\\/2025\\\/09\\\/02\\\/ghaza-liags-documente-le-genocide\\\/#primaryimage\"},\"image\":{\"@id\":\"https:\\\/\\\/lasentinelle.dz\\\/index.php\\\/2025\\\/09\\\/02\\\/ghaza-liags-documente-le-genocide\\\/#primaryimage\"},\"thumbnailUrl\":\"https:\\\/\\\/lasentinelle.dz\\\/wp-content\\\/uploads\\\/2025\\\/09\\\/genocide-ghaza.jpg\",\"datePublished\":\"2025-09-02T11:41:32+00:00\",\"breadcrumb\":{\"@id\":\"https:\\\/\\\/lasentinelle.dz\\\/index.php\\\/2025\\\/09\\\/02\\\/ghaza-liags-documente-le-genocide\\\/#breadcrumb\"},\"inLanguage\":\"fr-FR\",\"potentialAction\":[{\"@type\":\"ReadAction\",\"target\":[\"https:\\\/\\\/lasentinelle.dz\\\/index.php\\\/2025\\\/09\\\/02\\\/ghaza-liags-documente-le-genocide\\\/\"]}]},{\"@type\":\"ImageObject\",\"inLanguage\":\"fr-FR\",\"@id\":\"https:\\\/\\\/lasentinelle.dz\\\/index.php\\\/2025\\\/09\\\/02\\\/ghaza-liags-documente-le-genocide\\\/#primaryimage\",\"url\":\"https:\\\/\\\/lasentinelle.dz\\\/wp-content\\\/uploads\\\/2025\\\/09\\\/genocide-ghaza.jpg\",\"contentUrl\":\"https:\\\/\\\/lasentinelle.dz\\\/wp-content\\\/uploads\\\/2025\\\/09\\\/genocide-ghaza.jpg\",\"width\":1918,\"height\":763},{\"@type\":\"BreadcrumbList\",\"@id\":\"https:\\\/\\\/lasentinelle.dz\\\/index.php\\\/2025\\\/09\\\/02\\\/ghaza-liags-documente-le-genocide\\\/#breadcrumb\",\"itemListElement\":[{\"@type\":\"ListItem\",\"position\":1,\"name\":\"Accueil\",\"item\":\"https:\\\/\\\/lasentinelle.dz\\\/\"},{\"@type\":\"ListItem\",\"position\":2,\"name\":\"Ghaza\u00a0: L\u2019IAGS documente le g\u00e9nocide\"}]},{\"@type\":\"WebSite\",\"@id\":\"https:\\\/\\\/lasentinelle.dz\\\/#website\",\"url\":\"https:\\\/\\\/lasentinelle.dz\\\/\",\"name\":\"La Sentinelle\",\"description\":\"Quotidien national d&#039;information\",\"publisher\":{\"@id\":\"https:\\\/\\\/lasentinelle.dz\\\/#organization\"},\"potentialAction\":[{\"@type\":\"SearchAction\",\"target\":{\"@type\":\"EntryPoint\",\"urlTemplate\":\"https:\\\/\\\/lasentinelle.dz\\\/?s={search_term_string}\"},\"query-input\":{\"@type\":\"PropertyValueSpecification\",\"valueRequired\":true,\"valueName\":\"search_term_string\"}}],\"inLanguage\":\"fr-FR\"},{\"@type\":\"Organization\",\"@id\":\"https:\\\/\\\/lasentinelle.dz\\\/#organization\",\"name\":\"Quotidien La Sentinelle\",\"url\":\"https:\\\/\\\/lasentinelle.dz\\\/\",\"logo\":{\"@type\":\"ImageObject\",\"inLanguage\":\"fr-FR\",\"@id\":\"https:\\\/\\\/lasentinelle.dz\\\/#\\\/schema\\\/logo\\\/image\\\/\",\"url\":\"https:\\\/\\\/lasentinelle.dz\\\/wp-content\\\/uploads\\\/2021\\\/09\\\/logo-sentinelleSLOGAN-1.png\",\"contentUrl\":\"https:\\\/\\\/lasentinelle.dz\\\/wp-content\\\/uploads\\\/2021\\\/09\\\/logo-sentinelleSLOGAN-1.png\",\"width\":615,\"height\":142,\"caption\":\"Quotidien La Sentinelle\"},\"image\":{\"@id\":\"https:\\\/\\\/lasentinelle.dz\\\/#\\\/schema\\\/logo\\\/image\\\/\"},\"sameAs\":[\"https:\\\/\\\/www.facebook.com\\\/La-Sentinelle-104059864394773\"]},{\"@type\":\"Person\",\"@id\":\"https:\\\/\\\/lasentinelle.dz\\\/#\\\/schema\\\/person\\\/729ee0024f24e0b8c5ec17232f8e8b41\",\"name\":\"admin\",\"image\":{\"@type\":\"ImageObject\",\"inLanguage\":\"fr-FR\",\"@id\":\"https:\\\/\\\/secure.gravatar.com\\\/avatar\\\/4c81fed838786e9b53f540bf46533e750f5d292099ae3b66cfc6fb1982e29df7?s=96&d=mm&r=g\",\"url\":\"https:\\\/\\\/secure.gravatar.com\\\/avatar\\\/4c81fed838786e9b53f540bf46533e750f5d292099ae3b66cfc6fb1982e29df7?s=96&d=mm&r=g\",\"contentUrl\":\"https:\\\/\\\/secure.gravatar.com\\\/avatar\\\/4c81fed838786e9b53f540bf46533e750f5d292099ae3b66cfc6fb1982e29df7?s=96&d=mm&r=g\",\"caption\":\"admin\"},\"description\":\"admin\",\"url\":\"https:\\\/\\\/lasentinelle.dz\\\/author\\\/admin\\\/\"}]}<\/script>\n<!-- \/ Yoast SEO plugin. -->","yoast_head_json":{"title":"Ghaza\u00a0: L\u2019IAGS documente le g\u00e9nocide - La Sentinelle","robots":{"index":"index","follow":"follow","max-snippet":"max-snippet:-1","max-image-preview":"max-image-preview:large","max-video-preview":"max-video-preview:-1"},"canonical":"https:\/\/lasentinelle.dz\/index.php\/2025\/09\/02\/ghaza-liags-documente-le-genocide\/","og_locale":"fr_FR","og_type":"article","og_title":"Ghaza\u00a0: L\u2019IAGS documente le g\u00e9nocide - La Sentinelle","og_description":"L&rsquo;IAGS d\u00e9nonce la complicit\u00e9 de ceux qui choisissent le silence. L&rsquo;Association internationale des chercheurs sur le g\u00e9nocide (IAGS) a adopt\u00e9","og_url":"https:\/\/lasentinelle.dz\/index.php\/2025\/09\/02\/ghaza-liags-documente-le-genocide\/","og_site_name":"La Sentinelle","article_publisher":"https:\/\/www.facebook.com\/La-Sentinelle-104059864394773","article_published_time":"2025-09-02T11:41:32+00:00","og_image":[{"width":1918,"height":763,"url":"https:\/\/lasentinelle.dz\/wp-content\/uploads\/2025\/09\/genocide-ghaza.jpg","type":"image\/jpeg"}],"author":"admin","twitter_card":"summary_large_image","twitter_misc":{"\u00c9crit par":"admin","Dur\u00e9e de lecture estim\u00e9e":"4 minutes"},"schema":{"@context":"https:\/\/schema.org","@graph":[{"@type":"Article","@id":"https:\/\/lasentinelle.dz\/index.php\/2025\/09\/02\/ghaza-liags-documente-le-genocide\/#article","isPartOf":{"@id":"https:\/\/lasentinelle.dz\/index.php\/2025\/09\/02\/ghaza-liags-documente-le-genocide\/"},"author":{"name":"admin","@id":"https:\/\/lasentinelle.dz\/#\/schema\/person\/729ee0024f24e0b8c5ec17232f8e8b41"},"headline":"Ghaza\u00a0: L\u2019IAGS documente le g\u00e9nocide","datePublished":"2025-09-02T11:41:32+00:00","mainEntityOfPage":{"@id":"https:\/\/lasentinelle.dz\/index.php\/2025\/09\/02\/ghaza-liags-documente-le-genocide\/"},"wordCount":676,"commentCount":0,"publisher":{"@id":"https:\/\/lasentinelle.dz\/#organization"},"image":{"@id":"https:\/\/lasentinelle.dz\/index.php\/2025\/09\/02\/ghaza-liags-documente-le-genocide\/#primaryimage"},"thumbnailUrl":"https:\/\/lasentinelle.dz\/wp-content\/uploads\/2025\/09\/genocide-ghaza.jpg","articleSection":["Monde"],"inLanguage":"fr-FR","potentialAction":[{"@type":"CommentAction","name":"Comment","target":["https:\/\/lasentinelle.dz\/index.php\/2025\/09\/02\/ghaza-liags-documente-le-genocide\/#respond"]}]},{"@type":"WebPage","@id":"https:\/\/lasentinelle.dz\/index.php\/2025\/09\/02\/ghaza-liags-documente-le-genocide\/","url":"https:\/\/lasentinelle.dz\/index.php\/2025\/09\/02\/ghaza-liags-documente-le-genocide\/","name":"Ghaza\u00a0: L\u2019IAGS documente le g\u00e9nocide - La Sentinelle","isPartOf":{"@id":"https:\/\/lasentinelle.dz\/#website"},"primaryImageOfPage":{"@id":"https:\/\/lasentinelle.dz\/index.php\/2025\/09\/02\/ghaza-liags-documente-le-genocide\/#primaryimage"},"image":{"@id":"https:\/\/lasentinelle.dz\/index.php\/2025\/09\/02\/ghaza-liags-documente-le-genocide\/#primaryimage"},"thumbnailUrl":"https:\/\/lasentinelle.dz\/wp-content\/uploads\/2025\/09\/genocide-ghaza.jpg","datePublished":"2025-09-02T11:41:32+00:00","breadcrumb":{"@id":"https:\/\/lasentinelle.dz\/index.php\/2025\/09\/02\/ghaza-liags-documente-le-genocide\/#breadcrumb"},"inLanguage":"fr-FR","potentialAction":[{"@type":"ReadAction","target":["https:\/\/lasentinelle.dz\/index.php\/2025\/09\/02\/ghaza-liags-documente-le-genocide\/"]}]},{"@type":"ImageObject","inLanguage":"fr-FR","@id":"https:\/\/lasentinelle.dz\/index.php\/2025\/09\/02\/ghaza-liags-documente-le-genocide\/#primaryimage","url":"https:\/\/lasentinelle.dz\/wp-content\/uploads\/2025\/09\/genocide-ghaza.jpg","contentUrl":"https:\/\/lasentinelle.dz\/wp-content\/uploads\/2025\/09\/genocide-ghaza.jpg","width":1918,"height":763},{"@type":"BreadcrumbList","@id":"https:\/\/lasentinelle.dz\/index.php\/2025\/09\/02\/ghaza-liags-documente-le-genocide\/#breadcrumb","itemListElement":[{"@type":"ListItem","position":1,"name":"Accueil","item":"https:\/\/lasentinelle.dz\/"},{"@type":"ListItem","position":2,"name":"Ghaza\u00a0: L\u2019IAGS documente le g\u00e9nocide"}]},{"@type":"WebSite","@id":"https:\/\/lasentinelle.dz\/#website","url":"https:\/\/lasentinelle.dz\/","name":"La Sentinelle","description":"Quotidien national d&#039;information","publisher":{"@id":"https:\/\/lasentinelle.dz\/#organization"},"potentialAction":[{"@type":"SearchAction","target":{"@type":"EntryPoint","urlTemplate":"https:\/\/lasentinelle.dz\/?s={search_term_string}"},"query-input":{"@type":"PropertyValueSpecification","valueRequired":true,"valueName":"search_term_string"}}],"inLanguage":"fr-FR"},{"@type":"Organization","@id":"https:\/\/lasentinelle.dz\/#organization","name":"Quotidien La Sentinelle","url":"https:\/\/lasentinelle.dz\/","logo":{"@type":"ImageObject","inLanguage":"fr-FR","@id":"https:\/\/lasentinelle.dz\/#\/schema\/logo\/image\/","url":"https:\/\/lasentinelle.dz\/wp-content\/uploads\/2021\/09\/logo-sentinelleSLOGAN-1.png","contentUrl":"https:\/\/lasentinelle.dz\/wp-content\/uploads\/2021\/09\/logo-sentinelleSLOGAN-1.png","width":615,"height":142,"caption":"Quotidien La Sentinelle"},"image":{"@id":"https:\/\/lasentinelle.dz\/#\/schema\/logo\/image\/"},"sameAs":["https:\/\/www.facebook.com\/La-Sentinelle-104059864394773"]},{"@type":"Person","@id":"https:\/\/lasentinelle.dz\/#\/schema\/person\/729ee0024f24e0b8c5ec17232f8e8b41","name":"admin","image":{"@type":"ImageObject","inLanguage":"fr-FR","@id":"https:\/\/secure.gravatar.com\/avatar\/4c81fed838786e9b53f540bf46533e750f5d292099ae3b66cfc6fb1982e29df7?s=96&d=mm&r=g","url":"https:\/\/secure.gravatar.com\/avatar\/4c81fed838786e9b53f540bf46533e750f5d292099ae3b66cfc6fb1982e29df7?s=96&d=mm&r=g","contentUrl":"https:\/\/secure.gravatar.com\/avatar\/4c81fed838786e9b53f540bf46533e750f5d292099ae3b66cfc6fb1982e29df7?s=96&d=mm&r=g","caption":"admin"},"description":"admin","url":"https:\/\/lasentinelle.dz\/author\/admin\/"}]}},"_links":{"self":[{"href":"https:\/\/lasentinelle.dz\/index.php\/wp-json\/wp\/v2\/posts\/72742","targetHints":{"allow":["GET"]}}],"collection":[{"href":"https:\/\/lasentinelle.dz\/index.php\/wp-json\/wp\/v2\/posts"}],"about":[{"href":"https:\/\/lasentinelle.dz\/index.php\/wp-json\/wp\/v2\/types\/post"}],"author":[{"embeddable":true,"href":"https:\/\/lasentinelle.dz\/index.php\/wp-json\/wp\/v2\/users\/6"}],"replies":[{"embeddable":true,"href":"https:\/\/lasentinelle.dz\/index.php\/wp-json\/wp\/v2\/comments?post=72742"}],"version-history":[{"count":1,"href":"https:\/\/lasentinelle.dz\/index.php\/wp-json\/wp\/v2\/posts\/72742\/revisions"}],"predecessor-version":[{"id":72744,"href":"https:\/\/lasentinelle.dz\/index.php\/wp-json\/wp\/v2\/posts\/72742\/revisions\/72744"}],"wp:featuredmedia":[{"embeddable":true,"href":"https:\/\/lasentinelle.dz\/index.php\/wp-json\/wp\/v2\/media\/72743"}],"wp:attachment":[{"href":"https:\/\/lasentinelle.dz\/index.php\/wp-json\/wp\/v2\/media?parent=72742"}],"wp:term":[{"taxonomy":"category","embeddable":true,"href":"https:\/\/lasentinelle.dz\/index.php\/wp-json\/wp\/v2\/categories?post=72742"},{"taxonomy":"post_tag","embeddable":true,"href":"https:\/\/lasentinelle.dz\/index.php\/wp-json\/wp\/v2\/tags?post=72742"}],"curies":[{"name":"wp","href":"https:\/\/api.w.org\/{rel}","templated":true}]}}