{"id":72745,"date":"2025-09-02T12:42:29","date_gmt":"2025-09-02T11:42:29","guid":{"rendered":"https:\/\/lasentinelle.dz\/?p=72745"},"modified":"2025-09-02T12:42:30","modified_gmt":"2025-09-02T11:42:30","slug":"vers-la-mise-en-place-dun-cadrage-ethique-pour-le-cinema-et-les-arts","status":"publish","type":"post","link":"https:\/\/lasentinelle.dz\/index.php\/2025\/09\/02\/vers-la-mise-en-place-dun-cadrage-ethique-pour-le-cinema-et-les-arts\/","title":{"rendered":"Vers la mise en place d\u2019un cadrage \u00e9thique pour le cin\u00e9ma et les Arts"},"content":{"rendered":"\n<p>Le minist\u00e8re de la Culture et des Art lance le processus de mise en place d\u2019un Comit\u00e9 d&rsquo;\u00e9thique de l&rsquo;artiste. Une initiative qui ambitionne de r\u00e9volutionner les pratiques professionnelles du secteur. Cette d\u00e9marche s&rsquo;inscrit dans une vision strat\u00e9gique globale visant \u00e0 \u00ab faire de l&rsquo;ancrage des valeurs professionnelles nobles dans le milieu culturel et artistique un choix strat\u00e9gique pour d\u00e9velopper le secteur et valoriser le patrimoine culturel et artistique alg\u00e9rien \u00bb, indique dans ce sens un communiqu\u00e9 du minist\u00e8re. Et de pr\u00e9ciser que le ministre Zouhir Ballalou a donn\u00e9 des instructions claires au Conseil national des Arts et des Lettres pour \u00ab acc\u00e9l\u00e9rer l&rsquo;installation du Comit\u00e9 d&rsquo;\u00e9thique de l&rsquo;artiste \u00bb, marquant ainsi la volont\u00e9 gouvernementale de doter le pays d&rsquo;un cadre r\u00e9glementaire moderne et adapt\u00e9 aux d\u00e9fis contemporains de la cr\u00e9ation. Cette instance, pr\u00e9vue par le d\u00e9cret pr\u00e9sidentiel n\u00b0376\/23 du 22 octobre 2023 portant Statut de l&rsquo;artiste, constituera \u00ab un cadre institutionnel charg\u00e9 de veiller au respect des r\u00e8gles juridiques et \u00e9thiques li\u00e9es \u00e0 la pratique artistique \u00bb. L&rsquo;ambition d\u00e9passe largement la simple r\u00e9gulation puisqu&rsquo;il s&rsquo;agit de \u00ab garantir un environnement domin\u00e9 par la discipline et l&rsquo;int\u00e9grit\u00e9 \u00bb, cr\u00e9ant les conditions optimales pour l&rsquo;\u00e9panouissement cr\u00e9atif. Parall\u00e8lement, le secteur cin\u00e9matographique b\u00e9n\u00e9ficiera d&rsquo;un dispositif sp\u00e9cifique avec la cr\u00e9ation de l&rsquo;Instance de m\u00e9diation et d&rsquo;\u00e9thique de l&rsquo;activit\u00e9 cin\u00e9matographique, conform\u00e9ment au d\u00e9cret ex\u00e9cutif n\u00b025-198 publi\u00e9 le 28 juillet 2025. Cette instance nationale sera \u00ab charg\u00e9e d&rsquo;\u00e9laborer la Charte d&rsquo;\u00e9thique de l&rsquo;activit\u00e9 cin\u00e9matographique et de veiller \u00e0 son respect \u00bb, tout en assurant \u00ab la m\u00e9diation entre les professionnels de l&rsquo;industrie cin\u00e9matographique \u00bb, pr\u00e9cise la m\u00eame source. L&rsquo;approche se veut r\u00e9solument moderne et prospective, int\u00e9grant les enjeux technologiques actuels. Les \u00e9coles et instituts artistiques du minist\u00e8re verront leurs programmes enrichis de \u00ab mati\u00e8res p\u00e9dagogiques relatives \u00e0 l&rsquo;\u00e9thique \u00bb, pr\u00e9parant ainsi \u00ab de nouvelles g\u00e9n\u00e9rations de cr\u00e9ateurs conscients des dimensions \u00e9thiques de la pratique artistique \u00bb. Cette formation s&rsquo;\u00e9tendra aux \u00ab technologies modernes et \u00e0 l&rsquo;intelligence artificielle dans le domaine artistique \u00bb, avec un accent particulier sur \u00ab le respect de la propri\u00e9t\u00e9 intellectuelle \u00bb. Le minist\u00e8re pr\u00e9voit \u00e9galement un programme d&rsquo;accompagnement ambitieux \u00e0 travers \u00ab l&rsquo;organisation de s\u00e9minaires, ateliers et master class anim\u00e9s par des acad\u00e9miciens et artistes \u00e9minents \u00bb. Ces rencontres professionnelles viseront \u00e0 \u00ab ancrer la culture de l&rsquo;engagement envers l&rsquo;\u00e9thique de la mission artistique \u00bb, cr\u00e9ant une dynamique collaborative entre les diff\u00e9rents acteurs du secteur. Cet encadrement \u00e9thique ne se fait pas au d\u00e9triment de la libert\u00e9 cr\u00e9ative, bien au contraire. Le minist\u00e8re \u00ab r\u00e9affirme son soutien constant \u00e0 la libert\u00e9 de cr\u00e9ation \u00bb, tout en pr\u00e9cisant que celle-ci s&rsquo;\u00e9panouit \u00ab dans le cadre des lois de la R\u00e9publique \u00bb et \u00ab selon les chartes \u00e9thiques organisant la pratique artistique \u00bb. L&rsquo;impact attendu de ces mesures d\u00e9passe le cadre purement artistique pour toucher aux \u00ab int\u00e9r\u00eats supr\u00eames de la patrie et de ses strat\u00e9gies culturelles et de d\u00e9veloppement \u00bb. En pla\u00e7ant \u00ab la question de l&rsquo;ancrage des valeurs professionnelles dans le milieu culturel et artistique au premier plan de ses pr\u00e9occupations \u00bb, l&rsquo;Alg\u00e9rie se dote d&rsquo;outils concrets pour structurer durablement son \u00e9cosyst\u00e8me cr\u00e9atif et garantir son rayonnement national et international.<\/p>\n\n\n\n<p>Mohand S.<\/p>\n","protected":false},"excerpt":{"rendered":"<p>Le minist\u00e8re de la Culture et des Art lance le processus de mise en place d\u2019un Comit\u00e9 d&rsquo;\u00e9thique de l&rsquo;artiste.<\/p>\n","protected":false},"author":6,"featured_media":72292,"comment_status":"open","ping_status":"closed","sticky":false,"template":"","format":"standard","meta":{"colormag_page_container_layout":"default_layout","colormag_page_sidebar_layout":"default_layout","om_disable_all_campaigns":false,"_monsterinsights_skip_tracking":false,"_monsterinsights_sitenote_active":false,"_monsterinsights_sitenote_note":"","_monsterinsights_sitenote_category":0,"footnotes":"","_wpscppro_dont_share_socialmedia":false,"_wpscppro_custom_social_share_image":0,"_facebook_share_type":"default","_twitter_share_type":"default","_linkedin_share_type":"default","_pinterest_share_type":"default","_linkedin_share_type_page":"","_instagram_share_type":"default","_medium_share_type":"default","_threads_share_type":"default","_google_business_share_type":"default","_selected_social_profile":[],"_wpsp_enable_custom_social_template":false,"_wpsp_social_scheduling":{"enabled":false,"datetime":null,"platforms":[],"status":"template_only","dateOption":"today","timeOption":"now","customDays":"","customHours":"","customDate":"","customTime":"","schedulingType":"absolute"},"_wpsp_active_default_template":true},"categories":[36],"tags":[],"class_list":["post-72745","post","type-post","status-publish","format-standard","has-post-thumbnail","hentry","category-culture"],"aioseo_notices":[],"yoast_head":"<!-- This site is optimized with the Yoast SEO plugin v27.5 - https:\/\/yoast.com\/product\/yoast-seo-wordpress\/ -->\n<title>Vers la mise en place d\u2019un cadrage \u00e9thique pour le cin\u00e9ma et les Arts - La Sentinelle<\/title>\n<meta name=\"robots\" content=\"index, follow, max-snippet:-1, max-image-preview:large, max-video-preview:-1\" \/>\n<link rel=\"canonical\" href=\"https:\/\/lasentinelle.dz\/index.php\/2025\/09\/02\/vers-la-mise-en-place-dun-cadrage-ethique-pour-le-cinema-et-les-arts\/\" \/>\n<meta property=\"og:locale\" content=\"fr_FR\" \/>\n<meta property=\"og:type\" content=\"article\" \/>\n<meta property=\"og:title\" content=\"Vers la mise en place d\u2019un cadrage \u00e9thique pour le cin\u00e9ma et les Arts - La Sentinelle\" \/>\n<meta property=\"og:description\" content=\"Le minist\u00e8re de la Culture et des Art lance le processus de mise en place d\u2019un Comit\u00e9 d&rsquo;\u00e9thique de l&rsquo;artiste.\" \/>\n<meta property=\"og:url\" content=\"https:\/\/lasentinelle.dz\/index.php\/2025\/09\/02\/vers-la-mise-en-place-dun-cadrage-ethique-pour-le-cinema-et-les-arts\/\" \/>\n<meta property=\"og:site_name\" content=\"La Sentinelle\" \/>\n<meta property=\"article:publisher\" content=\"https:\/\/www.facebook.com\/La-Sentinelle-104059864394773\" \/>\n<meta property=\"article:published_time\" content=\"2025-09-02T11:42:29+00:00\" \/>\n<meta property=\"article:modified_time\" content=\"2025-09-02T11:42:30+00:00\" \/>\n<meta property=\"og:image\" content=\"https:\/\/lasentinelle.dz\/wp-content\/uploads\/2025\/08\/ministere-de-la-culture.jpg\" \/>\n\t<meta property=\"og:image:width\" content=\"1440\" \/>\n\t<meta property=\"og:image:height\" content=\"960\" \/>\n\t<meta property=\"og:image:type\" content=\"image\/jpeg\" \/>\n<meta name=\"author\" content=\"admin\" \/>\n<meta name=\"twitter:card\" content=\"summary_large_image\" \/>\n<meta name=\"twitter:label1\" content=\"\u00c9crit par\" \/>\n\t<meta name=\"twitter:data1\" content=\"admin\" \/>\n\t<meta name=\"twitter:label2\" content=\"Dur\u00e9e de lecture estim\u00e9e\" \/>\n\t<meta name=\"twitter:data2\" content=\"3 minutes\" \/>\n<script type=\"application\/ld+json\" class=\"yoast-schema-graph\">{\"@context\":\"https:\\\/\\\/schema.org\",\"@graph\":[{\"@type\":\"Article\",\"@id\":\"https:\\\/\\\/lasentinelle.dz\\\/index.php\\\/2025\\\/09\\\/02\\\/vers-la-mise-en-place-dun-cadrage-ethique-pour-le-cinema-et-les-arts\\\/#article\",\"isPartOf\":{\"@id\":\"https:\\\/\\\/lasentinelle.dz\\\/index.php\\\/2025\\\/09\\\/02\\\/vers-la-mise-en-place-dun-cadrage-ethique-pour-le-cinema-et-les-arts\\\/\"},\"author\":{\"name\":\"admin\",\"@id\":\"https:\\\/\\\/lasentinelle.dz\\\/#\\\/schema\\\/person\\\/729ee0024f24e0b8c5ec17232f8e8b41\"},\"headline\":\"Vers la mise en place d\u2019un cadrage \u00e9thique pour le cin\u00e9ma et les Arts\",\"datePublished\":\"2025-09-02T11:42:29+00:00\",\"dateModified\":\"2025-09-02T11:42:30+00:00\",\"mainEntityOfPage\":{\"@id\":\"https:\\\/\\\/lasentinelle.dz\\\/index.php\\\/2025\\\/09\\\/02\\\/vers-la-mise-en-place-dun-cadrage-ethique-pour-le-cinema-et-les-arts\\\/\"},\"wordCount\":603,\"commentCount\":0,\"publisher\":{\"@id\":\"https:\\\/\\\/lasentinelle.dz\\\/#organization\"},\"image\":{\"@id\":\"https:\\\/\\\/lasentinelle.dz\\\/index.php\\\/2025\\\/09\\\/02\\\/vers-la-mise-en-place-dun-cadrage-ethique-pour-le-cinema-et-les-arts\\\/#primaryimage\"},\"thumbnailUrl\":\"https:\\\/\\\/lasentinelle.dz\\\/wp-content\\\/uploads\\\/2025\\\/08\\\/ministere-de-la-culture.jpg\",\"articleSection\":[\"Culture\"],\"inLanguage\":\"fr-FR\",\"potentialAction\":[{\"@type\":\"CommentAction\",\"name\":\"Comment\",\"target\":[\"https:\\\/\\\/lasentinelle.dz\\\/index.php\\\/2025\\\/09\\\/02\\\/vers-la-mise-en-place-dun-cadrage-ethique-pour-le-cinema-et-les-arts\\\/#respond\"]}]},{\"@type\":\"WebPage\",\"@id\":\"https:\\\/\\\/lasentinelle.dz\\\/index.php\\\/2025\\\/09\\\/02\\\/vers-la-mise-en-place-dun-cadrage-ethique-pour-le-cinema-et-les-arts\\\/\",\"url\":\"https:\\\/\\\/lasentinelle.dz\\\/index.php\\\/2025\\\/09\\\/02\\\/vers-la-mise-en-place-dun-cadrage-ethique-pour-le-cinema-et-les-arts\\\/\",\"name\":\"Vers la mise en place d\u2019un cadrage \u00e9thique pour le cin\u00e9ma et les Arts - La Sentinelle\",\"isPartOf\":{\"@id\":\"https:\\\/\\\/lasentinelle.dz\\\/#website\"},\"primaryImageOfPage\":{\"@id\":\"https:\\\/\\\/lasentinelle.dz\\\/index.php\\\/2025\\\/09\\\/02\\\/vers-la-mise-en-place-dun-cadrage-ethique-pour-le-cinema-et-les-arts\\\/#primaryimage\"},\"image\":{\"@id\":\"https:\\\/\\\/lasentinelle.dz\\\/index.php\\\/2025\\\/09\\\/02\\\/vers-la-mise-en-place-dun-cadrage-ethique-pour-le-cinema-et-les-arts\\\/#primaryimage\"},\"thumbnailUrl\":\"https:\\\/\\\/lasentinelle.dz\\\/wp-content\\\/uploads\\\/2025\\\/08\\\/ministere-de-la-culture.jpg\",\"datePublished\":\"2025-09-02T11:42:29+00:00\",\"dateModified\":\"2025-09-02T11:42:30+00:00\",\"breadcrumb\":{\"@id\":\"https:\\\/\\\/lasentinelle.dz\\\/index.php\\\/2025\\\/09\\\/02\\\/vers-la-mise-en-place-dun-cadrage-ethique-pour-le-cinema-et-les-arts\\\/#breadcrumb\"},\"inLanguage\":\"fr-FR\",\"potentialAction\":[{\"@type\":\"ReadAction\",\"target\":[\"https:\\\/\\\/lasentinelle.dz\\\/index.php\\\/2025\\\/09\\\/02\\\/vers-la-mise-en-place-dun-cadrage-ethique-pour-le-cinema-et-les-arts\\\/\"]}]},{\"@type\":\"ImageObject\",\"inLanguage\":\"fr-FR\",\"@id\":\"https:\\\/\\\/lasentinelle.dz\\\/index.php\\\/2025\\\/09\\\/02\\\/vers-la-mise-en-place-dun-cadrage-ethique-pour-le-cinema-et-les-arts\\\/#primaryimage\",\"url\":\"https:\\\/\\\/lasentinelle.dz\\\/wp-content\\\/uploads\\\/2025\\\/08\\\/ministere-de-la-culture.jpg\",\"contentUrl\":\"https:\\\/\\\/lasentinelle.dz\\\/wp-content\\\/uploads\\\/2025\\\/08\\\/ministere-de-la-culture.jpg\",\"width\":1440,\"height\":960},{\"@type\":\"BreadcrumbList\",\"@id\":\"https:\\\/\\\/lasentinelle.dz\\\/index.php\\\/2025\\\/09\\\/02\\\/vers-la-mise-en-place-dun-cadrage-ethique-pour-le-cinema-et-les-arts\\\/#breadcrumb\",\"itemListElement\":[{\"@type\":\"ListItem\",\"position\":1,\"name\":\"Accueil\",\"item\":\"https:\\\/\\\/lasentinelle.dz\\\/\"},{\"@type\":\"ListItem\",\"position\":2,\"name\":\"Vers la mise en place d\u2019un cadrage \u00e9thique pour le cin\u00e9ma et les Arts\"}]},{\"@type\":\"WebSite\",\"@id\":\"https:\\\/\\\/lasentinelle.dz\\\/#website\",\"url\":\"https:\\\/\\\/lasentinelle.dz\\\/\",\"name\":\"La Sentinelle\",\"description\":\"Quotidien national d&#039;information\",\"publisher\":{\"@id\":\"https:\\\/\\\/lasentinelle.dz\\\/#organization\"},\"potentialAction\":[{\"@type\":\"SearchAction\",\"target\":{\"@type\":\"EntryPoint\",\"urlTemplate\":\"https:\\\/\\\/lasentinelle.dz\\\/?s={search_term_string}\"},\"query-input\":{\"@type\":\"PropertyValueSpecification\",\"valueRequired\":true,\"valueName\":\"search_term_string\"}}],\"inLanguage\":\"fr-FR\"},{\"@type\":\"Organization\",\"@id\":\"https:\\\/\\\/lasentinelle.dz\\\/#organization\",\"name\":\"Quotidien La Sentinelle\",\"url\":\"https:\\\/\\\/lasentinelle.dz\\\/\",\"logo\":{\"@type\":\"ImageObject\",\"inLanguage\":\"fr-FR\",\"@id\":\"https:\\\/\\\/lasentinelle.dz\\\/#\\\/schema\\\/logo\\\/image\\\/\",\"url\":\"https:\\\/\\\/lasentinelle.dz\\\/wp-content\\\/uploads\\\/2021\\\/09\\\/logo-sentinelleSLOGAN-1.png\",\"contentUrl\":\"https:\\\/\\\/lasentinelle.dz\\\/wp-content\\\/uploads\\\/2021\\\/09\\\/logo-sentinelleSLOGAN-1.png\",\"width\":615,\"height\":142,\"caption\":\"Quotidien La Sentinelle\"},\"image\":{\"@id\":\"https:\\\/\\\/lasentinelle.dz\\\/#\\\/schema\\\/logo\\\/image\\\/\"},\"sameAs\":[\"https:\\\/\\\/www.facebook.com\\\/La-Sentinelle-104059864394773\"]},{\"@type\":\"Person\",\"@id\":\"https:\\\/\\\/lasentinelle.dz\\\/#\\\/schema\\\/person\\\/729ee0024f24e0b8c5ec17232f8e8b41\",\"name\":\"admin\",\"image\":{\"@type\":\"ImageObject\",\"inLanguage\":\"fr-FR\",\"@id\":\"https:\\\/\\\/secure.gravatar.com\\\/avatar\\\/4c81fed838786e9b53f540bf46533e750f5d292099ae3b66cfc6fb1982e29df7?s=96&d=mm&r=g\",\"url\":\"https:\\\/\\\/secure.gravatar.com\\\/avatar\\\/4c81fed838786e9b53f540bf46533e750f5d292099ae3b66cfc6fb1982e29df7?s=96&d=mm&r=g\",\"contentUrl\":\"https:\\\/\\\/secure.gravatar.com\\\/avatar\\\/4c81fed838786e9b53f540bf46533e750f5d292099ae3b66cfc6fb1982e29df7?s=96&d=mm&r=g\",\"caption\":\"admin\"},\"description\":\"admin\",\"url\":\"https:\\\/\\\/lasentinelle.dz\\\/author\\\/admin\\\/\"}]}<\/script>\n<!-- \/ Yoast SEO plugin. -->","yoast_head_json":{"title":"Vers la mise en place d\u2019un cadrage \u00e9thique pour le cin\u00e9ma et les Arts - La Sentinelle","robots":{"index":"index","follow":"follow","max-snippet":"max-snippet:-1","max-image-preview":"max-image-preview:large","max-video-preview":"max-video-preview:-1"},"canonical":"https:\/\/lasentinelle.dz\/index.php\/2025\/09\/02\/vers-la-mise-en-place-dun-cadrage-ethique-pour-le-cinema-et-les-arts\/","og_locale":"fr_FR","og_type":"article","og_title":"Vers la mise en place d\u2019un cadrage \u00e9thique pour le cin\u00e9ma et les Arts - La Sentinelle","og_description":"Le minist\u00e8re de la Culture et des Art lance le processus de mise en place d\u2019un Comit\u00e9 d&rsquo;\u00e9thique de l&rsquo;artiste.","og_url":"https:\/\/lasentinelle.dz\/index.php\/2025\/09\/02\/vers-la-mise-en-place-dun-cadrage-ethique-pour-le-cinema-et-les-arts\/","og_site_name":"La Sentinelle","article_publisher":"https:\/\/www.facebook.com\/La-Sentinelle-104059864394773","article_published_time":"2025-09-02T11:42:29+00:00","article_modified_time":"2025-09-02T11:42:30+00:00","og_image":[{"width":1440,"height":960,"url":"https:\/\/lasentinelle.dz\/wp-content\/uploads\/2025\/08\/ministere-de-la-culture.jpg","type":"image\/jpeg"}],"author":"admin","twitter_card":"summary_large_image","twitter_misc":{"\u00c9crit par":"admin","Dur\u00e9e de lecture estim\u00e9e":"3 minutes"},"schema":{"@context":"https:\/\/schema.org","@graph":[{"@type":"Article","@id":"https:\/\/lasentinelle.dz\/index.php\/2025\/09\/02\/vers-la-mise-en-place-dun-cadrage-ethique-pour-le-cinema-et-les-arts\/#article","isPartOf":{"@id":"https:\/\/lasentinelle.dz\/index.php\/2025\/09\/02\/vers-la-mise-en-place-dun-cadrage-ethique-pour-le-cinema-et-les-arts\/"},"author":{"name":"admin","@id":"https:\/\/lasentinelle.dz\/#\/schema\/person\/729ee0024f24e0b8c5ec17232f8e8b41"},"headline":"Vers la mise en place d\u2019un cadrage \u00e9thique pour le cin\u00e9ma et les Arts","datePublished":"2025-09-02T11:42:29+00:00","dateModified":"2025-09-02T11:42:30+00:00","mainEntityOfPage":{"@id":"https:\/\/lasentinelle.dz\/index.php\/2025\/09\/02\/vers-la-mise-en-place-dun-cadrage-ethique-pour-le-cinema-et-les-arts\/"},"wordCount":603,"commentCount":0,"publisher":{"@id":"https:\/\/lasentinelle.dz\/#organization"},"image":{"@id":"https:\/\/lasentinelle.dz\/index.php\/2025\/09\/02\/vers-la-mise-en-place-dun-cadrage-ethique-pour-le-cinema-et-les-arts\/#primaryimage"},"thumbnailUrl":"https:\/\/lasentinelle.dz\/wp-content\/uploads\/2025\/08\/ministere-de-la-culture.jpg","articleSection":["Culture"],"inLanguage":"fr-FR","potentialAction":[{"@type":"CommentAction","name":"Comment","target":["https:\/\/lasentinelle.dz\/index.php\/2025\/09\/02\/vers-la-mise-en-place-dun-cadrage-ethique-pour-le-cinema-et-les-arts\/#respond"]}]},{"@type":"WebPage","@id":"https:\/\/lasentinelle.dz\/index.php\/2025\/09\/02\/vers-la-mise-en-place-dun-cadrage-ethique-pour-le-cinema-et-les-arts\/","url":"https:\/\/lasentinelle.dz\/index.php\/2025\/09\/02\/vers-la-mise-en-place-dun-cadrage-ethique-pour-le-cinema-et-les-arts\/","name":"Vers la mise en place d\u2019un cadrage \u00e9thique pour le cin\u00e9ma et les Arts - La Sentinelle","isPartOf":{"@id":"https:\/\/lasentinelle.dz\/#website"},"primaryImageOfPage":{"@id":"https:\/\/lasentinelle.dz\/index.php\/2025\/09\/02\/vers-la-mise-en-place-dun-cadrage-ethique-pour-le-cinema-et-les-arts\/#primaryimage"},"image":{"@id":"https:\/\/lasentinelle.dz\/index.php\/2025\/09\/02\/vers-la-mise-en-place-dun-cadrage-ethique-pour-le-cinema-et-les-arts\/#primaryimage"},"thumbnailUrl":"https:\/\/lasentinelle.dz\/wp-content\/uploads\/2025\/08\/ministere-de-la-culture.jpg","datePublished":"2025-09-02T11:42:29+00:00","dateModified":"2025-09-02T11:42:30+00:00","breadcrumb":{"@id":"https:\/\/lasentinelle.dz\/index.php\/2025\/09\/02\/vers-la-mise-en-place-dun-cadrage-ethique-pour-le-cinema-et-les-arts\/#breadcrumb"},"inLanguage":"fr-FR","potentialAction":[{"@type":"ReadAction","target":["https:\/\/lasentinelle.dz\/index.php\/2025\/09\/02\/vers-la-mise-en-place-dun-cadrage-ethique-pour-le-cinema-et-les-arts\/"]}]},{"@type":"ImageObject","inLanguage":"fr-FR","@id":"https:\/\/lasentinelle.dz\/index.php\/2025\/09\/02\/vers-la-mise-en-place-dun-cadrage-ethique-pour-le-cinema-et-les-arts\/#primaryimage","url":"https:\/\/lasentinelle.dz\/wp-content\/uploads\/2025\/08\/ministere-de-la-culture.jpg","contentUrl":"https:\/\/lasentinelle.dz\/wp-content\/uploads\/2025\/08\/ministere-de-la-culture.jpg","width":1440,"height":960},{"@type":"BreadcrumbList","@id":"https:\/\/lasentinelle.dz\/index.php\/2025\/09\/02\/vers-la-mise-en-place-dun-cadrage-ethique-pour-le-cinema-et-les-arts\/#breadcrumb","itemListElement":[{"@type":"ListItem","position":1,"name":"Accueil","item":"https:\/\/lasentinelle.dz\/"},{"@type":"ListItem","position":2,"name":"Vers la mise en place d\u2019un cadrage \u00e9thique pour le cin\u00e9ma et les Arts"}]},{"@type":"WebSite","@id":"https:\/\/lasentinelle.dz\/#website","url":"https:\/\/lasentinelle.dz\/","name":"La Sentinelle","description":"Quotidien national d&#039;information","publisher":{"@id":"https:\/\/lasentinelle.dz\/#organization"},"potentialAction":[{"@type":"SearchAction","target":{"@type":"EntryPoint","urlTemplate":"https:\/\/lasentinelle.dz\/?s={search_term_string}"},"query-input":{"@type":"PropertyValueSpecification","valueRequired":true,"valueName":"search_term_string"}}],"inLanguage":"fr-FR"},{"@type":"Organization","@id":"https:\/\/lasentinelle.dz\/#organization","name":"Quotidien La Sentinelle","url":"https:\/\/lasentinelle.dz\/","logo":{"@type":"ImageObject","inLanguage":"fr-FR","@id":"https:\/\/lasentinelle.dz\/#\/schema\/logo\/image\/","url":"https:\/\/lasentinelle.dz\/wp-content\/uploads\/2021\/09\/logo-sentinelleSLOGAN-1.png","contentUrl":"https:\/\/lasentinelle.dz\/wp-content\/uploads\/2021\/09\/logo-sentinelleSLOGAN-1.png","width":615,"height":142,"caption":"Quotidien La Sentinelle"},"image":{"@id":"https:\/\/lasentinelle.dz\/#\/schema\/logo\/image\/"},"sameAs":["https:\/\/www.facebook.com\/La-Sentinelle-104059864394773"]},{"@type":"Person","@id":"https:\/\/lasentinelle.dz\/#\/schema\/person\/729ee0024f24e0b8c5ec17232f8e8b41","name":"admin","image":{"@type":"ImageObject","inLanguage":"fr-FR","@id":"https:\/\/secure.gravatar.com\/avatar\/4c81fed838786e9b53f540bf46533e750f5d292099ae3b66cfc6fb1982e29df7?s=96&d=mm&r=g","url":"https:\/\/secure.gravatar.com\/avatar\/4c81fed838786e9b53f540bf46533e750f5d292099ae3b66cfc6fb1982e29df7?s=96&d=mm&r=g","contentUrl":"https:\/\/secure.gravatar.com\/avatar\/4c81fed838786e9b53f540bf46533e750f5d292099ae3b66cfc6fb1982e29df7?s=96&d=mm&r=g","caption":"admin"},"description":"admin","url":"https:\/\/lasentinelle.dz\/author\/admin\/"}]}},"_links":{"self":[{"href":"https:\/\/lasentinelle.dz\/index.php\/wp-json\/wp\/v2\/posts\/72745","targetHints":{"allow":["GET"]}}],"collection":[{"href":"https:\/\/lasentinelle.dz\/index.php\/wp-json\/wp\/v2\/posts"}],"about":[{"href":"https:\/\/lasentinelle.dz\/index.php\/wp-json\/wp\/v2\/types\/post"}],"author":[{"embeddable":true,"href":"https:\/\/lasentinelle.dz\/index.php\/wp-json\/wp\/v2\/users\/6"}],"replies":[{"embeddable":true,"href":"https:\/\/lasentinelle.dz\/index.php\/wp-json\/wp\/v2\/comments?post=72745"}],"version-history":[{"count":1,"href":"https:\/\/lasentinelle.dz\/index.php\/wp-json\/wp\/v2\/posts\/72745\/revisions"}],"predecessor-version":[{"id":72746,"href":"https:\/\/lasentinelle.dz\/index.php\/wp-json\/wp\/v2\/posts\/72745\/revisions\/72746"}],"wp:featuredmedia":[{"embeddable":true,"href":"https:\/\/lasentinelle.dz\/index.php\/wp-json\/wp\/v2\/media\/72292"}],"wp:attachment":[{"href":"https:\/\/lasentinelle.dz\/index.php\/wp-json\/wp\/v2\/media?parent=72745"}],"wp:term":[{"taxonomy":"category","embeddable":true,"href":"https:\/\/lasentinelle.dz\/index.php\/wp-json\/wp\/v2\/categories?post=72745"},{"taxonomy":"post_tag","embeddable":true,"href":"https:\/\/lasentinelle.dz\/index.php\/wp-json\/wp\/v2\/tags?post=72745"}],"curies":[{"name":"wp","href":"https:\/\/api.w.org\/{rel}","templated":true}]}}