{"id":72747,"date":"2025-09-02T12:43:16","date_gmt":"2025-09-02T11:43:16","guid":{"rendered":"https:\/\/lasentinelle.dz\/?p=72747"},"modified":"2025-09-02T12:43:17","modified_gmt":"2025-09-02T11:43:17","slug":"canex-2025-alger-carrefour-de-la-creativite-africaine","status":"publish","type":"post","link":"https:\/\/lasentinelle.dz\/index.php\/2025\/09\/02\/canex-2025-alger-carrefour-de-la-creativite-africaine\/","title":{"rendered":"CANEX 2025\u00a0: Alger, carrefour de la cr\u00e9ativit\u00e9 africaine"},"content":{"rendered":"\n<p>L&rsquo;Alg\u00e9rie s&rsquo;appr\u00eate \u00e0 vivre un moment historique avec l&rsquo;organisation du 4 au 10 septembre de CANEX 2025, en parall\u00e8le de la 4<sup>e<\/sup> Foire du commerce intra-africain (IATF 2025), un \u00e9v\u00e9nement qui transformera Alger en capitale continentale de la cr\u00e9ativit\u00e9 africaine.<\/p>\n\n\n\n<p>CANEX-2025 promet de rassembler plus de 35 000 participants venus de tout le continent et au-del\u00e0, sous le th\u00e8me f\u00e9d\u00e9rateur \u00ab\u00a0Un peuple uni par la culture, cr\u00e9ant pour le monde\u00a0\u00bb. Le ministre de la Culture et des Arts, Zouhir Ballalou, a personnellement supervis\u00e9, dimanche soir, les pr\u00e9paratifs au Palais des Expositions SAFEX de Pin Maritime, t\u00e9moignant de l&rsquo;importance strat\u00e9gique accord\u00e9e \u00e0 cet \u00e9v\u00e9nement qui conjugue diplomatie \u00e9conomique et rayonnement culturel. Cette manifestation d&rsquo;exception s&rsquo;inscrit dans la continuit\u00e9 du succ\u00e8s de CANEX WKND 2024 qui s\u2019est tenu au mois d\u2019octobre dernier \u00e0 Alger, mais avec une ambition d\u00e9cupl\u00e9e : faire de l&rsquo;Alg\u00e9rie le carrefour incontournable des industries cr\u00e9atives africaines et diasporiques. L&rsquo;\u00e9v\u00e9nement se structure autour d&rsquo;une approche holistique int\u00e9grant expositions commerciales, \u00e9changes interentreprises, coop\u00e9ration intergouvernementale et c\u00e9l\u00e9bration du patrimoine culturel continental, cr\u00e9ant ainsi un \u00e9cosyst\u00e8me propice aux synergies cr\u00e9atives et aux partenariats durables.<\/p>\n\n\n\n<p><strong>Un programme culturel exceptionnel<\/strong><\/p>\n\n\n\n<p>Le dispositif culturel d\u00e9ploy\u00e9 par l&rsquo;Alg\u00e9rie pour accompagner CANEX @ IATF 2025 r\u00e9v\u00e8le une ambition sans pr\u00e9c\u00e9dent, mobilisant l&rsquo;ensemble des institutions culturelles alg\u00e9riennes dans une programmation qui s&rsquo;\u00e9tend bien au-del\u00e0 des dates officielles de l&rsquo;\u00e9v\u00e9nement. Les arts visuels occupent une place centrale avec la r\u00e9sidence artistique r\u00e9unissant des cr\u00e9ateurs du Cameroun, du Sahara Occidental, de Mauritanie et du S\u00e9n\u00e9gal, dont l&rsquo;exposition collective \u00e0 la Villa Abdelatif du 8 septembre au 15 octobre constituera un t\u00e9moignage vivant des \u00e9changes artistiques contemporains. Cette initiative s&rsquo;enrichit d&rsquo;expositions th\u00e9matiques d&rsquo;envergure, notamment celle consacr\u00e9e aux costumes traditionnels alg\u00e9riens au Palais de la Culture et dans les mus\u00e9es nationaux d&rsquo;Alger du 1er au 15 septembre, ainsi que l&rsquo;exposition de Siradj Bouhafs sur les traditions du Sud alg\u00e9rien au Palais des Ra\u00efs. Le secteur th\u00e9\u00e2tral n&rsquo;est pas en reste avec la pi\u00e8ce \u00ab\u00a0Ghodwa Ya Menaaech\u00a0\u00bb qui investira le Th\u00e9\u00e2tre National Alg\u00e9rien et la Salle Atlas de Bab El Oued du 4 au 6 septembre, compl\u00e9t\u00e9e par des repr\u00e9sentations de th\u00e9\u00e2tre de rue \u00e0 Oran et des spectacles d\u00e9di\u00e9s au jeune public. La dimension musicale se d\u00e9ploie \u00e0 travers un calendrier prestigieux incluant le concert de musique andalouse avec Naceredine Galiz et Sid Ahmed Derradji \u00e0 la Salle Atlas, les performances de Na\u00efma El Djazairia et Nassim Youssef au Palais de la Culture Moufdi Zakaria, sans oublier la c\u00e9l\u00e9bration du Mawlid Ennabaoui avec Mohamed El Adaoui \u00e0 l&rsquo;Op\u00e9ra d&rsquo;Alger. Le septi\u00e8me art b\u00e9n\u00e9ficie d&rsquo;une programmation cin\u00e9phile remarquable avec les projections 35 mm \u00e0 la Cin\u00e9math\u00e8que Alg\u00e9rienne, incluant des \u0153uvres embl\u00e9matiques comme \u00ab\u00a0Lumumba\u00a0\u00bb, \u00ab\u00a0Camp de Thiaroye\u00a0\u00bb et des films documentaires sur le Festival Culturel Africain, ainsi que les s\u00e9ances en plein air au Parc des Sablettes pr\u00e9sentant les chefs-d&rsquo;\u0153uvre du cin\u00e9ma alg\u00e9rien comme \u00ab&nbsp;Les vacances de&nbsp;l\u2019inspecteur Tahar&nbsp;\u00bb de &nbsp;Moussa Haddad, \u00ab&nbsp;Hassan Terro&nbsp;\u00bb de Mohamed Lakhdar Hamina et \u00ab&nbsp;L\u2019Aube de l\u2019Est&nbsp;\u00bb d\u2019Amar Laskri.<\/p>\n\n\n\n<p><strong>Des enjeux strat\u00e9giques<\/strong><\/p>\n\n\n\n<p>Au-del\u00e0 de sa dimension festive, CANEX @ IATF 2025 incarne une vision g\u00e9opolitique ambitieuse o\u00f9 la culture devient un vecteur privil\u00e9gi\u00e9 d&rsquo;int\u00e9gration \u00e9conomique continentale. L&rsquo;\u00e9v\u00e9nement se structure autour de composantes strat\u00e9giques qui d\u00e9passent le simple cadre commercial pour embrasser une approche globale de l&rsquo;\u00e9conomie cr\u00e9ative africaine. L&rsquo;espace d&rsquo;exposition et de march\u00e9 constitue le c\u0153ur battant de cette dynamique, offrant une vitrine exceptionnelle \u00e0 la mode, aux arts visuels, \u00e0 l&rsquo;artisanat et \u00e0 la gastronomie continentale dans un environnement commercial dynamique. Les tables rondes et masterclasses, anim\u00e9es par des experts africains et internationaux, visent \u00e0 affiner les comp\u00e9tences sectorielles tout en cr\u00e9ant des synergies interprofessionnelles durables. Les conversations th\u00e9matiques, structur\u00e9es autour de panels de haut niveau et de discussions informelles avec des cr\u00e9atifs reconnus du continent et de la diaspora, favorisent les \u00e9changes d&rsquo;exp\u00e9riences et l&rsquo;\u00e9mergence de projets collaboratifs innovants. Les performances live sur la sc\u00e8ne principale de CANEX @ IATF 2025 mettent en lumi\u00e8re la richesse musicale africaine et diasporique, cr\u00e9ant des moments d&rsquo;\u00e9motion partag\u00e9e qui renforcent les liens interculturels. Les showcases gastronomiques, anim\u00e9s par des chefs c\u00e9l\u00e8bres du continent et de la diaspora, c\u00e9l\u00e8brent la diversit\u00e9 culinaire africaine tout en r\u00e9v\u00e9lant son potentiel \u00e9conomique. L&rsquo;exposition d&rsquo;art visuel, sp\u00e9cialement curat\u00e9e pour l&rsquo;\u00e9v\u00e9nement, t\u00e9moigne de la vitalit\u00e9 cr\u00e9ative contemporaine africaine. La CANEX Music Factory, studio d&rsquo;enregistrement \u00e9ph\u00e9m\u00e8re, offre aux musiciens pr\u00e9sents l&rsquo;opportunit\u00e9 de collaborations in\u00e9dites facilit\u00e9es par des professionnels de l&rsquo;industrie. Le concours CANEX Shorts valorise la production cin\u00e9matographique courte avec la projection des films laur\u00e9ats et une c\u00e9r\u00e9monie de remise de prix. La CANEX Book Factory, d\u00e9velopp\u00e9e en partenariat avec Narrative Landscape Press, promeut l&rsquo;\u00e9dition africaine contemporaine. L&rsquo;ensemble de ces dispositifs g\u00e9n\u00e8re des opportunit\u00e9s de networking et d&rsquo;affaires BtoB et BtoG qui constituent l&rsquo;objectif ultime de cette manifestation. L&rsquo;inspection men\u00e9e par le ministre Zouhir Ballalou au Palais SAFEX a permis de v\u00e9rifier l&rsquo;am\u00e9nagement des pavillons institutionnels des secteurs du Tourisme et de l&rsquo;Artisanat traditionnel, de la Jeunesse et des Sports, ainsi que l&rsquo;organisation du pavillon du minist\u00e8re de la Culture et des Arts avec ses espaces d\u00e9di\u00e9s aux \u00e9diteurs, aux arts visuels et aux salles de conf\u00e9rences. Cette visite a confirm\u00e9 la volont\u00e9 du Gouvernement de faire du pavillon culturel alg\u00e9rien \u00ab\u00a0une plateforme distinctive vibrante de messages culturels et civilisationnels\u00a0\u00bb qui r\u00e9v\u00e8le aux visiteurs \u00ab\u00a0la beaut\u00e9 de l&rsquo;Alg\u00e9rie et la richesse de son patrimoine ancestral\u00a0\u00bb \u00e0 travers un design innovant et des contenus pr\u00e9sent\u00e9s avec les technologies les plus avanc\u00e9es. L&rsquo;enjeu d\u00e9passe largement le cadre \u00e9v\u00e9nementiel pour s&rsquo;inscrire dans une strat\u00e9gie de positionnement de l&rsquo;Alg\u00e9rie comme hub culturel africain, capable d&rsquo;accueillir les d\u00e9l\u00e9gations des pays africains participants, la presse nationale et internationale, ainsi que l&rsquo;ensemble des acteurs de cette manifestation continentale d&rsquo;exception.<\/p>\n\n\n\n<p><strong>Mohand Seghir<\/strong><\/p>\n","protected":false},"excerpt":{"rendered":"<p>L&rsquo;Alg\u00e9rie s&rsquo;appr\u00eate \u00e0 vivre un moment historique avec l&rsquo;organisation du 4 au 10 septembre de CANEX 2025, en parall\u00e8le de<\/p>\n","protected":false},"author":6,"featured_media":72748,"comment_status":"open","ping_status":"closed","sticky":false,"template":"","format":"standard","meta":{"colormag_page_container_layout":"default_layout","colormag_page_sidebar_layout":"default_layout","om_disable_all_campaigns":false,"_monsterinsights_skip_tracking":false,"_monsterinsights_sitenote_active":false,"_monsterinsights_sitenote_note":"","_monsterinsights_sitenote_category":0,"footnotes":"","_wpscppro_dont_share_socialmedia":false,"_wpscppro_custom_social_share_image":0,"_facebook_share_type":"default","_twitter_share_type":"default","_linkedin_share_type":"default","_pinterest_share_type":"default","_linkedin_share_type_page":"","_instagram_share_type":"default","_medium_share_type":"default","_threads_share_type":"default","_google_business_share_type":"default","_selected_social_profile":[],"_wpsp_enable_custom_social_template":false,"_wpsp_social_scheduling":{"enabled":false,"datetime":null,"platforms":[],"status":"template_only","dateOption":"today","timeOption":"now","customDays":"","customHours":"","customDate":"","customTime":"","schedulingType":"absolute"},"_wpsp_active_default_template":true},"categories":[52,36],"tags":[],"class_list":["post-72747","post","type-post","status-publish","format-standard","has-post-thumbnail","hentry","category-a-la-une","category-culture"],"aioseo_notices":[],"yoast_head":"<!-- This site is optimized with the Yoast SEO plugin v27.5 - https:\/\/yoast.com\/product\/yoast-seo-wordpress\/ -->\n<title>CANEX 2025\u00a0: Alger, carrefour de la cr\u00e9ativit\u00e9 africaine - La Sentinelle<\/title>\n<meta name=\"robots\" content=\"index, follow, max-snippet:-1, max-image-preview:large, max-video-preview:-1\" \/>\n<link rel=\"canonical\" href=\"https:\/\/lasentinelle.dz\/index.php\/2025\/09\/02\/canex-2025-alger-carrefour-de-la-creativite-africaine\/\" \/>\n<meta property=\"og:locale\" content=\"fr_FR\" \/>\n<meta property=\"og:type\" content=\"article\" \/>\n<meta property=\"og:title\" content=\"CANEX 2025\u00a0: Alger, carrefour de la cr\u00e9ativit\u00e9 africaine - La Sentinelle\" \/>\n<meta property=\"og:description\" content=\"L&rsquo;Alg\u00e9rie s&rsquo;appr\u00eate \u00e0 vivre un moment historique avec l&rsquo;organisation du 4 au 10 septembre de CANEX 2025, en parall\u00e8le de\" \/>\n<meta property=\"og:url\" content=\"https:\/\/lasentinelle.dz\/index.php\/2025\/09\/02\/canex-2025-alger-carrefour-de-la-creativite-africaine\/\" \/>\n<meta property=\"og:site_name\" content=\"La Sentinelle\" \/>\n<meta property=\"article:publisher\" content=\"https:\/\/www.facebook.com\/La-Sentinelle-104059864394773\" \/>\n<meta property=\"article:published_time\" content=\"2025-09-02T11:43:16+00:00\" \/>\n<meta property=\"article:modified_time\" content=\"2025-09-02T11:43:17+00:00\" \/>\n<meta property=\"og:image\" content=\"https:\/\/lasentinelle.dz\/wp-content\/uploads\/2025\/09\/expo.jpg\" \/>\n\t<meta property=\"og:image:width\" content=\"1080\" \/>\n\t<meta property=\"og:image:height\" content=\"810\" \/>\n\t<meta property=\"og:image:type\" content=\"image\/jpeg\" \/>\n<meta name=\"author\" content=\"admin\" \/>\n<meta name=\"twitter:card\" content=\"summary_large_image\" \/>\n<meta name=\"twitter:label1\" content=\"\u00c9crit par\" \/>\n\t<meta name=\"twitter:data1\" content=\"admin\" \/>\n\t<meta name=\"twitter:label2\" content=\"Dur\u00e9e de lecture estim\u00e9e\" \/>\n\t<meta name=\"twitter:data2\" content=\"6 minutes\" \/>\n<script type=\"application\/ld+json\" class=\"yoast-schema-graph\">{\"@context\":\"https:\\\/\\\/schema.org\",\"@graph\":[{\"@type\":\"Article\",\"@id\":\"https:\\\/\\\/lasentinelle.dz\\\/index.php\\\/2025\\\/09\\\/02\\\/canex-2025-alger-carrefour-de-la-creativite-africaine\\\/#article\",\"isPartOf\":{\"@id\":\"https:\\\/\\\/lasentinelle.dz\\\/index.php\\\/2025\\\/09\\\/02\\\/canex-2025-alger-carrefour-de-la-creativite-africaine\\\/\"},\"author\":{\"name\":\"admin\",\"@id\":\"https:\\\/\\\/lasentinelle.dz\\\/#\\\/schema\\\/person\\\/729ee0024f24e0b8c5ec17232f8e8b41\"},\"headline\":\"CANEX 2025\u00a0: Alger, carrefour de la cr\u00e9ativit\u00e9 africaine\",\"datePublished\":\"2025-09-02T11:43:16+00:00\",\"dateModified\":\"2025-09-02T11:43:17+00:00\",\"mainEntityOfPage\":{\"@id\":\"https:\\\/\\\/lasentinelle.dz\\\/index.php\\\/2025\\\/09\\\/02\\\/canex-2025-alger-carrefour-de-la-creativite-africaine\\\/\"},\"wordCount\":1119,\"commentCount\":1,\"publisher\":{\"@id\":\"https:\\\/\\\/lasentinelle.dz\\\/#organization\"},\"image\":{\"@id\":\"https:\\\/\\\/lasentinelle.dz\\\/index.php\\\/2025\\\/09\\\/02\\\/canex-2025-alger-carrefour-de-la-creativite-africaine\\\/#primaryimage\"},\"thumbnailUrl\":\"https:\\\/\\\/lasentinelle.dz\\\/wp-content\\\/uploads\\\/2025\\\/09\\\/expo.jpg\",\"articleSection\":[\"\u00c0 la Une\",\"Culture\"],\"inLanguage\":\"fr-FR\",\"potentialAction\":[{\"@type\":\"CommentAction\",\"name\":\"Comment\",\"target\":[\"https:\\\/\\\/lasentinelle.dz\\\/index.php\\\/2025\\\/09\\\/02\\\/canex-2025-alger-carrefour-de-la-creativite-africaine\\\/#respond\"]}]},{\"@type\":\"WebPage\",\"@id\":\"https:\\\/\\\/lasentinelle.dz\\\/index.php\\\/2025\\\/09\\\/02\\\/canex-2025-alger-carrefour-de-la-creativite-africaine\\\/\",\"url\":\"https:\\\/\\\/lasentinelle.dz\\\/index.php\\\/2025\\\/09\\\/02\\\/canex-2025-alger-carrefour-de-la-creativite-africaine\\\/\",\"name\":\"CANEX 2025\u00a0: Alger, carrefour de la cr\u00e9ativit\u00e9 africaine - La Sentinelle\",\"isPartOf\":{\"@id\":\"https:\\\/\\\/lasentinelle.dz\\\/#website\"},\"primaryImageOfPage\":{\"@id\":\"https:\\\/\\\/lasentinelle.dz\\\/index.php\\\/2025\\\/09\\\/02\\\/canex-2025-alger-carrefour-de-la-creativite-africaine\\\/#primaryimage\"},\"image\":{\"@id\":\"https:\\\/\\\/lasentinelle.dz\\\/index.php\\\/2025\\\/09\\\/02\\\/canex-2025-alger-carrefour-de-la-creativite-africaine\\\/#primaryimage\"},\"thumbnailUrl\":\"https:\\\/\\\/lasentinelle.dz\\\/wp-content\\\/uploads\\\/2025\\\/09\\\/expo.jpg\",\"datePublished\":\"2025-09-02T11:43:16+00:00\",\"dateModified\":\"2025-09-02T11:43:17+00:00\",\"breadcrumb\":{\"@id\":\"https:\\\/\\\/lasentinelle.dz\\\/index.php\\\/2025\\\/09\\\/02\\\/canex-2025-alger-carrefour-de-la-creativite-africaine\\\/#breadcrumb\"},\"inLanguage\":\"fr-FR\",\"potentialAction\":[{\"@type\":\"ReadAction\",\"target\":[\"https:\\\/\\\/lasentinelle.dz\\\/index.php\\\/2025\\\/09\\\/02\\\/canex-2025-alger-carrefour-de-la-creativite-africaine\\\/\"]}]},{\"@type\":\"ImageObject\",\"inLanguage\":\"fr-FR\",\"@id\":\"https:\\\/\\\/lasentinelle.dz\\\/index.php\\\/2025\\\/09\\\/02\\\/canex-2025-alger-carrefour-de-la-creativite-africaine\\\/#primaryimage\",\"url\":\"https:\\\/\\\/lasentinelle.dz\\\/wp-content\\\/uploads\\\/2025\\\/09\\\/expo.jpg\",\"contentUrl\":\"https:\\\/\\\/lasentinelle.dz\\\/wp-content\\\/uploads\\\/2025\\\/09\\\/expo.jpg\",\"width\":1080,\"height\":810},{\"@type\":\"BreadcrumbList\",\"@id\":\"https:\\\/\\\/lasentinelle.dz\\\/index.php\\\/2025\\\/09\\\/02\\\/canex-2025-alger-carrefour-de-la-creativite-africaine\\\/#breadcrumb\",\"itemListElement\":[{\"@type\":\"ListItem\",\"position\":1,\"name\":\"Accueil\",\"item\":\"https:\\\/\\\/lasentinelle.dz\\\/\"},{\"@type\":\"ListItem\",\"position\":2,\"name\":\"CANEX 2025\u00a0: Alger, carrefour de la cr\u00e9ativit\u00e9 africaine\"}]},{\"@type\":\"WebSite\",\"@id\":\"https:\\\/\\\/lasentinelle.dz\\\/#website\",\"url\":\"https:\\\/\\\/lasentinelle.dz\\\/\",\"name\":\"La Sentinelle\",\"description\":\"Quotidien national d&#039;information\",\"publisher\":{\"@id\":\"https:\\\/\\\/lasentinelle.dz\\\/#organization\"},\"potentialAction\":[{\"@type\":\"SearchAction\",\"target\":{\"@type\":\"EntryPoint\",\"urlTemplate\":\"https:\\\/\\\/lasentinelle.dz\\\/?s={search_term_string}\"},\"query-input\":{\"@type\":\"PropertyValueSpecification\",\"valueRequired\":true,\"valueName\":\"search_term_string\"}}],\"inLanguage\":\"fr-FR\"},{\"@type\":\"Organization\",\"@id\":\"https:\\\/\\\/lasentinelle.dz\\\/#organization\",\"name\":\"Quotidien La Sentinelle\",\"url\":\"https:\\\/\\\/lasentinelle.dz\\\/\",\"logo\":{\"@type\":\"ImageObject\",\"inLanguage\":\"fr-FR\",\"@id\":\"https:\\\/\\\/lasentinelle.dz\\\/#\\\/schema\\\/logo\\\/image\\\/\",\"url\":\"https:\\\/\\\/lasentinelle.dz\\\/wp-content\\\/uploads\\\/2021\\\/09\\\/logo-sentinelleSLOGAN-1.png\",\"contentUrl\":\"https:\\\/\\\/lasentinelle.dz\\\/wp-content\\\/uploads\\\/2021\\\/09\\\/logo-sentinelleSLOGAN-1.png\",\"width\":615,\"height\":142,\"caption\":\"Quotidien La Sentinelle\"},\"image\":{\"@id\":\"https:\\\/\\\/lasentinelle.dz\\\/#\\\/schema\\\/logo\\\/image\\\/\"},\"sameAs\":[\"https:\\\/\\\/www.facebook.com\\\/La-Sentinelle-104059864394773\"]},{\"@type\":\"Person\",\"@id\":\"https:\\\/\\\/lasentinelle.dz\\\/#\\\/schema\\\/person\\\/729ee0024f24e0b8c5ec17232f8e8b41\",\"name\":\"admin\",\"image\":{\"@type\":\"ImageObject\",\"inLanguage\":\"fr-FR\",\"@id\":\"https:\\\/\\\/secure.gravatar.com\\\/avatar\\\/4c81fed838786e9b53f540bf46533e750f5d292099ae3b66cfc6fb1982e29df7?s=96&d=mm&r=g\",\"url\":\"https:\\\/\\\/secure.gravatar.com\\\/avatar\\\/4c81fed838786e9b53f540bf46533e750f5d292099ae3b66cfc6fb1982e29df7?s=96&d=mm&r=g\",\"contentUrl\":\"https:\\\/\\\/secure.gravatar.com\\\/avatar\\\/4c81fed838786e9b53f540bf46533e750f5d292099ae3b66cfc6fb1982e29df7?s=96&d=mm&r=g\",\"caption\":\"admin\"},\"description\":\"admin\",\"url\":\"https:\\\/\\\/lasentinelle.dz\\\/author\\\/admin\\\/\"}]}<\/script>\n<!-- \/ Yoast SEO plugin. -->","yoast_head_json":{"title":"CANEX 2025\u00a0: Alger, carrefour de la cr\u00e9ativit\u00e9 africaine - La Sentinelle","robots":{"index":"index","follow":"follow","max-snippet":"max-snippet:-1","max-image-preview":"max-image-preview:large","max-video-preview":"max-video-preview:-1"},"canonical":"https:\/\/lasentinelle.dz\/index.php\/2025\/09\/02\/canex-2025-alger-carrefour-de-la-creativite-africaine\/","og_locale":"fr_FR","og_type":"article","og_title":"CANEX 2025\u00a0: Alger, carrefour de la cr\u00e9ativit\u00e9 africaine - La Sentinelle","og_description":"L&rsquo;Alg\u00e9rie s&rsquo;appr\u00eate \u00e0 vivre un moment historique avec l&rsquo;organisation du 4 au 10 septembre de CANEX 2025, en parall\u00e8le de","og_url":"https:\/\/lasentinelle.dz\/index.php\/2025\/09\/02\/canex-2025-alger-carrefour-de-la-creativite-africaine\/","og_site_name":"La Sentinelle","article_publisher":"https:\/\/www.facebook.com\/La-Sentinelle-104059864394773","article_published_time":"2025-09-02T11:43:16+00:00","article_modified_time":"2025-09-02T11:43:17+00:00","og_image":[{"width":1080,"height":810,"url":"https:\/\/lasentinelle.dz\/wp-content\/uploads\/2025\/09\/expo.jpg","type":"image\/jpeg"}],"author":"admin","twitter_card":"summary_large_image","twitter_misc":{"\u00c9crit par":"admin","Dur\u00e9e de lecture estim\u00e9e":"6 minutes"},"schema":{"@context":"https:\/\/schema.org","@graph":[{"@type":"Article","@id":"https:\/\/lasentinelle.dz\/index.php\/2025\/09\/02\/canex-2025-alger-carrefour-de-la-creativite-africaine\/#article","isPartOf":{"@id":"https:\/\/lasentinelle.dz\/index.php\/2025\/09\/02\/canex-2025-alger-carrefour-de-la-creativite-africaine\/"},"author":{"name":"admin","@id":"https:\/\/lasentinelle.dz\/#\/schema\/person\/729ee0024f24e0b8c5ec17232f8e8b41"},"headline":"CANEX 2025\u00a0: Alger, carrefour de la cr\u00e9ativit\u00e9 africaine","datePublished":"2025-09-02T11:43:16+00:00","dateModified":"2025-09-02T11:43:17+00:00","mainEntityOfPage":{"@id":"https:\/\/lasentinelle.dz\/index.php\/2025\/09\/02\/canex-2025-alger-carrefour-de-la-creativite-africaine\/"},"wordCount":1119,"commentCount":1,"publisher":{"@id":"https:\/\/lasentinelle.dz\/#organization"},"image":{"@id":"https:\/\/lasentinelle.dz\/index.php\/2025\/09\/02\/canex-2025-alger-carrefour-de-la-creativite-africaine\/#primaryimage"},"thumbnailUrl":"https:\/\/lasentinelle.dz\/wp-content\/uploads\/2025\/09\/expo.jpg","articleSection":["\u00c0 la Une","Culture"],"inLanguage":"fr-FR","potentialAction":[{"@type":"CommentAction","name":"Comment","target":["https:\/\/lasentinelle.dz\/index.php\/2025\/09\/02\/canex-2025-alger-carrefour-de-la-creativite-africaine\/#respond"]}]},{"@type":"WebPage","@id":"https:\/\/lasentinelle.dz\/index.php\/2025\/09\/02\/canex-2025-alger-carrefour-de-la-creativite-africaine\/","url":"https:\/\/lasentinelle.dz\/index.php\/2025\/09\/02\/canex-2025-alger-carrefour-de-la-creativite-africaine\/","name":"CANEX 2025\u00a0: Alger, carrefour de la cr\u00e9ativit\u00e9 africaine - La Sentinelle","isPartOf":{"@id":"https:\/\/lasentinelle.dz\/#website"},"primaryImageOfPage":{"@id":"https:\/\/lasentinelle.dz\/index.php\/2025\/09\/02\/canex-2025-alger-carrefour-de-la-creativite-africaine\/#primaryimage"},"image":{"@id":"https:\/\/lasentinelle.dz\/index.php\/2025\/09\/02\/canex-2025-alger-carrefour-de-la-creativite-africaine\/#primaryimage"},"thumbnailUrl":"https:\/\/lasentinelle.dz\/wp-content\/uploads\/2025\/09\/expo.jpg","datePublished":"2025-09-02T11:43:16+00:00","dateModified":"2025-09-02T11:43:17+00:00","breadcrumb":{"@id":"https:\/\/lasentinelle.dz\/index.php\/2025\/09\/02\/canex-2025-alger-carrefour-de-la-creativite-africaine\/#breadcrumb"},"inLanguage":"fr-FR","potentialAction":[{"@type":"ReadAction","target":["https:\/\/lasentinelle.dz\/index.php\/2025\/09\/02\/canex-2025-alger-carrefour-de-la-creativite-africaine\/"]}]},{"@type":"ImageObject","inLanguage":"fr-FR","@id":"https:\/\/lasentinelle.dz\/index.php\/2025\/09\/02\/canex-2025-alger-carrefour-de-la-creativite-africaine\/#primaryimage","url":"https:\/\/lasentinelle.dz\/wp-content\/uploads\/2025\/09\/expo.jpg","contentUrl":"https:\/\/lasentinelle.dz\/wp-content\/uploads\/2025\/09\/expo.jpg","width":1080,"height":810},{"@type":"BreadcrumbList","@id":"https:\/\/lasentinelle.dz\/index.php\/2025\/09\/02\/canex-2025-alger-carrefour-de-la-creativite-africaine\/#breadcrumb","itemListElement":[{"@type":"ListItem","position":1,"name":"Accueil","item":"https:\/\/lasentinelle.dz\/"},{"@type":"ListItem","position":2,"name":"CANEX 2025\u00a0: Alger, carrefour de la cr\u00e9ativit\u00e9 africaine"}]},{"@type":"WebSite","@id":"https:\/\/lasentinelle.dz\/#website","url":"https:\/\/lasentinelle.dz\/","name":"La Sentinelle","description":"Quotidien national d&#039;information","publisher":{"@id":"https:\/\/lasentinelle.dz\/#organization"},"potentialAction":[{"@type":"SearchAction","target":{"@type":"EntryPoint","urlTemplate":"https:\/\/lasentinelle.dz\/?s={search_term_string}"},"query-input":{"@type":"PropertyValueSpecification","valueRequired":true,"valueName":"search_term_string"}}],"inLanguage":"fr-FR"},{"@type":"Organization","@id":"https:\/\/lasentinelle.dz\/#organization","name":"Quotidien La Sentinelle","url":"https:\/\/lasentinelle.dz\/","logo":{"@type":"ImageObject","inLanguage":"fr-FR","@id":"https:\/\/lasentinelle.dz\/#\/schema\/logo\/image\/","url":"https:\/\/lasentinelle.dz\/wp-content\/uploads\/2021\/09\/logo-sentinelleSLOGAN-1.png","contentUrl":"https:\/\/lasentinelle.dz\/wp-content\/uploads\/2021\/09\/logo-sentinelleSLOGAN-1.png","width":615,"height":142,"caption":"Quotidien La Sentinelle"},"image":{"@id":"https:\/\/lasentinelle.dz\/#\/schema\/logo\/image\/"},"sameAs":["https:\/\/www.facebook.com\/La-Sentinelle-104059864394773"]},{"@type":"Person","@id":"https:\/\/lasentinelle.dz\/#\/schema\/person\/729ee0024f24e0b8c5ec17232f8e8b41","name":"admin","image":{"@type":"ImageObject","inLanguage":"fr-FR","@id":"https:\/\/secure.gravatar.com\/avatar\/4c81fed838786e9b53f540bf46533e750f5d292099ae3b66cfc6fb1982e29df7?s=96&d=mm&r=g","url":"https:\/\/secure.gravatar.com\/avatar\/4c81fed838786e9b53f540bf46533e750f5d292099ae3b66cfc6fb1982e29df7?s=96&d=mm&r=g","contentUrl":"https:\/\/secure.gravatar.com\/avatar\/4c81fed838786e9b53f540bf46533e750f5d292099ae3b66cfc6fb1982e29df7?s=96&d=mm&r=g","caption":"admin"},"description":"admin","url":"https:\/\/lasentinelle.dz\/author\/admin\/"}]}},"_links":{"self":[{"href":"https:\/\/lasentinelle.dz\/index.php\/wp-json\/wp\/v2\/posts\/72747","targetHints":{"allow":["GET"]}}],"collection":[{"href":"https:\/\/lasentinelle.dz\/index.php\/wp-json\/wp\/v2\/posts"}],"about":[{"href":"https:\/\/lasentinelle.dz\/index.php\/wp-json\/wp\/v2\/types\/post"}],"author":[{"embeddable":true,"href":"https:\/\/lasentinelle.dz\/index.php\/wp-json\/wp\/v2\/users\/6"}],"replies":[{"embeddable":true,"href":"https:\/\/lasentinelle.dz\/index.php\/wp-json\/wp\/v2\/comments?post=72747"}],"version-history":[{"count":1,"href":"https:\/\/lasentinelle.dz\/index.php\/wp-json\/wp\/v2\/posts\/72747\/revisions"}],"predecessor-version":[{"id":72749,"href":"https:\/\/lasentinelle.dz\/index.php\/wp-json\/wp\/v2\/posts\/72747\/revisions\/72749"}],"wp:featuredmedia":[{"embeddable":true,"href":"https:\/\/lasentinelle.dz\/index.php\/wp-json\/wp\/v2\/media\/72748"}],"wp:attachment":[{"href":"https:\/\/lasentinelle.dz\/index.php\/wp-json\/wp\/v2\/media?parent=72747"}],"wp:term":[{"taxonomy":"category","embeddable":true,"href":"https:\/\/lasentinelle.dz\/index.php\/wp-json\/wp\/v2\/categories?post=72747"},{"taxonomy":"post_tag","embeddable":true,"href":"https:\/\/lasentinelle.dz\/index.php\/wp-json\/wp\/v2\/tags?post=72747"}],"curies":[{"name":"wp","href":"https:\/\/api.w.org\/{rel}","templated":true}]}}