{"id":72752,"date":"2025-09-02T12:45:29","date_gmt":"2025-09-02T11:45:29","guid":{"rendered":"https:\/\/lasentinelle.dz\/?p=72752"},"modified":"2025-09-02T12:45:30","modified_gmt":"2025-09-02T11:45:30","slug":"mercato-estival-le-mca-frappe-fort-lusma-et-le-crb-se-renforcent","status":"publish","type":"post","link":"https:\/\/lasentinelle.dz\/index.php\/2025\/09\/02\/mercato-estival-le-mca-frappe-fort-lusma-et-le-crb-se-renforcent\/","title":{"rendered":"Mercato estival\u00a0: Le MCA frappe fort, l&rsquo;USMA et le CRB se renforcent"},"content":{"rendered":"\n<p>La cl\u00f4ture du mercato estival de la Ligue 1 \u00ab\u00a0Mobilis\u00a0\u00bb aura \u00e9t\u00e9 marqu\u00e9e par une activit\u00e9 intense dans les derni\u00e8res heures.<\/p>\n\n\n\n<p>Le Mouloudia d&rsquo;Alger, champion en titre, s&rsquo;impose comme le grand gagnant de cette p\u00e9riode de transferts en s&rsquo;offrant pas moins de cinq recrues de qualit\u00e9, dont deux signatures spectaculaires r\u00e9alis\u00e9es dans les ultimes moments du march\u00e9 des transferts. L&rsquo;op\u00e9ration la plus remarqu\u00e9e reste sans conteste le retour de Zinedine Ferhat sous les couleurs vert et rouge du Doyen. L&rsquo;attaquant de 32 ans, n\u00e9 \u00e0 Bordj Mena\u00efel, a paraph\u00e9 un contrat de trois ans apr\u00e8s avoir pass\u00e9 l&rsquo;\u00e9t\u00e9 \u00e0 s&rsquo;entra\u00eener au centre Abderrahmane Aouf de Z\u00e9ralda. Cette signature marque un v\u00e9ritable coup de th\u00e9\u00e2tre, alors que la JS Kabylie semblait tenir la corde dans ce dossier et s&rsquo;\u00e9tait consid\u00e9rablement avanc\u00e9e dans les n\u00e9gociations. Form\u00e9 \u00e0 la JS Kabylie avant de transiter par l&rsquo;Acad\u00e9mie de la FAF, Ferhat avait \u00e9t\u00e9 r\u00e9v\u00e9l\u00e9 par l&rsquo;USM Alger entre 2011 et 2016, avant d&rsquo;entamer une carri\u00e8re europ\u00e9enne prolifique au Havre AC, N\u00eemes Olympique, puis en Turquie \u00e0 Alanyaspor, et enfin \u00e0 Angers SCO jusqu&rsquo;en 2025. Son exp\u00e9rience internationale et sa connaissance du football alg\u00e9rien constituent des atouts pr\u00e9cieux pour le MCA qui ambitionne de briller sur tous les fronts cette saison.<\/p>\n\n\n\n<p>Quelques heures plus tard, le champion d&rsquo;Alg\u00e9rie r\u00e9cidivait en annon\u00e7ant l&rsquo;arriv\u00e9e d&rsquo;Ishak Boussouf, milieu de terrain de 24 ans en provenance du CR Belouizdad. Selon la Ligue de football professionnel, l&rsquo;ancien joueur du CRB s&rsquo;est engag\u00e9 pour deux saisons, devenant ainsi la cinqui\u00e8me recrue estivale du Mouloudia apr\u00e8s Aymen Bouguerra, Alexis Guendouz et Alhassane Bangoura. Ces arriv\u00e9es tardives t\u00e9moignent de l&rsquo;ambition du club de la capitale, qui entend d\u00e9fendre son titre national tout en r\u00e9alisant un parcours ambitieux en Ligue des champions africaine, apr\u00e8s une campagne d\u00e9cevante l&rsquo;an pass\u00e9.<\/p>\n\n\n\n<p>L&rsquo;USM Alger n&rsquo;est pas rest\u00e9e inactive dans cette course aux renforts. Le club de Soustara a officialis\u00e9 l&rsquo;engagement d&rsquo;Emmanuel Ernest, avant-centre international lib\u00e9rien de 24 ans, pour un contrat d&rsquo;une ann\u00e9e renouvelable. Dot\u00e9 d&rsquo;un gabarit int\u00e9ressant et comptant cinq s\u00e9lections avec son \u00e9quipe nationale, Ernest arrive avec pour mission de dynamiser une ligne d&rsquo;attaque usmiste en qu\u00eate d&rsquo;efficacit\u00e9. Sa signature intervient alors que le club a \u00e9galement act\u00e9 le d\u00e9part de Mohamed Benmazouz vers l&rsquo;Etoile Sportive du Sahel en Tunisie, t\u00e9moignant d&rsquo;une restructuration offensive voulue par la direction des Rouge et Noir.<\/p>\n\n\n\n<p>Le CR Belouizdad, de son c\u00f4t\u00e9, compense partiellement le d\u00e9part de Boussouf en s&rsquo;attachant les services de Farid El Melali. L&rsquo;ailier form\u00e9 au Paradou AC effectue son grand retour en Alg\u00e9rie apr\u00e8s sept ann\u00e9es pass\u00e9es en Ligue 1 fran\u00e7aise, principalement \u00e0 Angers SCO. Dans un fait in\u00e9dit, c&rsquo;est la Ligue de football professionnel elle-m\u00eame qui a annonc\u00e9 ce transfert via son site officiel, confirmant l&rsquo;enregistrement du joueur avant m\u00eame que le CRB ne communique officiellement. Cette situation atypique n&rsquo;en confirme pas moins l&rsquo;arriv\u00e9e d&rsquo;un renfort offensif de qualit\u00e9 pour le Chabab, qui devra composer sans l&rsquo;un de ses \u00e9l\u00e9ments les plus prometteurs.<\/p>\n\n\n\n<p>M. Dahleb<\/p>\n","protected":false},"excerpt":{"rendered":"<p>La cl\u00f4ture du mercato estival de la Ligue 1 \u00ab\u00a0Mobilis\u00a0\u00bb aura \u00e9t\u00e9 marqu\u00e9e par une activit\u00e9 intense dans les derni\u00e8res<\/p>\n","protected":false},"author":6,"featured_media":72753,"comment_status":"open","ping_status":"closed","sticky":false,"template":"","format":"standard","meta":{"colormag_page_container_layout":"default_layout","colormag_page_sidebar_layout":"default_layout","om_disable_all_campaigns":false,"_monsterinsights_skip_tracking":false,"_monsterinsights_sitenote_active":false,"_monsterinsights_sitenote_note":"","_monsterinsights_sitenote_category":0,"footnotes":"","_wpscppro_dont_share_socialmedia":false,"_wpscppro_custom_social_share_image":0,"_facebook_share_type":"default","_twitter_share_type":"default","_linkedin_share_type":"default","_pinterest_share_type":"default","_linkedin_share_type_page":"","_instagram_share_type":"default","_medium_share_type":"default","_threads_share_type":"default","_google_business_share_type":"default","_selected_social_profile":[],"_wpsp_enable_custom_social_template":false,"_wpsp_social_scheduling":{"enabled":false,"datetime":null,"platforms":[],"status":"template_only","dateOption":"today","timeOption":"now","customDays":"","customHours":"","customDate":"","customTime":"","schedulingType":"absolute"},"_wpsp_active_default_template":true},"categories":[33],"tags":[],"class_list":["post-72752","post","type-post","status-publish","format-standard","has-post-thumbnail","hentry","category-sports"],"aioseo_notices":[],"yoast_head":"<!-- This site is optimized with the Yoast SEO plugin v27.5 - https:\/\/yoast.com\/product\/yoast-seo-wordpress\/ -->\n<title>Mercato estival\u00a0: Le MCA frappe fort, l&rsquo;USMA et le CRB se renforcent - La Sentinelle<\/title>\n<meta name=\"robots\" content=\"index, follow, max-snippet:-1, max-image-preview:large, max-video-preview:-1\" \/>\n<link rel=\"canonical\" href=\"https:\/\/lasentinelle.dz\/index.php\/2025\/09\/02\/mercato-estival-le-mca-frappe-fort-lusma-et-le-crb-se-renforcent\/\" \/>\n<meta property=\"og:locale\" content=\"fr_FR\" \/>\n<meta property=\"og:type\" content=\"article\" \/>\n<meta property=\"og:title\" content=\"Mercato estival\u00a0: Le MCA frappe fort, l&rsquo;USMA et le CRB se renforcent - La Sentinelle\" \/>\n<meta property=\"og:description\" content=\"La cl\u00f4ture du mercato estival de la Ligue 1 \u00ab\u00a0Mobilis\u00a0\u00bb aura \u00e9t\u00e9 marqu\u00e9e par une activit\u00e9 intense dans les derni\u00e8res\" \/>\n<meta property=\"og:url\" content=\"https:\/\/lasentinelle.dz\/index.php\/2025\/09\/02\/mercato-estival-le-mca-frappe-fort-lusma-et-le-crb-se-renforcent\/\" \/>\n<meta property=\"og:site_name\" content=\"La Sentinelle\" \/>\n<meta property=\"article:publisher\" content=\"https:\/\/www.facebook.com\/La-Sentinelle-104059864394773\" \/>\n<meta property=\"article:published_time\" content=\"2025-09-02T11:45:29+00:00\" \/>\n<meta property=\"article:modified_time\" content=\"2025-09-02T11:45:30+00:00\" \/>\n<meta property=\"og:image\" content=\"https:\/\/lasentinelle.dz\/wp-content\/uploads\/2025\/09\/boussouf.jpg\" \/>\n\t<meta property=\"og:image:width\" content=\"2048\" \/>\n\t<meta property=\"og:image:height\" content=\"1152\" \/>\n\t<meta property=\"og:image:type\" content=\"image\/jpeg\" \/>\n<meta name=\"author\" content=\"admin\" \/>\n<meta name=\"twitter:card\" content=\"summary_large_image\" \/>\n<meta name=\"twitter:label1\" content=\"\u00c9crit par\" \/>\n\t<meta name=\"twitter:data1\" content=\"admin\" \/>\n\t<meta name=\"twitter:label2\" content=\"Dur\u00e9e de lecture estim\u00e9e\" \/>\n\t<meta name=\"twitter:data2\" content=\"3 minutes\" \/>\n<script type=\"application\/ld+json\" class=\"yoast-schema-graph\">{\"@context\":\"https:\\\/\\\/schema.org\",\"@graph\":[{\"@type\":\"Article\",\"@id\":\"https:\\\/\\\/lasentinelle.dz\\\/index.php\\\/2025\\\/09\\\/02\\\/mercato-estival-le-mca-frappe-fort-lusma-et-le-crb-se-renforcent\\\/#article\",\"isPartOf\":{\"@id\":\"https:\\\/\\\/lasentinelle.dz\\\/index.php\\\/2025\\\/09\\\/02\\\/mercato-estival-le-mca-frappe-fort-lusma-et-le-crb-se-renforcent\\\/\"},\"author\":{\"name\":\"admin\",\"@id\":\"https:\\\/\\\/lasentinelle.dz\\\/#\\\/schema\\\/person\\\/729ee0024f24e0b8c5ec17232f8e8b41\"},\"headline\":\"Mercato estival\u00a0: Le MCA frappe fort, l&rsquo;USMA et le CRB se renforcent\",\"datePublished\":\"2025-09-02T11:45:29+00:00\",\"dateModified\":\"2025-09-02T11:45:30+00:00\",\"mainEntityOfPage\":{\"@id\":\"https:\\\/\\\/lasentinelle.dz\\\/index.php\\\/2025\\\/09\\\/02\\\/mercato-estival-le-mca-frappe-fort-lusma-et-le-crb-se-renforcent\\\/\"},\"wordCount\":586,\"commentCount\":0,\"publisher\":{\"@id\":\"https:\\\/\\\/lasentinelle.dz\\\/#organization\"},\"image\":{\"@id\":\"https:\\\/\\\/lasentinelle.dz\\\/index.php\\\/2025\\\/09\\\/02\\\/mercato-estival-le-mca-frappe-fort-lusma-et-le-crb-se-renforcent\\\/#primaryimage\"},\"thumbnailUrl\":\"https:\\\/\\\/lasentinelle.dz\\\/wp-content\\\/uploads\\\/2025\\\/09\\\/boussouf.jpg\",\"articleSection\":[\"Sports\"],\"inLanguage\":\"fr-FR\",\"potentialAction\":[{\"@type\":\"CommentAction\",\"name\":\"Comment\",\"target\":[\"https:\\\/\\\/lasentinelle.dz\\\/index.php\\\/2025\\\/09\\\/02\\\/mercato-estival-le-mca-frappe-fort-lusma-et-le-crb-se-renforcent\\\/#respond\"]}]},{\"@type\":\"WebPage\",\"@id\":\"https:\\\/\\\/lasentinelle.dz\\\/index.php\\\/2025\\\/09\\\/02\\\/mercato-estival-le-mca-frappe-fort-lusma-et-le-crb-se-renforcent\\\/\",\"url\":\"https:\\\/\\\/lasentinelle.dz\\\/index.php\\\/2025\\\/09\\\/02\\\/mercato-estival-le-mca-frappe-fort-lusma-et-le-crb-se-renforcent\\\/\",\"name\":\"Mercato estival\u00a0: Le MCA frappe fort, l&rsquo;USMA et le CRB se renforcent - La Sentinelle\",\"isPartOf\":{\"@id\":\"https:\\\/\\\/lasentinelle.dz\\\/#website\"},\"primaryImageOfPage\":{\"@id\":\"https:\\\/\\\/lasentinelle.dz\\\/index.php\\\/2025\\\/09\\\/02\\\/mercato-estival-le-mca-frappe-fort-lusma-et-le-crb-se-renforcent\\\/#primaryimage\"},\"image\":{\"@id\":\"https:\\\/\\\/lasentinelle.dz\\\/index.php\\\/2025\\\/09\\\/02\\\/mercato-estival-le-mca-frappe-fort-lusma-et-le-crb-se-renforcent\\\/#primaryimage\"},\"thumbnailUrl\":\"https:\\\/\\\/lasentinelle.dz\\\/wp-content\\\/uploads\\\/2025\\\/09\\\/boussouf.jpg\",\"datePublished\":\"2025-09-02T11:45:29+00:00\",\"dateModified\":\"2025-09-02T11:45:30+00:00\",\"breadcrumb\":{\"@id\":\"https:\\\/\\\/lasentinelle.dz\\\/index.php\\\/2025\\\/09\\\/02\\\/mercato-estival-le-mca-frappe-fort-lusma-et-le-crb-se-renforcent\\\/#breadcrumb\"},\"inLanguage\":\"fr-FR\",\"potentialAction\":[{\"@type\":\"ReadAction\",\"target\":[\"https:\\\/\\\/lasentinelle.dz\\\/index.php\\\/2025\\\/09\\\/02\\\/mercato-estival-le-mca-frappe-fort-lusma-et-le-crb-se-renforcent\\\/\"]}]},{\"@type\":\"ImageObject\",\"inLanguage\":\"fr-FR\",\"@id\":\"https:\\\/\\\/lasentinelle.dz\\\/index.php\\\/2025\\\/09\\\/02\\\/mercato-estival-le-mca-frappe-fort-lusma-et-le-crb-se-renforcent\\\/#primaryimage\",\"url\":\"https:\\\/\\\/lasentinelle.dz\\\/wp-content\\\/uploads\\\/2025\\\/09\\\/boussouf.jpg\",\"contentUrl\":\"https:\\\/\\\/lasentinelle.dz\\\/wp-content\\\/uploads\\\/2025\\\/09\\\/boussouf.jpg\",\"width\":2048,\"height\":1152},{\"@type\":\"BreadcrumbList\",\"@id\":\"https:\\\/\\\/lasentinelle.dz\\\/index.php\\\/2025\\\/09\\\/02\\\/mercato-estival-le-mca-frappe-fort-lusma-et-le-crb-se-renforcent\\\/#breadcrumb\",\"itemListElement\":[{\"@type\":\"ListItem\",\"position\":1,\"name\":\"Accueil\",\"item\":\"https:\\\/\\\/lasentinelle.dz\\\/\"},{\"@type\":\"ListItem\",\"position\":2,\"name\":\"Mercato estival\u00a0: Le MCA frappe fort, l&rsquo;USMA et le CRB se renforcent\"}]},{\"@type\":\"WebSite\",\"@id\":\"https:\\\/\\\/lasentinelle.dz\\\/#website\",\"url\":\"https:\\\/\\\/lasentinelle.dz\\\/\",\"name\":\"La Sentinelle\",\"description\":\"Quotidien national d&#039;information\",\"publisher\":{\"@id\":\"https:\\\/\\\/lasentinelle.dz\\\/#organization\"},\"potentialAction\":[{\"@type\":\"SearchAction\",\"target\":{\"@type\":\"EntryPoint\",\"urlTemplate\":\"https:\\\/\\\/lasentinelle.dz\\\/?s={search_term_string}\"},\"query-input\":{\"@type\":\"PropertyValueSpecification\",\"valueRequired\":true,\"valueName\":\"search_term_string\"}}],\"inLanguage\":\"fr-FR\"},{\"@type\":\"Organization\",\"@id\":\"https:\\\/\\\/lasentinelle.dz\\\/#organization\",\"name\":\"Quotidien La Sentinelle\",\"url\":\"https:\\\/\\\/lasentinelle.dz\\\/\",\"logo\":{\"@type\":\"ImageObject\",\"inLanguage\":\"fr-FR\",\"@id\":\"https:\\\/\\\/lasentinelle.dz\\\/#\\\/schema\\\/logo\\\/image\\\/\",\"url\":\"https:\\\/\\\/lasentinelle.dz\\\/wp-content\\\/uploads\\\/2021\\\/09\\\/logo-sentinelleSLOGAN-1.png\",\"contentUrl\":\"https:\\\/\\\/lasentinelle.dz\\\/wp-content\\\/uploads\\\/2021\\\/09\\\/logo-sentinelleSLOGAN-1.png\",\"width\":615,\"height\":142,\"caption\":\"Quotidien La Sentinelle\"},\"image\":{\"@id\":\"https:\\\/\\\/lasentinelle.dz\\\/#\\\/schema\\\/logo\\\/image\\\/\"},\"sameAs\":[\"https:\\\/\\\/www.facebook.com\\\/La-Sentinelle-104059864394773\"]},{\"@type\":\"Person\",\"@id\":\"https:\\\/\\\/lasentinelle.dz\\\/#\\\/schema\\\/person\\\/729ee0024f24e0b8c5ec17232f8e8b41\",\"name\":\"admin\",\"image\":{\"@type\":\"ImageObject\",\"inLanguage\":\"fr-FR\",\"@id\":\"https:\\\/\\\/secure.gravatar.com\\\/avatar\\\/4c81fed838786e9b53f540bf46533e750f5d292099ae3b66cfc6fb1982e29df7?s=96&d=mm&r=g\",\"url\":\"https:\\\/\\\/secure.gravatar.com\\\/avatar\\\/4c81fed838786e9b53f540bf46533e750f5d292099ae3b66cfc6fb1982e29df7?s=96&d=mm&r=g\",\"contentUrl\":\"https:\\\/\\\/secure.gravatar.com\\\/avatar\\\/4c81fed838786e9b53f540bf46533e750f5d292099ae3b66cfc6fb1982e29df7?s=96&d=mm&r=g\",\"caption\":\"admin\"},\"description\":\"admin\",\"url\":\"https:\\\/\\\/lasentinelle.dz\\\/author\\\/admin\\\/\"}]}<\/script>\n<!-- \/ Yoast SEO plugin. -->","yoast_head_json":{"title":"Mercato estival\u00a0: Le MCA frappe fort, l&rsquo;USMA et le CRB se renforcent - La Sentinelle","robots":{"index":"index","follow":"follow","max-snippet":"max-snippet:-1","max-image-preview":"max-image-preview:large","max-video-preview":"max-video-preview:-1"},"canonical":"https:\/\/lasentinelle.dz\/index.php\/2025\/09\/02\/mercato-estival-le-mca-frappe-fort-lusma-et-le-crb-se-renforcent\/","og_locale":"fr_FR","og_type":"article","og_title":"Mercato estival\u00a0: Le MCA frappe fort, l&rsquo;USMA et le CRB se renforcent - La Sentinelle","og_description":"La cl\u00f4ture du mercato estival de la Ligue 1 \u00ab\u00a0Mobilis\u00a0\u00bb aura \u00e9t\u00e9 marqu\u00e9e par une activit\u00e9 intense dans les derni\u00e8res","og_url":"https:\/\/lasentinelle.dz\/index.php\/2025\/09\/02\/mercato-estival-le-mca-frappe-fort-lusma-et-le-crb-se-renforcent\/","og_site_name":"La Sentinelle","article_publisher":"https:\/\/www.facebook.com\/La-Sentinelle-104059864394773","article_published_time":"2025-09-02T11:45:29+00:00","article_modified_time":"2025-09-02T11:45:30+00:00","og_image":[{"width":2048,"height":1152,"url":"https:\/\/lasentinelle.dz\/wp-content\/uploads\/2025\/09\/boussouf.jpg","type":"image\/jpeg"}],"author":"admin","twitter_card":"summary_large_image","twitter_misc":{"\u00c9crit par":"admin","Dur\u00e9e de lecture estim\u00e9e":"3 minutes"},"schema":{"@context":"https:\/\/schema.org","@graph":[{"@type":"Article","@id":"https:\/\/lasentinelle.dz\/index.php\/2025\/09\/02\/mercato-estival-le-mca-frappe-fort-lusma-et-le-crb-se-renforcent\/#article","isPartOf":{"@id":"https:\/\/lasentinelle.dz\/index.php\/2025\/09\/02\/mercato-estival-le-mca-frappe-fort-lusma-et-le-crb-se-renforcent\/"},"author":{"name":"admin","@id":"https:\/\/lasentinelle.dz\/#\/schema\/person\/729ee0024f24e0b8c5ec17232f8e8b41"},"headline":"Mercato estival\u00a0: Le MCA frappe fort, l&rsquo;USMA et le CRB se renforcent","datePublished":"2025-09-02T11:45:29+00:00","dateModified":"2025-09-02T11:45:30+00:00","mainEntityOfPage":{"@id":"https:\/\/lasentinelle.dz\/index.php\/2025\/09\/02\/mercato-estival-le-mca-frappe-fort-lusma-et-le-crb-se-renforcent\/"},"wordCount":586,"commentCount":0,"publisher":{"@id":"https:\/\/lasentinelle.dz\/#organization"},"image":{"@id":"https:\/\/lasentinelle.dz\/index.php\/2025\/09\/02\/mercato-estival-le-mca-frappe-fort-lusma-et-le-crb-se-renforcent\/#primaryimage"},"thumbnailUrl":"https:\/\/lasentinelle.dz\/wp-content\/uploads\/2025\/09\/boussouf.jpg","articleSection":["Sports"],"inLanguage":"fr-FR","potentialAction":[{"@type":"CommentAction","name":"Comment","target":["https:\/\/lasentinelle.dz\/index.php\/2025\/09\/02\/mercato-estival-le-mca-frappe-fort-lusma-et-le-crb-se-renforcent\/#respond"]}]},{"@type":"WebPage","@id":"https:\/\/lasentinelle.dz\/index.php\/2025\/09\/02\/mercato-estival-le-mca-frappe-fort-lusma-et-le-crb-se-renforcent\/","url":"https:\/\/lasentinelle.dz\/index.php\/2025\/09\/02\/mercato-estival-le-mca-frappe-fort-lusma-et-le-crb-se-renforcent\/","name":"Mercato estival\u00a0: Le MCA frappe fort, l&rsquo;USMA et le CRB se renforcent - La Sentinelle","isPartOf":{"@id":"https:\/\/lasentinelle.dz\/#website"},"primaryImageOfPage":{"@id":"https:\/\/lasentinelle.dz\/index.php\/2025\/09\/02\/mercato-estival-le-mca-frappe-fort-lusma-et-le-crb-se-renforcent\/#primaryimage"},"image":{"@id":"https:\/\/lasentinelle.dz\/index.php\/2025\/09\/02\/mercato-estival-le-mca-frappe-fort-lusma-et-le-crb-se-renforcent\/#primaryimage"},"thumbnailUrl":"https:\/\/lasentinelle.dz\/wp-content\/uploads\/2025\/09\/boussouf.jpg","datePublished":"2025-09-02T11:45:29+00:00","dateModified":"2025-09-02T11:45:30+00:00","breadcrumb":{"@id":"https:\/\/lasentinelle.dz\/index.php\/2025\/09\/02\/mercato-estival-le-mca-frappe-fort-lusma-et-le-crb-se-renforcent\/#breadcrumb"},"inLanguage":"fr-FR","potentialAction":[{"@type":"ReadAction","target":["https:\/\/lasentinelle.dz\/index.php\/2025\/09\/02\/mercato-estival-le-mca-frappe-fort-lusma-et-le-crb-se-renforcent\/"]}]},{"@type":"ImageObject","inLanguage":"fr-FR","@id":"https:\/\/lasentinelle.dz\/index.php\/2025\/09\/02\/mercato-estival-le-mca-frappe-fort-lusma-et-le-crb-se-renforcent\/#primaryimage","url":"https:\/\/lasentinelle.dz\/wp-content\/uploads\/2025\/09\/boussouf.jpg","contentUrl":"https:\/\/lasentinelle.dz\/wp-content\/uploads\/2025\/09\/boussouf.jpg","width":2048,"height":1152},{"@type":"BreadcrumbList","@id":"https:\/\/lasentinelle.dz\/index.php\/2025\/09\/02\/mercato-estival-le-mca-frappe-fort-lusma-et-le-crb-se-renforcent\/#breadcrumb","itemListElement":[{"@type":"ListItem","position":1,"name":"Accueil","item":"https:\/\/lasentinelle.dz\/"},{"@type":"ListItem","position":2,"name":"Mercato estival\u00a0: Le MCA frappe fort, l&rsquo;USMA et le CRB se renforcent"}]},{"@type":"WebSite","@id":"https:\/\/lasentinelle.dz\/#website","url":"https:\/\/lasentinelle.dz\/","name":"La Sentinelle","description":"Quotidien national d&#039;information","publisher":{"@id":"https:\/\/lasentinelle.dz\/#organization"},"potentialAction":[{"@type":"SearchAction","target":{"@type":"EntryPoint","urlTemplate":"https:\/\/lasentinelle.dz\/?s={search_term_string}"},"query-input":{"@type":"PropertyValueSpecification","valueRequired":true,"valueName":"search_term_string"}}],"inLanguage":"fr-FR"},{"@type":"Organization","@id":"https:\/\/lasentinelle.dz\/#organization","name":"Quotidien La Sentinelle","url":"https:\/\/lasentinelle.dz\/","logo":{"@type":"ImageObject","inLanguage":"fr-FR","@id":"https:\/\/lasentinelle.dz\/#\/schema\/logo\/image\/","url":"https:\/\/lasentinelle.dz\/wp-content\/uploads\/2021\/09\/logo-sentinelleSLOGAN-1.png","contentUrl":"https:\/\/lasentinelle.dz\/wp-content\/uploads\/2021\/09\/logo-sentinelleSLOGAN-1.png","width":615,"height":142,"caption":"Quotidien La Sentinelle"},"image":{"@id":"https:\/\/lasentinelle.dz\/#\/schema\/logo\/image\/"},"sameAs":["https:\/\/www.facebook.com\/La-Sentinelle-104059864394773"]},{"@type":"Person","@id":"https:\/\/lasentinelle.dz\/#\/schema\/person\/729ee0024f24e0b8c5ec17232f8e8b41","name":"admin","image":{"@type":"ImageObject","inLanguage":"fr-FR","@id":"https:\/\/secure.gravatar.com\/avatar\/4c81fed838786e9b53f540bf46533e750f5d292099ae3b66cfc6fb1982e29df7?s=96&d=mm&r=g","url":"https:\/\/secure.gravatar.com\/avatar\/4c81fed838786e9b53f540bf46533e750f5d292099ae3b66cfc6fb1982e29df7?s=96&d=mm&r=g","contentUrl":"https:\/\/secure.gravatar.com\/avatar\/4c81fed838786e9b53f540bf46533e750f5d292099ae3b66cfc6fb1982e29df7?s=96&d=mm&r=g","caption":"admin"},"description":"admin","url":"https:\/\/lasentinelle.dz\/author\/admin\/"}]}},"_links":{"self":[{"href":"https:\/\/lasentinelle.dz\/index.php\/wp-json\/wp\/v2\/posts\/72752","targetHints":{"allow":["GET"]}}],"collection":[{"href":"https:\/\/lasentinelle.dz\/index.php\/wp-json\/wp\/v2\/posts"}],"about":[{"href":"https:\/\/lasentinelle.dz\/index.php\/wp-json\/wp\/v2\/types\/post"}],"author":[{"embeddable":true,"href":"https:\/\/lasentinelle.dz\/index.php\/wp-json\/wp\/v2\/users\/6"}],"replies":[{"embeddable":true,"href":"https:\/\/lasentinelle.dz\/index.php\/wp-json\/wp\/v2\/comments?post=72752"}],"version-history":[{"count":2,"href":"https:\/\/lasentinelle.dz\/index.php\/wp-json\/wp\/v2\/posts\/72752\/revisions"}],"predecessor-version":[{"id":72755,"href":"https:\/\/lasentinelle.dz\/index.php\/wp-json\/wp\/v2\/posts\/72752\/revisions\/72755"}],"wp:featuredmedia":[{"embeddable":true,"href":"https:\/\/lasentinelle.dz\/index.php\/wp-json\/wp\/v2\/media\/72753"}],"wp:attachment":[{"href":"https:\/\/lasentinelle.dz\/index.php\/wp-json\/wp\/v2\/media?parent=72752"}],"wp:term":[{"taxonomy":"category","embeddable":true,"href":"https:\/\/lasentinelle.dz\/index.php\/wp-json\/wp\/v2\/categories?post=72752"},{"taxonomy":"post_tag","embeddable":true,"href":"https:\/\/lasentinelle.dz\/index.php\/wp-json\/wp\/v2\/tags?post=72752"}],"curies":[{"name":"wp","href":"https:\/\/api.w.org\/{rel}","templated":true}]}}