{"id":72756,"date":"2025-09-02T12:46:26","date_gmt":"2025-09-02T11:46:26","guid":{"rendered":"https:\/\/lasentinelle.dz\/?p=72756"},"modified":"2025-09-02T12:46:27","modified_gmt":"2025-09-02T11:46:27","slug":"ligue-2-amateur-le-debut-du-championnat-reporte-au-13-septembre","status":"publish","type":"post","link":"https:\/\/lasentinelle.dz\/index.php\/2025\/09\/02\/ligue-2-amateur-le-debut-du-championnat-reporte-au-13-septembre\/","title":{"rendered":"Ligue 2 amateur\u00a0: Le d\u00e9but du championnat report\u00e9 au 13 septembre"},"content":{"rendered":"\n<p>&nbsp;La Ligue nationale de football amateur a annonc\u00e9 dans un communiqu\u00e9 officiel le report d&rsquo;une semaine du championnat de Ligue 2, initialement programm\u00e9 pour d\u00e9buter le 6 septembre, qui sera finalement lanc\u00e9 le samedi 13 septembre 2025. Cette d\u00e9cision intervient dans un contexte particulier o\u00f9 plusieurs clubs peinent \u00e0 r\u00e9gulariser leur situation administrative et financi\u00e8re \u00e0 quelques jours du coup d&rsquo;envoi initialement pr\u00e9vu. Le calendrier de cette nouvelle saison avait pourtant \u00e9t\u00e9 \u00e9tabli dans les r\u00e8gles de l&rsquo;art lors du tirage au sort organis\u00e9 le 10 ao\u00fbt dernier en pr\u00e9sence des repr\u00e9sentants des clubs participants. \u00c0 cette occasion, la LNFA avait rappel\u00e9 les nouvelles dispositions organisationnelles et r\u00e9glementaires applicables d\u00e8s cet exercice, t\u00e9moignant de la volont\u00e9 d&rsquo;am\u00e9liorer le cadre de fonctionnement de la comp\u00e9tition. La r\u00e9partition des trente-deux formations en deux groupes g\u00e9ographiques avait \u00e9t\u00e9 arr\u00eat\u00e9e par le Bureau f\u00e9d\u00e9ral d\u00e8s le mois de juin, avec notamment le transfert de l&rsquo;USM El Harrach depuis le groupe Centre-Est vers le groupe Centre-Ouest, o\u00f9 \u00e9volueront \u00e9galement les nouveaux promus que sont le CRB Adrar, la JS Texraine et le WA Tlemcen.<\/p>\n\n\n\n<p>Le groupe Centre-Ouest rassemble ainsi l&rsquo;ASM Oran, le CR T\u00e9mouchent, le CRB Adrar, l&rsquo;ESM Kol\u00e9a, le GC Mascara, la JS El Biar, la JSM Tiaret, la JS Texraine, le MC Sa\u00efda, le NA Hussein Dey, le RC Arba\u00e2, le RC Kouba, l&rsquo;USM El Harrach, l&rsquo;US B\u00e9char Djedid, le WA Mostaganem et le WA Tlemcen. Le groupe Centre-Est comprend quant \u00e0 lui l&rsquo;AS Khroub, Beni Oualbane, le CR Beni Thour, le CA Batna, le HB Chelghoum La\u00efd, l&rsquo;IB Khemis El Khechna, la JS Bordj M\u00e9na\u00efel, la JS Djijel, le MO B\u00e9ja\u00efa, le MO Constantine, le MSP Batna, le NC Magra, le NRB Tleghma, l&rsquo;US Biskra, l&rsquo;US Chaouia et l&rsquo;USM Annaba.<\/p>\n\n\n\n<p>Face aux difficult\u00e9s rencontr\u00e9es par certains clubs, la F\u00e9d\u00e9ration alg\u00e9rienne de football a d\u00e9cid\u00e9 de prendre des mesures d&rsquo;assouplissement significatives. Dans un communiqu\u00e9 publi\u00e9 \u00e0 l&rsquo;issue de la r\u00e9union de son Bureau f\u00e9d\u00e9ral, l&rsquo;instance dirigeante a annonc\u00e9 \u00ab\u00a0la prorogation du d\u00e9lai de d\u00e9p\u00f4t des dossiers d&rsquo;engagement des clubs affili\u00e9s \u00e0 la Ligue nationale de football amateur jusqu&rsquo;au 15 septembre 2025\u00a0\u00bb. Cette mesure exceptionnelle vise selon la FAF \u00ab\u00a0\u00e0 donner davantage de temps aux clubs pour finaliser la composition de leurs effectifs et offrir une opportunit\u00e9 aux joueurs n&rsquo;ayant pas trouv\u00e9 preneur dans les divisions sup\u00e9rieures de signer en amateur\u00a0\u00bb. Cependant, la FAF maintient sa fermet\u00e9 sur les aspects financiers en rappelant que \u00ab\u00a0tout club n&rsquo;ayant pas r\u00e9gl\u00e9 ses droits d&rsquo;engagement ne sera pas autoris\u00e9 \u00e0 participer aux comp\u00e9titions\u00a0\u00bb. Les formations en litige avec leurs joueurs ou entra\u00eeneurs se voient interdire tout recrutement, \u00ab\u00a0sauf en cas de signature d&rsquo;un protocole officiel d&rsquo;\u00e9ch\u00e9ancier pour le remboursement des cr\u00e9ances\u00a0\u00bb. L&rsquo;instance f\u00e9d\u00e9rale a \u00e9galement d\u00e9taill\u00e9 un syst\u00e8me de sanctions graduelles pour les clubs d\u00e9faillants, pr\u00e9voyant en cas de premi\u00e8re absence une \u00ab\u00a0d\u00e9faite par forfait 0-3 et amende de 100.000 DA\u00a0\u00bb, puis en cas de r\u00e9cidive une \u00ab\u00a0d\u00e9faite par forfait 0-3, retrait de trois points au classement et amende doubl\u00e9e\u00a0\u00bb, avant l&rsquo;exclusion d\u00e9finitive en cas de troisi\u00e8me absence. Ces mesures t\u00e9moignent de la volont\u00e9 de la FAF d&rsquo;assainir le football amateur tout en pr\u00e9servant l&rsquo;int\u00e9grit\u00e9 de la comp\u00e9tition.<\/p>\n\n\n\n<p>M.D.<\/p>\n","protected":false},"excerpt":{"rendered":"<p>&nbsp;La Ligue nationale de football amateur a annonc\u00e9 dans un communiqu\u00e9 officiel le report d&rsquo;une semaine du championnat de Ligue<\/p>\n","protected":false},"author":6,"featured_media":60297,"comment_status":"open","ping_status":"closed","sticky":false,"template":"","format":"standard","meta":{"colormag_page_container_layout":"default_layout","colormag_page_sidebar_layout":"default_layout","om_disable_all_campaigns":false,"_monsterinsights_skip_tracking":false,"_monsterinsights_sitenote_active":false,"_monsterinsights_sitenote_note":"","_monsterinsights_sitenote_category":0,"footnotes":"","_wpscppro_dont_share_socialmedia":false,"_wpscppro_custom_social_share_image":0,"_facebook_share_type":"default","_twitter_share_type":"default","_linkedin_share_type":"default","_pinterest_share_type":"default","_linkedin_share_type_page":"","_instagram_share_type":"default","_medium_share_type":"default","_threads_share_type":"default","_google_business_share_type":"default","_selected_social_profile":[],"_wpsp_enable_custom_social_template":false,"_wpsp_social_scheduling":{"enabled":false,"datetime":null,"platforms":[],"status":"template_only","dateOption":"today","timeOption":"now","customDays":"","customHours":"","customDate":"","customTime":"","schedulingType":"absolute"},"_wpsp_active_default_template":true},"categories":[33],"tags":[],"class_list":["post-72756","post","type-post","status-publish","format-standard","has-post-thumbnail","hentry","category-sports"],"aioseo_notices":[],"yoast_head":"<!-- This site is optimized with the Yoast SEO plugin v27.5 - https:\/\/yoast.com\/product\/yoast-seo-wordpress\/ -->\n<title>Ligue 2 amateur\u00a0: Le d\u00e9but du championnat report\u00e9 au 13 septembre - La Sentinelle<\/title>\n<meta name=\"robots\" content=\"index, follow, max-snippet:-1, max-image-preview:large, max-video-preview:-1\" \/>\n<link rel=\"canonical\" href=\"https:\/\/lasentinelle.dz\/index.php\/2025\/09\/02\/ligue-2-amateur-le-debut-du-championnat-reporte-au-13-septembre\/\" \/>\n<meta property=\"og:locale\" content=\"fr_FR\" \/>\n<meta property=\"og:type\" content=\"article\" \/>\n<meta property=\"og:title\" content=\"Ligue 2 amateur\u00a0: Le d\u00e9but du championnat report\u00e9 au 13 septembre - La Sentinelle\" \/>\n<meta property=\"og:description\" content=\"&nbsp;La Ligue nationale de football amateur a annonc\u00e9 dans un communiqu\u00e9 officiel le report d&rsquo;une semaine du championnat de Ligue\" \/>\n<meta property=\"og:url\" content=\"https:\/\/lasentinelle.dz\/index.php\/2025\/09\/02\/ligue-2-amateur-le-debut-du-championnat-reporte-au-13-septembre\/\" \/>\n<meta property=\"og:site_name\" content=\"La Sentinelle\" \/>\n<meta property=\"article:publisher\" content=\"https:\/\/www.facebook.com\/La-Sentinelle-104059864394773\" \/>\n<meta property=\"article:published_time\" content=\"2025-09-02T11:46:26+00:00\" \/>\n<meta property=\"article:modified_time\" content=\"2025-09-02T11:46:27+00:00\" \/>\n<meta property=\"og:image\" content=\"https:\/\/lasentinelle.dz\/wp-content\/uploads\/2024\/12\/LNFA.png\" \/>\n\t<meta property=\"og:image:width\" content=\"1200\" \/>\n\t<meta property=\"og:image:height\" content=\"791\" \/>\n\t<meta property=\"og:image:type\" content=\"image\/png\" \/>\n<meta name=\"author\" content=\"admin\" \/>\n<meta name=\"twitter:card\" content=\"summary_large_image\" \/>\n<meta name=\"twitter:label1\" content=\"\u00c9crit par\" \/>\n\t<meta name=\"twitter:data1\" content=\"admin\" \/>\n\t<meta name=\"twitter:label2\" content=\"Dur\u00e9e de lecture estim\u00e9e\" \/>\n\t<meta name=\"twitter:data2\" content=\"3 minutes\" \/>\n<script type=\"application\/ld+json\" class=\"yoast-schema-graph\">{\"@context\":\"https:\\\/\\\/schema.org\",\"@graph\":[{\"@type\":\"Article\",\"@id\":\"https:\\\/\\\/lasentinelle.dz\\\/index.php\\\/2025\\\/09\\\/02\\\/ligue-2-amateur-le-debut-du-championnat-reporte-au-13-septembre\\\/#article\",\"isPartOf\":{\"@id\":\"https:\\\/\\\/lasentinelle.dz\\\/index.php\\\/2025\\\/09\\\/02\\\/ligue-2-amateur-le-debut-du-championnat-reporte-au-13-septembre\\\/\"},\"author\":{\"name\":\"admin\",\"@id\":\"https:\\\/\\\/lasentinelle.dz\\\/#\\\/schema\\\/person\\\/729ee0024f24e0b8c5ec17232f8e8b41\"},\"headline\":\"Ligue 2 amateur\u00a0: Le d\u00e9but du championnat report\u00e9 au 13 septembre\",\"datePublished\":\"2025-09-02T11:46:26+00:00\",\"dateModified\":\"2025-09-02T11:46:27+00:00\",\"mainEntityOfPage\":{\"@id\":\"https:\\\/\\\/lasentinelle.dz\\\/index.php\\\/2025\\\/09\\\/02\\\/ligue-2-amateur-le-debut-du-championnat-reporte-au-13-septembre\\\/\"},\"wordCount\":612,\"commentCount\":0,\"publisher\":{\"@id\":\"https:\\\/\\\/lasentinelle.dz\\\/#organization\"},\"image\":{\"@id\":\"https:\\\/\\\/lasentinelle.dz\\\/index.php\\\/2025\\\/09\\\/02\\\/ligue-2-amateur-le-debut-du-championnat-reporte-au-13-septembre\\\/#primaryimage\"},\"thumbnailUrl\":\"https:\\\/\\\/lasentinelle.dz\\\/wp-content\\\/uploads\\\/2024\\\/12\\\/LNFA.png\",\"articleSection\":[\"Sports\"],\"inLanguage\":\"fr-FR\",\"potentialAction\":[{\"@type\":\"CommentAction\",\"name\":\"Comment\",\"target\":[\"https:\\\/\\\/lasentinelle.dz\\\/index.php\\\/2025\\\/09\\\/02\\\/ligue-2-amateur-le-debut-du-championnat-reporte-au-13-septembre\\\/#respond\"]}]},{\"@type\":\"WebPage\",\"@id\":\"https:\\\/\\\/lasentinelle.dz\\\/index.php\\\/2025\\\/09\\\/02\\\/ligue-2-amateur-le-debut-du-championnat-reporte-au-13-septembre\\\/\",\"url\":\"https:\\\/\\\/lasentinelle.dz\\\/index.php\\\/2025\\\/09\\\/02\\\/ligue-2-amateur-le-debut-du-championnat-reporte-au-13-septembre\\\/\",\"name\":\"Ligue 2 amateur\u00a0: Le d\u00e9but du championnat report\u00e9 au 13 septembre - La Sentinelle\",\"isPartOf\":{\"@id\":\"https:\\\/\\\/lasentinelle.dz\\\/#website\"},\"primaryImageOfPage\":{\"@id\":\"https:\\\/\\\/lasentinelle.dz\\\/index.php\\\/2025\\\/09\\\/02\\\/ligue-2-amateur-le-debut-du-championnat-reporte-au-13-septembre\\\/#primaryimage\"},\"image\":{\"@id\":\"https:\\\/\\\/lasentinelle.dz\\\/index.php\\\/2025\\\/09\\\/02\\\/ligue-2-amateur-le-debut-du-championnat-reporte-au-13-septembre\\\/#primaryimage\"},\"thumbnailUrl\":\"https:\\\/\\\/lasentinelle.dz\\\/wp-content\\\/uploads\\\/2024\\\/12\\\/LNFA.png\",\"datePublished\":\"2025-09-02T11:46:26+00:00\",\"dateModified\":\"2025-09-02T11:46:27+00:00\",\"breadcrumb\":{\"@id\":\"https:\\\/\\\/lasentinelle.dz\\\/index.php\\\/2025\\\/09\\\/02\\\/ligue-2-amateur-le-debut-du-championnat-reporte-au-13-septembre\\\/#breadcrumb\"},\"inLanguage\":\"fr-FR\",\"potentialAction\":[{\"@type\":\"ReadAction\",\"target\":[\"https:\\\/\\\/lasentinelle.dz\\\/index.php\\\/2025\\\/09\\\/02\\\/ligue-2-amateur-le-debut-du-championnat-reporte-au-13-septembre\\\/\"]}]},{\"@type\":\"ImageObject\",\"inLanguage\":\"fr-FR\",\"@id\":\"https:\\\/\\\/lasentinelle.dz\\\/index.php\\\/2025\\\/09\\\/02\\\/ligue-2-amateur-le-debut-du-championnat-reporte-au-13-septembre\\\/#primaryimage\",\"url\":\"https:\\\/\\\/lasentinelle.dz\\\/wp-content\\\/uploads\\\/2024\\\/12\\\/LNFA.png\",\"contentUrl\":\"https:\\\/\\\/lasentinelle.dz\\\/wp-content\\\/uploads\\\/2024\\\/12\\\/LNFA.png\",\"width\":1200,\"height\":791},{\"@type\":\"BreadcrumbList\",\"@id\":\"https:\\\/\\\/lasentinelle.dz\\\/index.php\\\/2025\\\/09\\\/02\\\/ligue-2-amateur-le-debut-du-championnat-reporte-au-13-septembre\\\/#breadcrumb\",\"itemListElement\":[{\"@type\":\"ListItem\",\"position\":1,\"name\":\"Accueil\",\"item\":\"https:\\\/\\\/lasentinelle.dz\\\/\"},{\"@type\":\"ListItem\",\"position\":2,\"name\":\"Ligue 2 amateur\u00a0: Le d\u00e9but du championnat report\u00e9 au 13 septembre\"}]},{\"@type\":\"WebSite\",\"@id\":\"https:\\\/\\\/lasentinelle.dz\\\/#website\",\"url\":\"https:\\\/\\\/lasentinelle.dz\\\/\",\"name\":\"La Sentinelle\",\"description\":\"Quotidien national d&#039;information\",\"publisher\":{\"@id\":\"https:\\\/\\\/lasentinelle.dz\\\/#organization\"},\"potentialAction\":[{\"@type\":\"SearchAction\",\"target\":{\"@type\":\"EntryPoint\",\"urlTemplate\":\"https:\\\/\\\/lasentinelle.dz\\\/?s={search_term_string}\"},\"query-input\":{\"@type\":\"PropertyValueSpecification\",\"valueRequired\":true,\"valueName\":\"search_term_string\"}}],\"inLanguage\":\"fr-FR\"},{\"@type\":\"Organization\",\"@id\":\"https:\\\/\\\/lasentinelle.dz\\\/#organization\",\"name\":\"Quotidien La Sentinelle\",\"url\":\"https:\\\/\\\/lasentinelle.dz\\\/\",\"logo\":{\"@type\":\"ImageObject\",\"inLanguage\":\"fr-FR\",\"@id\":\"https:\\\/\\\/lasentinelle.dz\\\/#\\\/schema\\\/logo\\\/image\\\/\",\"url\":\"https:\\\/\\\/lasentinelle.dz\\\/wp-content\\\/uploads\\\/2021\\\/09\\\/logo-sentinelleSLOGAN-1.png\",\"contentUrl\":\"https:\\\/\\\/lasentinelle.dz\\\/wp-content\\\/uploads\\\/2021\\\/09\\\/logo-sentinelleSLOGAN-1.png\",\"width\":615,\"height\":142,\"caption\":\"Quotidien La Sentinelle\"},\"image\":{\"@id\":\"https:\\\/\\\/lasentinelle.dz\\\/#\\\/schema\\\/logo\\\/image\\\/\"},\"sameAs\":[\"https:\\\/\\\/www.facebook.com\\\/La-Sentinelle-104059864394773\"]},{\"@type\":\"Person\",\"@id\":\"https:\\\/\\\/lasentinelle.dz\\\/#\\\/schema\\\/person\\\/729ee0024f24e0b8c5ec17232f8e8b41\",\"name\":\"admin\",\"image\":{\"@type\":\"ImageObject\",\"inLanguage\":\"fr-FR\",\"@id\":\"https:\\\/\\\/secure.gravatar.com\\\/avatar\\\/4c81fed838786e9b53f540bf46533e750f5d292099ae3b66cfc6fb1982e29df7?s=96&d=mm&r=g\",\"url\":\"https:\\\/\\\/secure.gravatar.com\\\/avatar\\\/4c81fed838786e9b53f540bf46533e750f5d292099ae3b66cfc6fb1982e29df7?s=96&d=mm&r=g\",\"contentUrl\":\"https:\\\/\\\/secure.gravatar.com\\\/avatar\\\/4c81fed838786e9b53f540bf46533e750f5d292099ae3b66cfc6fb1982e29df7?s=96&d=mm&r=g\",\"caption\":\"admin\"},\"description\":\"admin\",\"url\":\"https:\\\/\\\/lasentinelle.dz\\\/author\\\/admin\\\/\"}]}<\/script>\n<!-- \/ Yoast SEO plugin. -->","yoast_head_json":{"title":"Ligue 2 amateur\u00a0: Le d\u00e9but du championnat report\u00e9 au 13 septembre - La Sentinelle","robots":{"index":"index","follow":"follow","max-snippet":"max-snippet:-1","max-image-preview":"max-image-preview:large","max-video-preview":"max-video-preview:-1"},"canonical":"https:\/\/lasentinelle.dz\/index.php\/2025\/09\/02\/ligue-2-amateur-le-debut-du-championnat-reporte-au-13-septembre\/","og_locale":"fr_FR","og_type":"article","og_title":"Ligue 2 amateur\u00a0: Le d\u00e9but du championnat report\u00e9 au 13 septembre - La Sentinelle","og_description":"&nbsp;La Ligue nationale de football amateur a annonc\u00e9 dans un communiqu\u00e9 officiel le report d&rsquo;une semaine du championnat de Ligue","og_url":"https:\/\/lasentinelle.dz\/index.php\/2025\/09\/02\/ligue-2-amateur-le-debut-du-championnat-reporte-au-13-septembre\/","og_site_name":"La Sentinelle","article_publisher":"https:\/\/www.facebook.com\/La-Sentinelle-104059864394773","article_published_time":"2025-09-02T11:46:26+00:00","article_modified_time":"2025-09-02T11:46:27+00:00","og_image":[{"width":1200,"height":791,"url":"https:\/\/lasentinelle.dz\/wp-content\/uploads\/2024\/12\/LNFA.png","type":"image\/png"}],"author":"admin","twitter_card":"summary_large_image","twitter_misc":{"\u00c9crit par":"admin","Dur\u00e9e de lecture estim\u00e9e":"3 minutes"},"schema":{"@context":"https:\/\/schema.org","@graph":[{"@type":"Article","@id":"https:\/\/lasentinelle.dz\/index.php\/2025\/09\/02\/ligue-2-amateur-le-debut-du-championnat-reporte-au-13-septembre\/#article","isPartOf":{"@id":"https:\/\/lasentinelle.dz\/index.php\/2025\/09\/02\/ligue-2-amateur-le-debut-du-championnat-reporte-au-13-septembre\/"},"author":{"name":"admin","@id":"https:\/\/lasentinelle.dz\/#\/schema\/person\/729ee0024f24e0b8c5ec17232f8e8b41"},"headline":"Ligue 2 amateur\u00a0: Le d\u00e9but du championnat report\u00e9 au 13 septembre","datePublished":"2025-09-02T11:46:26+00:00","dateModified":"2025-09-02T11:46:27+00:00","mainEntityOfPage":{"@id":"https:\/\/lasentinelle.dz\/index.php\/2025\/09\/02\/ligue-2-amateur-le-debut-du-championnat-reporte-au-13-septembre\/"},"wordCount":612,"commentCount":0,"publisher":{"@id":"https:\/\/lasentinelle.dz\/#organization"},"image":{"@id":"https:\/\/lasentinelle.dz\/index.php\/2025\/09\/02\/ligue-2-amateur-le-debut-du-championnat-reporte-au-13-septembre\/#primaryimage"},"thumbnailUrl":"https:\/\/lasentinelle.dz\/wp-content\/uploads\/2024\/12\/LNFA.png","articleSection":["Sports"],"inLanguage":"fr-FR","potentialAction":[{"@type":"CommentAction","name":"Comment","target":["https:\/\/lasentinelle.dz\/index.php\/2025\/09\/02\/ligue-2-amateur-le-debut-du-championnat-reporte-au-13-septembre\/#respond"]}]},{"@type":"WebPage","@id":"https:\/\/lasentinelle.dz\/index.php\/2025\/09\/02\/ligue-2-amateur-le-debut-du-championnat-reporte-au-13-septembre\/","url":"https:\/\/lasentinelle.dz\/index.php\/2025\/09\/02\/ligue-2-amateur-le-debut-du-championnat-reporte-au-13-septembre\/","name":"Ligue 2 amateur\u00a0: Le d\u00e9but du championnat report\u00e9 au 13 septembre - La Sentinelle","isPartOf":{"@id":"https:\/\/lasentinelle.dz\/#website"},"primaryImageOfPage":{"@id":"https:\/\/lasentinelle.dz\/index.php\/2025\/09\/02\/ligue-2-amateur-le-debut-du-championnat-reporte-au-13-septembre\/#primaryimage"},"image":{"@id":"https:\/\/lasentinelle.dz\/index.php\/2025\/09\/02\/ligue-2-amateur-le-debut-du-championnat-reporte-au-13-septembre\/#primaryimage"},"thumbnailUrl":"https:\/\/lasentinelle.dz\/wp-content\/uploads\/2024\/12\/LNFA.png","datePublished":"2025-09-02T11:46:26+00:00","dateModified":"2025-09-02T11:46:27+00:00","breadcrumb":{"@id":"https:\/\/lasentinelle.dz\/index.php\/2025\/09\/02\/ligue-2-amateur-le-debut-du-championnat-reporte-au-13-septembre\/#breadcrumb"},"inLanguage":"fr-FR","potentialAction":[{"@type":"ReadAction","target":["https:\/\/lasentinelle.dz\/index.php\/2025\/09\/02\/ligue-2-amateur-le-debut-du-championnat-reporte-au-13-septembre\/"]}]},{"@type":"ImageObject","inLanguage":"fr-FR","@id":"https:\/\/lasentinelle.dz\/index.php\/2025\/09\/02\/ligue-2-amateur-le-debut-du-championnat-reporte-au-13-septembre\/#primaryimage","url":"https:\/\/lasentinelle.dz\/wp-content\/uploads\/2024\/12\/LNFA.png","contentUrl":"https:\/\/lasentinelle.dz\/wp-content\/uploads\/2024\/12\/LNFA.png","width":1200,"height":791},{"@type":"BreadcrumbList","@id":"https:\/\/lasentinelle.dz\/index.php\/2025\/09\/02\/ligue-2-amateur-le-debut-du-championnat-reporte-au-13-septembre\/#breadcrumb","itemListElement":[{"@type":"ListItem","position":1,"name":"Accueil","item":"https:\/\/lasentinelle.dz\/"},{"@type":"ListItem","position":2,"name":"Ligue 2 amateur\u00a0: Le d\u00e9but du championnat report\u00e9 au 13 septembre"}]},{"@type":"WebSite","@id":"https:\/\/lasentinelle.dz\/#website","url":"https:\/\/lasentinelle.dz\/","name":"La Sentinelle","description":"Quotidien national d&#039;information","publisher":{"@id":"https:\/\/lasentinelle.dz\/#organization"},"potentialAction":[{"@type":"SearchAction","target":{"@type":"EntryPoint","urlTemplate":"https:\/\/lasentinelle.dz\/?s={search_term_string}"},"query-input":{"@type":"PropertyValueSpecification","valueRequired":true,"valueName":"search_term_string"}}],"inLanguage":"fr-FR"},{"@type":"Organization","@id":"https:\/\/lasentinelle.dz\/#organization","name":"Quotidien La Sentinelle","url":"https:\/\/lasentinelle.dz\/","logo":{"@type":"ImageObject","inLanguage":"fr-FR","@id":"https:\/\/lasentinelle.dz\/#\/schema\/logo\/image\/","url":"https:\/\/lasentinelle.dz\/wp-content\/uploads\/2021\/09\/logo-sentinelleSLOGAN-1.png","contentUrl":"https:\/\/lasentinelle.dz\/wp-content\/uploads\/2021\/09\/logo-sentinelleSLOGAN-1.png","width":615,"height":142,"caption":"Quotidien La Sentinelle"},"image":{"@id":"https:\/\/lasentinelle.dz\/#\/schema\/logo\/image\/"},"sameAs":["https:\/\/www.facebook.com\/La-Sentinelle-104059864394773"]},{"@type":"Person","@id":"https:\/\/lasentinelle.dz\/#\/schema\/person\/729ee0024f24e0b8c5ec17232f8e8b41","name":"admin","image":{"@type":"ImageObject","inLanguage":"fr-FR","@id":"https:\/\/secure.gravatar.com\/avatar\/4c81fed838786e9b53f540bf46533e750f5d292099ae3b66cfc6fb1982e29df7?s=96&d=mm&r=g","url":"https:\/\/secure.gravatar.com\/avatar\/4c81fed838786e9b53f540bf46533e750f5d292099ae3b66cfc6fb1982e29df7?s=96&d=mm&r=g","contentUrl":"https:\/\/secure.gravatar.com\/avatar\/4c81fed838786e9b53f540bf46533e750f5d292099ae3b66cfc6fb1982e29df7?s=96&d=mm&r=g","caption":"admin"},"description":"admin","url":"https:\/\/lasentinelle.dz\/author\/admin\/"}]}},"_links":{"self":[{"href":"https:\/\/lasentinelle.dz\/index.php\/wp-json\/wp\/v2\/posts\/72756","targetHints":{"allow":["GET"]}}],"collection":[{"href":"https:\/\/lasentinelle.dz\/index.php\/wp-json\/wp\/v2\/posts"}],"about":[{"href":"https:\/\/lasentinelle.dz\/index.php\/wp-json\/wp\/v2\/types\/post"}],"author":[{"embeddable":true,"href":"https:\/\/lasentinelle.dz\/index.php\/wp-json\/wp\/v2\/users\/6"}],"replies":[{"embeddable":true,"href":"https:\/\/lasentinelle.dz\/index.php\/wp-json\/wp\/v2\/comments?post=72756"}],"version-history":[{"count":1,"href":"https:\/\/lasentinelle.dz\/index.php\/wp-json\/wp\/v2\/posts\/72756\/revisions"}],"predecessor-version":[{"id":72757,"href":"https:\/\/lasentinelle.dz\/index.php\/wp-json\/wp\/v2\/posts\/72756\/revisions\/72757"}],"wp:featuredmedia":[{"embeddable":true,"href":"https:\/\/lasentinelle.dz\/index.php\/wp-json\/wp\/v2\/media\/60297"}],"wp:attachment":[{"href":"https:\/\/lasentinelle.dz\/index.php\/wp-json\/wp\/v2\/media?parent=72756"}],"wp:term":[{"taxonomy":"category","embeddable":true,"href":"https:\/\/lasentinelle.dz\/index.php\/wp-json\/wp\/v2\/categories?post=72756"},{"taxonomy":"post_tag","embeddable":true,"href":"https:\/\/lasentinelle.dz\/index.php\/wp-json\/wp\/v2\/tags?post=72756"}],"curies":[{"name":"wp","href":"https:\/\/api.w.org\/{rel}","templated":true}]}}