{"id":72758,"date":"2025-09-02T12:47:08","date_gmt":"2025-09-02T11:47:08","guid":{"rendered":"https:\/\/lasentinelle.dz\/?p=72758"},"modified":"2025-09-02T12:47:09","modified_gmt":"2025-09-02T11:47:09","slug":"ligue-1-mobilis-derby-algerois-sans-saveur","status":"publish","type":"post","link":"https:\/\/lasentinelle.dz\/index.php\/2025\/09\/02\/ligue-1-mobilis-derby-algerois-sans-saveur\/","title":{"rendered":"Ligue 1 Mobilis\u00a0: Derby alg\u00e9rois sans saveur"},"content":{"rendered":"\n<p>La deuxi\u00e8me journ\u00e9e du championnat de Ligue 1 Mobilis s&rsquo;est achev\u00e9e dimanche soir sur une note d\u00e9cevante avec le derby alg\u00e9rois entre l&rsquo;USM Alger et le MC Alger qui n&rsquo;a pu d\u00e9partager les deux rivaux historiques (0-0) au stade de Blida.<\/p>\n\n\n\n<p>Devant 6000 supporteurs de l&rsquo;USMA venus encourager leurs couleurs, cette confrontation tant attendue a rapidement tourn\u00e9 au spectacle laborieux o\u00f9 l&rsquo;enjeu a pris le pas sur la qualit\u00e9 technique. Les deux formations, qui disputaient leur premier match officiel de la saison, ont \u00e9volu\u00e9 avec la peur de perdre plut\u00f4t que l&rsquo;envie de gagner, offrant un niveau de jeu tout juste acceptable pour un derby de cette envergure. Si chaque \u00e9quipe s&rsquo;est procur\u00e9 quelques occasions franches, les gardiens des deux camps n&rsquo;ont jamais \u00e9t\u00e9 v\u00e9ritablement mis en danger, malgr\u00e9 quelques interventions ponctuelles qui ont permis de maintenir le score vierge. Les entra\u00eeneurs Abdelhak Benchikha du c\u00f4t\u00e9 rouge et noir et le Sud-Africain Rhulani Mokwena pour le Doyen devront n\u00e9cessairement tirer les enseignements de cette prestation mitig\u00e9e avant les prochaines \u00e9ch\u00e9ances du championnat.<\/p>\n\n\n\n<p>L&rsquo;autre affiche de cette journ\u00e9e dominicale n&rsquo;a gu\u00e8re \u00e9t\u00e9 plus convaincante puisque la JS Kabylie, pourtant grande favorite pour le titre cette saison sous la houlette de Ryad Boudebouz, n&rsquo;est pas parvenue \u00e0 s&rsquo;imposer face au promu ES Ben Aknoun sur la pelouse du stade du 20 ao\u00fbt 1955 d&rsquo;Alger (1-1). Les Canaris, qui alignaient pratiquement toutes leurs nouvelles recrues estivales dont Mahious et Belaid, ont pourtant ouvert le score par l&rsquo;interm\u00e9diaire de leur meneur de jeu Boudebouz \u00e0 la 37e minute, quelques instants apr\u00e8s que Mahious ait manqu\u00e9 un penalty qui aurait pu faciliter la t\u00e2che kabyle d\u00e8s la demi-heure de jeu. Mais l&rsquo;ESBA, fid\u00e8le \u00e0 l&rsquo;\u00e9tat d&rsquo;esprit des \u00e9quipes promues qui n&rsquo;ont rien \u00e0 perdre, a su r\u00e9agir avec caract\u00e8re en \u00e9galisant dans les arr\u00eats de jeu de la premi\u00e8re p\u00e9riode gr\u00e2ce \u00e0 Saad (45e+4), avant de r\u00e9sister courageusement durant les 45 minutes suivantes pour arracher un point pr\u00e9cieux qui constitue sa premi\u00e8re r\u00e9compense en \u00e9lite cette saison.<\/p>\n\n\n\n<p>Pendant que les favoris peinaient \u00e0 convaincre, deux formations ont tir\u00e9 leur \u00e9pingle du jeu pour prendre les commandes provisoires du classement avec six points au compteur. L&rsquo;Olympique Akbou et le n\u00e9o-promu MB Rouissat se partagent ainsi la t\u00eate apr\u00e8s leurs victoires respectives face au MC Oran (1-0) et au MC El Bayadh (1-0). La formation d&rsquo;Akbou, dirig\u00e9e par l&rsquo;exp\u00e9riment\u00e9 Lotfi Amrouche, a fait la diff\u00e9rence gr\u00e2ce \u00e0 Mehdaoui juste avant la pause (43e), profitant \u00e9galement de l&rsquo;\u00e9chec oranais sur penalty dans le temps additionnel pour s&rsquo;adjuger les trois points. De son c\u00f4t\u00e9, le MBR confirme brillamment ses ambitions apr\u00e8s son succ\u00e8s inaugural face \u00e0 la JS Saoura (2-1) la semaine pass\u00e9e \u00e0 B\u00e9char. Sur la pelouse du stade du 18 f\u00e9vrier de Ouargla, les prot\u00e9g\u00e9s d&rsquo;Abdelkader Amrani ont domin\u00e9 le MC El Bayadh gr\u00e2ce au but salvateur de Ben Kheira (43e), s&rsquo;offrant ainsi un deuxi\u00e8me succ\u00e8s cons\u00e9cutif qui en dit long sur les qualit\u00e9s de cette \u00e9quipe promue. \u00c0 l&rsquo;inverse, rien ne sourit au MCEB qui encha\u00eene une deuxi\u00e8me d\u00e9faite en autant de rencontres, un d\u00e9but de parcours bien \u00e9loign\u00e9 des esp\u00e9rances de ses fid\u00e8les supporters qui esp\u00e9raient mieux de leur formation. L&rsquo;ES S\u00e9tif n&rsquo;a pas su saisir l&rsquo;opportunit\u00e9 de d\u00e9crocher sa premi\u00e8re victoire de l&rsquo;exercice en conc\u00e9dant le match nul \u00e0 domicile face \u00e0 la JS Saoura (1-1) dans l&rsquo;enceinte du 8-Mai 1945, ratant ainsi une belle occasion de lancer sa saison sur de meilleures bases. Les autres r\u00e9sultats de cette deuxi\u00e8me journ\u00e9e entam\u00e9e vendredi ont vu l&rsquo;ES Mostaganem s&rsquo;imposer nettement face au CS Constantine (2-0) \u00e0 domicile samedi, tandis que l&rsquo;USM Khenchela a cr\u00e9\u00e9 la surprise en s&rsquo;offrant une pr\u00e9cieuse victoire sur le terrain de l&rsquo;ASO Chlef (2-1), rapportant trois points inattendus de son d\u00e9placement. Plus t\u00f4t dans l&rsquo;apr\u00e8s-midi de samedi, le CR Belouizdad avait enfin ouvert son compteur points en disposant du Paradou AC (1-0) lors du derby alg\u00e9rois disput\u00e9 au stade du 20-Ao\u00fbt 1955 d&rsquo;El Anassers, s&rsquo;imposant gr\u00e2ce au but de sa recrue estivale Belhocini, ancien pensionnaire du CSC, qui a trouv\u00e9 la faille \u00e0 la 23e minute pour offrir la victoire aux Rouge et Blanc. Cette deuxi\u00e8me journ\u00e9e aura donc permis de d\u00e9gager une premi\u00e8re tendance avec la belle surprise du MB Rouissat qui confirme ses ambitions, tandis que les pr\u00e9tendants au titre comme la JSK devront rapidement hausser leur niveau de jeu pour r\u00e9pondre aux attentes plac\u00e9es en eux avant le d\u00e9but de cette saison 2025-2026.<\/p>\n\n\n\n<p>Moncef D.<\/p>\n","protected":false},"excerpt":{"rendered":"<p>La deuxi\u00e8me journ\u00e9e du championnat de Ligue 1 Mobilis s&rsquo;est achev\u00e9e dimanche soir sur une note d\u00e9cevante avec le derby<\/p>\n","protected":false},"author":6,"featured_media":72759,"comment_status":"open","ping_status":"closed","sticky":false,"template":"","format":"standard","meta":{"colormag_page_container_layout":"default_layout","colormag_page_sidebar_layout":"default_layout","om_disable_all_campaigns":false,"_monsterinsights_skip_tracking":false,"_monsterinsights_sitenote_active":false,"_monsterinsights_sitenote_note":"","_monsterinsights_sitenote_category":0,"footnotes":"","_wpscppro_dont_share_socialmedia":false,"_wpscppro_custom_social_share_image":0,"_facebook_share_type":"default","_twitter_share_type":"default","_linkedin_share_type":"default","_pinterest_share_type":"default","_linkedin_share_type_page":"","_instagram_share_type":"default","_medium_share_type":"default","_threads_share_type":"default","_google_business_share_type":"default","_selected_social_profile":[],"_wpsp_enable_custom_social_template":false,"_wpsp_social_scheduling":{"enabled":false,"datetime":null,"platforms":[],"status":"template_only","dateOption":"today","timeOption":"now","customDays":"","customHours":"","customDate":"","customTime":"","schedulingType":"absolute"},"_wpsp_active_default_template":true},"categories":[33],"tags":[],"class_list":["post-72758","post","type-post","status-publish","format-standard","has-post-thumbnail","hentry","category-sports"],"aioseo_notices":[],"yoast_head":"<!-- This site is optimized with the Yoast SEO plugin v27.5 - https:\/\/yoast.com\/product\/yoast-seo-wordpress\/ -->\n<title>Ligue 1 Mobilis\u00a0: Derby alg\u00e9rois sans saveur - La Sentinelle<\/title>\n<meta name=\"robots\" content=\"index, follow, max-snippet:-1, max-image-preview:large, max-video-preview:-1\" \/>\n<link rel=\"canonical\" href=\"https:\/\/lasentinelle.dz\/index.php\/2025\/09\/02\/ligue-1-mobilis-derby-algerois-sans-saveur\/\" \/>\n<meta property=\"og:locale\" content=\"fr_FR\" \/>\n<meta property=\"og:type\" content=\"article\" \/>\n<meta property=\"og:title\" content=\"Ligue 1 Mobilis\u00a0: Derby alg\u00e9rois sans saveur - La Sentinelle\" \/>\n<meta property=\"og:description\" content=\"La deuxi\u00e8me journ\u00e9e du championnat de Ligue 1 Mobilis s&rsquo;est achev\u00e9e dimanche soir sur une note d\u00e9cevante avec le derby\" \/>\n<meta property=\"og:url\" content=\"https:\/\/lasentinelle.dz\/index.php\/2025\/09\/02\/ligue-1-mobilis-derby-algerois-sans-saveur\/\" \/>\n<meta property=\"og:site_name\" content=\"La Sentinelle\" \/>\n<meta property=\"article:publisher\" content=\"https:\/\/www.facebook.com\/La-Sentinelle-104059864394773\" \/>\n<meta property=\"article:published_time\" content=\"2025-09-02T11:47:08+00:00\" \/>\n<meta property=\"article:modified_time\" content=\"2025-09-02T11:47:09+00:00\" \/>\n<meta property=\"og:image\" content=\"https:\/\/lasentinelle.dz\/wp-content\/uploads\/2025\/09\/derby.jpg\" \/>\n\t<meta property=\"og:image:width\" content=\"1440\" \/>\n\t<meta property=\"og:image:height\" content=\"1795\" \/>\n\t<meta property=\"og:image:type\" content=\"image\/jpeg\" \/>\n<meta name=\"author\" content=\"admin\" \/>\n<meta name=\"twitter:card\" content=\"summary_large_image\" \/>\n<meta name=\"twitter:label1\" content=\"\u00c9crit par\" \/>\n\t<meta name=\"twitter:data1\" content=\"admin\" \/>\n\t<meta name=\"twitter:label2\" content=\"Dur\u00e9e de lecture estim\u00e9e\" \/>\n\t<meta name=\"twitter:data2\" content=\"4 minutes\" \/>\n<script type=\"application\/ld+json\" class=\"yoast-schema-graph\">{\"@context\":\"https:\\\/\\\/schema.org\",\"@graph\":[{\"@type\":\"Article\",\"@id\":\"https:\\\/\\\/lasentinelle.dz\\\/index.php\\\/2025\\\/09\\\/02\\\/ligue-1-mobilis-derby-algerois-sans-saveur\\\/#article\",\"isPartOf\":{\"@id\":\"https:\\\/\\\/lasentinelle.dz\\\/index.php\\\/2025\\\/09\\\/02\\\/ligue-1-mobilis-derby-algerois-sans-saveur\\\/\"},\"author\":{\"name\":\"admin\",\"@id\":\"https:\\\/\\\/lasentinelle.dz\\\/#\\\/schema\\\/person\\\/729ee0024f24e0b8c5ec17232f8e8b41\"},\"headline\":\"Ligue 1 Mobilis\u00a0: Derby alg\u00e9rois sans saveur\",\"datePublished\":\"2025-09-02T11:47:08+00:00\",\"dateModified\":\"2025-09-02T11:47:09+00:00\",\"mainEntityOfPage\":{\"@id\":\"https:\\\/\\\/lasentinelle.dz\\\/index.php\\\/2025\\\/09\\\/02\\\/ligue-1-mobilis-derby-algerois-sans-saveur\\\/\"},\"wordCount\":842,\"commentCount\":0,\"publisher\":{\"@id\":\"https:\\\/\\\/lasentinelle.dz\\\/#organization\"},\"image\":{\"@id\":\"https:\\\/\\\/lasentinelle.dz\\\/index.php\\\/2025\\\/09\\\/02\\\/ligue-1-mobilis-derby-algerois-sans-saveur\\\/#primaryimage\"},\"thumbnailUrl\":\"https:\\\/\\\/lasentinelle.dz\\\/wp-content\\\/uploads\\\/2025\\\/09\\\/derby.jpg\",\"articleSection\":[\"Sports\"],\"inLanguage\":\"fr-FR\",\"potentialAction\":[{\"@type\":\"CommentAction\",\"name\":\"Comment\",\"target\":[\"https:\\\/\\\/lasentinelle.dz\\\/index.php\\\/2025\\\/09\\\/02\\\/ligue-1-mobilis-derby-algerois-sans-saveur\\\/#respond\"]}]},{\"@type\":\"WebPage\",\"@id\":\"https:\\\/\\\/lasentinelle.dz\\\/index.php\\\/2025\\\/09\\\/02\\\/ligue-1-mobilis-derby-algerois-sans-saveur\\\/\",\"url\":\"https:\\\/\\\/lasentinelle.dz\\\/index.php\\\/2025\\\/09\\\/02\\\/ligue-1-mobilis-derby-algerois-sans-saveur\\\/\",\"name\":\"Ligue 1 Mobilis\u00a0: Derby alg\u00e9rois sans saveur - La Sentinelle\",\"isPartOf\":{\"@id\":\"https:\\\/\\\/lasentinelle.dz\\\/#website\"},\"primaryImageOfPage\":{\"@id\":\"https:\\\/\\\/lasentinelle.dz\\\/index.php\\\/2025\\\/09\\\/02\\\/ligue-1-mobilis-derby-algerois-sans-saveur\\\/#primaryimage\"},\"image\":{\"@id\":\"https:\\\/\\\/lasentinelle.dz\\\/index.php\\\/2025\\\/09\\\/02\\\/ligue-1-mobilis-derby-algerois-sans-saveur\\\/#primaryimage\"},\"thumbnailUrl\":\"https:\\\/\\\/lasentinelle.dz\\\/wp-content\\\/uploads\\\/2025\\\/09\\\/derby.jpg\",\"datePublished\":\"2025-09-02T11:47:08+00:00\",\"dateModified\":\"2025-09-02T11:47:09+00:00\",\"breadcrumb\":{\"@id\":\"https:\\\/\\\/lasentinelle.dz\\\/index.php\\\/2025\\\/09\\\/02\\\/ligue-1-mobilis-derby-algerois-sans-saveur\\\/#breadcrumb\"},\"inLanguage\":\"fr-FR\",\"potentialAction\":[{\"@type\":\"ReadAction\",\"target\":[\"https:\\\/\\\/lasentinelle.dz\\\/index.php\\\/2025\\\/09\\\/02\\\/ligue-1-mobilis-derby-algerois-sans-saveur\\\/\"]}]},{\"@type\":\"ImageObject\",\"inLanguage\":\"fr-FR\",\"@id\":\"https:\\\/\\\/lasentinelle.dz\\\/index.php\\\/2025\\\/09\\\/02\\\/ligue-1-mobilis-derby-algerois-sans-saveur\\\/#primaryimage\",\"url\":\"https:\\\/\\\/lasentinelle.dz\\\/wp-content\\\/uploads\\\/2025\\\/09\\\/derby.jpg\",\"contentUrl\":\"https:\\\/\\\/lasentinelle.dz\\\/wp-content\\\/uploads\\\/2025\\\/09\\\/derby.jpg\",\"width\":1440,\"height\":1795},{\"@type\":\"BreadcrumbList\",\"@id\":\"https:\\\/\\\/lasentinelle.dz\\\/index.php\\\/2025\\\/09\\\/02\\\/ligue-1-mobilis-derby-algerois-sans-saveur\\\/#breadcrumb\",\"itemListElement\":[{\"@type\":\"ListItem\",\"position\":1,\"name\":\"Accueil\",\"item\":\"https:\\\/\\\/lasentinelle.dz\\\/\"},{\"@type\":\"ListItem\",\"position\":2,\"name\":\"Ligue 1 Mobilis\u00a0: Derby alg\u00e9rois sans saveur\"}]},{\"@type\":\"WebSite\",\"@id\":\"https:\\\/\\\/lasentinelle.dz\\\/#website\",\"url\":\"https:\\\/\\\/lasentinelle.dz\\\/\",\"name\":\"La Sentinelle\",\"description\":\"Quotidien national d&#039;information\",\"publisher\":{\"@id\":\"https:\\\/\\\/lasentinelle.dz\\\/#organization\"},\"potentialAction\":[{\"@type\":\"SearchAction\",\"target\":{\"@type\":\"EntryPoint\",\"urlTemplate\":\"https:\\\/\\\/lasentinelle.dz\\\/?s={search_term_string}\"},\"query-input\":{\"@type\":\"PropertyValueSpecification\",\"valueRequired\":true,\"valueName\":\"search_term_string\"}}],\"inLanguage\":\"fr-FR\"},{\"@type\":\"Organization\",\"@id\":\"https:\\\/\\\/lasentinelle.dz\\\/#organization\",\"name\":\"Quotidien La Sentinelle\",\"url\":\"https:\\\/\\\/lasentinelle.dz\\\/\",\"logo\":{\"@type\":\"ImageObject\",\"inLanguage\":\"fr-FR\",\"@id\":\"https:\\\/\\\/lasentinelle.dz\\\/#\\\/schema\\\/logo\\\/image\\\/\",\"url\":\"https:\\\/\\\/lasentinelle.dz\\\/wp-content\\\/uploads\\\/2021\\\/09\\\/logo-sentinelleSLOGAN-1.png\",\"contentUrl\":\"https:\\\/\\\/lasentinelle.dz\\\/wp-content\\\/uploads\\\/2021\\\/09\\\/logo-sentinelleSLOGAN-1.png\",\"width\":615,\"height\":142,\"caption\":\"Quotidien La Sentinelle\"},\"image\":{\"@id\":\"https:\\\/\\\/lasentinelle.dz\\\/#\\\/schema\\\/logo\\\/image\\\/\"},\"sameAs\":[\"https:\\\/\\\/www.facebook.com\\\/La-Sentinelle-104059864394773\"]},{\"@type\":\"Person\",\"@id\":\"https:\\\/\\\/lasentinelle.dz\\\/#\\\/schema\\\/person\\\/729ee0024f24e0b8c5ec17232f8e8b41\",\"name\":\"admin\",\"image\":{\"@type\":\"ImageObject\",\"inLanguage\":\"fr-FR\",\"@id\":\"https:\\\/\\\/secure.gravatar.com\\\/avatar\\\/4c81fed838786e9b53f540bf46533e750f5d292099ae3b66cfc6fb1982e29df7?s=96&d=mm&r=g\",\"url\":\"https:\\\/\\\/secure.gravatar.com\\\/avatar\\\/4c81fed838786e9b53f540bf46533e750f5d292099ae3b66cfc6fb1982e29df7?s=96&d=mm&r=g\",\"contentUrl\":\"https:\\\/\\\/secure.gravatar.com\\\/avatar\\\/4c81fed838786e9b53f540bf46533e750f5d292099ae3b66cfc6fb1982e29df7?s=96&d=mm&r=g\",\"caption\":\"admin\"},\"description\":\"admin\",\"url\":\"https:\\\/\\\/lasentinelle.dz\\\/author\\\/admin\\\/\"}]}<\/script>\n<!-- \/ Yoast SEO plugin. -->","yoast_head_json":{"title":"Ligue 1 Mobilis\u00a0: Derby alg\u00e9rois sans saveur - La Sentinelle","robots":{"index":"index","follow":"follow","max-snippet":"max-snippet:-1","max-image-preview":"max-image-preview:large","max-video-preview":"max-video-preview:-1"},"canonical":"https:\/\/lasentinelle.dz\/index.php\/2025\/09\/02\/ligue-1-mobilis-derby-algerois-sans-saveur\/","og_locale":"fr_FR","og_type":"article","og_title":"Ligue 1 Mobilis\u00a0: Derby alg\u00e9rois sans saveur - La Sentinelle","og_description":"La deuxi\u00e8me journ\u00e9e du championnat de Ligue 1 Mobilis s&rsquo;est achev\u00e9e dimanche soir sur une note d\u00e9cevante avec le derby","og_url":"https:\/\/lasentinelle.dz\/index.php\/2025\/09\/02\/ligue-1-mobilis-derby-algerois-sans-saveur\/","og_site_name":"La Sentinelle","article_publisher":"https:\/\/www.facebook.com\/La-Sentinelle-104059864394773","article_published_time":"2025-09-02T11:47:08+00:00","article_modified_time":"2025-09-02T11:47:09+00:00","og_image":[{"width":1440,"height":1795,"url":"https:\/\/lasentinelle.dz\/wp-content\/uploads\/2025\/09\/derby.jpg","type":"image\/jpeg"}],"author":"admin","twitter_card":"summary_large_image","twitter_misc":{"\u00c9crit par":"admin","Dur\u00e9e de lecture estim\u00e9e":"4 minutes"},"schema":{"@context":"https:\/\/schema.org","@graph":[{"@type":"Article","@id":"https:\/\/lasentinelle.dz\/index.php\/2025\/09\/02\/ligue-1-mobilis-derby-algerois-sans-saveur\/#article","isPartOf":{"@id":"https:\/\/lasentinelle.dz\/index.php\/2025\/09\/02\/ligue-1-mobilis-derby-algerois-sans-saveur\/"},"author":{"name":"admin","@id":"https:\/\/lasentinelle.dz\/#\/schema\/person\/729ee0024f24e0b8c5ec17232f8e8b41"},"headline":"Ligue 1 Mobilis\u00a0: Derby alg\u00e9rois sans saveur","datePublished":"2025-09-02T11:47:08+00:00","dateModified":"2025-09-02T11:47:09+00:00","mainEntityOfPage":{"@id":"https:\/\/lasentinelle.dz\/index.php\/2025\/09\/02\/ligue-1-mobilis-derby-algerois-sans-saveur\/"},"wordCount":842,"commentCount":0,"publisher":{"@id":"https:\/\/lasentinelle.dz\/#organization"},"image":{"@id":"https:\/\/lasentinelle.dz\/index.php\/2025\/09\/02\/ligue-1-mobilis-derby-algerois-sans-saveur\/#primaryimage"},"thumbnailUrl":"https:\/\/lasentinelle.dz\/wp-content\/uploads\/2025\/09\/derby.jpg","articleSection":["Sports"],"inLanguage":"fr-FR","potentialAction":[{"@type":"CommentAction","name":"Comment","target":["https:\/\/lasentinelle.dz\/index.php\/2025\/09\/02\/ligue-1-mobilis-derby-algerois-sans-saveur\/#respond"]}]},{"@type":"WebPage","@id":"https:\/\/lasentinelle.dz\/index.php\/2025\/09\/02\/ligue-1-mobilis-derby-algerois-sans-saveur\/","url":"https:\/\/lasentinelle.dz\/index.php\/2025\/09\/02\/ligue-1-mobilis-derby-algerois-sans-saveur\/","name":"Ligue 1 Mobilis\u00a0: Derby alg\u00e9rois sans saveur - La Sentinelle","isPartOf":{"@id":"https:\/\/lasentinelle.dz\/#website"},"primaryImageOfPage":{"@id":"https:\/\/lasentinelle.dz\/index.php\/2025\/09\/02\/ligue-1-mobilis-derby-algerois-sans-saveur\/#primaryimage"},"image":{"@id":"https:\/\/lasentinelle.dz\/index.php\/2025\/09\/02\/ligue-1-mobilis-derby-algerois-sans-saveur\/#primaryimage"},"thumbnailUrl":"https:\/\/lasentinelle.dz\/wp-content\/uploads\/2025\/09\/derby.jpg","datePublished":"2025-09-02T11:47:08+00:00","dateModified":"2025-09-02T11:47:09+00:00","breadcrumb":{"@id":"https:\/\/lasentinelle.dz\/index.php\/2025\/09\/02\/ligue-1-mobilis-derby-algerois-sans-saveur\/#breadcrumb"},"inLanguage":"fr-FR","potentialAction":[{"@type":"ReadAction","target":["https:\/\/lasentinelle.dz\/index.php\/2025\/09\/02\/ligue-1-mobilis-derby-algerois-sans-saveur\/"]}]},{"@type":"ImageObject","inLanguage":"fr-FR","@id":"https:\/\/lasentinelle.dz\/index.php\/2025\/09\/02\/ligue-1-mobilis-derby-algerois-sans-saveur\/#primaryimage","url":"https:\/\/lasentinelle.dz\/wp-content\/uploads\/2025\/09\/derby.jpg","contentUrl":"https:\/\/lasentinelle.dz\/wp-content\/uploads\/2025\/09\/derby.jpg","width":1440,"height":1795},{"@type":"BreadcrumbList","@id":"https:\/\/lasentinelle.dz\/index.php\/2025\/09\/02\/ligue-1-mobilis-derby-algerois-sans-saveur\/#breadcrumb","itemListElement":[{"@type":"ListItem","position":1,"name":"Accueil","item":"https:\/\/lasentinelle.dz\/"},{"@type":"ListItem","position":2,"name":"Ligue 1 Mobilis\u00a0: Derby alg\u00e9rois sans saveur"}]},{"@type":"WebSite","@id":"https:\/\/lasentinelle.dz\/#website","url":"https:\/\/lasentinelle.dz\/","name":"La Sentinelle","description":"Quotidien national d&#039;information","publisher":{"@id":"https:\/\/lasentinelle.dz\/#organization"},"potentialAction":[{"@type":"SearchAction","target":{"@type":"EntryPoint","urlTemplate":"https:\/\/lasentinelle.dz\/?s={search_term_string}"},"query-input":{"@type":"PropertyValueSpecification","valueRequired":true,"valueName":"search_term_string"}}],"inLanguage":"fr-FR"},{"@type":"Organization","@id":"https:\/\/lasentinelle.dz\/#organization","name":"Quotidien La Sentinelle","url":"https:\/\/lasentinelle.dz\/","logo":{"@type":"ImageObject","inLanguage":"fr-FR","@id":"https:\/\/lasentinelle.dz\/#\/schema\/logo\/image\/","url":"https:\/\/lasentinelle.dz\/wp-content\/uploads\/2021\/09\/logo-sentinelleSLOGAN-1.png","contentUrl":"https:\/\/lasentinelle.dz\/wp-content\/uploads\/2021\/09\/logo-sentinelleSLOGAN-1.png","width":615,"height":142,"caption":"Quotidien La Sentinelle"},"image":{"@id":"https:\/\/lasentinelle.dz\/#\/schema\/logo\/image\/"},"sameAs":["https:\/\/www.facebook.com\/La-Sentinelle-104059864394773"]},{"@type":"Person","@id":"https:\/\/lasentinelle.dz\/#\/schema\/person\/729ee0024f24e0b8c5ec17232f8e8b41","name":"admin","image":{"@type":"ImageObject","inLanguage":"fr-FR","@id":"https:\/\/secure.gravatar.com\/avatar\/4c81fed838786e9b53f540bf46533e750f5d292099ae3b66cfc6fb1982e29df7?s=96&d=mm&r=g","url":"https:\/\/secure.gravatar.com\/avatar\/4c81fed838786e9b53f540bf46533e750f5d292099ae3b66cfc6fb1982e29df7?s=96&d=mm&r=g","contentUrl":"https:\/\/secure.gravatar.com\/avatar\/4c81fed838786e9b53f540bf46533e750f5d292099ae3b66cfc6fb1982e29df7?s=96&d=mm&r=g","caption":"admin"},"description":"admin","url":"https:\/\/lasentinelle.dz\/author\/admin\/"}]}},"_links":{"self":[{"href":"https:\/\/lasentinelle.dz\/index.php\/wp-json\/wp\/v2\/posts\/72758","targetHints":{"allow":["GET"]}}],"collection":[{"href":"https:\/\/lasentinelle.dz\/index.php\/wp-json\/wp\/v2\/posts"}],"about":[{"href":"https:\/\/lasentinelle.dz\/index.php\/wp-json\/wp\/v2\/types\/post"}],"author":[{"embeddable":true,"href":"https:\/\/lasentinelle.dz\/index.php\/wp-json\/wp\/v2\/users\/6"}],"replies":[{"embeddable":true,"href":"https:\/\/lasentinelle.dz\/index.php\/wp-json\/wp\/v2\/comments?post=72758"}],"version-history":[{"count":1,"href":"https:\/\/lasentinelle.dz\/index.php\/wp-json\/wp\/v2\/posts\/72758\/revisions"}],"predecessor-version":[{"id":72760,"href":"https:\/\/lasentinelle.dz\/index.php\/wp-json\/wp\/v2\/posts\/72758\/revisions\/72760"}],"wp:featuredmedia":[{"embeddable":true,"href":"https:\/\/lasentinelle.dz\/index.php\/wp-json\/wp\/v2\/media\/72759"}],"wp:attachment":[{"href":"https:\/\/lasentinelle.dz\/index.php\/wp-json\/wp\/v2\/media?parent=72758"}],"wp:term":[{"taxonomy":"category","embeddable":true,"href":"https:\/\/lasentinelle.dz\/index.php\/wp-json\/wp\/v2\/categories?post=72758"},{"taxonomy":"post_tag","embeddable":true,"href":"https:\/\/lasentinelle.dz\/index.php\/wp-json\/wp\/v2\/tags?post=72758"}],"curies":[{"name":"wp","href":"https:\/\/api.w.org\/{rel}","templated":true}]}}