{"id":72827,"date":"2025-09-03T13:10:54","date_gmt":"2025-09-03T12:10:54","guid":{"rendered":"https:\/\/lasentinelle.dz\/?p=72827"},"modified":"2025-09-03T13:10:55","modified_gmt":"2025-09-03T12:10:55","slug":"salaires-des-joueurs-des-clubs-sous-la-surveillance-de-la-faf","status":"publish","type":"post","link":"https:\/\/lasentinelle.dz\/index.php\/2025\/09\/03\/salaires-des-joueurs-des-clubs-sous-la-surveillance-de-la-faf\/","title":{"rendered":"Salaires des joueurs\u00a0: Des clubs sous la surveillance de la FAF"},"content":{"rendered":"\n<p>La F\u00e9d\u00e9ration alg\u00e9rienne de football resserre l&rsquo;\u00e9tau sur les finances des clubs professionnels.<\/p>\n\n\n\n<p>Lors de la r\u00e9union du Bureau f\u00e9d\u00e9ral tenue dimanche par visioconf\u00e9rence, les questions li\u00e9es aux salaires de joueurs ainsi qu\u2019au nouveau contrat des joueurs ont \u00e9t\u00e9 examin\u00e9es. Et un constat se d\u00e9gage de cet examen&nbsp;: Si la majorit\u00e9 des clubs de la Ligue 1 repectent les nouvelles obligations impos\u00e9es par la FAF, certains font entorse \u00e0 la r\u00e9gle et feront l\u2019objet d\u2019une surveillance.&nbsp; Le pr\u00e9sident de la Ligue de Football Professionnel, El Amine Mesloug, a dress\u00e9 un bilan contrast\u00e9 devant le Bureau f\u00e9d\u00e9ral concernant le respect par les clubs du \u00ab\u00a0seuil de la masse salariale annuelle\u00a0\u00bb. Si \u00ab\u00a0la majorit\u00e9 des clubs s&rsquo;y sont conform\u00e9s\u00a0\u00bb, plusieurs formations \u00e9chappent encore aux r\u00e8gles financi\u00e8res \u00e9tablies. Ces clubs r\u00e9calcitrants verront leur situation \u00ab\u00a0examin\u00e9e par la commission de contr\u00f4le de gestion\u00a0\u00bb, une proc\u00e9dure qui pourrait d\u00e9boucher sur des sanctions disciplinaires ou financi\u00e8res. Cette surveillance renforc\u00e9e des finances clubs s&rsquo;inscrit dans la volont\u00e9 de la FAF d&rsquo;assainir le football professionnel alg\u00e9rien et d&rsquo;\u00e9viter les d\u00e9rives budg\u00e9taires qui ont longtemps plomb\u00e9 certaines formations. La modernisation du football alg\u00e9rien est \u00e9galement maqu\u00e9e par la mise en \u0153uvre r\u00e9ussie du \u00ab\u00a0nouveau mod\u00e8le de contrat du joueur professionnel\u00a0\u00bb qui \u00ab\u00a0a connu un franc succ\u00e8s\u00a0\u00bb selon Mesloug. Parall\u00e8lement, la \u00ab\u00a0d\u00e9mat\u00e9rialisation des licences\u00a0\u00bb est d\u00e9sormais effective avec le remplacement par \u00ab\u00a0l&rsquo;utilisation de la plateforme FAFConnect\u00a0\u00bb, marquant l&rsquo;entr\u00e9e du football national dans l&rsquo;\u00e8re num\u00e9rique. Ces avanc\u00e9es technologiques s&rsquo;accompagnent d&rsquo;un renforcement de l&rsquo;encadrement avec une \u00ab\u00a0journ\u00e9e de formation\u00a0\u00bb organis\u00e9e le 18 ao\u00fbt dernier \u00ab\u00a0au profit des commissaires aux matchs\u00a0\u00bb pour \u00ab\u00a0renforcer la rigueur dans l&rsquo;encadrement des rencontres\u00a0\u00bb.<\/p>\n\n\n\n<p><strong>`<\/strong><\/p>\n\n\n\n<p><strong>Dix clubs menac\u00e9s d&rsquo;exclusion pour impay\u00e9s<\/strong><\/p>\n\n\n\n<p>La situation devient plus critique pour les divisions inf\u00e9rieures o\u00f9 dix clubs risquent l&rsquo;exclusion pure et simple des comp\u00e9titions. La LNFA et la LIRF ont vu leur \u00ab\u00a0p\u00e9riode d&rsquo;enregistrement prolong\u00e9e jusqu&rsquo;au 15 septembre 2025\u00a0\u00bb avec un \u00ab\u00a0d\u00e9marrage des championnats fix\u00e9 au 13 septembre 2025\u00a0\u00bb. Mais cette cl\u00e9mence ne s&rsquo;applique pas aux mauvais payeurs. Les clubs \u00ab\u00a0qui n&rsquo;ont pas encore r\u00e9gl\u00e9 leurs droits d&rsquo;engagement aupr\u00e8s de la LNFA ne seront pas autoris\u00e9s \u00e0 participer aux comp\u00e9titions, conform\u00e9ment au r\u00e8glement en vigueur\u00a0\u00bb. Sont concern\u00e9s la JS Tixeraine, l&rsquo;US B\u00e9char Djedid, l&rsquo;USM Harrach, le RC Arbaa, le CR Temouchent, le HB Chleghoum La\u00efd, le NRB Teleghma, le CR Beni Thour, le MO Constantine et l&rsquo;AS Khroub. Ces formations ont jusqu&rsquo;au 15 septembre pour r\u00e9gulariser leur situation, faute de quoi elles se verront interdire l&rsquo;acc\u00e8s aux championnats.<\/p>\n\n\n\n<p><strong>L&rsquo;appel de Sadi au fair-play<\/strong><\/p>\n\n\n\n<p>Dans son allocution d&rsquo;ouverture, le pr\u00e9sident de la FAF Walid Sadi a lanc\u00e9 un vibrant appel \u00e0 la mobilisation g\u00e9n\u00e9rale du football alg\u00e9rien. Il a \u00ab\u00a0salu\u00e9 l&rsquo;engagement constant des acteurs du football, afin que notre discipline demeure attrayante et populaire\u00a0\u00bb tout en soulignant l&rsquo;importance de cette r\u00e9union \u00ab\u00a0qui intervient \u00e0 la veille du d\u00e9marrage d&rsquo;une nouvelle saison sportive, porteuse d&rsquo;espoirs et de d\u00e9fis pour le football national\u00a0\u00bb. Pour le dirigeant, cette saison \u00ab\u00a0doit \u00eatre l&rsquo;occasion de r\u00e9affirmer notre volont\u00e9 et notre d\u00e9termination \u00e0 impulser une nouvelle dynamique au d\u00e9veloppement du football alg\u00e9rien\u00a0\u00bb.<\/p>\n\n\n\n<p>Le pr\u00e9sident f\u00e9d\u00e9ral insiste particuli\u00e8rement sur les valeurs sportives, recommandant \u00ab\u00a0aux ligues de veiller \u00e0 ce que les comp\u00e9titions d\u00e9butent dans un climat d&rsquo;\u00e9quit\u00e9, de discipline et de professionnalisme\u00a0\u00bb avec \u00ab\u00a0une organisation rigoureuse, afin que les stades demeurent des espaces de joie et de convivialit\u00e9\u00a0\u00bb. Son appel s&rsquo;\u00e9tend \u00e0 tous les acteurs du football national : \u00ab\u00a0clubs, supporters et institutions\u00a0\u00bb sont invit\u00e9s \u00e0 \u00ab\u00a0une mobilisation totale en faveur du fair-play et de l&rsquo;esprit sportif\u00a0\u00bb. Sadi a \u00e9galement rassur\u00e9 les clubs en affirmant que \u00ab\u00a0la F\u00e9d\u00e9ration s&#8217;emploie \u00e0 soutenir aussi bien les clubs que les ligues dans leurs efforts de modernisation, de formation et de professionnalisation\u00a0\u00bb car \u00ab\u00a0un football fort ne peut exister sans des structures solides et bien g\u00e9r\u00e9es\u00a0\u00bb.<\/p>\n\n\n\n<p><strong>Mille contr\u00f4les anti-drogue programm\u00e9s<\/strong><\/p>\n\n\n\n<p>Autre point important de la r\u00e9union&nbsp;: l&rsquo;approbation d&rsquo;un \u00ab\u00a0programme de mille contr\u00f4les des produits narcotiques durant la saison sportive 2025\/2026\u00a0\u00bb. Ces contr\u00f4les, qui toucheront toutes les divisions, s&rsquo;inscrivent dans le cadre de la strat\u00e9gie nationale de la&nbsp;lutte contre la drogue et le narco-trafic.<\/p>\n\n\n\n<p>Concernant l&rsquo;\u00e9quipe nationale, Sadi a \u00ab\u00a0\u00e9voqu\u00e9 les \u00e9ch\u00e9ances de qualification \u00e0 la Coupe du Monde 2026\u00a0\u00bb et \u00ab\u00a0lanc\u00e9 un appel \u00e0 ses supporters afin qu&rsquo;ils continuent \u00e0 l&rsquo;accompagner avec constance et d\u00e9termination, pour qu&rsquo;elle porte toujours haut les couleurs de l&rsquo;Alg\u00e9rie sur les sc\u00e8nes africaine et mondiale\u00a0\u00bb. Les Verts, leaders de leur groupe avec 15 points en six matchs, re\u00e7oivent le Botswana le 4 septembre \u00e0 Tizi Ouzou avant de d\u00e9fier la Guin\u00e9e \u00e0 Casablanca le 8 septembre, deux rendez-vous cruciaux pour leur qualification au Mondial 2026. Le Bureau f\u00e9d\u00e9ral a d&rsquo;ailleurs apport\u00e9 \u00ab\u00a0son soutien au staff technique ainsi qu&rsquo;aux joueurs de l&rsquo;\u00e9quipe nationale A\u00a0\u00bb en mettant \u00ab\u00a0tous les moyens n\u00e9cessaires \u00e0 leur disposition afin d&rsquo;atteindre l&rsquo;objectif de qualification\u00a0\u00bb.<\/p>\n\n\n\n<p>Moncef Dahleb<\/p>\n","protected":false},"excerpt":{"rendered":"<p>La F\u00e9d\u00e9ration alg\u00e9rienne de football resserre l&rsquo;\u00e9tau sur les finances des clubs professionnels. Lors de la r\u00e9union du Bureau f\u00e9d\u00e9ral<\/p>\n","protected":false},"author":6,"featured_media":72828,"comment_status":"open","ping_status":"closed","sticky":false,"template":"","format":"standard","meta":{"colormag_page_container_layout":"default_layout","colormag_page_sidebar_layout":"default_layout","om_disable_all_campaigns":false,"_monsterinsights_skip_tracking":false,"_monsterinsights_sitenote_active":false,"_monsterinsights_sitenote_note":"","_monsterinsights_sitenote_category":0,"footnotes":"","_wpscppro_dont_share_socialmedia":false,"_wpscppro_custom_social_share_image":0,"_facebook_share_type":"default","_twitter_share_type":"default","_linkedin_share_type":"default","_pinterest_share_type":"default","_linkedin_share_type_page":"","_instagram_share_type":"default","_medium_share_type":"default","_threads_share_type":"default","_google_business_share_type":"default","_selected_social_profile":[],"_wpsp_enable_custom_social_template":false,"_wpsp_social_scheduling":{"enabled":false,"datetime":null,"platforms":[],"status":"template_only","dateOption":"today","timeOption":"now","customDays":"","customHours":"","customDate":"","customTime":"","schedulingType":"absolute"},"_wpsp_active_default_template":true},"categories":[52,33],"tags":[],"class_list":["post-72827","post","type-post","status-publish","format-standard","has-post-thumbnail","hentry","category-a-la-une","category-sports"],"aioseo_notices":[],"yoast_head":"<!-- This site is optimized with the Yoast SEO plugin v27.4 - https:\/\/yoast.com\/product\/yoast-seo-wordpress\/ -->\n<title>Salaires des joueurs\u00a0: Des clubs sous la surveillance de la FAF - La Sentinelle<\/title>\n<meta name=\"robots\" content=\"index, follow, max-snippet:-1, max-image-preview:large, max-video-preview:-1\" \/>\n<link rel=\"canonical\" href=\"https:\/\/lasentinelle.dz\/index.php\/2025\/09\/03\/salaires-des-joueurs-des-clubs-sous-la-surveillance-de-la-faf\/\" \/>\n<meta property=\"og:locale\" content=\"fr_FR\" \/>\n<meta property=\"og:type\" content=\"article\" \/>\n<meta property=\"og:title\" content=\"Salaires des joueurs\u00a0: Des clubs sous la surveillance de la FAF - La Sentinelle\" \/>\n<meta property=\"og:description\" content=\"La F\u00e9d\u00e9ration alg\u00e9rienne de football resserre l&rsquo;\u00e9tau sur les finances des clubs professionnels. Lors de la r\u00e9union du Bureau f\u00e9d\u00e9ral\" \/>\n<meta property=\"og:url\" content=\"https:\/\/lasentinelle.dz\/index.php\/2025\/09\/03\/salaires-des-joueurs-des-clubs-sous-la-surveillance-de-la-faf\/\" \/>\n<meta property=\"og:site_name\" content=\"La Sentinelle\" \/>\n<meta property=\"article:publisher\" content=\"https:\/\/www.facebook.com\/La-Sentinelle-104059864394773\" \/>\n<meta property=\"article:published_time\" content=\"2025-09-03T12:10:54+00:00\" \/>\n<meta property=\"article:modified_time\" content=\"2025-09-03T12:10:55+00:00\" \/>\n<meta property=\"og:image\" content=\"https:\/\/lasentinelle.dz\/wp-content\/uploads\/2025\/09\/BF.jpg\" \/>\n\t<meta property=\"og:image:width\" content=\"1440\" \/>\n\t<meta property=\"og:image:height\" content=\"958\" \/>\n\t<meta property=\"og:image:type\" content=\"image\/jpeg\" \/>\n<meta name=\"author\" content=\"admin\" \/>\n<meta name=\"twitter:card\" content=\"summary_large_image\" \/>\n<meta name=\"twitter:label1\" content=\"\u00c9crit par\" \/>\n\t<meta name=\"twitter:data1\" content=\"admin\" \/>\n\t<meta name=\"twitter:label2\" content=\"Dur\u00e9e de lecture estim\u00e9e\" \/>\n\t<meta name=\"twitter:data2\" content=\"5 minutes\" \/>\n<script type=\"application\/ld+json\" class=\"yoast-schema-graph\">{\"@context\":\"https:\\\/\\\/schema.org\",\"@graph\":[{\"@type\":\"Article\",\"@id\":\"https:\\\/\\\/lasentinelle.dz\\\/index.php\\\/2025\\\/09\\\/03\\\/salaires-des-joueurs-des-clubs-sous-la-surveillance-de-la-faf\\\/#article\",\"isPartOf\":{\"@id\":\"https:\\\/\\\/lasentinelle.dz\\\/index.php\\\/2025\\\/09\\\/03\\\/salaires-des-joueurs-des-clubs-sous-la-surveillance-de-la-faf\\\/\"},\"author\":{\"name\":\"admin\",\"@id\":\"https:\\\/\\\/lasentinelle.dz\\\/#\\\/schema\\\/person\\\/729ee0024f24e0b8c5ec17232f8e8b41\"},\"headline\":\"Salaires des joueurs\u00a0: Des clubs sous la surveillance de la FAF\",\"datePublished\":\"2025-09-03T12:10:54+00:00\",\"dateModified\":\"2025-09-03T12:10:55+00:00\",\"mainEntityOfPage\":{\"@id\":\"https:\\\/\\\/lasentinelle.dz\\\/index.php\\\/2025\\\/09\\\/03\\\/salaires-des-joueurs-des-clubs-sous-la-surveillance-de-la-faf\\\/\"},\"wordCount\":927,\"commentCount\":0,\"publisher\":{\"@id\":\"https:\\\/\\\/lasentinelle.dz\\\/#organization\"},\"image\":{\"@id\":\"https:\\\/\\\/lasentinelle.dz\\\/index.php\\\/2025\\\/09\\\/03\\\/salaires-des-joueurs-des-clubs-sous-la-surveillance-de-la-faf\\\/#primaryimage\"},\"thumbnailUrl\":\"https:\\\/\\\/lasentinelle.dz\\\/wp-content\\\/uploads\\\/2025\\\/09\\\/BF.jpg\",\"articleSection\":[\"\u00c0 la Une\",\"Sports\"],\"inLanguage\":\"fr-FR\",\"potentialAction\":[{\"@type\":\"CommentAction\",\"name\":\"Comment\",\"target\":[\"https:\\\/\\\/lasentinelle.dz\\\/index.php\\\/2025\\\/09\\\/03\\\/salaires-des-joueurs-des-clubs-sous-la-surveillance-de-la-faf\\\/#respond\"]}]},{\"@type\":\"WebPage\",\"@id\":\"https:\\\/\\\/lasentinelle.dz\\\/index.php\\\/2025\\\/09\\\/03\\\/salaires-des-joueurs-des-clubs-sous-la-surveillance-de-la-faf\\\/\",\"url\":\"https:\\\/\\\/lasentinelle.dz\\\/index.php\\\/2025\\\/09\\\/03\\\/salaires-des-joueurs-des-clubs-sous-la-surveillance-de-la-faf\\\/\",\"name\":\"Salaires des joueurs\u00a0: Des clubs sous la surveillance de la FAF - La Sentinelle\",\"isPartOf\":{\"@id\":\"https:\\\/\\\/lasentinelle.dz\\\/#website\"},\"primaryImageOfPage\":{\"@id\":\"https:\\\/\\\/lasentinelle.dz\\\/index.php\\\/2025\\\/09\\\/03\\\/salaires-des-joueurs-des-clubs-sous-la-surveillance-de-la-faf\\\/#primaryimage\"},\"image\":{\"@id\":\"https:\\\/\\\/lasentinelle.dz\\\/index.php\\\/2025\\\/09\\\/03\\\/salaires-des-joueurs-des-clubs-sous-la-surveillance-de-la-faf\\\/#primaryimage\"},\"thumbnailUrl\":\"https:\\\/\\\/lasentinelle.dz\\\/wp-content\\\/uploads\\\/2025\\\/09\\\/BF.jpg\",\"datePublished\":\"2025-09-03T12:10:54+00:00\",\"dateModified\":\"2025-09-03T12:10:55+00:00\",\"breadcrumb\":{\"@id\":\"https:\\\/\\\/lasentinelle.dz\\\/index.php\\\/2025\\\/09\\\/03\\\/salaires-des-joueurs-des-clubs-sous-la-surveillance-de-la-faf\\\/#breadcrumb\"},\"inLanguage\":\"fr-FR\",\"potentialAction\":[{\"@type\":\"ReadAction\",\"target\":[\"https:\\\/\\\/lasentinelle.dz\\\/index.php\\\/2025\\\/09\\\/03\\\/salaires-des-joueurs-des-clubs-sous-la-surveillance-de-la-faf\\\/\"]}]},{\"@type\":\"ImageObject\",\"inLanguage\":\"fr-FR\",\"@id\":\"https:\\\/\\\/lasentinelle.dz\\\/index.php\\\/2025\\\/09\\\/03\\\/salaires-des-joueurs-des-clubs-sous-la-surveillance-de-la-faf\\\/#primaryimage\",\"url\":\"https:\\\/\\\/lasentinelle.dz\\\/wp-content\\\/uploads\\\/2025\\\/09\\\/BF.jpg\",\"contentUrl\":\"https:\\\/\\\/lasentinelle.dz\\\/wp-content\\\/uploads\\\/2025\\\/09\\\/BF.jpg\",\"width\":1440,\"height\":958},{\"@type\":\"BreadcrumbList\",\"@id\":\"https:\\\/\\\/lasentinelle.dz\\\/index.php\\\/2025\\\/09\\\/03\\\/salaires-des-joueurs-des-clubs-sous-la-surveillance-de-la-faf\\\/#breadcrumb\",\"itemListElement\":[{\"@type\":\"ListItem\",\"position\":1,\"name\":\"Accueil\",\"item\":\"https:\\\/\\\/lasentinelle.dz\\\/\"},{\"@type\":\"ListItem\",\"position\":2,\"name\":\"Salaires des joueurs\u00a0: Des clubs sous la surveillance de la FAF\"}]},{\"@type\":\"WebSite\",\"@id\":\"https:\\\/\\\/lasentinelle.dz\\\/#website\",\"url\":\"https:\\\/\\\/lasentinelle.dz\\\/\",\"name\":\"La Sentinelle\",\"description\":\"Quotidien national d&#039;information\",\"publisher\":{\"@id\":\"https:\\\/\\\/lasentinelle.dz\\\/#organization\"},\"potentialAction\":[{\"@type\":\"SearchAction\",\"target\":{\"@type\":\"EntryPoint\",\"urlTemplate\":\"https:\\\/\\\/lasentinelle.dz\\\/?s={search_term_string}\"},\"query-input\":{\"@type\":\"PropertyValueSpecification\",\"valueRequired\":true,\"valueName\":\"search_term_string\"}}],\"inLanguage\":\"fr-FR\"},{\"@type\":\"Organization\",\"@id\":\"https:\\\/\\\/lasentinelle.dz\\\/#organization\",\"name\":\"Quotidien La Sentinelle\",\"url\":\"https:\\\/\\\/lasentinelle.dz\\\/\",\"logo\":{\"@type\":\"ImageObject\",\"inLanguage\":\"fr-FR\",\"@id\":\"https:\\\/\\\/lasentinelle.dz\\\/#\\\/schema\\\/logo\\\/image\\\/\",\"url\":\"https:\\\/\\\/lasentinelle.dz\\\/wp-content\\\/uploads\\\/2021\\\/09\\\/logo-sentinelleSLOGAN-1.png\",\"contentUrl\":\"https:\\\/\\\/lasentinelle.dz\\\/wp-content\\\/uploads\\\/2021\\\/09\\\/logo-sentinelleSLOGAN-1.png\",\"width\":615,\"height\":142,\"caption\":\"Quotidien La Sentinelle\"},\"image\":{\"@id\":\"https:\\\/\\\/lasentinelle.dz\\\/#\\\/schema\\\/logo\\\/image\\\/\"},\"sameAs\":[\"https:\\\/\\\/www.facebook.com\\\/La-Sentinelle-104059864394773\"]},{\"@type\":\"Person\",\"@id\":\"https:\\\/\\\/lasentinelle.dz\\\/#\\\/schema\\\/person\\\/729ee0024f24e0b8c5ec17232f8e8b41\",\"name\":\"admin\",\"image\":{\"@type\":\"ImageObject\",\"inLanguage\":\"fr-FR\",\"@id\":\"https:\\\/\\\/secure.gravatar.com\\\/avatar\\\/4c81fed838786e9b53f540bf46533e750f5d292099ae3b66cfc6fb1982e29df7?s=96&d=mm&r=g\",\"url\":\"https:\\\/\\\/secure.gravatar.com\\\/avatar\\\/4c81fed838786e9b53f540bf46533e750f5d292099ae3b66cfc6fb1982e29df7?s=96&d=mm&r=g\",\"contentUrl\":\"https:\\\/\\\/secure.gravatar.com\\\/avatar\\\/4c81fed838786e9b53f540bf46533e750f5d292099ae3b66cfc6fb1982e29df7?s=96&d=mm&r=g\",\"caption\":\"admin\"},\"description\":\"admin\",\"url\":\"https:\\\/\\\/lasentinelle.dz\\\/author\\\/admin\\\/\"}]}<\/script>\n<!-- \/ Yoast SEO plugin. -->","yoast_head_json":{"title":"Salaires des joueurs\u00a0: Des clubs sous la surveillance de la FAF - La Sentinelle","robots":{"index":"index","follow":"follow","max-snippet":"max-snippet:-1","max-image-preview":"max-image-preview:large","max-video-preview":"max-video-preview:-1"},"canonical":"https:\/\/lasentinelle.dz\/index.php\/2025\/09\/03\/salaires-des-joueurs-des-clubs-sous-la-surveillance-de-la-faf\/","og_locale":"fr_FR","og_type":"article","og_title":"Salaires des joueurs\u00a0: Des clubs sous la surveillance de la FAF - La Sentinelle","og_description":"La F\u00e9d\u00e9ration alg\u00e9rienne de football resserre l&rsquo;\u00e9tau sur les finances des clubs professionnels. Lors de la r\u00e9union du Bureau f\u00e9d\u00e9ral","og_url":"https:\/\/lasentinelle.dz\/index.php\/2025\/09\/03\/salaires-des-joueurs-des-clubs-sous-la-surveillance-de-la-faf\/","og_site_name":"La Sentinelle","article_publisher":"https:\/\/www.facebook.com\/La-Sentinelle-104059864394773","article_published_time":"2025-09-03T12:10:54+00:00","article_modified_time":"2025-09-03T12:10:55+00:00","og_image":[{"width":1440,"height":958,"url":"https:\/\/lasentinelle.dz\/wp-content\/uploads\/2025\/09\/BF.jpg","type":"image\/jpeg"}],"author":"admin","twitter_card":"summary_large_image","twitter_misc":{"\u00c9crit par":"admin","Dur\u00e9e de lecture estim\u00e9e":"5 minutes"},"schema":{"@context":"https:\/\/schema.org","@graph":[{"@type":"Article","@id":"https:\/\/lasentinelle.dz\/index.php\/2025\/09\/03\/salaires-des-joueurs-des-clubs-sous-la-surveillance-de-la-faf\/#article","isPartOf":{"@id":"https:\/\/lasentinelle.dz\/index.php\/2025\/09\/03\/salaires-des-joueurs-des-clubs-sous-la-surveillance-de-la-faf\/"},"author":{"name":"admin","@id":"https:\/\/lasentinelle.dz\/#\/schema\/person\/729ee0024f24e0b8c5ec17232f8e8b41"},"headline":"Salaires des joueurs\u00a0: Des clubs sous la surveillance de la FAF","datePublished":"2025-09-03T12:10:54+00:00","dateModified":"2025-09-03T12:10:55+00:00","mainEntityOfPage":{"@id":"https:\/\/lasentinelle.dz\/index.php\/2025\/09\/03\/salaires-des-joueurs-des-clubs-sous-la-surveillance-de-la-faf\/"},"wordCount":927,"commentCount":0,"publisher":{"@id":"https:\/\/lasentinelle.dz\/#organization"},"image":{"@id":"https:\/\/lasentinelle.dz\/index.php\/2025\/09\/03\/salaires-des-joueurs-des-clubs-sous-la-surveillance-de-la-faf\/#primaryimage"},"thumbnailUrl":"https:\/\/lasentinelle.dz\/wp-content\/uploads\/2025\/09\/BF.jpg","articleSection":["\u00c0 la Une","Sports"],"inLanguage":"fr-FR","potentialAction":[{"@type":"CommentAction","name":"Comment","target":["https:\/\/lasentinelle.dz\/index.php\/2025\/09\/03\/salaires-des-joueurs-des-clubs-sous-la-surveillance-de-la-faf\/#respond"]}]},{"@type":"WebPage","@id":"https:\/\/lasentinelle.dz\/index.php\/2025\/09\/03\/salaires-des-joueurs-des-clubs-sous-la-surveillance-de-la-faf\/","url":"https:\/\/lasentinelle.dz\/index.php\/2025\/09\/03\/salaires-des-joueurs-des-clubs-sous-la-surveillance-de-la-faf\/","name":"Salaires des joueurs\u00a0: Des clubs sous la surveillance de la FAF - La Sentinelle","isPartOf":{"@id":"https:\/\/lasentinelle.dz\/#website"},"primaryImageOfPage":{"@id":"https:\/\/lasentinelle.dz\/index.php\/2025\/09\/03\/salaires-des-joueurs-des-clubs-sous-la-surveillance-de-la-faf\/#primaryimage"},"image":{"@id":"https:\/\/lasentinelle.dz\/index.php\/2025\/09\/03\/salaires-des-joueurs-des-clubs-sous-la-surveillance-de-la-faf\/#primaryimage"},"thumbnailUrl":"https:\/\/lasentinelle.dz\/wp-content\/uploads\/2025\/09\/BF.jpg","datePublished":"2025-09-03T12:10:54+00:00","dateModified":"2025-09-03T12:10:55+00:00","breadcrumb":{"@id":"https:\/\/lasentinelle.dz\/index.php\/2025\/09\/03\/salaires-des-joueurs-des-clubs-sous-la-surveillance-de-la-faf\/#breadcrumb"},"inLanguage":"fr-FR","potentialAction":[{"@type":"ReadAction","target":["https:\/\/lasentinelle.dz\/index.php\/2025\/09\/03\/salaires-des-joueurs-des-clubs-sous-la-surveillance-de-la-faf\/"]}]},{"@type":"ImageObject","inLanguage":"fr-FR","@id":"https:\/\/lasentinelle.dz\/index.php\/2025\/09\/03\/salaires-des-joueurs-des-clubs-sous-la-surveillance-de-la-faf\/#primaryimage","url":"https:\/\/lasentinelle.dz\/wp-content\/uploads\/2025\/09\/BF.jpg","contentUrl":"https:\/\/lasentinelle.dz\/wp-content\/uploads\/2025\/09\/BF.jpg","width":1440,"height":958},{"@type":"BreadcrumbList","@id":"https:\/\/lasentinelle.dz\/index.php\/2025\/09\/03\/salaires-des-joueurs-des-clubs-sous-la-surveillance-de-la-faf\/#breadcrumb","itemListElement":[{"@type":"ListItem","position":1,"name":"Accueil","item":"https:\/\/lasentinelle.dz\/"},{"@type":"ListItem","position":2,"name":"Salaires des joueurs\u00a0: Des clubs sous la surveillance de la FAF"}]},{"@type":"WebSite","@id":"https:\/\/lasentinelle.dz\/#website","url":"https:\/\/lasentinelle.dz\/","name":"La Sentinelle","description":"Quotidien national d&#039;information","publisher":{"@id":"https:\/\/lasentinelle.dz\/#organization"},"potentialAction":[{"@type":"SearchAction","target":{"@type":"EntryPoint","urlTemplate":"https:\/\/lasentinelle.dz\/?s={search_term_string}"},"query-input":{"@type":"PropertyValueSpecification","valueRequired":true,"valueName":"search_term_string"}}],"inLanguage":"fr-FR"},{"@type":"Organization","@id":"https:\/\/lasentinelle.dz\/#organization","name":"Quotidien La Sentinelle","url":"https:\/\/lasentinelle.dz\/","logo":{"@type":"ImageObject","inLanguage":"fr-FR","@id":"https:\/\/lasentinelle.dz\/#\/schema\/logo\/image\/","url":"https:\/\/lasentinelle.dz\/wp-content\/uploads\/2021\/09\/logo-sentinelleSLOGAN-1.png","contentUrl":"https:\/\/lasentinelle.dz\/wp-content\/uploads\/2021\/09\/logo-sentinelleSLOGAN-1.png","width":615,"height":142,"caption":"Quotidien La Sentinelle"},"image":{"@id":"https:\/\/lasentinelle.dz\/#\/schema\/logo\/image\/"},"sameAs":["https:\/\/www.facebook.com\/La-Sentinelle-104059864394773"]},{"@type":"Person","@id":"https:\/\/lasentinelle.dz\/#\/schema\/person\/729ee0024f24e0b8c5ec17232f8e8b41","name":"admin","image":{"@type":"ImageObject","inLanguage":"fr-FR","@id":"https:\/\/secure.gravatar.com\/avatar\/4c81fed838786e9b53f540bf46533e750f5d292099ae3b66cfc6fb1982e29df7?s=96&d=mm&r=g","url":"https:\/\/secure.gravatar.com\/avatar\/4c81fed838786e9b53f540bf46533e750f5d292099ae3b66cfc6fb1982e29df7?s=96&d=mm&r=g","contentUrl":"https:\/\/secure.gravatar.com\/avatar\/4c81fed838786e9b53f540bf46533e750f5d292099ae3b66cfc6fb1982e29df7?s=96&d=mm&r=g","caption":"admin"},"description":"admin","url":"https:\/\/lasentinelle.dz\/author\/admin\/"}]}},"_links":{"self":[{"href":"https:\/\/lasentinelle.dz\/index.php\/wp-json\/wp\/v2\/posts\/72827","targetHints":{"allow":["GET"]}}],"collection":[{"href":"https:\/\/lasentinelle.dz\/index.php\/wp-json\/wp\/v2\/posts"}],"about":[{"href":"https:\/\/lasentinelle.dz\/index.php\/wp-json\/wp\/v2\/types\/post"}],"author":[{"embeddable":true,"href":"https:\/\/lasentinelle.dz\/index.php\/wp-json\/wp\/v2\/users\/6"}],"replies":[{"embeddable":true,"href":"https:\/\/lasentinelle.dz\/index.php\/wp-json\/wp\/v2\/comments?post=72827"}],"version-history":[{"count":1,"href":"https:\/\/lasentinelle.dz\/index.php\/wp-json\/wp\/v2\/posts\/72827\/revisions"}],"predecessor-version":[{"id":72829,"href":"https:\/\/lasentinelle.dz\/index.php\/wp-json\/wp\/v2\/posts\/72827\/revisions\/72829"}],"wp:featuredmedia":[{"embeddable":true,"href":"https:\/\/lasentinelle.dz\/index.php\/wp-json\/wp\/v2\/media\/72828"}],"wp:attachment":[{"href":"https:\/\/lasentinelle.dz\/index.php\/wp-json\/wp\/v2\/media?parent=72827"}],"wp:term":[{"taxonomy":"category","embeddable":true,"href":"https:\/\/lasentinelle.dz\/index.php\/wp-json\/wp\/v2\/categories?post=72827"},{"taxonomy":"post_tag","embeddable":true,"href":"https:\/\/lasentinelle.dz\/index.php\/wp-json\/wp\/v2\/tags?post=72827"}],"curies":[{"name":"wp","href":"https:\/\/api.w.org\/{rel}","templated":true}]}}