{"id":72830,"date":"2025-09-03T13:11:49","date_gmt":"2025-09-03T12:11:49","guid":{"rendered":"https:\/\/lasentinelle.dz\/?p=72830"},"modified":"2025-09-03T13:11:50","modified_gmt":"2025-09-03T12:11:50","slug":"etusa-nouveau-plan-de-transport-pour-la-rentree-sociale","status":"publish","type":"post","link":"https:\/\/lasentinelle.dz\/index.php\/2025\/09\/03\/etusa-nouveau-plan-de-transport-pour-la-rentree-sociale\/","title":{"rendered":"ETUSA\u00a0: Nouveau plan de transport pour la rentr\u00e9e sociale"},"content":{"rendered":"\n<p>L&rsquo;\u00c9tablissement public de transport urbain et suburbain ETUSA d&rsquo;Alger et de sa banlieue a annonc\u00e9 mardi la mise en place d&rsquo;un nouveau programme de transport en pr\u00e9vision de la \u00ab\u00a0rentr\u00e9e sociale\u00a0\u00bb 2025\/2026, qui entrera en service \u00e0 partir du 14 septembre courant. Un programme qui s&rsquo;inscrit dans une d\u00e9marche d&rsquo;adaptation aux nouveaux besoins de mobilit\u00e9 des citoyens alg\u00e9rois \u00e0 l&rsquo;approche de la nouvelle ann\u00e9e scolaire et universitaire. Selon le communiqu\u00e9 diffus\u00e9 par l&rsquo;\u00e9tablissement, le \u00ab\u00a0programme sp\u00e9cial trac\u00e9 par l&rsquo;\u00e9tablissement\u00a0\u00bb intitul\u00e9 \u00ab\u00a0programme d&rsquo;exploitation estival\u00a0\u00bb, qui assurait des liaisons vers la mer, les parcs et la mosqu\u00e9e d&rsquo;Alger, sera suspendu \u00e0 partir du samedi 6 septembre. Toutefois, les dessertes vers la Grande Mosqu\u00e9e d&rsquo;Alger pour l&rsquo;accomplissement de la pri\u00e8re du vendredi demeureront maintenues. La nouvelle grille horaire pr\u00e9voit que les \u00ab\u00a0premiers trajets sp\u00e9ciaux du programme de rentr\u00e9e sociale\u00a0\u00bb d\u00e9buteront \u00e0 06h00 du matin, tandis que les derniers trajets s&rsquo;ach\u00e8veront \u00e0 18h30 pour la p\u00e9riode matinale. La fr\u00e9quence des passages sera optimis\u00e9e avec un intervalle de \u00ab\u00a020 \u00e0 40 minutes entre les trajets sur les lignes urbaines\u00a0\u00bb et de \u00ab\u00a040 \u00e0 60 minutes sur les lignes suburbaines\u00a0\u00bb, permettant ainsi une meilleure fluidit\u00e9 du trafic pendant les heures de pointe.<\/p>\n\n\n\n<p>Pour r\u00e9pondre aux besoins nocturnes, ETUSA a \u00e9galement pr\u00e9vu une extension de service avec des \u00ab\u00a0premiers d\u00e9parts \u00e0 19h00 jusqu&rsquo;\u00e0 minuit\u00a0\u00bb. Cette r\u00e9organisation du r\u00e9seau de transport public alg\u00e9rois s&rsquo;inscrit dans une volont\u00e9 d&rsquo;am\u00e9liorer l&rsquo;offre de mobilit\u00e9 urbaine et de r\u00e9pondre efficacement aux d\u00e9fis de la rentr\u00e9e sociale.<\/p>\n\n\n\n<p><strong>R.R.<\/strong><\/p>\n","protected":false},"excerpt":{"rendered":"<p>L&rsquo;\u00c9tablissement public de transport urbain et suburbain ETUSA d&rsquo;Alger et de sa banlieue a annonc\u00e9 mardi la mise en place<\/p>\n","protected":false},"author":6,"featured_media":61146,"comment_status":"open","ping_status":"closed","sticky":false,"template":"","format":"standard","meta":{"colormag_page_container_layout":"default_layout","colormag_page_sidebar_layout":"default_layout","om_disable_all_campaigns":false,"_monsterinsights_skip_tracking":false,"_monsterinsights_sitenote_active":false,"_monsterinsights_sitenote_note":"","_monsterinsights_sitenote_category":0,"footnotes":"","_wpscppro_dont_share_socialmedia":false,"_wpscppro_custom_social_share_image":0,"_facebook_share_type":"default","_twitter_share_type":"default","_linkedin_share_type":"default","_pinterest_share_type":"default","_linkedin_share_type_page":"","_instagram_share_type":"default","_medium_share_type":"default","_threads_share_type":"default","_google_business_share_type":"default","_selected_social_profile":[],"_wpsp_enable_custom_social_template":false,"_wpsp_social_scheduling":{"enabled":false,"datetime":null,"platforms":[],"status":"template_only","dateOption":"today","timeOption":"now","customDays":"","customHours":"","customDate":"","customTime":"","schedulingType":"absolute"},"_wpsp_active_default_template":true},"categories":[31],"tags":[],"class_list":["post-72830","post","type-post","status-publish","format-standard","has-post-thumbnail","hentry","category-regions"],"aioseo_notices":[],"yoast_head":"<!-- This site is optimized with the Yoast SEO plugin v27.4 - https:\/\/yoast.com\/product\/yoast-seo-wordpress\/ -->\n<title>ETUSA\u00a0: Nouveau plan de transport pour la rentr\u00e9e sociale - La Sentinelle<\/title>\n<meta name=\"robots\" content=\"index, follow, max-snippet:-1, max-image-preview:large, max-video-preview:-1\" \/>\n<link rel=\"canonical\" href=\"https:\/\/lasentinelle.dz\/index.php\/2025\/09\/03\/etusa-nouveau-plan-de-transport-pour-la-rentree-sociale\/\" \/>\n<meta property=\"og:locale\" content=\"fr_FR\" \/>\n<meta property=\"og:type\" content=\"article\" \/>\n<meta property=\"og:title\" content=\"ETUSA\u00a0: Nouveau plan de transport pour la rentr\u00e9e sociale - La Sentinelle\" \/>\n<meta property=\"og:description\" content=\"L&rsquo;\u00c9tablissement public de transport urbain et suburbain ETUSA d&rsquo;Alger et de sa banlieue a annonc\u00e9 mardi la mise en place\" \/>\n<meta property=\"og:url\" content=\"https:\/\/lasentinelle.dz\/index.php\/2025\/09\/03\/etusa-nouveau-plan-de-transport-pour-la-rentree-sociale\/\" \/>\n<meta property=\"og:site_name\" content=\"La Sentinelle\" \/>\n<meta property=\"article:publisher\" content=\"https:\/\/www.facebook.com\/La-Sentinelle-104059864394773\" \/>\n<meta property=\"article:published_time\" content=\"2025-09-03T12:11:49+00:00\" \/>\n<meta property=\"article:modified_time\" content=\"2025-09-03T12:11:50+00:00\" \/>\n<meta property=\"og:image\" content=\"https:\/\/lasentinelle.dz\/wp-content\/uploads\/2025\/01\/etusa-alger-12.09.jpeg\" \/>\n\t<meta property=\"og:image:width\" content=\"696\" \/>\n\t<meta property=\"og:image:height\" content=\"401\" \/>\n\t<meta property=\"og:image:type\" content=\"image\/jpeg\" \/>\n<meta name=\"author\" content=\"admin\" \/>\n<meta name=\"twitter:card\" content=\"summary_large_image\" \/>\n<meta name=\"twitter:label1\" content=\"\u00c9crit par\" \/>\n\t<meta name=\"twitter:data1\" content=\"admin\" \/>\n\t<meta name=\"twitter:label2\" content=\"Dur\u00e9e de lecture estim\u00e9e\" \/>\n\t<meta name=\"twitter:data2\" content=\"2 minutes\" \/>\n<script type=\"application\/ld+json\" class=\"yoast-schema-graph\">{\"@context\":\"https:\\\/\\\/schema.org\",\"@graph\":[{\"@type\":\"Article\",\"@id\":\"https:\\\/\\\/lasentinelle.dz\\\/index.php\\\/2025\\\/09\\\/03\\\/etusa-nouveau-plan-de-transport-pour-la-rentree-sociale\\\/#article\",\"isPartOf\":{\"@id\":\"https:\\\/\\\/lasentinelle.dz\\\/index.php\\\/2025\\\/09\\\/03\\\/etusa-nouveau-plan-de-transport-pour-la-rentree-sociale\\\/\"},\"author\":{\"name\":\"admin\",\"@id\":\"https:\\\/\\\/lasentinelle.dz\\\/#\\\/schema\\\/person\\\/729ee0024f24e0b8c5ec17232f8e8b41\"},\"headline\":\"ETUSA\u00a0: Nouveau plan de transport pour la rentr\u00e9e sociale\",\"datePublished\":\"2025-09-03T12:11:49+00:00\",\"dateModified\":\"2025-09-03T12:11:50+00:00\",\"mainEntityOfPage\":{\"@id\":\"https:\\\/\\\/lasentinelle.dz\\\/index.php\\\/2025\\\/09\\\/03\\\/etusa-nouveau-plan-de-transport-pour-la-rentree-sociale\\\/\"},\"wordCount\":284,\"commentCount\":0,\"publisher\":{\"@id\":\"https:\\\/\\\/lasentinelle.dz\\\/#organization\"},\"image\":{\"@id\":\"https:\\\/\\\/lasentinelle.dz\\\/index.php\\\/2025\\\/09\\\/03\\\/etusa-nouveau-plan-de-transport-pour-la-rentree-sociale\\\/#primaryimage\"},\"thumbnailUrl\":\"https:\\\/\\\/lasentinelle.dz\\\/wp-content\\\/uploads\\\/2025\\\/01\\\/etusa-alger-12.09.jpeg\",\"articleSection\":[\"R\u00e9gions\"],\"inLanguage\":\"fr-FR\",\"potentialAction\":[{\"@type\":\"CommentAction\",\"name\":\"Comment\",\"target\":[\"https:\\\/\\\/lasentinelle.dz\\\/index.php\\\/2025\\\/09\\\/03\\\/etusa-nouveau-plan-de-transport-pour-la-rentree-sociale\\\/#respond\"]}]},{\"@type\":\"WebPage\",\"@id\":\"https:\\\/\\\/lasentinelle.dz\\\/index.php\\\/2025\\\/09\\\/03\\\/etusa-nouveau-plan-de-transport-pour-la-rentree-sociale\\\/\",\"url\":\"https:\\\/\\\/lasentinelle.dz\\\/index.php\\\/2025\\\/09\\\/03\\\/etusa-nouveau-plan-de-transport-pour-la-rentree-sociale\\\/\",\"name\":\"ETUSA\u00a0: Nouveau plan de transport pour la rentr\u00e9e sociale - La Sentinelle\",\"isPartOf\":{\"@id\":\"https:\\\/\\\/lasentinelle.dz\\\/#website\"},\"primaryImageOfPage\":{\"@id\":\"https:\\\/\\\/lasentinelle.dz\\\/index.php\\\/2025\\\/09\\\/03\\\/etusa-nouveau-plan-de-transport-pour-la-rentree-sociale\\\/#primaryimage\"},\"image\":{\"@id\":\"https:\\\/\\\/lasentinelle.dz\\\/index.php\\\/2025\\\/09\\\/03\\\/etusa-nouveau-plan-de-transport-pour-la-rentree-sociale\\\/#primaryimage\"},\"thumbnailUrl\":\"https:\\\/\\\/lasentinelle.dz\\\/wp-content\\\/uploads\\\/2025\\\/01\\\/etusa-alger-12.09.jpeg\",\"datePublished\":\"2025-09-03T12:11:49+00:00\",\"dateModified\":\"2025-09-03T12:11:50+00:00\",\"breadcrumb\":{\"@id\":\"https:\\\/\\\/lasentinelle.dz\\\/index.php\\\/2025\\\/09\\\/03\\\/etusa-nouveau-plan-de-transport-pour-la-rentree-sociale\\\/#breadcrumb\"},\"inLanguage\":\"fr-FR\",\"potentialAction\":[{\"@type\":\"ReadAction\",\"target\":[\"https:\\\/\\\/lasentinelle.dz\\\/index.php\\\/2025\\\/09\\\/03\\\/etusa-nouveau-plan-de-transport-pour-la-rentree-sociale\\\/\"]}]},{\"@type\":\"ImageObject\",\"inLanguage\":\"fr-FR\",\"@id\":\"https:\\\/\\\/lasentinelle.dz\\\/index.php\\\/2025\\\/09\\\/03\\\/etusa-nouveau-plan-de-transport-pour-la-rentree-sociale\\\/#primaryimage\",\"url\":\"https:\\\/\\\/lasentinelle.dz\\\/wp-content\\\/uploads\\\/2025\\\/01\\\/etusa-alger-12.09.jpeg\",\"contentUrl\":\"https:\\\/\\\/lasentinelle.dz\\\/wp-content\\\/uploads\\\/2025\\\/01\\\/etusa-alger-12.09.jpeg\",\"width\":696,\"height\":401},{\"@type\":\"BreadcrumbList\",\"@id\":\"https:\\\/\\\/lasentinelle.dz\\\/index.php\\\/2025\\\/09\\\/03\\\/etusa-nouveau-plan-de-transport-pour-la-rentree-sociale\\\/#breadcrumb\",\"itemListElement\":[{\"@type\":\"ListItem\",\"position\":1,\"name\":\"Accueil\",\"item\":\"https:\\\/\\\/lasentinelle.dz\\\/\"},{\"@type\":\"ListItem\",\"position\":2,\"name\":\"ETUSA\u00a0: Nouveau plan de transport pour la rentr\u00e9e sociale\"}]},{\"@type\":\"WebSite\",\"@id\":\"https:\\\/\\\/lasentinelle.dz\\\/#website\",\"url\":\"https:\\\/\\\/lasentinelle.dz\\\/\",\"name\":\"La Sentinelle\",\"description\":\"Quotidien national d&#039;information\",\"publisher\":{\"@id\":\"https:\\\/\\\/lasentinelle.dz\\\/#organization\"},\"potentialAction\":[{\"@type\":\"SearchAction\",\"target\":{\"@type\":\"EntryPoint\",\"urlTemplate\":\"https:\\\/\\\/lasentinelle.dz\\\/?s={search_term_string}\"},\"query-input\":{\"@type\":\"PropertyValueSpecification\",\"valueRequired\":true,\"valueName\":\"search_term_string\"}}],\"inLanguage\":\"fr-FR\"},{\"@type\":\"Organization\",\"@id\":\"https:\\\/\\\/lasentinelle.dz\\\/#organization\",\"name\":\"Quotidien La Sentinelle\",\"url\":\"https:\\\/\\\/lasentinelle.dz\\\/\",\"logo\":{\"@type\":\"ImageObject\",\"inLanguage\":\"fr-FR\",\"@id\":\"https:\\\/\\\/lasentinelle.dz\\\/#\\\/schema\\\/logo\\\/image\\\/\",\"url\":\"https:\\\/\\\/lasentinelle.dz\\\/wp-content\\\/uploads\\\/2021\\\/09\\\/logo-sentinelleSLOGAN-1.png\",\"contentUrl\":\"https:\\\/\\\/lasentinelle.dz\\\/wp-content\\\/uploads\\\/2021\\\/09\\\/logo-sentinelleSLOGAN-1.png\",\"width\":615,\"height\":142,\"caption\":\"Quotidien La Sentinelle\"},\"image\":{\"@id\":\"https:\\\/\\\/lasentinelle.dz\\\/#\\\/schema\\\/logo\\\/image\\\/\"},\"sameAs\":[\"https:\\\/\\\/www.facebook.com\\\/La-Sentinelle-104059864394773\"]},{\"@type\":\"Person\",\"@id\":\"https:\\\/\\\/lasentinelle.dz\\\/#\\\/schema\\\/person\\\/729ee0024f24e0b8c5ec17232f8e8b41\",\"name\":\"admin\",\"image\":{\"@type\":\"ImageObject\",\"inLanguage\":\"fr-FR\",\"@id\":\"https:\\\/\\\/secure.gravatar.com\\\/avatar\\\/4c81fed838786e9b53f540bf46533e750f5d292099ae3b66cfc6fb1982e29df7?s=96&d=mm&r=g\",\"url\":\"https:\\\/\\\/secure.gravatar.com\\\/avatar\\\/4c81fed838786e9b53f540bf46533e750f5d292099ae3b66cfc6fb1982e29df7?s=96&d=mm&r=g\",\"contentUrl\":\"https:\\\/\\\/secure.gravatar.com\\\/avatar\\\/4c81fed838786e9b53f540bf46533e750f5d292099ae3b66cfc6fb1982e29df7?s=96&d=mm&r=g\",\"caption\":\"admin\"},\"description\":\"admin\",\"url\":\"https:\\\/\\\/lasentinelle.dz\\\/author\\\/admin\\\/\"}]}<\/script>\n<!-- \/ Yoast SEO plugin. -->","yoast_head_json":{"title":"ETUSA\u00a0: Nouveau plan de transport pour la rentr\u00e9e sociale - La Sentinelle","robots":{"index":"index","follow":"follow","max-snippet":"max-snippet:-1","max-image-preview":"max-image-preview:large","max-video-preview":"max-video-preview:-1"},"canonical":"https:\/\/lasentinelle.dz\/index.php\/2025\/09\/03\/etusa-nouveau-plan-de-transport-pour-la-rentree-sociale\/","og_locale":"fr_FR","og_type":"article","og_title":"ETUSA\u00a0: Nouveau plan de transport pour la rentr\u00e9e sociale - La Sentinelle","og_description":"L&rsquo;\u00c9tablissement public de transport urbain et suburbain ETUSA d&rsquo;Alger et de sa banlieue a annonc\u00e9 mardi la mise en place","og_url":"https:\/\/lasentinelle.dz\/index.php\/2025\/09\/03\/etusa-nouveau-plan-de-transport-pour-la-rentree-sociale\/","og_site_name":"La Sentinelle","article_publisher":"https:\/\/www.facebook.com\/La-Sentinelle-104059864394773","article_published_time":"2025-09-03T12:11:49+00:00","article_modified_time":"2025-09-03T12:11:50+00:00","og_image":[{"width":696,"height":401,"url":"https:\/\/lasentinelle.dz\/wp-content\/uploads\/2025\/01\/etusa-alger-12.09.jpeg","type":"image\/jpeg"}],"author":"admin","twitter_card":"summary_large_image","twitter_misc":{"\u00c9crit par":"admin","Dur\u00e9e de lecture estim\u00e9e":"2 minutes"},"schema":{"@context":"https:\/\/schema.org","@graph":[{"@type":"Article","@id":"https:\/\/lasentinelle.dz\/index.php\/2025\/09\/03\/etusa-nouveau-plan-de-transport-pour-la-rentree-sociale\/#article","isPartOf":{"@id":"https:\/\/lasentinelle.dz\/index.php\/2025\/09\/03\/etusa-nouveau-plan-de-transport-pour-la-rentree-sociale\/"},"author":{"name":"admin","@id":"https:\/\/lasentinelle.dz\/#\/schema\/person\/729ee0024f24e0b8c5ec17232f8e8b41"},"headline":"ETUSA\u00a0: Nouveau plan de transport pour la rentr\u00e9e sociale","datePublished":"2025-09-03T12:11:49+00:00","dateModified":"2025-09-03T12:11:50+00:00","mainEntityOfPage":{"@id":"https:\/\/lasentinelle.dz\/index.php\/2025\/09\/03\/etusa-nouveau-plan-de-transport-pour-la-rentree-sociale\/"},"wordCount":284,"commentCount":0,"publisher":{"@id":"https:\/\/lasentinelle.dz\/#organization"},"image":{"@id":"https:\/\/lasentinelle.dz\/index.php\/2025\/09\/03\/etusa-nouveau-plan-de-transport-pour-la-rentree-sociale\/#primaryimage"},"thumbnailUrl":"https:\/\/lasentinelle.dz\/wp-content\/uploads\/2025\/01\/etusa-alger-12.09.jpeg","articleSection":["R\u00e9gions"],"inLanguage":"fr-FR","potentialAction":[{"@type":"CommentAction","name":"Comment","target":["https:\/\/lasentinelle.dz\/index.php\/2025\/09\/03\/etusa-nouveau-plan-de-transport-pour-la-rentree-sociale\/#respond"]}]},{"@type":"WebPage","@id":"https:\/\/lasentinelle.dz\/index.php\/2025\/09\/03\/etusa-nouveau-plan-de-transport-pour-la-rentree-sociale\/","url":"https:\/\/lasentinelle.dz\/index.php\/2025\/09\/03\/etusa-nouveau-plan-de-transport-pour-la-rentree-sociale\/","name":"ETUSA\u00a0: Nouveau plan de transport pour la rentr\u00e9e sociale - La Sentinelle","isPartOf":{"@id":"https:\/\/lasentinelle.dz\/#website"},"primaryImageOfPage":{"@id":"https:\/\/lasentinelle.dz\/index.php\/2025\/09\/03\/etusa-nouveau-plan-de-transport-pour-la-rentree-sociale\/#primaryimage"},"image":{"@id":"https:\/\/lasentinelle.dz\/index.php\/2025\/09\/03\/etusa-nouveau-plan-de-transport-pour-la-rentree-sociale\/#primaryimage"},"thumbnailUrl":"https:\/\/lasentinelle.dz\/wp-content\/uploads\/2025\/01\/etusa-alger-12.09.jpeg","datePublished":"2025-09-03T12:11:49+00:00","dateModified":"2025-09-03T12:11:50+00:00","breadcrumb":{"@id":"https:\/\/lasentinelle.dz\/index.php\/2025\/09\/03\/etusa-nouveau-plan-de-transport-pour-la-rentree-sociale\/#breadcrumb"},"inLanguage":"fr-FR","potentialAction":[{"@type":"ReadAction","target":["https:\/\/lasentinelle.dz\/index.php\/2025\/09\/03\/etusa-nouveau-plan-de-transport-pour-la-rentree-sociale\/"]}]},{"@type":"ImageObject","inLanguage":"fr-FR","@id":"https:\/\/lasentinelle.dz\/index.php\/2025\/09\/03\/etusa-nouveau-plan-de-transport-pour-la-rentree-sociale\/#primaryimage","url":"https:\/\/lasentinelle.dz\/wp-content\/uploads\/2025\/01\/etusa-alger-12.09.jpeg","contentUrl":"https:\/\/lasentinelle.dz\/wp-content\/uploads\/2025\/01\/etusa-alger-12.09.jpeg","width":696,"height":401},{"@type":"BreadcrumbList","@id":"https:\/\/lasentinelle.dz\/index.php\/2025\/09\/03\/etusa-nouveau-plan-de-transport-pour-la-rentree-sociale\/#breadcrumb","itemListElement":[{"@type":"ListItem","position":1,"name":"Accueil","item":"https:\/\/lasentinelle.dz\/"},{"@type":"ListItem","position":2,"name":"ETUSA\u00a0: Nouveau plan de transport pour la rentr\u00e9e sociale"}]},{"@type":"WebSite","@id":"https:\/\/lasentinelle.dz\/#website","url":"https:\/\/lasentinelle.dz\/","name":"La Sentinelle","description":"Quotidien national d&#039;information","publisher":{"@id":"https:\/\/lasentinelle.dz\/#organization"},"potentialAction":[{"@type":"SearchAction","target":{"@type":"EntryPoint","urlTemplate":"https:\/\/lasentinelle.dz\/?s={search_term_string}"},"query-input":{"@type":"PropertyValueSpecification","valueRequired":true,"valueName":"search_term_string"}}],"inLanguage":"fr-FR"},{"@type":"Organization","@id":"https:\/\/lasentinelle.dz\/#organization","name":"Quotidien La Sentinelle","url":"https:\/\/lasentinelle.dz\/","logo":{"@type":"ImageObject","inLanguage":"fr-FR","@id":"https:\/\/lasentinelle.dz\/#\/schema\/logo\/image\/","url":"https:\/\/lasentinelle.dz\/wp-content\/uploads\/2021\/09\/logo-sentinelleSLOGAN-1.png","contentUrl":"https:\/\/lasentinelle.dz\/wp-content\/uploads\/2021\/09\/logo-sentinelleSLOGAN-1.png","width":615,"height":142,"caption":"Quotidien La Sentinelle"},"image":{"@id":"https:\/\/lasentinelle.dz\/#\/schema\/logo\/image\/"},"sameAs":["https:\/\/www.facebook.com\/La-Sentinelle-104059864394773"]},{"@type":"Person","@id":"https:\/\/lasentinelle.dz\/#\/schema\/person\/729ee0024f24e0b8c5ec17232f8e8b41","name":"admin","image":{"@type":"ImageObject","inLanguage":"fr-FR","@id":"https:\/\/secure.gravatar.com\/avatar\/4c81fed838786e9b53f540bf46533e750f5d292099ae3b66cfc6fb1982e29df7?s=96&d=mm&r=g","url":"https:\/\/secure.gravatar.com\/avatar\/4c81fed838786e9b53f540bf46533e750f5d292099ae3b66cfc6fb1982e29df7?s=96&d=mm&r=g","contentUrl":"https:\/\/secure.gravatar.com\/avatar\/4c81fed838786e9b53f540bf46533e750f5d292099ae3b66cfc6fb1982e29df7?s=96&d=mm&r=g","caption":"admin"},"description":"admin","url":"https:\/\/lasentinelle.dz\/author\/admin\/"}]}},"_links":{"self":[{"href":"https:\/\/lasentinelle.dz\/index.php\/wp-json\/wp\/v2\/posts\/72830","targetHints":{"allow":["GET"]}}],"collection":[{"href":"https:\/\/lasentinelle.dz\/index.php\/wp-json\/wp\/v2\/posts"}],"about":[{"href":"https:\/\/lasentinelle.dz\/index.php\/wp-json\/wp\/v2\/types\/post"}],"author":[{"embeddable":true,"href":"https:\/\/lasentinelle.dz\/index.php\/wp-json\/wp\/v2\/users\/6"}],"replies":[{"embeddable":true,"href":"https:\/\/lasentinelle.dz\/index.php\/wp-json\/wp\/v2\/comments?post=72830"}],"version-history":[{"count":1,"href":"https:\/\/lasentinelle.dz\/index.php\/wp-json\/wp\/v2\/posts\/72830\/revisions"}],"predecessor-version":[{"id":72831,"href":"https:\/\/lasentinelle.dz\/index.php\/wp-json\/wp\/v2\/posts\/72830\/revisions\/72831"}],"wp:featuredmedia":[{"embeddable":true,"href":"https:\/\/lasentinelle.dz\/index.php\/wp-json\/wp\/v2\/media\/61146"}],"wp:attachment":[{"href":"https:\/\/lasentinelle.dz\/index.php\/wp-json\/wp\/v2\/media?parent=72830"}],"wp:term":[{"taxonomy":"category","embeddable":true,"href":"https:\/\/lasentinelle.dz\/index.php\/wp-json\/wp\/v2\/categories?post=72830"},{"taxonomy":"post_tag","embeddable":true,"href":"https:\/\/lasentinelle.dz\/index.php\/wp-json\/wp\/v2\/tags?post=72830"}],"curies":[{"name":"wp","href":"https:\/\/api.w.org\/{rel}","templated":true}]}}