{"id":72832,"date":"2025-09-03T13:12:40","date_gmt":"2025-09-03T12:12:40","guid":{"rendered":"https:\/\/lasentinelle.dz\/?p=72832"},"modified":"2025-09-03T13:12:40","modified_gmt":"2025-09-03T12:12:40","slug":"rentree-universitaire-a-annaba-une-commission-speciale-se-penche-sur-les-preparatifs","status":"publish","type":"post","link":"https:\/\/lasentinelle.dz\/index.php\/2025\/09\/03\/rentree-universitaire-a-annaba-une-commission-speciale-se-penche-sur-les-preparatifs\/","title":{"rendered":"Rentr\u00e9e universitaire \u00e0 Annaba\u00a0: Une commission sp\u00e9ciale se penche sur les pr\u00e9paratifs"},"content":{"rendered":"\n<p>Afin que tout soit fin-pr\u00eat pour la rentr\u00e9e universitaire 2025<sup>e<\/sup> -2026, les campus universitaires d&rsquo;Annaba font l&rsquo;objet d&rsquo;inspections approfondies.<\/p>\n\n\n\n<p>Une commission sp\u00e9ciale s&rsquo;est r\u00e9cemment d\u00e9ploy\u00e9e sur le campus de la Plaine Ouest avec pour mission le suivi des conditions d&rsquo;h\u00e9bergement des r\u00e9sidents universitaires. L&rsquo;objectif principal consiste \u00e0 s&rsquo;enqu\u00e9rir du degr\u00e9 de pr\u00e9paration des cit\u00e9s universitaires en pr\u00e9vision de la rentr\u00e9e universitaire 2025-2026. Cette d\u00e9marche r\u00e9pond au programme \u00e9tabli par la direction des affaires universitaires d&rsquo;Annaba centre, compos\u00e9e notamment de la facult\u00e9 des sciences sociales et humaines relevant de l&rsquo;universit\u00e9 Badji Mokhtar (UBM) d&rsquo;Annaba.<\/p>\n\n\n\n<p>Men\u00e9e par la doyenne de la facult\u00e9 des sciences sociales et humaines, accompagn\u00e9e du secr\u00e9taire g\u00e9n\u00e9ral et d&rsquo;autres cadres de l&rsquo;administration, cette inspection de terrain s&rsquo;inscrit dans le cadre de la coordination continue entre le d\u00e9partement et les services des \u0153uvres universitaires, afin d&rsquo;assurer un climat ad\u00e9quat aux \u00e9tudiants r\u00e9sidents du campus. La r\u00e9sidence universitaire constitue le second espace d&rsquo;\u00e9volution de l&rsquo;\u00e9tudiant apr\u00e8s les salles de cours, d&rsquo;o\u00f9 l&rsquo;importance accord\u00e9e \u00e0 ces infrastructures. Au titre de cette inspection \u00e0 la r\u00e9sidence de la Plaine Ouest, les explications n\u00e9cessaires ont \u00e9t\u00e9 fournies aux membres de la commission, notamment concernant les diverses infrastructures et les services disponibles. L&rsquo;inspection a \u00e9galement cibl\u00e9 les chambres d&rsquo;h\u00e9bergement, le restaurant universitaire ainsi que les \u00e9quipements de sant\u00e9, en plus des espaces r\u00e9serv\u00e9s aux activit\u00e9s culturelles et sportives. Les membres de la commission ont port\u00e9 leur attention sur les pr\u00e9paratifs relatifs \u00e0 l&rsquo;hygi\u00e8ne et \u00e0 l&rsquo;entretien ainsi qu&rsquo;aux mesures pr\u00e9ventives prises en pr\u00e9vision de l&rsquo;accueil des nouveaux \u00e9tudiants. Outre l&rsquo;expression de leur satisfaction quant au niveau de pr\u00e9paration et aux conditions de travail au sein du campus, les membres de la commission ont salu\u00e9 les efforts d\u00e9ploy\u00e9s par le personnel administratif et technique. N\u00e9anmoins, les \u00e9l\u00e9ments de la commission ont \u00e9galement soulign\u00e9 l&rsquo;importance de poursuivre les efforts pour une meilleure am\u00e9lioration des services, afin de surmonter les difficult\u00e9s et par cons\u00e9quent garantir aux \u00e9tudiants un environnement confortable pouvant contribuer \u00e0 les aider \u00e0 atteindre l&rsquo;excellence acad\u00e9mique et \u00e0 s&rsquo;adapter \u00e0 la vie universitaire.<\/p>\n\n\n\n<p>Il convient de noter que cette visite s&rsquo;inscrit dans une s\u00e9rie de plusieurs inspections pr\u00e9vues dans diff\u00e9rents campus universitaires relevant de la direction des services universitaires \u00e0 Annaba. Le but est le suivi du degr\u00e9 d&rsquo;engagement des administrations locales aux normes approuv\u00e9es et de s&rsquo;assurer de leur disponibilit\u00e9 \u00e0 accueillir les milliers d&rsquo;\u00e9tudiants qui vont rejoindre l&rsquo;universit\u00e9 pour l&rsquo;ann\u00e9e 2025-2026. Ces initiatives devraient contribuer \u00e0 la r\u00e9ussite de l&rsquo;int\u00e9gration des nouveaux \u00e9tudiants \u00e0 l&rsquo;universit\u00e9 d&rsquo;Annaba, en conjuguant les aspects p\u00e9dagogiques d&rsquo;une part et les conditions d&rsquo;h\u00e9bergement, de restauration et d&rsquo;accompagnement social d&rsquo;autre part, ce qui aura un impact positif sur leur parcours universitaire et professionnel.<\/p>\n\n\n\n<p>Sofia Chahine<\/p>\n","protected":false},"excerpt":{"rendered":"<p>Afin que tout soit fin-pr\u00eat pour la rentr\u00e9e universitaire 2025e -2026, les campus universitaires d&rsquo;Annaba font l&rsquo;objet d&rsquo;inspections approfondies. Une<\/p>\n","protected":false},"author":6,"featured_media":72833,"comment_status":"open","ping_status":"closed","sticky":false,"template":"","format":"standard","meta":{"colormag_page_container_layout":"default_layout","colormag_page_sidebar_layout":"default_layout","om_disable_all_campaigns":false,"_monsterinsights_skip_tracking":false,"_monsterinsights_sitenote_active":false,"_monsterinsights_sitenote_note":"","_monsterinsights_sitenote_category":0,"footnotes":"","_wpscppro_dont_share_socialmedia":false,"_wpscppro_custom_social_share_image":0,"_facebook_share_type":"default","_twitter_share_type":"default","_linkedin_share_type":"default","_pinterest_share_type":"default","_linkedin_share_type_page":"","_instagram_share_type":"default","_medium_share_type":"default","_threads_share_type":"default","_google_business_share_type":"default","_selected_social_profile":[],"_wpsp_enable_custom_social_template":false,"_wpsp_social_scheduling":{"enabled":false,"datetime":null,"platforms":[],"status":"template_only","dateOption":"today","timeOption":"now","customDays":"","customHours":"","customDate":"","customTime":"","schedulingType":"absolute"},"_wpsp_active_default_template":true},"categories":[31],"tags":[],"class_list":["post-72832","post","type-post","status-publish","format-standard","has-post-thumbnail","hentry","category-regions"],"aioseo_notices":[],"yoast_head":"<!-- This site is optimized with the Yoast SEO plugin v27.4 - https:\/\/yoast.com\/product\/yoast-seo-wordpress\/ -->\n<title>Rentr\u00e9e universitaire \u00e0 Annaba\u00a0: Une commission sp\u00e9ciale se penche sur les pr\u00e9paratifs - La Sentinelle<\/title>\n<meta name=\"robots\" content=\"index, follow, max-snippet:-1, max-image-preview:large, max-video-preview:-1\" \/>\n<link rel=\"canonical\" href=\"https:\/\/lasentinelle.dz\/index.php\/2025\/09\/03\/rentree-universitaire-a-annaba-une-commission-speciale-se-penche-sur-les-preparatifs\/\" \/>\n<meta property=\"og:locale\" content=\"fr_FR\" \/>\n<meta property=\"og:type\" content=\"article\" \/>\n<meta property=\"og:title\" content=\"Rentr\u00e9e universitaire \u00e0 Annaba\u00a0: Une commission sp\u00e9ciale se penche sur les pr\u00e9paratifs - La Sentinelle\" \/>\n<meta property=\"og:description\" content=\"Afin que tout soit fin-pr\u00eat pour la rentr\u00e9e universitaire 2025e -2026, les campus universitaires d&rsquo;Annaba font l&rsquo;objet d&rsquo;inspections approfondies. Une\" \/>\n<meta property=\"og:url\" content=\"https:\/\/lasentinelle.dz\/index.php\/2025\/09\/03\/rentree-universitaire-a-annaba-une-commission-speciale-se-penche-sur-les-preparatifs\/\" \/>\n<meta property=\"og:site_name\" content=\"La Sentinelle\" \/>\n<meta property=\"article:publisher\" content=\"https:\/\/www.facebook.com\/La-Sentinelle-104059864394773\" \/>\n<meta property=\"article:published_time\" content=\"2025-09-03T12:12:40+00:00\" \/>\n<meta property=\"og:image\" content=\"https:\/\/lasentinelle.dz\/wp-content\/uploads\/2025\/09\/residence-universitaire-annaba.jpg\" \/>\n\t<meta property=\"og:image:width\" content=\"960\" \/>\n\t<meta property=\"og:image:height\" content=\"636\" \/>\n\t<meta property=\"og:image:type\" content=\"image\/jpeg\" \/>\n<meta name=\"author\" content=\"admin\" \/>\n<meta name=\"twitter:card\" content=\"summary_large_image\" \/>\n<meta name=\"twitter:label1\" content=\"\u00c9crit par\" \/>\n\t<meta name=\"twitter:data1\" content=\"admin\" \/>\n\t<meta name=\"twitter:label2\" content=\"Dur\u00e9e de lecture estim\u00e9e\" \/>\n\t<meta name=\"twitter:data2\" content=\"3 minutes\" \/>\n<script type=\"application\/ld+json\" class=\"yoast-schema-graph\">{\"@context\":\"https:\\\/\\\/schema.org\",\"@graph\":[{\"@type\":\"Article\",\"@id\":\"https:\\\/\\\/lasentinelle.dz\\\/index.php\\\/2025\\\/09\\\/03\\\/rentree-universitaire-a-annaba-une-commission-speciale-se-penche-sur-les-preparatifs\\\/#article\",\"isPartOf\":{\"@id\":\"https:\\\/\\\/lasentinelle.dz\\\/index.php\\\/2025\\\/09\\\/03\\\/rentree-universitaire-a-annaba-une-commission-speciale-se-penche-sur-les-preparatifs\\\/\"},\"author\":{\"name\":\"admin\",\"@id\":\"https:\\\/\\\/lasentinelle.dz\\\/#\\\/schema\\\/person\\\/729ee0024f24e0b8c5ec17232f8e8b41\"},\"headline\":\"Rentr\u00e9e universitaire \u00e0 Annaba\u00a0: Une commission sp\u00e9ciale se penche sur les pr\u00e9paratifs\",\"datePublished\":\"2025-09-03T12:12:40+00:00\",\"mainEntityOfPage\":{\"@id\":\"https:\\\/\\\/lasentinelle.dz\\\/index.php\\\/2025\\\/09\\\/03\\\/rentree-universitaire-a-annaba-une-commission-speciale-se-penche-sur-les-preparatifs\\\/\"},\"wordCount\":543,\"commentCount\":0,\"publisher\":{\"@id\":\"https:\\\/\\\/lasentinelle.dz\\\/#organization\"},\"image\":{\"@id\":\"https:\\\/\\\/lasentinelle.dz\\\/index.php\\\/2025\\\/09\\\/03\\\/rentree-universitaire-a-annaba-une-commission-speciale-se-penche-sur-les-preparatifs\\\/#primaryimage\"},\"thumbnailUrl\":\"https:\\\/\\\/lasentinelle.dz\\\/wp-content\\\/uploads\\\/2025\\\/09\\\/residence-universitaire-annaba.jpg\",\"articleSection\":[\"R\u00e9gions\"],\"inLanguage\":\"fr-FR\",\"potentialAction\":[{\"@type\":\"CommentAction\",\"name\":\"Comment\",\"target\":[\"https:\\\/\\\/lasentinelle.dz\\\/index.php\\\/2025\\\/09\\\/03\\\/rentree-universitaire-a-annaba-une-commission-speciale-se-penche-sur-les-preparatifs\\\/#respond\"]}]},{\"@type\":\"WebPage\",\"@id\":\"https:\\\/\\\/lasentinelle.dz\\\/index.php\\\/2025\\\/09\\\/03\\\/rentree-universitaire-a-annaba-une-commission-speciale-se-penche-sur-les-preparatifs\\\/\",\"url\":\"https:\\\/\\\/lasentinelle.dz\\\/index.php\\\/2025\\\/09\\\/03\\\/rentree-universitaire-a-annaba-une-commission-speciale-se-penche-sur-les-preparatifs\\\/\",\"name\":\"Rentr\u00e9e universitaire \u00e0 Annaba\u00a0: Une commission sp\u00e9ciale se penche sur les pr\u00e9paratifs - La Sentinelle\",\"isPartOf\":{\"@id\":\"https:\\\/\\\/lasentinelle.dz\\\/#website\"},\"primaryImageOfPage\":{\"@id\":\"https:\\\/\\\/lasentinelle.dz\\\/index.php\\\/2025\\\/09\\\/03\\\/rentree-universitaire-a-annaba-une-commission-speciale-se-penche-sur-les-preparatifs\\\/#primaryimage\"},\"image\":{\"@id\":\"https:\\\/\\\/lasentinelle.dz\\\/index.php\\\/2025\\\/09\\\/03\\\/rentree-universitaire-a-annaba-une-commission-speciale-se-penche-sur-les-preparatifs\\\/#primaryimage\"},\"thumbnailUrl\":\"https:\\\/\\\/lasentinelle.dz\\\/wp-content\\\/uploads\\\/2025\\\/09\\\/residence-universitaire-annaba.jpg\",\"datePublished\":\"2025-09-03T12:12:40+00:00\",\"breadcrumb\":{\"@id\":\"https:\\\/\\\/lasentinelle.dz\\\/index.php\\\/2025\\\/09\\\/03\\\/rentree-universitaire-a-annaba-une-commission-speciale-se-penche-sur-les-preparatifs\\\/#breadcrumb\"},\"inLanguage\":\"fr-FR\",\"potentialAction\":[{\"@type\":\"ReadAction\",\"target\":[\"https:\\\/\\\/lasentinelle.dz\\\/index.php\\\/2025\\\/09\\\/03\\\/rentree-universitaire-a-annaba-une-commission-speciale-se-penche-sur-les-preparatifs\\\/\"]}]},{\"@type\":\"ImageObject\",\"inLanguage\":\"fr-FR\",\"@id\":\"https:\\\/\\\/lasentinelle.dz\\\/index.php\\\/2025\\\/09\\\/03\\\/rentree-universitaire-a-annaba-une-commission-speciale-se-penche-sur-les-preparatifs\\\/#primaryimage\",\"url\":\"https:\\\/\\\/lasentinelle.dz\\\/wp-content\\\/uploads\\\/2025\\\/09\\\/residence-universitaire-annaba.jpg\",\"contentUrl\":\"https:\\\/\\\/lasentinelle.dz\\\/wp-content\\\/uploads\\\/2025\\\/09\\\/residence-universitaire-annaba.jpg\",\"width\":960,\"height\":636},{\"@type\":\"BreadcrumbList\",\"@id\":\"https:\\\/\\\/lasentinelle.dz\\\/index.php\\\/2025\\\/09\\\/03\\\/rentree-universitaire-a-annaba-une-commission-speciale-se-penche-sur-les-preparatifs\\\/#breadcrumb\",\"itemListElement\":[{\"@type\":\"ListItem\",\"position\":1,\"name\":\"Accueil\",\"item\":\"https:\\\/\\\/lasentinelle.dz\\\/\"},{\"@type\":\"ListItem\",\"position\":2,\"name\":\"Rentr\u00e9e universitaire \u00e0 Annaba\u00a0: Une commission sp\u00e9ciale se penche sur les pr\u00e9paratifs\"}]},{\"@type\":\"WebSite\",\"@id\":\"https:\\\/\\\/lasentinelle.dz\\\/#website\",\"url\":\"https:\\\/\\\/lasentinelle.dz\\\/\",\"name\":\"La Sentinelle\",\"description\":\"Quotidien national d&#039;information\",\"publisher\":{\"@id\":\"https:\\\/\\\/lasentinelle.dz\\\/#organization\"},\"potentialAction\":[{\"@type\":\"SearchAction\",\"target\":{\"@type\":\"EntryPoint\",\"urlTemplate\":\"https:\\\/\\\/lasentinelle.dz\\\/?s={search_term_string}\"},\"query-input\":{\"@type\":\"PropertyValueSpecification\",\"valueRequired\":true,\"valueName\":\"search_term_string\"}}],\"inLanguage\":\"fr-FR\"},{\"@type\":\"Organization\",\"@id\":\"https:\\\/\\\/lasentinelle.dz\\\/#organization\",\"name\":\"Quotidien La Sentinelle\",\"url\":\"https:\\\/\\\/lasentinelle.dz\\\/\",\"logo\":{\"@type\":\"ImageObject\",\"inLanguage\":\"fr-FR\",\"@id\":\"https:\\\/\\\/lasentinelle.dz\\\/#\\\/schema\\\/logo\\\/image\\\/\",\"url\":\"https:\\\/\\\/lasentinelle.dz\\\/wp-content\\\/uploads\\\/2021\\\/09\\\/logo-sentinelleSLOGAN-1.png\",\"contentUrl\":\"https:\\\/\\\/lasentinelle.dz\\\/wp-content\\\/uploads\\\/2021\\\/09\\\/logo-sentinelleSLOGAN-1.png\",\"width\":615,\"height\":142,\"caption\":\"Quotidien La Sentinelle\"},\"image\":{\"@id\":\"https:\\\/\\\/lasentinelle.dz\\\/#\\\/schema\\\/logo\\\/image\\\/\"},\"sameAs\":[\"https:\\\/\\\/www.facebook.com\\\/La-Sentinelle-104059864394773\"]},{\"@type\":\"Person\",\"@id\":\"https:\\\/\\\/lasentinelle.dz\\\/#\\\/schema\\\/person\\\/729ee0024f24e0b8c5ec17232f8e8b41\",\"name\":\"admin\",\"image\":{\"@type\":\"ImageObject\",\"inLanguage\":\"fr-FR\",\"@id\":\"https:\\\/\\\/secure.gravatar.com\\\/avatar\\\/4c81fed838786e9b53f540bf46533e750f5d292099ae3b66cfc6fb1982e29df7?s=96&d=mm&r=g\",\"url\":\"https:\\\/\\\/secure.gravatar.com\\\/avatar\\\/4c81fed838786e9b53f540bf46533e750f5d292099ae3b66cfc6fb1982e29df7?s=96&d=mm&r=g\",\"contentUrl\":\"https:\\\/\\\/secure.gravatar.com\\\/avatar\\\/4c81fed838786e9b53f540bf46533e750f5d292099ae3b66cfc6fb1982e29df7?s=96&d=mm&r=g\",\"caption\":\"admin\"},\"description\":\"admin\",\"url\":\"https:\\\/\\\/lasentinelle.dz\\\/author\\\/admin\\\/\"}]}<\/script>\n<!-- \/ Yoast SEO plugin. -->","yoast_head_json":{"title":"Rentr\u00e9e universitaire \u00e0 Annaba\u00a0: Une commission sp\u00e9ciale se penche sur les pr\u00e9paratifs - La Sentinelle","robots":{"index":"index","follow":"follow","max-snippet":"max-snippet:-1","max-image-preview":"max-image-preview:large","max-video-preview":"max-video-preview:-1"},"canonical":"https:\/\/lasentinelle.dz\/index.php\/2025\/09\/03\/rentree-universitaire-a-annaba-une-commission-speciale-se-penche-sur-les-preparatifs\/","og_locale":"fr_FR","og_type":"article","og_title":"Rentr\u00e9e universitaire \u00e0 Annaba\u00a0: Une commission sp\u00e9ciale se penche sur les pr\u00e9paratifs - La Sentinelle","og_description":"Afin que tout soit fin-pr\u00eat pour la rentr\u00e9e universitaire 2025e -2026, les campus universitaires d&rsquo;Annaba font l&rsquo;objet d&rsquo;inspections approfondies. Une","og_url":"https:\/\/lasentinelle.dz\/index.php\/2025\/09\/03\/rentree-universitaire-a-annaba-une-commission-speciale-se-penche-sur-les-preparatifs\/","og_site_name":"La Sentinelle","article_publisher":"https:\/\/www.facebook.com\/La-Sentinelle-104059864394773","article_published_time":"2025-09-03T12:12:40+00:00","og_image":[{"width":960,"height":636,"url":"https:\/\/lasentinelle.dz\/wp-content\/uploads\/2025\/09\/residence-universitaire-annaba.jpg","type":"image\/jpeg"}],"author":"admin","twitter_card":"summary_large_image","twitter_misc":{"\u00c9crit par":"admin","Dur\u00e9e de lecture estim\u00e9e":"3 minutes"},"schema":{"@context":"https:\/\/schema.org","@graph":[{"@type":"Article","@id":"https:\/\/lasentinelle.dz\/index.php\/2025\/09\/03\/rentree-universitaire-a-annaba-une-commission-speciale-se-penche-sur-les-preparatifs\/#article","isPartOf":{"@id":"https:\/\/lasentinelle.dz\/index.php\/2025\/09\/03\/rentree-universitaire-a-annaba-une-commission-speciale-se-penche-sur-les-preparatifs\/"},"author":{"name":"admin","@id":"https:\/\/lasentinelle.dz\/#\/schema\/person\/729ee0024f24e0b8c5ec17232f8e8b41"},"headline":"Rentr\u00e9e universitaire \u00e0 Annaba\u00a0: Une commission sp\u00e9ciale se penche sur les pr\u00e9paratifs","datePublished":"2025-09-03T12:12:40+00:00","mainEntityOfPage":{"@id":"https:\/\/lasentinelle.dz\/index.php\/2025\/09\/03\/rentree-universitaire-a-annaba-une-commission-speciale-se-penche-sur-les-preparatifs\/"},"wordCount":543,"commentCount":0,"publisher":{"@id":"https:\/\/lasentinelle.dz\/#organization"},"image":{"@id":"https:\/\/lasentinelle.dz\/index.php\/2025\/09\/03\/rentree-universitaire-a-annaba-une-commission-speciale-se-penche-sur-les-preparatifs\/#primaryimage"},"thumbnailUrl":"https:\/\/lasentinelle.dz\/wp-content\/uploads\/2025\/09\/residence-universitaire-annaba.jpg","articleSection":["R\u00e9gions"],"inLanguage":"fr-FR","potentialAction":[{"@type":"CommentAction","name":"Comment","target":["https:\/\/lasentinelle.dz\/index.php\/2025\/09\/03\/rentree-universitaire-a-annaba-une-commission-speciale-se-penche-sur-les-preparatifs\/#respond"]}]},{"@type":"WebPage","@id":"https:\/\/lasentinelle.dz\/index.php\/2025\/09\/03\/rentree-universitaire-a-annaba-une-commission-speciale-se-penche-sur-les-preparatifs\/","url":"https:\/\/lasentinelle.dz\/index.php\/2025\/09\/03\/rentree-universitaire-a-annaba-une-commission-speciale-se-penche-sur-les-preparatifs\/","name":"Rentr\u00e9e universitaire \u00e0 Annaba\u00a0: Une commission sp\u00e9ciale se penche sur les pr\u00e9paratifs - La Sentinelle","isPartOf":{"@id":"https:\/\/lasentinelle.dz\/#website"},"primaryImageOfPage":{"@id":"https:\/\/lasentinelle.dz\/index.php\/2025\/09\/03\/rentree-universitaire-a-annaba-une-commission-speciale-se-penche-sur-les-preparatifs\/#primaryimage"},"image":{"@id":"https:\/\/lasentinelle.dz\/index.php\/2025\/09\/03\/rentree-universitaire-a-annaba-une-commission-speciale-se-penche-sur-les-preparatifs\/#primaryimage"},"thumbnailUrl":"https:\/\/lasentinelle.dz\/wp-content\/uploads\/2025\/09\/residence-universitaire-annaba.jpg","datePublished":"2025-09-03T12:12:40+00:00","breadcrumb":{"@id":"https:\/\/lasentinelle.dz\/index.php\/2025\/09\/03\/rentree-universitaire-a-annaba-une-commission-speciale-se-penche-sur-les-preparatifs\/#breadcrumb"},"inLanguage":"fr-FR","potentialAction":[{"@type":"ReadAction","target":["https:\/\/lasentinelle.dz\/index.php\/2025\/09\/03\/rentree-universitaire-a-annaba-une-commission-speciale-se-penche-sur-les-preparatifs\/"]}]},{"@type":"ImageObject","inLanguage":"fr-FR","@id":"https:\/\/lasentinelle.dz\/index.php\/2025\/09\/03\/rentree-universitaire-a-annaba-une-commission-speciale-se-penche-sur-les-preparatifs\/#primaryimage","url":"https:\/\/lasentinelle.dz\/wp-content\/uploads\/2025\/09\/residence-universitaire-annaba.jpg","contentUrl":"https:\/\/lasentinelle.dz\/wp-content\/uploads\/2025\/09\/residence-universitaire-annaba.jpg","width":960,"height":636},{"@type":"BreadcrumbList","@id":"https:\/\/lasentinelle.dz\/index.php\/2025\/09\/03\/rentree-universitaire-a-annaba-une-commission-speciale-se-penche-sur-les-preparatifs\/#breadcrumb","itemListElement":[{"@type":"ListItem","position":1,"name":"Accueil","item":"https:\/\/lasentinelle.dz\/"},{"@type":"ListItem","position":2,"name":"Rentr\u00e9e universitaire \u00e0 Annaba\u00a0: Une commission sp\u00e9ciale se penche sur les pr\u00e9paratifs"}]},{"@type":"WebSite","@id":"https:\/\/lasentinelle.dz\/#website","url":"https:\/\/lasentinelle.dz\/","name":"La Sentinelle","description":"Quotidien national d&#039;information","publisher":{"@id":"https:\/\/lasentinelle.dz\/#organization"},"potentialAction":[{"@type":"SearchAction","target":{"@type":"EntryPoint","urlTemplate":"https:\/\/lasentinelle.dz\/?s={search_term_string}"},"query-input":{"@type":"PropertyValueSpecification","valueRequired":true,"valueName":"search_term_string"}}],"inLanguage":"fr-FR"},{"@type":"Organization","@id":"https:\/\/lasentinelle.dz\/#organization","name":"Quotidien La Sentinelle","url":"https:\/\/lasentinelle.dz\/","logo":{"@type":"ImageObject","inLanguage":"fr-FR","@id":"https:\/\/lasentinelle.dz\/#\/schema\/logo\/image\/","url":"https:\/\/lasentinelle.dz\/wp-content\/uploads\/2021\/09\/logo-sentinelleSLOGAN-1.png","contentUrl":"https:\/\/lasentinelle.dz\/wp-content\/uploads\/2021\/09\/logo-sentinelleSLOGAN-1.png","width":615,"height":142,"caption":"Quotidien La Sentinelle"},"image":{"@id":"https:\/\/lasentinelle.dz\/#\/schema\/logo\/image\/"},"sameAs":["https:\/\/www.facebook.com\/La-Sentinelle-104059864394773"]},{"@type":"Person","@id":"https:\/\/lasentinelle.dz\/#\/schema\/person\/729ee0024f24e0b8c5ec17232f8e8b41","name":"admin","image":{"@type":"ImageObject","inLanguage":"fr-FR","@id":"https:\/\/secure.gravatar.com\/avatar\/4c81fed838786e9b53f540bf46533e750f5d292099ae3b66cfc6fb1982e29df7?s=96&d=mm&r=g","url":"https:\/\/secure.gravatar.com\/avatar\/4c81fed838786e9b53f540bf46533e750f5d292099ae3b66cfc6fb1982e29df7?s=96&d=mm&r=g","contentUrl":"https:\/\/secure.gravatar.com\/avatar\/4c81fed838786e9b53f540bf46533e750f5d292099ae3b66cfc6fb1982e29df7?s=96&d=mm&r=g","caption":"admin"},"description":"admin","url":"https:\/\/lasentinelle.dz\/author\/admin\/"}]}},"_links":{"self":[{"href":"https:\/\/lasentinelle.dz\/index.php\/wp-json\/wp\/v2\/posts\/72832","targetHints":{"allow":["GET"]}}],"collection":[{"href":"https:\/\/lasentinelle.dz\/index.php\/wp-json\/wp\/v2\/posts"}],"about":[{"href":"https:\/\/lasentinelle.dz\/index.php\/wp-json\/wp\/v2\/types\/post"}],"author":[{"embeddable":true,"href":"https:\/\/lasentinelle.dz\/index.php\/wp-json\/wp\/v2\/users\/6"}],"replies":[{"embeddable":true,"href":"https:\/\/lasentinelle.dz\/index.php\/wp-json\/wp\/v2\/comments?post=72832"}],"version-history":[{"count":1,"href":"https:\/\/lasentinelle.dz\/index.php\/wp-json\/wp\/v2\/posts\/72832\/revisions"}],"predecessor-version":[{"id":72834,"href":"https:\/\/lasentinelle.dz\/index.php\/wp-json\/wp\/v2\/posts\/72832\/revisions\/72834"}],"wp:featuredmedia":[{"embeddable":true,"href":"https:\/\/lasentinelle.dz\/index.php\/wp-json\/wp\/v2\/media\/72833"}],"wp:attachment":[{"href":"https:\/\/lasentinelle.dz\/index.php\/wp-json\/wp\/v2\/media?parent=72832"}],"wp:term":[{"taxonomy":"category","embeddable":true,"href":"https:\/\/lasentinelle.dz\/index.php\/wp-json\/wp\/v2\/categories?post=72832"},{"taxonomy":"post_tag","embeddable":true,"href":"https:\/\/lasentinelle.dz\/index.php\/wp-json\/wp\/v2\/tags?post=72832"}],"curies":[{"name":"wp","href":"https:\/\/api.w.org\/{rel}","templated":true}]}}